{"id":23353,"date":"2025-07-08T15:25:11","date_gmt":"2025-07-08T15:25:11","guid":{"rendered":"https:\/\/macite.tg\/?p=23353"},"modified":"2025-07-08T15:27:38","modified_gmt":"2025-07-08T15:27:38","slug":"municipales-du-17-juillet-2025-le-parti-unir-a-la-conquete-du-monde-estudiantin","status":"publish","type":"post","link":"https:\/\/macite.tg\/?p=23353","title":{"rendered":"MUNICIPALES DU 17 JUILLET 2025\u00a0: Le parti UNIR \u00e0 la conqu\u00eate du monde estudiantin"},"content":{"rendered":"\n<p class=\"wp-block-paragraph\"><strong><em>La campagne \u00e9lectorale pour les l\u00e9gislatives du 17 juillet prochain, suit son cours. Le parti Union pour la R\u00e9publique, UNIR, intensifie sa campagne de proximit\u00e9 avec une grande offensive dans les milieux estudiantins.<\/em><\/strong><\/p>\n\n\n\n<p class=\"wp-block-paragraph\">Hier lundi 07 juillet, des \u00e9missaires du parti, avec \u00e0 leur t\u00eate la Coordinatrice g\u00e9n\u00e9rale de la campagne dans le Grand Lom\u00e9, la militante Ibrahima M\u00e9mounatou, sont all\u00e9s \u00e0 la rencontre de la jeunesse estudiantine, \u00e0 travers les responsables des associations estudiantines.<\/p>\n\n\n<div class=\"wp-block-image\">\n<figure class=\"aligncenter size-full\"><img loading=\"lazy\" decoding=\"async\" width=\"851\" height=\"315\" src=\"https:\/\/macite.tg\/wp-content\/uploads\/2025\/06\/OTR_Bandeau-Renseignements-1.jpg\" alt=\"\" class=\"wp-image-23140\" srcset=\"https:\/\/macite.tg\/wp-content\/uploads\/2025\/06\/OTR_Bandeau-Renseignements-1.jpg 851w, https:\/\/macite.tg\/wp-content\/uploads\/2025\/06\/OTR_Bandeau-Renseignements-1-300x111.jpg 300w, https:\/\/macite.tg\/wp-content\/uploads\/2025\/06\/OTR_Bandeau-Renseignements-1-768x284.jpg 768w\" sizes=\"auto, (max-width: 851px) 100vw, 851px\" \/><\/figure>\n<\/div>\n\n\n<p class=\"wp-block-paragraph\">Lors de cette rencontre cibl\u00e9e organis\u00e9e au si\u00e8ge du parti, le message portait sur les enjeux des prochaines joutes \u00e9lectorales, qui auront lieu le 17 juillet 2025 pr\u00e9cis\u00e9ment.<\/p>\n\n\n\n<p class=\"wp-block-paragraph\">Une occasion pour la d\u00e9l\u00e9gation UNIR de pr\u00e9senter aux futurs leaders, les raisons d\u2019accorder leur confiance aux listes du parti UNIR.<\/p>\n\n\n\n<p class=\"wp-block-paragraph\"><em>\u00ab (\u2026)&nbsp;Nous avons \u00e9chang\u00e9 avec eux sur l\u2019importance de pr\u00e9server et de valoriser la paix dont nous jouissons. D\u2019abord, nous leur avons expliqu\u00e9 l\u2019enjeu de ces \u00e9lections municipales. Ensuite, les raisons pour lesquelles ils devraient accorder leur confiance aux listes du parti UNIR \u00bb,<\/em> a d\u00e9clar\u00e9 la militante Ibrahima M\u00e9mounatou, avant d\u2019ajouter&nbsp;: <em>\u00ab&nbsp;Nous leur avons \u00e9galement pr\u00e9sent\u00e9 en d\u00e9tail les nombreuses actions positives du Pr\u00e9sident du Conseil, Son Excellence Monsieur Faure Essozimna Gnassingb\u00e9, en faveur de la jeunesse en g\u00e9n\u00e9ral, et des \u00e9tudiants en particulier&nbsp;\u00bb.<\/em><\/p>\n\n\n\n<p class=\"wp-block-paragraph\">Notons que lors de cette rencontre strat\u00e9gique, la militante Ibrahima M\u00e9mounatou \u00e9tait entour\u00e9e de gros calibres du parti, notamment les militants Pascal Bodjona, Gilbert Bawara, Kanka-Malik Natchaba, ou encore Mazamesso Assih et autres.<\/p>\n\n\n<div class=\"wp-block-image\">\n<figure class=\"aligncenter size-large is-resized\"><img loading=\"lazy\" decoding=\"async\" width=\"724\" height=\"1024\" src=\"https:\/\/macite.tg\/wp-content\/uploads\/2025\/07\/a6d3da27-4f83-4915-bc4c-3433316219fc-724x1024.jpg\" alt=\"\" class=\"wp-image-23223\" style=\"width:628px;height:auto\" srcset=\"https:\/\/macite.tg\/wp-content\/uploads\/2025\/07\/a6d3da27-4f83-4915-bc4c-3433316219fc-724x1024.jpg 724w, https:\/\/macite.tg\/wp-content\/uploads\/2025\/07\/a6d3da27-4f83-4915-bc4c-3433316219fc-212x300.jpg 212w, https:\/\/macite.tg\/wp-content\/uploads\/2025\/07\/a6d3da27-4f83-4915-bc4c-3433316219fc-768x1086.jpg 768w, https:\/\/macite.tg\/wp-content\/uploads\/2025\/07\/a6d3da27-4f83-4915-bc4c-3433316219fc-1087x1536.jpg 1087w, https:\/\/macite.tg\/wp-content\/uploads\/2025\/07\/a6d3da27-4f83-4915-bc4c-3433316219fc.jpg 1132w\" sizes=\"auto, (max-width: 724px) 100vw, 724px\" \/><\/figure>\n<\/div>\n\n\n<p class=\"wp-block-paragraph\">Rappelons que la campagne \u00e9lectorale prend fin le 15 juillet prochain \u00e0 23heures 59 minutes. L\u2019\u00e9lection est pr\u00e9vue se d\u00e9rouler le 17 juillet 2025.<\/p>\n\n\n\n<p class=\"wp-block-paragraph\"><strong>Mab\u00e9 B.<br><\/strong><a><strong><em>@macite.tg&nbsp;&nbsp;&nbsp;&nbsp;&nbsp;&nbsp;&nbsp;&nbsp;<\/em><\/strong><\/a><\/p>\n\n\n\n<p class=\"wp-block-paragraph\"><strong><em>E-mail&nbsp;: <\/em><\/strong><a href=\"mailto:maciteinfo@gmail.com\"><strong><em>maciteinfo@gmail.com<\/em><\/strong><\/a><strong><em>; <\/em><\/strong><a href=\"mailto:bawela1@gmail.com\"><strong><em>bawela1@gmail.com<\/em><\/strong><\/a><strong><em><\/em><\/strong><\/p>\n\n\n\n<p class=\"wp-block-paragraph\"><strong><em>Pour vos annonces, (publi)reportages, etc., joignez-nous au (00228)91515309\/<strong>79872224 <\/strong>www.macite.tg, L\u2019information, la bonne&nbsp;!<\/em><\/strong><\/p>\n\n\n\n<p class=\"wp-block-paragraph\"><a href=\"https:\/\/unir.tg\/wp-content\/uploads\/2025\/07\/WhatsApp-Image-2025-07-08-at-10.24.25.jpeg\"><br><\/a><\/p>\n\n\n\n<p class=\"wp-block-paragraph\"><\/p>\n","protected":false},"excerpt":{"rendered":"<p class=\"text-justify mb-2\" >La campagne \u00e9lectorale pour les l\u00e9gislatives du 17 juillet prochain, suit son cours. Le parti Union pour la R\u00e9publique, UNIR, intensifie sa campagne de proximit\u00e9 avec une grande offensive dans les milieux estudiantins. Hier lundi 07 juillet, des \u00e9missaires du parti, avec \u00e0 leur t\u00eate [&hellip;]<\/p>\n","protected":false},"author":2,"featured_media":23357,"comment_status":"open","ping_status":"open","sticky":false,"template":"","format":"standard","meta":{"footnotes":""},"categories":[20,1],"tags":[],"class_list":["post-23353","post","type-post","status-publish","format-standard","has-post-thumbnail","hentry","category-actualite","category-politique"],"yoast_head":"<!-- This site is optimized with the Yoast SEO plugin v28.4 - https:\/\/yoast.com\/product\/yoast-seo-wordpress\/ -->\n<title>MUNICIPALES DU 17 JUILLET 2025\u00a0: Le parti UNIR \u00e0 la conqu\u00eate du monde estudiantin -<\/title>\n<meta name=\"robots\" content=\"index, follow, max-snippet:-1, max-image-preview:large, max-video-preview:-1\" \/>\n<link rel=\"canonical\" href=\"https:\/\/macite.tg\/?p=23353\" \/>\n<meta property=\"og:locale\" content=\"fr_FR\" \/>\n<meta property=\"og:type\" content=\"article\" \/>\n<meta property=\"og:title\" content=\"MUNICIPALES DU 17 JUILLET 2025\u00a0: Le parti UNIR \u00e0 la conqu\u00eate du monde estudiantin -\" \/>\n<meta property=\"og:description\" content=\"La campagne \u00e9lectorale pour les l\u00e9gislatives du 17 juillet prochain, suit son cours. Le parti Union pour la R\u00e9publique, UNIR, intensifie sa campagne de proximit\u00e9 avec une grande offensive dans les milieux estudiantins. Hier lundi 07 juillet, des \u00e9missaires du parti, avec \u00e0 leur t\u00eate [&hellip;]\" \/>\n<meta property=\"og:url\" content=\"https:\/\/macite.tg\/?p=23353\" \/>\n<meta property=\"article:published_time\" content=\"2025-07-08T15:25:11+00:00\" \/>\n<meta property=\"article:modified_time\" content=\"2025-07-08T15:27:38+00:00\" \/>\n<meta property=\"og:image\" content=\"https:\/\/macite.tg\/wp-content\/uploads\/2025\/07\/Unir-etudiant.jpg\" \/>\n\t<meta property=\"og:image:width\" content=\"500\" \/>\n\t<meta property=\"og:image:height\" content=\"293\" \/>\n\t<meta property=\"og:image:type\" content=\"image\/jpeg\" \/>\n<meta name=\"author\" content=\"Jean Pierre BAWELA\" \/>\n<meta name=\"twitter:card\" content=\"summary_large_image\" \/>\n<meta name=\"twitter:label1\" content=\"\u00c9crit par\" \/>\n\t<meta name=\"twitter:data1\" content=\"Jean Pierre BAWELA\" \/>\n\t<meta name=\"twitter:label2\" content=\"Dur\u00e9e de lecture estim\u00e9e\" \/>\n\t<meta name=\"twitter:data2\" content=\"3 minutes\" \/>\n<script type=\"application\/ld+json\" class=\"yoast-schema-graph\">{\"@context\":\"https:\\\/\\\/schema.org\",\"@graph\":[{\"@type\":\"Article\",\"@id\":\"https:\\\/\\\/macite.tg\\\/?p=23353#article\",\"isPartOf\":{\"@id\":\"https:\\\/\\\/macite.tg\\\/?p=23353\"},\"author\":{\"name\":\"Jean Pierre BAWELA\",\"@id\":\"https:\\\/\\\/macite.tg\\\/#\\\/schema\\\/person\\\/e9f2de7e5dbbe7770a9402c7ce82f5c2\"},\"headline\":\"MUNICIPALES DU 17 JUILLET 2025\u00a0: Le parti UNIR \u00e0 la conqu\u00eate du monde estudiantin\",\"datePublished\":\"2025-07-08T15:25:11+00:00\",\"dateModified\":\"2025-07-08T15:27:38+00:00\",\"mainEntityOfPage\":{\"@id\":\"https:\\\/\\\/macite.tg\\\/?p=23353\"},\"wordCount\":338,\"commentCount\":0,\"image\":{\"@id\":\"https:\\\/\\\/macite.tg\\\/?p=23353#primaryimage\"},\"thumbnailUrl\":\"https:\\\/\\\/macite.tg\\\/wp-content\\\/uploads\\\/2025\\\/07\\\/Unir-etudiant.jpg\",\"articleSection\":[\"ACTUALITE\",\"POLITIQUE\"],\"inLanguage\":\"fr-FR\",\"potentialAction\":[{\"@type\":\"CommentAction\",\"name\":\"Comment\",\"target\":[\"https:\\\/\\\/macite.tg\\\/?p=23353#respond\"]}]},{\"@type\":\"WebPage\",\"@id\":\"https:\\\/\\\/macite.tg\\\/?p=23353\",\"url\":\"https:\\\/\\\/macite.tg\\\/?p=23353\",\"name\":\"MUNICIPALES DU 17 JUILLET 2025\u00a0: Le parti UNIR \u00e0 la conqu\u00eate du monde estudiantin -\",\"isPartOf\":{\"@id\":\"https:\\\/\\\/macite.tg\\\/#website\"},\"primaryImageOfPage\":{\"@id\":\"https:\\\/\\\/macite.tg\\\/?p=23353#primaryimage\"},\"image\":{\"@id\":\"https:\\\/\\\/macite.tg\\\/?p=23353#primaryimage\"},\"thumbnailUrl\":\"https:\\\/\\\/macite.tg\\\/wp-content\\\/uploads\\\/2025\\\/07\\\/Unir-etudiant.jpg\",\"datePublished\":\"2025-07-08T15:25:11+00:00\",\"dateModified\":\"2025-07-08T15:27:38+00:00\",\"author\":{\"@id\":\"https:\\\/\\\/macite.tg\\\/#\\\/schema\\\/person\\\/e9f2de7e5dbbe7770a9402c7ce82f5c2\"},\"breadcrumb\":{\"@id\":\"https:\\\/\\\/macite.tg\\\/?p=23353#breadcrumb\"},\"inLanguage\":\"fr-FR\",\"potentialAction\":[{\"@type\":\"ReadAction\",\"target\":[\"https:\\\/\\\/macite.tg\\\/?p=23353\"]}]},{\"@type\":\"ImageObject\",\"inLanguage\":\"fr-FR\",\"@id\":\"https:\\\/\\\/macite.tg\\\/?p=23353#primaryimage\",\"url\":\"https:\\\/\\\/macite.tg\\\/wp-content\\\/uploads\\\/2025\\\/07\\\/Unir-etudiant.jpg\",\"contentUrl\":\"https:\\\/\\\/macite.tg\\\/wp-content\\\/uploads\\\/2025\\\/07\\\/Unir-etudiant.jpg\",\"width\":500,\"height\":293},{\"@type\":\"BreadcrumbList\",\"@id\":\"https:\\\/\\\/macite.tg\\\/?p=23353#breadcrumb\",\"itemListElement\":[{\"@type\":\"ListItem\",\"position\":1,\"name\":\"Accueil\",\"item\":\"https:\\\/\\\/macite.tg\\\/\"},{\"@type\":\"ListItem\",\"position\":2,\"name\":\"MUNICIPALES DU 17 JUILLET 2025\u00a0: Le parti UNIR \u00e0 la conqu\u00eate du monde estudiantin\"}]},{\"@type\":\"WebSite\",\"@id\":\"https:\\\/\\\/macite.tg\\\/#website\",\"url\":\"https:\\\/\\\/macite.tg\\\/\",\"name\":\"\",\"description\":\"L&#039;information, la bonne!!!\",\"potentialAction\":[{\"@type\":\"SearchAction\",\"target\":{\"@type\":\"EntryPoint\",\"urlTemplate\":\"https:\\\/\\\/macite.tg\\\/?s={search_term_string}\"},\"query-input\":{\"@type\":\"PropertyValueSpecification\",\"valueRequired\":true,\"valueName\":\"search_term_string\"}}],\"inLanguage\":\"fr-FR\"},{\"@type\":\"Person\",\"@id\":\"https:\\\/\\\/macite.tg\\\/#\\\/schema\\\/person\\\/e9f2de7e5dbbe7770a9402c7ce82f5c2\",\"name\":\"Jean Pierre BAWELA\",\"image\":{\"@type\":\"ImageObject\",\"inLanguage\":\"fr-FR\",\"@id\":\"https:\\\/\\\/macite.tg\\\/wp-content\\\/uploads\\\/2023\\\/09\\\/WhatsApp-Image-2023-09-19-at-14.44.41-122x122.jpeg\",\"url\":\"https:\\\/\\\/macite.tg\\\/wp-content\\\/uploads\\\/2023\\\/09\\\/WhatsApp-Image-2023-09-19-at-14.44.41-122x122.jpeg\",\"contentUrl\":\"https:\\\/\\\/macite.tg\\\/wp-content\\\/uploads\\\/2023\\\/09\\\/WhatsApp-Image-2023-09-19-at-14.44.41-122x122.jpeg\",\"caption\":\"Jean Pierre BAWELA\"},\"url\":\"https:\\\/\\\/macite.tg\\\/?author=2\"}]}<\/script>\n<!-- \/ Yoast SEO plugin. -->","yoast_head_json":{"title":"MUNICIPALES DU 17 JUILLET 2025\u00a0: Le parti UNIR \u00e0 la conqu\u00eate du monde estudiantin -","robots":{"index":"index","follow":"follow","max-snippet":"max-snippet:-1","max-image-preview":"max-image-preview:large","max-video-preview":"max-video-preview:-1"},"canonical":"https:\/\/macite.tg\/?p=23353","og_locale":"fr_FR","og_type":"article","og_title":"MUNICIPALES DU 17 JUILLET 2025\u00a0: Le parti UNIR \u00e0 la conqu\u00eate du monde estudiantin -","og_description":"La campagne \u00e9lectorale pour les l\u00e9gislatives du 17 juillet prochain, suit son cours. Le parti Union pour la R\u00e9publique, UNIR, intensifie sa campagne de proximit\u00e9 avec une grande offensive dans les milieux estudiantins. Hier lundi 07 juillet, des \u00e9missaires du parti, avec \u00e0 leur t\u00eate [&hellip;]","og_url":"https:\/\/macite.tg\/?p=23353","article_published_time":"2025-07-08T15:25:11+00:00","article_modified_time":"2025-07-08T15:27:38+00:00","og_image":[{"width":500,"height":293,"url":"https:\/\/macite.tg\/wp-content\/uploads\/2025\/07\/Unir-etudiant.jpg","type":"image\/jpeg"}],"author":"Jean Pierre BAWELA","twitter_card":"summary_large_image","twitter_misc":{"\u00c9crit par":"Jean Pierre BAWELA","Dur\u00e9e de lecture estim\u00e9e":"3 minutes"},"schema":{"@context":"https:\/\/schema.org","@graph":[{"@type":"Article","@id":"https:\/\/macite.tg\/?p=23353#article","isPartOf":{"@id":"https:\/\/macite.tg\/?p=23353"},"author":{"name":"Jean Pierre BAWELA","@id":"https:\/\/macite.tg\/#\/schema\/person\/e9f2de7e5dbbe7770a9402c7ce82f5c2"},"headline":"MUNICIPALES DU 17 JUILLET 2025\u00a0: Le parti UNIR \u00e0 la conqu\u00eate du monde estudiantin","datePublished":"2025-07-08T15:25:11+00:00","dateModified":"2025-07-08T15:27:38+00:00","mainEntityOfPage":{"@id":"https:\/\/macite.tg\/?p=23353"},"wordCount":338,"commentCount":0,"image":{"@id":"https:\/\/macite.tg\/?p=23353#primaryimage"},"thumbnailUrl":"https:\/\/macite.tg\/wp-content\/uploads\/2025\/07\/Unir-etudiant.jpg","articleSection":["ACTUALITE","POLITIQUE"],"inLanguage":"fr-FR","potentialAction":[{"@type":"CommentAction","name":"Comment","target":["https:\/\/macite.tg\/?p=23353#respond"]}]},{"@type":"WebPage","@id":"https:\/\/macite.tg\/?p=23353","url":"https:\/\/macite.tg\/?p=23353","name":"MUNICIPALES DU 17 JUILLET 2025\u00a0: Le parti UNIR \u00e0 la conqu\u00eate du monde estudiantin -","isPartOf":{"@id":"https:\/\/macite.tg\/#website"},"primaryImageOfPage":{"@id":"https:\/\/macite.tg\/?p=23353#primaryimage"},"image":{"@id":"https:\/\/macite.tg\/?p=23353#primaryimage"},"thumbnailUrl":"https:\/\/macite.tg\/wp-content\/uploads\/2025\/07\/Unir-etudiant.jpg","datePublished":"2025-07-08T15:25:11+00:00","dateModified":"2025-07-08T15:27:38+00:00","author":{"@id":"https:\/\/macite.tg\/#\/schema\/person\/e9f2de7e5dbbe7770a9402c7ce82f5c2"},"breadcrumb":{"@id":"https:\/\/macite.tg\/?p=23353#breadcrumb"},"inLanguage":"fr-FR","potentialAction":[{"@type":"ReadAction","target":["https:\/\/macite.tg\/?p=23353"]}]},{"@type":"ImageObject","inLanguage":"fr-FR","@id":"https:\/\/macite.tg\/?p=23353#primaryimage","url":"https:\/\/macite.tg\/wp-content\/uploads\/2025\/07\/Unir-etudiant.jpg","contentUrl":"https:\/\/macite.tg\/wp-content\/uploads\/2025\/07\/Unir-etudiant.jpg","width":500,"height":293},{"@type":"BreadcrumbList","@id":"https:\/\/macite.tg\/?p=23353#breadcrumb","itemListElement":[{"@type":"ListItem","position":1,"name":"Accueil","item":"https:\/\/macite.tg\/"},{"@type":"ListItem","position":2,"name":"MUNICIPALES DU 17 JUILLET 2025\u00a0: Le parti UNIR \u00e0 la conqu\u00eate du monde estudiantin"}]},{"@type":"WebSite","@id":"https:\/\/macite.tg\/#website","url":"https:\/\/macite.tg\/","name":"","description":"L&#039;information, la bonne!!!","potentialAction":[{"@type":"SearchAction","target":{"@type":"EntryPoint","urlTemplate":"https:\/\/macite.tg\/?s={search_term_string}"},"query-input":{"@type":"PropertyValueSpecification","valueRequired":true,"valueName":"search_term_string"}}],"inLanguage":"fr-FR"},{"@type":"Person","@id":"https:\/\/macite.tg\/#\/schema\/person\/e9f2de7e5dbbe7770a9402c7ce82f5c2","name":"Jean Pierre BAWELA","image":{"@type":"ImageObject","inLanguage":"fr-FR","@id":"https:\/\/macite.tg\/wp-content\/uploads\/2023\/09\/WhatsApp-Image-2023-09-19-at-14.44.41-122x122.jpeg","url":"https:\/\/macite.tg\/wp-content\/uploads\/2023\/09\/WhatsApp-Image-2023-09-19-at-14.44.41-122x122.jpeg","contentUrl":"https:\/\/macite.tg\/wp-content\/uploads\/2023\/09\/WhatsApp-Image-2023-09-19-at-14.44.41-122x122.jpeg","caption":"Jean Pierre BAWELA"},"url":"https:\/\/macite.tg\/?author=2"}]}},"_links":{"self":[{"href":"https:\/\/macite.tg\/index.php?rest_route=\/wp\/v2\/posts\/23353","targetHints":{"allow":["GET"]}}],"collection":[{"href":"https:\/\/macite.tg\/index.php?rest_route=\/wp\/v2\/posts"}],"about":[{"href":"https:\/\/macite.tg\/index.php?rest_route=\/wp\/v2\/types\/post"}],"author":[{"embeddable":true,"href":"https:\/\/macite.tg\/index.php?rest_route=\/wp\/v2\/users\/2"}],"replies":[{"embeddable":true,"href":"https:\/\/macite.tg\/index.php?rest_route=%2Fwp%2Fv2%2Fcomments&post=23353"}],"version-history":[{"count":0,"href":"https:\/\/macite.tg\/index.php?rest_route=\/wp\/v2\/posts\/23353\/revisions"}],"wp:featuredmedia":[{"embeddable":true,"href":"https:\/\/macite.tg\/index.php?rest_route=\/wp\/v2\/media\/23357"}],"wp:attachment":[{"href":"https:\/\/macite.tg\/index.php?rest_route=%2Fwp%2Fv2%2Fmedia&parent=23353"}],"wp:term":[{"taxonomy":"category","embeddable":true,"href":"https:\/\/macite.tg\/index.php?rest_route=%2Fwp%2Fv2%2Fcategories&post=23353"},{"taxonomy":"post_tag","embeddable":true,"href":"https:\/\/macite.tg\/index.php?rest_route=%2Fwp%2Fv2%2Ftags&post=23353"}],"curies":[{"name":"wp","href":"https:\/\/api.w.org\/{rel}","templated":true}]}}