{"id":23350,"date":"2025-07-08T12:40:42","date_gmt":"2025-07-08T12:40:42","guid":{"rendered":"https:\/\/macite.tg\/?p=23350"},"modified":"2025-07-08T12:40:47","modified_gmt":"2025-07-08T12:40:47","slug":"systemes-agro-sylvo-pastoraux-et-halieutiques-des-journalistes-de-lafrique-de-louest-et-du-sahel-engages-pour-le-renouveau-dudit-secteur","status":"publish","type":"post","link":"https:\/\/macite.tg\/?p=23350","title":{"rendered":"SYSTEMES AGRO-SYLVO-PASTORAUX ET HALIEUTIQUES\u00a0: Des journalistes de l\u2019Afrique de l\u2019Ouest et du Sahel engag\u00e9s pour le renouveau dudit secteur"},"content":{"rendered":"\n<p class=\"wp-block-paragraph\"><strong><em>Du 03 au 04 juillet dernier, une cinquantaine d\u2019acteurs de m\u00e9dias de l\u2019Afrique de l\u2019Ouest et du Sahel \u00e9taient en assembl\u00e9e g\u00e9n\u00e9rale constitutive, dans la capitale togolaise autour du th\u00e8me \u00ab&nbsp;Syst\u00e8mes agro-sylvo-pastoraux et halieutiques, leviers du d\u00e9veloppement \u00e9conomique : r\u00f4le et accompagnement des M\u00e9dias&nbsp;\u00bb. A l\u2019issue des travaux, une nouvelle association a \u00e9t\u00e9 porte sur les fonts baptismaux avec pour objectif, notamment assurer un meilleur \u00e9clat d<\/em><\/strong><strong><em>es fili\u00e8res agro-sylvo-pastorales et halieutiques, socles des \u00e9conomie nationales des pays de la sous-r\u00e9gion, et partant \u0153uvrer \u00e0 garantir une v\u00e9ritable prosp\u00e9rit\u00e9 \u00e9conomique aux populations de la sous-r\u00e9gion afin que ces derni\u00e8res en profitent pleinement pour leur plein \u00e9panouissement.&nbsp;<\/em><\/strong><\/p>\n\n\n\n<p class=\"wp-block-paragraph\">Convaincus que les syst\u00e8mes agro-sylvo-pastoraux et halieutiques sont un facteur de d\u00e9veloppement et qu\u2019ils cr\u00e9ent des emplois, contribuent \u00e0 la lutte contre le ch\u00f4mage, notamment des jeunes, tout en participant \u00e0 la lutte contre la pauvret\u00e9 et dans l\u2019optique de soutenir durablement la croissance \u00e9conomique des pays de la sous-r\u00e9gion, il \u00e9tait n\u00e9cessaire pour les acteurs des m\u00e9dias des pays de l\u2019Afrique de l\u2019Ouest et du Sahel de mettre en commun leurs comp\u00e9tences pour booster les activit\u00e9s dudit secteur.<\/p>\n\n\n<div class=\"wp-block-image\">\n<figure class=\"aligncenter size-large is-resized\"><img loading=\"lazy\" decoding=\"async\" width=\"724\" height=\"1024\" src=\"https:\/\/macite.tg\/wp-content\/uploads\/2025\/07\/a6d3da27-4f83-4915-bc4c-3433316219fc-724x1024.jpg\" alt=\"\" class=\"wp-image-23223\" style=\"width:614px;height:auto\" srcset=\"https:\/\/macite.tg\/wp-content\/uploads\/2025\/07\/a6d3da27-4f83-4915-bc4c-3433316219fc-724x1024.jpg 724w, https:\/\/macite.tg\/wp-content\/uploads\/2025\/07\/a6d3da27-4f83-4915-bc4c-3433316219fc-212x300.jpg 212w, https:\/\/macite.tg\/wp-content\/uploads\/2025\/07\/a6d3da27-4f83-4915-bc4c-3433316219fc-768x1086.jpg 768w, https:\/\/macite.tg\/wp-content\/uploads\/2025\/07\/a6d3da27-4f83-4915-bc4c-3433316219fc-1087x1536.jpg 1087w, https:\/\/macite.tg\/wp-content\/uploads\/2025\/07\/a6d3da27-4f83-4915-bc4c-3433316219fc.jpg 1132w\" sizes=\"auto, (max-width: 724px) 100vw, 724px\" \/><\/figure>\n<\/div>\n\n\n<p class=\"wp-block-paragraph\">Ainsi, quatre communications ont permis de faire un \u00e9tat des lieux de la situation qui pr\u00e9vaut dans la sous-r\u00e9gion, expliqu\u00e9es les attentes aux participants. Il s\u2019agit de&nbsp;:<\/p>\n\n\n\n<p class=\"wp-block-paragraph\">&#8211; <em>\u00ab&nbsp;Enjeux et d\u00e9fis de la s\u00e9curit\u00e9 alimentaire et nutritionnelle en Afrique de l\u2019Ouest au cours des 50 ans de vie de la Communaut\u00e9&nbsp;\u00bb,<\/em> th\u00e8me d\u00e9velopp\u00e9 par le Charg\u00e9 du Programme d&rsquo;appui \u00e0 la commercialisation du b\u00e9tail et de la viande en Afrique de l&rsquo;Ouest (PACBAO), et expert de l\u2019Agence R\u00e9gionale pour l\u2019Agriculture et l\u2019Alimentation (ARAA), Fousseni Ouattara&nbsp;;<\/p>\n\n\n\n<p class=\"wp-block-paragraph\">&#8211; <em>\u00ab&nbsp;Place de la p\u00eache et de l\u2019aquaculture dans les \u00e9conomies nationales&nbsp;\u00bb,<\/em> le th\u00e8me de la seconde communication d\u00e9cortiqu\u00e9e par Dr Fabrice P\u2019ham Beigue Allfa, chef division des p\u00eaches \u00e0 la Direction des productions halieutiques (DPH\/MRHART);<\/p>\n\n\n<div class=\"wp-block-image\">\n<figure class=\"aligncenter size-full\"><img loading=\"lazy\" decoding=\"async\" width=\"851\" height=\"315\" src=\"https:\/\/macite.tg\/wp-content\/uploads\/2025\/06\/OTR_Bandeau-Renseignements-1.jpg\" alt=\"\" class=\"wp-image-23140\" srcset=\"https:\/\/macite.tg\/wp-content\/uploads\/2025\/06\/OTR_Bandeau-Renseignements-1.jpg 851w, https:\/\/macite.tg\/wp-content\/uploads\/2025\/06\/OTR_Bandeau-Renseignements-1-300x111.jpg 300w, https:\/\/macite.tg\/wp-content\/uploads\/2025\/06\/OTR_Bandeau-Renseignements-1-768x284.jpg 768w\" sizes=\"auto, (max-width: 851px) 100vw, 851px\" \/><\/figure>\n<\/div>\n\n\n<p class=\"wp-block-paragraph\">&#8211; <em>\u00ab&nbsp;Commerce transfrontalier (CT) des produits agro-sylvo-pastoraux et halieutiques (ASPH) et d\u00e9veloppement socio-\u00e9conomique en Afrique de l\u2019Ouest et au Sahel&nbsp;\u00bb,<\/em> pr\u00e9sent\u00e9e par M. Anani Emile Agbovi, Responsable administratif de l\u2019AOCTAH (Association Ouest-Africaine du Commerce Transfrontalier des produits Alimentaires Agro-sylvo-pastoraux et Halieutiques)&nbsp;;<\/p>\n\n\n\n<p class=\"wp-block-paragraph\">&#8211; et <em>\u00ab&nbsp;Les syst\u00e8mes agro-sylvo-pastoraux et halieutiques leviers du d\u00e9veloppement \u00e9conomique, r\u00f4le et accompagnement des m\u00e9dias&nbsp;\u00bb,<\/em> est le th\u00e8me de la quatri\u00e8me communication d\u00e9veloppement le Consultant Gilbert Bakirw\u00e9na.<\/p>\n\n\n\n<p class=\"wp-block-paragraph\">Le clou de cette assembl\u00e9e g\u00e9n\u00e9rale constitutive a \u00e9t\u00e9 l\u2019\u00e9tude et l\u2019adoption des textes puis l\u2019\u00e9lection du tout premier bureau du ReJPAH-AOS, compos\u00e9 de neuf membres, dirig\u00e9 par le confr\u00e8res Giles Podjoley pour un mandat de cinq ans, renouvelable une fois.<\/p>\n\n\n<div class=\"wp-block-image\">\n<figure class=\"aligncenter size-large is-resized\"><img loading=\"lazy\" decoding=\"async\" width=\"731\" height=\"1024\" src=\"https:\/\/macite.tg\/wp-content\/uploads\/2025\/07\/12ced37c-0291-4b27-a6d8-6588135ffd3a-731x1024.jpg\" alt=\"\" class=\"wp-image-23222\" style=\"width:587px;height:auto\" srcset=\"https:\/\/macite.tg\/wp-content\/uploads\/2025\/07\/12ced37c-0291-4b27-a6d8-6588135ffd3a-731x1024.jpg 731w, https:\/\/macite.tg\/wp-content\/uploads\/2025\/07\/12ced37c-0291-4b27-a6d8-6588135ffd3a-214x300.jpg 214w, https:\/\/macite.tg\/wp-content\/uploads\/2025\/07\/12ced37c-0291-4b27-a6d8-6588135ffd3a-768x1076.jpg 768w, https:\/\/macite.tg\/wp-content\/uploads\/2025\/07\/12ced37c-0291-4b27-a6d8-6588135ffd3a-1096x1536.jpg 1096w, https:\/\/macite.tg\/wp-content\/uploads\/2025\/07\/12ced37c-0291-4b27-a6d8-6588135ffd3a.jpg 1142w\" sizes=\"auto, (max-width: 731px) 100vw, 731px\" \/><\/figure>\n<\/div>\n\n\n<p class=\"wp-block-paragraph\">Le nouveau bureau devra, entre autre, \u0153uvrer, aux c\u00f4t\u00e9s des Partenaires et des Etats, \u00e0 am\u00e9liorer la r\u00e9silience des syst\u00e8mes agricoles, renforcer la s\u00e9curit\u00e9 alimentaire et contribuer contre l\u2019immigration irr\u00e9guli\u00e8re en Afrique de l\u2019Ouest et au Sahel&nbsp;; permettre aux populations, et particuli\u00e8rement aux acteurs du monde rural d\u2019avoir acc\u00e8s aux informations sur les diff\u00e9rents projets initi\u00e9s \u00e0 leur endroit&nbsp;; s\u2019investir dans la promotion du commerce des produits alimentaires agro-sylvo-pastoraux et halieutiques&nbsp;;\u2026, a soulign\u00e9 le pr\u00e9sident nouvellement lu.<\/p>\n\n\n\n<p class=\"wp-block-paragraph\"><strong>JPB<\/strong><\/p>\n\n\n\n<p class=\"wp-block-paragraph\"><a><strong><em>@macite.tg&nbsp;&nbsp;&nbsp;&nbsp;&nbsp;&nbsp;&nbsp;&nbsp;<\/em><\/strong><\/a><\/p>\n\n\n\n<p class=\"wp-block-paragraph\"><strong><em>E-mail&nbsp;: <\/em><\/strong><a href=\"mailto:maciteinfo@gmail.com\"><strong><em>maciteinfo@gmail.com<\/em><\/strong><\/a><strong><em>; <\/em><\/strong><a href=\"mailto:bawela1@gmail.com\"><strong><em>bawela1@gmail.com<\/em><\/strong><\/a><strong><em><\/em><\/strong><\/p>\n\n\n\n<p class=\"wp-block-paragraph\"><strong><em>Pour vos annonces, (publi)reportages, etc., joignez-nous au (00228)91515309\/<strong>79872224 <\/strong>www.macite.tg, L\u2019information, la bonne&nbsp;!<\/em><\/strong><\/p>\n\n\n\n<p class=\"wp-block-paragraph\"><\/p>\n","protected":false},"excerpt":{"rendered":"<p class=\"text-justify mb-2\" >Du 03 au 04 juillet dernier, une cinquantaine d\u2019acteurs de m\u00e9dias de l\u2019Afrique de l\u2019Ouest et du Sahel \u00e9taient en assembl\u00e9e g\u00e9n\u00e9rale constitutive, dans la capitale togolaise autour du th\u00e8me \u00ab&nbsp;Syst\u00e8mes agro-sylvo-pastoraux et halieutiques, leviers du d\u00e9veloppement \u00e9conomique : r\u00f4le et accompagnement des M\u00e9dias&nbsp;\u00bb. A [&hellip;]<\/p>\n","protected":false},"author":2,"featured_media":23351,"comment_status":"open","ping_status":"open","sticky":false,"template":"","format":"standard","meta":{"footnotes":""},"categories":[20,22],"tags":[],"class_list":["post-23350","post","type-post","status-publish","format-standard","has-post-thumbnail","hentry","category-actualite","category-agriculture"],"yoast_head":"<!-- This site is optimized with the Yoast SEO plugin v28.4 - https:\/\/yoast.com\/product\/yoast-seo-wordpress\/ -->\n<title>SYSTEMES AGRO-SYLVO-PASTORAUX ET HALIEUTIQUES\u00a0: Des journalistes de l\u2019Afrique de l\u2019Ouest et du Sahel engag\u00e9s pour le renouveau dudit secteur -<\/title>\n<meta name=\"robots\" content=\"index, follow, max-snippet:-1, max-image-preview:large, max-video-preview:-1\" \/>\n<link rel=\"canonical\" href=\"https:\/\/macite.tg\/?p=23350\" \/>\n<meta property=\"og:locale\" content=\"fr_FR\" \/>\n<meta property=\"og:type\" content=\"article\" \/>\n<meta property=\"og:title\" content=\"SYSTEMES AGRO-SYLVO-PASTORAUX ET HALIEUTIQUES\u00a0: Des journalistes de l\u2019Afrique de l\u2019Ouest et du Sahel engag\u00e9s pour le renouveau dudit secteur -\" \/>\n<meta property=\"og:description\" content=\"Du 03 au 04 juillet dernier, une cinquantaine d\u2019acteurs de m\u00e9dias de l\u2019Afrique de l\u2019Ouest et du Sahel \u00e9taient en assembl\u00e9e g\u00e9n\u00e9rale constitutive, dans la capitale togolaise autour du th\u00e8me \u00ab&nbsp;Syst\u00e8mes agro-sylvo-pastoraux et halieutiques, leviers du d\u00e9veloppement \u00e9conomique : r\u00f4le et accompagnement des M\u00e9dias&nbsp;\u00bb. A [&hellip;]\" \/>\n<meta property=\"og:url\" content=\"https:\/\/macite.tg\/?p=23350\" \/>\n<meta property=\"article:published_time\" content=\"2025-07-08T12:40:42+00:00\" \/>\n<meta property=\"article:modified_time\" content=\"2025-07-08T12:40:47+00:00\" \/>\n<meta property=\"og:image\" content=\"https:\/\/macite.tg\/wp-content\/uploads\/2025\/07\/agc-ReJAPH-AOS.jpg\" \/>\n\t<meta property=\"og:image:width\" content=\"500\" \/>\n\t<meta property=\"og:image:height\" content=\"186\" \/>\n\t<meta property=\"og:image:type\" content=\"image\/jpeg\" \/>\n<meta name=\"author\" content=\"Jean Pierre BAWELA\" \/>\n<meta name=\"twitter:card\" content=\"summary_large_image\" \/>\n<meta name=\"twitter:label1\" content=\"\u00c9crit par\" \/>\n\t<meta name=\"twitter:data1\" content=\"Jean Pierre BAWELA\" \/>\n\t<meta name=\"twitter:label2\" content=\"Dur\u00e9e de lecture estim\u00e9e\" \/>\n\t<meta name=\"twitter:data2\" content=\"4 minutes\" \/>\n<script type=\"application\/ld+json\" class=\"yoast-schema-graph\">{\"@context\":\"https:\\\/\\\/schema.org\",\"@graph\":[{\"@type\":\"Article\",\"@id\":\"https:\\\/\\\/macite.tg\\\/?p=23350#article\",\"isPartOf\":{\"@id\":\"https:\\\/\\\/macite.tg\\\/?p=23350\"},\"author\":{\"name\":\"Jean Pierre BAWELA\",\"@id\":\"https:\\\/\\\/macite.tg\\\/#\\\/schema\\\/person\\\/e9f2de7e5dbbe7770a9402c7ce82f5c2\"},\"headline\":\"SYSTEMES AGRO-SYLVO-PASTORAUX ET HALIEUTIQUES\u00a0: Des journalistes de l\u2019Afrique de l\u2019Ouest et du Sahel engag\u00e9s pour le renouveau dudit secteur\",\"datePublished\":\"2025-07-08T12:40:42+00:00\",\"dateModified\":\"2025-07-08T12:40:47+00:00\",\"mainEntityOfPage\":{\"@id\":\"https:\\\/\\\/macite.tg\\\/?p=23350\"},\"wordCount\":650,\"commentCount\":0,\"image\":{\"@id\":\"https:\\\/\\\/macite.tg\\\/?p=23350#primaryimage\"},\"thumbnailUrl\":\"https:\\\/\\\/macite.tg\\\/wp-content\\\/uploads\\\/2025\\\/07\\\/agc-ReJAPH-AOS.jpg\",\"articleSection\":[\"ACTUALITE\",\"AGRICULTURE\"],\"inLanguage\":\"fr-FR\",\"potentialAction\":[{\"@type\":\"CommentAction\",\"name\":\"Comment\",\"target\":[\"https:\\\/\\\/macite.tg\\\/?p=23350#respond\"]}]},{\"@type\":\"WebPage\",\"@id\":\"https:\\\/\\\/macite.tg\\\/?p=23350\",\"url\":\"https:\\\/\\\/macite.tg\\\/?p=23350\",\"name\":\"SYSTEMES AGRO-SYLVO-PASTORAUX ET HALIEUTIQUES\u00a0: Des journalistes de l\u2019Afrique de l\u2019Ouest et du Sahel engag\u00e9s pour le renouveau dudit secteur -\",\"isPartOf\":{\"@id\":\"https:\\\/\\\/macite.tg\\\/#website\"},\"primaryImageOfPage\":{\"@id\":\"https:\\\/\\\/macite.tg\\\/?p=23350#primaryimage\"},\"image\":{\"@id\":\"https:\\\/\\\/macite.tg\\\/?p=23350#primaryimage\"},\"thumbnailUrl\":\"https:\\\/\\\/macite.tg\\\/wp-content\\\/uploads\\\/2025\\\/07\\\/agc-ReJAPH-AOS.jpg\",\"datePublished\":\"2025-07-08T12:40:42+00:00\",\"dateModified\":\"2025-07-08T12:40:47+00:00\",\"author\":{\"@id\":\"https:\\\/\\\/macite.tg\\\/#\\\/schema\\\/person\\\/e9f2de7e5dbbe7770a9402c7ce82f5c2\"},\"breadcrumb\":{\"@id\":\"https:\\\/\\\/macite.tg\\\/?p=23350#breadcrumb\"},\"inLanguage\":\"fr-FR\",\"potentialAction\":[{\"@type\":\"ReadAction\",\"target\":[\"https:\\\/\\\/macite.tg\\\/?p=23350\"]}]},{\"@type\":\"ImageObject\",\"inLanguage\":\"fr-FR\",\"@id\":\"https:\\\/\\\/macite.tg\\\/?p=23350#primaryimage\",\"url\":\"https:\\\/\\\/macite.tg\\\/wp-content\\\/uploads\\\/2025\\\/07\\\/agc-ReJAPH-AOS.jpg\",\"contentUrl\":\"https:\\\/\\\/macite.tg\\\/wp-content\\\/uploads\\\/2025\\\/07\\\/agc-ReJAPH-AOS.jpg\",\"width\":500,\"height\":186},{\"@type\":\"BreadcrumbList\",\"@id\":\"https:\\\/\\\/macite.tg\\\/?p=23350#breadcrumb\",\"itemListElement\":[{\"@type\":\"ListItem\",\"position\":1,\"name\":\"Accueil\",\"item\":\"https:\\\/\\\/macite.tg\\\/\"},{\"@type\":\"ListItem\",\"position\":2,\"name\":\"SYSTEMES AGRO-SYLVO-PASTORAUX ET HALIEUTIQUES\u00a0: Des journalistes de l\u2019Afrique de l\u2019Ouest et du Sahel engag\u00e9s pour le renouveau dudit secteur\"}]},{\"@type\":\"WebSite\",\"@id\":\"https:\\\/\\\/macite.tg\\\/#website\",\"url\":\"https:\\\/\\\/macite.tg\\\/\",\"name\":\"\",\"description\":\"L&#039;information, la bonne!!!\",\"potentialAction\":[{\"@type\":\"SearchAction\",\"target\":{\"@type\":\"EntryPoint\",\"urlTemplate\":\"https:\\\/\\\/macite.tg\\\/?s={search_term_string}\"},\"query-input\":{\"@type\":\"PropertyValueSpecification\",\"valueRequired\":true,\"valueName\":\"search_term_string\"}}],\"inLanguage\":\"fr-FR\"},{\"@type\":\"Person\",\"@id\":\"https:\\\/\\\/macite.tg\\\/#\\\/schema\\\/person\\\/e9f2de7e5dbbe7770a9402c7ce82f5c2\",\"name\":\"Jean Pierre BAWELA\",\"image\":{\"@type\":\"ImageObject\",\"inLanguage\":\"fr-FR\",\"@id\":\"https:\\\/\\\/macite.tg\\\/wp-content\\\/uploads\\\/2023\\\/09\\\/WhatsApp-Image-2023-09-19-at-14.44.41-122x122.jpeg\",\"url\":\"https:\\\/\\\/macite.tg\\\/wp-content\\\/uploads\\\/2023\\\/09\\\/WhatsApp-Image-2023-09-19-at-14.44.41-122x122.jpeg\",\"contentUrl\":\"https:\\\/\\\/macite.tg\\\/wp-content\\\/uploads\\\/2023\\\/09\\\/WhatsApp-Image-2023-09-19-at-14.44.41-122x122.jpeg\",\"caption\":\"Jean Pierre BAWELA\"},\"url\":\"https:\\\/\\\/macite.tg\\\/?author=2\"}]}<\/script>\n<!-- \/ Yoast SEO plugin. -->","yoast_head_json":{"title":"SYSTEMES AGRO-SYLVO-PASTORAUX ET HALIEUTIQUES\u00a0: Des journalistes de l\u2019Afrique de l\u2019Ouest et du Sahel engag\u00e9s pour le renouveau dudit secteur -","robots":{"index":"index","follow":"follow","max-snippet":"max-snippet:-1","max-image-preview":"max-image-preview:large","max-video-preview":"max-video-preview:-1"},"canonical":"https:\/\/macite.tg\/?p=23350","og_locale":"fr_FR","og_type":"article","og_title":"SYSTEMES AGRO-SYLVO-PASTORAUX ET HALIEUTIQUES\u00a0: Des journalistes de l\u2019Afrique de l\u2019Ouest et du Sahel engag\u00e9s pour le renouveau dudit secteur -","og_description":"Du 03 au 04 juillet dernier, une cinquantaine d\u2019acteurs de m\u00e9dias de l\u2019Afrique de l\u2019Ouest et du Sahel \u00e9taient en assembl\u00e9e g\u00e9n\u00e9rale constitutive, dans la capitale togolaise autour du th\u00e8me \u00ab&nbsp;Syst\u00e8mes agro-sylvo-pastoraux et halieutiques, leviers du d\u00e9veloppement \u00e9conomique : r\u00f4le et accompagnement des M\u00e9dias&nbsp;\u00bb. A [&hellip;]","og_url":"https:\/\/macite.tg\/?p=23350","article_published_time":"2025-07-08T12:40:42+00:00","article_modified_time":"2025-07-08T12:40:47+00:00","og_image":[{"width":500,"height":186,"url":"https:\/\/macite.tg\/wp-content\/uploads\/2025\/07\/agc-ReJAPH-AOS.jpg","type":"image\/jpeg"}],"author":"Jean Pierre BAWELA","twitter_card":"summary_large_image","twitter_misc":{"\u00c9crit par":"Jean Pierre BAWELA","Dur\u00e9e de lecture estim\u00e9e":"4 minutes"},"schema":{"@context":"https:\/\/schema.org","@graph":[{"@type":"Article","@id":"https:\/\/macite.tg\/?p=23350#article","isPartOf":{"@id":"https:\/\/macite.tg\/?p=23350"},"author":{"name":"Jean Pierre BAWELA","@id":"https:\/\/macite.tg\/#\/schema\/person\/e9f2de7e5dbbe7770a9402c7ce82f5c2"},"headline":"SYSTEMES AGRO-SYLVO-PASTORAUX ET HALIEUTIQUES\u00a0: Des journalistes de l\u2019Afrique de l\u2019Ouest et du Sahel engag\u00e9s pour le renouveau dudit secteur","datePublished":"2025-07-08T12:40:42+00:00","dateModified":"2025-07-08T12:40:47+00:00","mainEntityOfPage":{"@id":"https:\/\/macite.tg\/?p=23350"},"wordCount":650,"commentCount":0,"image":{"@id":"https:\/\/macite.tg\/?p=23350#primaryimage"},"thumbnailUrl":"https:\/\/macite.tg\/wp-content\/uploads\/2025\/07\/agc-ReJAPH-AOS.jpg","articleSection":["ACTUALITE","AGRICULTURE"],"inLanguage":"fr-FR","potentialAction":[{"@type":"CommentAction","name":"Comment","target":["https:\/\/macite.tg\/?p=23350#respond"]}]},{"@type":"WebPage","@id":"https:\/\/macite.tg\/?p=23350","url":"https:\/\/macite.tg\/?p=23350","name":"SYSTEMES AGRO-SYLVO-PASTORAUX ET HALIEUTIQUES\u00a0: Des journalistes de l\u2019Afrique de l\u2019Ouest et du Sahel engag\u00e9s pour le renouveau dudit secteur -","isPartOf":{"@id":"https:\/\/macite.tg\/#website"},"primaryImageOfPage":{"@id":"https:\/\/macite.tg\/?p=23350#primaryimage"},"image":{"@id":"https:\/\/macite.tg\/?p=23350#primaryimage"},"thumbnailUrl":"https:\/\/macite.tg\/wp-content\/uploads\/2025\/07\/agc-ReJAPH-AOS.jpg","datePublished":"2025-07-08T12:40:42+00:00","dateModified":"2025-07-08T12:40:47+00:00","author":{"@id":"https:\/\/macite.tg\/#\/schema\/person\/e9f2de7e5dbbe7770a9402c7ce82f5c2"},"breadcrumb":{"@id":"https:\/\/macite.tg\/?p=23350#breadcrumb"},"inLanguage":"fr-FR","potentialAction":[{"@type":"ReadAction","target":["https:\/\/macite.tg\/?p=23350"]}]},{"@type":"ImageObject","inLanguage":"fr-FR","@id":"https:\/\/macite.tg\/?p=23350#primaryimage","url":"https:\/\/macite.tg\/wp-content\/uploads\/2025\/07\/agc-ReJAPH-AOS.jpg","contentUrl":"https:\/\/macite.tg\/wp-content\/uploads\/2025\/07\/agc-ReJAPH-AOS.jpg","width":500,"height":186},{"@type":"BreadcrumbList","@id":"https:\/\/macite.tg\/?p=23350#breadcrumb","itemListElement":[{"@type":"ListItem","position":1,"name":"Accueil","item":"https:\/\/macite.tg\/"},{"@type":"ListItem","position":2,"name":"SYSTEMES AGRO-SYLVO-PASTORAUX ET HALIEUTIQUES\u00a0: Des journalistes de l\u2019Afrique de l\u2019Ouest et du Sahel engag\u00e9s pour le renouveau dudit secteur"}]},{"@type":"WebSite","@id":"https:\/\/macite.tg\/#website","url":"https:\/\/macite.tg\/","name":"","description":"L&#039;information, la bonne!!!","potentialAction":[{"@type":"SearchAction","target":{"@type":"EntryPoint","urlTemplate":"https:\/\/macite.tg\/?s={search_term_string}"},"query-input":{"@type":"PropertyValueSpecification","valueRequired":true,"valueName":"search_term_string"}}],"inLanguage":"fr-FR"},{"@type":"Person","@id":"https:\/\/macite.tg\/#\/schema\/person\/e9f2de7e5dbbe7770a9402c7ce82f5c2","name":"Jean Pierre BAWELA","image":{"@type":"ImageObject","inLanguage":"fr-FR","@id":"https:\/\/macite.tg\/wp-content\/uploads\/2023\/09\/WhatsApp-Image-2023-09-19-at-14.44.41-122x122.jpeg","url":"https:\/\/macite.tg\/wp-content\/uploads\/2023\/09\/WhatsApp-Image-2023-09-19-at-14.44.41-122x122.jpeg","contentUrl":"https:\/\/macite.tg\/wp-content\/uploads\/2023\/09\/WhatsApp-Image-2023-09-19-at-14.44.41-122x122.jpeg","caption":"Jean Pierre BAWELA"},"url":"https:\/\/macite.tg\/?author=2"}]}},"_links":{"self":[{"href":"https:\/\/macite.tg\/index.php?rest_route=\/wp\/v2\/posts\/23350","targetHints":{"allow":["GET"]}}],"collection":[{"href":"https:\/\/macite.tg\/index.php?rest_route=\/wp\/v2\/posts"}],"about":[{"href":"https:\/\/macite.tg\/index.php?rest_route=\/wp\/v2\/types\/post"}],"author":[{"embeddable":true,"href":"https:\/\/macite.tg\/index.php?rest_route=\/wp\/v2\/users\/2"}],"replies":[{"embeddable":true,"href":"https:\/\/macite.tg\/index.php?rest_route=%2Fwp%2Fv2%2Fcomments&post=23350"}],"version-history":[{"count":0,"href":"https:\/\/macite.tg\/index.php?rest_route=\/wp\/v2\/posts\/23350\/revisions"}],"wp:featuredmedia":[{"embeddable":true,"href":"https:\/\/macite.tg\/index.php?rest_route=\/wp\/v2\/media\/23351"}],"wp:attachment":[{"href":"https:\/\/macite.tg\/index.php?rest_route=%2Fwp%2Fv2%2Fmedia&parent=23350"}],"wp:term":[{"taxonomy":"category","embeddable":true,"href":"https:\/\/macite.tg\/index.php?rest_route=%2Fwp%2Fv2%2Fcategories&post=23350"},{"taxonomy":"post_tag","embeddable":true,"href":"https:\/\/macite.tg\/index.php?rest_route=%2Fwp%2Fv2%2Ftags&post=23350"}],"curies":[{"name":"wp","href":"https:\/\/api.w.org\/{rel}","templated":true}]}}