{"id":23348,"date":"2025-07-08T13:21:28","date_gmt":"2025-07-08T13:21:28","guid":{"rendered":"https:\/\/macite.tg\/?p=23348"},"modified":"2025-07-09T12:13:31","modified_gmt":"2025-07-09T12:13:31","slug":"agro-alimentaire-commerce-le-togolais-giles-podjoley-elu-president-du-rejpahp-aos","status":"publish","type":"post","link":"https:\/\/macite.tg\/?p=23348","title":{"rendered":"AGRO-ALIMENTAIRE : Le Togolais Giles Podjoley \u00e9lu pr\u00e9sident du ReJPAH-AOS"},"content":{"rendered":"\n<p class=\"wp-block-paragraph\"><strong><em>Soucieux du meilleur rayonnement des Syst\u00e8mes agro-sylvo-pastoraux et l\u2019halieutiques, et le commerce intrar\u00e9gional, puissant moteur pour le d\u00e9veloppement \u00e9conomique et la s\u00e9curit\u00e9 alimentaire, la cr\u00e9ation d\u2019emplois et la r\u00e9sorption du ch\u00f4mage, et partant du monde rural, des acteurs de m\u00e9dias des pays de l\u2019Afrique de l\u2019Ouest et du Sahel, r\u00e9unis en assembl\u00e9e g\u00e9n\u00e9rale constitutive, du 03 au 04 juillet dernier \u00e0 Lom\u00e9, ont port\u00e9 sur les font baptismaux le R\u00e9seau des Journalistes pour la Promotion des syst\u00e8mes Agro-Sylvo-Pastoraux en Afrique de l\u2019Ouest et au Sahel (ReJPAH-AOS).<\/em><\/strong><\/p>\n\n\n\n<p class=\"wp-block-paragraph\">Compos\u00e9 de neuf membres avec \u00e0 sa t\u00eate le Togolais Giles E. Podjoley, le ReJPAH-AOS se veut une association qui vise \u00e0&nbsp;:<\/p>\n\n\n\n<p class=\"wp-block-paragraph\">&#8211; s\u2019investir aux c\u00f4t\u00e9s des Etats et des Partenaires Techniques et Financiers, des gouvernements et organisations r\u00e9gionales afin d\u2019\u0153uvrer ensemble pour le d\u00e9veloppement de l\u2019agriculture, du pastoralisme et des ressources halieutiques&nbsp;;<\/p>\n\n\n\n<p class=\"wp-block-paragraph\">&#8211; Appuyer les acteurs des syst\u00e8mes agro-sylvo-pastoraux \u00e0 travers une communication accrue dans tous les pays d\u2019intervention du ReJPAH-AOS&nbsp;;<\/p>\n\n\n<div class=\"wp-block-image\">\n<figure class=\"aligncenter size-large is-resized\"><img loading=\"lazy\" decoding=\"async\" width=\"724\" height=\"1024\" src=\"https:\/\/macite.tg\/wp-content\/uploads\/2025\/07\/a6d3da27-4f83-4915-bc4c-3433316219fc-724x1024.jpg\" alt=\"\" class=\"wp-image-23223\" style=\"width:556px;height:auto\" srcset=\"https:\/\/macite.tg\/wp-content\/uploads\/2025\/07\/a6d3da27-4f83-4915-bc4c-3433316219fc-724x1024.jpg 724w, https:\/\/macite.tg\/wp-content\/uploads\/2025\/07\/a6d3da27-4f83-4915-bc4c-3433316219fc-212x300.jpg 212w, https:\/\/macite.tg\/wp-content\/uploads\/2025\/07\/a6d3da27-4f83-4915-bc4c-3433316219fc-768x1086.jpg 768w, https:\/\/macite.tg\/wp-content\/uploads\/2025\/07\/a6d3da27-4f83-4915-bc4c-3433316219fc-1087x1536.jpg 1087w, https:\/\/macite.tg\/wp-content\/uploads\/2025\/07\/a6d3da27-4f83-4915-bc4c-3433316219fc.jpg 1132w\" sizes=\"auto, (max-width: 724px) 100vw, 724px\" \/><\/figure>\n<\/div>\n\n\n<p class=\"wp-block-paragraph\">&#8211; accentuer la sensibilisation en relayant les informations et la diffusion des nouvelles sur les projets ex\u00e9cut\u00e9s par les diff\u00e9rentes organisations impliqu\u00e9s dans les syst\u00e8mes agro-sylvo-pastoraux, \u00e0 l\u2019endroit des populations et des communaut\u00e9s cibles.<\/p>\n\n\n\n<p class=\"wp-block-paragraph\">&#8211; \u0153uvrer aux c\u00f4t\u00e9s des Partenaires et des Etats pour am\u00e9liorer la r\u00e9silience des syst\u00e8mes agricoles, renforcer la s\u00e9curit\u00e9 alimentaire et contribuer contre l\u2019immigration irr\u00e9guli\u00e8re en Afrique de l\u2019Ouest et au Sahel&nbsp;;<\/p>\n\n\n\n<p class=\"wp-block-paragraph\">&#8211; permettre aux populations, et particuli\u00e8rement aux acteurs du monde rural d\u2019avoir acc\u00e8s aux informations sur les diff\u00e9rents projets initi\u00e9s \u00e0 leur endroit&nbsp;;<\/p>\n\n\n\n<p class=\"wp-block-paragraph\">&#8211; s\u2019investir dans la promotion du commerce des produits alimentaires agro-sylvo-pastoraux et halieutiques&nbsp;;<\/p>\n\n\n\n<p class=\"wp-block-paragraph\">&#8211; encourager davantage les jeunes de l\u2019Afrique de l\u2019Ouest et du Sahel, \u00e0 l\u2019entreprenariat dans les syst\u00e8mes agro-sylvo-pastoraux ;<\/p>\n\n\n\n<p class=\"wp-block-paragraph\">&#8211; soutenir et promouvoir les initiatives et projets autour de ces secteurs \u00e0 travers la participation et l\u2019organisation des salons, foires, etc.&nbsp;;<\/p>\n\n\n\n<p class=\"wp-block-paragraph\">&#8211; organiser des campagnes de sensibilisations et des foras pour la promotion des syst\u00e8mes agro-sylvo-pastoraux&nbsp;; etc.<\/p>\n\n\n<div class=\"wp-block-image\">\n<figure class=\"aligncenter size-full\"><img loading=\"lazy\" decoding=\"async\" width=\"851\" height=\"315\" src=\"https:\/\/macite.tg\/wp-content\/uploads\/2025\/06\/OTR_Bandeau-Renseignements-1.jpg\" alt=\"\" class=\"wp-image-23140\" srcset=\"https:\/\/macite.tg\/wp-content\/uploads\/2025\/06\/OTR_Bandeau-Renseignements-1.jpg 851w, https:\/\/macite.tg\/wp-content\/uploads\/2025\/06\/OTR_Bandeau-Renseignements-1-300x111.jpg 300w, https:\/\/macite.tg\/wp-content\/uploads\/2025\/06\/OTR_Bandeau-Renseignements-1-768x284.jpg 768w\" sizes=\"auto, (max-width: 851px) 100vw, 851px\" \/><\/figure>\n<\/div>\n\n\n<p class=\"wp-block-paragraph\"><em>\u00ab&nbsp;C\u2019est un r\u00e9seau particulier, qui va travailler non seulement sur l\u2019agriculture, mais aussi sur le commerce r\u00e9gional. Nous allons travailler sur la fluidit\u00e9 du commerce intra-frontalier. Mais avant tout, nous avons besoin de renforcer les capacit\u00e9s des journalistes de la sous-r\u00e9gion, afin de mieux accompagner les acteurs de la cha\u00eene de valeur agro-sylvo-pastorale et halieutique&nbsp;\u00bb,<\/em> tels ont \u00e9t\u00e9 les premiers mots du pr\u00e9sident Giles Podjoley. Il a ensuite donner rendez-vous courant dernier trimestre de l\u2019ann\u00e9e en cours, pour l\u2019\u00e9laboration des grands axes strat\u00e9giques sur lesquels le r\u00e9seau sera op\u00e9rationnel.<\/p>\n\n\n\n<p class=\"wp-block-paragraph\">Voici la composition du tout premier bureau du ReJPAH-AOS&nbsp;:<\/p>\n\n\n\n<p class=\"wp-block-paragraph\"><strong><u>Pr\u00e9sident<\/u><\/strong><strong>&nbsp;: <\/strong>PODJOLEY Essonana<\/p>\n\n\n\n<p class=\"wp-block-paragraph\"><strong><u>Secr\u00e9taire G\u00e9n\u00e9ral<\/u><\/strong><strong>&nbsp;: <\/strong>TOKPON Andr\u00e9<strong><\/strong><\/p>\n\n\n\n<p class=\"wp-block-paragraph\"><strong><u>Tr\u00e9sorier G\u00e9n\u00e9ral<\/u><\/strong><strong>&nbsp;: <\/strong>YAPO Mireille<\/p>\n\n\n\n<p class=\"wp-block-paragraph\"><strong><u>Secr\u00e9taire charg\u00e9 au Genre&nbsp;: <\/u><\/strong>OUATTARA Mariam<\/p>\n\n\n\n<p class=\"wp-block-paragraph\"><strong><u>Secr\u00e9taire Charg\u00e9 au Plaidoyer&nbsp;: <\/u><\/strong>BAMADIO Tidiane<\/p>\n\n\n\n<p class=\"wp-block-paragraph\"><strong><u>Secr\u00e9taire charg\u00e9 \u00e0 la Communication<\/u><\/strong>&nbsp;: PAGNI K\u00e9vin<\/p>\n\n\n\n<p class=\"wp-block-paragraph\"><strong><u>Secr\u00e9taire \u00e0 l\u2019Organisation&nbsp;<\/u><\/strong><strong>: <\/strong>SANDANI Palakiyem<\/p>\n\n\n\n<p class=\"wp-block-paragraph\"><strong><u>1<sup>er<\/sup> Conseiller<\/u><\/strong><strong>&nbsp;: BABACAR S\u00e8ne<\/strong><\/p>\n\n\n\n<p class=\"wp-block-paragraph\"><strong><u>2<sup>\u00e8me<\/sup> Conseiller<\/u><\/strong><strong>&nbsp;: SANGARE Dirissa<\/strong><\/p>\n\n\n<div class=\"wp-block-image\">\n<figure class=\"aligncenter size-large is-resized\"><img loading=\"lazy\" decoding=\"async\" width=\"731\" height=\"1024\" src=\"https:\/\/macite.tg\/wp-content\/uploads\/2025\/07\/12ced37c-0291-4b27-a6d8-6588135ffd3a-731x1024.jpg\" alt=\"\" class=\"wp-image-23222\" style=\"width:545px;height:auto\" srcset=\"https:\/\/macite.tg\/wp-content\/uploads\/2025\/07\/12ced37c-0291-4b27-a6d8-6588135ffd3a-731x1024.jpg 731w, https:\/\/macite.tg\/wp-content\/uploads\/2025\/07\/12ced37c-0291-4b27-a6d8-6588135ffd3a-214x300.jpg 214w, https:\/\/macite.tg\/wp-content\/uploads\/2025\/07\/12ced37c-0291-4b27-a6d8-6588135ffd3a-768x1076.jpg 768w, https:\/\/macite.tg\/wp-content\/uploads\/2025\/07\/12ced37c-0291-4b27-a6d8-6588135ffd3a-1096x1536.jpg 1096w, https:\/\/macite.tg\/wp-content\/uploads\/2025\/07\/12ced37c-0291-4b27-a6d8-6588135ffd3a.jpg 1142w\" sizes=\"auto, (max-width: 731px) 100vw, 731px\" \/><\/figure>\n<\/div>\n\n\n<p class=\"wp-block-paragraph\">Notons que le Burkina Faso, la C\u00f4te d\u2019Ivoire, le Ghana, la Gambie, la Guin\u00e9e, le Lib\u00e9ria, le Niger, le Nigeria, la Mauritanie, le Tchad, le Tchad, le S\u00e9n\u00e9gal et le Togo, sont les pays membres du ReJPAH-AOS.<\/p>\n\n\n\n<p class=\"wp-block-paragraph\"><strong>JPB<\/strong><strong><\/strong><\/p>\n\n\n\n<p class=\"wp-block-paragraph\"><a><strong><em>@macite.tg&nbsp;&nbsp;&nbsp;&nbsp;&nbsp;&nbsp;&nbsp;&nbsp;<\/em><\/strong><\/a><\/p>\n\n\n\n<p class=\"wp-block-paragraph\"><strong><em>E-mail&nbsp;: <\/em><\/strong><a href=\"mailto:maciteinfo@gmail.com\"><strong><em>maciteinfo@gmail.com<\/em><\/strong><\/a><strong><em>; <\/em><\/strong><a href=\"mailto:bawela1@gmail.com\"><strong><em>bawela1@gmail.com<\/em><\/strong><\/a><strong><em><\/em><\/strong><\/p>\n\n\n\n<p class=\"wp-block-paragraph\"><strong><em>Pour vos annonces, (publi)reportages, etc., joignez-nous au (00228)91515309\/<strong>79872224 <\/strong>www.macite.tg, L\u2019information, la bonne&nbsp;!<\/em><\/strong><\/p>\n\n\n\n<p class=\"wp-block-paragraph\"><\/p>\n","protected":false},"excerpt":{"rendered":"<p class=\"text-justify mb-2\" >Soucieux du meilleur rayonnement des Syst\u00e8mes agro-sylvo-pastoraux et l\u2019halieutiques, et le commerce intrar\u00e9gional, puissant moteur pour le d\u00e9veloppement \u00e9conomique et la s\u00e9curit\u00e9 alimentaire, la cr\u00e9ation d\u2019emplois et la r\u00e9sorption du ch\u00f4mage, et partant du monde rural, des acteurs de m\u00e9dias des pays de l\u2019Afrique de [&hellip;]<\/p>\n","protected":false},"author":2,"featured_media":23354,"comment_status":"open","ping_status":"open","sticky":false,"template":"","format":"standard","meta":{"footnotes":""},"categories":[20,14],"tags":[],"class_list":["post-23348","post","type-post","status-publish","format-standard","has-post-thumbnail","hentry","category-actualite","category-medias"],"yoast_head":"<!-- This site is optimized with the Yoast SEO plugin v28.4 - https:\/\/yoast.com\/product\/yoast-seo-wordpress\/ -->\n<title>AGRO-ALIMENTAIRE : Le Togolais Giles Podjoley \u00e9lu pr\u00e9sident du ReJPAH-AOS -<\/title>\n<meta name=\"robots\" content=\"index, follow, max-snippet:-1, max-image-preview:large, max-video-preview:-1\" \/>\n<link rel=\"canonical\" href=\"https:\/\/macite.tg\/?p=23348\" \/>\n<meta property=\"og:locale\" content=\"fr_FR\" \/>\n<meta property=\"og:type\" content=\"article\" \/>\n<meta property=\"og:title\" content=\"AGRO-ALIMENTAIRE : Le Togolais Giles Podjoley \u00e9lu pr\u00e9sident du ReJPAH-AOS -\" \/>\n<meta property=\"og:description\" content=\"Soucieux du meilleur rayonnement des Syst\u00e8mes agro-sylvo-pastoraux et l\u2019halieutiques, et le commerce intrar\u00e9gional, puissant moteur pour le d\u00e9veloppement \u00e9conomique et la s\u00e9curit\u00e9 alimentaire, la cr\u00e9ation d\u2019emplois et la r\u00e9sorption du ch\u00f4mage, et partant du monde rural, des acteurs de m\u00e9dias des pays de l\u2019Afrique de [&hellip;]\" \/>\n<meta property=\"og:url\" content=\"https:\/\/macite.tg\/?p=23348\" \/>\n<meta property=\"article:published_time\" content=\"2025-07-08T13:21:28+00:00\" \/>\n<meta property=\"article:modified_time\" content=\"2025-07-09T12:13:31+00:00\" \/>\n<meta property=\"og:image\" content=\"https:\/\/macite.tg\/wp-content\/uploads\/2025\/07\/Giles-Podjoley.jpg\" \/>\n\t<meta property=\"og:image:width\" content=\"500\" \/>\n\t<meta property=\"og:image:height\" content=\"406\" \/>\n\t<meta property=\"og:image:type\" content=\"image\/jpeg\" \/>\n<meta name=\"author\" content=\"Jean Pierre BAWELA\" \/>\n<meta name=\"twitter:card\" content=\"summary_large_image\" \/>\n<meta name=\"twitter:label1\" content=\"\u00c9crit par\" \/>\n\t<meta name=\"twitter:data1\" content=\"Jean Pierre BAWELA\" \/>\n\t<meta name=\"twitter:label2\" content=\"Dur\u00e9e de lecture estim\u00e9e\" \/>\n\t<meta name=\"twitter:data2\" content=\"4 minutes\" \/>\n<script type=\"application\/ld+json\" class=\"yoast-schema-graph\">{\"@context\":\"https:\\\/\\\/schema.org\",\"@graph\":[{\"@type\":\"Article\",\"@id\":\"https:\\\/\\\/macite.tg\\\/?p=23348#article\",\"isPartOf\":{\"@id\":\"https:\\\/\\\/macite.tg\\\/?p=23348\"},\"author\":{\"name\":\"Jean Pierre BAWELA\",\"@id\":\"https:\\\/\\\/macite.tg\\\/#\\\/schema\\\/person\\\/e9f2de7e5dbbe7770a9402c7ce82f5c2\"},\"headline\":\"AGRO-ALIMENTAIRE : Le Togolais Giles Podjoley \u00e9lu pr\u00e9sident du ReJPAH-AOS\",\"datePublished\":\"2025-07-08T13:21:28+00:00\",\"dateModified\":\"2025-07-09T12:13:31+00:00\",\"mainEntityOfPage\":{\"@id\":\"https:\\\/\\\/macite.tg\\\/?p=23348\"},\"wordCount\":639,\"commentCount\":0,\"image\":{\"@id\":\"https:\\\/\\\/macite.tg\\\/?p=23348#primaryimage\"},\"thumbnailUrl\":\"https:\\\/\\\/macite.tg\\\/wp-content\\\/uploads\\\/2025\\\/07\\\/Giles-Podjoley.jpg\",\"articleSection\":[\"ACTUALITE\",\"MEDIAS\"],\"inLanguage\":\"fr-FR\",\"potentialAction\":[{\"@type\":\"CommentAction\",\"name\":\"Comment\",\"target\":[\"https:\\\/\\\/macite.tg\\\/?p=23348#respond\"]}]},{\"@type\":\"WebPage\",\"@id\":\"https:\\\/\\\/macite.tg\\\/?p=23348\",\"url\":\"https:\\\/\\\/macite.tg\\\/?p=23348\",\"name\":\"AGRO-ALIMENTAIRE : Le Togolais Giles Podjoley \u00e9lu pr\u00e9sident du ReJPAH-AOS -\",\"isPartOf\":{\"@id\":\"https:\\\/\\\/macite.tg\\\/#website\"},\"primaryImageOfPage\":{\"@id\":\"https:\\\/\\\/macite.tg\\\/?p=23348#primaryimage\"},\"image\":{\"@id\":\"https:\\\/\\\/macite.tg\\\/?p=23348#primaryimage\"},\"thumbnailUrl\":\"https:\\\/\\\/macite.tg\\\/wp-content\\\/uploads\\\/2025\\\/07\\\/Giles-Podjoley.jpg\",\"datePublished\":\"2025-07-08T13:21:28+00:00\",\"dateModified\":\"2025-07-09T12:13:31+00:00\",\"author\":{\"@id\":\"https:\\\/\\\/macite.tg\\\/#\\\/schema\\\/person\\\/e9f2de7e5dbbe7770a9402c7ce82f5c2\"},\"breadcrumb\":{\"@id\":\"https:\\\/\\\/macite.tg\\\/?p=23348#breadcrumb\"},\"inLanguage\":\"fr-FR\",\"potentialAction\":[{\"@type\":\"ReadAction\",\"target\":[\"https:\\\/\\\/macite.tg\\\/?p=23348\"]}]},{\"@type\":\"ImageObject\",\"inLanguage\":\"fr-FR\",\"@id\":\"https:\\\/\\\/macite.tg\\\/?p=23348#primaryimage\",\"url\":\"https:\\\/\\\/macite.tg\\\/wp-content\\\/uploads\\\/2025\\\/07\\\/Giles-Podjoley.jpg\",\"contentUrl\":\"https:\\\/\\\/macite.tg\\\/wp-content\\\/uploads\\\/2025\\\/07\\\/Giles-Podjoley.jpg\",\"width\":500,\"height\":406,\"caption\":\"Giles E. Podjoley, pr\u00e9sident ReJAPH-AOS\"},{\"@type\":\"BreadcrumbList\",\"@id\":\"https:\\\/\\\/macite.tg\\\/?p=23348#breadcrumb\",\"itemListElement\":[{\"@type\":\"ListItem\",\"position\":1,\"name\":\"Accueil\",\"item\":\"https:\\\/\\\/macite.tg\\\/\"},{\"@type\":\"ListItem\",\"position\":2,\"name\":\"AGRO-ALIMENTAIRE : Le Togolais Giles Podjoley \u00e9lu pr\u00e9sident du ReJPAH-AOS\"}]},{\"@type\":\"WebSite\",\"@id\":\"https:\\\/\\\/macite.tg\\\/#website\",\"url\":\"https:\\\/\\\/macite.tg\\\/\",\"name\":\"\",\"description\":\"L&#039;information, la bonne!!!\",\"potentialAction\":[{\"@type\":\"SearchAction\",\"target\":{\"@type\":\"EntryPoint\",\"urlTemplate\":\"https:\\\/\\\/macite.tg\\\/?s={search_term_string}\"},\"query-input\":{\"@type\":\"PropertyValueSpecification\",\"valueRequired\":true,\"valueName\":\"search_term_string\"}}],\"inLanguage\":\"fr-FR\"},{\"@type\":\"Person\",\"@id\":\"https:\\\/\\\/macite.tg\\\/#\\\/schema\\\/person\\\/e9f2de7e5dbbe7770a9402c7ce82f5c2\",\"name\":\"Jean Pierre BAWELA\",\"image\":{\"@type\":\"ImageObject\",\"inLanguage\":\"fr-FR\",\"@id\":\"https:\\\/\\\/macite.tg\\\/wp-content\\\/uploads\\\/2023\\\/09\\\/WhatsApp-Image-2023-09-19-at-14.44.41-122x122.jpeg\",\"url\":\"https:\\\/\\\/macite.tg\\\/wp-content\\\/uploads\\\/2023\\\/09\\\/WhatsApp-Image-2023-09-19-at-14.44.41-122x122.jpeg\",\"contentUrl\":\"https:\\\/\\\/macite.tg\\\/wp-content\\\/uploads\\\/2023\\\/09\\\/WhatsApp-Image-2023-09-19-at-14.44.41-122x122.jpeg\",\"caption\":\"Jean Pierre BAWELA\"},\"url\":\"https:\\\/\\\/macite.tg\\\/?author=2\"}]}<\/script>\n<!-- \/ Yoast SEO plugin. -->","yoast_head_json":{"title":"AGRO-ALIMENTAIRE : Le Togolais Giles Podjoley \u00e9lu pr\u00e9sident du ReJPAH-AOS -","robots":{"index":"index","follow":"follow","max-snippet":"max-snippet:-1","max-image-preview":"max-image-preview:large","max-video-preview":"max-video-preview:-1"},"canonical":"https:\/\/macite.tg\/?p=23348","og_locale":"fr_FR","og_type":"article","og_title":"AGRO-ALIMENTAIRE : Le Togolais Giles Podjoley \u00e9lu pr\u00e9sident du ReJPAH-AOS -","og_description":"Soucieux du meilleur rayonnement des Syst\u00e8mes agro-sylvo-pastoraux et l\u2019halieutiques, et le commerce intrar\u00e9gional, puissant moteur pour le d\u00e9veloppement \u00e9conomique et la s\u00e9curit\u00e9 alimentaire, la cr\u00e9ation d\u2019emplois et la r\u00e9sorption du ch\u00f4mage, et partant du monde rural, des acteurs de m\u00e9dias des pays de l\u2019Afrique de [&hellip;]","og_url":"https:\/\/macite.tg\/?p=23348","article_published_time":"2025-07-08T13:21:28+00:00","article_modified_time":"2025-07-09T12:13:31+00:00","og_image":[{"width":500,"height":406,"url":"https:\/\/macite.tg\/wp-content\/uploads\/2025\/07\/Giles-Podjoley.jpg","type":"image\/jpeg"}],"author":"Jean Pierre BAWELA","twitter_card":"summary_large_image","twitter_misc":{"\u00c9crit par":"Jean Pierre BAWELA","Dur\u00e9e de lecture estim\u00e9e":"4 minutes"},"schema":{"@context":"https:\/\/schema.org","@graph":[{"@type":"Article","@id":"https:\/\/macite.tg\/?p=23348#article","isPartOf":{"@id":"https:\/\/macite.tg\/?p=23348"},"author":{"name":"Jean Pierre BAWELA","@id":"https:\/\/macite.tg\/#\/schema\/person\/e9f2de7e5dbbe7770a9402c7ce82f5c2"},"headline":"AGRO-ALIMENTAIRE : Le Togolais Giles Podjoley \u00e9lu pr\u00e9sident du ReJPAH-AOS","datePublished":"2025-07-08T13:21:28+00:00","dateModified":"2025-07-09T12:13:31+00:00","mainEntityOfPage":{"@id":"https:\/\/macite.tg\/?p=23348"},"wordCount":639,"commentCount":0,"image":{"@id":"https:\/\/macite.tg\/?p=23348#primaryimage"},"thumbnailUrl":"https:\/\/macite.tg\/wp-content\/uploads\/2025\/07\/Giles-Podjoley.jpg","articleSection":["ACTUALITE","MEDIAS"],"inLanguage":"fr-FR","potentialAction":[{"@type":"CommentAction","name":"Comment","target":["https:\/\/macite.tg\/?p=23348#respond"]}]},{"@type":"WebPage","@id":"https:\/\/macite.tg\/?p=23348","url":"https:\/\/macite.tg\/?p=23348","name":"AGRO-ALIMENTAIRE : Le Togolais Giles Podjoley \u00e9lu pr\u00e9sident du ReJPAH-AOS -","isPartOf":{"@id":"https:\/\/macite.tg\/#website"},"primaryImageOfPage":{"@id":"https:\/\/macite.tg\/?p=23348#primaryimage"},"image":{"@id":"https:\/\/macite.tg\/?p=23348#primaryimage"},"thumbnailUrl":"https:\/\/macite.tg\/wp-content\/uploads\/2025\/07\/Giles-Podjoley.jpg","datePublished":"2025-07-08T13:21:28+00:00","dateModified":"2025-07-09T12:13:31+00:00","author":{"@id":"https:\/\/macite.tg\/#\/schema\/person\/e9f2de7e5dbbe7770a9402c7ce82f5c2"},"breadcrumb":{"@id":"https:\/\/macite.tg\/?p=23348#breadcrumb"},"inLanguage":"fr-FR","potentialAction":[{"@type":"ReadAction","target":["https:\/\/macite.tg\/?p=23348"]}]},{"@type":"ImageObject","inLanguage":"fr-FR","@id":"https:\/\/macite.tg\/?p=23348#primaryimage","url":"https:\/\/macite.tg\/wp-content\/uploads\/2025\/07\/Giles-Podjoley.jpg","contentUrl":"https:\/\/macite.tg\/wp-content\/uploads\/2025\/07\/Giles-Podjoley.jpg","width":500,"height":406,"caption":"Giles E. Podjoley, pr\u00e9sident ReJAPH-AOS"},{"@type":"BreadcrumbList","@id":"https:\/\/macite.tg\/?p=23348#breadcrumb","itemListElement":[{"@type":"ListItem","position":1,"name":"Accueil","item":"https:\/\/macite.tg\/"},{"@type":"ListItem","position":2,"name":"AGRO-ALIMENTAIRE : Le Togolais Giles Podjoley \u00e9lu pr\u00e9sident du ReJPAH-AOS"}]},{"@type":"WebSite","@id":"https:\/\/macite.tg\/#website","url":"https:\/\/macite.tg\/","name":"","description":"L&#039;information, la bonne!!!","potentialAction":[{"@type":"SearchAction","target":{"@type":"EntryPoint","urlTemplate":"https:\/\/macite.tg\/?s={search_term_string}"},"query-input":{"@type":"PropertyValueSpecification","valueRequired":true,"valueName":"search_term_string"}}],"inLanguage":"fr-FR"},{"@type":"Person","@id":"https:\/\/macite.tg\/#\/schema\/person\/e9f2de7e5dbbe7770a9402c7ce82f5c2","name":"Jean Pierre BAWELA","image":{"@type":"ImageObject","inLanguage":"fr-FR","@id":"https:\/\/macite.tg\/wp-content\/uploads\/2023\/09\/WhatsApp-Image-2023-09-19-at-14.44.41-122x122.jpeg","url":"https:\/\/macite.tg\/wp-content\/uploads\/2023\/09\/WhatsApp-Image-2023-09-19-at-14.44.41-122x122.jpeg","contentUrl":"https:\/\/macite.tg\/wp-content\/uploads\/2023\/09\/WhatsApp-Image-2023-09-19-at-14.44.41-122x122.jpeg","caption":"Jean Pierre BAWELA"},"url":"https:\/\/macite.tg\/?author=2"}]}},"_links":{"self":[{"href":"https:\/\/macite.tg\/index.php?rest_route=\/wp\/v2\/posts\/23348","targetHints":{"allow":["GET"]}}],"collection":[{"href":"https:\/\/macite.tg\/index.php?rest_route=\/wp\/v2\/posts"}],"about":[{"href":"https:\/\/macite.tg\/index.php?rest_route=\/wp\/v2\/types\/post"}],"author":[{"embeddable":true,"href":"https:\/\/macite.tg\/index.php?rest_route=\/wp\/v2\/users\/2"}],"replies":[{"embeddable":true,"href":"https:\/\/macite.tg\/index.php?rest_route=%2Fwp%2Fv2%2Fcomments&post=23348"}],"version-history":[{"count":0,"href":"https:\/\/macite.tg\/index.php?rest_route=\/wp\/v2\/posts\/23348\/revisions"}],"wp:featuredmedia":[{"embeddable":true,"href":"https:\/\/macite.tg\/index.php?rest_route=\/wp\/v2\/media\/23354"}],"wp:attachment":[{"href":"https:\/\/macite.tg\/index.php?rest_route=%2Fwp%2Fv2%2Fmedia&parent=23348"}],"wp:term":[{"taxonomy":"category","embeddable":true,"href":"https:\/\/macite.tg\/index.php?rest_route=%2Fwp%2Fv2%2Fcategories&post=23348"},{"taxonomy":"post_tag","embeddable":true,"href":"https:\/\/macite.tg\/index.php?rest_route=%2Fwp%2Fv2%2Ftags&post=23348"}],"curies":[{"name":"wp","href":"https:\/\/api.w.org\/{rel}","templated":true}]}}