{"id":23326,"date":"2025-07-07T18:51:28","date_gmt":"2025-07-07T18:51:28","guid":{"rendered":"https:\/\/macite.tg\/?p=23326"},"modified":"2025-07-07T18:54:19","modified_gmt":"2025-07-07T18:54:19","slug":"comite-executif-de-lunion-panafricaine-des-avocats-un-avocat-togolais-membre-du-plus-grand-regroupements-davocat-sur-le-continent","status":"publish","type":"post","link":"https:\/\/macite.tg\/?p=23326","title":{"rendered":"COMIT\u00c9 EX\u00c9CUTIF DE L&rsquo;UNION PANAFRICAINE DES AVOCATS\u00a0: Un Avocat togolais membre du plus grand regroupement d\u2019avocats sur le continent"},"content":{"rendered":"\n<p class=\"wp-block-paragraph\"><strong><em>Ma\u00eetre Koffi Sylvain Mensah Attoh, Doyen du Conseil de l\u2019Ordre des Avocats du Togo, a \u00e9t\u00e9 \u00e9lu Vice-Pr\u00e9sident pour la R\u00e9gion Afrique de l\u2019Ouest de l\u2019Union Panafricaine des Avocats (UPA\/PALU) et ce pour un mandat de 3 ans (2025-2028).<\/em><\/strong><\/p>\n\n\n\n<p class=\"wp-block-paragraph\">Ancien Tr\u00e9sorier du Comit\u00e9 Ex\u00e9cutif sortant, Me Koffi Sylvain Mensah Attoh est un membre \u00e0 vie de l\u2019UPA dont il participe aux activit\u00e9s depuis plus de dix (10) ans.<\/p>\n\n\n\n<p class=\"wp-block-paragraph\">Cette \u00e9lection honore notre pays et le Barreau du Togo parce que c\u2019est la premi\u00e8re fois qu\u2019un avocat togolais est port\u00e9 \u00e0 ce niveau de l\u2019Union Panafricaine des Avocats qui a \u00e9t\u00e9 cr\u00e9\u00e9 \u00e0 Addis-Abeba (Ethiopie) en 2002. Il se veut le plus grand forum continental cr\u00e9\u00e9 par et pour les Avocats et les Associations d\u2019avocats (Barreaux) en Afrique et dans la Diaspora avec pour vision de refl\u00e9ter les aspirations des peuples africains et de d\u00e9fendre la justice, la bonne gouvernance et l\u2019Etat de Droit sur tout le continent. Il se veut \u00e9galement un outil de promotion et de protection de la profession juridique et d\u2019accompagnement des politiques publiques pour une meilleure int\u00e9gration avec l\u2019adh\u00e9sion des avocats africains aux projets de d\u00e9veloppement sur le continent parce qu\u2019ils demeurent des acteurs pr\u00e9cieux des \u00e9conomies africaines.<\/p>\n\n\n<div class=\"wp-block-image\">\n<figure class=\"aligncenter size-large\"><img loading=\"lazy\" decoding=\"async\" width=\"724\" height=\"1024\" src=\"https:\/\/macite.tg\/wp-content\/uploads\/2025\/07\/a6d3da27-4f83-4915-bc4c-3433316219fc-724x1024.jpg\" alt=\"\" class=\"wp-image-23223\" srcset=\"https:\/\/macite.tg\/wp-content\/uploads\/2025\/07\/a6d3da27-4f83-4915-bc4c-3433316219fc-724x1024.jpg 724w, https:\/\/macite.tg\/wp-content\/uploads\/2025\/07\/a6d3da27-4f83-4915-bc4c-3433316219fc-212x300.jpg 212w, https:\/\/macite.tg\/wp-content\/uploads\/2025\/07\/a6d3da27-4f83-4915-bc4c-3433316219fc-768x1086.jpg 768w, https:\/\/macite.tg\/wp-content\/uploads\/2025\/07\/a6d3da27-4f83-4915-bc4c-3433316219fc-1087x1536.jpg 1087w, https:\/\/macite.tg\/wp-content\/uploads\/2025\/07\/a6d3da27-4f83-4915-bc4c-3433316219fc.jpg 1132w\" sizes=\"auto, (max-width: 724px) 100vw, 724px\" \/><\/figure>\n<\/div>\n\n\n<p class=\"wp-block-paragraph\">L\u2019\u00e9lection de Me Mensah Attoh qui remplace \u00e0 ce poste Ma\u00eetre Joyce ODUAH de l\u2019Association Nig\u00e9riane des Avocats, est la reconnaissance du leadership et du Barreau du Togo dans la sous-r\u00e9gion sur certaines questions comme la lutte contre le blanchiment d\u2019argent, le terrorisme et la corruption, la promotion de la ZLECA, l\u2019harmonisation du droit des affaires et la dette souveraine des Etats qui sont des programm\u00e9s sur lesquels l\u2019UPA intervient en dehors des actions pour la protection des Droits humains, la promotion de la Bonne gouvernance et de l\u2019Etat de droit.<\/p>\n\n\n\n<p class=\"wp-block-paragraph\">La mission assign\u00e9e au Vice-Pr\u00e9sident par le nouveau Pr\u00e9sident \u00e9lu, l\u2019\u00e9thiopien Tewodros GETACHEW TULU est de&nbsp;:<\/p>\n\n\n\n<ul class=\"wp-block-list\">\n<li>la sensibilit\u00e9 des confr\u00e8res et cons\u0153urs de notre R\u00e9gion pour une massive adh\u00e9sion \u00e0 l\u2019UPA,<\/li>\n<\/ul>\n\n\n\n<ul class=\"wp-block-list\">\n<li>l\u2019organisation des sessions de formation \u00e0 leur intention sur des sujets pr\u00e9sentant un int\u00e9r\u00eat pour eux,<\/li>\n<\/ul>\n\n\n\n<ul class=\"wp-block-list\">\n<li>l\u2019organisation chaque ann\u00e9e d\u2019une conf\u00e9rence r\u00e9gionale \u00e0 laquelle peuvent assister les confr\u00e8res et cons\u0153urs des autres r\u00e9gions pour partager la m\u00eame vision et les m\u00eames pr\u00e9occupations pour la profession juridique en Afrique,<\/li>\n<\/ul>\n\n\n\n<ul class=\"wp-block-list\">\n<li>la promotion des jeunes et des femmes avocats de notre sous-r\u00e9gion pour une meilleure participation aux activit\u00e9s de l\u2019UPA,<\/li>\n<\/ul>\n\n\n<div class=\"wp-block-image\">\n<figure class=\"aligncenter size-full\"><img loading=\"lazy\" decoding=\"async\" width=\"851\" height=\"315\" src=\"https:\/\/macite.tg\/wp-content\/uploads\/2025\/06\/OTR_Bandeau-Renseignements-1.jpg\" alt=\"\" class=\"wp-image-23140\" srcset=\"https:\/\/macite.tg\/wp-content\/uploads\/2025\/06\/OTR_Bandeau-Renseignements-1.jpg 851w, https:\/\/macite.tg\/wp-content\/uploads\/2025\/06\/OTR_Bandeau-Renseignements-1-300x111.jpg 300w, https:\/\/macite.tg\/wp-content\/uploads\/2025\/06\/OTR_Bandeau-Renseignements-1-768x284.jpg 768w\" sizes=\"auto, (max-width: 851px) 100vw, 851px\" \/><\/figure>\n<\/div>\n\n\n<ul class=\"wp-block-list\">\n<li>la d\u00e9fense de la profession au sein de la R\u00e9gion avec l\u2019appui du bureau continental dont le si\u00e8ge est Arusha qui gagnerait \u00e0 accueillir des avocats ou juristes francophones pour se familiariser aux proc\u00e9dures devant la Cour Africaine des droits de l\u2019homme et aux divers programmes de l\u2019UPA,<\/li>\n<\/ul>\n\n\n\n<ul class=\"wp-block-list\">\n<li>et d\u2019autres activit\u00e9s encore de notre organisation.<\/li>\n<\/ul>\n\n\n\n<p class=\"wp-block-paragraph\">C\u2019est aussi la reconnaissance \u00e0 l\u2019international du leadership et des engagements de Ma\u00eetre Mensah Attoh pour les droits humains, l\u2019autonomisation des femmes, l\u2019\u00e9mancipation des jeunes et leur attachement au continent africain, le d\u00e9veloppement culturel et intellectuel de l\u2019Afrique.<\/p>\n\n\n\n<p class=\"wp-block-paragraph\">Lui qui est d\u00e9j\u00e0&nbsp;:<\/p>\n\n\n\n<ul class=\"wp-block-list\">\n<li>Vice-Pr\u00e9sident pour l\u2019Afrique de l\u2019institut International du Droit d\u2019expression et d\u2019Inspirations fran\u00e7aises (IDEF) dont le Pr\u00e9sident en exercice est Monsieur Bernard Caseneuve, Ancien Premier Ministre fran\u00e7ais,<\/li>\n<\/ul>\n\n\n\n<ul class=\"wp-block-list\">\n<li>Membre du Tribunal Arbitral du Sport (TAS) de Lausanne depuis 2000,<\/li>\n\n\n\n<li>Avocat inscrit sur la liste des Conseils de la Cour P\u00e9nale Internationale (CPI) depuis d\u00e9j\u00e0 15 ans.<\/li>\n<\/ul>\n\n\n\n<p class=\"wp-block-paragraph\">Conseiller Consulaire des Fran\u00e7ais de l\u2019Etranger pour le Togo et le Ghana et responsable de plusieurs organisations de la soci\u00e9t\u00e9 civile \u0153uvrant dans le domaine de la promotion de la femme et de la protection de l\u2019environnement, Me Mensah Attoh est une figure de proue du Barreau du Togo.<\/p>\n\n\n\n<p class=\"wp-block-paragraph\">Il a pr\u00eat\u00e9 serment comme Vice-Pr\u00e9sident de l\u2019UPA \u00e0 respecter et prot\u00e9ger les statuts et r\u00e8glements de l\u2019Union, \u00e0 \u0153uvrer \u00e0 l\u2019\u00e9mancipation du continent et \u00e0 faire progresser les objectifs de l\u2019UA et la vision de l\u2019UPA dans la r\u00e9gion ouest-africaine.<\/p>\n\n\n<div class=\"wp-block-image\">\n<figure class=\"aligncenter size-full\"><img loading=\"lazy\" decoding=\"async\" width=\"526\" height=\"526\" src=\"https:\/\/macite.tg\/wp-content\/uploads\/2025\/07\/1.OTR_.jpg\" alt=\"\" class=\"wp-image-23330\" srcset=\"https:\/\/macite.tg\/wp-content\/uploads\/2025\/07\/1.OTR_.jpg 526w, https:\/\/macite.tg\/wp-content\/uploads\/2025\/07\/1.OTR_-300x300.jpg 300w, https:\/\/macite.tg\/wp-content\/uploads\/2025\/07\/1.OTR_-150x150.jpg 150w, https:\/\/macite.tg\/wp-content\/uploads\/2025\/07\/1.OTR_-122x122.jpg 122w\" sizes=\"auto, (max-width: 526px) 100vw, 526px\" \/><\/figure>\n<\/div>\n\n\n<p class=\"wp-block-paragraph\">Dans le cadre de leur mission, les Vice-pr\u00e9sidents devront mobiliser les confr\u00e8res et cons\u0153urs de la r\u00e9gion \u00e0 adh\u00e9rer \u00e0 cette vision en participant, en dehors des activit\u00e9s des autres organisations professionnelles comme la CIB et la Conf\u00e9rence de Barreau de l\u2019UEMOA ou des Barreaux des pays de l\u2019Afrique de l\u2019Ouest, aux programmes de formation et de sensibilisation de l\u2019Union dans les r\u00e9gions respectives. Ils doivent nouer des partenariats avec des structures \u00e9tatiques et priv\u00e9es en concertation avec les Barreaux nationaux pour faciliter ces diverses activit\u00e9s.<\/p>\n\n\n\n<p class=\"wp-block-paragraph\">Ma\u00eetre Mensah Attoh entend s\u2019adresser \u00e0 tous les Barreaux de l\u2019Afrique de l\u2019Ouest et surtout francophones pour l\u2019organisation de ces activit\u00e9s et la mobilisation des confr\u00e8res \u00e0 travers un comit\u00e9 local qui l\u2019accompagnera dans sa mission.<\/p>\n\n\n\n<p class=\"wp-block-paragraph\">Il voudra compter sur le soutien des autorit\u00e9s togolaises et des autres pays ainsi que des Barreaux nationaux et les m\u00e9dias pour mener \u00e0 bien sa mission pour le rayonnement du Barreau du Togo et de la sous-r\u00e9gion. &nbsp;<\/p>\n\n\n\n<p class=\"wp-block-paragraph\">Le d\u00e9sormais Vice-pr\u00e9sident de l\u2019UPA pour l\u2019Afrique de l\u2019Ouest nous a confi\u00e9 que la coh\u00e9sion qui se d\u00e9gage des premiers contacts sous le leadership du nouveau Pr\u00e9sident Tewodros Getachew Tulu, ancien Vice-Pr\u00e9sident pour\u00a0 l\u2019Afrique de l\u2019Est et Pr\u00e9sident de l\u2019Association des avocats d\u2019Ethiopie, est un gage de r\u00e9ussite de ce mandat plac\u00e9 sous le signe de la m\u00e9diatisation, de la mobilisation et de la gestion efficiente des ressources et du renouvellement et renforcement du partenariat avec les barreaux nationaux et les bailleurs de fonds. Avec en toile de fond une pr\u00e9sence sur les m\u00e9dias et les activit\u00e9s men\u00e9es au sein des barreaux nationaux, un appui aux barreaux nationaux en cas de besoin dans un esprit de collaboration pour une meilleure visibilit\u00e9 et une efficacit\u00e9 de fonctionnement de l\u2019Union.<\/p>\n\n\n<div class=\"wp-block-image\">\n<figure class=\"aligncenter size-full\"><img loading=\"lazy\" decoding=\"async\" width=\"500\" height=\"500\" src=\"https:\/\/macite.tg\/wp-content\/uploads\/2025\/06\/Geo-ref.jpg\" alt=\"\" class=\"wp-image-23043\" srcset=\"https:\/\/macite.tg\/wp-content\/uploads\/2025\/06\/Geo-ref.jpg 500w, https:\/\/macite.tg\/wp-content\/uploads\/2025\/06\/Geo-ref-300x300.jpg 300w, https:\/\/macite.tg\/wp-content\/uploads\/2025\/06\/Geo-ref-150x150.jpg 150w, https:\/\/macite.tg\/wp-content\/uploads\/2025\/06\/Geo-ref-122x122.jpg 122w\" sizes=\"auto, (max-width: 500px) 100vw, 500px\" \/><\/figure>\n<\/div>\n\n\n<p class=\"wp-block-paragraph\">Le Comit\u00e9 ex\u00e9cutif \u00e9lu entend mener des activit\u00e9s dans la majorit\u00e9 des pays du continent tout le long de son mandat.<\/p>\n\n\n\n<p class=\"wp-block-paragraph\">Ma\u00eetre Mensah Attoh a fort \u00e0 faire pour faire rayonner l es barreaux de l\u2019Afrique de l\u2019Ouest durant ce mandat.<\/p>\n\n\n\n<p class=\"wp-block-paragraph\">Nous lui souhaitons bonne chance et bon mandat.<\/p>\n\n\n\n<p class=\"wp-block-paragraph\"><a><strong><em>@macite.tg&nbsp;&nbsp;&nbsp;&nbsp;&nbsp;&nbsp;&nbsp;&nbsp;<\/em><\/strong><\/a><\/p>\n\n\n\n<p class=\"wp-block-paragraph\"><strong><em>E-mail&nbsp;: <\/em><\/strong><a href=\"mailto:maciteinfo@gmail.com\"><strong><em>maciteinfo@gmail.com<\/em><\/strong><\/a><strong><em>; <\/em><\/strong><a href=\"mailto:bawela1@gmail.com\"><strong><em>bawela1@gmail.com<\/em><\/strong><\/a><strong><em><\/em><\/strong><\/p>\n\n\n\n<p class=\"wp-block-paragraph\"><strong><em>Pour vos annonces, (publi)reportages, etc., joignez-nous au (00228)91515309\/<strong>79872224 <\/strong>www.macite.tg, L\u2019information, la bonne&nbsp;!<\/em><\/strong><\/p>\n\n\n\n<p class=\"wp-block-paragraph\"><\/p>\n","protected":false},"excerpt":{"rendered":"<p class=\"text-justify mb-2\" >Ma\u00eetre Koffi Sylvain Mensah Attoh, Doyen du Conseil de l\u2019Ordre des Avocats du Togo, a \u00e9t\u00e9 \u00e9lu Vice-Pr\u00e9sident pour la R\u00e9gion Afrique de l\u2019Ouest de l\u2019Union Panafricaine des Avocats (UPA\/PALU) et ce pour un mandat de 3 ans (2025-2028). Ancien Tr\u00e9sorier du Comit\u00e9 Ex\u00e9cutif sortant, [&hellip;]<\/p>\n","protected":false},"author":2,"featured_media":23329,"comment_status":"open","ping_status":"open","sticky":false,"template":"","format":"standard","meta":{"footnotes":""},"categories":[20,30],"tags":[],"class_list":["post-23326","post","type-post","status-publish","format-standard","has-post-thumbnail","hentry","category-actualite","category-droit-de-lhomme"],"yoast_head":"<!-- This site is optimized with the Yoast SEO plugin v28.4 - https:\/\/yoast.com\/product\/yoast-seo-wordpress\/ -->\n<title>COMIT\u00c9 EX\u00c9CUTIF DE L&#039;UNION PANAFRICAINE DES AVOCATS\u00a0: Un Avocat togolais membre du plus grand regroupement d\u2019avocats sur le continent -<\/title>\n<meta name=\"robots\" content=\"index, follow, max-snippet:-1, max-image-preview:large, max-video-preview:-1\" \/>\n<link rel=\"canonical\" href=\"https:\/\/macite.tg\/?p=23326\" \/>\n<meta property=\"og:locale\" content=\"fr_FR\" \/>\n<meta property=\"og:type\" content=\"article\" \/>\n<meta property=\"og:title\" content=\"COMIT\u00c9 EX\u00c9CUTIF DE L&#039;UNION PANAFRICAINE DES AVOCATS\u00a0: Un Avocat togolais membre du plus grand regroupement d\u2019avocats sur le continent -\" \/>\n<meta property=\"og:description\" content=\"Ma\u00eetre Koffi Sylvain Mensah Attoh, Doyen du Conseil de l\u2019Ordre des Avocats du Togo, a \u00e9t\u00e9 \u00e9lu Vice-Pr\u00e9sident pour la R\u00e9gion Afrique de l\u2019Ouest de l\u2019Union Panafricaine des Avocats (UPA\/PALU) et ce pour un mandat de 3 ans (2025-2028). Ancien Tr\u00e9sorier du Comit\u00e9 Ex\u00e9cutif sortant, [&hellip;]\" \/>\n<meta property=\"og:url\" content=\"https:\/\/macite.tg\/?p=23326\" \/>\n<meta property=\"article:published_time\" content=\"2025-07-07T18:51:28+00:00\" \/>\n<meta property=\"article:modified_time\" content=\"2025-07-07T18:54:19+00:00\" \/>\n<meta property=\"og:image\" content=\"https:\/\/macite.tg\/wp-content\/uploads\/2025\/07\/Avocats.jpg\" \/>\n\t<meta property=\"og:image:width\" content=\"500\" \/>\n\t<meta property=\"og:image:height\" content=\"412\" \/>\n\t<meta property=\"og:image:type\" content=\"image\/jpeg\" \/>\n<meta name=\"author\" content=\"Jean Pierre BAWELA\" \/>\n<meta name=\"twitter:card\" content=\"summary_large_image\" \/>\n<meta name=\"twitter:label1\" content=\"\u00c9crit par\" \/>\n\t<meta name=\"twitter:data1\" content=\"Jean Pierre BAWELA\" \/>\n\t<meta name=\"twitter:label2\" content=\"Dur\u00e9e de lecture estim\u00e9e\" \/>\n\t<meta name=\"twitter:data2\" content=\"7 minutes\" \/>\n<script type=\"application\/ld+json\" class=\"yoast-schema-graph\">{\"@context\":\"https:\\\/\\\/schema.org\",\"@graph\":[{\"@type\":\"Article\",\"@id\":\"https:\\\/\\\/macite.tg\\\/?p=23326#article\",\"isPartOf\":{\"@id\":\"https:\\\/\\\/macite.tg\\\/?p=23326\"},\"author\":{\"name\":\"Jean Pierre BAWELA\",\"@id\":\"https:\\\/\\\/macite.tg\\\/#\\\/schema\\\/person\\\/e9f2de7e5dbbe7770a9402c7ce82f5c2\"},\"headline\":\"COMIT\u00c9 EX\u00c9CUTIF DE L&rsquo;UNION PANAFRICAINE DES AVOCATS\u00a0: Un Avocat togolais membre du plus grand regroupement d\u2019avocats sur le continent\",\"datePublished\":\"2025-07-07T18:51:28+00:00\",\"dateModified\":\"2025-07-07T18:54:19+00:00\",\"mainEntityOfPage\":{\"@id\":\"https:\\\/\\\/macite.tg\\\/?p=23326\"},\"wordCount\":1159,\"commentCount\":0,\"image\":{\"@id\":\"https:\\\/\\\/macite.tg\\\/?p=23326#primaryimage\"},\"thumbnailUrl\":\"https:\\\/\\\/macite.tg\\\/wp-content\\\/uploads\\\/2025\\\/07\\\/Avocats.jpg\",\"articleSection\":[\"ACTUALITE\",\"DROIT DE L'HOMME\"],\"inLanguage\":\"fr-FR\",\"potentialAction\":[{\"@type\":\"CommentAction\",\"name\":\"Comment\",\"target\":[\"https:\\\/\\\/macite.tg\\\/?p=23326#respond\"]}]},{\"@type\":\"WebPage\",\"@id\":\"https:\\\/\\\/macite.tg\\\/?p=23326\",\"url\":\"https:\\\/\\\/macite.tg\\\/?p=23326\",\"name\":\"COMIT\u00c9 EX\u00c9CUTIF DE L'UNION PANAFRICAINE DES AVOCATS\u00a0: Un Avocat togolais membre du plus grand regroupement d\u2019avocats sur le continent -\",\"isPartOf\":{\"@id\":\"https:\\\/\\\/macite.tg\\\/#website\"},\"primaryImageOfPage\":{\"@id\":\"https:\\\/\\\/macite.tg\\\/?p=23326#primaryimage\"},\"image\":{\"@id\":\"https:\\\/\\\/macite.tg\\\/?p=23326#primaryimage\"},\"thumbnailUrl\":\"https:\\\/\\\/macite.tg\\\/wp-content\\\/uploads\\\/2025\\\/07\\\/Avocats.jpg\",\"datePublished\":\"2025-07-07T18:51:28+00:00\",\"dateModified\":\"2025-07-07T18:54:19+00:00\",\"author\":{\"@id\":\"https:\\\/\\\/macite.tg\\\/#\\\/schema\\\/person\\\/e9f2de7e5dbbe7770a9402c7ce82f5c2\"},\"breadcrumb\":{\"@id\":\"https:\\\/\\\/macite.tg\\\/?p=23326#breadcrumb\"},\"inLanguage\":\"fr-FR\",\"potentialAction\":[{\"@type\":\"ReadAction\",\"target\":[\"https:\\\/\\\/macite.tg\\\/?p=23326\"]}]},{\"@type\":\"ImageObject\",\"inLanguage\":\"fr-FR\",\"@id\":\"https:\\\/\\\/macite.tg\\\/?p=23326#primaryimage\",\"url\":\"https:\\\/\\\/macite.tg\\\/wp-content\\\/uploads\\\/2025\\\/07\\\/Avocats.jpg\",\"contentUrl\":\"https:\\\/\\\/macite.tg\\\/wp-content\\\/uploads\\\/2025\\\/07\\\/Avocats.jpg\",\"width\":500,\"height\":412},{\"@type\":\"BreadcrumbList\",\"@id\":\"https:\\\/\\\/macite.tg\\\/?p=23326#breadcrumb\",\"itemListElement\":[{\"@type\":\"ListItem\",\"position\":1,\"name\":\"Accueil\",\"item\":\"https:\\\/\\\/macite.tg\\\/\"},{\"@type\":\"ListItem\",\"position\":2,\"name\":\"COMIT\u00c9 EX\u00c9CUTIF DE L&rsquo;UNION PANAFRICAINE DES AVOCATS\u00a0: Un Avocat togolais membre du plus grand regroupement d\u2019avocats sur le continent\"}]},{\"@type\":\"WebSite\",\"@id\":\"https:\\\/\\\/macite.tg\\\/#website\",\"url\":\"https:\\\/\\\/macite.tg\\\/\",\"name\":\"\",\"description\":\"L&#039;information, la bonne!!!\",\"potentialAction\":[{\"@type\":\"SearchAction\",\"target\":{\"@type\":\"EntryPoint\",\"urlTemplate\":\"https:\\\/\\\/macite.tg\\\/?s={search_term_string}\"},\"query-input\":{\"@type\":\"PropertyValueSpecification\",\"valueRequired\":true,\"valueName\":\"search_term_string\"}}],\"inLanguage\":\"fr-FR\"},{\"@type\":\"Person\",\"@id\":\"https:\\\/\\\/macite.tg\\\/#\\\/schema\\\/person\\\/e9f2de7e5dbbe7770a9402c7ce82f5c2\",\"name\":\"Jean Pierre BAWELA\",\"image\":{\"@type\":\"ImageObject\",\"inLanguage\":\"fr-FR\",\"@id\":\"https:\\\/\\\/macite.tg\\\/wp-content\\\/uploads\\\/2023\\\/09\\\/WhatsApp-Image-2023-09-19-at-14.44.41-122x122.jpeg\",\"url\":\"https:\\\/\\\/macite.tg\\\/wp-content\\\/uploads\\\/2023\\\/09\\\/WhatsApp-Image-2023-09-19-at-14.44.41-122x122.jpeg\",\"contentUrl\":\"https:\\\/\\\/macite.tg\\\/wp-content\\\/uploads\\\/2023\\\/09\\\/WhatsApp-Image-2023-09-19-at-14.44.41-122x122.jpeg\",\"caption\":\"Jean Pierre BAWELA\"},\"url\":\"https:\\\/\\\/macite.tg\\\/?author=2\"}]}<\/script>\n<!-- \/ Yoast SEO plugin. -->","yoast_head_json":{"title":"COMIT\u00c9 EX\u00c9CUTIF DE L'UNION PANAFRICAINE DES AVOCATS\u00a0: Un Avocat togolais membre du plus grand regroupement d\u2019avocats sur le continent -","robots":{"index":"index","follow":"follow","max-snippet":"max-snippet:-1","max-image-preview":"max-image-preview:large","max-video-preview":"max-video-preview:-1"},"canonical":"https:\/\/macite.tg\/?p=23326","og_locale":"fr_FR","og_type":"article","og_title":"COMIT\u00c9 EX\u00c9CUTIF DE L'UNION PANAFRICAINE DES AVOCATS\u00a0: Un Avocat togolais membre du plus grand regroupement d\u2019avocats sur le continent -","og_description":"Ma\u00eetre Koffi Sylvain Mensah Attoh, Doyen du Conseil de l\u2019Ordre des Avocats du Togo, a \u00e9t\u00e9 \u00e9lu Vice-Pr\u00e9sident pour la R\u00e9gion Afrique de l\u2019Ouest de l\u2019Union Panafricaine des Avocats (UPA\/PALU) et ce pour un mandat de 3 ans (2025-2028). Ancien Tr\u00e9sorier du Comit\u00e9 Ex\u00e9cutif sortant, [&hellip;]","og_url":"https:\/\/macite.tg\/?p=23326","article_published_time":"2025-07-07T18:51:28+00:00","article_modified_time":"2025-07-07T18:54:19+00:00","og_image":[{"width":500,"height":412,"url":"https:\/\/macite.tg\/wp-content\/uploads\/2025\/07\/Avocats.jpg","type":"image\/jpeg"}],"author":"Jean Pierre BAWELA","twitter_card":"summary_large_image","twitter_misc":{"\u00c9crit par":"Jean Pierre BAWELA","Dur\u00e9e de lecture estim\u00e9e":"7 minutes"},"schema":{"@context":"https:\/\/schema.org","@graph":[{"@type":"Article","@id":"https:\/\/macite.tg\/?p=23326#article","isPartOf":{"@id":"https:\/\/macite.tg\/?p=23326"},"author":{"name":"Jean Pierre BAWELA","@id":"https:\/\/macite.tg\/#\/schema\/person\/e9f2de7e5dbbe7770a9402c7ce82f5c2"},"headline":"COMIT\u00c9 EX\u00c9CUTIF DE L&rsquo;UNION PANAFRICAINE DES AVOCATS\u00a0: Un Avocat togolais membre du plus grand regroupement d\u2019avocats sur le continent","datePublished":"2025-07-07T18:51:28+00:00","dateModified":"2025-07-07T18:54:19+00:00","mainEntityOfPage":{"@id":"https:\/\/macite.tg\/?p=23326"},"wordCount":1159,"commentCount":0,"image":{"@id":"https:\/\/macite.tg\/?p=23326#primaryimage"},"thumbnailUrl":"https:\/\/macite.tg\/wp-content\/uploads\/2025\/07\/Avocats.jpg","articleSection":["ACTUALITE","DROIT DE L'HOMME"],"inLanguage":"fr-FR","potentialAction":[{"@type":"CommentAction","name":"Comment","target":["https:\/\/macite.tg\/?p=23326#respond"]}]},{"@type":"WebPage","@id":"https:\/\/macite.tg\/?p=23326","url":"https:\/\/macite.tg\/?p=23326","name":"COMIT\u00c9 EX\u00c9CUTIF DE L'UNION PANAFRICAINE DES AVOCATS\u00a0: Un Avocat togolais membre du plus grand regroupement d\u2019avocats sur le continent -","isPartOf":{"@id":"https:\/\/macite.tg\/#website"},"primaryImageOfPage":{"@id":"https:\/\/macite.tg\/?p=23326#primaryimage"},"image":{"@id":"https:\/\/macite.tg\/?p=23326#primaryimage"},"thumbnailUrl":"https:\/\/macite.tg\/wp-content\/uploads\/2025\/07\/Avocats.jpg","datePublished":"2025-07-07T18:51:28+00:00","dateModified":"2025-07-07T18:54:19+00:00","author":{"@id":"https:\/\/macite.tg\/#\/schema\/person\/e9f2de7e5dbbe7770a9402c7ce82f5c2"},"breadcrumb":{"@id":"https:\/\/macite.tg\/?p=23326#breadcrumb"},"inLanguage":"fr-FR","potentialAction":[{"@type":"ReadAction","target":["https:\/\/macite.tg\/?p=23326"]}]},{"@type":"ImageObject","inLanguage":"fr-FR","@id":"https:\/\/macite.tg\/?p=23326#primaryimage","url":"https:\/\/macite.tg\/wp-content\/uploads\/2025\/07\/Avocats.jpg","contentUrl":"https:\/\/macite.tg\/wp-content\/uploads\/2025\/07\/Avocats.jpg","width":500,"height":412},{"@type":"BreadcrumbList","@id":"https:\/\/macite.tg\/?p=23326#breadcrumb","itemListElement":[{"@type":"ListItem","position":1,"name":"Accueil","item":"https:\/\/macite.tg\/"},{"@type":"ListItem","position":2,"name":"COMIT\u00c9 EX\u00c9CUTIF DE L&rsquo;UNION PANAFRICAINE DES AVOCATS\u00a0: Un Avocat togolais membre du plus grand regroupement d\u2019avocats sur le continent"}]},{"@type":"WebSite","@id":"https:\/\/macite.tg\/#website","url":"https:\/\/macite.tg\/","name":"","description":"L&#039;information, la bonne!!!","potentialAction":[{"@type":"SearchAction","target":{"@type":"EntryPoint","urlTemplate":"https:\/\/macite.tg\/?s={search_term_string}"},"query-input":{"@type":"PropertyValueSpecification","valueRequired":true,"valueName":"search_term_string"}}],"inLanguage":"fr-FR"},{"@type":"Person","@id":"https:\/\/macite.tg\/#\/schema\/person\/e9f2de7e5dbbe7770a9402c7ce82f5c2","name":"Jean Pierre BAWELA","image":{"@type":"ImageObject","inLanguage":"fr-FR","@id":"https:\/\/macite.tg\/wp-content\/uploads\/2023\/09\/WhatsApp-Image-2023-09-19-at-14.44.41-122x122.jpeg","url":"https:\/\/macite.tg\/wp-content\/uploads\/2023\/09\/WhatsApp-Image-2023-09-19-at-14.44.41-122x122.jpeg","contentUrl":"https:\/\/macite.tg\/wp-content\/uploads\/2023\/09\/WhatsApp-Image-2023-09-19-at-14.44.41-122x122.jpeg","caption":"Jean Pierre BAWELA"},"url":"https:\/\/macite.tg\/?author=2"}]}},"_links":{"self":[{"href":"https:\/\/macite.tg\/index.php?rest_route=\/wp\/v2\/posts\/23326","targetHints":{"allow":["GET"]}}],"collection":[{"href":"https:\/\/macite.tg\/index.php?rest_route=\/wp\/v2\/posts"}],"about":[{"href":"https:\/\/macite.tg\/index.php?rest_route=\/wp\/v2\/types\/post"}],"author":[{"embeddable":true,"href":"https:\/\/macite.tg\/index.php?rest_route=\/wp\/v2\/users\/2"}],"replies":[{"embeddable":true,"href":"https:\/\/macite.tg\/index.php?rest_route=%2Fwp%2Fv2%2Fcomments&post=23326"}],"version-history":[{"count":0,"href":"https:\/\/macite.tg\/index.php?rest_route=\/wp\/v2\/posts\/23326\/revisions"}],"wp:featuredmedia":[{"embeddable":true,"href":"https:\/\/macite.tg\/index.php?rest_route=\/wp\/v2\/media\/23329"}],"wp:attachment":[{"href":"https:\/\/macite.tg\/index.php?rest_route=%2Fwp%2Fv2%2Fmedia&parent=23326"}],"wp:term":[{"taxonomy":"category","embeddable":true,"href":"https:\/\/macite.tg\/index.php?rest_route=%2Fwp%2Fv2%2Fcategories&post=23326"},{"taxonomy":"post_tag","embeddable":true,"href":"https:\/\/macite.tg\/index.php?rest_route=%2Fwp%2Fv2%2Ftags&post=23326"}],"curies":[{"name":"wp","href":"https:\/\/api.w.org\/{rel}","templated":true}]}}