{"id":23324,"date":"2025-07-07T18:20:41","date_gmt":"2025-07-07T18:20:41","guid":{"rendered":"https:\/\/macite.tg\/?p=23324"},"modified":"2025-07-07T18:20:44","modified_gmt":"2025-07-07T18:20:44","slug":"mouvements-sociopolitiques-de-juin-dernier-le-rapport-detape-de-la-cndh-sur-la-table-de-la-representation-nationale","status":"publish","type":"post","link":"https:\/\/macite.tg\/?p=23324","title":{"rendered":"MOUVEMENTS SOCIOPOLITIQUES DE JUIN DERNIER : Le rapport d\u2019\u00e9tape de la CNDH sur la table de la Repr\u00e9sentation nationale"},"content":{"rendered":"\n<p class=\"wp-block-paragraph\"><strong><em>Le Pr\u00e9sident de l\u2019Assembl\u00e9e nationale, Son Excellence Monsieur Kodjo Sevon-T\u00e9p\u00e9 Ad\u00e9dz\u00e9ZE, a accord\u00e9, ce lundi 07 juillet 2025, une audience au bureau ex\u00e9cutif de la Commission nationale des droits de l\u2019homme (CNDH), conduit par son pr\u00e9sident, Me Kwao Ohini Sanvee, au si\u00e8ge de la repr\u00e9sentation nationale.<\/em><\/strong><\/p>\n\n\n\n<p class=\"wp-block-paragraph\">La rencontre a port\u00e9 sur la remise officielle d\u2019un rapport d\u2019\u00e9tape relatif aux \u00e9v\u00e9nements socio-politiques survenus au Togo les 6-26-27 et 28 juin 2025, \u00e0 la suite d\u2019une saisine de l\u2019Assembl\u00e9e nationale.<\/p>\n\n\n\n<p class=\"wp-block-paragraph\">Elle s\u2019inscrit dans le cadre de l\u2019engagement formel de l\u2019Assembl\u00e9e nationale \u00e0 faire la lumi\u00e8re sur les incidents ayant marqu\u00e9 le mois de juin. En r\u00e9ponse \u00e0 cette saisine officielle, la CNDH a proc\u00e9d\u00e9 \u00e0 une analyse approfondie et document\u00e9e des faits.<\/p>\n\n\n<div class=\"wp-block-image\">\n<figure class=\"aligncenter size-large\"><img loading=\"lazy\" decoding=\"async\" width=\"724\" height=\"1024\" src=\"https:\/\/macite.tg\/wp-content\/uploads\/2025\/07\/a6d3da27-4f83-4915-bc4c-3433316219fc-724x1024.jpg\" alt=\"\" class=\"wp-image-23223\" srcset=\"https:\/\/macite.tg\/wp-content\/uploads\/2025\/07\/a6d3da27-4f83-4915-bc4c-3433316219fc-724x1024.jpg 724w, https:\/\/macite.tg\/wp-content\/uploads\/2025\/07\/a6d3da27-4f83-4915-bc4c-3433316219fc-212x300.jpg 212w, https:\/\/macite.tg\/wp-content\/uploads\/2025\/07\/a6d3da27-4f83-4915-bc4c-3433316219fc-768x1086.jpg 768w, https:\/\/macite.tg\/wp-content\/uploads\/2025\/07\/a6d3da27-4f83-4915-bc4c-3433316219fc-1087x1536.jpg 1087w, https:\/\/macite.tg\/wp-content\/uploads\/2025\/07\/a6d3da27-4f83-4915-bc4c-3433316219fc.jpg 1132w\" sizes=\"auto, (max-width: 724px) 100vw, 724px\" \/><\/figure>\n<\/div>\n\n\n<p class=\"wp-block-paragraph\"><em>\u00ab La CNDH, conform\u00e9ment \u00e0 son mandat, suit avec la plus grande attention cette situation et travaille \u00e0 cet effet. C&rsquo;est dans cette perspective, que nous avons remis officiellement un rapport d\u2019\u00e9tape sur ce qui a \u00e9t\u00e9 constat\u00e9, avec, surtout, des recommandations adress\u00e9es \u00e0 Monsieur le Pr\u00e9sident de l\u2019Assembl\u00e9e nationale. La CNDH s\u2019engage \u00e0 continuer de travailler avec d\u00e9termination, professionnalisme sur les all\u00e9gations de violation des droits de l\u2019homme, afin que la lumi\u00e8re soit faite sur les cas av\u00e9r\u00e9s et que la loi pr\u00e9vale. \u00bb,<\/em> a d\u00e9clar\u00e9 le pr\u00e9sident de la CNDH \u00e0 la sortie de l\u2019audience.<\/p>\n\n\n\n<p class=\"wp-block-paragraph\">En effet, selon les dispositions de l\u2019article 83, alin\u00e9as 3 et 4, de la Constitution du 6 mai 2024, la CNDH <em>\u00ab assure un r\u00f4le de conseil et de proposition aupr\u00e8s du gouvernement et du Parlement dans le domaine des droits de l\u2019homme, du droit, de l\u2019action humanitaire et du respect des garanties fondamentales accord\u00e9es aux citoyens pour l\u2019exercice des libert\u00e9s publiques. Elle peut appeler publiquement l\u2019attention du Parlement et du gouvernement sur les mesures qui lui paraissent de nature \u00e0 favoriser la protection et la promotion des droits de l\u2019homme \u00bb.<\/em><\/p>\n\n\n\n<p class=\"wp-block-paragraph\">\u00c0 la fin de l\u2019audience, le Pr\u00e9sident de l\u2019Assembl\u00e9e nationale a r\u00e9it\u00e9r\u00e9 <em>\u00ab la volont\u00e9 de l\u2019Assembl\u00e9e nationale d\u2019assumer pleinement son r\u00f4le constitutionnel dans le contr\u00f4le de l\u2019action du gouvernement \u00bb. <\/em>Il a pr\u00e9cis\u00e9 que le contenu du rapport sera \u00e9tudi\u00e9 minutieusement par les commissions parlementaires comp\u00e9tentes, en vue de prendre les mesures n\u00e9cessaires et de formuler des recommandations appropri\u00e9es.<\/p>\n\n\n<div class=\"wp-block-image\">\n<figure class=\"aligncenter size-large\"><img loading=\"lazy\" decoding=\"async\" width=\"731\" height=\"1024\" src=\"https:\/\/macite.tg\/wp-content\/uploads\/2025\/07\/12ced37c-0291-4b27-a6d8-6588135ffd3a-731x1024.jpg\" alt=\"\" class=\"wp-image-23222\" srcset=\"https:\/\/macite.tg\/wp-content\/uploads\/2025\/07\/12ced37c-0291-4b27-a6d8-6588135ffd3a-731x1024.jpg 731w, https:\/\/macite.tg\/wp-content\/uploads\/2025\/07\/12ced37c-0291-4b27-a6d8-6588135ffd3a-214x300.jpg 214w, https:\/\/macite.tg\/wp-content\/uploads\/2025\/07\/12ced37c-0291-4b27-a6d8-6588135ffd3a-768x1076.jpg 768w, https:\/\/macite.tg\/wp-content\/uploads\/2025\/07\/12ced37c-0291-4b27-a6d8-6588135ffd3a-1096x1536.jpg 1096w, https:\/\/macite.tg\/wp-content\/uploads\/2025\/07\/12ced37c-0291-4b27-a6d8-6588135ffd3a.jpg 1142w\" sizes=\"auto, (max-width: 731px) 100vw, 731px\" \/><\/figure>\n<\/div>\n\n\n<p class=\"wp-block-paragraph\">Cet engagement illustre les efforts continus des plus hautes autorit\u00e9s togolaises \u00e0 promouvoir la transparence sur ces \u00e9v\u00e9nements et \u00e0 situer les responsabilit\u00e9s, dans l\u2019objectif de pr\u00e9server la coh\u00e9sion nationale et la paix sociale.<\/p>\n\n\n\n<p class=\"wp-block-paragraph\"><strong>Cellule Comm. AN<\/strong><\/p>\n\n\n\n<p class=\"wp-block-paragraph\"><a><strong><em>@macite.tg&nbsp;&nbsp;&nbsp;&nbsp;&nbsp;&nbsp;&nbsp;&nbsp;<\/em><\/strong><\/a><\/p>\n\n\n\n<p class=\"wp-block-paragraph\"><strong><em>E-mail&nbsp;: <\/em><\/strong><a href=\"mailto:maciteinfo@gmail.com\"><strong><em>maciteinfo@gmail.com<\/em><\/strong><\/a><strong><em>; <\/em><\/strong><a href=\"mailto:bawela1@gmail.com\"><strong><em>bawela1@gmail.com<\/em><\/strong><\/a><strong><em><\/em><\/strong><\/p>\n\n\n\n<p class=\"wp-block-paragraph\"><strong><em>Pour vos annonces, (publi)reportages, etc., joignez-nous au (00228)91515309\/<strong>79872224 <\/strong>www.macite.tg, L\u2019information, la bonne&nbsp;!<\/em><\/strong><\/p>\n\n\n\n<p class=\"wp-block-paragraph\"><\/p>\n","protected":false},"excerpt":{"rendered":"<p class=\"text-justify mb-2\" >Le Pr\u00e9sident de l\u2019Assembl\u00e9e nationale, Son Excellence Monsieur Kodjo Sevon-T\u00e9p\u00e9 Ad\u00e9dz\u00e9ZE, a accord\u00e9, ce lundi 07 juillet 2025, une audience au bureau ex\u00e9cutif de la Commission nationale des droits de l\u2019homme (CNDH), conduit par son pr\u00e9sident, Me Kwao Ohini Sanvee, au si\u00e8ge de la repr\u00e9sentation [&hellip;]<\/p>\n","protected":false},"author":2,"featured_media":23327,"comment_status":"open","ping_status":"open","sticky":false,"template":"","format":"standard","meta":{"footnotes":""},"categories":[20,1],"tags":[],"class_list":["post-23324","post","type-post","status-publish","format-standard","has-post-thumbnail","hentry","category-actualite","category-politique"],"yoast_head":"<!-- This site is optimized with the Yoast SEO plugin v28.4 - https:\/\/yoast.com\/product\/yoast-seo-wordpress\/ -->\n<title>MOUVEMENTS SOCIOPOLITIQUES DE JUIN DERNIER : Le rapport d\u2019\u00e9tape de la CNDH sur la table de la Repr\u00e9sentation nationale -<\/title>\n<meta name=\"robots\" content=\"index, follow, max-snippet:-1, max-image-preview:large, max-video-preview:-1\" \/>\n<link rel=\"canonical\" href=\"https:\/\/macite.tg\/?p=23324\" \/>\n<meta property=\"og:locale\" content=\"fr_FR\" \/>\n<meta property=\"og:type\" content=\"article\" \/>\n<meta property=\"og:title\" content=\"MOUVEMENTS SOCIOPOLITIQUES DE JUIN DERNIER : Le rapport d\u2019\u00e9tape de la CNDH sur la table de la Repr\u00e9sentation nationale -\" \/>\n<meta property=\"og:description\" content=\"Le Pr\u00e9sident de l\u2019Assembl\u00e9e nationale, Son Excellence Monsieur Kodjo Sevon-T\u00e9p\u00e9 Ad\u00e9dz\u00e9ZE, a accord\u00e9, ce lundi 07 juillet 2025, une audience au bureau ex\u00e9cutif de la Commission nationale des droits de l\u2019homme (CNDH), conduit par son pr\u00e9sident, Me Kwao Ohini Sanvee, au si\u00e8ge de la repr\u00e9sentation [&hellip;]\" \/>\n<meta property=\"og:url\" content=\"https:\/\/macite.tg\/?p=23324\" \/>\n<meta property=\"article:published_time\" content=\"2025-07-07T18:20:41+00:00\" \/>\n<meta property=\"article:modified_time\" content=\"2025-07-07T18:20:44+00:00\" \/>\n<meta property=\"og:image\" content=\"https:\/\/macite.tg\/wp-content\/uploads\/2025\/07\/AN3.jpg\" \/>\n\t<meta property=\"og:image:width\" content=\"500\" \/>\n\t<meta property=\"og:image:height\" content=\"350\" \/>\n\t<meta property=\"og:image:type\" content=\"image\/jpeg\" \/>\n<meta name=\"author\" content=\"Jean Pierre BAWELA\" \/>\n<meta name=\"twitter:card\" content=\"summary_large_image\" \/>\n<meta name=\"twitter:label1\" content=\"\u00c9crit par\" \/>\n\t<meta name=\"twitter:data1\" content=\"Jean Pierre BAWELA\" \/>\n\t<meta name=\"twitter:label2\" content=\"Dur\u00e9e de lecture estim\u00e9e\" \/>\n\t<meta name=\"twitter:data2\" content=\"3 minutes\" \/>\n<script type=\"application\/ld+json\" class=\"yoast-schema-graph\">{\"@context\":\"https:\\\/\\\/schema.org\",\"@graph\":[{\"@type\":\"Article\",\"@id\":\"https:\\\/\\\/macite.tg\\\/?p=23324#article\",\"isPartOf\":{\"@id\":\"https:\\\/\\\/macite.tg\\\/?p=23324\"},\"author\":{\"name\":\"Jean Pierre BAWELA\",\"@id\":\"https:\\\/\\\/macite.tg\\\/#\\\/schema\\\/person\\\/e9f2de7e5dbbe7770a9402c7ce82f5c2\"},\"headline\":\"MOUVEMENTS SOCIOPOLITIQUES DE JUIN DERNIER : Le rapport d\u2019\u00e9tape de la CNDH sur la table de la Repr\u00e9sentation nationale\",\"datePublished\":\"2025-07-07T18:20:41+00:00\",\"dateModified\":\"2025-07-07T18:20:44+00:00\",\"mainEntityOfPage\":{\"@id\":\"https:\\\/\\\/macite.tg\\\/?p=23324\"},\"wordCount\":509,\"commentCount\":0,\"image\":{\"@id\":\"https:\\\/\\\/macite.tg\\\/?p=23324#primaryimage\"},\"thumbnailUrl\":\"https:\\\/\\\/macite.tg\\\/wp-content\\\/uploads\\\/2025\\\/07\\\/AN3.jpg\",\"articleSection\":[\"ACTUALITE\",\"POLITIQUE\"],\"inLanguage\":\"fr-FR\",\"potentialAction\":[{\"@type\":\"CommentAction\",\"name\":\"Comment\",\"target\":[\"https:\\\/\\\/macite.tg\\\/?p=23324#respond\"]}]},{\"@type\":\"WebPage\",\"@id\":\"https:\\\/\\\/macite.tg\\\/?p=23324\",\"url\":\"https:\\\/\\\/macite.tg\\\/?p=23324\",\"name\":\"MOUVEMENTS SOCIOPOLITIQUES DE JUIN DERNIER : Le rapport d\u2019\u00e9tape de la CNDH sur la table de la Repr\u00e9sentation nationale -\",\"isPartOf\":{\"@id\":\"https:\\\/\\\/macite.tg\\\/#website\"},\"primaryImageOfPage\":{\"@id\":\"https:\\\/\\\/macite.tg\\\/?p=23324#primaryimage\"},\"image\":{\"@id\":\"https:\\\/\\\/macite.tg\\\/?p=23324#primaryimage\"},\"thumbnailUrl\":\"https:\\\/\\\/macite.tg\\\/wp-content\\\/uploads\\\/2025\\\/07\\\/AN3.jpg\",\"datePublished\":\"2025-07-07T18:20:41+00:00\",\"dateModified\":\"2025-07-07T18:20:44+00:00\",\"author\":{\"@id\":\"https:\\\/\\\/macite.tg\\\/#\\\/schema\\\/person\\\/e9f2de7e5dbbe7770a9402c7ce82f5c2\"},\"breadcrumb\":{\"@id\":\"https:\\\/\\\/macite.tg\\\/?p=23324#breadcrumb\"},\"inLanguage\":\"fr-FR\",\"potentialAction\":[{\"@type\":\"ReadAction\",\"target\":[\"https:\\\/\\\/macite.tg\\\/?p=23324\"]}]},{\"@type\":\"ImageObject\",\"inLanguage\":\"fr-FR\",\"@id\":\"https:\\\/\\\/macite.tg\\\/?p=23324#primaryimage\",\"url\":\"https:\\\/\\\/macite.tg\\\/wp-content\\\/uploads\\\/2025\\\/07\\\/AN3.jpg\",\"contentUrl\":\"https:\\\/\\\/macite.tg\\\/wp-content\\\/uploads\\\/2025\\\/07\\\/AN3.jpg\",\"width\":500,\"height\":350},{\"@type\":\"BreadcrumbList\",\"@id\":\"https:\\\/\\\/macite.tg\\\/?p=23324#breadcrumb\",\"itemListElement\":[{\"@type\":\"ListItem\",\"position\":1,\"name\":\"Accueil\",\"item\":\"https:\\\/\\\/macite.tg\\\/\"},{\"@type\":\"ListItem\",\"position\":2,\"name\":\"MOUVEMENTS SOCIOPOLITIQUES DE JUIN DERNIER : Le rapport d\u2019\u00e9tape de la CNDH sur la table de la Repr\u00e9sentation nationale\"}]},{\"@type\":\"WebSite\",\"@id\":\"https:\\\/\\\/macite.tg\\\/#website\",\"url\":\"https:\\\/\\\/macite.tg\\\/\",\"name\":\"\",\"description\":\"L&#039;information, la bonne!!!\",\"potentialAction\":[{\"@type\":\"SearchAction\",\"target\":{\"@type\":\"EntryPoint\",\"urlTemplate\":\"https:\\\/\\\/macite.tg\\\/?s={search_term_string}\"},\"query-input\":{\"@type\":\"PropertyValueSpecification\",\"valueRequired\":true,\"valueName\":\"search_term_string\"}}],\"inLanguage\":\"fr-FR\"},{\"@type\":\"Person\",\"@id\":\"https:\\\/\\\/macite.tg\\\/#\\\/schema\\\/person\\\/e9f2de7e5dbbe7770a9402c7ce82f5c2\",\"name\":\"Jean Pierre BAWELA\",\"image\":{\"@type\":\"ImageObject\",\"inLanguage\":\"fr-FR\",\"@id\":\"https:\\\/\\\/macite.tg\\\/wp-content\\\/uploads\\\/2023\\\/09\\\/WhatsApp-Image-2023-09-19-at-14.44.41-122x122.jpeg\",\"url\":\"https:\\\/\\\/macite.tg\\\/wp-content\\\/uploads\\\/2023\\\/09\\\/WhatsApp-Image-2023-09-19-at-14.44.41-122x122.jpeg\",\"contentUrl\":\"https:\\\/\\\/macite.tg\\\/wp-content\\\/uploads\\\/2023\\\/09\\\/WhatsApp-Image-2023-09-19-at-14.44.41-122x122.jpeg\",\"caption\":\"Jean Pierre BAWELA\"},\"url\":\"https:\\\/\\\/macite.tg\\\/?author=2\"}]}<\/script>\n<!-- \/ Yoast SEO plugin. -->","yoast_head_json":{"title":"MOUVEMENTS SOCIOPOLITIQUES DE JUIN DERNIER : Le rapport d\u2019\u00e9tape de la CNDH sur la table de la Repr\u00e9sentation nationale -","robots":{"index":"index","follow":"follow","max-snippet":"max-snippet:-1","max-image-preview":"max-image-preview:large","max-video-preview":"max-video-preview:-1"},"canonical":"https:\/\/macite.tg\/?p=23324","og_locale":"fr_FR","og_type":"article","og_title":"MOUVEMENTS SOCIOPOLITIQUES DE JUIN DERNIER : Le rapport d\u2019\u00e9tape de la CNDH sur la table de la Repr\u00e9sentation nationale -","og_description":"Le Pr\u00e9sident de l\u2019Assembl\u00e9e nationale, Son Excellence Monsieur Kodjo Sevon-T\u00e9p\u00e9 Ad\u00e9dz\u00e9ZE, a accord\u00e9, ce lundi 07 juillet 2025, une audience au bureau ex\u00e9cutif de la Commission nationale des droits de l\u2019homme (CNDH), conduit par son pr\u00e9sident, Me Kwao Ohini Sanvee, au si\u00e8ge de la repr\u00e9sentation [&hellip;]","og_url":"https:\/\/macite.tg\/?p=23324","article_published_time":"2025-07-07T18:20:41+00:00","article_modified_time":"2025-07-07T18:20:44+00:00","og_image":[{"width":500,"height":350,"url":"https:\/\/macite.tg\/wp-content\/uploads\/2025\/07\/AN3.jpg","type":"image\/jpeg"}],"author":"Jean Pierre BAWELA","twitter_card":"summary_large_image","twitter_misc":{"\u00c9crit par":"Jean Pierre BAWELA","Dur\u00e9e de lecture estim\u00e9e":"3 minutes"},"schema":{"@context":"https:\/\/schema.org","@graph":[{"@type":"Article","@id":"https:\/\/macite.tg\/?p=23324#article","isPartOf":{"@id":"https:\/\/macite.tg\/?p=23324"},"author":{"name":"Jean Pierre BAWELA","@id":"https:\/\/macite.tg\/#\/schema\/person\/e9f2de7e5dbbe7770a9402c7ce82f5c2"},"headline":"MOUVEMENTS SOCIOPOLITIQUES DE JUIN DERNIER : Le rapport d\u2019\u00e9tape de la CNDH sur la table de la Repr\u00e9sentation nationale","datePublished":"2025-07-07T18:20:41+00:00","dateModified":"2025-07-07T18:20:44+00:00","mainEntityOfPage":{"@id":"https:\/\/macite.tg\/?p=23324"},"wordCount":509,"commentCount":0,"image":{"@id":"https:\/\/macite.tg\/?p=23324#primaryimage"},"thumbnailUrl":"https:\/\/macite.tg\/wp-content\/uploads\/2025\/07\/AN3.jpg","articleSection":["ACTUALITE","POLITIQUE"],"inLanguage":"fr-FR","potentialAction":[{"@type":"CommentAction","name":"Comment","target":["https:\/\/macite.tg\/?p=23324#respond"]}]},{"@type":"WebPage","@id":"https:\/\/macite.tg\/?p=23324","url":"https:\/\/macite.tg\/?p=23324","name":"MOUVEMENTS SOCIOPOLITIQUES DE JUIN DERNIER : Le rapport d\u2019\u00e9tape de la CNDH sur la table de la Repr\u00e9sentation nationale -","isPartOf":{"@id":"https:\/\/macite.tg\/#website"},"primaryImageOfPage":{"@id":"https:\/\/macite.tg\/?p=23324#primaryimage"},"image":{"@id":"https:\/\/macite.tg\/?p=23324#primaryimage"},"thumbnailUrl":"https:\/\/macite.tg\/wp-content\/uploads\/2025\/07\/AN3.jpg","datePublished":"2025-07-07T18:20:41+00:00","dateModified":"2025-07-07T18:20:44+00:00","author":{"@id":"https:\/\/macite.tg\/#\/schema\/person\/e9f2de7e5dbbe7770a9402c7ce82f5c2"},"breadcrumb":{"@id":"https:\/\/macite.tg\/?p=23324#breadcrumb"},"inLanguage":"fr-FR","potentialAction":[{"@type":"ReadAction","target":["https:\/\/macite.tg\/?p=23324"]}]},{"@type":"ImageObject","inLanguage":"fr-FR","@id":"https:\/\/macite.tg\/?p=23324#primaryimage","url":"https:\/\/macite.tg\/wp-content\/uploads\/2025\/07\/AN3.jpg","contentUrl":"https:\/\/macite.tg\/wp-content\/uploads\/2025\/07\/AN3.jpg","width":500,"height":350},{"@type":"BreadcrumbList","@id":"https:\/\/macite.tg\/?p=23324#breadcrumb","itemListElement":[{"@type":"ListItem","position":1,"name":"Accueil","item":"https:\/\/macite.tg\/"},{"@type":"ListItem","position":2,"name":"MOUVEMENTS SOCIOPOLITIQUES DE JUIN DERNIER : Le rapport d\u2019\u00e9tape de la CNDH sur la table de la Repr\u00e9sentation nationale"}]},{"@type":"WebSite","@id":"https:\/\/macite.tg\/#website","url":"https:\/\/macite.tg\/","name":"","description":"L&#039;information, la bonne!!!","potentialAction":[{"@type":"SearchAction","target":{"@type":"EntryPoint","urlTemplate":"https:\/\/macite.tg\/?s={search_term_string}"},"query-input":{"@type":"PropertyValueSpecification","valueRequired":true,"valueName":"search_term_string"}}],"inLanguage":"fr-FR"},{"@type":"Person","@id":"https:\/\/macite.tg\/#\/schema\/person\/e9f2de7e5dbbe7770a9402c7ce82f5c2","name":"Jean Pierre BAWELA","image":{"@type":"ImageObject","inLanguage":"fr-FR","@id":"https:\/\/macite.tg\/wp-content\/uploads\/2023\/09\/WhatsApp-Image-2023-09-19-at-14.44.41-122x122.jpeg","url":"https:\/\/macite.tg\/wp-content\/uploads\/2023\/09\/WhatsApp-Image-2023-09-19-at-14.44.41-122x122.jpeg","contentUrl":"https:\/\/macite.tg\/wp-content\/uploads\/2023\/09\/WhatsApp-Image-2023-09-19-at-14.44.41-122x122.jpeg","caption":"Jean Pierre BAWELA"},"url":"https:\/\/macite.tg\/?author=2"}]}},"_links":{"self":[{"href":"https:\/\/macite.tg\/index.php?rest_route=\/wp\/v2\/posts\/23324","targetHints":{"allow":["GET"]}}],"collection":[{"href":"https:\/\/macite.tg\/index.php?rest_route=\/wp\/v2\/posts"}],"about":[{"href":"https:\/\/macite.tg\/index.php?rest_route=\/wp\/v2\/types\/post"}],"author":[{"embeddable":true,"href":"https:\/\/macite.tg\/index.php?rest_route=\/wp\/v2\/users\/2"}],"replies":[{"embeddable":true,"href":"https:\/\/macite.tg\/index.php?rest_route=%2Fwp%2Fv2%2Fcomments&post=23324"}],"version-history":[{"count":0,"href":"https:\/\/macite.tg\/index.php?rest_route=\/wp\/v2\/posts\/23324\/revisions"}],"wp:featuredmedia":[{"embeddable":true,"href":"https:\/\/macite.tg\/index.php?rest_route=\/wp\/v2\/media\/23327"}],"wp:attachment":[{"href":"https:\/\/macite.tg\/index.php?rest_route=%2Fwp%2Fv2%2Fmedia&parent=23324"}],"wp:term":[{"taxonomy":"category","embeddable":true,"href":"https:\/\/macite.tg\/index.php?rest_route=%2Fwp%2Fv2%2Fcategories&post=23324"},{"taxonomy":"post_tag","embeddable":true,"href":"https:\/\/macite.tg\/index.php?rest_route=%2Fwp%2Fv2%2Ftags&post=23324"}],"curies":[{"name":"wp","href":"https:\/\/api.w.org\/{rel}","templated":true}]}}