{"id":23155,"date":"2025-06-30T18:52:39","date_gmt":"2025-06-30T18:52:39","guid":{"rendered":"https:\/\/macite.tg\/?p=23155"},"modified":"2025-06-30T18:57:17","modified_gmt":"2025-06-30T18:57:17","slug":"ni-lue-ni-aucun-de-ses-etats-membres-ne-reconnaissent-la-rasd-le-cinglant-revers-de-lue-a-lorganisation-fantoche","status":"publish","type":"post","link":"https:\/\/macite.tg\/?p=23155","title":{"rendered":"\u00ab\u00a0NI L\u2019UE, NI AUCUN DE SES \u00c9TATS MEMBRES NE RECONNAISSENT LA +RASD+\u00a0\u00bb\u00a0: Le cinglant revers de l\u2019UE \u00e0 l\u2019organisation fantoche"},"content":{"rendered":"\n<p class=\"wp-block-paragraph\"><strong><em>A la veille de la r\u00e9union minist\u00e9rielle Union Europ\u00e9enne-Union Africaine, qui se tient ce vendredi prochain \u00e0 Rome, des soutiens obscures, notamment la pseudo \u2018\u2019rasd\u2019\u2019, font feu de tout bois pour s\u2019inviter \u00e0 la cette rencontre internationale.<\/em><\/strong><\/p>\n\n\n\n<p class=\"wp-block-paragraph\">Alors que les relais s\u00e9paratistes se faisaient de plus bel, le vendredi 27 juin dernier, le porte-parole de l\u2019Union Europ\u00e9enne (UE) pour les Affaires \u00e9trang\u00e8res a r\u00e9affirm\u00e9, vient d\u2019ass\u00e9ner un cinglant revers \u00e0 cette organisation fantoche.<\/p>\n\n\n\n<p class=\"wp-block-paragraph\"><em>\u00ab\u00a0Ni l\u2019UE, ni aucun de ses \u00c9tats membres ne reconnaissent la +rasd+\u00a0\u00bb, <\/em>a-t-il r\u00e9affirm\u00e9, vendredi dernier, bottant en touche toutes les vaines tentatives de voir l\u2019organisation s\u00e9paratiste \u00e0 cette r\u00e9union minist\u00e9rielle entre l\u2019UE et l\u2019UA qui se tiendra vendredi \u00e0 Rome. \u00a0<em>\u00a0<\/em><\/p>\n\n\n<div class=\"wp-block-image\">\n<figure class=\"aligncenter size-large is-resized\"><img loading=\"lazy\" decoding=\"async\" width=\"723\" height=\"1024\" src=\"https:\/\/macite.tg\/wp-content\/uploads\/2025\/06\/image-111-723x1024.png\" alt=\"\" class=\"wp-image-23156\" style=\"width:566px;height:auto\" srcset=\"https:\/\/macite.tg\/wp-content\/uploads\/2025\/06\/image-111-723x1024.png 723w, https:\/\/macite.tg\/wp-content\/uploads\/2025\/06\/image-111-212x300.png 212w, https:\/\/macite.tg\/wp-content\/uploads\/2025\/06\/image-111-768x1088.png 768w, https:\/\/macite.tg\/wp-content\/uploads\/2025\/06\/image-111-1084x1536.png 1084w, https:\/\/macite.tg\/wp-content\/uploads\/2025\/06\/image-111.png 1129w\" sizes=\"auto, (max-width: 723px) 100vw, 723px\" \/><\/figure>\n<\/div>\n\n\n<p class=\"wp-block-paragraph\">Tout en rappelant que <em>\u00ab les modalit\u00e9s agr\u00e9\u00e9es pr\u00e9voient que chaque partie soit responsable de l&rsquo;invitation de ses propres membres \u00bb, <\/em>le porte-parole de l\u2019UE a balay\u00e9 du revers de la main l\u2019id\u00e9e que l\u2019UE aurait invit\u00e9 la pseudo \u2018\u2019rasd\u2019\u2019 \u00e0 cette r\u00e9union.<\/p>\n\n\n\n<p class=\"wp-block-paragraph\">Selon lui, si invitation de la pseudo \u2018\u2019rasd\u2019\u2019 doit y avoir, cela rel\u00e8verait des comp\u00e9tences de l\u2019UA, car, <em>\u00ab les invitations aux membres africains sont envoy\u00e9es par l&rsquo;Union Africaine \u00bb,<\/em> a-t-il martel\u00e9.<\/p>\n\n\n\n<p class=\"wp-block-paragraph\">Tout en insistant sur la <em>\u00ab&nbsp;position bien connue&nbsp;\u00bb <\/em>du groupe des 27, \u00e0 savoir&nbsp;: <em>\u00ab&nbsp;Ni l&rsquo;UE, ni aucun de ses \u00c9tats membres ne reconnaissent la rasd \u00bb, <\/em>le porte-parole de l\u2019UE a r\u00e9affirm\u00e9 que la pr\u00e9sence de cette entit\u00e9 <em>\u00ab \u00e0 la r\u00e9union minist\u00e9rielle de l\u2019Union Europ\u00e9enne-Union Africaine n&rsquo;a aucune influence sur cette position \u00bb.<\/em><\/p>\n\n\n<div class=\"wp-block-image\">\n<figure class=\"aligncenter size-full\"><img loading=\"lazy\" decoding=\"async\" width=\"526\" height=\"526\" src=\"https:\/\/macite.tg\/wp-content\/uploads\/2025\/06\/image-107.png\" alt=\"\" class=\"wp-image-23144\" srcset=\"https:\/\/macite.tg\/wp-content\/uploads\/2025\/06\/image-107.png 526w, https:\/\/macite.tg\/wp-content\/uploads\/2025\/06\/image-107-300x300.png 300w, https:\/\/macite.tg\/wp-content\/uploads\/2025\/06\/image-107-150x150.png 150w, https:\/\/macite.tg\/wp-content\/uploads\/2025\/06\/image-107-122x122.png 122w\" sizes=\"auto, (max-width: 526px) 100vw, 526px\" \/><\/figure>\n<\/div>\n\n\n<p class=\"wp-block-paragraph\">Notons que les minist\u00e9rielles de l\u2019UE-UA sont co-pr\u00e9sid\u00e9es et coorganis\u00e9es par l&rsquo;UE et l&rsquo;UA.<\/p>\n\n\n\n<p class=\"wp-block-paragraph\"><strong>MC<\/strong><\/p>\n\n\n\n<p class=\"wp-block-paragraph\"><a><strong><em>@macite.tg&nbsp;&nbsp;&nbsp;&nbsp;&nbsp;&nbsp;&nbsp;&nbsp;<\/em><\/strong><\/a><\/p>\n\n\n\n<p class=\"wp-block-paragraph\"><strong><em>E-mail&nbsp;: <\/em><\/strong><a href=\"mailto:maciteinfo@gmail.com\"><strong><em>maciteinfo@gmail.com<\/em><\/strong><\/a><strong><em>; <\/em><\/strong><a href=\"mailto:bawela1@gmail.com\"><strong><em>bawela1@gmail.com<\/em><\/strong><\/a><strong><em><\/em><\/strong><\/p>\n\n\n\n<p class=\"wp-block-paragraph\"><strong><em>Pour vos annonces, (publi)reportages, etc., joignez-nous au (00228)91515309\/<strong>79872224 <\/strong>www.macite.tg, L\u2019information, la bonne&nbsp;!<\/em><\/strong><\/p>\n\n\n\n<p class=\"wp-block-paragraph\"><\/p>\n","protected":false},"excerpt":{"rendered":"<p class=\"text-justify mb-2\" >A la veille de la r\u00e9union minist\u00e9rielle Union Europ\u00e9enne-Union Africaine, qui se tient ce vendredi prochain \u00e0 Rome, des soutiens obscures, notamment la pseudo \u2018\u2019rasd\u2019\u2019, font feu de tout bois pour s\u2019inviter \u00e0 la cette rencontre internationale. Alors que les relais s\u00e9paratistes se faisaient de [&hellip;]<\/p>\n","protected":false},"author":2,"featured_media":23158,"comment_status":"open","ping_status":"open","sticky":false,"template":"","format":"standard","meta":{"footnotes":""},"categories":[20,8],"tags":[],"class_list":["post-23155","post","type-post","status-publish","format-standard","has-post-thumbnail","hentry","category-actualite","category-diplomatie"],"yoast_head":"<!-- This site is optimized with the Yoast SEO plugin v28.4 - https:\/\/yoast.com\/product\/yoast-seo-wordpress\/ -->\n<title>\u00ab\u00a0NI L\u2019UE, NI AUCUN DE SES \u00c9TATS MEMBRES NE RECONNAISSENT LA +RASD+\u00a0\u00bb\u00a0: Le cinglant revers de l\u2019UE \u00e0 l\u2019organisation fantoche -<\/title>\n<meta name=\"robots\" content=\"index, follow, max-snippet:-1, max-image-preview:large, max-video-preview:-1\" \/>\n<link rel=\"canonical\" href=\"https:\/\/macite.tg\/?p=23155\" \/>\n<meta property=\"og:locale\" content=\"fr_FR\" \/>\n<meta property=\"og:type\" content=\"article\" \/>\n<meta property=\"og:title\" content=\"\u00ab\u00a0NI L\u2019UE, NI AUCUN DE SES \u00c9TATS MEMBRES NE RECONNAISSENT LA +RASD+\u00a0\u00bb\u00a0: Le cinglant revers de l\u2019UE \u00e0 l\u2019organisation fantoche -\" \/>\n<meta property=\"og:description\" content=\"A la veille de la r\u00e9union minist\u00e9rielle Union Europ\u00e9enne-Union Africaine, qui se tient ce vendredi prochain \u00e0 Rome, des soutiens obscures, notamment la pseudo \u2018\u2019rasd\u2019\u2019, font feu de tout bois pour s\u2019inviter \u00e0 la cette rencontre internationale. Alors que les relais s\u00e9paratistes se faisaient de [&hellip;]\" \/>\n<meta property=\"og:url\" content=\"https:\/\/macite.tg\/?p=23155\" \/>\n<meta property=\"article:published_time\" content=\"2025-06-30T18:52:39+00:00\" \/>\n<meta property=\"article:modified_time\" content=\"2025-06-30T18:57:17+00:00\" \/>\n<meta property=\"og:image\" content=\"https:\/\/macite.tg\/wp-content\/uploads\/2025\/06\/7c7162b3-a4c6-4b3b-8211-56c83a580973.jpg\" \/>\n\t<meta property=\"og:image:width\" content=\"299\" \/>\n\t<meta property=\"og:image:height\" content=\"168\" \/>\n\t<meta property=\"og:image:type\" content=\"image\/jpeg\" \/>\n<meta name=\"author\" content=\"Jean Pierre BAWELA\" \/>\n<meta name=\"twitter:card\" content=\"summary_large_image\" \/>\n<meta name=\"twitter:label1\" content=\"\u00c9crit par\" \/>\n\t<meta name=\"twitter:data1\" content=\"Jean Pierre BAWELA\" \/>\n\t<meta name=\"twitter:label2\" content=\"Dur\u00e9e de lecture estim\u00e9e\" \/>\n\t<meta name=\"twitter:data2\" content=\"2 minutes\" \/>\n<script type=\"application\/ld+json\" class=\"yoast-schema-graph\">{\"@context\":\"https:\\\/\\\/schema.org\",\"@graph\":[{\"@type\":\"Article\",\"@id\":\"https:\\\/\\\/macite.tg\\\/?p=23155#article\",\"isPartOf\":{\"@id\":\"https:\\\/\\\/macite.tg\\\/?p=23155\"},\"author\":{\"name\":\"Jean Pierre BAWELA\",\"@id\":\"https:\\\/\\\/macite.tg\\\/#\\\/schema\\\/person\\\/e9f2de7e5dbbe7770a9402c7ce82f5c2\"},\"headline\":\"\u00ab\u00a0NI L\u2019UE, NI AUCUN DE SES \u00c9TATS MEMBRES NE RECONNAISSENT LA +RASD+\u00a0\u00bb\u00a0: Le cinglant revers de l\u2019UE \u00e0 l\u2019organisation fantoche\",\"datePublished\":\"2025-06-30T18:52:39+00:00\",\"dateModified\":\"2025-06-30T18:57:17+00:00\",\"mainEntityOfPage\":{\"@id\":\"https:\\\/\\\/macite.tg\\\/?p=23155\"},\"wordCount\":351,\"commentCount\":0,\"image\":{\"@id\":\"https:\\\/\\\/macite.tg\\\/?p=23155#primaryimage\"},\"thumbnailUrl\":\"https:\\\/\\\/macite.tg\\\/wp-content\\\/uploads\\\/2025\\\/06\\\/7c7162b3-a4c6-4b3b-8211-56c83a580973.jpg\",\"articleSection\":[\"ACTUALITE\",\"DIPLOMATIE\"],\"inLanguage\":\"fr-FR\",\"potentialAction\":[{\"@type\":\"CommentAction\",\"name\":\"Comment\",\"target\":[\"https:\\\/\\\/macite.tg\\\/?p=23155#respond\"]}]},{\"@type\":\"WebPage\",\"@id\":\"https:\\\/\\\/macite.tg\\\/?p=23155\",\"url\":\"https:\\\/\\\/macite.tg\\\/?p=23155\",\"name\":\"\u00ab\u00a0NI L\u2019UE, NI AUCUN DE SES \u00c9TATS MEMBRES NE RECONNAISSENT LA +RASD+\u00a0\u00bb\u00a0: Le cinglant revers de l\u2019UE \u00e0 l\u2019organisation fantoche -\",\"isPartOf\":{\"@id\":\"https:\\\/\\\/macite.tg\\\/#website\"},\"primaryImageOfPage\":{\"@id\":\"https:\\\/\\\/macite.tg\\\/?p=23155#primaryimage\"},\"image\":{\"@id\":\"https:\\\/\\\/macite.tg\\\/?p=23155#primaryimage\"},\"thumbnailUrl\":\"https:\\\/\\\/macite.tg\\\/wp-content\\\/uploads\\\/2025\\\/06\\\/7c7162b3-a4c6-4b3b-8211-56c83a580973.jpg\",\"datePublished\":\"2025-06-30T18:52:39+00:00\",\"dateModified\":\"2025-06-30T18:57:17+00:00\",\"author\":{\"@id\":\"https:\\\/\\\/macite.tg\\\/#\\\/schema\\\/person\\\/e9f2de7e5dbbe7770a9402c7ce82f5c2\"},\"breadcrumb\":{\"@id\":\"https:\\\/\\\/macite.tg\\\/?p=23155#breadcrumb\"},\"inLanguage\":\"fr-FR\",\"potentialAction\":[{\"@type\":\"ReadAction\",\"target\":[\"https:\\\/\\\/macite.tg\\\/?p=23155\"]}]},{\"@type\":\"ImageObject\",\"inLanguage\":\"fr-FR\",\"@id\":\"https:\\\/\\\/macite.tg\\\/?p=23155#primaryimage\",\"url\":\"https:\\\/\\\/macite.tg\\\/wp-content\\\/uploads\\\/2025\\\/06\\\/7c7162b3-a4c6-4b3b-8211-56c83a580973.jpg\",\"contentUrl\":\"https:\\\/\\\/macite.tg\\\/wp-content\\\/uploads\\\/2025\\\/06\\\/7c7162b3-a4c6-4b3b-8211-56c83a580973.jpg\",\"width\":299,\"height\":168},{\"@type\":\"BreadcrumbList\",\"@id\":\"https:\\\/\\\/macite.tg\\\/?p=23155#breadcrumb\",\"itemListElement\":[{\"@type\":\"ListItem\",\"position\":1,\"name\":\"Accueil\",\"item\":\"https:\\\/\\\/macite.tg\\\/\"},{\"@type\":\"ListItem\",\"position\":2,\"name\":\"\u00ab\u00a0NI L\u2019UE, NI AUCUN DE SES \u00c9TATS MEMBRES NE RECONNAISSENT LA +RASD+\u00a0\u00bb\u00a0: Le cinglant revers de l\u2019UE \u00e0 l\u2019organisation fantoche\"}]},{\"@type\":\"WebSite\",\"@id\":\"https:\\\/\\\/macite.tg\\\/#website\",\"url\":\"https:\\\/\\\/macite.tg\\\/\",\"name\":\"\",\"description\":\"L&#039;information, la bonne!!!\",\"potentialAction\":[{\"@type\":\"SearchAction\",\"target\":{\"@type\":\"EntryPoint\",\"urlTemplate\":\"https:\\\/\\\/macite.tg\\\/?s={search_term_string}\"},\"query-input\":{\"@type\":\"PropertyValueSpecification\",\"valueRequired\":true,\"valueName\":\"search_term_string\"}}],\"inLanguage\":\"fr-FR\"},{\"@type\":\"Person\",\"@id\":\"https:\\\/\\\/macite.tg\\\/#\\\/schema\\\/person\\\/e9f2de7e5dbbe7770a9402c7ce82f5c2\",\"name\":\"Jean Pierre BAWELA\",\"image\":{\"@type\":\"ImageObject\",\"inLanguage\":\"fr-FR\",\"@id\":\"https:\\\/\\\/macite.tg\\\/wp-content\\\/uploads\\\/2023\\\/09\\\/WhatsApp-Image-2023-09-19-at-14.44.41-122x122.jpeg\",\"url\":\"https:\\\/\\\/macite.tg\\\/wp-content\\\/uploads\\\/2023\\\/09\\\/WhatsApp-Image-2023-09-19-at-14.44.41-122x122.jpeg\",\"contentUrl\":\"https:\\\/\\\/macite.tg\\\/wp-content\\\/uploads\\\/2023\\\/09\\\/WhatsApp-Image-2023-09-19-at-14.44.41-122x122.jpeg\",\"caption\":\"Jean Pierre BAWELA\"},\"url\":\"https:\\\/\\\/macite.tg\\\/?author=2\"}]}<\/script>\n<!-- \/ Yoast SEO plugin. -->","yoast_head_json":{"title":"\u00ab\u00a0NI L\u2019UE, NI AUCUN DE SES \u00c9TATS MEMBRES NE RECONNAISSENT LA +RASD+\u00a0\u00bb\u00a0: Le cinglant revers de l\u2019UE \u00e0 l\u2019organisation fantoche -","robots":{"index":"index","follow":"follow","max-snippet":"max-snippet:-1","max-image-preview":"max-image-preview:large","max-video-preview":"max-video-preview:-1"},"canonical":"https:\/\/macite.tg\/?p=23155","og_locale":"fr_FR","og_type":"article","og_title":"\u00ab\u00a0NI L\u2019UE, NI AUCUN DE SES \u00c9TATS MEMBRES NE RECONNAISSENT LA +RASD+\u00a0\u00bb\u00a0: Le cinglant revers de l\u2019UE \u00e0 l\u2019organisation fantoche -","og_description":"A la veille de la r\u00e9union minist\u00e9rielle Union Europ\u00e9enne-Union Africaine, qui se tient ce vendredi prochain \u00e0 Rome, des soutiens obscures, notamment la pseudo \u2018\u2019rasd\u2019\u2019, font feu de tout bois pour s\u2019inviter \u00e0 la cette rencontre internationale. Alors que les relais s\u00e9paratistes se faisaient de [&hellip;]","og_url":"https:\/\/macite.tg\/?p=23155","article_published_time":"2025-06-30T18:52:39+00:00","article_modified_time":"2025-06-30T18:57:17+00:00","og_image":[{"width":299,"height":168,"url":"https:\/\/macite.tg\/wp-content\/uploads\/2025\/06\/7c7162b3-a4c6-4b3b-8211-56c83a580973.jpg","type":"image\/jpeg"}],"author":"Jean Pierre BAWELA","twitter_card":"summary_large_image","twitter_misc":{"\u00c9crit par":"Jean Pierre BAWELA","Dur\u00e9e de lecture estim\u00e9e":"2 minutes"},"schema":{"@context":"https:\/\/schema.org","@graph":[{"@type":"Article","@id":"https:\/\/macite.tg\/?p=23155#article","isPartOf":{"@id":"https:\/\/macite.tg\/?p=23155"},"author":{"name":"Jean Pierre BAWELA","@id":"https:\/\/macite.tg\/#\/schema\/person\/e9f2de7e5dbbe7770a9402c7ce82f5c2"},"headline":"\u00ab\u00a0NI L\u2019UE, NI AUCUN DE SES \u00c9TATS MEMBRES NE RECONNAISSENT LA +RASD+\u00a0\u00bb\u00a0: Le cinglant revers de l\u2019UE \u00e0 l\u2019organisation fantoche","datePublished":"2025-06-30T18:52:39+00:00","dateModified":"2025-06-30T18:57:17+00:00","mainEntityOfPage":{"@id":"https:\/\/macite.tg\/?p=23155"},"wordCount":351,"commentCount":0,"image":{"@id":"https:\/\/macite.tg\/?p=23155#primaryimage"},"thumbnailUrl":"https:\/\/macite.tg\/wp-content\/uploads\/2025\/06\/7c7162b3-a4c6-4b3b-8211-56c83a580973.jpg","articleSection":["ACTUALITE","DIPLOMATIE"],"inLanguage":"fr-FR","potentialAction":[{"@type":"CommentAction","name":"Comment","target":["https:\/\/macite.tg\/?p=23155#respond"]}]},{"@type":"WebPage","@id":"https:\/\/macite.tg\/?p=23155","url":"https:\/\/macite.tg\/?p=23155","name":"\u00ab\u00a0NI L\u2019UE, NI AUCUN DE SES \u00c9TATS MEMBRES NE RECONNAISSENT LA +RASD+\u00a0\u00bb\u00a0: Le cinglant revers de l\u2019UE \u00e0 l\u2019organisation fantoche -","isPartOf":{"@id":"https:\/\/macite.tg\/#website"},"primaryImageOfPage":{"@id":"https:\/\/macite.tg\/?p=23155#primaryimage"},"image":{"@id":"https:\/\/macite.tg\/?p=23155#primaryimage"},"thumbnailUrl":"https:\/\/macite.tg\/wp-content\/uploads\/2025\/06\/7c7162b3-a4c6-4b3b-8211-56c83a580973.jpg","datePublished":"2025-06-30T18:52:39+00:00","dateModified":"2025-06-30T18:57:17+00:00","author":{"@id":"https:\/\/macite.tg\/#\/schema\/person\/e9f2de7e5dbbe7770a9402c7ce82f5c2"},"breadcrumb":{"@id":"https:\/\/macite.tg\/?p=23155#breadcrumb"},"inLanguage":"fr-FR","potentialAction":[{"@type":"ReadAction","target":["https:\/\/macite.tg\/?p=23155"]}]},{"@type":"ImageObject","inLanguage":"fr-FR","@id":"https:\/\/macite.tg\/?p=23155#primaryimage","url":"https:\/\/macite.tg\/wp-content\/uploads\/2025\/06\/7c7162b3-a4c6-4b3b-8211-56c83a580973.jpg","contentUrl":"https:\/\/macite.tg\/wp-content\/uploads\/2025\/06\/7c7162b3-a4c6-4b3b-8211-56c83a580973.jpg","width":299,"height":168},{"@type":"BreadcrumbList","@id":"https:\/\/macite.tg\/?p=23155#breadcrumb","itemListElement":[{"@type":"ListItem","position":1,"name":"Accueil","item":"https:\/\/macite.tg\/"},{"@type":"ListItem","position":2,"name":"\u00ab\u00a0NI L\u2019UE, NI AUCUN DE SES \u00c9TATS MEMBRES NE RECONNAISSENT LA +RASD+\u00a0\u00bb\u00a0: Le cinglant revers de l\u2019UE \u00e0 l\u2019organisation fantoche"}]},{"@type":"WebSite","@id":"https:\/\/macite.tg\/#website","url":"https:\/\/macite.tg\/","name":"","description":"L&#039;information, la bonne!!!","potentialAction":[{"@type":"SearchAction","target":{"@type":"EntryPoint","urlTemplate":"https:\/\/macite.tg\/?s={search_term_string}"},"query-input":{"@type":"PropertyValueSpecification","valueRequired":true,"valueName":"search_term_string"}}],"inLanguage":"fr-FR"},{"@type":"Person","@id":"https:\/\/macite.tg\/#\/schema\/person\/e9f2de7e5dbbe7770a9402c7ce82f5c2","name":"Jean Pierre BAWELA","image":{"@type":"ImageObject","inLanguage":"fr-FR","@id":"https:\/\/macite.tg\/wp-content\/uploads\/2023\/09\/WhatsApp-Image-2023-09-19-at-14.44.41-122x122.jpeg","url":"https:\/\/macite.tg\/wp-content\/uploads\/2023\/09\/WhatsApp-Image-2023-09-19-at-14.44.41-122x122.jpeg","contentUrl":"https:\/\/macite.tg\/wp-content\/uploads\/2023\/09\/WhatsApp-Image-2023-09-19-at-14.44.41-122x122.jpeg","caption":"Jean Pierre BAWELA"},"url":"https:\/\/macite.tg\/?author=2"}]}},"_links":{"self":[{"href":"https:\/\/macite.tg\/index.php?rest_route=\/wp\/v2\/posts\/23155","targetHints":{"allow":["GET"]}}],"collection":[{"href":"https:\/\/macite.tg\/index.php?rest_route=\/wp\/v2\/posts"}],"about":[{"href":"https:\/\/macite.tg\/index.php?rest_route=\/wp\/v2\/types\/post"}],"author":[{"embeddable":true,"href":"https:\/\/macite.tg\/index.php?rest_route=\/wp\/v2\/users\/2"}],"replies":[{"embeddable":true,"href":"https:\/\/macite.tg\/index.php?rest_route=%2Fwp%2Fv2%2Fcomments&post=23155"}],"version-history":[{"count":0,"href":"https:\/\/macite.tg\/index.php?rest_route=\/wp\/v2\/posts\/23155\/revisions"}],"wp:featuredmedia":[{"embeddable":true,"href":"https:\/\/macite.tg\/index.php?rest_route=\/wp\/v2\/media\/23158"}],"wp:attachment":[{"href":"https:\/\/macite.tg\/index.php?rest_route=%2Fwp%2Fv2%2Fmedia&parent=23155"}],"wp:term":[{"taxonomy":"category","embeddable":true,"href":"https:\/\/macite.tg\/index.php?rest_route=%2Fwp%2Fv2%2Fcategories&post=23155"},{"taxonomy":"post_tag","embeddable":true,"href":"https:\/\/macite.tg\/index.php?rest_route=%2Fwp%2Fv2%2Ftags&post=23155"}],"curies":[{"name":"wp","href":"https:\/\/api.w.org\/{rel}","templated":true}]}}