{"id":23151,"date":"2025-06-30T18:42:24","date_gmt":"2025-06-30T18:42:24","guid":{"rendered":"https:\/\/macite.tg\/?p=23151"},"modified":"2025-06-30T18:42:27","modified_gmt":"2025-06-30T18:42:27","slug":"accord-de-paix-signe-entre-kigali-et-kinshasa-le-togo-et-faure-gnassingbe-acteurs-decisifs-aux-cotes-de-donald-trump-pour-la-paix-a-lest-de-la-rdc","status":"publish","type":"post","link":"https:\/\/macite.tg\/?p=23151","title":{"rendered":"ACCORD DE PAIX SIGNE ENTRE KIGALI ET KINSHASA\u00a0: Le Togo et Faure Gnassingb\u00e9 acteurs d\u00e9cisifs aux c\u00f4t\u00e9s de Donald Trump pour la paix \u00e0 l\u2019Est de la RDC"},"content":{"rendered":"\n<p class=\"wp-block-paragraph\"><strong><em>L\u2019accord de Washington entre la RDC et le Rwanda porte la marque de Faure Gnassingb\u00e9, dont la centralit\u00e9 et la d\u00e9termination ont permis de surmonter des ann\u00e9es de d\u00e9fiance et de violence.<\/em><\/strong><\/p>\n\n\n\n<p class=\"wp-block-paragraph\">Son action, \u00e0 la fois strat\u00e9gique et op\u00e9rationnelle, s\u2019inscrit d\u00e9sormais comme un mod\u00e8le de m\u00e9diation africaine, \u00e0 la hauteur des d\u00e9fis s\u00e9curitaires et politiques du continent Le m\u00e9diateur d\u00e9sign\u00e9 par l\u2019Union africaine Sa d\u00e9signation en avril 2025 par l\u2019Union africaine (UA) comme m\u00e9diateur officiel dans la crise opposant Kinshasa et Kigali n\u2019est pas le fruit du hasard, mais la reconnaissance d\u2019une expertise \u00e9prouv\u00e9e en mati\u00e8re de r\u00e9solution de conflits africains. Le pr\u00e9sident Faure Gnassingb\u00e9 a \u00e9t\u00e9 nomm\u00e9 m\u00e9diateur dans le conflit entre la RDC et le Rwanda par l&rsquo;Union africaine (UA).<\/p>\n\n\n<div class=\"wp-block-image\">\n<figure class=\"aligncenter size-full\"><img loading=\"lazy\" decoding=\"async\" width=\"500\" height=\"500\" src=\"https:\/\/macite.tg\/wp-content\/uploads\/2025\/06\/OTR_Webinaire-1er-Juillet-1.jpg\" alt=\"\" class=\"wp-image-23045\" srcset=\"https:\/\/macite.tg\/wp-content\/uploads\/2025\/06\/OTR_Webinaire-1er-Juillet-1.jpg 500w, https:\/\/macite.tg\/wp-content\/uploads\/2025\/06\/OTR_Webinaire-1er-Juillet-1-300x300.jpg 300w, https:\/\/macite.tg\/wp-content\/uploads\/2025\/06\/OTR_Webinaire-1er-Juillet-1-150x150.jpg 150w, https:\/\/macite.tg\/wp-content\/uploads\/2025\/06\/OTR_Webinaire-1er-Juillet-1-122x122.jpg 122w\" sizes=\"auto, (max-width: 500px) 100vw, 500px\" \/><\/figure>\n<\/div>\n\n\n<p class=\"wp-block-paragraph\">Cette nomination, soutenue par le Bureau de l&rsquo;Assembl\u00e9e de l&rsquo;UA le 5 avril 2025, est le r\u00e9sultat de consultations pr\u00e9alables avec le chef de l&rsquo;\u00c9tat togolais, qui a accept\u00e9 cette mission sous r\u00e9serve de l&rsquo;approbation formelle par l&rsquo;Assembl\u00e9e des chefs d&rsquo;\u00c9tat et de gouvernement de l&rsquo;UA1. Cette d\u00e9cision a marqu\u00e9 le d\u00e9but d&rsquo;un processus de m\u00e9diation intense et complexe, n\u00e9cessitant des efforts diplomatiques soutenus et une coordination \u00e9troite avec les parties prenantes.<\/p>\n\n\n\n<p class=\"wp-block-paragraph\">Une l\u00e9gitimit\u00e9 africaine forg\u00e9e par l\u2019exp\u00e9rience, la neutralit\u00e9 et les succ\u00e8s r\u00e9p\u00e9t\u00e9s Faure Gnassingb\u00e9 s\u2019est impos\u00e9 gr\u00e2ce \u00e0 ses relations bilat\u00e9rales stables avec le pr\u00e9sident congolais F\u00e9lix Tshisekedi et son homologue rwandais Paul Kagame.<\/p>\n\n\n\n<p class=\"wp-block-paragraph\">Cette position d\u2019\u00e9quilibre, rare dans un contexte de d\u00e9fiance mutuelle, a permis d\u2019instaurer un climat de confiance indispensable \u00e0 la reprise du dialogue. Sa r\u00e9putation de m\u00e9diateur discret mais efficace, d\u00e9j\u00e0 acquise lors de pr\u00e9c\u00e9dentes missions en Afrique de l\u2019Ouest, a renforc\u00e9 la cr\u00e9dibilit\u00e9 de sa d\u00e9marche aupr\u00e8s des parties prenantes et des partenaires internationaux.<\/p>\n\n\n<div class=\"wp-block-image\">\n<figure class=\"aligncenter size-full\"><img loading=\"lazy\" decoding=\"async\" width=\"526\" height=\"526\" src=\"https:\/\/macite.tg\/wp-content\/uploads\/2025\/06\/image-107.png\" alt=\"\" class=\"wp-image-23144\" srcset=\"https:\/\/macite.tg\/wp-content\/uploads\/2025\/06\/image-107.png 526w, https:\/\/macite.tg\/wp-content\/uploads\/2025\/06\/image-107-300x300.png 300w, https:\/\/macite.tg\/wp-content\/uploads\/2025\/06\/image-107-150x150.png 150w, https:\/\/macite.tg\/wp-content\/uploads\/2025\/06\/image-107-122x122.png 122w\" sizes=\"auto, (max-width: 526px) 100vw, 526px\" \/><\/figure>\n<\/div>\n\n\n<p class=\"wp-block-paragraph\"><strong>Une m\u00e9diation structur\u00e9e et inclusive<\/strong><\/p>\n\n\n\n<p class=\"wp-block-paragraph\">D\u00e8s sa nomination, Faure Gnassingb\u00e9 a su s\u2019entourer d\u2019un panel de facilitateurs compos\u00e9 d\u2019anciens chefs d\u2019\u00c9tat africains, tels qu\u2019Olusegun Obasanjo, Uhuru Kenyatta, Mokgweetsi Masisi, Catherine Samba-Panza et Sahle-Work Zewde, pour donner \u00e0 la m\u00e9diation une dimension continentale et inclusive.<\/p>\n\n\n\n<p class=\"wp-block-paragraph\">Faure Gnassingb\u00e9 a entrepris plusieurs missions diplomatiques tant au Rwanda qu&rsquo;en RDC. Ces missions visaient \u00e0 r\u00e9tablir la confiance entre les deux pays et \u00e0 faciliter les n\u00e9gociations. Le pr\u00e9sident togolais a jou\u00e9 un r\u00f4le moteur dans le r\u00e9tablissement de la paix dans la r\u00e9gion des Grands Lacs.<\/p>\n\n\n\n<p class=\"wp-block-paragraph\">Il a organis\u00e9 plusieurs r\u00e9unions strat\u00e9giques \u00e0 Lom\u00e9, rassemblant les principaux acteurs et experts, afin de d\u00e9finir une feuille de route claire pour la paix dans l\u2019est de la RDC. Ces rencontres ont permis de rapprocher les points de vue et de pr\u00e9parer le terrain pour la n\u00e9gociation finale.<\/p>\n\n\n\n<p class=\"wp-block-paragraph\">Faure Gnassingb\u00e9 a \u00e9t\u00e9 l&rsquo;artisan strat\u00e9gique et op\u00e9rationnel d\u00e9cisif de cette n\u00e9gociation. Son engagement personnel et sa d\u00e9termination \u00e0 trouver une solution pacifique au conflit ont \u00e9t\u00e9 cruciaux. Il a travaill\u00e9 en \u00e9troite collaboration avec Donald Trump, formant un duo diplomatique efficace qui a su convaincre les parties de s&rsquo;engager dans un processus de paix.<\/p>\n\n\n<div class=\"wp-block-image\">\n<figure class=\"aligncenter size-full\"><img loading=\"lazy\" decoding=\"async\" width=\"851\" height=\"315\" src=\"https:\/\/macite.tg\/wp-content\/uploads\/2025\/06\/OTR_Bandeau-Renseignements-1.jpg\" alt=\"\" class=\"wp-image-23140\" srcset=\"https:\/\/macite.tg\/wp-content\/uploads\/2025\/06\/OTR_Bandeau-Renseignements-1.jpg 851w, https:\/\/macite.tg\/wp-content\/uploads\/2025\/06\/OTR_Bandeau-Renseignements-1-300x111.jpg 300w, https:\/\/macite.tg\/wp-content\/uploads\/2025\/06\/OTR_Bandeau-Renseignements-1-768x284.jpg 768w\" sizes=\"auto, (max-width: 851px) 100vw, 851px\" \/><\/figure>\n<\/div>\n\n\n<p class=\"wp-block-paragraph\"><strong>Un leadership strat\u00e9gique et op\u00e9rationnel jusqu\u2019\u00e0 Washington<\/strong><\/p>\n\n\n\n<p class=\"wp-block-paragraph\">La phase d\u00e9cisive s\u2019est d\u00e9roul\u00e9e lors des n\u00e9gociations \u00e0 Washington, sous l\u2019\u00e9gide des \u00c9tats-Unis. Faure Gnassingb\u00e9, fort de la confiance de l\u2019UA et du soutien de ses pairs africains, a jou\u00e9 un r\u00f4le d\u2019artisan strat\u00e9gique et op\u00e9rationnel. Il a non seulement assur\u00e9 la coordination entre les d\u00e9l\u00e9gations, mais aussi facilit\u00e9 les compromis sur les points les plus sensibles, tels que le retrait des groupes arm\u00e9s, la s\u00e9curisation des fronti\u00e8res et la mise en place de m\u00e9canismes de suivi.<\/p>\n\n\n\n<p class=\"wp-block-paragraph\">Son engagement personnel et sa capacit\u00e9 \u00e0 maintenir le dialogue ouvert, m\u00eame dans les moments de tension, ont \u00e9t\u00e9 salu\u00e9s par les observateurs et les parties elles-m\u00eames dont les \u00c9tats-Unis, qui ont officiellement reconnu les progr\u00e8s enregistr\u00e9s dans la m\u00e9diation conduite par le Togo.<\/p>\n\n\n\n<p class=\"wp-block-paragraph\">Un accord historique et un nouveau statut pour le Togo La signature de l\u2019accord \u00e0 Washington consacre le succ\u00e8s d\u2019une m\u00e9diation africaine conduite avec m\u00e9thode et d\u00e9termination. Elle conf\u00e8re \u00e0 Faure Gnassingb\u00e9 un statut de leader r\u00e9gional incontournable et positionne le Togo comme un carrefour diplomatique en Afrique de l\u2019Ouest.<\/p>\n\n\n\n<p class=\"wp-block-paragraph\">Ce succ\u00e8s diplomatique, obtenu en collaboration avec les \u00c9tats-Unis et sous l\u2019\u0153il attentif de la communaut\u00e9 internationale, rappelle le r\u00f4le que peuvent jouer les m\u00e9diateurs africains dans la r\u00e9solution des crises continentales.<\/p>\n\n\n<div class=\"wp-block-image\">\n<figure class=\"aligncenter size-full\"><img loading=\"lazy\" decoding=\"async\" width=\"500\" height=\"500\" src=\"https:\/\/macite.tg\/wp-content\/uploads\/2025\/06\/Geo-ref.jpg\" alt=\"\" class=\"wp-image-23043\" srcset=\"https:\/\/macite.tg\/wp-content\/uploads\/2025\/06\/Geo-ref.jpg 500w, https:\/\/macite.tg\/wp-content\/uploads\/2025\/06\/Geo-ref-300x300.jpg 300w, https:\/\/macite.tg\/wp-content\/uploads\/2025\/06\/Geo-ref-150x150.jpg 150w, https:\/\/macite.tg\/wp-content\/uploads\/2025\/06\/Geo-ref-122x122.jpg 122w\" sizes=\"auto, (max-width: 500px) 100vw, 500px\" \/><\/figure>\n<\/div>\n\n\n<p class=\"wp-block-paragraph\">Le r\u00f4le de m\u00e9diateur de Faure Gnassingb\u00e9, soutenu par l&rsquo;Union africaine et les \u00c9tats-Unis, a \u00e9t\u00e9 crucial pour parvenir \u00e0 cet accord historique. Gr\u00e2ce \u00e0 ses efforts diplomatiques et \u00e0 sa collaboration avec Donald Trump, Gnassingb\u00e9 a d\u00e9montr\u00e9 son engagement en faveur de la paix et de la stabilit\u00e9 en Afrique.<\/p>\n\n\n\n<p class=\"wp-block-paragraph\">L&rsquo;accord de paix sign\u00e9 le 27 juin 2025 marque un tournant dans les relations entre la RDC et le Rwanda et ouvre la voie \u00e0 un avenir plus pacifique pour la r\u00e9gion des Grands Lacs.<\/p>\n\n\n\n<p class=\"wp-block-paragraph\"><strong>Samir<\/strong><\/p>\n\n\n\n<p class=\"wp-block-paragraph\"><a><strong><em>@macite.tg&nbsp;&nbsp;&nbsp;&nbsp;&nbsp;&nbsp;&nbsp;&nbsp;<\/em><\/strong><\/a><\/p>\n\n\n\n<p class=\"wp-block-paragraph\"><strong><em>E-mail&nbsp;: <\/em><\/strong><a href=\"mailto:maciteinfo@gmail.com\"><strong><em>maciteinfo@gmail.com<\/em><\/strong><\/a><strong><em>; <\/em><\/strong><a href=\"mailto:bawela1@gmail.com\"><strong><em>bawela1@gmail.com<\/em><\/strong><\/a><strong><em><\/em><\/strong><\/p>\n\n\n\n<p class=\"wp-block-paragraph\"><strong><em>Pour vos annonces, (publi)reportages, etc., joignez-nous au (00228)91515309\/<strong>79872224 <\/strong>www.macite.tg, L\u2019information, la bonne&nbsp;!<\/em><\/strong><\/p>\n\n\n\n<p class=\"wp-block-paragraph\"><\/p>\n","protected":false},"excerpt":{"rendered":"<p class=\"text-justify mb-2\" >L\u2019accord de Washington entre la RDC et le Rwanda porte la marque de Faure Gnassingb\u00e9, dont la centralit\u00e9 et la d\u00e9termination ont permis de surmonter des ann\u00e9es de d\u00e9fiance et de violence. Son action, \u00e0 la fois strat\u00e9gique et op\u00e9rationnelle, s\u2019inscrit d\u00e9sormais comme un mod\u00e8le [&hellip;]<\/p>\n","protected":false},"author":2,"featured_media":23153,"comment_status":"open","ping_status":"open","sticky":false,"template":"","format":"standard","meta":{"footnotes":""},"categories":[20,8],"tags":[],"class_list":["post-23151","post","type-post","status-publish","format-standard","has-post-thumbnail","hentry","category-actualite","category-diplomatie"],"yoast_head":"<!-- This site is optimized with the Yoast SEO plugin v28.4 - https:\/\/yoast.com\/product\/yoast-seo-wordpress\/ -->\n<title>ACCORD DE PAIX SIGNE ENTRE KIGALI ET KINSHASA\u00a0: Le Togo et Faure Gnassingb\u00e9 acteurs d\u00e9cisifs aux c\u00f4t\u00e9s de Donald Trump pour la paix \u00e0 l\u2019Est de la RDC -<\/title>\n<meta name=\"robots\" content=\"index, follow, max-snippet:-1, max-image-preview:large, max-video-preview:-1\" \/>\n<link rel=\"canonical\" href=\"https:\/\/macite.tg\/?p=23151\" \/>\n<meta property=\"og:locale\" content=\"fr_FR\" \/>\n<meta property=\"og:type\" content=\"article\" \/>\n<meta property=\"og:title\" content=\"ACCORD DE PAIX SIGNE ENTRE KIGALI ET KINSHASA\u00a0: Le Togo et Faure Gnassingb\u00e9 acteurs d\u00e9cisifs aux c\u00f4t\u00e9s de Donald Trump pour la paix \u00e0 l\u2019Est de la RDC -\" \/>\n<meta property=\"og:description\" content=\"L\u2019accord de Washington entre la RDC et le Rwanda porte la marque de Faure Gnassingb\u00e9, dont la centralit\u00e9 et la d\u00e9termination ont permis de surmonter des ann\u00e9es de d\u00e9fiance et de violence. Son action, \u00e0 la fois strat\u00e9gique et op\u00e9rationnelle, s\u2019inscrit d\u00e9sormais comme un mod\u00e8le [&hellip;]\" \/>\n<meta property=\"og:url\" content=\"https:\/\/macite.tg\/?p=23151\" \/>\n<meta property=\"article:published_time\" content=\"2025-06-30T18:42:24+00:00\" \/>\n<meta property=\"article:modified_time\" content=\"2025-06-30T18:42:27+00:00\" \/>\n<meta property=\"og:image\" content=\"https:\/\/macite.tg\/wp-content\/uploads\/2025\/06\/image-110.png\" \/>\n\t<meta property=\"og:image:width\" content=\"369\" \/>\n\t<meta property=\"og:image:height\" content=\"270\" \/>\n\t<meta property=\"og:image:type\" content=\"image\/png\" \/>\n<meta name=\"author\" content=\"Jean Pierre BAWELA\" \/>\n<meta name=\"twitter:card\" content=\"summary_large_image\" \/>\n<meta name=\"twitter:label1\" content=\"\u00c9crit par\" \/>\n\t<meta name=\"twitter:data1\" content=\"Jean Pierre BAWELA\" \/>\n\t<meta name=\"twitter:label2\" content=\"Dur\u00e9e de lecture estim\u00e9e\" \/>\n\t<meta name=\"twitter:data2\" content=\"6 minutes\" \/>\n<script type=\"application\/ld+json\" class=\"yoast-schema-graph\">{\"@context\":\"https:\\\/\\\/schema.org\",\"@graph\":[{\"@type\":\"Article\",\"@id\":\"https:\\\/\\\/macite.tg\\\/?p=23151#article\",\"isPartOf\":{\"@id\":\"https:\\\/\\\/macite.tg\\\/?p=23151\"},\"author\":{\"name\":\"Jean Pierre BAWELA\",\"@id\":\"https:\\\/\\\/macite.tg\\\/#\\\/schema\\\/person\\\/e9f2de7e5dbbe7770a9402c7ce82f5c2\"},\"headline\":\"ACCORD DE PAIX SIGNE ENTRE KIGALI ET KINSHASA\u00a0: Le Togo et Faure Gnassingb\u00e9 acteurs d\u00e9cisifs aux c\u00f4t\u00e9s de Donald Trump pour la paix \u00e0 l\u2019Est de la RDC\",\"datePublished\":\"2025-06-30T18:42:24+00:00\",\"dateModified\":\"2025-06-30T18:42:27+00:00\",\"mainEntityOfPage\":{\"@id\":\"https:\\\/\\\/macite.tg\\\/?p=23151\"},\"wordCount\":964,\"commentCount\":0,\"image\":{\"@id\":\"https:\\\/\\\/macite.tg\\\/?p=23151#primaryimage\"},\"thumbnailUrl\":\"https:\\\/\\\/macite.tg\\\/wp-content\\\/uploads\\\/2025\\\/06\\\/image-110.png\",\"articleSection\":[\"ACTUALITE\",\"DIPLOMATIE\"],\"inLanguage\":\"fr-FR\",\"potentialAction\":[{\"@type\":\"CommentAction\",\"name\":\"Comment\",\"target\":[\"https:\\\/\\\/macite.tg\\\/?p=23151#respond\"]}]},{\"@type\":\"WebPage\",\"@id\":\"https:\\\/\\\/macite.tg\\\/?p=23151\",\"url\":\"https:\\\/\\\/macite.tg\\\/?p=23151\",\"name\":\"ACCORD DE PAIX SIGNE ENTRE KIGALI ET KINSHASA\u00a0: Le Togo et Faure Gnassingb\u00e9 acteurs d\u00e9cisifs aux c\u00f4t\u00e9s de Donald Trump pour la paix \u00e0 l\u2019Est de la RDC -\",\"isPartOf\":{\"@id\":\"https:\\\/\\\/macite.tg\\\/#website\"},\"primaryImageOfPage\":{\"@id\":\"https:\\\/\\\/macite.tg\\\/?p=23151#primaryimage\"},\"image\":{\"@id\":\"https:\\\/\\\/macite.tg\\\/?p=23151#primaryimage\"},\"thumbnailUrl\":\"https:\\\/\\\/macite.tg\\\/wp-content\\\/uploads\\\/2025\\\/06\\\/image-110.png\",\"datePublished\":\"2025-06-30T18:42:24+00:00\",\"dateModified\":\"2025-06-30T18:42:27+00:00\",\"author\":{\"@id\":\"https:\\\/\\\/macite.tg\\\/#\\\/schema\\\/person\\\/e9f2de7e5dbbe7770a9402c7ce82f5c2\"},\"breadcrumb\":{\"@id\":\"https:\\\/\\\/macite.tg\\\/?p=23151#breadcrumb\"},\"inLanguage\":\"fr-FR\",\"potentialAction\":[{\"@type\":\"ReadAction\",\"target\":[\"https:\\\/\\\/macite.tg\\\/?p=23151\"]}]},{\"@type\":\"ImageObject\",\"inLanguage\":\"fr-FR\",\"@id\":\"https:\\\/\\\/macite.tg\\\/?p=23151#primaryimage\",\"url\":\"https:\\\/\\\/macite.tg\\\/wp-content\\\/uploads\\\/2025\\\/06\\\/image-110.png\",\"contentUrl\":\"https:\\\/\\\/macite.tg\\\/wp-content\\\/uploads\\\/2025\\\/06\\\/image-110.png\",\"width\":369,\"height\":270,\"caption\":\"Donald Trump (g) et Faure Gnassingb\u00e9 (dt) (Photo archives)\"},{\"@type\":\"BreadcrumbList\",\"@id\":\"https:\\\/\\\/macite.tg\\\/?p=23151#breadcrumb\",\"itemListElement\":[{\"@type\":\"ListItem\",\"position\":1,\"name\":\"Accueil\",\"item\":\"https:\\\/\\\/macite.tg\\\/\"},{\"@type\":\"ListItem\",\"position\":2,\"name\":\"ACCORD DE PAIX SIGNE ENTRE KIGALI ET KINSHASA\u00a0: Le Togo et Faure Gnassingb\u00e9 acteurs d\u00e9cisifs aux c\u00f4t\u00e9s de Donald Trump pour la paix \u00e0 l\u2019Est de la RDC\"}]},{\"@type\":\"WebSite\",\"@id\":\"https:\\\/\\\/macite.tg\\\/#website\",\"url\":\"https:\\\/\\\/macite.tg\\\/\",\"name\":\"\",\"description\":\"L&#039;information, la bonne!!!\",\"potentialAction\":[{\"@type\":\"SearchAction\",\"target\":{\"@type\":\"EntryPoint\",\"urlTemplate\":\"https:\\\/\\\/macite.tg\\\/?s={search_term_string}\"},\"query-input\":{\"@type\":\"PropertyValueSpecification\",\"valueRequired\":true,\"valueName\":\"search_term_string\"}}],\"inLanguage\":\"fr-FR\"},{\"@type\":\"Person\",\"@id\":\"https:\\\/\\\/macite.tg\\\/#\\\/schema\\\/person\\\/e9f2de7e5dbbe7770a9402c7ce82f5c2\",\"name\":\"Jean Pierre BAWELA\",\"image\":{\"@type\":\"ImageObject\",\"inLanguage\":\"fr-FR\",\"@id\":\"https:\\\/\\\/macite.tg\\\/wp-content\\\/uploads\\\/2023\\\/09\\\/WhatsApp-Image-2023-09-19-at-14.44.41-122x122.jpeg\",\"url\":\"https:\\\/\\\/macite.tg\\\/wp-content\\\/uploads\\\/2023\\\/09\\\/WhatsApp-Image-2023-09-19-at-14.44.41-122x122.jpeg\",\"contentUrl\":\"https:\\\/\\\/macite.tg\\\/wp-content\\\/uploads\\\/2023\\\/09\\\/WhatsApp-Image-2023-09-19-at-14.44.41-122x122.jpeg\",\"caption\":\"Jean Pierre BAWELA\"},\"url\":\"https:\\\/\\\/macite.tg\\\/?author=2\"}]}<\/script>\n<!-- \/ Yoast SEO plugin. -->","yoast_head_json":{"title":"ACCORD DE PAIX SIGNE ENTRE KIGALI ET KINSHASA\u00a0: Le Togo et Faure Gnassingb\u00e9 acteurs d\u00e9cisifs aux c\u00f4t\u00e9s de Donald Trump pour la paix \u00e0 l\u2019Est de la RDC -","robots":{"index":"index","follow":"follow","max-snippet":"max-snippet:-1","max-image-preview":"max-image-preview:large","max-video-preview":"max-video-preview:-1"},"canonical":"https:\/\/macite.tg\/?p=23151","og_locale":"fr_FR","og_type":"article","og_title":"ACCORD DE PAIX SIGNE ENTRE KIGALI ET KINSHASA\u00a0: Le Togo et Faure Gnassingb\u00e9 acteurs d\u00e9cisifs aux c\u00f4t\u00e9s de Donald Trump pour la paix \u00e0 l\u2019Est de la RDC -","og_description":"L\u2019accord de Washington entre la RDC et le Rwanda porte la marque de Faure Gnassingb\u00e9, dont la centralit\u00e9 et la d\u00e9termination ont permis de surmonter des ann\u00e9es de d\u00e9fiance et de violence. Son action, \u00e0 la fois strat\u00e9gique et op\u00e9rationnelle, s\u2019inscrit d\u00e9sormais comme un mod\u00e8le [&hellip;]","og_url":"https:\/\/macite.tg\/?p=23151","article_published_time":"2025-06-30T18:42:24+00:00","article_modified_time":"2025-06-30T18:42:27+00:00","og_image":[{"width":369,"height":270,"url":"https:\/\/macite.tg\/wp-content\/uploads\/2025\/06\/image-110.png","type":"image\/png"}],"author":"Jean Pierre BAWELA","twitter_card":"summary_large_image","twitter_misc":{"\u00c9crit par":"Jean Pierre BAWELA","Dur\u00e9e de lecture estim\u00e9e":"6 minutes"},"schema":{"@context":"https:\/\/schema.org","@graph":[{"@type":"Article","@id":"https:\/\/macite.tg\/?p=23151#article","isPartOf":{"@id":"https:\/\/macite.tg\/?p=23151"},"author":{"name":"Jean Pierre BAWELA","@id":"https:\/\/macite.tg\/#\/schema\/person\/e9f2de7e5dbbe7770a9402c7ce82f5c2"},"headline":"ACCORD DE PAIX SIGNE ENTRE KIGALI ET KINSHASA\u00a0: Le Togo et Faure Gnassingb\u00e9 acteurs d\u00e9cisifs aux c\u00f4t\u00e9s de Donald Trump pour la paix \u00e0 l\u2019Est de la RDC","datePublished":"2025-06-30T18:42:24+00:00","dateModified":"2025-06-30T18:42:27+00:00","mainEntityOfPage":{"@id":"https:\/\/macite.tg\/?p=23151"},"wordCount":964,"commentCount":0,"image":{"@id":"https:\/\/macite.tg\/?p=23151#primaryimage"},"thumbnailUrl":"https:\/\/macite.tg\/wp-content\/uploads\/2025\/06\/image-110.png","articleSection":["ACTUALITE","DIPLOMATIE"],"inLanguage":"fr-FR","potentialAction":[{"@type":"CommentAction","name":"Comment","target":["https:\/\/macite.tg\/?p=23151#respond"]}]},{"@type":"WebPage","@id":"https:\/\/macite.tg\/?p=23151","url":"https:\/\/macite.tg\/?p=23151","name":"ACCORD DE PAIX SIGNE ENTRE KIGALI ET KINSHASA\u00a0: Le Togo et Faure Gnassingb\u00e9 acteurs d\u00e9cisifs aux c\u00f4t\u00e9s de Donald Trump pour la paix \u00e0 l\u2019Est de la RDC -","isPartOf":{"@id":"https:\/\/macite.tg\/#website"},"primaryImageOfPage":{"@id":"https:\/\/macite.tg\/?p=23151#primaryimage"},"image":{"@id":"https:\/\/macite.tg\/?p=23151#primaryimage"},"thumbnailUrl":"https:\/\/macite.tg\/wp-content\/uploads\/2025\/06\/image-110.png","datePublished":"2025-06-30T18:42:24+00:00","dateModified":"2025-06-30T18:42:27+00:00","author":{"@id":"https:\/\/macite.tg\/#\/schema\/person\/e9f2de7e5dbbe7770a9402c7ce82f5c2"},"breadcrumb":{"@id":"https:\/\/macite.tg\/?p=23151#breadcrumb"},"inLanguage":"fr-FR","potentialAction":[{"@type":"ReadAction","target":["https:\/\/macite.tg\/?p=23151"]}]},{"@type":"ImageObject","inLanguage":"fr-FR","@id":"https:\/\/macite.tg\/?p=23151#primaryimage","url":"https:\/\/macite.tg\/wp-content\/uploads\/2025\/06\/image-110.png","contentUrl":"https:\/\/macite.tg\/wp-content\/uploads\/2025\/06\/image-110.png","width":369,"height":270,"caption":"Donald Trump (g) et Faure Gnassingb\u00e9 (dt) (Photo archives)"},{"@type":"BreadcrumbList","@id":"https:\/\/macite.tg\/?p=23151#breadcrumb","itemListElement":[{"@type":"ListItem","position":1,"name":"Accueil","item":"https:\/\/macite.tg\/"},{"@type":"ListItem","position":2,"name":"ACCORD DE PAIX SIGNE ENTRE KIGALI ET KINSHASA\u00a0: Le Togo et Faure Gnassingb\u00e9 acteurs d\u00e9cisifs aux c\u00f4t\u00e9s de Donald Trump pour la paix \u00e0 l\u2019Est de la RDC"}]},{"@type":"WebSite","@id":"https:\/\/macite.tg\/#website","url":"https:\/\/macite.tg\/","name":"","description":"L&#039;information, la bonne!!!","potentialAction":[{"@type":"SearchAction","target":{"@type":"EntryPoint","urlTemplate":"https:\/\/macite.tg\/?s={search_term_string}"},"query-input":{"@type":"PropertyValueSpecification","valueRequired":true,"valueName":"search_term_string"}}],"inLanguage":"fr-FR"},{"@type":"Person","@id":"https:\/\/macite.tg\/#\/schema\/person\/e9f2de7e5dbbe7770a9402c7ce82f5c2","name":"Jean Pierre BAWELA","image":{"@type":"ImageObject","inLanguage":"fr-FR","@id":"https:\/\/macite.tg\/wp-content\/uploads\/2023\/09\/WhatsApp-Image-2023-09-19-at-14.44.41-122x122.jpeg","url":"https:\/\/macite.tg\/wp-content\/uploads\/2023\/09\/WhatsApp-Image-2023-09-19-at-14.44.41-122x122.jpeg","contentUrl":"https:\/\/macite.tg\/wp-content\/uploads\/2023\/09\/WhatsApp-Image-2023-09-19-at-14.44.41-122x122.jpeg","caption":"Jean Pierre BAWELA"},"url":"https:\/\/macite.tg\/?author=2"}]}},"_links":{"self":[{"href":"https:\/\/macite.tg\/index.php?rest_route=\/wp\/v2\/posts\/23151","targetHints":{"allow":["GET"]}}],"collection":[{"href":"https:\/\/macite.tg\/index.php?rest_route=\/wp\/v2\/posts"}],"about":[{"href":"https:\/\/macite.tg\/index.php?rest_route=\/wp\/v2\/types\/post"}],"author":[{"embeddable":true,"href":"https:\/\/macite.tg\/index.php?rest_route=\/wp\/v2\/users\/2"}],"replies":[{"embeddable":true,"href":"https:\/\/macite.tg\/index.php?rest_route=%2Fwp%2Fv2%2Fcomments&post=23151"}],"version-history":[{"count":0,"href":"https:\/\/macite.tg\/index.php?rest_route=\/wp\/v2\/posts\/23151\/revisions"}],"wp:featuredmedia":[{"embeddable":true,"href":"https:\/\/macite.tg\/index.php?rest_route=\/wp\/v2\/media\/23153"}],"wp:attachment":[{"href":"https:\/\/macite.tg\/index.php?rest_route=%2Fwp%2Fv2%2Fmedia&parent=23151"}],"wp:term":[{"taxonomy":"category","embeddable":true,"href":"https:\/\/macite.tg\/index.php?rest_route=%2Fwp%2Fv2%2Fcategories&post=23151"},{"taxonomy":"post_tag","embeddable":true,"href":"https:\/\/macite.tg\/index.php?rest_route=%2Fwp%2Fv2%2Ftags&post=23151"}],"curies":[{"name":"wp","href":"https:\/\/api.w.org\/{rel}","templated":true}]}}