{"id":2314,"date":"2022-12-04T19:00:15","date_gmt":"2022-12-04T19:00:15","guid":{"rendered":"https:\/\/macite.info\/?p=2314"},"modified":"2022-12-04T19:00:15","modified_gmt":"2022-12-04T19:00:15","slug":"le-ministre-sani-yaya-invite-de-jeune-afrique-la-lutte-contre-la-pauvrete-reste-prioritaire-tout-autant-celle-contre-le-terrorisme","status":"publish","type":"post","link":"https:\/\/macite.tg\/?p=2314","title":{"rendered":"LE MINISTRE SANI YAYA INVITE DE JEUNE AFRIQUE\u00a0: \u00ab\u00a0La lutte contre la pauvret\u00e9, reste prioritaire\u00a0\u00bb, tout autant celle contre le terrorisme"},"content":{"rendered":"\n<p class=\"wp-block-paragraph\"><\/p>\n\n\n\n<p class=\"wp-block-paragraph\"><strong><em>Climat, terrorisme, crise \u00e9conomique, FMI, Zlecaf, CFA et banques africaines&#8230; Invit\u00e9 de Jeune Afrique et RFI lors de l&rsquo;AFIS, qui s&rsquo;est tenu les 28 et 29 novembre \u00e0 Lom\u00e9, le ministre togolais de l&rsquo;\u00c9conomie et des Finances, Sani Yaya, livre son analyse des dossiers chauds du moment.<\/em><\/strong><strong><\/strong><\/p>\n\n\n\n<p class=\"wp-block-paragraph\"><strong><em>Journaliste&nbsp;: Le nord du Togo est confront\u00e9 \u00e0 des probl\u00e8mes d&rsquo;ins\u00e9curit\u00e9, des militaires y ont \u00e9t\u00e9 la cible d&rsquo;attaques terroristes&#8230; Au-del\u00e0 de l&rsquo;aspect s\u00e9curitaire, am\u00e9liorer les conditions de vie des habitants de ces r\u00e9gions doit-il, aussi, \u00eatre une priorit\u00e9 ?<\/em><\/strong><em><\/em><\/p>\n\n\n\n<p class=\"wp-block-paragraph\"><strong><u>Sani Yaya&nbsp;:<\/u><\/strong><strong> <\/strong>Absolument, c&rsquo;est la priorit\u00e9 au plus haut niveau. La lutte contre le terrorisme se fait sur deux fronts, le front s\u00e9curitaire et le front social. L&rsquo;objectif est d&rsquo;apporter plus d&rsquo;inclusion et, en m\u00eame temps, de lutter contre l&rsquo;extr\u00eame pauvret\u00e9 et donc d&rsquo;\u00e9viter qu&rsquo;il y ait des tentations [de rejoindre des groupes jihadistes] au sein de ces populations.<\/p>\n\n\n\n<p class=\"wp-block-paragraph\">Nous avons mis en place un plan d&rsquo;urgence pour la r\u00e9gion des Savanes, qui va \u00eatre \u00e9tendu \u00e0 l&rsquo;ensemble du pays et qui se chiffre \u00e0 259 milliards FCFA [395 millions d&rsquo;euros]. Son objectif est de r\u00e9duire les vuln\u00e9rabilit\u00e9s et de construire les infrastructures sociales et \u00e9conomiques de base&nbsp;: \u00e9coles, dispensaires, pistes, ponts&#8230;<\/p>\n\n\n\n<p class=\"wp-block-paragraph\"><strong><em>C&rsquo;est un projet qui n\u00e9cessite des investissements massifs. Comment votre gouvernement finance-t-il ce surcro\u00eet de d\u00e9penses ?<\/em><\/strong><em><\/em><\/p>\n\n\n\n<p class=\"wp-block-paragraph\">Notre projet de budget 2023 prend en compte l&rsquo;ensemble de ces pr\u00e9occupations et orientations. Pr\u00e8s de 50&nbsp;% du budget est consacr\u00e9 aux secteurs sociaux. C&rsquo;est plus de 600 milliards de F CFA.<\/p>\n\n\n\n<p class=\"wp-block-paragraph\"><strong><em>Mais ces d\u00e9penses non pr\u00e9vues ne viennent-elles pas bouleverser votre feuille de route, la mise en \u0153uvre du plan national de d\u00e9veloppement ?<\/em><\/strong><em><\/em><\/p>\n\n\n\n<p class=\"wp-block-paragraph\">Le premier axe de notre feuille de route, c&rsquo;est la paix, la s\u00e9curit\u00e9 et la coh\u00e9sion sociale.&nbsp;<\/p>\n\n\n\n<p class=\"wp-block-paragraph\">Je ne pense pas qu&rsquo;elle soit boulevers\u00e9e. C&rsquo;est vrai, c&rsquo;est un surco\u00fbt qui n&rsquo;\u00e9tait pas pr\u00e9vu, mais nous devons y faire face, parce que le premier axe de notre feuille de route, c&rsquo;est la paix, la s\u00e9curit\u00e9 et la coh\u00e9sion sociale.<\/p>\n\n\n<div class=\"wp-block-image\">\n<figure class=\"aligncenter size-large is-resized\"><img loading=\"lazy\" decoding=\"async\" src=\"https:\/\/macite.tg\/wp-content\/uploads\/2022\/11\/ANNONCES-1-1-1024x426.jpg\" alt=\"\" class=\"wp-image-2047\" width=\"712\" height=\"296\" srcset=\"https:\/\/macite.tg\/wp-content\/uploads\/2022\/11\/ANNONCES-1-1-1024x426.jpg 1024w, https:\/\/macite.tg\/wp-content\/uploads\/2022\/11\/ANNONCES-1-1-300x125.jpg 300w, https:\/\/macite.tg\/wp-content\/uploads\/2022\/11\/ANNONCES-1-1-768x319.jpg 768w, https:\/\/macite.tg\/wp-content\/uploads\/2022\/11\/ANNONCES-1-1.jpg 1080w\" sizes=\"auto, (max-width: 712px) 100vw, 712px\" \/><\/figure>\n<\/div>\n\n\n<p class=\"wp-block-paragraph\"><strong><em>L&rsquo;\u00e9conomie du Togo est-elle aussi touch\u00e9e par les crises qui secouent les pays voisins, le Burkina Faso et le Mali, o\u00f9 les crises politiques s&rsquo;ajoutent aux crises s\u00e9curitaires ?<\/em><\/strong><em><\/em><\/p>\n\n\n\n<p class=\"wp-block-paragraph\">Forc\u00e9ment, quand il y a des perturbations dans ces pays, nous sommes touch\u00e9s. Notre port dessert tous les pays de l&rsquo;hinterland &#8211; Burkina Faso, Niger et Mali. C&rsquo;est pour cela que nous sommes depuis longtemps engag\u00e9s dans la lutte contre le fl\u00e9au terroriste, y compris lorsqu&rsquo;il n&rsquo;avait pas pass\u00e9 la fronti\u00e8re de notre pays.<\/p>\n\n\n\n<p class=\"wp-block-paragraph\">Comme vous le savez, le Togo a des troupes sur diff\u00e9rents th\u00e9\u00e2tres d&rsquo;op\u00e9rations pour lutter contre le terrorisme&nbsp;: au Mali et en Centrafrique.<\/p>\n\n\n\n<p class=\"wp-block-paragraph\"><strong><em>Il y a eu des sanctions prises contre le Mali. Celles-ci ont \u00e9t\u00e9 lev\u00e9es au mois de juillet. Est-ce que c&rsquo;\u00e9tait une bonne chose ?<\/em><\/strong><em><\/em><\/p>\n\n\n\n<p class=\"wp-block-paragraph\">Ce sont les chefs d&rsquo;\u00c9tat qui ont d\u00e9cid\u00e9 de lever ces sanctions. Ils ont jug\u00e9 de mani\u00e8re unanime que le temps \u00e9tait venu. S&rsquo;ils les ont lev\u00e9es, c&rsquo;est que c&rsquo;\u00e9tait opportun.<\/p>\n\n\n\n<p class=\"wp-block-paragraph\"><strong><em>Les sanctions avaient des cons\u00e9quences importantes, \u00e0 la fois sur les populations maliennes, mais aussi sur les pays voisins. Est- ce que c&rsquo;est cela qui a acc\u00e9l\u00e9r\u00e9 leur lev\u00e9e ?<\/em><\/strong><em><\/em><\/p>\n\n\n\n<p class=\"wp-block-paragraph\">Je ne fais pas de commentaire l\u00e0-dessus.<\/p>\n\n\n\n<p class=\"wp-block-paragraph\"><strong><em>En plus des crises s\u00e9curitaire et politique, l&rsquo;Afrique doit lutter contre l&rsquo;inflation, qui touche notamment l&rsquo;alimentation et l&rsquo;\u00e9nergie. Le Togo a-t-il les moyens de cibler les plus d\u00e9munis ?<\/em><\/strong><em><\/em><\/p>\n\n\n\n<p class=\"wp-block-paragraph\">Nous nous donnons les moyens pour pouvoir faire face \u00e0 ces vuln\u00e9rabilit\u00e9s. Quant \u00e0 la lutte contre la pauvret\u00e9, elle reste prioritaire.<\/p>\n\n\n\n<p class=\"wp-block-paragraph\">N&rsquo;oubliez pas notre r\u00e9silience. En 2020, notre croissance a atteint 2%, alors que le monde &#8211; et m\u00eame la sous- r\u00e9gion \u2013 \u00e9taient en r\u00e9cession. En 2021, notre croissance \u00e9tait de 6&nbsp;%, elle est de 5,8&nbsp;% cette ann\u00e9e, et nous projetons 6,6&nbsp;% l&rsquo;an prochain. Nous nous donnons les moyens pour pouvoir faire face \u00e0 ces vuln\u00e9rabilit\u00e9s. Quant \u00e0 la lutte contre la pauvret\u00e9, elle reste prioritaire. Dans le budget 2023, les secteurs sociaux voient d&rsquo;ailleurs leur part augmenter d&rsquo;environ 4 \u00e0 5%.<\/p>\n\n\n\n<p class=\"wp-block-paragraph\"><strong><em>Cependant, les subventions &#8211; par exemple celle qui concerne le carburant &#8211; ne sont pas toutes fl\u00e9ch\u00e9es vers les plus pauvres. Ces aides atteignent-elles leur cible ?<\/em><\/strong><em><\/em><\/p>\n\n\n\n<p class=\"wp-block-paragraph\">Nous sommes effectivement en cours de r\u00e9flexion sur cette question. Nous voulons de plus en plus cibler la couche la plus vuln\u00e9rable de la population. C&rsquo;est pour cela qu&rsquo;il y a diff\u00e9rents projets en cours, comme le registre social unique d&rsquo;identification biom\u00e9trique, qui doit permettre de mieux cibler les aides que le gouvernement apporte aux populations.<\/p>\n\n\n\n<p class=\"wp-block-paragraph\"><strong><em>On sait que le Fonds mon\u00e9taire international (FMI) n&rsquo;est pas favorable \u00e0 ce type d&rsquo;intervention des \u00c9tats, et s&rsquo;inqui\u00e8te des politiques dites du \u00ab&nbsp;quoi qu&rsquo;il en co\u00fbte&nbsp;\u00bb. Discutez-vous avec les repr\u00e9sentants de cette institution en vue de la mise en place d&rsquo;un programme d&rsquo;appui ?<\/em><\/strong><em><\/em><\/p>\n\n\n\n<p class=\"wp-block-paragraph\">Nous allons reprendre les discussions en d\u00e9but d&rsquo;ann\u00e9e prochaine, et nous esp\u00e9rons qu&rsquo;\u00e0 la fin du premier trimestre de 2023, nous parviendrons \u00e0 un accord et \u00e0 un programme. Vous dites que le FMI n&rsquo;est pas tr\u00e8s favorable \u00e0 ce genre de subventions&#8230; Mais vous savez, le Fonds a chang\u00e9. Et le FMI comprend que, quand il y a des situations exceptionnelles, il peut y avoir des mesures exceptionnelles. C&rsquo;est une question de solidarit\u00e9 nationale. Et m\u00eame internationale.<\/p>\n\n\n\n<p class=\"wp-block-paragraph\">Je vous rappelle que le FMI a milit\u00e9 en faveur de la redistribution des Droits de tirage sp\u00e9ciaux (DTS). C&rsquo;est, dans une certaine mesure, pour soutenir les \u00c9tats dans leurs efforts de r\u00e9duction des vuln\u00e9rabilit\u00e9s.<\/p>\n\n\n\n<p class=\"wp-block-paragraph\"><strong><em>Les finances publiques n&rsquo;en sont pas moins soumises \u00e0 rude \u00e9preuve. Le Covid hier, la guerre en Ukraine aujourd&rsquo;hui&#8230; Cela oblige les pays \u00e0 s&rsquo;endetter pour faire face. Les Togolais doivent-ils s&rsquo;inqui\u00e9ter ?<\/em><\/strong><em><\/em><\/p>\n\n\n\n<p class=\"wp-block-paragraph\">Non. Nous suivons tr\u00e8s bien la trajectoire de notre dette publique et, pour l&rsquo;instant, elle reste soutenable. Elle repr\u00e9sente 61&nbsp;% du produit int\u00e9rieur brut (PIB), quand la limite communautaire est fix\u00e9e \u00e0 70&nbsp;%.<\/p>\n\n\n\n<p class=\"wp-block-paragraph\"><strong><em>En tant que ministre des Finances, pensez-vous que le franc CFA a permis d&rsquo;assurer une certaine stabilit\u00e9 ?<\/em><\/strong><em><\/em><\/p>\n\n\n\n<p class=\"wp-block-paragraph\">Ce n&rsquo;est pas la monnaie qui assure la stabilit\u00e9, ce sont les politiques mon\u00e9taires et la rigueur de ceux qui en ont la charge.&nbsp;<\/p>\n\n\n\n<p class=\"wp-block-paragraph\">Je vais vous surprendre&nbsp;: ce n&rsquo;est pas la monnaie qui assure la stabilit\u00e9, ce sont les politiques mon\u00e9taires et la rigueur de ceux qui en ont la charge. L&rsquo;arrimage \u00e0 l&rsquo;euro, cela d\u00e9pend des fondamentaux.<\/p>\n\n\n\n<p class=\"wp-block-paragraph\">N&rsquo;oubliez pas que nous avons d\u00e9j\u00e0 eu \u00e0 faire face \u00e0 une d\u00e9valuation, en 1994. Pourquoi y a-t-il eu cette d\u00e9valuation ? Parce que les fondamentaux l&rsquo;exigeaient. Donc, si les fondamentaux ne sont pas au beau fixe, la monnaie ne peut pas \u00eatre arrim\u00e9e avec un taux de change constant. C&rsquo;est pour cela que, comme je vous le dis, ce sont les politiques mon\u00e9taires mises en \u0153uvre pour veiller \u00e0 la valeur de la monnaie, \u00e0 sa valeur int\u00e9rieure et \u00e0 sa valeur ext\u00e9rieure, qui font que nous avons aujourd&rsquo;hui cette stabilit\u00e9 sur le plan financier.<\/p>\n\n\n\n<p class=\"wp-block-paragraph\"><strong><em>Outre le cadre macro\u00e9conomique, attirer les investisseurs \u00e9trangers passe-t-il aussi par la mise en place effective de la Zone de libre- \u00e9change africaine ?<\/em><\/strong><em><\/em><\/p>\n\n\n\n<p class=\"wp-block-paragraph\">Les investisseurs \u00e9trangers, qu&rsquo;est-ce qui les attire ? En ce qui concerne notre pays, nous pensons que c&rsquo;est d&rsquo;abord le climat des affaires, un cadre macro\u00e9conomique stable et les r\u00e9formes structurantes que nous menons. Mais, effectivement, la Zlecaf est aussi un immense march\u00e9 qui va sans doute attirer les investissements \u00e9trangers.<\/p>\n\n\n\n<p class=\"wp-block-paragraph\"><strong><em>Mais, de sommet en sommet sur la Zlecaf, on a le sentiment que l&rsquo;on en parle, mais que les d\u00e9cisions sont lentes \u00e0 venir&#8230;<\/em><\/strong><em><\/em><\/p>\n\n\n\n<p class=\"wp-block-paragraph\">Les initiatives du secteur priv\u00e9, comme l&rsquo;AFIS, permettent aussi d&rsquo;avancer. Car ce sont ces banques qui vont aider \u00e0 l&rsquo;int\u00e9gration africaine. C&rsquo;est pour cela que nous soutenons vraiment ce type d&rsquo;\u00e9v\u00e9nements, qui am\u00e8ne des groupes de divers horizons \u00e0 se parler et \u00e0 trouver, ensemble, comment avancer et proposer aux politiques des approches, des solutions.<\/p>\n\n\n\n<p class=\"wp-block-paragraph\"><strong><em>Un des enjeux de l&rsquo;AFIS, c&rsquo;est justement de faire r\u00e9fl\u00e9chir les acteurs du secteur financier \u00e0 la meilleure mani\u00e8re de faire entendre la voix de l&rsquo;Afrique au-del\u00e0 du continent&#8230;<\/em><\/strong><em><\/em><\/p>\n\n\n\n<p class=\"wp-block-paragraph\">Oui, l&rsquo;Afrique a sa r\u00e9alit\u00e9, et la r\u00e9glementation au niveau international devrait en tenir compte ou, \u00e0 tout le moins, donner parfois un peu de temps \u00e0 l&rsquo;Afrique pour qu&rsquo;elle puisse s&rsquo;ajuster. Nous n&rsquo;avons pas la m\u00eame histoire, nous ne sommes pas au m\u00eame niveau de d\u00e9veloppement. L&rsquo;Afrique conna\u00eet une pouss\u00e9e d\u00e9mographique importante, fait face \u00e0 d&rsquo;\u00e9normes d\u00e9fis sociaux, s\u00e9curitaires, en mati\u00e8re d&rsquo;infrastructures \u00e9galement. La r\u00e9glementation internationale sur le financement de nos \u00e9conomies devrait tenir compte de nos r\u00e9alit\u00e9s et laisser le temps au secteur financier africain de s&rsquo;adapter.<\/p>\n\n\n<div class=\"wp-block-image\">\n<figure class=\"aligncenter size-large is-resized\"><img loading=\"lazy\" decoding=\"async\" src=\"https:\/\/macite.tg\/wp-content\/uploads\/2022\/11\/FACILITATION-TRANSIT-753x1024.jpg\" alt=\"\" class=\"wp-image-1569\" width=\"629\" height=\"855\" srcset=\"https:\/\/macite.tg\/wp-content\/uploads\/2022\/11\/FACILITATION-TRANSIT-753x1024.jpg 753w, https:\/\/macite.tg\/wp-content\/uploads\/2022\/11\/FACILITATION-TRANSIT-221x300.jpg 221w, https:\/\/macite.tg\/wp-content\/uploads\/2022\/11\/FACILITATION-TRANSIT-768x1044.jpg 768w, https:\/\/macite.tg\/wp-content\/uploads\/2022\/11\/FACILITATION-TRANSIT-1130x1536.jpg 1130w, https:\/\/macite.tg\/wp-content\/uploads\/2022\/11\/FACILITATION-TRANSIT.jpg 1502w\" sizes=\"auto, (max-width: 629px) 100vw, 629px\" \/><\/figure>\n<\/div>\n\n\n<p class=\"wp-block-paragraph\"><strong><em>Pourquoi, selon vous, il est important d&rsquo;avoir des banques africaines puissantes ?<\/em><\/strong><em><\/em><\/p>\n\n\n\n<p class=\"wp-block-paragraph\">Les d\u00e9cisions de financement de nos \u00e9conomies devraient se prendre sur le continent africain plut\u00f4t qu&rsquo;ailleurs.<\/p>\n\n\n\n<p class=\"wp-block-paragraph\">Nous pensons que c&rsquo;est un enjeu de souverainet\u00e9. Les d\u00e9cisions de financement de nos \u00e9conomies devraient se prendre sur le continent africain plut\u00f4t qu&rsquo;ailleurs. Aujourd&rsquo;hui, nous sommes soumis au bon vouloir des banques internationales. Si cela se joue sur le continent, ce sont des gens que nous connaissons, qui nous connaissent et qui se connaissent entre eux.<\/p>\n\n\n\n<p class=\"wp-block-paragraph\"><strong><em>Lors de la COP27 en \u00c9gypte, l&rsquo;Afrique a obtenu la cr\u00e9ation d&rsquo;un fonds pour son adaptation au changement climatique. Mais les engagements internationaux restent relativement maigres. L&rsquo;Afrique doit-elle voir le verre \u00e0 moiti\u00e9 plein ou \u00e0 moiti\u00e9 vide ?<\/em><\/strong><em><\/em><\/p>\n\n\n\n<p class=\"wp-block-paragraph\">Nous restons tr\u00e8s attentifs \u00e0 la situation, parce que cela a un impact s\u00e9rieux sur nos \u00e9conomies.<\/p>\n\n\n\n<p class=\"wp-block-paragraph\">L&rsquo;accord trouv\u00e9 lors de la COP27 est historique en ce qui concerne les compensations financi\u00e8res pour l&rsquo;Afrique. Comme vous le savez, le continent repr\u00e9sente 17&nbsp;% de la population mondiale, mais n&rsquo;\u00e9met que 4&nbsp;% des gaz \u00e0 effet de serre. C&rsquo;est pourtant nous qui subissons le plus les cons\u00e9quences du r\u00e9chauffement climatique. Cet engagement financier est donc juste pour l&rsquo;Afrique.<\/p>\n\n\n\n<p class=\"wp-block-paragraph\">Pour autant, nous pensons qu&rsquo;il faut poursuivre les discussions parce que, sur les objectifs de r\u00e9duction des \u00e9missions de gaz \u00e0 effet de serre, nous n&rsquo;avons pas pu parvenir \u00e0 un accord. Nous restons tr\u00e8s attentifs \u00e0 la situation, parce que cela a un impact s\u00e9rieux sur nos \u00e9conomies. Selon la commission \u00e9conomique des Nations unies pour l&rsquo;Afrique, l&rsquo;impact du r\u00e9chauffement climatique &#8211; inondations, s\u00e9cheresse&#8230; &#8211; peut atteindre 5 \u00e0 15% du PIB des pays du continent.<\/p>\n\n\n\n<p class=\"wp-block-paragraph\"><strong><em>Dans le contexte des diff\u00e9rentes crises dont nous avons parl\u00e9, le Togo peut-il aussi faire de la lutte contre le r\u00e9chauffement climatique une priorit\u00e9 ?<\/em><\/strong><em><\/em><\/p>\n\n\n\n<p class=\"wp-block-paragraph\">C&rsquo;est une priorit\u00e9. Regardez la mise en \u0153uvre de notre plan de d\u00e9veloppement. Nous avons, pr\u00e8s de la fronti\u00e8re avec le B\u00e9nin, deux routes qui sont submerg\u00e9es par la mer. Ce sont des investissements perdus. C&rsquo;est un exemple qui montre \u00e0 quel point nous sommes sensibles \u00e0 la lutte contre le r\u00e9chauffement climatique. Nos d\u00e9cisions \u00e9conomiques sont toutes prises avec un objectif de durabilit\u00e9.<\/p>\n\n\n\n<p class=\"wp-block-paragraph\"><strong><u>Source<\/u>&nbsp;: @Republiquetogolaise<\/strong><\/p>\n\n\n\n<p class=\"wp-block-paragraph\"><strong><em>@macite.info<\/em><\/strong><\/p>\n\n\n\n<p class=\"wp-block-paragraph\"><strong><em>E-mail&nbsp;: <\/em><\/strong><a href=\"mailto:maciteinfo@gmail.com\"><em>maciteinfo@gmail.com<\/em><\/a><strong><em>; <\/em><\/strong><a href=\"mailto:bawela1@gmail.com\"><em>bawela1@gmail.com<\/em><\/a><strong><em><\/em><\/strong><\/p>\n\n\n\n<p class=\"wp-block-paragraph\"><strong><em>Pour vos annonces, (publi)reportages, etc., joignez nous au (00228) 91515309\/<strong>79872224<\/strong><\/em><\/strong><em><\/em><\/p>\n\n\n\n<p class=\"wp-block-paragraph\"><a href=\"http:\/\/www.macite.info\"><em>www.macite.info<\/em><\/a><strong><em>, L\u2019information, la bonne&nbsp;!<\/em><\/strong><\/p>\n","protected":false},"excerpt":{"rendered":"<p class=\"text-justify mb-2\" >Climat, terrorisme, crise \u00e9conomique, FMI, Zlecaf, CFA et banques africaines&#8230; Invit\u00e9 de Jeune Afrique et RFI lors de l&rsquo;AFIS, qui s&rsquo;est tenu les 28 et 29 novembre \u00e0 Lom\u00e9, le ministre togolais de l&rsquo;\u00c9conomie et des Finances, Sani Yaya, livre son analyse des dossiers chauds [&hellip;]<\/p>\n","protected":false},"author":2,"featured_media":2315,"comment_status":"open","ping_status":"open","sticky":false,"template":"","format":"standard","meta":{"footnotes":""},"categories":[3],"tags":[],"class_list":["post-2314","post","type-post","status-publish","format-standard","has-post-thumbnail","hentry","category-economie"],"yoast_head":"<!-- This site is optimized with the Yoast SEO plugin v28.4 - https:\/\/yoast.com\/product\/yoast-seo-wordpress\/ -->\n<title>LE MINISTRE SANI YAYA INVITE DE JEUNE AFRIQUE\u00a0: \u00ab\u00a0La lutte contre la pauvret\u00e9, reste prioritaire\u00a0\u00bb, tout autant celle contre le terrorisme -<\/title>\n<meta name=\"robots\" content=\"index, follow, max-snippet:-1, max-image-preview:large, max-video-preview:-1\" \/>\n<link rel=\"canonical\" href=\"https:\/\/macite.tg\/?p=2314\" \/>\n<meta property=\"og:locale\" content=\"fr_FR\" \/>\n<meta property=\"og:type\" content=\"article\" \/>\n<meta property=\"og:title\" content=\"LE MINISTRE SANI YAYA INVITE DE JEUNE AFRIQUE\u00a0: \u00ab\u00a0La lutte contre la pauvret\u00e9, reste prioritaire\u00a0\u00bb, tout autant celle contre le terrorisme -\" \/>\n<meta property=\"og:description\" content=\"Climat, terrorisme, crise \u00e9conomique, FMI, Zlecaf, CFA et banques africaines&#8230; Invit\u00e9 de Jeune Afrique et RFI lors de l&rsquo;AFIS, qui s&rsquo;est tenu les 28 et 29 novembre \u00e0 Lom\u00e9, le ministre togolais de l&rsquo;\u00c9conomie et des Finances, Sani Yaya, livre son analyse des dossiers chauds [&hellip;]\" \/>\n<meta property=\"og:url\" content=\"https:\/\/macite.tg\/?p=2314\" \/>\n<meta property=\"article:published_time\" content=\"2022-12-04T19:00:15+00:00\" \/>\n<meta property=\"og:image\" content=\"https:\/\/macite.tg\/wp-content\/uploads\/2022\/12\/sani-yaya-1-696x435-1.jpg\" \/>\n\t<meta property=\"og:image:width\" content=\"696\" \/>\n\t<meta property=\"og:image:height\" content=\"435\" \/>\n\t<meta property=\"og:image:type\" content=\"image\/jpeg\" \/>\n<meta name=\"author\" content=\"Jean Pierre BAWELA\" \/>\n<meta name=\"twitter:card\" content=\"summary_large_image\" \/>\n<meta name=\"twitter:label1\" content=\"\u00c9crit par\" \/>\n\t<meta name=\"twitter:data1\" content=\"Jean Pierre BAWELA\" \/>\n\t<meta name=\"twitter:label2\" content=\"Dur\u00e9e de lecture estim\u00e9e\" \/>\n\t<meta name=\"twitter:data2\" content=\"10 minutes\" \/>\n<script type=\"application\/ld+json\" class=\"yoast-schema-graph\">{\"@context\":\"https:\\\/\\\/schema.org\",\"@graph\":[{\"@type\":\"Article\",\"@id\":\"https:\\\/\\\/macite.tg\\\/?p=2314#article\",\"isPartOf\":{\"@id\":\"https:\\\/\\\/macite.tg\\\/?p=2314\"},\"author\":{\"name\":\"Jean Pierre BAWELA\",\"@id\":\"https:\\\/\\\/macite.tg\\\/#\\\/schema\\\/person\\\/e9f2de7e5dbbe7770a9402c7ce82f5c2\"},\"headline\":\"LE MINISTRE SANI YAYA INVITE DE JEUNE AFRIQUE\u00a0: \u00ab\u00a0La lutte contre la pauvret\u00e9, reste prioritaire\u00a0\u00bb, tout autant celle contre le terrorisme\",\"datePublished\":\"2022-12-04T19:00:15+00:00\",\"mainEntityOfPage\":{\"@id\":\"https:\\\/\\\/macite.tg\\\/?p=2314\"},\"wordCount\":2017,\"commentCount\":0,\"image\":{\"@id\":\"https:\\\/\\\/macite.tg\\\/?p=2314#primaryimage\"},\"thumbnailUrl\":\"https:\\\/\\\/macite.tg\\\/wp-content\\\/uploads\\\/2022\\\/12\\\/sani-yaya-1-696x435-1.jpg\",\"articleSection\":[\"ECONOMIE\"],\"inLanguage\":\"fr-FR\",\"potentialAction\":[{\"@type\":\"CommentAction\",\"name\":\"Comment\",\"target\":[\"https:\\\/\\\/macite.tg\\\/?p=2314#respond\"]}]},{\"@type\":\"WebPage\",\"@id\":\"https:\\\/\\\/macite.tg\\\/?p=2314\",\"url\":\"https:\\\/\\\/macite.tg\\\/?p=2314\",\"name\":\"LE MINISTRE SANI YAYA INVITE DE JEUNE AFRIQUE\u00a0: \u00ab\u00a0La lutte contre la pauvret\u00e9, reste prioritaire\u00a0\u00bb, tout autant celle contre le terrorisme -\",\"isPartOf\":{\"@id\":\"https:\\\/\\\/macite.tg\\\/#website\"},\"primaryImageOfPage\":{\"@id\":\"https:\\\/\\\/macite.tg\\\/?p=2314#primaryimage\"},\"image\":{\"@id\":\"https:\\\/\\\/macite.tg\\\/?p=2314#primaryimage\"},\"thumbnailUrl\":\"https:\\\/\\\/macite.tg\\\/wp-content\\\/uploads\\\/2022\\\/12\\\/sani-yaya-1-696x435-1.jpg\",\"datePublished\":\"2022-12-04T19:00:15+00:00\",\"author\":{\"@id\":\"https:\\\/\\\/macite.tg\\\/#\\\/schema\\\/person\\\/e9f2de7e5dbbe7770a9402c7ce82f5c2\"},\"breadcrumb\":{\"@id\":\"https:\\\/\\\/macite.tg\\\/?p=2314#breadcrumb\"},\"inLanguage\":\"fr-FR\",\"potentialAction\":[{\"@type\":\"ReadAction\",\"target\":[\"https:\\\/\\\/macite.tg\\\/?p=2314\"]}]},{\"@type\":\"ImageObject\",\"inLanguage\":\"fr-FR\",\"@id\":\"https:\\\/\\\/macite.tg\\\/?p=2314#primaryimage\",\"url\":\"https:\\\/\\\/macite.tg\\\/wp-content\\\/uploads\\\/2022\\\/12\\\/sani-yaya-1-696x435-1.jpg\",\"contentUrl\":\"https:\\\/\\\/macite.tg\\\/wp-content\\\/uploads\\\/2022\\\/12\\\/sani-yaya-1-696x435-1.jpg\",\"width\":696,\"height\":435},{\"@type\":\"BreadcrumbList\",\"@id\":\"https:\\\/\\\/macite.tg\\\/?p=2314#breadcrumb\",\"itemListElement\":[{\"@type\":\"ListItem\",\"position\":1,\"name\":\"Accueil\",\"item\":\"https:\\\/\\\/macite.tg\\\/\"},{\"@type\":\"ListItem\",\"position\":2,\"name\":\"LE MINISTRE SANI YAYA INVITE DE JEUNE AFRIQUE\u00a0: \u00ab\u00a0La lutte contre la pauvret\u00e9, reste prioritaire\u00a0\u00bb, tout autant celle contre le terrorisme\"}]},{\"@type\":\"WebSite\",\"@id\":\"https:\\\/\\\/macite.tg\\\/#website\",\"url\":\"https:\\\/\\\/macite.tg\\\/\",\"name\":\"\",\"description\":\"L&#039;information, la bonne!!!\",\"potentialAction\":[{\"@type\":\"SearchAction\",\"target\":{\"@type\":\"EntryPoint\",\"urlTemplate\":\"https:\\\/\\\/macite.tg\\\/?s={search_term_string}\"},\"query-input\":{\"@type\":\"PropertyValueSpecification\",\"valueRequired\":true,\"valueName\":\"search_term_string\"}}],\"inLanguage\":\"fr-FR\"},{\"@type\":\"Person\",\"@id\":\"https:\\\/\\\/macite.tg\\\/#\\\/schema\\\/person\\\/e9f2de7e5dbbe7770a9402c7ce82f5c2\",\"name\":\"Jean Pierre BAWELA\",\"image\":{\"@type\":\"ImageObject\",\"inLanguage\":\"fr-FR\",\"@id\":\"https:\\\/\\\/macite.tg\\\/wp-content\\\/uploads\\\/2023\\\/09\\\/WhatsApp-Image-2023-09-19-at-14.44.41-122x122.jpeg\",\"url\":\"https:\\\/\\\/macite.tg\\\/wp-content\\\/uploads\\\/2023\\\/09\\\/WhatsApp-Image-2023-09-19-at-14.44.41-122x122.jpeg\",\"contentUrl\":\"https:\\\/\\\/macite.tg\\\/wp-content\\\/uploads\\\/2023\\\/09\\\/WhatsApp-Image-2023-09-19-at-14.44.41-122x122.jpeg\",\"caption\":\"Jean Pierre BAWELA\"},\"url\":\"https:\\\/\\\/macite.tg\\\/?author=2\"}]}<\/script>\n<!-- \/ Yoast SEO plugin. -->","yoast_head_json":{"title":"LE MINISTRE SANI YAYA INVITE DE JEUNE AFRIQUE\u00a0: \u00ab\u00a0La lutte contre la pauvret\u00e9, reste prioritaire\u00a0\u00bb, tout autant celle contre le terrorisme -","robots":{"index":"index","follow":"follow","max-snippet":"max-snippet:-1","max-image-preview":"max-image-preview:large","max-video-preview":"max-video-preview:-1"},"canonical":"https:\/\/macite.tg\/?p=2314","og_locale":"fr_FR","og_type":"article","og_title":"LE MINISTRE SANI YAYA INVITE DE JEUNE AFRIQUE\u00a0: \u00ab\u00a0La lutte contre la pauvret\u00e9, reste prioritaire\u00a0\u00bb, tout autant celle contre le terrorisme -","og_description":"Climat, terrorisme, crise \u00e9conomique, FMI, Zlecaf, CFA et banques africaines&#8230; Invit\u00e9 de Jeune Afrique et RFI lors de l&rsquo;AFIS, qui s&rsquo;est tenu les 28 et 29 novembre \u00e0 Lom\u00e9, le ministre togolais de l&rsquo;\u00c9conomie et des Finances, Sani Yaya, livre son analyse des dossiers chauds [&hellip;]","og_url":"https:\/\/macite.tg\/?p=2314","article_published_time":"2022-12-04T19:00:15+00:00","og_image":[{"width":696,"height":435,"url":"https:\/\/macite.tg\/wp-content\/uploads\/2022\/12\/sani-yaya-1-696x435-1.jpg","type":"image\/jpeg"}],"author":"Jean Pierre BAWELA","twitter_card":"summary_large_image","twitter_misc":{"\u00c9crit par":"Jean Pierre BAWELA","Dur\u00e9e de lecture estim\u00e9e":"10 minutes"},"schema":{"@context":"https:\/\/schema.org","@graph":[{"@type":"Article","@id":"https:\/\/macite.tg\/?p=2314#article","isPartOf":{"@id":"https:\/\/macite.tg\/?p=2314"},"author":{"name":"Jean Pierre BAWELA","@id":"https:\/\/macite.tg\/#\/schema\/person\/e9f2de7e5dbbe7770a9402c7ce82f5c2"},"headline":"LE MINISTRE SANI YAYA INVITE DE JEUNE AFRIQUE\u00a0: \u00ab\u00a0La lutte contre la pauvret\u00e9, reste prioritaire\u00a0\u00bb, tout autant celle contre le terrorisme","datePublished":"2022-12-04T19:00:15+00:00","mainEntityOfPage":{"@id":"https:\/\/macite.tg\/?p=2314"},"wordCount":2017,"commentCount":0,"image":{"@id":"https:\/\/macite.tg\/?p=2314#primaryimage"},"thumbnailUrl":"https:\/\/macite.tg\/wp-content\/uploads\/2022\/12\/sani-yaya-1-696x435-1.jpg","articleSection":["ECONOMIE"],"inLanguage":"fr-FR","potentialAction":[{"@type":"CommentAction","name":"Comment","target":["https:\/\/macite.tg\/?p=2314#respond"]}]},{"@type":"WebPage","@id":"https:\/\/macite.tg\/?p=2314","url":"https:\/\/macite.tg\/?p=2314","name":"LE MINISTRE SANI YAYA INVITE DE JEUNE AFRIQUE\u00a0: \u00ab\u00a0La lutte contre la pauvret\u00e9, reste prioritaire\u00a0\u00bb, tout autant celle contre le terrorisme -","isPartOf":{"@id":"https:\/\/macite.tg\/#website"},"primaryImageOfPage":{"@id":"https:\/\/macite.tg\/?p=2314#primaryimage"},"image":{"@id":"https:\/\/macite.tg\/?p=2314#primaryimage"},"thumbnailUrl":"https:\/\/macite.tg\/wp-content\/uploads\/2022\/12\/sani-yaya-1-696x435-1.jpg","datePublished":"2022-12-04T19:00:15+00:00","author":{"@id":"https:\/\/macite.tg\/#\/schema\/person\/e9f2de7e5dbbe7770a9402c7ce82f5c2"},"breadcrumb":{"@id":"https:\/\/macite.tg\/?p=2314#breadcrumb"},"inLanguage":"fr-FR","potentialAction":[{"@type":"ReadAction","target":["https:\/\/macite.tg\/?p=2314"]}]},{"@type":"ImageObject","inLanguage":"fr-FR","@id":"https:\/\/macite.tg\/?p=2314#primaryimage","url":"https:\/\/macite.tg\/wp-content\/uploads\/2022\/12\/sani-yaya-1-696x435-1.jpg","contentUrl":"https:\/\/macite.tg\/wp-content\/uploads\/2022\/12\/sani-yaya-1-696x435-1.jpg","width":696,"height":435},{"@type":"BreadcrumbList","@id":"https:\/\/macite.tg\/?p=2314#breadcrumb","itemListElement":[{"@type":"ListItem","position":1,"name":"Accueil","item":"https:\/\/macite.tg\/"},{"@type":"ListItem","position":2,"name":"LE MINISTRE SANI YAYA INVITE DE JEUNE AFRIQUE\u00a0: \u00ab\u00a0La lutte contre la pauvret\u00e9, reste prioritaire\u00a0\u00bb, tout autant celle contre le terrorisme"}]},{"@type":"WebSite","@id":"https:\/\/macite.tg\/#website","url":"https:\/\/macite.tg\/","name":"","description":"L&#039;information, la bonne!!!","potentialAction":[{"@type":"SearchAction","target":{"@type":"EntryPoint","urlTemplate":"https:\/\/macite.tg\/?s={search_term_string}"},"query-input":{"@type":"PropertyValueSpecification","valueRequired":true,"valueName":"search_term_string"}}],"inLanguage":"fr-FR"},{"@type":"Person","@id":"https:\/\/macite.tg\/#\/schema\/person\/e9f2de7e5dbbe7770a9402c7ce82f5c2","name":"Jean Pierre BAWELA","image":{"@type":"ImageObject","inLanguage":"fr-FR","@id":"https:\/\/macite.tg\/wp-content\/uploads\/2023\/09\/WhatsApp-Image-2023-09-19-at-14.44.41-122x122.jpeg","url":"https:\/\/macite.tg\/wp-content\/uploads\/2023\/09\/WhatsApp-Image-2023-09-19-at-14.44.41-122x122.jpeg","contentUrl":"https:\/\/macite.tg\/wp-content\/uploads\/2023\/09\/WhatsApp-Image-2023-09-19-at-14.44.41-122x122.jpeg","caption":"Jean Pierre BAWELA"},"url":"https:\/\/macite.tg\/?author=2"}]}},"_links":{"self":[{"href":"https:\/\/macite.tg\/index.php?rest_route=\/wp\/v2\/posts\/2314","targetHints":{"allow":["GET"]}}],"collection":[{"href":"https:\/\/macite.tg\/index.php?rest_route=\/wp\/v2\/posts"}],"about":[{"href":"https:\/\/macite.tg\/index.php?rest_route=\/wp\/v2\/types\/post"}],"author":[{"embeddable":true,"href":"https:\/\/macite.tg\/index.php?rest_route=\/wp\/v2\/users\/2"}],"replies":[{"embeddable":true,"href":"https:\/\/macite.tg\/index.php?rest_route=%2Fwp%2Fv2%2Fcomments&post=2314"}],"version-history":[{"count":0,"href":"https:\/\/macite.tg\/index.php?rest_route=\/wp\/v2\/posts\/2314\/revisions"}],"wp:featuredmedia":[{"embeddable":true,"href":"https:\/\/macite.tg\/index.php?rest_route=\/wp\/v2\/media\/2315"}],"wp:attachment":[{"href":"https:\/\/macite.tg\/index.php?rest_route=%2Fwp%2Fv2%2Fmedia&parent=2314"}],"wp:term":[{"taxonomy":"category","embeddable":true,"href":"https:\/\/macite.tg\/index.php?rest_route=%2Fwp%2Fv2%2Fcategories&post=2314"},{"taxonomy":"post_tag","embeddable":true,"href":"https:\/\/macite.tg\/index.php?rest_route=%2Fwp%2Fv2%2Ftags&post=2314"}],"curies":[{"name":"wp","href":"https:\/\/api.w.org\/{rel}","templated":true}]}}