{"id":2307,"date":"2022-12-04T17:56:30","date_gmt":"2022-12-04T17:56:30","guid":{"rendered":"https:\/\/macite.info\/?p=2307"},"modified":"2022-12-04T17:56:31","modified_gmt":"2022-12-04T17:56:31","slug":"forum-mondial-sur-la-transparence-et-lechange-de-renseignements-de-locde-le-togo-desormais-membre-du-groupe-de-pilotage","status":"publish","type":"post","link":"https:\/\/macite.tg\/?p=2307","title":{"rendered":"FORUM MONDIAL SUR LA TRANSPARENCE ET L\u2019\u00c9CHANGE DE RENSEIGNEMENTS DE L\u2019OCDE\u00a0: Le Togo d\u00e9sormais membre du Groupe de Pilotage"},"content":{"rendered":"\n<p class=\"wp-block-paragraph\"><strong><em>Le Forum mondial sur la transparence et l\u2019\u00e9change de renseignements \u00e0 des fins fiscales de l\u2019Organisation de Coop\u00e9ration et de D\u00e9veloppement \u00c9conomiques (OCDE) a tenu, du 09 au 15 novembre 2022), sa 15<sup>\u00e8me<\/sup> r\u00e9union pl\u00e9ni\u00e8re \u00e0 S\u00e9ville en Espagne. Le Togo a \u00e9t\u00e9 repr\u00e9sent\u00e9 par le Commissaire G\u00e9n\u00e9ral de l\u2019Office togolais des recettes (OTR), Dr Philippe Kokou Tchodi\u00e8.<\/em><\/strong><\/p>\n\n\n\n<p class=\"wp-block-paragraph\">Apr\u00e8s son adh\u00e9sion, en octobre 2016, au Forum mondial sur la transparence et l\u2019\u00e9change de renseignements \u00e0 des fin fiscales de l\u2019OCDE (Organisation de Coop\u00e9ration et de D\u00e9veloppement \u00c9conomiques), le Togo fait mieux, en devenant officiellement membre du Groupe de pilotage dudit Forum. C\u2019\u00e9tait \u00e0 l\u2019issue de la 15\u00e8 session qui a eu lieu du 09 au 11 novembre dernier \u00e0 S\u00e9ville, en Espagne.<\/p>\n\n\n<div class=\"wp-block-image\">\n<figure class=\"aligncenter size-full is-resized\"><img loading=\"lazy\" decoding=\"async\" src=\"https:\/\/macite.tg\/wp-content\/uploads\/2022\/12\/articles_img.jpg\" alt=\"\" class=\"wp-image-2309\" width=\"736\" height=\"482\" srcset=\"https:\/\/macite.tg\/wp-content\/uploads\/2022\/12\/articles_img.jpg 800w, https:\/\/macite.tg\/wp-content\/uploads\/2022\/12\/articles_img-300x197.jpg 300w, https:\/\/macite.tg\/wp-content\/uploads\/2022\/12\/articles_img-768x503.jpg 768w\" sizes=\"auto, (max-width: 736px) 100vw, 736px\" \/><\/figure>\n<\/div>\n\n\n<p class=\"wp-block-paragraph\">Il \u00e9tait question, pour les participants \u00e0 cette 15\u00e8 session, de r\u00e9fl\u00e9chir sur deux th\u00e8mes centraux, \u00e0 savoir&nbsp;: <em>\u00ab&nbsp;Relever ensemble les d\u00e9fis de la coop\u00e9ration fiscale et de l\u2019\u00e9change de renseignements&nbsp;\u00bb<\/em>, et <em>\u00ab&nbsp;Assurer ensemble des r\u00e8gles de jeu \u00e9quitable&nbsp;\u00bb<\/em>.<\/p>\n\n\n\n<p class=\"wp-block-paragraph\">L\u2019\u00e9change de renseignements \u00e0 des fins fiscales a pour objectif ultime d\u2019accroitre substantiellement la mobilisation des ressources int\u00e9rieures, \u00e0 travers une coop\u00e9ration internationale entre les administrations fiscales, qui vise \u00e0 lutter contre la fraude et l\u2019\u00e9vasion fiscale, et \u00e0 assurer le recouvrement transfrontalier des cr\u00e9ances fiscales et de lutter contre les flux financiers illicites. Ainsi, l\u2019\u00e9change de renseignements, par le biais de plusieurs instruments, contribue \u00e0 prot\u00e9ger l\u2019int\u00e9grit\u00e9 et l\u2019\u00e9quit\u00e9 du syst\u00e8me fiscal en s\u2019assurant que chaque contribuable paie le juste imp\u00f4t.<\/p>\n\n\n<div class=\"wp-block-image\">\n<figure class=\"aligncenter size-large is-resized\"><img loading=\"lazy\" decoding=\"async\" src=\"https:\/\/macite.tg\/wp-content\/uploads\/2022\/11\/ANNONCES-1-1-1024x426.jpg\" alt=\"\" class=\"wp-image-2047\" width=\"734\" height=\"305\" srcset=\"https:\/\/macite.tg\/wp-content\/uploads\/2022\/11\/ANNONCES-1-1-1024x426.jpg 1024w, https:\/\/macite.tg\/wp-content\/uploads\/2022\/11\/ANNONCES-1-1-300x125.jpg 300w, https:\/\/macite.tg\/wp-content\/uploads\/2022\/11\/ANNONCES-1-1-768x319.jpg 768w, https:\/\/macite.tg\/wp-content\/uploads\/2022\/11\/ANNONCES-1-1.jpg 1080w\" sizes=\"auto, (max-width: 734px) 100vw, 734px\" \/><\/figure>\n<\/div>\n\n\n<p class=\"wp-block-paragraph\">Tout comme le Kenya, le Togo fait donc son entr\u00e9e au sein du Groupe de pilotage compos\u00e9 de vingt pays membres. La pr\u00e9sence du Togo au sein de ce cercle restreint, charg\u00e9 de pr\u00e9parer et orienter les principaux travaux du Forum mondial, est la r\u00e9sultante de l\u2019engagement, le leadership et la volont\u00e9 manifeste de l\u2019Etat togolais et des autorit\u00e9s fiscales de positionner le pays comme un mod\u00e8le en Afrique, en mati\u00e8re de transparence et d\u2019\u00e9changes de renseignements \u00e0 des fins fiscales. C\u2019est \u00e9galement la reconnaissance de la communaut\u00e9 internationale \u00e0 l\u2019\u00e9gard du Togo pour les efforts consentis en mati\u00e8re de mise en \u0153uvre des normes et recommandations du Forum mondial.<\/p>\n\n\n\n<p class=\"wp-block-paragraph\">Fort de ses 165 membres, le Forum mondial sur la transparence et l\u2019\u00e9change de renseignements \u00e0 des fins fiscales de l\u2019OCDE, est l\u2019organisme principal travaillant \u00e0 la mise en \u0153uvre effective des normes internationales en mati\u00e8re de transparence et d\u2019\u00e9changes de renseignements \u00e0 des fins fiscales. Il est tripartite, car compos\u00e9 du&nbsp; Groupe de pilotage, du Groupe d\u2019\u00e9valuation pour l\u2019\u00e9change de renseignements sur demande (PRG) et du Groupe d\u2019\u00e9valuation pour l\u2019\u00e9change automatique de renseignements (APRG).<\/p>\n\n\n\n<p class=\"wp-block-paragraph\"><strong>JPB<\/strong><\/p>\n\n\n\n<p class=\"wp-block-paragraph\"><strong><em>@macite.info<\/em><\/strong><\/p>\n\n\n\n<p class=\"wp-block-paragraph\"><strong><em>E-mail&nbsp;: <\/em><\/strong><a href=\"mailto:maciteinfo@gmail.com\"><strong><em>maciteinfo@gmail.com<\/em><\/strong><\/a><strong><em>; <\/em><\/strong><a href=\"mailto:bawela1@gmail.com\"><strong><em>bawela1@gmail.com<\/em><\/strong><\/a><strong><em><\/em><\/strong><\/p>\n\n\n\n<p class=\"wp-block-paragraph\"><strong><em>Pour vos annonces, (publi)reportages, etc., joignez nous au (00228) 91515309\/<strong>79872224<\/strong><\/em><\/strong><em><\/em><\/p>\n\n\n\n<p class=\"wp-block-paragraph\"><a href=\"http:\/\/www.macite.info\"><strong><em>www.macite.info<\/em><\/strong><\/a><strong><em>, L\u2019information, la bonne&nbsp;!<\/em><\/strong><\/p>\n","protected":false},"excerpt":{"rendered":"<p class=\"text-justify mb-2\" >Le Forum mondial sur la transparence et l\u2019\u00e9change de renseignements \u00e0 des fins fiscales de l\u2019Organisation de Coop\u00e9ration et de D\u00e9veloppement \u00c9conomiques (OCDE) a tenu, du 09 au 15 novembre 2022), sa 15\u00e8me r\u00e9union pl\u00e9ni\u00e8re \u00e0 S\u00e9ville en Espagne. Le Togo a \u00e9t\u00e9 repr\u00e9sent\u00e9 par [&hellip;]<\/p>\n","protected":false},"author":2,"featured_media":2308,"comment_status":"open","ping_status":"open","sticky":false,"template":"","format":"standard","meta":{"footnotes":""},"categories":[3],"tags":[],"class_list":["post-2307","post","type-post","status-publish","format-standard","has-post-thumbnail","hentry","category-economie"],"yoast_head":"<!-- This site is optimized with the Yoast SEO plugin v28.4 - https:\/\/yoast.com\/product\/yoast-seo-wordpress\/ -->\n<title>FORUM MONDIAL SUR LA TRANSPARENCE ET L\u2019\u00c9CHANGE DE RENSEIGNEMENTS DE L\u2019OCDE\u00a0: Le Togo d\u00e9sormais membre du Groupe de Pilotage -<\/title>\n<meta name=\"robots\" content=\"index, follow, max-snippet:-1, max-image-preview:large, max-video-preview:-1\" \/>\n<link rel=\"canonical\" href=\"https:\/\/macite.tg\/?p=2307\" \/>\n<meta property=\"og:locale\" content=\"fr_FR\" \/>\n<meta property=\"og:type\" content=\"article\" \/>\n<meta property=\"og:title\" content=\"FORUM MONDIAL SUR LA TRANSPARENCE ET L\u2019\u00c9CHANGE DE RENSEIGNEMENTS DE L\u2019OCDE\u00a0: Le Togo d\u00e9sormais membre du Groupe de Pilotage -\" \/>\n<meta property=\"og:description\" content=\"Le Forum mondial sur la transparence et l\u2019\u00e9change de renseignements \u00e0 des fins fiscales de l\u2019Organisation de Coop\u00e9ration et de D\u00e9veloppement \u00c9conomiques (OCDE) a tenu, du 09 au 15 novembre 2022), sa 15\u00e8me r\u00e9union pl\u00e9ni\u00e8re \u00e0 S\u00e9ville en Espagne. Le Togo a \u00e9t\u00e9 repr\u00e9sent\u00e9 par [&hellip;]\" \/>\n<meta property=\"og:url\" content=\"https:\/\/macite.tg\/?p=2307\" \/>\n<meta property=\"article:published_time\" content=\"2022-12-04T17:56:30+00:00\" \/>\n<meta property=\"article:modified_time\" content=\"2022-12-04T17:56:31+00:00\" \/>\n<meta property=\"og:image\" content=\"https:\/\/macite.tg\/wp-content\/uploads\/2022\/12\/articles_15GPFM.jpg\" \/>\n\t<meta property=\"og:image:width\" content=\"1132\" \/>\n\t<meta property=\"og:image:height\" content=\"604\" \/>\n\t<meta property=\"og:image:type\" content=\"image\/jpeg\" \/>\n<meta name=\"author\" content=\"Jean Pierre BAWELA\" \/>\n<meta name=\"twitter:card\" content=\"summary_large_image\" \/>\n<meta name=\"twitter:label1\" content=\"\u00c9crit par\" \/>\n\t<meta name=\"twitter:data1\" content=\"Jean Pierre BAWELA\" \/>\n\t<meta name=\"twitter:label2\" content=\"Dur\u00e9e de lecture estim\u00e9e\" \/>\n\t<meta name=\"twitter:data2\" content=\"3 minutes\" \/>\n<script type=\"application\/ld+json\" class=\"yoast-schema-graph\">{\"@context\":\"https:\\\/\\\/schema.org\",\"@graph\":[{\"@type\":\"Article\",\"@id\":\"https:\\\/\\\/macite.tg\\\/?p=2307#article\",\"isPartOf\":{\"@id\":\"https:\\\/\\\/macite.tg\\\/?p=2307\"},\"author\":{\"name\":\"Jean Pierre BAWELA\",\"@id\":\"https:\\\/\\\/macite.tg\\\/#\\\/schema\\\/person\\\/e9f2de7e5dbbe7770a9402c7ce82f5c2\"},\"headline\":\"FORUM MONDIAL SUR LA TRANSPARENCE ET L\u2019\u00c9CHANGE DE RENSEIGNEMENTS DE L\u2019OCDE\u00a0: Le Togo d\u00e9sormais membre du Groupe de Pilotage\",\"datePublished\":\"2022-12-04T17:56:30+00:00\",\"dateModified\":\"2022-12-04T17:56:31+00:00\",\"mainEntityOfPage\":{\"@id\":\"https:\\\/\\\/macite.tg\\\/?p=2307\"},\"wordCount\":522,\"commentCount\":0,\"image\":{\"@id\":\"https:\\\/\\\/macite.tg\\\/?p=2307#primaryimage\"},\"thumbnailUrl\":\"https:\\\/\\\/macite.tg\\\/wp-content\\\/uploads\\\/2022\\\/12\\\/articles_15GPFM.jpg\",\"articleSection\":[\"ECONOMIE\"],\"inLanguage\":\"fr-FR\",\"potentialAction\":[{\"@type\":\"CommentAction\",\"name\":\"Comment\",\"target\":[\"https:\\\/\\\/macite.tg\\\/?p=2307#respond\"]}]},{\"@type\":\"WebPage\",\"@id\":\"https:\\\/\\\/macite.tg\\\/?p=2307\",\"url\":\"https:\\\/\\\/macite.tg\\\/?p=2307\",\"name\":\"FORUM MONDIAL SUR LA TRANSPARENCE ET L\u2019\u00c9CHANGE DE RENSEIGNEMENTS DE L\u2019OCDE\u00a0: Le Togo d\u00e9sormais membre du Groupe de Pilotage -\",\"isPartOf\":{\"@id\":\"https:\\\/\\\/macite.tg\\\/#website\"},\"primaryImageOfPage\":{\"@id\":\"https:\\\/\\\/macite.tg\\\/?p=2307#primaryimage\"},\"image\":{\"@id\":\"https:\\\/\\\/macite.tg\\\/?p=2307#primaryimage\"},\"thumbnailUrl\":\"https:\\\/\\\/macite.tg\\\/wp-content\\\/uploads\\\/2022\\\/12\\\/articles_15GPFM.jpg\",\"datePublished\":\"2022-12-04T17:56:30+00:00\",\"dateModified\":\"2022-12-04T17:56:31+00:00\",\"author\":{\"@id\":\"https:\\\/\\\/macite.tg\\\/#\\\/schema\\\/person\\\/e9f2de7e5dbbe7770a9402c7ce82f5c2\"},\"breadcrumb\":{\"@id\":\"https:\\\/\\\/macite.tg\\\/?p=2307#breadcrumb\"},\"inLanguage\":\"fr-FR\",\"potentialAction\":[{\"@type\":\"ReadAction\",\"target\":[\"https:\\\/\\\/macite.tg\\\/?p=2307\"]}]},{\"@type\":\"ImageObject\",\"inLanguage\":\"fr-FR\",\"@id\":\"https:\\\/\\\/macite.tg\\\/?p=2307#primaryimage\",\"url\":\"https:\\\/\\\/macite.tg\\\/wp-content\\\/uploads\\\/2022\\\/12\\\/articles_15GPFM.jpg\",\"contentUrl\":\"https:\\\/\\\/macite.tg\\\/wp-content\\\/uploads\\\/2022\\\/12\\\/articles_15GPFM.jpg\",\"width\":1132,\"height\":604},{\"@type\":\"BreadcrumbList\",\"@id\":\"https:\\\/\\\/macite.tg\\\/?p=2307#breadcrumb\",\"itemListElement\":[{\"@type\":\"ListItem\",\"position\":1,\"name\":\"Accueil\",\"item\":\"https:\\\/\\\/macite.tg\\\/\"},{\"@type\":\"ListItem\",\"position\":2,\"name\":\"FORUM MONDIAL SUR LA TRANSPARENCE ET L\u2019\u00c9CHANGE DE RENSEIGNEMENTS DE L\u2019OCDE\u00a0: Le Togo d\u00e9sormais membre du Groupe de Pilotage\"}]},{\"@type\":\"WebSite\",\"@id\":\"https:\\\/\\\/macite.tg\\\/#website\",\"url\":\"https:\\\/\\\/macite.tg\\\/\",\"name\":\"\",\"description\":\"L&#039;information, la bonne!!!\",\"potentialAction\":[{\"@type\":\"SearchAction\",\"target\":{\"@type\":\"EntryPoint\",\"urlTemplate\":\"https:\\\/\\\/macite.tg\\\/?s={search_term_string}\"},\"query-input\":{\"@type\":\"PropertyValueSpecification\",\"valueRequired\":true,\"valueName\":\"search_term_string\"}}],\"inLanguage\":\"fr-FR\"},{\"@type\":\"Person\",\"@id\":\"https:\\\/\\\/macite.tg\\\/#\\\/schema\\\/person\\\/e9f2de7e5dbbe7770a9402c7ce82f5c2\",\"name\":\"Jean Pierre BAWELA\",\"image\":{\"@type\":\"ImageObject\",\"inLanguage\":\"fr-FR\",\"@id\":\"https:\\\/\\\/macite.tg\\\/wp-content\\\/uploads\\\/2023\\\/09\\\/WhatsApp-Image-2023-09-19-at-14.44.41-122x122.jpeg\",\"url\":\"https:\\\/\\\/macite.tg\\\/wp-content\\\/uploads\\\/2023\\\/09\\\/WhatsApp-Image-2023-09-19-at-14.44.41-122x122.jpeg\",\"contentUrl\":\"https:\\\/\\\/macite.tg\\\/wp-content\\\/uploads\\\/2023\\\/09\\\/WhatsApp-Image-2023-09-19-at-14.44.41-122x122.jpeg\",\"caption\":\"Jean Pierre BAWELA\"},\"url\":\"https:\\\/\\\/macite.tg\\\/?author=2\"}]}<\/script>\n<!-- \/ Yoast SEO plugin. -->","yoast_head_json":{"title":"FORUM MONDIAL SUR LA TRANSPARENCE ET L\u2019\u00c9CHANGE DE RENSEIGNEMENTS DE L\u2019OCDE\u00a0: Le Togo d\u00e9sormais membre du Groupe de Pilotage -","robots":{"index":"index","follow":"follow","max-snippet":"max-snippet:-1","max-image-preview":"max-image-preview:large","max-video-preview":"max-video-preview:-1"},"canonical":"https:\/\/macite.tg\/?p=2307","og_locale":"fr_FR","og_type":"article","og_title":"FORUM MONDIAL SUR LA TRANSPARENCE ET L\u2019\u00c9CHANGE DE RENSEIGNEMENTS DE L\u2019OCDE\u00a0: Le Togo d\u00e9sormais membre du Groupe de Pilotage -","og_description":"Le Forum mondial sur la transparence et l\u2019\u00e9change de renseignements \u00e0 des fins fiscales de l\u2019Organisation de Coop\u00e9ration et de D\u00e9veloppement \u00c9conomiques (OCDE) a tenu, du 09 au 15 novembre 2022), sa 15\u00e8me r\u00e9union pl\u00e9ni\u00e8re \u00e0 S\u00e9ville en Espagne. Le Togo a \u00e9t\u00e9 repr\u00e9sent\u00e9 par [&hellip;]","og_url":"https:\/\/macite.tg\/?p=2307","article_published_time":"2022-12-04T17:56:30+00:00","article_modified_time":"2022-12-04T17:56:31+00:00","og_image":[{"width":1132,"height":604,"url":"https:\/\/macite.tg\/wp-content\/uploads\/2022\/12\/articles_15GPFM.jpg","type":"image\/jpeg"}],"author":"Jean Pierre BAWELA","twitter_card":"summary_large_image","twitter_misc":{"\u00c9crit par":"Jean Pierre BAWELA","Dur\u00e9e de lecture estim\u00e9e":"3 minutes"},"schema":{"@context":"https:\/\/schema.org","@graph":[{"@type":"Article","@id":"https:\/\/macite.tg\/?p=2307#article","isPartOf":{"@id":"https:\/\/macite.tg\/?p=2307"},"author":{"name":"Jean Pierre BAWELA","@id":"https:\/\/macite.tg\/#\/schema\/person\/e9f2de7e5dbbe7770a9402c7ce82f5c2"},"headline":"FORUM MONDIAL SUR LA TRANSPARENCE ET L\u2019\u00c9CHANGE DE RENSEIGNEMENTS DE L\u2019OCDE\u00a0: Le Togo d\u00e9sormais membre du Groupe de Pilotage","datePublished":"2022-12-04T17:56:30+00:00","dateModified":"2022-12-04T17:56:31+00:00","mainEntityOfPage":{"@id":"https:\/\/macite.tg\/?p=2307"},"wordCount":522,"commentCount":0,"image":{"@id":"https:\/\/macite.tg\/?p=2307#primaryimage"},"thumbnailUrl":"https:\/\/macite.tg\/wp-content\/uploads\/2022\/12\/articles_15GPFM.jpg","articleSection":["ECONOMIE"],"inLanguage":"fr-FR","potentialAction":[{"@type":"CommentAction","name":"Comment","target":["https:\/\/macite.tg\/?p=2307#respond"]}]},{"@type":"WebPage","@id":"https:\/\/macite.tg\/?p=2307","url":"https:\/\/macite.tg\/?p=2307","name":"FORUM MONDIAL SUR LA TRANSPARENCE ET L\u2019\u00c9CHANGE DE RENSEIGNEMENTS DE L\u2019OCDE\u00a0: Le Togo d\u00e9sormais membre du Groupe de Pilotage -","isPartOf":{"@id":"https:\/\/macite.tg\/#website"},"primaryImageOfPage":{"@id":"https:\/\/macite.tg\/?p=2307#primaryimage"},"image":{"@id":"https:\/\/macite.tg\/?p=2307#primaryimage"},"thumbnailUrl":"https:\/\/macite.tg\/wp-content\/uploads\/2022\/12\/articles_15GPFM.jpg","datePublished":"2022-12-04T17:56:30+00:00","dateModified":"2022-12-04T17:56:31+00:00","author":{"@id":"https:\/\/macite.tg\/#\/schema\/person\/e9f2de7e5dbbe7770a9402c7ce82f5c2"},"breadcrumb":{"@id":"https:\/\/macite.tg\/?p=2307#breadcrumb"},"inLanguage":"fr-FR","potentialAction":[{"@type":"ReadAction","target":["https:\/\/macite.tg\/?p=2307"]}]},{"@type":"ImageObject","inLanguage":"fr-FR","@id":"https:\/\/macite.tg\/?p=2307#primaryimage","url":"https:\/\/macite.tg\/wp-content\/uploads\/2022\/12\/articles_15GPFM.jpg","contentUrl":"https:\/\/macite.tg\/wp-content\/uploads\/2022\/12\/articles_15GPFM.jpg","width":1132,"height":604},{"@type":"BreadcrumbList","@id":"https:\/\/macite.tg\/?p=2307#breadcrumb","itemListElement":[{"@type":"ListItem","position":1,"name":"Accueil","item":"https:\/\/macite.tg\/"},{"@type":"ListItem","position":2,"name":"FORUM MONDIAL SUR LA TRANSPARENCE ET L\u2019\u00c9CHANGE DE RENSEIGNEMENTS DE L\u2019OCDE\u00a0: Le Togo d\u00e9sormais membre du Groupe de Pilotage"}]},{"@type":"WebSite","@id":"https:\/\/macite.tg\/#website","url":"https:\/\/macite.tg\/","name":"","description":"L&#039;information, la bonne!!!","potentialAction":[{"@type":"SearchAction","target":{"@type":"EntryPoint","urlTemplate":"https:\/\/macite.tg\/?s={search_term_string}"},"query-input":{"@type":"PropertyValueSpecification","valueRequired":true,"valueName":"search_term_string"}}],"inLanguage":"fr-FR"},{"@type":"Person","@id":"https:\/\/macite.tg\/#\/schema\/person\/e9f2de7e5dbbe7770a9402c7ce82f5c2","name":"Jean Pierre BAWELA","image":{"@type":"ImageObject","inLanguage":"fr-FR","@id":"https:\/\/macite.tg\/wp-content\/uploads\/2023\/09\/WhatsApp-Image-2023-09-19-at-14.44.41-122x122.jpeg","url":"https:\/\/macite.tg\/wp-content\/uploads\/2023\/09\/WhatsApp-Image-2023-09-19-at-14.44.41-122x122.jpeg","contentUrl":"https:\/\/macite.tg\/wp-content\/uploads\/2023\/09\/WhatsApp-Image-2023-09-19-at-14.44.41-122x122.jpeg","caption":"Jean Pierre BAWELA"},"url":"https:\/\/macite.tg\/?author=2"}]}},"_links":{"self":[{"href":"https:\/\/macite.tg\/index.php?rest_route=\/wp\/v2\/posts\/2307","targetHints":{"allow":["GET"]}}],"collection":[{"href":"https:\/\/macite.tg\/index.php?rest_route=\/wp\/v2\/posts"}],"about":[{"href":"https:\/\/macite.tg\/index.php?rest_route=\/wp\/v2\/types\/post"}],"author":[{"embeddable":true,"href":"https:\/\/macite.tg\/index.php?rest_route=\/wp\/v2\/users\/2"}],"replies":[{"embeddable":true,"href":"https:\/\/macite.tg\/index.php?rest_route=%2Fwp%2Fv2%2Fcomments&post=2307"}],"version-history":[{"count":0,"href":"https:\/\/macite.tg\/index.php?rest_route=\/wp\/v2\/posts\/2307\/revisions"}],"wp:featuredmedia":[{"embeddable":true,"href":"https:\/\/macite.tg\/index.php?rest_route=\/wp\/v2\/media\/2308"}],"wp:attachment":[{"href":"https:\/\/macite.tg\/index.php?rest_route=%2Fwp%2Fv2%2Fmedia&parent=2307"}],"wp:term":[{"taxonomy":"category","embeddable":true,"href":"https:\/\/macite.tg\/index.php?rest_route=%2Fwp%2Fv2%2Fcategories&post=2307"},{"taxonomy":"post_tag","embeddable":true,"href":"https:\/\/macite.tg\/index.php?rest_route=%2Fwp%2Fv2%2Ftags&post=2307"}],"curies":[{"name":"wp","href":"https:\/\/api.w.org\/{rel}","templated":true}]}}