{"id":2293,"date":"2022-12-04T16:42:16","date_gmt":"2022-12-04T16:42:16","guid":{"rendered":"https:\/\/macite.info\/?p=2293"},"modified":"2022-12-04T17:22:06","modified_gmt":"2022-12-04T17:22:06","slug":"62e-session-ordinaire-de-la-cedeao-a-abuja-les-leaders-ouest-africain-font-le-point-de-la-situation-securitaire-de-la-sous-region","status":"publish","type":"post","link":"https:\/\/macite.tg\/?p=2293","title":{"rendered":"62E SESSION ORDINAIRE DE LA CEDEAO\u00a0: A Abuja, les leaders ouest-africain font le point de la situation s\u00e9curitaire de la sous-r\u00e9gion"},"content":{"rendered":"\n<p class=\"wp-block-paragraph\"><strong><em>Les leaders de la sous-r\u00e9gion dont le chef de l\u2019\u00c9tat togolais, Faure Gnassingb\u00e9, sont r\u00e9unis ce dimanche 04 d\u00e9cembre \u00e0 Abuja, au Nigeria, pour le compte de la 62\u00e8 session ordinaire de la Conf\u00e9rence des chefs d\u2019\u00c9tat et de gouvernement de la Communaut\u00e9 \u00e9conomique des \u00c9tats de l\u2019Afrique de l\u2019Ouest (CEDEAO).<\/em><\/strong><\/p>\n\n\n<div class=\"wp-block-image\">\n<figure class=\"aligncenter size-full is-resized\"><img loading=\"lazy\" decoding=\"async\" src=\"https:\/\/macite.tg\/wp-content\/uploads\/2022\/12\/FjIc9wCWIAEAi_N.jpeg\" alt=\"\" class=\"wp-image-2301\" width=\"714\" height=\"476\" srcset=\"https:\/\/macite.tg\/wp-content\/uploads\/2022\/12\/FjIc9wCWIAEAi_N.jpeg 1024w, https:\/\/macite.tg\/wp-content\/uploads\/2022\/12\/FjIc9wCWIAEAi_N-300x200.jpeg 300w, https:\/\/macite.tg\/wp-content\/uploads\/2022\/12\/FjIc9wCWIAEAi_N-768x512.jpeg 768w, https:\/\/macite.tg\/wp-content\/uploads\/2022\/12\/FjIc9wCWIAEAi_N-650x434.jpeg 650w, https:\/\/macite.tg\/wp-content\/uploads\/2022\/12\/FjIc9wCWIAEAi_N-730x487.jpeg 730w, https:\/\/macite.tg\/wp-content\/uploads\/2022\/12\/FjIc9wCWIAEAi_N-112x75.jpeg 112w, https:\/\/macite.tg\/wp-content\/uploads\/2022\/12\/FjIc9wCWIAEAi_N-425x283.jpeg 425w, https:\/\/macite.tg\/wp-content\/uploads\/2022\/12\/FjIc9wCWIAEAi_N-430x287.jpeg 430w\" sizes=\"auto, (max-width: 714px) 100vw, 714px\" \/><figcaption><em><strong>Bain de foule pour le Chef de l&rsquo;Etat togolais \u00e0  Abuja<\/strong><\/em><\/figcaption><\/figure>\n<\/div>\n\n\n<p class=\"wp-block-paragraph\">Les chefs d\u2019Etat &nbsp;et de Gouvernement de la sous-r\u00e9gion sont r\u00e9unis, ce dimanche 04 d\u00e9cembre, dans la capitale f\u00e9d\u00e9rale du Nigeria, Abuja, pour la 62\u00e8 session ordinaire de la Cedeao. Ils devront au cours des travaux, faire le point, notamment, sur l\u2019\u00e9tat de la communaut\u00e9 depuis le dernier sommet de d\u00e9cembre 2021, mais \u00e9galement devra se pencher sur la situation s\u00e9curitaire de la sous-r\u00e9gion.<\/p>\n\n\n<div class=\"wp-block-image\">\n<figure class=\"aligncenter size-large is-resized\"><img loading=\"lazy\" decoding=\"async\" src=\"https:\/\/macite.tg\/wp-content\/uploads\/2022\/11\/ANNONCES-1-1-1024x426.jpg\" alt=\"\" class=\"wp-image-2047\" width=\"756\" height=\"314\" srcset=\"https:\/\/macite.tg\/wp-content\/uploads\/2022\/11\/ANNONCES-1-1-1024x426.jpg 1024w, https:\/\/macite.tg\/wp-content\/uploads\/2022\/11\/ANNONCES-1-1-300x125.jpg 300w, https:\/\/macite.tg\/wp-content\/uploads\/2022\/11\/ANNONCES-1-1-768x319.jpg 768w, https:\/\/macite.tg\/wp-content\/uploads\/2022\/11\/ANNONCES-1-1.jpg 1080w\" sizes=\"auto, (max-width: 756px) 100vw, 756px\" \/><\/figure>\n<\/div>\n\n\n<p class=\"wp-block-paragraph\">Selon un communiqu\u00e9 de la Pr\u00e9sidence togolaise, cette rencontre <em>\u00ab&nbsp;examinera \u00e0 cet effet les m\u00e9morandums sur la lutte contre le terrorisme, les processus de transition au Mali, en Guin\u00e9e, au Burkina Faso ainsi que les rapports consacr\u00e9s \u00e0 la situation \u00e9conomique et aux op\u00e9rations de maintien de la paix dans l\u2019espace communautaire.&nbsp;\u00bb<\/em><\/p>\n\n\n\n<p class=\"wp-block-paragraph\"><em>\u00ab&nbsp;La situation humanitaire dans la sous-r\u00e9gion occupera \u00e9galement une place primordiale, avec la dynamisation des m\u00e9canismes pouvant acc\u00e9l\u00e9rer la mise en service des centres nationaux d\u2019alerte pr\u00e9coce&nbsp;\u00bb,<\/em>poursuit le dit communiqu\u00e9.<\/p>\n\n\n\n<p class=\"wp-block-paragraph\">A noter que le <em>\u00ab&nbsp;Togo s\u2019est toujours engag\u00e9 dans la consolidation de la paix et de la d\u00e9mocratie la gestion des crises s\u00e9curitaires et humanitaires, conditions pr\u00e9alables \u00e0 l\u2019int\u00e9gration \u00e9conomique et au d\u00e9veloppement de la r\u00e9gion&nbsp;\u00bb.<\/em><\/p>\n\n\n\n<p class=\"wp-block-paragraph\"><strong>JPB<\/strong><\/p>\n\n\n\n<p class=\"wp-block-paragraph\"><strong><em>@macite.info<\/em><\/strong><\/p>\n\n\n\n<p class=\"wp-block-paragraph\"><strong><em>E-mail&nbsp;: <\/em><\/strong><a href=\"mailto:maciteinfo@gmail.com\"><strong><em>maciteinfo@gmail.com<\/em><\/strong><\/a><strong><em>; <\/em><\/strong><a href=\"mailto:bawela1@gmail.com\"><strong><em>bawela1@gmail.com<\/em><\/strong><\/a><strong><em><\/em><\/strong><\/p>\n\n\n\n<p class=\"wp-block-paragraph\"><strong><em>Pour vos annonces, (publi)reportages, etc., joignez nous au (00228) 91515309\/<strong>79872224<\/strong><\/em><\/strong><em><\/em><\/p>\n\n\n\n<p class=\"wp-block-paragraph\"><a href=\"http:\/\/www.macite.info\"><strong><em>www.macite.info<\/em><\/strong><\/a><strong><em>, L\u2019information, la bonne&nbsp;!<\/em><\/strong><\/p>\n","protected":false},"excerpt":{"rendered":"<p class=\"text-justify mb-2\" >Les leaders de la sous-r\u00e9gion dont le chef de l\u2019\u00c9tat togolais, Faure Gnassingb\u00e9, sont r\u00e9unis ce dimanche 04 d\u00e9cembre \u00e0 Abuja, au Nigeria, pour le compte de la 62\u00e8 session ordinaire de la Conf\u00e9rence des chefs d\u2019\u00c9tat et de gouvernement de la Communaut\u00e9 \u00e9conomique des [&hellip;]<\/p>\n","protected":false},"author":2,"featured_media":2303,"comment_status":"open","ping_status":"open","sticky":false,"template":"","format":"standard","meta":{"footnotes":""},"categories":[1],"tags":[],"class_list":["post-2293","post","type-post","status-publish","format-standard","has-post-thumbnail","hentry","category-politique"],"yoast_head":"<!-- This site is optimized with the Yoast SEO plugin v28.4 - https:\/\/yoast.com\/product\/yoast-seo-wordpress\/ -->\n<title>62E SESSION ORDINAIRE DE LA CEDEAO\u00a0: A Abuja, les leaders ouest-africain font le point de la situation s\u00e9curitaire de la sous-r\u00e9gion -<\/title>\n<meta name=\"robots\" content=\"index, follow, max-snippet:-1, max-image-preview:large, max-video-preview:-1\" \/>\n<link rel=\"canonical\" href=\"https:\/\/macite.tg\/?p=2293\" \/>\n<meta property=\"og:locale\" content=\"fr_FR\" \/>\n<meta property=\"og:type\" content=\"article\" \/>\n<meta property=\"og:title\" content=\"62E SESSION ORDINAIRE DE LA CEDEAO\u00a0: A Abuja, les leaders ouest-africain font le point de la situation s\u00e9curitaire de la sous-r\u00e9gion -\" \/>\n<meta property=\"og:description\" content=\"Les leaders de la sous-r\u00e9gion dont le chef de l\u2019\u00c9tat togolais, Faure Gnassingb\u00e9, sont r\u00e9unis ce dimanche 04 d\u00e9cembre \u00e0 Abuja, au Nigeria, pour le compte de la 62\u00e8 session ordinaire de la Conf\u00e9rence des chefs d\u2019\u00c9tat et de gouvernement de la Communaut\u00e9 \u00e9conomique des [&hellip;]\" \/>\n<meta property=\"og:url\" content=\"https:\/\/macite.tg\/?p=2293\" \/>\n<meta property=\"article:published_time\" content=\"2022-12-04T16:42:16+00:00\" \/>\n<meta property=\"article:modified_time\" content=\"2022-12-04T17:22:06+00:00\" \/>\n<meta property=\"og:image\" content=\"https:\/\/macite.tg\/wp-content\/uploads\/2022\/12\/FjIc9wBX0AEuJFV.jpeg\" \/>\n\t<meta property=\"og:image:width\" content=\"1024\" \/>\n\t<meta property=\"og:image:height\" content=\"683\" \/>\n\t<meta property=\"og:image:type\" content=\"image\/jpeg\" \/>\n<meta name=\"author\" content=\"Jean Pierre BAWELA\" \/>\n<meta name=\"twitter:card\" content=\"summary_large_image\" \/>\n<meta name=\"twitter:label1\" content=\"\u00c9crit par\" \/>\n\t<meta name=\"twitter:data1\" content=\"Jean Pierre BAWELA\" \/>\n\t<meta name=\"twitter:label2\" content=\"Dur\u00e9e de lecture estim\u00e9e\" \/>\n\t<meta name=\"twitter:data2\" content=\"2 minutes\" \/>\n<script type=\"application\/ld+json\" class=\"yoast-schema-graph\">{\"@context\":\"https:\\\/\\\/schema.org\",\"@graph\":[{\"@type\":\"Article\",\"@id\":\"https:\\\/\\\/macite.tg\\\/?p=2293#article\",\"isPartOf\":{\"@id\":\"https:\\\/\\\/macite.tg\\\/?p=2293\"},\"author\":{\"name\":\"Jean Pierre BAWELA\",\"@id\":\"https:\\\/\\\/macite.tg\\\/#\\\/schema\\\/person\\\/e9f2de7e5dbbe7770a9402c7ce82f5c2\"},\"headline\":\"62E SESSION ORDINAIRE DE LA CEDEAO\u00a0: A Abuja, les leaders ouest-africain font le point de la situation s\u00e9curitaire de la sous-r\u00e9gion\",\"datePublished\":\"2022-12-04T16:42:16+00:00\",\"dateModified\":\"2022-12-04T17:22:06+00:00\",\"mainEntityOfPage\":{\"@id\":\"https:\\\/\\\/macite.tg\\\/?p=2293\"},\"wordCount\":332,\"commentCount\":0,\"image\":{\"@id\":\"https:\\\/\\\/macite.tg\\\/?p=2293#primaryimage\"},\"thumbnailUrl\":\"https:\\\/\\\/macite.tg\\\/wp-content\\\/uploads\\\/2022\\\/12\\\/FjIc9wBX0AEuJFV.jpeg\",\"articleSection\":[\"POLITIQUE\"],\"inLanguage\":\"fr-FR\",\"potentialAction\":[{\"@type\":\"CommentAction\",\"name\":\"Comment\",\"target\":[\"https:\\\/\\\/macite.tg\\\/?p=2293#respond\"]}]},{\"@type\":\"WebPage\",\"@id\":\"https:\\\/\\\/macite.tg\\\/?p=2293\",\"url\":\"https:\\\/\\\/macite.tg\\\/?p=2293\",\"name\":\"62E SESSION ORDINAIRE DE LA CEDEAO\u00a0: A Abuja, les leaders ouest-africain font le point de la situation s\u00e9curitaire de la sous-r\u00e9gion -\",\"isPartOf\":{\"@id\":\"https:\\\/\\\/macite.tg\\\/#website\"},\"primaryImageOfPage\":{\"@id\":\"https:\\\/\\\/macite.tg\\\/?p=2293#primaryimage\"},\"image\":{\"@id\":\"https:\\\/\\\/macite.tg\\\/?p=2293#primaryimage\"},\"thumbnailUrl\":\"https:\\\/\\\/macite.tg\\\/wp-content\\\/uploads\\\/2022\\\/12\\\/FjIc9wBX0AEuJFV.jpeg\",\"datePublished\":\"2022-12-04T16:42:16+00:00\",\"dateModified\":\"2022-12-04T17:22:06+00:00\",\"author\":{\"@id\":\"https:\\\/\\\/macite.tg\\\/#\\\/schema\\\/person\\\/e9f2de7e5dbbe7770a9402c7ce82f5c2\"},\"breadcrumb\":{\"@id\":\"https:\\\/\\\/macite.tg\\\/?p=2293#breadcrumb\"},\"inLanguage\":\"fr-FR\",\"potentialAction\":[{\"@type\":\"ReadAction\",\"target\":[\"https:\\\/\\\/macite.tg\\\/?p=2293\"]}]},{\"@type\":\"ImageObject\",\"inLanguage\":\"fr-FR\",\"@id\":\"https:\\\/\\\/macite.tg\\\/?p=2293#primaryimage\",\"url\":\"https:\\\/\\\/macite.tg\\\/wp-content\\\/uploads\\\/2022\\\/12\\\/FjIc9wBX0AEuJFV.jpeg\",\"contentUrl\":\"https:\\\/\\\/macite.tg\\\/wp-content\\\/uploads\\\/2022\\\/12\\\/FjIc9wBX0AEuJFV.jpeg\",\"width\":1024,\"height\":683},{\"@type\":\"BreadcrumbList\",\"@id\":\"https:\\\/\\\/macite.tg\\\/?p=2293#breadcrumb\",\"itemListElement\":[{\"@type\":\"ListItem\",\"position\":1,\"name\":\"Accueil\",\"item\":\"https:\\\/\\\/macite.tg\\\/\"},{\"@type\":\"ListItem\",\"position\":2,\"name\":\"62E SESSION ORDINAIRE DE LA CEDEAO\u00a0: A Abuja, les leaders ouest-africain font le point de la situation s\u00e9curitaire de la sous-r\u00e9gion\"}]},{\"@type\":\"WebSite\",\"@id\":\"https:\\\/\\\/macite.tg\\\/#website\",\"url\":\"https:\\\/\\\/macite.tg\\\/\",\"name\":\"\",\"description\":\"L&#039;information, la bonne!!!\",\"potentialAction\":[{\"@type\":\"SearchAction\",\"target\":{\"@type\":\"EntryPoint\",\"urlTemplate\":\"https:\\\/\\\/macite.tg\\\/?s={search_term_string}\"},\"query-input\":{\"@type\":\"PropertyValueSpecification\",\"valueRequired\":true,\"valueName\":\"search_term_string\"}}],\"inLanguage\":\"fr-FR\"},{\"@type\":\"Person\",\"@id\":\"https:\\\/\\\/macite.tg\\\/#\\\/schema\\\/person\\\/e9f2de7e5dbbe7770a9402c7ce82f5c2\",\"name\":\"Jean Pierre BAWELA\",\"image\":{\"@type\":\"ImageObject\",\"inLanguage\":\"fr-FR\",\"@id\":\"https:\\\/\\\/macite.tg\\\/wp-content\\\/uploads\\\/2023\\\/09\\\/WhatsApp-Image-2023-09-19-at-14.44.41-122x122.jpeg\",\"url\":\"https:\\\/\\\/macite.tg\\\/wp-content\\\/uploads\\\/2023\\\/09\\\/WhatsApp-Image-2023-09-19-at-14.44.41-122x122.jpeg\",\"contentUrl\":\"https:\\\/\\\/macite.tg\\\/wp-content\\\/uploads\\\/2023\\\/09\\\/WhatsApp-Image-2023-09-19-at-14.44.41-122x122.jpeg\",\"caption\":\"Jean Pierre BAWELA\"},\"url\":\"https:\\\/\\\/macite.tg\\\/?author=2\"}]}<\/script>\n<!-- \/ Yoast SEO plugin. -->","yoast_head_json":{"title":"62E SESSION ORDINAIRE DE LA CEDEAO\u00a0: A Abuja, les leaders ouest-africain font le point de la situation s\u00e9curitaire de la sous-r\u00e9gion -","robots":{"index":"index","follow":"follow","max-snippet":"max-snippet:-1","max-image-preview":"max-image-preview:large","max-video-preview":"max-video-preview:-1"},"canonical":"https:\/\/macite.tg\/?p=2293","og_locale":"fr_FR","og_type":"article","og_title":"62E SESSION ORDINAIRE DE LA CEDEAO\u00a0: A Abuja, les leaders ouest-africain font le point de la situation s\u00e9curitaire de la sous-r\u00e9gion -","og_description":"Les leaders de la sous-r\u00e9gion dont le chef de l\u2019\u00c9tat togolais, Faure Gnassingb\u00e9, sont r\u00e9unis ce dimanche 04 d\u00e9cembre \u00e0 Abuja, au Nigeria, pour le compte de la 62\u00e8 session ordinaire de la Conf\u00e9rence des chefs d\u2019\u00c9tat et de gouvernement de la Communaut\u00e9 \u00e9conomique des [&hellip;]","og_url":"https:\/\/macite.tg\/?p=2293","article_published_time":"2022-12-04T16:42:16+00:00","article_modified_time":"2022-12-04T17:22:06+00:00","og_image":[{"width":1024,"height":683,"url":"https:\/\/macite.tg\/wp-content\/uploads\/2022\/12\/FjIc9wBX0AEuJFV.jpeg","type":"image\/jpeg"}],"author":"Jean Pierre BAWELA","twitter_card":"summary_large_image","twitter_misc":{"\u00c9crit par":"Jean Pierre BAWELA","Dur\u00e9e de lecture estim\u00e9e":"2 minutes"},"schema":{"@context":"https:\/\/schema.org","@graph":[{"@type":"Article","@id":"https:\/\/macite.tg\/?p=2293#article","isPartOf":{"@id":"https:\/\/macite.tg\/?p=2293"},"author":{"name":"Jean Pierre BAWELA","@id":"https:\/\/macite.tg\/#\/schema\/person\/e9f2de7e5dbbe7770a9402c7ce82f5c2"},"headline":"62E SESSION ORDINAIRE DE LA CEDEAO\u00a0: A Abuja, les leaders ouest-africain font le point de la situation s\u00e9curitaire de la sous-r\u00e9gion","datePublished":"2022-12-04T16:42:16+00:00","dateModified":"2022-12-04T17:22:06+00:00","mainEntityOfPage":{"@id":"https:\/\/macite.tg\/?p=2293"},"wordCount":332,"commentCount":0,"image":{"@id":"https:\/\/macite.tg\/?p=2293#primaryimage"},"thumbnailUrl":"https:\/\/macite.tg\/wp-content\/uploads\/2022\/12\/FjIc9wBX0AEuJFV.jpeg","articleSection":["POLITIQUE"],"inLanguage":"fr-FR","potentialAction":[{"@type":"CommentAction","name":"Comment","target":["https:\/\/macite.tg\/?p=2293#respond"]}]},{"@type":"WebPage","@id":"https:\/\/macite.tg\/?p=2293","url":"https:\/\/macite.tg\/?p=2293","name":"62E SESSION ORDINAIRE DE LA CEDEAO\u00a0: A Abuja, les leaders ouest-africain font le point de la situation s\u00e9curitaire de la sous-r\u00e9gion -","isPartOf":{"@id":"https:\/\/macite.tg\/#website"},"primaryImageOfPage":{"@id":"https:\/\/macite.tg\/?p=2293#primaryimage"},"image":{"@id":"https:\/\/macite.tg\/?p=2293#primaryimage"},"thumbnailUrl":"https:\/\/macite.tg\/wp-content\/uploads\/2022\/12\/FjIc9wBX0AEuJFV.jpeg","datePublished":"2022-12-04T16:42:16+00:00","dateModified":"2022-12-04T17:22:06+00:00","author":{"@id":"https:\/\/macite.tg\/#\/schema\/person\/e9f2de7e5dbbe7770a9402c7ce82f5c2"},"breadcrumb":{"@id":"https:\/\/macite.tg\/?p=2293#breadcrumb"},"inLanguage":"fr-FR","potentialAction":[{"@type":"ReadAction","target":["https:\/\/macite.tg\/?p=2293"]}]},{"@type":"ImageObject","inLanguage":"fr-FR","@id":"https:\/\/macite.tg\/?p=2293#primaryimage","url":"https:\/\/macite.tg\/wp-content\/uploads\/2022\/12\/FjIc9wBX0AEuJFV.jpeg","contentUrl":"https:\/\/macite.tg\/wp-content\/uploads\/2022\/12\/FjIc9wBX0AEuJFV.jpeg","width":1024,"height":683},{"@type":"BreadcrumbList","@id":"https:\/\/macite.tg\/?p=2293#breadcrumb","itemListElement":[{"@type":"ListItem","position":1,"name":"Accueil","item":"https:\/\/macite.tg\/"},{"@type":"ListItem","position":2,"name":"62E SESSION ORDINAIRE DE LA CEDEAO\u00a0: A Abuja, les leaders ouest-africain font le point de la situation s\u00e9curitaire de la sous-r\u00e9gion"}]},{"@type":"WebSite","@id":"https:\/\/macite.tg\/#website","url":"https:\/\/macite.tg\/","name":"","description":"L&#039;information, la bonne!!!","potentialAction":[{"@type":"SearchAction","target":{"@type":"EntryPoint","urlTemplate":"https:\/\/macite.tg\/?s={search_term_string}"},"query-input":{"@type":"PropertyValueSpecification","valueRequired":true,"valueName":"search_term_string"}}],"inLanguage":"fr-FR"},{"@type":"Person","@id":"https:\/\/macite.tg\/#\/schema\/person\/e9f2de7e5dbbe7770a9402c7ce82f5c2","name":"Jean Pierre BAWELA","image":{"@type":"ImageObject","inLanguage":"fr-FR","@id":"https:\/\/macite.tg\/wp-content\/uploads\/2023\/09\/WhatsApp-Image-2023-09-19-at-14.44.41-122x122.jpeg","url":"https:\/\/macite.tg\/wp-content\/uploads\/2023\/09\/WhatsApp-Image-2023-09-19-at-14.44.41-122x122.jpeg","contentUrl":"https:\/\/macite.tg\/wp-content\/uploads\/2023\/09\/WhatsApp-Image-2023-09-19-at-14.44.41-122x122.jpeg","caption":"Jean Pierre BAWELA"},"url":"https:\/\/macite.tg\/?author=2"}]}},"_links":{"self":[{"href":"https:\/\/macite.tg\/index.php?rest_route=\/wp\/v2\/posts\/2293","targetHints":{"allow":["GET"]}}],"collection":[{"href":"https:\/\/macite.tg\/index.php?rest_route=\/wp\/v2\/posts"}],"about":[{"href":"https:\/\/macite.tg\/index.php?rest_route=\/wp\/v2\/types\/post"}],"author":[{"embeddable":true,"href":"https:\/\/macite.tg\/index.php?rest_route=\/wp\/v2\/users\/2"}],"replies":[{"embeddable":true,"href":"https:\/\/macite.tg\/index.php?rest_route=%2Fwp%2Fv2%2Fcomments&post=2293"}],"version-history":[{"count":0,"href":"https:\/\/macite.tg\/index.php?rest_route=\/wp\/v2\/posts\/2293\/revisions"}],"wp:featuredmedia":[{"embeddable":true,"href":"https:\/\/macite.tg\/index.php?rest_route=\/wp\/v2\/media\/2303"}],"wp:attachment":[{"href":"https:\/\/macite.tg\/index.php?rest_route=%2Fwp%2Fv2%2Fmedia&parent=2293"}],"wp:term":[{"taxonomy":"category","embeddable":true,"href":"https:\/\/macite.tg\/index.php?rest_route=%2Fwp%2Fv2%2Fcategories&post=2293"},{"taxonomy":"post_tag","embeddable":true,"href":"https:\/\/macite.tg\/index.php?rest_route=%2Fwp%2Fv2%2Ftags&post=2293"}],"curies":[{"name":"wp","href":"https:\/\/api.w.org\/{rel}","templated":true}]}}