{"id":22907,"date":"2025-06-19T18:51:38","date_gmt":"2025-06-19T18:51:38","guid":{"rendered":"https:\/\/macite.tg\/?p=22907"},"modified":"2025-06-19T18:51:43","modified_gmt":"2025-06-19T18:51:43","slug":"filiere-cafe-et-cacao-les-prix-indicatifs-pour-la-seconde-moitie-de-juin","status":"publish","type":"post","link":"https:\/\/macite.tg\/?p=22907","title":{"rendered":"FILIERE CAFE ET CACAO: Les prix indicatifs pour la seconde moiti\u00e9 de juin"},"content":{"rendered":"\n<p class=\"wp-block-paragraph\"><strong><em>La Comit\u00e9 de coordination pour les fili\u00e8res caf\u00e9 et cacao (CCFCC) vient de rendre public les prix indicatifs aux producteurs pour le caf\u00e9 et le cacao pour la p\u00e9riode du 16 au 30 juin 2025.<\/em><\/strong><\/p>\n\n\n\n<p class=\"wp-block-paragraph\">Selon les pr\u00e9visions de la CCFCC, les prix indicatifs aux producteurs pour les deux produits pour la seconde moiti\u00e9 de ce mois de juin, sont les suivants\u00a0:<\/p>\n\n\n\n<ul class=\"wp-block-list\">\n<li><strong>Caf\u00e9 saint robusta\u00a0: 1.660 Francs CFA le kilo\u00a0;<\/strong><\/li>\n\n\n\n<li><strong>Cacao qualit\u00e9 sup\u00e9rieure\u00a0: 3.070 Francs CFA le kilo.<\/strong><\/li>\n<\/ul>\n\n\n<div class=\"wp-block-image\">\n<figure class=\"aligncenter size-full\"><img loading=\"lazy\" decoding=\"async\" width=\"851\" height=\"315\" src=\"https:\/\/macite.tg\/wp-content\/uploads\/2025\/06\/OTR_Ferer-pour-batir-1-1.jpg\" alt=\"\" class=\"wp-image-22873\" srcset=\"https:\/\/macite.tg\/wp-content\/uploads\/2025\/06\/OTR_Ferer-pour-batir-1-1.jpg 851w, https:\/\/macite.tg\/wp-content\/uploads\/2025\/06\/OTR_Ferer-pour-batir-1-1-300x111.jpg 300w, https:\/\/macite.tg\/wp-content\/uploads\/2025\/06\/OTR_Ferer-pour-batir-1-1-768x284.jpg 768w\" sizes=\"auto, (max-width: 851px) 100vw, 851px\" \/><\/figure>\n<\/div>\n\n\n<p class=\"wp-block-paragraph\">Notons que pour le Comit\u00e9, <em>\u00ab&nbsp;ces prix sont calcul\u00e9s relativement \u00e0 l&rsquo;\u00e9ch\u00e9ance de septembre 2025 pour le caf\u00e9 et le cacao&nbsp;\u00bb<\/em><\/p>\n\n\n\n<p class=\"wp-block-paragraph\"><strong>Mab\u00e9 B.<\/strong><\/p>\n\n\n\n<p class=\"wp-block-paragraph\"><a><strong><em>@macite.tg&nbsp;&nbsp;&nbsp;&nbsp;&nbsp;&nbsp;&nbsp;&nbsp;<\/em><\/strong><\/a><\/p>\n\n\n\n<p class=\"wp-block-paragraph\"><strong><em>E-mail&nbsp;: <\/em><\/strong><a href=\"mailto:maciteinfo@gmail.com\"><strong><em>maciteinfo@gmail.com<\/em><\/strong><\/a><strong><em>; <\/em><\/strong><a href=\"mailto:bawela1@gmail.com\"><strong><em>bawela1@gmail.com<\/em><\/strong><\/a><strong><em><\/em><\/strong><\/p>\n\n\n\n<p class=\"wp-block-paragraph\"><strong><em>Pour vos annonces, (publi)reportages, etc., joignez-nous au (00228)91515309\/<strong>79872224 <\/strong>www.macite.tg, L\u2019information, la bonne&nbsp;!<\/em><\/strong><\/p>\n","protected":false},"excerpt":{"rendered":"<p class=\"text-justify mb-2\" >La Comit\u00e9 de coordination pour les fili\u00e8res caf\u00e9 et cacao (CCFCC) vient de rendre public les prix indicatifs aux producteurs pour le caf\u00e9 et le cacao pour la p\u00e9riode du 16 au 30 juin 2025. Selon les pr\u00e9visions de la CCFCC, les prix indicatifs aux [&hellip;]<\/p>\n","protected":false},"author":2,"featured_media":22908,"comment_status":"open","ping_status":"open","sticky":false,"template":"","format":"standard","meta":{"footnotes":""},"categories":[20,22,59],"tags":[],"class_list":["post-22907","post","type-post","status-publish","format-standard","has-post-thumbnail","hentry","category-actualite","category-agriculture","category-commerce"],"yoast_head":"<!-- This site is optimized with the Yoast SEO plugin v28.4 - https:\/\/yoast.com\/product\/yoast-seo-wordpress\/ -->\n<title>FILIERE CAFE ET CACAO: Les prix indicatifs pour la seconde moiti\u00e9 de juin -<\/title>\n<meta name=\"robots\" content=\"index, follow, max-snippet:-1, max-image-preview:large, max-video-preview:-1\" \/>\n<link rel=\"canonical\" href=\"https:\/\/macite.tg\/?p=22907\" \/>\n<meta property=\"og:locale\" content=\"fr_FR\" \/>\n<meta property=\"og:type\" content=\"article\" \/>\n<meta property=\"og:title\" content=\"FILIERE CAFE ET CACAO: Les prix indicatifs pour la seconde moiti\u00e9 de juin -\" \/>\n<meta property=\"og:description\" content=\"La Comit\u00e9 de coordination pour les fili\u00e8res caf\u00e9 et cacao (CCFCC) vient de rendre public les prix indicatifs aux producteurs pour le caf\u00e9 et le cacao pour la p\u00e9riode du 16 au 30 juin 2025. Selon les pr\u00e9visions de la CCFCC, les prix indicatifs aux [&hellip;]\" \/>\n<meta property=\"og:url\" content=\"https:\/\/macite.tg\/?p=22907\" \/>\n<meta property=\"article:published_time\" content=\"2025-06-19T18:51:38+00:00\" \/>\n<meta property=\"article:modified_time\" content=\"2025-06-19T18:51:43+00:00\" \/>\n<meta property=\"og:image\" content=\"https:\/\/macite.tg\/wp-content\/uploads\/2025\/06\/image-73.png\" \/>\n\t<meta property=\"og:image:width\" content=\"358\" \/>\n\t<meta property=\"og:image:height\" content=\"270\" \/>\n\t<meta property=\"og:image:type\" content=\"image\/png\" \/>\n<meta name=\"author\" content=\"Jean Pierre BAWELA\" \/>\n<meta name=\"twitter:card\" content=\"summary_large_image\" \/>\n<meta name=\"twitter:label1\" content=\"\u00c9crit par\" \/>\n\t<meta name=\"twitter:data1\" content=\"Jean Pierre BAWELA\" \/>\n\t<meta name=\"twitter:label2\" content=\"Dur\u00e9e de lecture estim\u00e9e\" \/>\n\t<meta name=\"twitter:data2\" content=\"2 minutes\" \/>\n<script type=\"application\/ld+json\" class=\"yoast-schema-graph\">{\"@context\":\"https:\\\/\\\/schema.org\",\"@graph\":[{\"@type\":\"Article\",\"@id\":\"https:\\\/\\\/macite.tg\\\/?p=22907#article\",\"isPartOf\":{\"@id\":\"https:\\\/\\\/macite.tg\\\/?p=22907\"},\"author\":{\"name\":\"Jean Pierre BAWELA\",\"@id\":\"https:\\\/\\\/macite.tg\\\/#\\\/schema\\\/person\\\/e9f2de7e5dbbe7770a9402c7ce82f5c2\"},\"headline\":\"FILIERE CAFE ET CACAO: Les prix indicatifs pour la seconde moiti\u00e9 de juin\",\"datePublished\":\"2025-06-19T18:51:38+00:00\",\"dateModified\":\"2025-06-19T18:51:43+00:00\",\"mainEntityOfPage\":{\"@id\":\"https:\\\/\\\/macite.tg\\\/?p=22907\"},\"wordCount\":150,\"commentCount\":0,\"image\":{\"@id\":\"https:\\\/\\\/macite.tg\\\/?p=22907#primaryimage\"},\"thumbnailUrl\":\"https:\\\/\\\/macite.tg\\\/wp-content\\\/uploads\\\/2025\\\/06\\\/image-73.png\",\"articleSection\":[\"ACTUALITE\",\"AGRICULTURE\",\"COMMERCE\"],\"inLanguage\":\"fr-FR\",\"potentialAction\":[{\"@type\":\"CommentAction\",\"name\":\"Comment\",\"target\":[\"https:\\\/\\\/macite.tg\\\/?p=22907#respond\"]}]},{\"@type\":\"WebPage\",\"@id\":\"https:\\\/\\\/macite.tg\\\/?p=22907\",\"url\":\"https:\\\/\\\/macite.tg\\\/?p=22907\",\"name\":\"FILIERE CAFE ET CACAO: Les prix indicatifs pour la seconde moiti\u00e9 de juin -\",\"isPartOf\":{\"@id\":\"https:\\\/\\\/macite.tg\\\/#website\"},\"primaryImageOfPage\":{\"@id\":\"https:\\\/\\\/macite.tg\\\/?p=22907#primaryimage\"},\"image\":{\"@id\":\"https:\\\/\\\/macite.tg\\\/?p=22907#primaryimage\"},\"thumbnailUrl\":\"https:\\\/\\\/macite.tg\\\/wp-content\\\/uploads\\\/2025\\\/06\\\/image-73.png\",\"datePublished\":\"2025-06-19T18:51:38+00:00\",\"dateModified\":\"2025-06-19T18:51:43+00:00\",\"author\":{\"@id\":\"https:\\\/\\\/macite.tg\\\/#\\\/schema\\\/person\\\/e9f2de7e5dbbe7770a9402c7ce82f5c2\"},\"breadcrumb\":{\"@id\":\"https:\\\/\\\/macite.tg\\\/?p=22907#breadcrumb\"},\"inLanguage\":\"fr-FR\",\"potentialAction\":[{\"@type\":\"ReadAction\",\"target\":[\"https:\\\/\\\/macite.tg\\\/?p=22907\"]}]},{\"@type\":\"ImageObject\",\"inLanguage\":\"fr-FR\",\"@id\":\"https:\\\/\\\/macite.tg\\\/?p=22907#primaryimage\",\"url\":\"https:\\\/\\\/macite.tg\\\/wp-content\\\/uploads\\\/2025\\\/06\\\/image-73.png\",\"contentUrl\":\"https:\\\/\\\/macite.tg\\\/wp-content\\\/uploads\\\/2025\\\/06\\\/image-73.png\",\"width\":358,\"height\":270},{\"@type\":\"BreadcrumbList\",\"@id\":\"https:\\\/\\\/macite.tg\\\/?p=22907#breadcrumb\",\"itemListElement\":[{\"@type\":\"ListItem\",\"position\":1,\"name\":\"Accueil\",\"item\":\"https:\\\/\\\/macite.tg\\\/\"},{\"@type\":\"ListItem\",\"position\":2,\"name\":\"FILIERE CAFE ET CACAO: Les prix indicatifs pour la seconde moiti\u00e9 de juin\"}]},{\"@type\":\"WebSite\",\"@id\":\"https:\\\/\\\/macite.tg\\\/#website\",\"url\":\"https:\\\/\\\/macite.tg\\\/\",\"name\":\"\",\"description\":\"L&#039;information, la bonne!!!\",\"potentialAction\":[{\"@type\":\"SearchAction\",\"target\":{\"@type\":\"EntryPoint\",\"urlTemplate\":\"https:\\\/\\\/macite.tg\\\/?s={search_term_string}\"},\"query-input\":{\"@type\":\"PropertyValueSpecification\",\"valueRequired\":true,\"valueName\":\"search_term_string\"}}],\"inLanguage\":\"fr-FR\"},{\"@type\":\"Person\",\"@id\":\"https:\\\/\\\/macite.tg\\\/#\\\/schema\\\/person\\\/e9f2de7e5dbbe7770a9402c7ce82f5c2\",\"name\":\"Jean Pierre BAWELA\",\"image\":{\"@type\":\"ImageObject\",\"inLanguage\":\"fr-FR\",\"@id\":\"https:\\\/\\\/macite.tg\\\/wp-content\\\/uploads\\\/2023\\\/09\\\/WhatsApp-Image-2023-09-19-at-14.44.41-122x122.jpeg\",\"url\":\"https:\\\/\\\/macite.tg\\\/wp-content\\\/uploads\\\/2023\\\/09\\\/WhatsApp-Image-2023-09-19-at-14.44.41-122x122.jpeg\",\"contentUrl\":\"https:\\\/\\\/macite.tg\\\/wp-content\\\/uploads\\\/2023\\\/09\\\/WhatsApp-Image-2023-09-19-at-14.44.41-122x122.jpeg\",\"caption\":\"Jean Pierre BAWELA\"},\"url\":\"https:\\\/\\\/macite.tg\\\/?author=2\"}]}<\/script>\n<!-- \/ Yoast SEO plugin. -->","yoast_head_json":{"title":"FILIERE CAFE ET CACAO: Les prix indicatifs pour la seconde moiti\u00e9 de juin -","robots":{"index":"index","follow":"follow","max-snippet":"max-snippet:-1","max-image-preview":"max-image-preview:large","max-video-preview":"max-video-preview:-1"},"canonical":"https:\/\/macite.tg\/?p=22907","og_locale":"fr_FR","og_type":"article","og_title":"FILIERE CAFE ET CACAO: Les prix indicatifs pour la seconde moiti\u00e9 de juin -","og_description":"La Comit\u00e9 de coordination pour les fili\u00e8res caf\u00e9 et cacao (CCFCC) vient de rendre public les prix indicatifs aux producteurs pour le caf\u00e9 et le cacao pour la p\u00e9riode du 16 au 30 juin 2025. Selon les pr\u00e9visions de la CCFCC, les prix indicatifs aux [&hellip;]","og_url":"https:\/\/macite.tg\/?p=22907","article_published_time":"2025-06-19T18:51:38+00:00","article_modified_time":"2025-06-19T18:51:43+00:00","og_image":[{"width":358,"height":270,"url":"https:\/\/macite.tg\/wp-content\/uploads\/2025\/06\/image-73.png","type":"image\/png"}],"author":"Jean Pierre BAWELA","twitter_card":"summary_large_image","twitter_misc":{"\u00c9crit par":"Jean Pierre BAWELA","Dur\u00e9e de lecture estim\u00e9e":"2 minutes"},"schema":{"@context":"https:\/\/schema.org","@graph":[{"@type":"Article","@id":"https:\/\/macite.tg\/?p=22907#article","isPartOf":{"@id":"https:\/\/macite.tg\/?p=22907"},"author":{"name":"Jean Pierre BAWELA","@id":"https:\/\/macite.tg\/#\/schema\/person\/e9f2de7e5dbbe7770a9402c7ce82f5c2"},"headline":"FILIERE CAFE ET CACAO: Les prix indicatifs pour la seconde moiti\u00e9 de juin","datePublished":"2025-06-19T18:51:38+00:00","dateModified":"2025-06-19T18:51:43+00:00","mainEntityOfPage":{"@id":"https:\/\/macite.tg\/?p=22907"},"wordCount":150,"commentCount":0,"image":{"@id":"https:\/\/macite.tg\/?p=22907#primaryimage"},"thumbnailUrl":"https:\/\/macite.tg\/wp-content\/uploads\/2025\/06\/image-73.png","articleSection":["ACTUALITE","AGRICULTURE","COMMERCE"],"inLanguage":"fr-FR","potentialAction":[{"@type":"CommentAction","name":"Comment","target":["https:\/\/macite.tg\/?p=22907#respond"]}]},{"@type":"WebPage","@id":"https:\/\/macite.tg\/?p=22907","url":"https:\/\/macite.tg\/?p=22907","name":"FILIERE CAFE ET CACAO: Les prix indicatifs pour la seconde moiti\u00e9 de juin -","isPartOf":{"@id":"https:\/\/macite.tg\/#website"},"primaryImageOfPage":{"@id":"https:\/\/macite.tg\/?p=22907#primaryimage"},"image":{"@id":"https:\/\/macite.tg\/?p=22907#primaryimage"},"thumbnailUrl":"https:\/\/macite.tg\/wp-content\/uploads\/2025\/06\/image-73.png","datePublished":"2025-06-19T18:51:38+00:00","dateModified":"2025-06-19T18:51:43+00:00","author":{"@id":"https:\/\/macite.tg\/#\/schema\/person\/e9f2de7e5dbbe7770a9402c7ce82f5c2"},"breadcrumb":{"@id":"https:\/\/macite.tg\/?p=22907#breadcrumb"},"inLanguage":"fr-FR","potentialAction":[{"@type":"ReadAction","target":["https:\/\/macite.tg\/?p=22907"]}]},{"@type":"ImageObject","inLanguage":"fr-FR","@id":"https:\/\/macite.tg\/?p=22907#primaryimage","url":"https:\/\/macite.tg\/wp-content\/uploads\/2025\/06\/image-73.png","contentUrl":"https:\/\/macite.tg\/wp-content\/uploads\/2025\/06\/image-73.png","width":358,"height":270},{"@type":"BreadcrumbList","@id":"https:\/\/macite.tg\/?p=22907#breadcrumb","itemListElement":[{"@type":"ListItem","position":1,"name":"Accueil","item":"https:\/\/macite.tg\/"},{"@type":"ListItem","position":2,"name":"FILIERE CAFE ET CACAO: Les prix indicatifs pour la seconde moiti\u00e9 de juin"}]},{"@type":"WebSite","@id":"https:\/\/macite.tg\/#website","url":"https:\/\/macite.tg\/","name":"","description":"L&#039;information, la bonne!!!","potentialAction":[{"@type":"SearchAction","target":{"@type":"EntryPoint","urlTemplate":"https:\/\/macite.tg\/?s={search_term_string}"},"query-input":{"@type":"PropertyValueSpecification","valueRequired":true,"valueName":"search_term_string"}}],"inLanguage":"fr-FR"},{"@type":"Person","@id":"https:\/\/macite.tg\/#\/schema\/person\/e9f2de7e5dbbe7770a9402c7ce82f5c2","name":"Jean Pierre BAWELA","image":{"@type":"ImageObject","inLanguage":"fr-FR","@id":"https:\/\/macite.tg\/wp-content\/uploads\/2023\/09\/WhatsApp-Image-2023-09-19-at-14.44.41-122x122.jpeg","url":"https:\/\/macite.tg\/wp-content\/uploads\/2023\/09\/WhatsApp-Image-2023-09-19-at-14.44.41-122x122.jpeg","contentUrl":"https:\/\/macite.tg\/wp-content\/uploads\/2023\/09\/WhatsApp-Image-2023-09-19-at-14.44.41-122x122.jpeg","caption":"Jean Pierre BAWELA"},"url":"https:\/\/macite.tg\/?author=2"}]}},"_links":{"self":[{"href":"https:\/\/macite.tg\/index.php?rest_route=\/wp\/v2\/posts\/22907","targetHints":{"allow":["GET"]}}],"collection":[{"href":"https:\/\/macite.tg\/index.php?rest_route=\/wp\/v2\/posts"}],"about":[{"href":"https:\/\/macite.tg\/index.php?rest_route=\/wp\/v2\/types\/post"}],"author":[{"embeddable":true,"href":"https:\/\/macite.tg\/index.php?rest_route=\/wp\/v2\/users\/2"}],"replies":[{"embeddable":true,"href":"https:\/\/macite.tg\/index.php?rest_route=%2Fwp%2Fv2%2Fcomments&post=22907"}],"version-history":[{"count":0,"href":"https:\/\/macite.tg\/index.php?rest_route=\/wp\/v2\/posts\/22907\/revisions"}],"wp:featuredmedia":[{"embeddable":true,"href":"https:\/\/macite.tg\/index.php?rest_route=\/wp\/v2\/media\/22908"}],"wp:attachment":[{"href":"https:\/\/macite.tg\/index.php?rest_route=%2Fwp%2Fv2%2Fmedia&parent=22907"}],"wp:term":[{"taxonomy":"category","embeddable":true,"href":"https:\/\/macite.tg\/index.php?rest_route=%2Fwp%2Fv2%2Fcategories&post=22907"},{"taxonomy":"post_tag","embeddable":true,"href":"https:\/\/macite.tg\/index.php?rest_route=%2Fwp%2Fv2%2Ftags&post=22907"}],"curies":[{"name":"wp","href":"https:\/\/api.w.org\/{rel}","templated":true}]}}