{"id":22901,"date":"2025-06-19T18:42:31","date_gmt":"2025-06-19T18:42:31","guid":{"rendered":"https:\/\/macite.tg\/?p=22901"},"modified":"2025-06-20T10:39:55","modified_gmt":"2025-06-20T10:39:55","slug":"promotion-de-biens-et-services-locaux-le-ministere-du-commerce-recrute-100-jeunes-hf-entrepreneures-promoteurs","status":"publish","type":"post","link":"https:\/\/macite.tg\/?p=22901","title":{"rendered":"PROMOTION DE BIENS ET SERVICES LOCAUX\u00a0: Le minist\u00e8re du Commerce recrute 100 jeunes (H&amp;F) entrepreneur(e)s promoteurs"},"content":{"rendered":"\n<p class=\"wp-block-paragraph\"><strong><em>Dans le cadre du renforcement des les capacit\u00e9s des acteurs de la cha\u00eene de valeur \u00ab&nbsp;Made in Togo&nbsp;\u00bb, et afin d\u2019am\u00e9liorer la comp\u00e9titivit\u00e9 de leurs produits et services et d\u2019encourager la consommation locale, le minist\u00e8re du Minist\u00e8re du commerce, de l\u2019artisanat et de la consommation locale recrute de cent (100) jeunes et femmes entrepreneurs promoteurs des produits agroalimentaires, cosm\u00e9tiques, textiles&nbsp;et artisanaux locaux.<\/em><\/strong><\/p>\n\n\n\n<p class=\"wp-block-paragraph\"><strong><em>A cet effet, un appel \u00e0 candidature est lanc\u00e9, et dont voici la teneur (1) \u00a0:<\/em><\/strong><\/p>\n\n\n\n<div data-wp-interactive=\"core\/file\" class=\"wp-block-file aligncenter\"><object data-wp-bind--hidden=\"!state.hasPdfPreview\" hidden class=\"wp-block-file__embed\" data=\"https:\/\/macite.tg\/wp-content\/uploads\/2025\/06\/Avis-de-publication-dappel-a-candidature-pour-le-recrutement-de-jeunes-promoteurs-des-services-locaux.pdf\" type=\"application\/pdf\" style=\"width:100%;height:600px\" aria-label=\"Contenu embarqu\u00e9 Avis-de-publication-dappel-a\u0300-candidature-pour-le-recrutement-de-jeunes-promoteurs-des-services-locaux.\"><\/object><a id=\"wp-block-file--media-9d931b7c-4456-4122-b539-e8d3665a3e4e\" href=\"https:\/\/macite.tg\/wp-content\/uploads\/2025\/06\/Avis-de-publication-dappel-a-candidature-pour-le-recrutement-de-jeunes-promoteurs-des-services-locaux.pdf\">Avis-de-publication-dappel-a\u0300-candidature-pour-le-recrutement-de-jeunes-promoteurs-des-services-locaux<\/a><a href=\"https:\/\/macite.tg\/wp-content\/uploads\/2025\/06\/Avis-de-publication-dappel-a-candidature-pour-le-recrutement-de-jeunes-promoteurs-des-services-locaux.pdf\" class=\"wp-block-file__button wp-element-button\" download aria-describedby=\"wp-block-file--media-9d931b7c-4456-4122-b539-e8d3665a3e4e\">T\u00e9l\u00e9charger<\/a><\/div>\n\n\n\n<p class=\"wp-block-paragraph\">\u00a0<strong><em>et le formulaire pour candidater<\/em><\/strong> :<\/p>\n\n\n\n<div data-wp-interactive=\"core\/file\" class=\"wp-block-file aligncenter\"><object data-wp-bind--hidden=\"!state.hasPdfPreview\" hidden class=\"wp-block-file__embed\" data=\"https:\/\/macite.tg\/wp-content\/uploads\/2025\/06\/Formulaire-de-candidature.pdf\" type=\"application\/pdf\" style=\"width:100%;height:600px\" aria-label=\"Contenu embarqu\u00e9 Formulaire-de-candidature.\"><\/object><a id=\"wp-block-file--media-99d9609f-d7d3-4281-b27b-e9db55d34089\" href=\"https:\/\/macite.tg\/wp-content\/uploads\/2025\/06\/Formulaire-de-candidature.pdf\">Formulaire-de-candidature<\/a><a href=\"https:\/\/macite.tg\/wp-content\/uploads\/2025\/06\/Formulaire-de-candidature.pdf\" class=\"wp-block-file__button wp-element-button\" download aria-describedby=\"wp-block-file--media-99d9609f-d7d3-4281-b27b-e9db55d34089\">T\u00e9l\u00e9charger<\/a><\/div>\n\n\n\n<p class=\"wp-block-paragraph\"><a><strong><em>@macite.tg\u00a0\u00a0\u00a0\u00a0\u00a0\u00a0\u00a0<\/em><\/strong><\/a><\/p>\n\n\n\n<p class=\"wp-block-paragraph\"><strong><em>E-mail&nbsp;: <\/em><\/strong><a href=\"mailto:maciteinfo@gmail.com\"><strong><em>maciteinfo@gmail.com<\/em><\/strong><\/a><strong><em>; <\/em><\/strong><a href=\"mailto:bawela1@gmail.com\"><strong><em>bawela1@gmail.com<\/em><\/strong><\/a><strong><em><\/em><\/strong><\/p>\n\n\n\n<p class=\"wp-block-paragraph\"><strong><em>Pour vos annonces, (publi)reportages, etc., joignez-nous au (00228)91515309\/<strong>79872224 <\/strong>www.macite.tg, L\u2019information, la bonne&nbsp;!<\/em><\/strong><\/p>\n","protected":false},"excerpt":{"rendered":"<p class=\"text-justify mb-2\" >Dans le cadre du renforcement des les capacit\u00e9s des acteurs de la cha\u00eene de valeur \u00ab&nbsp;Made in Togo&nbsp;\u00bb, et afin d\u2019am\u00e9liorer la comp\u00e9titivit\u00e9 de leurs produits et services et d\u2019encourager la consommation locale, le minist\u00e8re du Minist\u00e8re du commerce, de l\u2019artisanat et de la consommation [&hellip;]<\/p>\n","protected":false},"author":2,"featured_media":22905,"comment_status":"open","ping_status":"open","sticky":false,"template":"","format":"standard","meta":{"footnotes":""},"categories":[20,31],"tags":[],"class_list":["post-22901","post","type-post","status-publish","format-standard","has-post-thumbnail","hentry","category-actualite","category-annonce"],"yoast_head":"<!-- This site is optimized with the Yoast SEO plugin v28.4 - https:\/\/yoast.com\/product\/yoast-seo-wordpress\/ -->\n<title>PROMOTION DE BIENS ET SERVICES LOCAUX\u00a0: Le minist\u00e8re du Commerce recrute 100 jeunes (H&amp;F) entrepreneur(e)s promoteurs -<\/title>\n<meta name=\"robots\" content=\"index, follow, max-snippet:-1, max-image-preview:large, max-video-preview:-1\" \/>\n<link rel=\"canonical\" href=\"https:\/\/macite.tg\/?p=22901\" \/>\n<meta property=\"og:locale\" content=\"fr_FR\" \/>\n<meta property=\"og:type\" content=\"article\" \/>\n<meta property=\"og:title\" content=\"PROMOTION DE BIENS ET SERVICES LOCAUX\u00a0: Le minist\u00e8re du Commerce recrute 100 jeunes (H&amp;F) entrepreneur(e)s promoteurs -\" \/>\n<meta property=\"og:description\" content=\"Dans le cadre du renforcement des les capacit\u00e9s des acteurs de la cha\u00eene de valeur \u00ab&nbsp;Made in Togo&nbsp;\u00bb, et afin d\u2019am\u00e9liorer la comp\u00e9titivit\u00e9 de leurs produits et services et d\u2019encourager la consommation locale, le minist\u00e8re du Minist\u00e8re du commerce, de l\u2019artisanat et de la consommation [&hellip;]\" \/>\n<meta property=\"og:url\" content=\"https:\/\/macite.tg\/?p=22901\" \/>\n<meta property=\"article:published_time\" content=\"2025-06-19T18:42:31+00:00\" \/>\n<meta property=\"article:modified_time\" content=\"2025-06-20T10:39:55+00:00\" \/>\n<meta property=\"og:image\" content=\"https:\/\/macite.tg\/wp-content\/uploads\/2025\/06\/Commece-recrutement.jpg\" \/>\n\t<meta property=\"og:image:width\" content=\"500\" \/>\n\t<meta property=\"og:image:height\" content=\"208\" \/>\n\t<meta property=\"og:image:type\" content=\"image\/jpeg\" \/>\n<meta name=\"author\" content=\"Jean Pierre BAWELA\" \/>\n<meta name=\"twitter:card\" content=\"summary_large_image\" \/>\n<meta name=\"twitter:label1\" content=\"\u00c9crit par\" \/>\n\t<meta name=\"twitter:data1\" content=\"Jean Pierre BAWELA\" \/>\n\t<meta name=\"twitter:label2\" content=\"Dur\u00e9e de lecture estim\u00e9e\" \/>\n\t<meta name=\"twitter:data2\" content=\"1 minute\" \/>\n<script type=\"application\/ld+json\" class=\"yoast-schema-graph\">{\"@context\":\"https:\\\/\\\/schema.org\",\"@graph\":[{\"@type\":\"Article\",\"@id\":\"https:\\\/\\\/macite.tg\\\/?p=22901#article\",\"isPartOf\":{\"@id\":\"https:\\\/\\\/macite.tg\\\/?p=22901\"},\"author\":{\"name\":\"Jean Pierre BAWELA\",\"@id\":\"https:\\\/\\\/macite.tg\\\/#\\\/schema\\\/person\\\/e9f2de7e5dbbe7770a9402c7ce82f5c2\"},\"headline\":\"PROMOTION DE BIENS ET SERVICES LOCAUX\u00a0: Le minist\u00e8re du Commerce recrute 100 jeunes (H&amp;F) entrepreneur(e)s promoteurs\",\"datePublished\":\"2025-06-19T18:42:31+00:00\",\"dateModified\":\"2025-06-20T10:39:55+00:00\",\"mainEntityOfPage\":{\"@id\":\"https:\\\/\\\/macite.tg\\\/?p=22901\"},\"wordCount\":148,\"commentCount\":0,\"image\":{\"@id\":\"https:\\\/\\\/macite.tg\\\/?p=22901#primaryimage\"},\"thumbnailUrl\":\"https:\\\/\\\/macite.tg\\\/wp-content\\\/uploads\\\/2025\\\/06\\\/Commece-recrutement.jpg\",\"articleSection\":[\"ACTUALITE\",\"ANNONCE\"],\"inLanguage\":\"fr-FR\",\"potentialAction\":[{\"@type\":\"CommentAction\",\"name\":\"Comment\",\"target\":[\"https:\\\/\\\/macite.tg\\\/?p=22901#respond\"]}]},{\"@type\":\"WebPage\",\"@id\":\"https:\\\/\\\/macite.tg\\\/?p=22901\",\"url\":\"https:\\\/\\\/macite.tg\\\/?p=22901\",\"name\":\"PROMOTION DE BIENS ET SERVICES LOCAUX\u00a0: Le minist\u00e8re du Commerce recrute 100 jeunes (H&amp;F) entrepreneur(e)s promoteurs -\",\"isPartOf\":{\"@id\":\"https:\\\/\\\/macite.tg\\\/#website\"},\"primaryImageOfPage\":{\"@id\":\"https:\\\/\\\/macite.tg\\\/?p=22901#primaryimage\"},\"image\":{\"@id\":\"https:\\\/\\\/macite.tg\\\/?p=22901#primaryimage\"},\"thumbnailUrl\":\"https:\\\/\\\/macite.tg\\\/wp-content\\\/uploads\\\/2025\\\/06\\\/Commece-recrutement.jpg\",\"datePublished\":\"2025-06-19T18:42:31+00:00\",\"dateModified\":\"2025-06-20T10:39:55+00:00\",\"author\":{\"@id\":\"https:\\\/\\\/macite.tg\\\/#\\\/schema\\\/person\\\/e9f2de7e5dbbe7770a9402c7ce82f5c2\"},\"breadcrumb\":{\"@id\":\"https:\\\/\\\/macite.tg\\\/?p=22901#breadcrumb\"},\"inLanguage\":\"fr-FR\",\"potentialAction\":[{\"@type\":\"ReadAction\",\"target\":[\"https:\\\/\\\/macite.tg\\\/?p=22901\"]}]},{\"@type\":\"ImageObject\",\"inLanguage\":\"fr-FR\",\"@id\":\"https:\\\/\\\/macite.tg\\\/?p=22901#primaryimage\",\"url\":\"https:\\\/\\\/macite.tg\\\/wp-content\\\/uploads\\\/2025\\\/06\\\/Commece-recrutement.jpg\",\"contentUrl\":\"https:\\\/\\\/macite.tg\\\/wp-content\\\/uploads\\\/2025\\\/06\\\/Commece-recrutement.jpg\",\"width\":500,\"height\":208},{\"@type\":\"BreadcrumbList\",\"@id\":\"https:\\\/\\\/macite.tg\\\/?p=22901#breadcrumb\",\"itemListElement\":[{\"@type\":\"ListItem\",\"position\":1,\"name\":\"Accueil\",\"item\":\"https:\\\/\\\/macite.tg\\\/\"},{\"@type\":\"ListItem\",\"position\":2,\"name\":\"PROMOTION DE BIENS ET SERVICES LOCAUX\u00a0: Le minist\u00e8re du Commerce recrute 100 jeunes (H&amp;F) entrepreneur(e)s promoteurs\"}]},{\"@type\":\"WebSite\",\"@id\":\"https:\\\/\\\/macite.tg\\\/#website\",\"url\":\"https:\\\/\\\/macite.tg\\\/\",\"name\":\"\",\"description\":\"L&#039;information, la bonne!!!\",\"potentialAction\":[{\"@type\":\"SearchAction\",\"target\":{\"@type\":\"EntryPoint\",\"urlTemplate\":\"https:\\\/\\\/macite.tg\\\/?s={search_term_string}\"},\"query-input\":{\"@type\":\"PropertyValueSpecification\",\"valueRequired\":true,\"valueName\":\"search_term_string\"}}],\"inLanguage\":\"fr-FR\"},{\"@type\":\"Person\",\"@id\":\"https:\\\/\\\/macite.tg\\\/#\\\/schema\\\/person\\\/e9f2de7e5dbbe7770a9402c7ce82f5c2\",\"name\":\"Jean Pierre BAWELA\",\"image\":{\"@type\":\"ImageObject\",\"inLanguage\":\"fr-FR\",\"@id\":\"https:\\\/\\\/macite.tg\\\/wp-content\\\/uploads\\\/2023\\\/09\\\/WhatsApp-Image-2023-09-19-at-14.44.41-122x122.jpeg\",\"url\":\"https:\\\/\\\/macite.tg\\\/wp-content\\\/uploads\\\/2023\\\/09\\\/WhatsApp-Image-2023-09-19-at-14.44.41-122x122.jpeg\",\"contentUrl\":\"https:\\\/\\\/macite.tg\\\/wp-content\\\/uploads\\\/2023\\\/09\\\/WhatsApp-Image-2023-09-19-at-14.44.41-122x122.jpeg\",\"caption\":\"Jean Pierre BAWELA\"},\"url\":\"https:\\\/\\\/macite.tg\\\/?author=2\"}]}<\/script>\n<!-- \/ Yoast SEO plugin. -->","yoast_head_json":{"title":"PROMOTION DE BIENS ET SERVICES LOCAUX\u00a0: Le minist\u00e8re du Commerce recrute 100 jeunes (H&amp;F) entrepreneur(e)s promoteurs -","robots":{"index":"index","follow":"follow","max-snippet":"max-snippet:-1","max-image-preview":"max-image-preview:large","max-video-preview":"max-video-preview:-1"},"canonical":"https:\/\/macite.tg\/?p=22901","og_locale":"fr_FR","og_type":"article","og_title":"PROMOTION DE BIENS ET SERVICES LOCAUX\u00a0: Le minist\u00e8re du Commerce recrute 100 jeunes (H&amp;F) entrepreneur(e)s promoteurs -","og_description":"Dans le cadre du renforcement des les capacit\u00e9s des acteurs de la cha\u00eene de valeur \u00ab&nbsp;Made in Togo&nbsp;\u00bb, et afin d\u2019am\u00e9liorer la comp\u00e9titivit\u00e9 de leurs produits et services et d\u2019encourager la consommation locale, le minist\u00e8re du Minist\u00e8re du commerce, de l\u2019artisanat et de la consommation [&hellip;]","og_url":"https:\/\/macite.tg\/?p=22901","article_published_time":"2025-06-19T18:42:31+00:00","article_modified_time":"2025-06-20T10:39:55+00:00","og_image":[{"width":500,"height":208,"url":"https:\/\/macite.tg\/wp-content\/uploads\/2025\/06\/Commece-recrutement.jpg","type":"image\/jpeg"}],"author":"Jean Pierre BAWELA","twitter_card":"summary_large_image","twitter_misc":{"\u00c9crit par":"Jean Pierre BAWELA","Dur\u00e9e de lecture estim\u00e9e":"1 minute"},"schema":{"@context":"https:\/\/schema.org","@graph":[{"@type":"Article","@id":"https:\/\/macite.tg\/?p=22901#article","isPartOf":{"@id":"https:\/\/macite.tg\/?p=22901"},"author":{"name":"Jean Pierre BAWELA","@id":"https:\/\/macite.tg\/#\/schema\/person\/e9f2de7e5dbbe7770a9402c7ce82f5c2"},"headline":"PROMOTION DE BIENS ET SERVICES LOCAUX\u00a0: Le minist\u00e8re du Commerce recrute 100 jeunes (H&amp;F) entrepreneur(e)s promoteurs","datePublished":"2025-06-19T18:42:31+00:00","dateModified":"2025-06-20T10:39:55+00:00","mainEntityOfPage":{"@id":"https:\/\/macite.tg\/?p=22901"},"wordCount":148,"commentCount":0,"image":{"@id":"https:\/\/macite.tg\/?p=22901#primaryimage"},"thumbnailUrl":"https:\/\/macite.tg\/wp-content\/uploads\/2025\/06\/Commece-recrutement.jpg","articleSection":["ACTUALITE","ANNONCE"],"inLanguage":"fr-FR","potentialAction":[{"@type":"CommentAction","name":"Comment","target":["https:\/\/macite.tg\/?p=22901#respond"]}]},{"@type":"WebPage","@id":"https:\/\/macite.tg\/?p=22901","url":"https:\/\/macite.tg\/?p=22901","name":"PROMOTION DE BIENS ET SERVICES LOCAUX\u00a0: Le minist\u00e8re du Commerce recrute 100 jeunes (H&amp;F) entrepreneur(e)s promoteurs -","isPartOf":{"@id":"https:\/\/macite.tg\/#website"},"primaryImageOfPage":{"@id":"https:\/\/macite.tg\/?p=22901#primaryimage"},"image":{"@id":"https:\/\/macite.tg\/?p=22901#primaryimage"},"thumbnailUrl":"https:\/\/macite.tg\/wp-content\/uploads\/2025\/06\/Commece-recrutement.jpg","datePublished":"2025-06-19T18:42:31+00:00","dateModified":"2025-06-20T10:39:55+00:00","author":{"@id":"https:\/\/macite.tg\/#\/schema\/person\/e9f2de7e5dbbe7770a9402c7ce82f5c2"},"breadcrumb":{"@id":"https:\/\/macite.tg\/?p=22901#breadcrumb"},"inLanguage":"fr-FR","potentialAction":[{"@type":"ReadAction","target":["https:\/\/macite.tg\/?p=22901"]}]},{"@type":"ImageObject","inLanguage":"fr-FR","@id":"https:\/\/macite.tg\/?p=22901#primaryimage","url":"https:\/\/macite.tg\/wp-content\/uploads\/2025\/06\/Commece-recrutement.jpg","contentUrl":"https:\/\/macite.tg\/wp-content\/uploads\/2025\/06\/Commece-recrutement.jpg","width":500,"height":208},{"@type":"BreadcrumbList","@id":"https:\/\/macite.tg\/?p=22901#breadcrumb","itemListElement":[{"@type":"ListItem","position":1,"name":"Accueil","item":"https:\/\/macite.tg\/"},{"@type":"ListItem","position":2,"name":"PROMOTION DE BIENS ET SERVICES LOCAUX\u00a0: Le minist\u00e8re du Commerce recrute 100 jeunes (H&amp;F) entrepreneur(e)s promoteurs"}]},{"@type":"WebSite","@id":"https:\/\/macite.tg\/#website","url":"https:\/\/macite.tg\/","name":"","description":"L&#039;information, la bonne!!!","potentialAction":[{"@type":"SearchAction","target":{"@type":"EntryPoint","urlTemplate":"https:\/\/macite.tg\/?s={search_term_string}"},"query-input":{"@type":"PropertyValueSpecification","valueRequired":true,"valueName":"search_term_string"}}],"inLanguage":"fr-FR"},{"@type":"Person","@id":"https:\/\/macite.tg\/#\/schema\/person\/e9f2de7e5dbbe7770a9402c7ce82f5c2","name":"Jean Pierre BAWELA","image":{"@type":"ImageObject","inLanguage":"fr-FR","@id":"https:\/\/macite.tg\/wp-content\/uploads\/2023\/09\/WhatsApp-Image-2023-09-19-at-14.44.41-122x122.jpeg","url":"https:\/\/macite.tg\/wp-content\/uploads\/2023\/09\/WhatsApp-Image-2023-09-19-at-14.44.41-122x122.jpeg","contentUrl":"https:\/\/macite.tg\/wp-content\/uploads\/2023\/09\/WhatsApp-Image-2023-09-19-at-14.44.41-122x122.jpeg","caption":"Jean Pierre BAWELA"},"url":"https:\/\/macite.tg\/?author=2"}]}},"_links":{"self":[{"href":"https:\/\/macite.tg\/index.php?rest_route=\/wp\/v2\/posts\/22901","targetHints":{"allow":["GET"]}}],"collection":[{"href":"https:\/\/macite.tg\/index.php?rest_route=\/wp\/v2\/posts"}],"about":[{"href":"https:\/\/macite.tg\/index.php?rest_route=\/wp\/v2\/types\/post"}],"author":[{"embeddable":true,"href":"https:\/\/macite.tg\/index.php?rest_route=\/wp\/v2\/users\/2"}],"replies":[{"embeddable":true,"href":"https:\/\/macite.tg\/index.php?rest_route=%2Fwp%2Fv2%2Fcomments&post=22901"}],"version-history":[{"count":0,"href":"https:\/\/macite.tg\/index.php?rest_route=\/wp\/v2\/posts\/22901\/revisions"}],"wp:featuredmedia":[{"embeddable":true,"href":"https:\/\/macite.tg\/index.php?rest_route=\/wp\/v2\/media\/22905"}],"wp:attachment":[{"href":"https:\/\/macite.tg\/index.php?rest_route=%2Fwp%2Fv2%2Fmedia&parent=22901"}],"wp:term":[{"taxonomy":"category","embeddable":true,"href":"https:\/\/macite.tg\/index.php?rest_route=%2Fwp%2Fv2%2Fcategories&post=22901"},{"taxonomy":"post_tag","embeddable":true,"href":"https:\/\/macite.tg\/index.php?rest_route=%2Fwp%2Fv2%2Ftags&post=22901"}],"curies":[{"name":"wp","href":"https:\/\/api.w.org\/{rel}","templated":true}]}}