{"id":2290,"date":"2022-12-03T18:04:18","date_gmt":"2022-12-03T18:04:18","guid":{"rendered":"https:\/\/macite.info\/?p=2290"},"modified":"2022-12-03T18:04:19","modified_gmt":"2022-12-03T18:04:19","slug":"senegal-grosse-bagarre-a-lassemblee-nationale-mauvaise-nouvelle-pour-la-deputee-amy-ndiaye","status":"publish","type":"post","link":"https:\/\/macite.tg\/?p=2290","title":{"rendered":"S\u00c9N\u00c9GAL \/ GROSSE BAGARRE A L\u2019ASSEMBL\u00c9E NATIONALE\u00a0: Mauvaise nouvelle pour la d\u00e9put\u00e9e Amy Ndiaye"},"content":{"rendered":"\n<p class=\"wp-block-paragraph\"><strong><em>Une grosse bagarre a \u00e9clat\u00e9 hier vendredi \u00e0 l\u2019Assembl\u00e9e nationale du S\u00e9n\u00e9gal. La d\u00e9put\u00e9e de Benno Bokk Yakaar, Amy Ndiaye Gniby transport\u00e9e \u00e0 l\u2019h\u00f4pital apr\u00e8s s\u2019\u00eatre \u00e9vanouie, risque gros.<\/em><\/strong><\/p>\n\n\n<div class=\"wp-block-image\">\n<figure class=\"aligncenter size-large is-resized\"><img loading=\"lazy\" decoding=\"async\" src=\"https:\/\/macite.tg\/wp-content\/uploads\/2022\/11\/ANNONCES-1-1-1024x426.jpg\" alt=\"\" class=\"wp-image-2047\" width=\"742\" height=\"308\" srcset=\"https:\/\/macite.tg\/wp-content\/uploads\/2022\/11\/ANNONCES-1-1-1024x426.jpg 1024w, https:\/\/macite.tg\/wp-content\/uploads\/2022\/11\/ANNONCES-1-1-300x125.jpg 300w, https:\/\/macite.tg\/wp-content\/uploads\/2022\/11\/ANNONCES-1-1-768x319.jpg 768w, https:\/\/macite.tg\/wp-content\/uploads\/2022\/11\/ANNONCES-1-1.jpg 1080w\" sizes=\"auto, (max-width: 742px) 100vw, 742px\" \/><\/figure>\n<\/div>\n\n\n<p class=\"wp-block-paragraph\">&nbsp;Le monde entier a \u00e9t\u00e9 t\u00e9moin hier de la bagarre qui a \u00e9clat\u00e9 au sein de l\u2019h\u00e9micycle au S\u00e9n\u00e9gal. Apr\u00e8s un \u00e9change de coups de toute sorte, Amy Ndiaye Gniby, la d\u00e9put\u00e9e de Benno Bokk Yakaar qui s\u2019\u00e9tait retrouv\u00e9e dans la m\u00eal\u00e9e, a \u00e9t\u00e9 transport\u00e9e d\u2019urgence \u00e0 l\u2019h\u00f4pital apr\u00e8s s\u2019\u00eatre \u00e9vanoui.<\/p>\n\n\n\n<p class=\"wp-block-paragraph\">Les premiers examens, selon le Dr Malick Diop, r\u00e9v\u00e8lent qu\u2019elle \u00e9tait enceinte et que la situation \u00e9tait critique. La d\u00e9put\u00e9e de Benno Bokk Yakaar pourrait perdre sa grossesse, selon le sp\u00e9cialiste.<\/p>\n\n\n\n<p class=\"wp-block-paragraph\"><em>\u00ab&nbsp;On a constat\u00e9 qu\u2019elle est enceinte de moins de trois (03) mois et l\u2019enfant n\u2019est pas encore stable. Ensuite, on l\u2019a rapidement hospitalis\u00e9e dans la maternit\u00e9. On a vu que la situation est tr\u00e8s grave. Elle risque une fausse couche. Mais, elle est sous traitement<\/em>&nbsp;\u00bb, a confi\u00e9 le m\u00e9decin.<\/p>\n\n\n\n<p class=\"wp-block-paragraph\"><strong>JPB<\/strong><\/p>\n\n\n\n<p class=\"wp-block-paragraph\"><strong><em>@macite.info<\/em><\/strong><\/p>\n\n\n\n<p class=\"wp-block-paragraph\"><strong><em>E-mail&nbsp;: <\/em><\/strong><a href=\"mailto:maciteinfo@gmail.com\"><strong>maciteinfo@gmail.com<\/strong><\/a><strong><em>; <\/em><\/strong><a href=\"mailto:bawela1@gmail.com\"><strong>bawela1@gmail.com<\/strong><\/a><\/p>\n\n\n\n<p class=\"wp-block-paragraph\"><strong><em>Pour vos annonces, (publi)reportages, etc., joignez nous au (00228) 91515309\/<strong>79872224<\/strong><\/em><\/strong><em><\/em><\/p>\n\n\n\n<p class=\"wp-block-paragraph\"><a href=\"http:\/\/www.macite.info\"><strong>www.macite.info<\/strong><\/a><strong><em>, L\u2019information, la bonne&nbsp;!<\/em><\/strong><\/p>\n","protected":false},"excerpt":{"rendered":"<p class=\"text-justify mb-2\" >Une grosse bagarre a \u00e9clat\u00e9 hier vendredi \u00e0 l\u2019Assembl\u00e9e nationale du S\u00e9n\u00e9gal. La d\u00e9put\u00e9e de Benno Bokk Yakaar, Amy Ndiaye Gniby transport\u00e9e \u00e0 l\u2019h\u00f4pital apr\u00e8s s\u2019\u00eatre \u00e9vanouie, risque gros. &nbsp;Le monde entier a \u00e9t\u00e9 t\u00e9moin hier de la bagarre qui a \u00e9clat\u00e9 au sein de [&hellip;]<\/p>\n","protected":false},"author":2,"featured_media":2291,"comment_status":"open","ping_status":"open","sticky":false,"template":"","format":"standard","meta":{"footnotes":""},"categories":[1],"tags":[],"class_list":["post-2290","post","type-post","status-publish","format-standard","has-post-thumbnail","hentry","category-politique"],"yoast_head":"<!-- This site is optimized with the Yoast SEO plugin v28.4 - https:\/\/yoast.com\/product\/yoast-seo-wordpress\/ -->\n<title>S\u00c9N\u00c9GAL \/ GROSSE BAGARRE A L\u2019ASSEMBL\u00c9E NATIONALE\u00a0: Mauvaise nouvelle pour la d\u00e9put\u00e9e Amy Ndiaye -<\/title>\n<meta name=\"robots\" content=\"index, follow, max-snippet:-1, max-image-preview:large, max-video-preview:-1\" \/>\n<link rel=\"canonical\" href=\"https:\/\/macite.tg\/?p=2290\" \/>\n<meta property=\"og:locale\" content=\"fr_FR\" \/>\n<meta property=\"og:type\" content=\"article\" \/>\n<meta property=\"og:title\" content=\"S\u00c9N\u00c9GAL \/ GROSSE BAGARRE A L\u2019ASSEMBL\u00c9E NATIONALE\u00a0: Mauvaise nouvelle pour la d\u00e9put\u00e9e Amy Ndiaye -\" \/>\n<meta property=\"og:description\" content=\"Une grosse bagarre a \u00e9clat\u00e9 hier vendredi \u00e0 l\u2019Assembl\u00e9e nationale du S\u00e9n\u00e9gal. La d\u00e9put\u00e9e de Benno Bokk Yakaar, Amy Ndiaye Gniby transport\u00e9e \u00e0 l\u2019h\u00f4pital apr\u00e8s s\u2019\u00eatre \u00e9vanouie, risque gros. &nbsp;Le monde entier a \u00e9t\u00e9 t\u00e9moin hier de la bagarre qui a \u00e9clat\u00e9 au sein de [&hellip;]\" \/>\n<meta property=\"og:url\" content=\"https:\/\/macite.tg\/?p=2290\" \/>\n<meta property=\"article:published_time\" content=\"2022-12-03T18:04:18+00:00\" \/>\n<meta property=\"article:modified_time\" content=\"2022-12-03T18:04:19+00:00\" \/>\n<meta property=\"og:image\" content=\"https:\/\/macite.tg\/wp-content\/uploads\/2022\/12\/Bagarre-senegal.jpg\" \/>\n\t<meta property=\"og:image:width\" content=\"300\" \/>\n\t<meta property=\"og:image:height\" content=\"168\" \/>\n\t<meta property=\"og:image:type\" content=\"image\/jpeg\" \/>\n<meta name=\"author\" content=\"Jean Pierre BAWELA\" \/>\n<meta name=\"twitter:card\" content=\"summary_large_image\" \/>\n<meta name=\"twitter:label1\" content=\"\u00c9crit par\" \/>\n\t<meta name=\"twitter:data1\" content=\"Jean Pierre BAWELA\" \/>\n\t<meta name=\"twitter:label2\" content=\"Dur\u00e9e de lecture estim\u00e9e\" \/>\n\t<meta name=\"twitter:data2\" content=\"2 minutes\" \/>\n<script type=\"application\/ld+json\" class=\"yoast-schema-graph\">{\"@context\":\"https:\\\/\\\/schema.org\",\"@graph\":[{\"@type\":\"Article\",\"@id\":\"https:\\\/\\\/macite.tg\\\/?p=2290#article\",\"isPartOf\":{\"@id\":\"https:\\\/\\\/macite.tg\\\/?p=2290\"},\"author\":{\"name\":\"Jean Pierre BAWELA\",\"@id\":\"https:\\\/\\\/macite.tg\\\/#\\\/schema\\\/person\\\/e9f2de7e5dbbe7770a9402c7ce82f5c2\"},\"headline\":\"S\u00c9N\u00c9GAL \\\/ GROSSE BAGARRE A L\u2019ASSEMBL\u00c9E NATIONALE\u00a0: Mauvaise nouvelle pour la d\u00e9put\u00e9e Amy Ndiaye\",\"datePublished\":\"2022-12-03T18:04:18+00:00\",\"dateModified\":\"2022-12-03T18:04:19+00:00\",\"mainEntityOfPage\":{\"@id\":\"https:\\\/\\\/macite.tg\\\/?p=2290\"},\"wordCount\":248,\"commentCount\":0,\"image\":{\"@id\":\"https:\\\/\\\/macite.tg\\\/?p=2290#primaryimage\"},\"thumbnailUrl\":\"https:\\\/\\\/macite.tg\\\/wp-content\\\/uploads\\\/2022\\\/12\\\/Bagarre-senegal.jpg\",\"articleSection\":[\"POLITIQUE\"],\"inLanguage\":\"fr-FR\",\"potentialAction\":[{\"@type\":\"CommentAction\",\"name\":\"Comment\",\"target\":[\"https:\\\/\\\/macite.tg\\\/?p=2290#respond\"]}]},{\"@type\":\"WebPage\",\"@id\":\"https:\\\/\\\/macite.tg\\\/?p=2290\",\"url\":\"https:\\\/\\\/macite.tg\\\/?p=2290\",\"name\":\"S\u00c9N\u00c9GAL \\\/ GROSSE BAGARRE A L\u2019ASSEMBL\u00c9E NATIONALE\u00a0: Mauvaise nouvelle pour la d\u00e9put\u00e9e Amy Ndiaye -\",\"isPartOf\":{\"@id\":\"https:\\\/\\\/macite.tg\\\/#website\"},\"primaryImageOfPage\":{\"@id\":\"https:\\\/\\\/macite.tg\\\/?p=2290#primaryimage\"},\"image\":{\"@id\":\"https:\\\/\\\/macite.tg\\\/?p=2290#primaryimage\"},\"thumbnailUrl\":\"https:\\\/\\\/macite.tg\\\/wp-content\\\/uploads\\\/2022\\\/12\\\/Bagarre-senegal.jpg\",\"datePublished\":\"2022-12-03T18:04:18+00:00\",\"dateModified\":\"2022-12-03T18:04:19+00:00\",\"author\":{\"@id\":\"https:\\\/\\\/macite.tg\\\/#\\\/schema\\\/person\\\/e9f2de7e5dbbe7770a9402c7ce82f5c2\"},\"breadcrumb\":{\"@id\":\"https:\\\/\\\/macite.tg\\\/?p=2290#breadcrumb\"},\"inLanguage\":\"fr-FR\",\"potentialAction\":[{\"@type\":\"ReadAction\",\"target\":[\"https:\\\/\\\/macite.tg\\\/?p=2290\"]}]},{\"@type\":\"ImageObject\",\"inLanguage\":\"fr-FR\",\"@id\":\"https:\\\/\\\/macite.tg\\\/?p=2290#primaryimage\",\"url\":\"https:\\\/\\\/macite.tg\\\/wp-content\\\/uploads\\\/2022\\\/12\\\/Bagarre-senegal.jpg\",\"contentUrl\":\"https:\\\/\\\/macite.tg\\\/wp-content\\\/uploads\\\/2022\\\/12\\\/Bagarre-senegal.jpg\",\"width\":300,\"height\":168},{\"@type\":\"BreadcrumbList\",\"@id\":\"https:\\\/\\\/macite.tg\\\/?p=2290#breadcrumb\",\"itemListElement\":[{\"@type\":\"ListItem\",\"position\":1,\"name\":\"Accueil\",\"item\":\"https:\\\/\\\/macite.tg\\\/\"},{\"@type\":\"ListItem\",\"position\":2,\"name\":\"S\u00c9N\u00c9GAL \\\/ GROSSE BAGARRE A L\u2019ASSEMBL\u00c9E NATIONALE\u00a0: Mauvaise nouvelle pour la d\u00e9put\u00e9e Amy Ndiaye\"}]},{\"@type\":\"WebSite\",\"@id\":\"https:\\\/\\\/macite.tg\\\/#website\",\"url\":\"https:\\\/\\\/macite.tg\\\/\",\"name\":\"\",\"description\":\"L&#039;information, la bonne!!!\",\"potentialAction\":[{\"@type\":\"SearchAction\",\"target\":{\"@type\":\"EntryPoint\",\"urlTemplate\":\"https:\\\/\\\/macite.tg\\\/?s={search_term_string}\"},\"query-input\":{\"@type\":\"PropertyValueSpecification\",\"valueRequired\":true,\"valueName\":\"search_term_string\"}}],\"inLanguage\":\"fr-FR\"},{\"@type\":\"Person\",\"@id\":\"https:\\\/\\\/macite.tg\\\/#\\\/schema\\\/person\\\/e9f2de7e5dbbe7770a9402c7ce82f5c2\",\"name\":\"Jean Pierre BAWELA\",\"image\":{\"@type\":\"ImageObject\",\"inLanguage\":\"fr-FR\",\"@id\":\"https:\\\/\\\/macite.tg\\\/wp-content\\\/uploads\\\/2023\\\/09\\\/WhatsApp-Image-2023-09-19-at-14.44.41-122x122.jpeg\",\"url\":\"https:\\\/\\\/macite.tg\\\/wp-content\\\/uploads\\\/2023\\\/09\\\/WhatsApp-Image-2023-09-19-at-14.44.41-122x122.jpeg\",\"contentUrl\":\"https:\\\/\\\/macite.tg\\\/wp-content\\\/uploads\\\/2023\\\/09\\\/WhatsApp-Image-2023-09-19-at-14.44.41-122x122.jpeg\",\"caption\":\"Jean Pierre BAWELA\"},\"url\":\"https:\\\/\\\/macite.tg\\\/?author=2\"}]}<\/script>\n<!-- \/ Yoast SEO plugin. -->","yoast_head_json":{"title":"S\u00c9N\u00c9GAL \/ GROSSE BAGARRE A L\u2019ASSEMBL\u00c9E NATIONALE\u00a0: Mauvaise nouvelle pour la d\u00e9put\u00e9e Amy Ndiaye -","robots":{"index":"index","follow":"follow","max-snippet":"max-snippet:-1","max-image-preview":"max-image-preview:large","max-video-preview":"max-video-preview:-1"},"canonical":"https:\/\/macite.tg\/?p=2290","og_locale":"fr_FR","og_type":"article","og_title":"S\u00c9N\u00c9GAL \/ GROSSE BAGARRE A L\u2019ASSEMBL\u00c9E NATIONALE\u00a0: Mauvaise nouvelle pour la d\u00e9put\u00e9e Amy Ndiaye -","og_description":"Une grosse bagarre a \u00e9clat\u00e9 hier vendredi \u00e0 l\u2019Assembl\u00e9e nationale du S\u00e9n\u00e9gal. La d\u00e9put\u00e9e de Benno Bokk Yakaar, Amy Ndiaye Gniby transport\u00e9e \u00e0 l\u2019h\u00f4pital apr\u00e8s s\u2019\u00eatre \u00e9vanouie, risque gros. &nbsp;Le monde entier a \u00e9t\u00e9 t\u00e9moin hier de la bagarre qui a \u00e9clat\u00e9 au sein de [&hellip;]","og_url":"https:\/\/macite.tg\/?p=2290","article_published_time":"2022-12-03T18:04:18+00:00","article_modified_time":"2022-12-03T18:04:19+00:00","og_image":[{"width":300,"height":168,"url":"https:\/\/macite.tg\/wp-content\/uploads\/2022\/12\/Bagarre-senegal.jpg","type":"image\/jpeg"}],"author":"Jean Pierre BAWELA","twitter_card":"summary_large_image","twitter_misc":{"\u00c9crit par":"Jean Pierre BAWELA","Dur\u00e9e de lecture estim\u00e9e":"2 minutes"},"schema":{"@context":"https:\/\/schema.org","@graph":[{"@type":"Article","@id":"https:\/\/macite.tg\/?p=2290#article","isPartOf":{"@id":"https:\/\/macite.tg\/?p=2290"},"author":{"name":"Jean Pierre BAWELA","@id":"https:\/\/macite.tg\/#\/schema\/person\/e9f2de7e5dbbe7770a9402c7ce82f5c2"},"headline":"S\u00c9N\u00c9GAL \/ GROSSE BAGARRE A L\u2019ASSEMBL\u00c9E NATIONALE\u00a0: Mauvaise nouvelle pour la d\u00e9put\u00e9e Amy Ndiaye","datePublished":"2022-12-03T18:04:18+00:00","dateModified":"2022-12-03T18:04:19+00:00","mainEntityOfPage":{"@id":"https:\/\/macite.tg\/?p=2290"},"wordCount":248,"commentCount":0,"image":{"@id":"https:\/\/macite.tg\/?p=2290#primaryimage"},"thumbnailUrl":"https:\/\/macite.tg\/wp-content\/uploads\/2022\/12\/Bagarre-senegal.jpg","articleSection":["POLITIQUE"],"inLanguage":"fr-FR","potentialAction":[{"@type":"CommentAction","name":"Comment","target":["https:\/\/macite.tg\/?p=2290#respond"]}]},{"@type":"WebPage","@id":"https:\/\/macite.tg\/?p=2290","url":"https:\/\/macite.tg\/?p=2290","name":"S\u00c9N\u00c9GAL \/ GROSSE BAGARRE A L\u2019ASSEMBL\u00c9E NATIONALE\u00a0: Mauvaise nouvelle pour la d\u00e9put\u00e9e Amy Ndiaye -","isPartOf":{"@id":"https:\/\/macite.tg\/#website"},"primaryImageOfPage":{"@id":"https:\/\/macite.tg\/?p=2290#primaryimage"},"image":{"@id":"https:\/\/macite.tg\/?p=2290#primaryimage"},"thumbnailUrl":"https:\/\/macite.tg\/wp-content\/uploads\/2022\/12\/Bagarre-senegal.jpg","datePublished":"2022-12-03T18:04:18+00:00","dateModified":"2022-12-03T18:04:19+00:00","author":{"@id":"https:\/\/macite.tg\/#\/schema\/person\/e9f2de7e5dbbe7770a9402c7ce82f5c2"},"breadcrumb":{"@id":"https:\/\/macite.tg\/?p=2290#breadcrumb"},"inLanguage":"fr-FR","potentialAction":[{"@type":"ReadAction","target":["https:\/\/macite.tg\/?p=2290"]}]},{"@type":"ImageObject","inLanguage":"fr-FR","@id":"https:\/\/macite.tg\/?p=2290#primaryimage","url":"https:\/\/macite.tg\/wp-content\/uploads\/2022\/12\/Bagarre-senegal.jpg","contentUrl":"https:\/\/macite.tg\/wp-content\/uploads\/2022\/12\/Bagarre-senegal.jpg","width":300,"height":168},{"@type":"BreadcrumbList","@id":"https:\/\/macite.tg\/?p=2290#breadcrumb","itemListElement":[{"@type":"ListItem","position":1,"name":"Accueil","item":"https:\/\/macite.tg\/"},{"@type":"ListItem","position":2,"name":"S\u00c9N\u00c9GAL \/ GROSSE BAGARRE A L\u2019ASSEMBL\u00c9E NATIONALE\u00a0: Mauvaise nouvelle pour la d\u00e9put\u00e9e Amy Ndiaye"}]},{"@type":"WebSite","@id":"https:\/\/macite.tg\/#website","url":"https:\/\/macite.tg\/","name":"","description":"L&#039;information, la bonne!!!","potentialAction":[{"@type":"SearchAction","target":{"@type":"EntryPoint","urlTemplate":"https:\/\/macite.tg\/?s={search_term_string}"},"query-input":{"@type":"PropertyValueSpecification","valueRequired":true,"valueName":"search_term_string"}}],"inLanguage":"fr-FR"},{"@type":"Person","@id":"https:\/\/macite.tg\/#\/schema\/person\/e9f2de7e5dbbe7770a9402c7ce82f5c2","name":"Jean Pierre BAWELA","image":{"@type":"ImageObject","inLanguage":"fr-FR","@id":"https:\/\/macite.tg\/wp-content\/uploads\/2023\/09\/WhatsApp-Image-2023-09-19-at-14.44.41-122x122.jpeg","url":"https:\/\/macite.tg\/wp-content\/uploads\/2023\/09\/WhatsApp-Image-2023-09-19-at-14.44.41-122x122.jpeg","contentUrl":"https:\/\/macite.tg\/wp-content\/uploads\/2023\/09\/WhatsApp-Image-2023-09-19-at-14.44.41-122x122.jpeg","caption":"Jean Pierre BAWELA"},"url":"https:\/\/macite.tg\/?author=2"}]}},"_links":{"self":[{"href":"https:\/\/macite.tg\/index.php?rest_route=\/wp\/v2\/posts\/2290","targetHints":{"allow":["GET"]}}],"collection":[{"href":"https:\/\/macite.tg\/index.php?rest_route=\/wp\/v2\/posts"}],"about":[{"href":"https:\/\/macite.tg\/index.php?rest_route=\/wp\/v2\/types\/post"}],"author":[{"embeddable":true,"href":"https:\/\/macite.tg\/index.php?rest_route=\/wp\/v2\/users\/2"}],"replies":[{"embeddable":true,"href":"https:\/\/macite.tg\/index.php?rest_route=%2Fwp%2Fv2%2Fcomments&post=2290"}],"version-history":[{"count":0,"href":"https:\/\/macite.tg\/index.php?rest_route=\/wp\/v2\/posts\/2290\/revisions"}],"wp:featuredmedia":[{"embeddable":true,"href":"https:\/\/macite.tg\/index.php?rest_route=\/wp\/v2\/media\/2291"}],"wp:attachment":[{"href":"https:\/\/macite.tg\/index.php?rest_route=%2Fwp%2Fv2%2Fmedia&parent=2290"}],"wp:term":[{"taxonomy":"category","embeddable":true,"href":"https:\/\/macite.tg\/index.php?rest_route=%2Fwp%2Fv2%2Fcategories&post=2290"},{"taxonomy":"post_tag","embeddable":true,"href":"https:\/\/macite.tg\/index.php?rest_route=%2Fwp%2Fv2%2Ftags&post=2290"}],"curies":[{"name":"wp","href":"https:\/\/api.w.org\/{rel}","templated":true}]}}