{"id":22893,"date":"2025-06-19T16:56:44","date_gmt":"2025-06-19T16:56:44","guid":{"rendered":"https:\/\/macite.tg\/?p=22893"},"modified":"2025-06-19T17:01:44","modified_gmt":"2025-06-19T17:01:44","slug":"transit-la-demande-du-laissez-passer-des-vehicules-dimmatriculation-etrangere-desormais-effective-en-ligne","status":"publish","type":"post","link":"https:\/\/macite.tg\/?p=22893","title":{"rendered":"TRANSIT : La demande du laissez-passer des v\u00e9hicules d\u2019immatriculation \u00e9trang\u00e8re d\u00e9sormais effective en ligne"},"content":{"rendered":"\n<p class=\"wp-block-paragraph\"><strong><em>D\u00e9sormais, les v\u00e9hicules d\u2019immatriculation \u00e9trang\u00e8re en transit, devront obtenir leur laissez-passer via une application num\u00e9rique d\u00e9di\u00e9e&nbsp;: <a href=\"https:\/\/lpv.otr.tg\">https:\/\/lpv.otr.tg<\/a>.<\/em><\/strong><\/p>\n\n\n\n<p class=\"wp-block-paragraph\">Annonc\u00e9e il y a plus d\u2019une semaine, la plateforme de gestion du laissez-passer des v\u00e9hicules d\u2019immatriculation \u00e9trang\u00e8re entrant sur le sol togolais, est d\u00e9j\u00e0 op\u00e9rationnelle. Ce portail, faut-il le rappeler, permet aux usagers d\u2019introduire leurs requ\u00eates de mani\u00e8re autonome, rapide et s\u00e9curis\u00e9e, avant m\u00eame leur arriv\u00e9e au poste-fronti\u00e8re.<\/p>\n\n\n<div class=\"wp-block-image\">\n<figure class=\"aligncenter size-full is-resized\"><img loading=\"lazy\" decoding=\"async\" width=\"690\" height=\"170\" src=\"https:\/\/macite.tg\/wp-content\/uploads\/2025\/06\/OTR_TVM.jpg\" alt=\"\" class=\"wp-image-22811\" style=\"width:788px;height:auto\" srcset=\"https:\/\/macite.tg\/wp-content\/uploads\/2025\/06\/OTR_TVM.jpg 690w, https:\/\/macite.tg\/wp-content\/uploads\/2025\/06\/OTR_TVM-300x74.jpg 300w\" sizes=\"auto, (max-width: 690px) 100vw, 690px\" \/><\/figure>\n<\/div>\n\n\n<p class=\"wp-block-paragraph\"><em>\u00ab&nbsp;D\u00e9sormais, toutes les demandes de laissez-passer pour les v\u00e9hicules d\u2019immatriculation \u00e9trang\u00e8re entrant au Togo doivent \u00eatre faites en ligne sur la plateforme <a href=\"https:\/\/lpv.otr.tg\">https:\/\/lpv.otr.tg<\/a>&nbsp;\u00bb,<\/em> informe l\u2019Office Togolais des Recettes (OTR, via un communiqu\u00e9 en date du 13 juin 2025.<\/p>\n\n\n\n<p class=\"wp-block-paragraph\">Tout en rappelant que cette mesure est entr\u00e9e <em>\u00ab&nbsp;en vigueur \u00e0 compter du 16 juin 2025&nbsp;\u00bb,<\/em> l\u2019administration fiscale&nbsp;invite tous les partenaires concern\u00e9s \u00e0 <em>\u00ab&nbsp;prendre les dispositions n\u00e9cessaires pour assurer l\u2019application effective de cette mesure&nbsp;\u00bb.<\/em><\/p>\n\n\n<div class=\"wp-block-image\">\n<figure class=\"aligncenter size-full is-resized\"><img loading=\"lazy\" decoding=\"async\" width=\"500\" height=\"304\" src=\"https:\/\/macite.tg\/wp-content\/uploads\/2025\/06\/OTR_SAM.jpg\" alt=\"\" class=\"wp-image-22889\" style=\"width:840px;height:auto\" srcset=\"https:\/\/macite.tg\/wp-content\/uploads\/2025\/06\/OTR_SAM.jpg 500w, https:\/\/macite.tg\/wp-content\/uploads\/2025\/06\/OTR_SAM-300x182.jpg 300w\" sizes=\"auto, (max-width: 500px) 100vw, 500px\" \/><\/figure>\n<\/div>\n\n\n<p class=\"wp-block-paragraph\">Le fisc, pour finir, dit compter sur&nbsp;<em>\u00ab&nbsp;la collaboration&nbsp;\u00bb<\/em> de tous pour un respect scrupuleux&nbsp;de cette mesure et appelle les acteurs du secteur \u00e0 s\u2019approprier pleinement cette nouvelle solution technologique, qui est un&nbsp;progr\u00e8s significatif vers <em>\u00ab&nbsp;une administration plus efficace et plus transparente&nbsp;\u00bb.<\/em><\/p>\n\n\n<div class=\"wp-block-image\">\n<figure class=\"aligncenter size-large is-resized\"><img loading=\"lazy\" decoding=\"async\" width=\"729\" height=\"1024\" src=\"https:\/\/macite.tg\/wp-content\/uploads\/2025\/06\/image-70-729x1024.png\" alt=\"\" class=\"wp-image-22896\" style=\"width:609px;height:auto\" srcset=\"https:\/\/macite.tg\/wp-content\/uploads\/2025\/06\/image-70-729x1024.png 729w, https:\/\/macite.tg\/wp-content\/uploads\/2025\/06\/image-70-213x300.png 213w, https:\/\/macite.tg\/wp-content\/uploads\/2025\/06\/image-70-768x1079.png 768w, https:\/\/macite.tg\/wp-content\/uploads\/2025\/06\/image-70-1093x1536.png 1093w, https:\/\/macite.tg\/wp-content\/uploads\/2025\/06\/image-70.png 1174w\" sizes=\"auto, (max-width: 729px) 100vw, 729px\" \/><\/figure>\n<\/div>\n\n\n<p class=\"wp-block-paragraph\"><strong>JPB<\/strong><\/p>\n\n\n\n<p class=\"wp-block-paragraph\"><a><strong><em>@macite.tg&nbsp;&nbsp;&nbsp;&nbsp;&nbsp;&nbsp;&nbsp;&nbsp;<\/em><\/strong><\/a><\/p>\n\n\n\n<p class=\"wp-block-paragraph\"><strong><em>E-mail&nbsp;: <\/em><\/strong><a href=\"mailto:maciteinfo@gmail.com\"><strong><em>maciteinfo@gmail.com<\/em><\/strong><\/a><strong><em>; <\/em><\/strong><a href=\"mailto:bawela1@gmail.com\"><strong><em>bawela1@gmail.com<\/em><\/strong><\/a><strong><em><\/em><\/strong><\/p>\n\n\n\n<p class=\"wp-block-paragraph\"><strong><em>Pour vos annonces, (publi)reportages, etc., joignez-nous au (00228)91515309\/<strong>79872224 <\/strong>www.macite.tg, L\u2019information, la bonne&nbsp;!<\/em><\/strong><\/p>\n\n\n\n<p class=\"wp-block-paragraph\"><\/p>\n","protected":false},"excerpt":{"rendered":"<p class=\"text-justify mb-2\" >D\u00e9sormais, les v\u00e9hicules d\u2019immatriculation \u00e9trang\u00e8re en transit, devront obtenir leur laissez-passer via une application num\u00e9rique d\u00e9di\u00e9e&nbsp;: https:\/\/lpv.otr.tg. Annonc\u00e9e il y a plus d\u2019une semaine, la plateforme de gestion du laissez-passer des v\u00e9hicules d\u2019immatriculation \u00e9trang\u00e8re entrant sur le sol togolais, est d\u00e9j\u00e0 op\u00e9rationnelle. Ce portail, faut-il [&hellip;]<\/p>\n","protected":false},"author":2,"featured_media":22898,"comment_status":"open","ping_status":"open","sticky":false,"template":"","format":"standard","meta":{"footnotes":""},"categories":[20,41],"tags":[],"class_list":["post-22893","post","type-post","status-publish","format-standard","has-post-thumbnail","hentry","category-actualite","category-transports"],"yoast_head":"<!-- This site is optimized with the Yoast SEO plugin v28.4 - https:\/\/yoast.com\/product\/yoast-seo-wordpress\/ -->\n<title>TRANSIT : La demande du laissez-passer des v\u00e9hicules d\u2019immatriculation \u00e9trang\u00e8re d\u00e9sormais effective en ligne -<\/title>\n<meta name=\"robots\" content=\"index, follow, max-snippet:-1, max-image-preview:large, max-video-preview:-1\" \/>\n<link rel=\"canonical\" href=\"https:\/\/macite.tg\/?p=22893\" \/>\n<meta property=\"og:locale\" content=\"fr_FR\" \/>\n<meta property=\"og:type\" content=\"article\" \/>\n<meta property=\"og:title\" content=\"TRANSIT : La demande du laissez-passer des v\u00e9hicules d\u2019immatriculation \u00e9trang\u00e8re d\u00e9sormais effective en ligne -\" \/>\n<meta property=\"og:description\" content=\"D\u00e9sormais, les v\u00e9hicules d\u2019immatriculation \u00e9trang\u00e8re en transit, devront obtenir leur laissez-passer via une application num\u00e9rique d\u00e9di\u00e9e&nbsp;: https:\/\/lpv.otr.tg. Annonc\u00e9e il y a plus d\u2019une semaine, la plateforme de gestion du laissez-passer des v\u00e9hicules d\u2019immatriculation \u00e9trang\u00e8re entrant sur le sol togolais, est d\u00e9j\u00e0 op\u00e9rationnelle. Ce portail, faut-il [&hellip;]\" \/>\n<meta property=\"og:url\" content=\"https:\/\/macite.tg\/?p=22893\" \/>\n<meta property=\"article:published_time\" content=\"2025-06-19T16:56:44+00:00\" \/>\n<meta property=\"article:modified_time\" content=\"2025-06-19T17:01:44+00:00\" \/>\n<meta property=\"og:image\" content=\"https:\/\/macite.tg\/wp-content\/uploads\/2025\/06\/Laissez-passer-1.jpg\" \/>\n\t<meta property=\"og:image:width\" content=\"500\" \/>\n\t<meta property=\"og:image:height\" content=\"110\" \/>\n\t<meta property=\"og:image:type\" content=\"image\/jpeg\" \/>\n<meta name=\"author\" content=\"Jean Pierre BAWELA\" \/>\n<meta name=\"twitter:card\" content=\"summary_large_image\" \/>\n<meta name=\"twitter:label1\" content=\"\u00c9crit par\" \/>\n\t<meta name=\"twitter:data1\" content=\"Jean Pierre BAWELA\" \/>\n\t<meta name=\"twitter:label2\" content=\"Dur\u00e9e de lecture estim\u00e9e\" \/>\n\t<meta name=\"twitter:data2\" content=\"2 minutes\" \/>\n<script type=\"application\/ld+json\" class=\"yoast-schema-graph\">{\"@context\":\"https:\\\/\\\/schema.org\",\"@graph\":[{\"@type\":\"Article\",\"@id\":\"https:\\\/\\\/macite.tg\\\/?p=22893#article\",\"isPartOf\":{\"@id\":\"https:\\\/\\\/macite.tg\\\/?p=22893\"},\"author\":{\"name\":\"Jean Pierre BAWELA\",\"@id\":\"https:\\\/\\\/macite.tg\\\/#\\\/schema\\\/person\\\/e9f2de7e5dbbe7770a9402c7ce82f5c2\"},\"headline\":\"TRANSIT : La demande du laissez-passer des v\u00e9hicules d\u2019immatriculation \u00e9trang\u00e8re d\u00e9sormais effective en ligne\",\"datePublished\":\"2025-06-19T16:56:44+00:00\",\"dateModified\":\"2025-06-19T17:01:44+00:00\",\"mainEntityOfPage\":{\"@id\":\"https:\\\/\\\/macite.tg\\\/?p=22893\"},\"wordCount\":282,\"commentCount\":0,\"image\":{\"@id\":\"https:\\\/\\\/macite.tg\\\/?p=22893#primaryimage\"},\"thumbnailUrl\":\"https:\\\/\\\/macite.tg\\\/wp-content\\\/uploads\\\/2025\\\/06\\\/Laissez-passer-1.jpg\",\"articleSection\":[\"ACTUALITE\",\"TRANSPORTS\"],\"inLanguage\":\"fr-FR\",\"potentialAction\":[{\"@type\":\"CommentAction\",\"name\":\"Comment\",\"target\":[\"https:\\\/\\\/macite.tg\\\/?p=22893#respond\"]}]},{\"@type\":\"WebPage\",\"@id\":\"https:\\\/\\\/macite.tg\\\/?p=22893\",\"url\":\"https:\\\/\\\/macite.tg\\\/?p=22893\",\"name\":\"TRANSIT : La demande du laissez-passer des v\u00e9hicules d\u2019immatriculation \u00e9trang\u00e8re d\u00e9sormais effective en ligne -\",\"isPartOf\":{\"@id\":\"https:\\\/\\\/macite.tg\\\/#website\"},\"primaryImageOfPage\":{\"@id\":\"https:\\\/\\\/macite.tg\\\/?p=22893#primaryimage\"},\"image\":{\"@id\":\"https:\\\/\\\/macite.tg\\\/?p=22893#primaryimage\"},\"thumbnailUrl\":\"https:\\\/\\\/macite.tg\\\/wp-content\\\/uploads\\\/2025\\\/06\\\/Laissez-passer-1.jpg\",\"datePublished\":\"2025-06-19T16:56:44+00:00\",\"dateModified\":\"2025-06-19T17:01:44+00:00\",\"author\":{\"@id\":\"https:\\\/\\\/macite.tg\\\/#\\\/schema\\\/person\\\/e9f2de7e5dbbe7770a9402c7ce82f5c2\"},\"breadcrumb\":{\"@id\":\"https:\\\/\\\/macite.tg\\\/?p=22893#breadcrumb\"},\"inLanguage\":\"fr-FR\",\"potentialAction\":[{\"@type\":\"ReadAction\",\"target\":[\"https:\\\/\\\/macite.tg\\\/?p=22893\"]}]},{\"@type\":\"ImageObject\",\"inLanguage\":\"fr-FR\",\"@id\":\"https:\\\/\\\/macite.tg\\\/?p=22893#primaryimage\",\"url\":\"https:\\\/\\\/macite.tg\\\/wp-content\\\/uploads\\\/2025\\\/06\\\/Laissez-passer-1.jpg\",\"contentUrl\":\"https:\\\/\\\/macite.tg\\\/wp-content\\\/uploads\\\/2025\\\/06\\\/Laissez-passer-1.jpg\",\"width\":500,\"height\":110},{\"@type\":\"BreadcrumbList\",\"@id\":\"https:\\\/\\\/macite.tg\\\/?p=22893#breadcrumb\",\"itemListElement\":[{\"@type\":\"ListItem\",\"position\":1,\"name\":\"Accueil\",\"item\":\"https:\\\/\\\/macite.tg\\\/\"},{\"@type\":\"ListItem\",\"position\":2,\"name\":\"TRANSIT : La demande du laissez-passer des v\u00e9hicules d\u2019immatriculation \u00e9trang\u00e8re d\u00e9sormais effective en ligne\"}]},{\"@type\":\"WebSite\",\"@id\":\"https:\\\/\\\/macite.tg\\\/#website\",\"url\":\"https:\\\/\\\/macite.tg\\\/\",\"name\":\"\",\"description\":\"L&#039;information, la bonne!!!\",\"potentialAction\":[{\"@type\":\"SearchAction\",\"target\":{\"@type\":\"EntryPoint\",\"urlTemplate\":\"https:\\\/\\\/macite.tg\\\/?s={search_term_string}\"},\"query-input\":{\"@type\":\"PropertyValueSpecification\",\"valueRequired\":true,\"valueName\":\"search_term_string\"}}],\"inLanguage\":\"fr-FR\"},{\"@type\":\"Person\",\"@id\":\"https:\\\/\\\/macite.tg\\\/#\\\/schema\\\/person\\\/e9f2de7e5dbbe7770a9402c7ce82f5c2\",\"name\":\"Jean Pierre BAWELA\",\"image\":{\"@type\":\"ImageObject\",\"inLanguage\":\"fr-FR\",\"@id\":\"https:\\\/\\\/macite.tg\\\/wp-content\\\/uploads\\\/2023\\\/09\\\/WhatsApp-Image-2023-09-19-at-14.44.41-122x122.jpeg\",\"url\":\"https:\\\/\\\/macite.tg\\\/wp-content\\\/uploads\\\/2023\\\/09\\\/WhatsApp-Image-2023-09-19-at-14.44.41-122x122.jpeg\",\"contentUrl\":\"https:\\\/\\\/macite.tg\\\/wp-content\\\/uploads\\\/2023\\\/09\\\/WhatsApp-Image-2023-09-19-at-14.44.41-122x122.jpeg\",\"caption\":\"Jean Pierre BAWELA\"},\"url\":\"https:\\\/\\\/macite.tg\\\/?author=2\"}]}<\/script>\n<!-- \/ Yoast SEO plugin. -->","yoast_head_json":{"title":"TRANSIT : La demande du laissez-passer des v\u00e9hicules d\u2019immatriculation \u00e9trang\u00e8re d\u00e9sormais effective en ligne -","robots":{"index":"index","follow":"follow","max-snippet":"max-snippet:-1","max-image-preview":"max-image-preview:large","max-video-preview":"max-video-preview:-1"},"canonical":"https:\/\/macite.tg\/?p=22893","og_locale":"fr_FR","og_type":"article","og_title":"TRANSIT : La demande du laissez-passer des v\u00e9hicules d\u2019immatriculation \u00e9trang\u00e8re d\u00e9sormais effective en ligne -","og_description":"D\u00e9sormais, les v\u00e9hicules d\u2019immatriculation \u00e9trang\u00e8re en transit, devront obtenir leur laissez-passer via une application num\u00e9rique d\u00e9di\u00e9e&nbsp;: https:\/\/lpv.otr.tg. Annonc\u00e9e il y a plus d\u2019une semaine, la plateforme de gestion du laissez-passer des v\u00e9hicules d\u2019immatriculation \u00e9trang\u00e8re entrant sur le sol togolais, est d\u00e9j\u00e0 op\u00e9rationnelle. Ce portail, faut-il [&hellip;]","og_url":"https:\/\/macite.tg\/?p=22893","article_published_time":"2025-06-19T16:56:44+00:00","article_modified_time":"2025-06-19T17:01:44+00:00","og_image":[{"width":500,"height":110,"url":"https:\/\/macite.tg\/wp-content\/uploads\/2025\/06\/Laissez-passer-1.jpg","type":"image\/jpeg"}],"author":"Jean Pierre BAWELA","twitter_card":"summary_large_image","twitter_misc":{"\u00c9crit par":"Jean Pierre BAWELA","Dur\u00e9e de lecture estim\u00e9e":"2 minutes"},"schema":{"@context":"https:\/\/schema.org","@graph":[{"@type":"Article","@id":"https:\/\/macite.tg\/?p=22893#article","isPartOf":{"@id":"https:\/\/macite.tg\/?p=22893"},"author":{"name":"Jean Pierre BAWELA","@id":"https:\/\/macite.tg\/#\/schema\/person\/e9f2de7e5dbbe7770a9402c7ce82f5c2"},"headline":"TRANSIT : La demande du laissez-passer des v\u00e9hicules d\u2019immatriculation \u00e9trang\u00e8re d\u00e9sormais effective en ligne","datePublished":"2025-06-19T16:56:44+00:00","dateModified":"2025-06-19T17:01:44+00:00","mainEntityOfPage":{"@id":"https:\/\/macite.tg\/?p=22893"},"wordCount":282,"commentCount":0,"image":{"@id":"https:\/\/macite.tg\/?p=22893#primaryimage"},"thumbnailUrl":"https:\/\/macite.tg\/wp-content\/uploads\/2025\/06\/Laissez-passer-1.jpg","articleSection":["ACTUALITE","TRANSPORTS"],"inLanguage":"fr-FR","potentialAction":[{"@type":"CommentAction","name":"Comment","target":["https:\/\/macite.tg\/?p=22893#respond"]}]},{"@type":"WebPage","@id":"https:\/\/macite.tg\/?p=22893","url":"https:\/\/macite.tg\/?p=22893","name":"TRANSIT : La demande du laissez-passer des v\u00e9hicules d\u2019immatriculation \u00e9trang\u00e8re d\u00e9sormais effective en ligne -","isPartOf":{"@id":"https:\/\/macite.tg\/#website"},"primaryImageOfPage":{"@id":"https:\/\/macite.tg\/?p=22893#primaryimage"},"image":{"@id":"https:\/\/macite.tg\/?p=22893#primaryimage"},"thumbnailUrl":"https:\/\/macite.tg\/wp-content\/uploads\/2025\/06\/Laissez-passer-1.jpg","datePublished":"2025-06-19T16:56:44+00:00","dateModified":"2025-06-19T17:01:44+00:00","author":{"@id":"https:\/\/macite.tg\/#\/schema\/person\/e9f2de7e5dbbe7770a9402c7ce82f5c2"},"breadcrumb":{"@id":"https:\/\/macite.tg\/?p=22893#breadcrumb"},"inLanguage":"fr-FR","potentialAction":[{"@type":"ReadAction","target":["https:\/\/macite.tg\/?p=22893"]}]},{"@type":"ImageObject","inLanguage":"fr-FR","@id":"https:\/\/macite.tg\/?p=22893#primaryimage","url":"https:\/\/macite.tg\/wp-content\/uploads\/2025\/06\/Laissez-passer-1.jpg","contentUrl":"https:\/\/macite.tg\/wp-content\/uploads\/2025\/06\/Laissez-passer-1.jpg","width":500,"height":110},{"@type":"BreadcrumbList","@id":"https:\/\/macite.tg\/?p=22893#breadcrumb","itemListElement":[{"@type":"ListItem","position":1,"name":"Accueil","item":"https:\/\/macite.tg\/"},{"@type":"ListItem","position":2,"name":"TRANSIT : La demande du laissez-passer des v\u00e9hicules d\u2019immatriculation \u00e9trang\u00e8re d\u00e9sormais effective en ligne"}]},{"@type":"WebSite","@id":"https:\/\/macite.tg\/#website","url":"https:\/\/macite.tg\/","name":"","description":"L&#039;information, la bonne!!!","potentialAction":[{"@type":"SearchAction","target":{"@type":"EntryPoint","urlTemplate":"https:\/\/macite.tg\/?s={search_term_string}"},"query-input":{"@type":"PropertyValueSpecification","valueRequired":true,"valueName":"search_term_string"}}],"inLanguage":"fr-FR"},{"@type":"Person","@id":"https:\/\/macite.tg\/#\/schema\/person\/e9f2de7e5dbbe7770a9402c7ce82f5c2","name":"Jean Pierre BAWELA","image":{"@type":"ImageObject","inLanguage":"fr-FR","@id":"https:\/\/macite.tg\/wp-content\/uploads\/2023\/09\/WhatsApp-Image-2023-09-19-at-14.44.41-122x122.jpeg","url":"https:\/\/macite.tg\/wp-content\/uploads\/2023\/09\/WhatsApp-Image-2023-09-19-at-14.44.41-122x122.jpeg","contentUrl":"https:\/\/macite.tg\/wp-content\/uploads\/2023\/09\/WhatsApp-Image-2023-09-19-at-14.44.41-122x122.jpeg","caption":"Jean Pierre BAWELA"},"url":"https:\/\/macite.tg\/?author=2"}]}},"_links":{"self":[{"href":"https:\/\/macite.tg\/index.php?rest_route=\/wp\/v2\/posts\/22893","targetHints":{"allow":["GET"]}}],"collection":[{"href":"https:\/\/macite.tg\/index.php?rest_route=\/wp\/v2\/posts"}],"about":[{"href":"https:\/\/macite.tg\/index.php?rest_route=\/wp\/v2\/types\/post"}],"author":[{"embeddable":true,"href":"https:\/\/macite.tg\/index.php?rest_route=\/wp\/v2\/users\/2"}],"replies":[{"embeddable":true,"href":"https:\/\/macite.tg\/index.php?rest_route=%2Fwp%2Fv2%2Fcomments&post=22893"}],"version-history":[{"count":0,"href":"https:\/\/macite.tg\/index.php?rest_route=\/wp\/v2\/posts\/22893\/revisions"}],"wp:featuredmedia":[{"embeddable":true,"href":"https:\/\/macite.tg\/index.php?rest_route=\/wp\/v2\/media\/22898"}],"wp:attachment":[{"href":"https:\/\/macite.tg\/index.php?rest_route=%2Fwp%2Fv2%2Fmedia&parent=22893"}],"wp:term":[{"taxonomy":"category","embeddable":true,"href":"https:\/\/macite.tg\/index.php?rest_route=%2Fwp%2Fv2%2Fcategories&post=22893"},{"taxonomy":"post_tag","embeddable":true,"href":"https:\/\/macite.tg\/index.php?rest_route=%2Fwp%2Fv2%2Ftags&post=22893"}],"curies":[{"name":"wp","href":"https:\/\/api.w.org\/{rel}","templated":true}]}}