{"id":22878,"date":"2025-06-19T12:13:20","date_gmt":"2025-06-19T12:13:20","guid":{"rendered":"https:\/\/macite.tg\/?p=22878"},"modified":"2025-06-19T12:13:25","modified_gmt":"2025-06-19T12:13:25","slug":"assassinat-de-lumumba-un-ancien-diplomate-belge-bientot-devant-la-justice","status":"publish","type":"post","link":"https:\/\/macite.tg\/?p=22878","title":{"rendered":"ASSASSINAT DE LUMUMBA : Un ancien diplomate belge bient\u00f4t devant la justice"},"content":{"rendered":"\n<p class=\"wp-block-paragraph\"><strong><em>En Belgique, le parquet demande le renvoi de l\u2019ancien diplomate \u00c9tienne Davignon devant un tribunal correctionnel pour les faits qui co\u00fbt\u00e8rent la vie \u00e0 Patrice Lumumba le 17 janvier 1961. Il est soup\u00e7onn\u00e9 de \u00ab participation \u00e0 des crimes de guerre \u00bb, des faits imprescriptibles.<\/em><\/strong><em><\/em><\/p>\n\n\n\n<p class=\"wp-block-paragraph\">64 ans apr\u00e8s l\u2019assassinat de&nbsp;<a href=\"https:\/\/www.jeuneafrique.com\/personnalites\/patrice-emery-lumumba\/?utm_source=microsoft&amp;utm_medium=feeds&amp;utm_campaign=feeds-microsoft-v1\" target=\"_blank\" rel=\"noreferrer noopener\">Patrice Emery Lumumba<\/a>&nbsp;par des s\u00e9paratistes katangais, la m\u00e9moire de l\u2019ancien chef de gouvernement congolais ne manque jamais de hanter l\u2019actualit\u00e9. Les derni\u00e8res ann\u00e9es ont \u00e9t\u00e9 marqu\u00e9es par la gestion des restes rares de la d\u00e9pouille d\u00e9coup\u00e9e et dissoute du h\u00e9ros anticolonialiste, du retour d\u2019une dent en or&nbsp;\u00e0 la r\u00e9cente profanation du mausol\u00e9e \u00e9rig\u00e9 en hommage au disparu.<\/p>\n\n\n\n<p class=\"wp-block-paragraph\">Sur le plan politique, le gouvernement belge pr\u00e9senta, en 2022, des excuses&nbsp;pour la mani\u00e8re dont le royaume avait pes\u00e9 sur la d\u00e9cision de mettre fin aux jours du Premier ministre du Congo ind\u00e9pendant.<\/p>\n\n\n<div class=\"wp-block-image\">\n<figure class=\"aligncenter size-full\"><img loading=\"lazy\" decoding=\"async\" width=\"851\" height=\"315\" src=\"https:\/\/macite.tg\/wp-content\/uploads\/2025\/06\/OTR_Ferer-pour-batir-1-1.jpg\" alt=\"\" class=\"wp-image-22873\" srcset=\"https:\/\/macite.tg\/wp-content\/uploads\/2025\/06\/OTR_Ferer-pour-batir-1-1.jpg 851w, https:\/\/macite.tg\/wp-content\/uploads\/2025\/06\/OTR_Ferer-pour-batir-1-1-300x111.jpg 300w, https:\/\/macite.tg\/wp-content\/uploads\/2025\/06\/OTR_Ferer-pour-batir-1-1-768x284.jpg 768w\" sizes=\"auto, (max-width: 851px) 100vw, 851px\" \/><\/figure>\n<\/div>\n\n\n<p class=\"wp-block-paragraph\">Sur le plan \u2013 plus complexe \u2013 de la justice, au regard des d\u00e9cennies qui fl\u00e9trissent les corps et les m\u00e9moires des acteurs de l\u2019\u00e9poque, les tribunaux belges suivent leur traditionnel train de s\u00e9nateur, sans que cela ne signifie un enlisement d\u00e9finitif.<\/p>\n\n\n\n<p class=\"wp-block-paragraph\">En 2022, les tenants du dossier d\u2019instruction recevaient les deux cents classeurs d\u2019une commission d\u2019enqu\u00eate parlementaire de 2000-2001. De quoi boucler aujourd\u2019hui une enqu\u00eate p\u00e9nale ouverte il y a plus d\u2019une d\u00e9cennie, \u00e0 la suite d\u2019une plainte d\u00e9pos\u00e9e en 2011 par la famille Lumumba. Et voil\u00e0 le parquet f\u00e9d\u00e9ral qui r\u00e9clame un proc\u00e8s devant le tribunal&nbsp;correctionnel pour <em>\u00ab&nbsp;participation aux crimes de guerre&nbsp;\u00bb.<\/em><\/p>\n\n\n\n<p class=\"wp-block-paragraph\"><strong>Responsabilit\u00e9 morale<\/strong><\/p>\n\n\n\n<p class=\"wp-block-paragraph\">Les faits reproch\u00e9s aux acteurs belges \u2013 dont l\u2019histoire a d\u00e9j\u00e0 d\u00e9montr\u00e9 qu\u2019ils n\u2019\u00e9taient pas les ex\u00e9cuteurs&nbsp;sont plus pr\u00e9cis\u00e9ment la d\u00e9tention et le transfert illicites d\u2019un prisonnier de guerre, la privation du droit d\u2019\u00eatre jug\u00e9 de mani\u00e8re impartiale ainsi que des traitements humiliants et d\u00e9gradants.<\/p>\n\n\n\n<p class=\"wp-block-paragraph\">En pleine d\u00e9colonisation du Congo, la Belgique avait clairement pris le parti du Katanga dans sa qu\u00eate de s\u00e9cession. Les int\u00e9r\u00eats de l\u2019une et de l\u2019autre se rejoindront dans le projet macabre qui co\u00fbtera aussi la vie \u00e0 deux des plus proches collaborateurs de Lumumba.<\/p>\n\n\n\n<p class=\"wp-block-paragraph\">Une commission d\u2019enqu\u00eate parlementaire belge avait conclu en 2001 que <em>\u00ab&nbsp;certains membres du gouvernement belge et d\u2019autres acteurs belges avaient une responsabilit\u00e9 morale dans les circonstances ayant men\u00e9 \u00e0 la mort&nbsp;\u00bb<\/em> du h\u00e9ros congolais. Mais qui juger, des d\u00e9cennies plus tard&nbsp;?<\/p>\n\n\n\n<p class=\"wp-block-paragraph\"><strong>Diplomate stagiaire<\/strong><\/p>\n\n\n\n<p class=\"wp-block-paragraph\">Le parquet demande le renvoi devant le tribunal correctionnel d\u2019\u00c9tienne Davignon pour des crimes de guerre imprescriptibles.<\/p>\n\n\n<div class=\"wp-block-image\">\n<figure class=\"aligncenter size-large is-resized\"><img loading=\"lazy\" decoding=\"async\" width=\"1024\" height=\"1024\" src=\"https:\/\/macite.tg\/wp-content\/uploads\/2025\/06\/Geo-ref-1-1024x1024.png\" alt=\"\" class=\"wp-image-22872\" style=\"width:589px;height:auto\" srcset=\"https:\/\/macite.tg\/wp-content\/uploads\/2025\/06\/Geo-ref-1-1024x1024.png 1024w, https:\/\/macite.tg\/wp-content\/uploads\/2025\/06\/Geo-ref-1-300x300.png 300w, https:\/\/macite.tg\/wp-content\/uploads\/2025\/06\/Geo-ref-1-150x150.png 150w, https:\/\/macite.tg\/wp-content\/uploads\/2025\/06\/Geo-ref-1-768x768.png 768w, https:\/\/macite.tg\/wp-content\/uploads\/2025\/06\/Geo-ref-1-122x122.png 122w, https:\/\/macite.tg\/wp-content\/uploads\/2025\/06\/Geo-ref-1.png 1080w\" sizes=\"auto, (max-width: 1024px) 100vw, 1024px\" \/><\/figure>\n<\/div>\n\n\n<p class=\"wp-block-paragraph\">Aujourd\u2019hui \u00e2g\u00e9 de 92 ans, l\u2019ancien diplomate, ministre d\u2019\u00c9tat, homme d\u2019affaires et vice-pr\u00e9sident de la Commission europ\u00e9enne est la seule personnalit\u00e9 encore en vie, parmi les dix vis\u00e9es par la plainte initiale.<\/p>\n\n\n\n<p class=\"wp-block-paragraph\">Notons qu\u2019au moment de l\u2019assassinat de Lumumba, Davignon alors \u00e2g\u00e9 de de 28 ans, \u00e9tait diplomate stagiaire, envoy\u00e9 dans la zone congolaise par le minist\u00e8re belge des Affaires \u00e9trang\u00e8res.<\/p>\n\n\n\n<p class=\"wp-block-paragraph\"><strong>MSN<\/strong><\/p>\n\n\n\n<p class=\"wp-block-paragraph\"><a><strong><em>@macite.tg&nbsp;&nbsp;&nbsp;&nbsp;&nbsp;&nbsp;&nbsp;&nbsp;<\/em><\/strong><\/a><\/p>\n\n\n\n<p class=\"wp-block-paragraph\"><strong><em>E-mail&nbsp;: <\/em><\/strong><a href=\"mailto:maciteinfo@gmail.com\"><strong><em>maciteinfo@gmail.com<\/em><\/strong><\/a><strong><em>; <\/em><\/strong><a href=\"mailto:bawela1@gmail.com\"><strong><em>bawela1@gmail.com<\/em><\/strong><\/a><strong><em><\/em><\/strong><\/p>\n\n\n\n<p class=\"wp-block-paragraph\"><strong><em>Pour vos annonces, (publi)reportages, etc., joignez-nous au (00228)91515309\/<strong>79872224 <\/strong>www.macite.tg, L\u2019information, la bonne&nbsp;!<\/em><\/strong><\/p>\n\n\n\n<p class=\"wp-block-paragraph\"><\/p>\n","protected":false},"excerpt":{"rendered":"<p class=\"text-justify mb-2\" >En Belgique, le parquet demande le renvoi de l\u2019ancien diplomate \u00c9tienne Davignon devant un tribunal correctionnel pour les faits qui co\u00fbt\u00e8rent la vie \u00e0 Patrice Lumumba le 17 janvier 1961. Il est soup\u00e7onn\u00e9 de \u00ab participation \u00e0 des crimes de guerre \u00bb, des faits imprescriptibles. [&hellip;]<\/p>\n","protected":false},"author":2,"featured_media":22879,"comment_status":"open","ping_status":"open","sticky":false,"template":"","format":"standard","meta":{"footnotes":""},"categories":[20,26],"tags":[],"class_list":["post-22878","post","type-post","status-publish","format-standard","has-post-thumbnail","hentry","category-actualite","category-justice"],"yoast_head":"<!-- This site is optimized with the Yoast SEO plugin v28.4 - https:\/\/yoast.com\/product\/yoast-seo-wordpress\/ -->\n<title>ASSASSINAT DE LUMUMBA : Un ancien diplomate belge bient\u00f4t devant la justice -<\/title>\n<meta name=\"robots\" content=\"index, follow, max-snippet:-1, max-image-preview:large, max-video-preview:-1\" \/>\n<link rel=\"canonical\" href=\"https:\/\/macite.tg\/?p=22878\" \/>\n<meta property=\"og:locale\" content=\"fr_FR\" \/>\n<meta property=\"og:type\" content=\"article\" \/>\n<meta property=\"og:title\" content=\"ASSASSINAT DE LUMUMBA : Un ancien diplomate belge bient\u00f4t devant la justice -\" \/>\n<meta property=\"og:description\" content=\"En Belgique, le parquet demande le renvoi de l\u2019ancien diplomate \u00c9tienne Davignon devant un tribunal correctionnel pour les faits qui co\u00fbt\u00e8rent la vie \u00e0 Patrice Lumumba le 17 janvier 1961. Il est soup\u00e7onn\u00e9 de \u00ab participation \u00e0 des crimes de guerre \u00bb, des faits imprescriptibles. [&hellip;]\" \/>\n<meta property=\"og:url\" content=\"https:\/\/macite.tg\/?p=22878\" \/>\n<meta property=\"article:published_time\" content=\"2025-06-19T12:13:20+00:00\" \/>\n<meta property=\"article:modified_time\" content=\"2025-06-19T12:13:25+00:00\" \/>\n<meta property=\"og:image\" content=\"https:\/\/macite.tg\/wp-content\/uploads\/2025\/06\/image-67.png\" \/>\n\t<meta property=\"og:image:width\" content=\"400\" \/>\n\t<meta property=\"og:image:height\" content=\"270\" \/>\n\t<meta property=\"og:image:type\" content=\"image\/png\" \/>\n<meta name=\"author\" content=\"Jean Pierre BAWELA\" \/>\n<meta name=\"twitter:card\" content=\"summary_large_image\" \/>\n<meta name=\"twitter:label1\" content=\"\u00c9crit par\" \/>\n\t<meta name=\"twitter:data1\" content=\"Jean Pierre BAWELA\" \/>\n\t<meta name=\"twitter:label2\" content=\"Dur\u00e9e de lecture estim\u00e9e\" \/>\n\t<meta name=\"twitter:data2\" content=\"4 minutes\" \/>\n<script type=\"application\/ld+json\" class=\"yoast-schema-graph\">{\"@context\":\"https:\\\/\\\/schema.org\",\"@graph\":[{\"@type\":\"Article\",\"@id\":\"https:\\\/\\\/macite.tg\\\/?p=22878#article\",\"isPartOf\":{\"@id\":\"https:\\\/\\\/macite.tg\\\/?p=22878\"},\"author\":{\"name\":\"Jean Pierre BAWELA\",\"@id\":\"https:\\\/\\\/macite.tg\\\/#\\\/schema\\\/person\\\/e9f2de7e5dbbe7770a9402c7ce82f5c2\"},\"headline\":\"ASSASSINAT DE LUMUMBA : Un ancien diplomate belge bient\u00f4t devant la justice\",\"datePublished\":\"2025-06-19T12:13:20+00:00\",\"dateModified\":\"2025-06-19T12:13:25+00:00\",\"mainEntityOfPage\":{\"@id\":\"https:\\\/\\\/macite.tg\\\/?p=22878\"},\"wordCount\":585,\"commentCount\":0,\"image\":{\"@id\":\"https:\\\/\\\/macite.tg\\\/?p=22878#primaryimage\"},\"thumbnailUrl\":\"https:\\\/\\\/macite.tg\\\/wp-content\\\/uploads\\\/2025\\\/06\\\/image-67.png\",\"articleSection\":[\"ACTUALITE\",\"JUSTICE\"],\"inLanguage\":\"fr-FR\",\"potentialAction\":[{\"@type\":\"CommentAction\",\"name\":\"Comment\",\"target\":[\"https:\\\/\\\/macite.tg\\\/?p=22878#respond\"]}]},{\"@type\":\"WebPage\",\"@id\":\"https:\\\/\\\/macite.tg\\\/?p=22878\",\"url\":\"https:\\\/\\\/macite.tg\\\/?p=22878\",\"name\":\"ASSASSINAT DE LUMUMBA : Un ancien diplomate belge bient\u00f4t devant la justice -\",\"isPartOf\":{\"@id\":\"https:\\\/\\\/macite.tg\\\/#website\"},\"primaryImageOfPage\":{\"@id\":\"https:\\\/\\\/macite.tg\\\/?p=22878#primaryimage\"},\"image\":{\"@id\":\"https:\\\/\\\/macite.tg\\\/?p=22878#primaryimage\"},\"thumbnailUrl\":\"https:\\\/\\\/macite.tg\\\/wp-content\\\/uploads\\\/2025\\\/06\\\/image-67.png\",\"datePublished\":\"2025-06-19T12:13:20+00:00\",\"dateModified\":\"2025-06-19T12:13:25+00:00\",\"author\":{\"@id\":\"https:\\\/\\\/macite.tg\\\/#\\\/schema\\\/person\\\/e9f2de7e5dbbe7770a9402c7ce82f5c2\"},\"breadcrumb\":{\"@id\":\"https:\\\/\\\/macite.tg\\\/?p=22878#breadcrumb\"},\"inLanguage\":\"fr-FR\",\"potentialAction\":[{\"@type\":\"ReadAction\",\"target\":[\"https:\\\/\\\/macite.tg\\\/?p=22878\"]}]},{\"@type\":\"ImageObject\",\"inLanguage\":\"fr-FR\",\"@id\":\"https:\\\/\\\/macite.tg\\\/?p=22878#primaryimage\",\"url\":\"https:\\\/\\\/macite.tg\\\/wp-content\\\/uploads\\\/2025\\\/06\\\/image-67.png\",\"contentUrl\":\"https:\\\/\\\/macite.tg\\\/wp-content\\\/uploads\\\/2025\\\/06\\\/image-67.png\",\"width\":400,\"height\":270,\"caption\":\"Feu Patrice Lumumba\"},{\"@type\":\"BreadcrumbList\",\"@id\":\"https:\\\/\\\/macite.tg\\\/?p=22878#breadcrumb\",\"itemListElement\":[{\"@type\":\"ListItem\",\"position\":1,\"name\":\"Accueil\",\"item\":\"https:\\\/\\\/macite.tg\\\/\"},{\"@type\":\"ListItem\",\"position\":2,\"name\":\"ASSASSINAT DE LUMUMBA : Un ancien diplomate belge bient\u00f4t devant la justice\"}]},{\"@type\":\"WebSite\",\"@id\":\"https:\\\/\\\/macite.tg\\\/#website\",\"url\":\"https:\\\/\\\/macite.tg\\\/\",\"name\":\"\",\"description\":\"L&#039;information, la bonne!!!\",\"potentialAction\":[{\"@type\":\"SearchAction\",\"target\":{\"@type\":\"EntryPoint\",\"urlTemplate\":\"https:\\\/\\\/macite.tg\\\/?s={search_term_string}\"},\"query-input\":{\"@type\":\"PropertyValueSpecification\",\"valueRequired\":true,\"valueName\":\"search_term_string\"}}],\"inLanguage\":\"fr-FR\"},{\"@type\":\"Person\",\"@id\":\"https:\\\/\\\/macite.tg\\\/#\\\/schema\\\/person\\\/e9f2de7e5dbbe7770a9402c7ce82f5c2\",\"name\":\"Jean Pierre BAWELA\",\"image\":{\"@type\":\"ImageObject\",\"inLanguage\":\"fr-FR\",\"@id\":\"https:\\\/\\\/macite.tg\\\/wp-content\\\/uploads\\\/2023\\\/09\\\/WhatsApp-Image-2023-09-19-at-14.44.41-122x122.jpeg\",\"url\":\"https:\\\/\\\/macite.tg\\\/wp-content\\\/uploads\\\/2023\\\/09\\\/WhatsApp-Image-2023-09-19-at-14.44.41-122x122.jpeg\",\"contentUrl\":\"https:\\\/\\\/macite.tg\\\/wp-content\\\/uploads\\\/2023\\\/09\\\/WhatsApp-Image-2023-09-19-at-14.44.41-122x122.jpeg\",\"caption\":\"Jean Pierre BAWELA\"},\"url\":\"https:\\\/\\\/macite.tg\\\/?author=2\"}]}<\/script>\n<!-- \/ Yoast SEO plugin. -->","yoast_head_json":{"title":"ASSASSINAT DE LUMUMBA : Un ancien diplomate belge bient\u00f4t devant la justice -","robots":{"index":"index","follow":"follow","max-snippet":"max-snippet:-1","max-image-preview":"max-image-preview:large","max-video-preview":"max-video-preview:-1"},"canonical":"https:\/\/macite.tg\/?p=22878","og_locale":"fr_FR","og_type":"article","og_title":"ASSASSINAT DE LUMUMBA : Un ancien diplomate belge bient\u00f4t devant la justice -","og_description":"En Belgique, le parquet demande le renvoi de l\u2019ancien diplomate \u00c9tienne Davignon devant un tribunal correctionnel pour les faits qui co\u00fbt\u00e8rent la vie \u00e0 Patrice Lumumba le 17 janvier 1961. Il est soup\u00e7onn\u00e9 de \u00ab participation \u00e0 des crimes de guerre \u00bb, des faits imprescriptibles. [&hellip;]","og_url":"https:\/\/macite.tg\/?p=22878","article_published_time":"2025-06-19T12:13:20+00:00","article_modified_time":"2025-06-19T12:13:25+00:00","og_image":[{"width":400,"height":270,"url":"https:\/\/macite.tg\/wp-content\/uploads\/2025\/06\/image-67.png","type":"image\/png"}],"author":"Jean Pierre BAWELA","twitter_card":"summary_large_image","twitter_misc":{"\u00c9crit par":"Jean Pierre BAWELA","Dur\u00e9e de lecture estim\u00e9e":"4 minutes"},"schema":{"@context":"https:\/\/schema.org","@graph":[{"@type":"Article","@id":"https:\/\/macite.tg\/?p=22878#article","isPartOf":{"@id":"https:\/\/macite.tg\/?p=22878"},"author":{"name":"Jean Pierre BAWELA","@id":"https:\/\/macite.tg\/#\/schema\/person\/e9f2de7e5dbbe7770a9402c7ce82f5c2"},"headline":"ASSASSINAT DE LUMUMBA : Un ancien diplomate belge bient\u00f4t devant la justice","datePublished":"2025-06-19T12:13:20+00:00","dateModified":"2025-06-19T12:13:25+00:00","mainEntityOfPage":{"@id":"https:\/\/macite.tg\/?p=22878"},"wordCount":585,"commentCount":0,"image":{"@id":"https:\/\/macite.tg\/?p=22878#primaryimage"},"thumbnailUrl":"https:\/\/macite.tg\/wp-content\/uploads\/2025\/06\/image-67.png","articleSection":["ACTUALITE","JUSTICE"],"inLanguage":"fr-FR","potentialAction":[{"@type":"CommentAction","name":"Comment","target":["https:\/\/macite.tg\/?p=22878#respond"]}]},{"@type":"WebPage","@id":"https:\/\/macite.tg\/?p=22878","url":"https:\/\/macite.tg\/?p=22878","name":"ASSASSINAT DE LUMUMBA : Un ancien diplomate belge bient\u00f4t devant la justice -","isPartOf":{"@id":"https:\/\/macite.tg\/#website"},"primaryImageOfPage":{"@id":"https:\/\/macite.tg\/?p=22878#primaryimage"},"image":{"@id":"https:\/\/macite.tg\/?p=22878#primaryimage"},"thumbnailUrl":"https:\/\/macite.tg\/wp-content\/uploads\/2025\/06\/image-67.png","datePublished":"2025-06-19T12:13:20+00:00","dateModified":"2025-06-19T12:13:25+00:00","author":{"@id":"https:\/\/macite.tg\/#\/schema\/person\/e9f2de7e5dbbe7770a9402c7ce82f5c2"},"breadcrumb":{"@id":"https:\/\/macite.tg\/?p=22878#breadcrumb"},"inLanguage":"fr-FR","potentialAction":[{"@type":"ReadAction","target":["https:\/\/macite.tg\/?p=22878"]}]},{"@type":"ImageObject","inLanguage":"fr-FR","@id":"https:\/\/macite.tg\/?p=22878#primaryimage","url":"https:\/\/macite.tg\/wp-content\/uploads\/2025\/06\/image-67.png","contentUrl":"https:\/\/macite.tg\/wp-content\/uploads\/2025\/06\/image-67.png","width":400,"height":270,"caption":"Feu Patrice Lumumba"},{"@type":"BreadcrumbList","@id":"https:\/\/macite.tg\/?p=22878#breadcrumb","itemListElement":[{"@type":"ListItem","position":1,"name":"Accueil","item":"https:\/\/macite.tg\/"},{"@type":"ListItem","position":2,"name":"ASSASSINAT DE LUMUMBA : Un ancien diplomate belge bient\u00f4t devant la justice"}]},{"@type":"WebSite","@id":"https:\/\/macite.tg\/#website","url":"https:\/\/macite.tg\/","name":"","description":"L&#039;information, la bonne!!!","potentialAction":[{"@type":"SearchAction","target":{"@type":"EntryPoint","urlTemplate":"https:\/\/macite.tg\/?s={search_term_string}"},"query-input":{"@type":"PropertyValueSpecification","valueRequired":true,"valueName":"search_term_string"}}],"inLanguage":"fr-FR"},{"@type":"Person","@id":"https:\/\/macite.tg\/#\/schema\/person\/e9f2de7e5dbbe7770a9402c7ce82f5c2","name":"Jean Pierre BAWELA","image":{"@type":"ImageObject","inLanguage":"fr-FR","@id":"https:\/\/macite.tg\/wp-content\/uploads\/2023\/09\/WhatsApp-Image-2023-09-19-at-14.44.41-122x122.jpeg","url":"https:\/\/macite.tg\/wp-content\/uploads\/2023\/09\/WhatsApp-Image-2023-09-19-at-14.44.41-122x122.jpeg","contentUrl":"https:\/\/macite.tg\/wp-content\/uploads\/2023\/09\/WhatsApp-Image-2023-09-19-at-14.44.41-122x122.jpeg","caption":"Jean Pierre BAWELA"},"url":"https:\/\/macite.tg\/?author=2"}]}},"_links":{"self":[{"href":"https:\/\/macite.tg\/index.php?rest_route=\/wp\/v2\/posts\/22878","targetHints":{"allow":["GET"]}}],"collection":[{"href":"https:\/\/macite.tg\/index.php?rest_route=\/wp\/v2\/posts"}],"about":[{"href":"https:\/\/macite.tg\/index.php?rest_route=\/wp\/v2\/types\/post"}],"author":[{"embeddable":true,"href":"https:\/\/macite.tg\/index.php?rest_route=\/wp\/v2\/users\/2"}],"replies":[{"embeddable":true,"href":"https:\/\/macite.tg\/index.php?rest_route=%2Fwp%2Fv2%2Fcomments&post=22878"}],"version-history":[{"count":0,"href":"https:\/\/macite.tg\/index.php?rest_route=\/wp\/v2\/posts\/22878\/revisions"}],"wp:featuredmedia":[{"embeddable":true,"href":"https:\/\/macite.tg\/index.php?rest_route=\/wp\/v2\/media\/22879"}],"wp:attachment":[{"href":"https:\/\/macite.tg\/index.php?rest_route=%2Fwp%2Fv2%2Fmedia&parent=22878"}],"wp:term":[{"taxonomy":"category","embeddable":true,"href":"https:\/\/macite.tg\/index.php?rest_route=%2Fwp%2Fv2%2Fcategories&post=22878"},{"taxonomy":"post_tag","embeddable":true,"href":"https:\/\/macite.tg\/index.php?rest_route=%2Fwp%2Fv2%2Ftags&post=22878"}],"curies":[{"name":"wp","href":"https:\/\/api.w.org\/{rel}","templated":true}]}}