{"id":22871,"date":"2025-06-19T11:20:35","date_gmt":"2025-06-19T11:20:35","guid":{"rendered":"https:\/\/macite.tg\/?p=22871"},"modified":"2025-06-19T11:20:38","modified_gmt":"2025-06-19T11:20:38","slug":"pia-textile-faure-gnassingbe-inaugure-une-usine-de-star-garments-togo","status":"publish","type":"post","link":"https:\/\/macite.tg\/?p=22871","title":{"rendered":"PIA \/ TEXTILE\u00a0: Faure Gnassingb\u00e9 inaugure une usine de STAR GARMENTS Togo"},"content":{"rendered":"\n<p class=\"wp-block-paragraph\"><a><\/a><strong><em>Le Pr\u00e9sident du Conseil, Faure Essozimna Gnassingb\u00e9, a pr\u00e9sid\u00e9 hier mercredi 18 juin, la c\u00e9r\u00e9monie d\u2019inauguration officielle de l\u2019usine textile de l\u2019entreprise STAR GARMENTS Togo, implant\u00e9e sur la Plateforme industrielle d\u2019Ad\u00e9tikop\u00e9 (PIA). Ce nouvel acteur du secteur textile incarne une avanc\u00e9e d\u00e9cisive dans la strat\u00e9gie de transformation industrielle du Togo et de cr\u00e9ation d\u2019emplois.<\/em><\/strong><\/p>\n\n\n\n<p class=\"wp-block-paragraph\">Cette usine textile est une initiative \u00e0 haute valeur \u00e9conomique et sociale con\u00e7ue dans un partenariat public-priv\u00e9 pour industrialiser l\u2019\u00e9conomie, diversifier les exportations et augmenter la r\u00e9silience nationale.&nbsp;<\/p>\n\n\n\n<p class=\"wp-block-paragraph\">Le projet port\u00e9 par le groupe KOMAR, sp\u00e9cialis\u00e9 dans le textile et l\u2019habillement, a b\u00e9n\u00e9fici\u00e9 de l\u2019appui technique et financier de la Soci\u00e9t\u00e9 financi\u00e8re internationale (SFI). Ce partenariat est une avanc\u00e9e majeure pour l\u2019industrialisation et le d\u00e9veloppement \u00e9conomique du pays.<\/p>\n\n\n\n<p class=\"wp-block-paragraph\">Charlie Komar, le Pr\u00e9sident-Directeur G\u00e9n\u00e9ral&nbsp;de KOMAR, la soci\u00e9t\u00e9 m\u00e8re de l\u2019entreprise STAR GARMENTS a salu\u00e9 ce partenariat qui confirme l\u2019efficacit\u00e9 des orientations politiques du gouvernement.<\/p>\n\n\n<div class=\"wp-block-image\">\n<figure class=\"aligncenter size-full is-resized\"><img loading=\"lazy\" decoding=\"async\" width=\"690\" height=\"170\" src=\"https:\/\/macite.tg\/wp-content\/uploads\/2025\/06\/OTR_TVM.jpg\" alt=\"\" class=\"wp-image-22811\" style=\"width:840px;height:auto\" srcset=\"https:\/\/macite.tg\/wp-content\/uploads\/2025\/06\/OTR_TVM.jpg 690w, https:\/\/macite.tg\/wp-content\/uploads\/2025\/06\/OTR_TVM-300x74.jpg 300w\" sizes=\"auto, (max-width: 690px) 100vw, 690px\" \/><\/figure>\n<\/div>\n\n\n<p class=\"wp-block-paragraph\"><em>\u00ab&nbsp;L\u2019ouverture officielle de cette usine marque le d\u00e9but d\u2019une l\u2019histoire unique. Ce n\u2019est pas seulement un partenariat ou un investissement, mais une croyance en la prosp\u00e9rit\u00e9 partag\u00e9e et en la renaissance du Togo. Nous avons choisi le Togo parce que nous avons vu une nation s\u2019\u00e9lever, une gouvernance ax\u00e9e sur la stabilit\u00e9 \u00e9conomique, l\u2019infrastructure et les investissements. En termes d\u2019importance, le Togo pourrait cr\u00e9er d\u2019\u00e9normes opportunit\u00e9s pour les femmes et les jeunes&nbsp;\u00bb,<\/em> a-t-il d\u00e9clar\u00e9.<\/p>\n\n\n\n<p class=\"wp-block-paragraph\">Cette nouvelle manufacture textile vient s\u2019ajouter aux initiatives en cours dans les fili\u00e8res agroindustrielles avec un objectif de transformation locale et de valeur ajout\u00e9e.&nbsp; Elle vient ainsi renforcer la volont\u00e9 du gouvernement de positionner le Togo comme un p\u00f4le industriel et logistique incontournable en Afrique de l\u2019ouest.<\/p>\n\n\n\n<p class=\"wp-block-paragraph\">L\u2019ouverture de cette unit\u00e9 industrielle marque un tournant strat\u00e9gique dans la valorisation du coton togolais, l\u2019une des principales cultures de rente. Elle permettra au pays d\u2019int\u00e9grer le cercle des nations africaines exportatrices de textile sur le march\u00e9 international.<\/p>\n\n\n\n<p class=\"wp-block-paragraph\">En permettant la cr\u00e9ation de 2.000 emplois directs cette ann\u00e9e, et 4.500 emplois directs et indirects \u00e0 l\u2019horizon 2030, avec un taux de recrutement de 70% de femmes, cette nouvelle unit\u00e9 industrielle contribuera \u00e0 l\u2019am\u00e9lioration des conditions de vie des populations togolaises.<\/p>\n\n\n\n<p class=\"wp-block-paragraph\">Le Directeur r\u00e9gional pour l&rsquo;Afrique de l&rsquo;Ouest de la Soci\u00e9t\u00e9 financi\u00e8re internationale (SFI), Olivier Buyoya, s\u2019est f\u00e9licit\u00e9 de cette dimension sociale du projet qui est en phase avec les priorit\u00e9s du Groupe de la Banque mondiale<\/p>\n\n\n<div class=\"wp-block-image\">\n<figure class=\"aligncenter size-full\"><img loading=\"lazy\" decoding=\"async\" width=\"851\" height=\"315\" src=\"https:\/\/macite.tg\/wp-content\/uploads\/2025\/06\/OTR_Ferer-pour-batir-1-1.jpg\" alt=\"\" class=\"wp-image-22873\" srcset=\"https:\/\/macite.tg\/wp-content\/uploads\/2025\/06\/OTR_Ferer-pour-batir-1-1.jpg 851w, https:\/\/macite.tg\/wp-content\/uploads\/2025\/06\/OTR_Ferer-pour-batir-1-1-300x111.jpg 300w, https:\/\/macite.tg\/wp-content\/uploads\/2025\/06\/OTR_Ferer-pour-batir-1-1-768x284.jpg 768w\" sizes=\"auto, (max-width: 851px) 100vw, 851px\" \/><\/figure>\n<\/div>\n\n\n<p class=\"wp-block-paragraph\"><em>\u00ab&nbsp;Cet investissement du groupe de la Banque mondiale est une r\u00e9ponse aux d\u00e9fis de l\u2019emploi au Togo et dans la sous-r\u00e9gion. C\u2019est le moyen le plus s\u00fbr de garantir la coh\u00e9sion sociale et de rendre \u00e0 chacun sa dignit\u00e9. Au sein du groupe de la Banque mondiale, nous avons \u00e9rig\u00e9 la cr\u00e9ation d\u2019emplois au c\u0153ur de nos priorit\u00e9s&nbsp;\u00bb, <\/em>a-t-il soulign\u00e9.<\/p>\n\n\n\n<p class=\"wp-block-paragraph\">Il a remerci\u00e9 le Pr\u00e9sident du Conseil pour avoir choisi la SFI comme partenaire financier et a r\u00e9affirm\u00e9 la d\u00e9termination de son institution d\u2019accompagner le Togo dans sa politique de d\u00e9veloppement du partenariat public-priv\u00e9 pour l\u2019industrialisation du pays et la cr\u00e9ation d\u2019emplois pour les jeunes et les femmes.<\/p>\n\n\n\n<p class=\"wp-block-paragraph\">L\u2019inauguration de STAR GARMENTS Togo refl\u00e8te la dynamique impuls\u00e9e par le gouvernement togolais, qui s\u2019engage dans des projets concrets \u00e0 fort impact socio\u00e9conomique.<\/p>\n\n\n\n<p class=\"wp-block-paragraph\">La ministre de la Promotion de l&rsquo;investissement, Manuella Santos, a, pour sa part, exprim\u00e9 ses f\u00e9licitations au Pr\u00e9sident du Conseil, qui porte avec constance cette vision de d\u00e9veloppement de notre pays.<\/p>\n\n\n\n<figure class=\"wp-block-image size-full is-resized\"><img loading=\"lazy\" decoding=\"async\" width=\"500\" height=\"164\" src=\"https:\/\/macite.tg\/wp-content\/uploads\/2025\/06\/PIA2.jpg\" alt=\"\" class=\"wp-image-22875\" style=\"width:840px;height:auto\" srcset=\"https:\/\/macite.tg\/wp-content\/uploads\/2025\/06\/PIA2.jpg 500w, https:\/\/macite.tg\/wp-content\/uploads\/2025\/06\/PIA2-300x98.jpg 300w\" sizes=\"auto, (max-width: 500px) 100vw, 500px\" \/><figcaption class=\"wp-element-caption\"><strong><em>Le Pr\u00e9sident du Conseil, Faure Essozimna Gnassingb\u00e9, ovationn\u00e9 par une foule \u00e0 son arriv\u00e9e sur le site de la PIA<\/em><\/strong><\/figcaption><\/figure>\n\n\n\n<p class=\"wp-block-paragraph\">Pour la ministre, <em>\u00ab&nbsp;le gouvernement d\u00e9montre encore une fois sa capacit\u00e9 \u00e0 attirer les investissements porteurs, \u00e0 valoriser les comp\u00e9tences de la jeunesse et \u00e0 s\u2019inscrire activement dans les chaines de valeur du commerce mondial. Cette usine t\u00e9moigne de l\u2019importance que le Pr\u00e9sident du Conseil accorde \u00e0 l\u2019industrialisation de notre pays pour cr\u00e9er des opportunit\u00e9s durables et une richesse inclusive&nbsp;\u00bb.<\/em><\/p>\n\n\n\n<p class=\"wp-block-paragraph\">Construite sur une superficie de 37.000m2, la nouvelle usine textile, premi\u00e8re implantation en Afrique du groupe KOMAR affiche une capacit\u00e9 de production annuelle d\u2019environ 12,5 millions de pi\u00e8ces, pour un investissement total de 13 milliards FCFA. Elle constitue la onzi\u00e8me unit\u00e9 industrielle \u00e0 s\u2019installer sur la Plateforme industrielle d\u2019Ad\u00e9tikop\u00e9 (PIA), inaugur\u00e9e en juin 2021. Ce d\u00e9veloppement s\u2019inscrit dans une strat\u00e9gie nationale visant \u00e0 faire de la PIA un v\u00e9ritable hub industriel et logistique en Afrique de l\u2019Ouest.<\/p>\n\n\n<div class=\"wp-block-image\">\n<figure class=\"aligncenter size-large is-resized\"><img loading=\"lazy\" decoding=\"async\" width=\"1024\" height=\"1024\" src=\"https:\/\/macite.tg\/wp-content\/uploads\/2025\/06\/Geo-ref-1-1024x1024.png\" alt=\"\" class=\"wp-image-22872\" style=\"width:592px;height:auto\" srcset=\"https:\/\/macite.tg\/wp-content\/uploads\/2025\/06\/Geo-ref-1-1024x1024.png 1024w, https:\/\/macite.tg\/wp-content\/uploads\/2025\/06\/Geo-ref-1-300x300.png 300w, https:\/\/macite.tg\/wp-content\/uploads\/2025\/06\/Geo-ref-1-150x150.png 150w, https:\/\/macite.tg\/wp-content\/uploads\/2025\/06\/Geo-ref-1-768x768.png 768w, https:\/\/macite.tg\/wp-content\/uploads\/2025\/06\/Geo-ref-1-122x122.png 122w, https:\/\/macite.tg\/wp-content\/uploads\/2025\/06\/Geo-ref-1.png 1080w\" sizes=\"auto, (max-width: 1024px) 100vw, 1024px\" \/><\/figure>\n<\/div>\n\n\n<p class=\"wp-block-paragraph\">Notons qu\u2019\u00e0 son arriv\u00e9e sur le site, le Pr\u00e9sident du Conseil a \u00e9t\u00e9 fortement ovationn\u00e9 par une foule en liesse pour t\u00e9moigner sa reconnaissance pour son engagement constant en faveur du d\u00e9veloppement, de la paix durable et de la coh\u00e9sion nationale.<\/p>\n\n\n\n<p class=\"wp-block-paragraph\"><strong>Samir<\/strong><\/p>\n\n\n\n<p class=\"wp-block-paragraph\"><a><strong><em>@macite.tg&nbsp;&nbsp;&nbsp;&nbsp;&nbsp;&nbsp;&nbsp;&nbsp;<\/em><\/strong><\/a><\/p>\n\n\n\n<p class=\"wp-block-paragraph\"><strong><em>E-mail&nbsp;: <\/em><\/strong><a href=\"mailto:maciteinfo@gmail.com\"><strong><em>maciteinfo@gmail.com<\/em><\/strong><\/a><strong><em>; <\/em><\/strong><a href=\"mailto:bawela1@gmail.com\"><strong><em>bawela1@gmail.com<\/em><\/strong><\/a><strong><em><\/em><\/strong><\/p>\n\n\n\n<p class=\"wp-block-paragraph\"><strong><em>Pour vos annonces, (publi)reportages, etc., joignez-nous au (00228)91515309\/<strong>79872224 <\/strong>www.macite.tg, L\u2019information, la bonne&nbsp;!<\/em><\/strong><\/p>\n\n\n\n<p class=\"wp-block-paragraph\"><\/p>\n","protected":false},"excerpt":{"rendered":"<p class=\"text-justify mb-2\" >Le Pr\u00e9sident du Conseil, Faure Essozimna Gnassingb\u00e9, a pr\u00e9sid\u00e9 hier mercredi 18 juin, la c\u00e9r\u00e9monie d\u2019inauguration officielle de l\u2019usine textile de l\u2019entreprise STAR GARMENTS Togo, implant\u00e9e sur la Plateforme industrielle d\u2019Ad\u00e9tikop\u00e9 (PIA). Ce nouvel acteur du secteur textile incarne une avanc\u00e9e d\u00e9cisive dans la strat\u00e9gie [&hellip;]<\/p>\n","protected":false},"author":2,"featured_media":22874,"comment_status":"open","ping_status":"open","sticky":false,"template":"","format":"standard","meta":{"footnotes":""},"categories":[20,15],"tags":[],"class_list":["post-22871","post","type-post","status-publish","format-standard","has-post-thumbnail","hentry","category-actualite","category-developpement"],"yoast_head":"<!-- This site is optimized with the Yoast SEO plugin v28.4 - https:\/\/yoast.com\/product\/yoast-seo-wordpress\/ -->\n<title>PIA \/ TEXTILE\u00a0: Faure Gnassingb\u00e9 inaugure une usine de STAR GARMENTS Togo -<\/title>\n<meta name=\"robots\" content=\"index, follow, max-snippet:-1, max-image-preview:large, max-video-preview:-1\" \/>\n<link rel=\"canonical\" href=\"https:\/\/macite.tg\/?p=22871\" \/>\n<meta property=\"og:locale\" content=\"fr_FR\" \/>\n<meta property=\"og:type\" content=\"article\" \/>\n<meta property=\"og:title\" content=\"PIA \/ TEXTILE\u00a0: Faure Gnassingb\u00e9 inaugure une usine de STAR GARMENTS Togo -\" \/>\n<meta property=\"og:description\" content=\"Le Pr\u00e9sident du Conseil, Faure Essozimna Gnassingb\u00e9, a pr\u00e9sid\u00e9 hier mercredi 18 juin, la c\u00e9r\u00e9monie d\u2019inauguration officielle de l\u2019usine textile de l\u2019entreprise STAR GARMENTS Togo, implant\u00e9e sur la Plateforme industrielle d\u2019Ad\u00e9tikop\u00e9 (PIA). Ce nouvel acteur du secteur textile incarne une avanc\u00e9e d\u00e9cisive dans la strat\u00e9gie [&hellip;]\" \/>\n<meta property=\"og:url\" content=\"https:\/\/macite.tg\/?p=22871\" \/>\n<meta property=\"article:published_time\" content=\"2025-06-19T11:20:35+00:00\" \/>\n<meta property=\"article:modified_time\" content=\"2025-06-19T11:20:38+00:00\" \/>\n<meta property=\"og:image\" content=\"https:\/\/macite.tg\/wp-content\/uploads\/2025\/06\/PIA-TEXILE.jpg\" \/>\n\t<meta property=\"og:image:width\" content=\"500\" \/>\n\t<meta property=\"og:image:height\" content=\"451\" \/>\n\t<meta property=\"og:image:type\" content=\"image\/jpeg\" \/>\n<meta name=\"author\" content=\"Jean Pierre BAWELA\" \/>\n<meta name=\"twitter:card\" content=\"summary_large_image\" \/>\n<meta name=\"twitter:label1\" content=\"\u00c9crit par\" \/>\n\t<meta name=\"twitter:data1\" content=\"Jean Pierre BAWELA\" \/>\n\t<meta name=\"twitter:label2\" content=\"Dur\u00e9e de lecture estim\u00e9e\" \/>\n\t<meta name=\"twitter:data2\" content=\"5 minutes\" \/>\n<script type=\"application\/ld+json\" class=\"yoast-schema-graph\">{\"@context\":\"https:\\\/\\\/schema.org\",\"@graph\":[{\"@type\":\"Article\",\"@id\":\"https:\\\/\\\/macite.tg\\\/?p=22871#article\",\"isPartOf\":{\"@id\":\"https:\\\/\\\/macite.tg\\\/?p=22871\"},\"author\":{\"name\":\"Jean Pierre BAWELA\",\"@id\":\"https:\\\/\\\/macite.tg\\\/#\\\/schema\\\/person\\\/e9f2de7e5dbbe7770a9402c7ce82f5c2\"},\"headline\":\"PIA \\\/ TEXTILE\u00a0: Faure Gnassingb\u00e9 inaugure une usine de STAR GARMENTS Togo\",\"datePublished\":\"2025-06-19T11:20:35+00:00\",\"dateModified\":\"2025-06-19T11:20:38+00:00\",\"mainEntityOfPage\":{\"@id\":\"https:\\\/\\\/macite.tg\\\/?p=22871\"},\"wordCount\":910,\"commentCount\":0,\"image\":{\"@id\":\"https:\\\/\\\/macite.tg\\\/?p=22871#primaryimage\"},\"thumbnailUrl\":\"https:\\\/\\\/macite.tg\\\/wp-content\\\/uploads\\\/2025\\\/06\\\/PIA-TEXILE.jpg\",\"articleSection\":[\"ACTUALITE\",\"DEVELOPPEMENT\"],\"inLanguage\":\"fr-FR\",\"potentialAction\":[{\"@type\":\"CommentAction\",\"name\":\"Comment\",\"target\":[\"https:\\\/\\\/macite.tg\\\/?p=22871#respond\"]}]},{\"@type\":\"WebPage\",\"@id\":\"https:\\\/\\\/macite.tg\\\/?p=22871\",\"url\":\"https:\\\/\\\/macite.tg\\\/?p=22871\",\"name\":\"PIA \\\/ TEXTILE\u00a0: Faure Gnassingb\u00e9 inaugure une usine de STAR GARMENTS Togo -\",\"isPartOf\":{\"@id\":\"https:\\\/\\\/macite.tg\\\/#website\"},\"primaryImageOfPage\":{\"@id\":\"https:\\\/\\\/macite.tg\\\/?p=22871#primaryimage\"},\"image\":{\"@id\":\"https:\\\/\\\/macite.tg\\\/?p=22871#primaryimage\"},\"thumbnailUrl\":\"https:\\\/\\\/macite.tg\\\/wp-content\\\/uploads\\\/2025\\\/06\\\/PIA-TEXILE.jpg\",\"datePublished\":\"2025-06-19T11:20:35+00:00\",\"dateModified\":\"2025-06-19T11:20:38+00:00\",\"author\":{\"@id\":\"https:\\\/\\\/macite.tg\\\/#\\\/schema\\\/person\\\/e9f2de7e5dbbe7770a9402c7ce82f5c2\"},\"breadcrumb\":{\"@id\":\"https:\\\/\\\/macite.tg\\\/?p=22871#breadcrumb\"},\"inLanguage\":\"fr-FR\",\"potentialAction\":[{\"@type\":\"ReadAction\",\"target\":[\"https:\\\/\\\/macite.tg\\\/?p=22871\"]}]},{\"@type\":\"ImageObject\",\"inLanguage\":\"fr-FR\",\"@id\":\"https:\\\/\\\/macite.tg\\\/?p=22871#primaryimage\",\"url\":\"https:\\\/\\\/macite.tg\\\/wp-content\\\/uploads\\\/2025\\\/06\\\/PIA-TEXILE.jpg\",\"contentUrl\":\"https:\\\/\\\/macite.tg\\\/wp-content\\\/uploads\\\/2025\\\/06\\\/PIA-TEXILE.jpg\",\"width\":500,\"height\":451},{\"@type\":\"BreadcrumbList\",\"@id\":\"https:\\\/\\\/macite.tg\\\/?p=22871#breadcrumb\",\"itemListElement\":[{\"@type\":\"ListItem\",\"position\":1,\"name\":\"Accueil\",\"item\":\"https:\\\/\\\/macite.tg\\\/\"},{\"@type\":\"ListItem\",\"position\":2,\"name\":\"PIA \\\/ TEXTILE\u00a0: Faure Gnassingb\u00e9 inaugure une usine de STAR GARMENTS Togo\"}]},{\"@type\":\"WebSite\",\"@id\":\"https:\\\/\\\/macite.tg\\\/#website\",\"url\":\"https:\\\/\\\/macite.tg\\\/\",\"name\":\"\",\"description\":\"L&#039;information, la bonne!!!\",\"potentialAction\":[{\"@type\":\"SearchAction\",\"target\":{\"@type\":\"EntryPoint\",\"urlTemplate\":\"https:\\\/\\\/macite.tg\\\/?s={search_term_string}\"},\"query-input\":{\"@type\":\"PropertyValueSpecification\",\"valueRequired\":true,\"valueName\":\"search_term_string\"}}],\"inLanguage\":\"fr-FR\"},{\"@type\":\"Person\",\"@id\":\"https:\\\/\\\/macite.tg\\\/#\\\/schema\\\/person\\\/e9f2de7e5dbbe7770a9402c7ce82f5c2\",\"name\":\"Jean Pierre BAWELA\",\"image\":{\"@type\":\"ImageObject\",\"inLanguage\":\"fr-FR\",\"@id\":\"https:\\\/\\\/macite.tg\\\/wp-content\\\/uploads\\\/2023\\\/09\\\/WhatsApp-Image-2023-09-19-at-14.44.41-122x122.jpeg\",\"url\":\"https:\\\/\\\/macite.tg\\\/wp-content\\\/uploads\\\/2023\\\/09\\\/WhatsApp-Image-2023-09-19-at-14.44.41-122x122.jpeg\",\"contentUrl\":\"https:\\\/\\\/macite.tg\\\/wp-content\\\/uploads\\\/2023\\\/09\\\/WhatsApp-Image-2023-09-19-at-14.44.41-122x122.jpeg\",\"caption\":\"Jean Pierre BAWELA\"},\"url\":\"https:\\\/\\\/macite.tg\\\/?author=2\"}]}<\/script>\n<!-- \/ Yoast SEO plugin. -->","yoast_head_json":{"title":"PIA \/ TEXTILE\u00a0: Faure Gnassingb\u00e9 inaugure une usine de STAR GARMENTS Togo -","robots":{"index":"index","follow":"follow","max-snippet":"max-snippet:-1","max-image-preview":"max-image-preview:large","max-video-preview":"max-video-preview:-1"},"canonical":"https:\/\/macite.tg\/?p=22871","og_locale":"fr_FR","og_type":"article","og_title":"PIA \/ TEXTILE\u00a0: Faure Gnassingb\u00e9 inaugure une usine de STAR GARMENTS Togo -","og_description":"Le Pr\u00e9sident du Conseil, Faure Essozimna Gnassingb\u00e9, a pr\u00e9sid\u00e9 hier mercredi 18 juin, la c\u00e9r\u00e9monie d\u2019inauguration officielle de l\u2019usine textile de l\u2019entreprise STAR GARMENTS Togo, implant\u00e9e sur la Plateforme industrielle d\u2019Ad\u00e9tikop\u00e9 (PIA). Ce nouvel acteur du secteur textile incarne une avanc\u00e9e d\u00e9cisive dans la strat\u00e9gie [&hellip;]","og_url":"https:\/\/macite.tg\/?p=22871","article_published_time":"2025-06-19T11:20:35+00:00","article_modified_time":"2025-06-19T11:20:38+00:00","og_image":[{"width":500,"height":451,"url":"https:\/\/macite.tg\/wp-content\/uploads\/2025\/06\/PIA-TEXILE.jpg","type":"image\/jpeg"}],"author":"Jean Pierre BAWELA","twitter_card":"summary_large_image","twitter_misc":{"\u00c9crit par":"Jean Pierre BAWELA","Dur\u00e9e de lecture estim\u00e9e":"5 minutes"},"schema":{"@context":"https:\/\/schema.org","@graph":[{"@type":"Article","@id":"https:\/\/macite.tg\/?p=22871#article","isPartOf":{"@id":"https:\/\/macite.tg\/?p=22871"},"author":{"name":"Jean Pierre BAWELA","@id":"https:\/\/macite.tg\/#\/schema\/person\/e9f2de7e5dbbe7770a9402c7ce82f5c2"},"headline":"PIA \/ TEXTILE\u00a0: Faure Gnassingb\u00e9 inaugure une usine de STAR GARMENTS Togo","datePublished":"2025-06-19T11:20:35+00:00","dateModified":"2025-06-19T11:20:38+00:00","mainEntityOfPage":{"@id":"https:\/\/macite.tg\/?p=22871"},"wordCount":910,"commentCount":0,"image":{"@id":"https:\/\/macite.tg\/?p=22871#primaryimage"},"thumbnailUrl":"https:\/\/macite.tg\/wp-content\/uploads\/2025\/06\/PIA-TEXILE.jpg","articleSection":["ACTUALITE","DEVELOPPEMENT"],"inLanguage":"fr-FR","potentialAction":[{"@type":"CommentAction","name":"Comment","target":["https:\/\/macite.tg\/?p=22871#respond"]}]},{"@type":"WebPage","@id":"https:\/\/macite.tg\/?p=22871","url":"https:\/\/macite.tg\/?p=22871","name":"PIA \/ TEXTILE\u00a0: Faure Gnassingb\u00e9 inaugure une usine de STAR GARMENTS Togo -","isPartOf":{"@id":"https:\/\/macite.tg\/#website"},"primaryImageOfPage":{"@id":"https:\/\/macite.tg\/?p=22871#primaryimage"},"image":{"@id":"https:\/\/macite.tg\/?p=22871#primaryimage"},"thumbnailUrl":"https:\/\/macite.tg\/wp-content\/uploads\/2025\/06\/PIA-TEXILE.jpg","datePublished":"2025-06-19T11:20:35+00:00","dateModified":"2025-06-19T11:20:38+00:00","author":{"@id":"https:\/\/macite.tg\/#\/schema\/person\/e9f2de7e5dbbe7770a9402c7ce82f5c2"},"breadcrumb":{"@id":"https:\/\/macite.tg\/?p=22871#breadcrumb"},"inLanguage":"fr-FR","potentialAction":[{"@type":"ReadAction","target":["https:\/\/macite.tg\/?p=22871"]}]},{"@type":"ImageObject","inLanguage":"fr-FR","@id":"https:\/\/macite.tg\/?p=22871#primaryimage","url":"https:\/\/macite.tg\/wp-content\/uploads\/2025\/06\/PIA-TEXILE.jpg","contentUrl":"https:\/\/macite.tg\/wp-content\/uploads\/2025\/06\/PIA-TEXILE.jpg","width":500,"height":451},{"@type":"BreadcrumbList","@id":"https:\/\/macite.tg\/?p=22871#breadcrumb","itemListElement":[{"@type":"ListItem","position":1,"name":"Accueil","item":"https:\/\/macite.tg\/"},{"@type":"ListItem","position":2,"name":"PIA \/ TEXTILE\u00a0: Faure Gnassingb\u00e9 inaugure une usine de STAR GARMENTS Togo"}]},{"@type":"WebSite","@id":"https:\/\/macite.tg\/#website","url":"https:\/\/macite.tg\/","name":"","description":"L&#039;information, la bonne!!!","potentialAction":[{"@type":"SearchAction","target":{"@type":"EntryPoint","urlTemplate":"https:\/\/macite.tg\/?s={search_term_string}"},"query-input":{"@type":"PropertyValueSpecification","valueRequired":true,"valueName":"search_term_string"}}],"inLanguage":"fr-FR"},{"@type":"Person","@id":"https:\/\/macite.tg\/#\/schema\/person\/e9f2de7e5dbbe7770a9402c7ce82f5c2","name":"Jean Pierre BAWELA","image":{"@type":"ImageObject","inLanguage":"fr-FR","@id":"https:\/\/macite.tg\/wp-content\/uploads\/2023\/09\/WhatsApp-Image-2023-09-19-at-14.44.41-122x122.jpeg","url":"https:\/\/macite.tg\/wp-content\/uploads\/2023\/09\/WhatsApp-Image-2023-09-19-at-14.44.41-122x122.jpeg","contentUrl":"https:\/\/macite.tg\/wp-content\/uploads\/2023\/09\/WhatsApp-Image-2023-09-19-at-14.44.41-122x122.jpeg","caption":"Jean Pierre BAWELA"},"url":"https:\/\/macite.tg\/?author=2"}]}},"_links":{"self":[{"href":"https:\/\/macite.tg\/index.php?rest_route=\/wp\/v2\/posts\/22871","targetHints":{"allow":["GET"]}}],"collection":[{"href":"https:\/\/macite.tg\/index.php?rest_route=\/wp\/v2\/posts"}],"about":[{"href":"https:\/\/macite.tg\/index.php?rest_route=\/wp\/v2\/types\/post"}],"author":[{"embeddable":true,"href":"https:\/\/macite.tg\/index.php?rest_route=\/wp\/v2\/users\/2"}],"replies":[{"embeddable":true,"href":"https:\/\/macite.tg\/index.php?rest_route=%2Fwp%2Fv2%2Fcomments&post=22871"}],"version-history":[{"count":0,"href":"https:\/\/macite.tg\/index.php?rest_route=\/wp\/v2\/posts\/22871\/revisions"}],"wp:featuredmedia":[{"embeddable":true,"href":"https:\/\/macite.tg\/index.php?rest_route=\/wp\/v2\/media\/22874"}],"wp:attachment":[{"href":"https:\/\/macite.tg\/index.php?rest_route=%2Fwp%2Fv2%2Fmedia&parent=22871"}],"wp:term":[{"taxonomy":"category","embeddable":true,"href":"https:\/\/macite.tg\/index.php?rest_route=%2Fwp%2Fv2%2Fcategories&post=22871"},{"taxonomy":"post_tag","embeddable":true,"href":"https:\/\/macite.tg\/index.php?rest_route=%2Fwp%2Fv2%2Ftags&post=22871"}],"curies":[{"name":"wp","href":"https:\/\/api.w.org\/{rel}","templated":true}]}}