{"id":2287,"date":"2022-12-03T17:43:38","date_gmt":"2022-12-03T17:43:38","guid":{"rendered":"https:\/\/macite.info\/?p=2287"},"modified":"2022-12-03T17:43:38","modified_gmt":"2022-12-03T17:43:38","slug":"plus-de-1-000-exposants-de-22-pays-a-la-17e-fil-cest-officiellement-parti-pour-la-grande-fete-foraine-internationale","status":"publish","type":"post","link":"https:\/\/macite.tg\/?p=2287","title":{"rendered":"PLUS DE 1.000 EXPOSANTS DE 22 PAYS A LA 17E FIL\u00a0: C\u2019est officiellement parti pour la grande f\u00eate foraine internationale"},"content":{"rendered":"\n<p class=\"wp-block-paragraph\"><strong><em>C\u2019est reparti de plus belle pour la grande f\u00eate foraine au Centre des expositions et foires Togo (CETEF). Hier \u00a0vendredi, la 17\u00e8 \u00e9dition de la Foire internationale de Lom\u00e9 (FIL) a \u00e9t\u00e9 officiellement lanc\u00e9e en pr\u00e9sence de la Cheffe de l\u2019ex\u00e9cutif togolais, Mme Victoire Togom\u00e9gah-Dogb\u00e9.<\/em><\/strong><\/p>\n\n\n\n<p class=\"wp-block-paragraph\">Pour ce grand retour apr\u00e8s deux ann\u00e9es de suspension pour cause de la crise sanitaire \u00e0 coronavirus, la 17\u00e8 \u00e9dition de la FIL accueille un cocktail de plus de 1000 exposants venus de 22 pays de tous les continents.<\/p>\n\n\n<div class=\"wp-block-image\">\n<figure class=\"aligncenter size-large is-resized\"><img loading=\"lazy\" decoding=\"async\" src=\"https:\/\/macite.tg\/wp-content\/uploads\/2022\/11\/ANNONCES-1-1024x426.jpg\" alt=\"\" class=\"wp-image-1602\" width=\"744\" height=\"309\" srcset=\"https:\/\/macite.tg\/wp-content\/uploads\/2022\/11\/ANNONCES-1-1024x426.jpg 1024w, https:\/\/macite.tg\/wp-content\/uploads\/2022\/11\/ANNONCES-1-300x125.jpg 300w, https:\/\/macite.tg\/wp-content\/uploads\/2022\/11\/ANNONCES-1-768x319.jpg 768w, https:\/\/macite.tg\/wp-content\/uploads\/2022\/11\/ANNONCES-1.jpg 1080w\" sizes=\"auto, (max-width: 744px) 100vw, 744px\" \/><\/figure>\n<\/div>\n\n\n<p class=\"wp-block-paragraph\">Une r\u00e9ouverture qui est, selon le ministre du Commerce et de la promotion de la consommation locale, Kodjo Ad\u00e9dz\u00e9, <em>\u00ab l\u2019occasion r\u00eav\u00e9e pour permettre \u00e0 nos petites et moyennes entreprises qui viennent d\u2019\u00eatre dot\u00e9es d\u2019une nouvelles charte, de r\u00e9aliser de bonnes affaires en cette fin d\u2019ann\u00e9e \u00bb.<\/em><\/p>\n\n\n\n<p class=\"wp-block-paragraph\">Pour le Directeur par int\u00e9rim du CETEF, Nomadoli Comlan Yakpey, <em>\u00ab\u00a0C\u2019est un ouf de soulagement pour les op\u00e9rateurs \u00e9conomiques, de saisir cette occasion pour renouer de nouveaux partenariats et faire de bonnes affaires pendant ces moments de f\u00eates de fin d\u2019ann\u00e9e\u00a0\u00bb.<\/em><\/p>\n\n\n\n<p class=\"wp-block-paragraph\">Lanc\u00e9e depuis le 30 novembre dernier, cette f\u00eate foraine internationale vient ainsi d\u2019\u00eatre officiellement ouverte, avec les diff\u00e9rentes activit\u00e9s au programme avec un cocktail de plus de 100 exposants venus de 22 pays de diff\u00e9rents continents.<\/p>\n\n\n\n<p class=\"wp-block-paragraph\">D\u00e9marr\u00e9e le 30 novembre dernier, les rideaux vont se refermer sur la 17\u00e8 Fil le 18 d\u00e9cembre prochain.<\/p>\n\n\n\n<p class=\"wp-block-paragraph\"><strong>JPB<\/strong><\/p>\n\n\n\n<p class=\"wp-block-paragraph\"><strong><em>@macite.info<\/em><\/strong><\/p>\n\n\n\n<p class=\"wp-block-paragraph\"><strong><em>E-mail&nbsp;: <\/em><\/strong><a href=\"mailto:maciteinfo@gmail.com\"><strong><em>maciteinfo@gmail.com<\/em><\/strong><\/a><strong><em>; <\/em><\/strong><a href=\"mailto:bawela1@gmail.com\"><strong><em>bawela1@gmail.com<\/em><\/strong><\/a><strong><em><\/em><\/strong><\/p>\n\n\n\n<p class=\"wp-block-paragraph\"><strong><em>Pour vos annonces, (publi)reportages, etc., joignez nous au (00228) 91515309\/<strong>79872224<\/strong><\/em><\/strong><em><\/em><\/p>\n\n\n\n<p class=\"wp-block-paragraph\"><a href=\"http:\/\/www.macite.info\"><strong><em>www.macite.info<\/em><\/strong><\/a><strong><em>, L\u2019information, la bonne&nbsp;!<\/em><\/strong><\/p>\n","protected":false},"excerpt":{"rendered":"<p class=\"text-justify mb-2\" >C\u2019est reparti de plus belle pour la grande f\u00eate foraine au Centre des expositions et foires Togo (CETEF). Hier \u00a0vendredi, la 17\u00e8 \u00e9dition de la Foire internationale de Lom\u00e9 (FIL) a \u00e9t\u00e9 officiellement lanc\u00e9e en pr\u00e9sence de la Cheffe de l\u2019ex\u00e9cutif togolais, Mme Victoire Togom\u00e9gah-Dogb\u00e9. [&hellip;]<\/p>\n","protected":false},"author":2,"featured_media":2288,"comment_status":"open","ping_status":"open","sticky":false,"template":"","format":"standard","meta":{"footnotes":""},"categories":[3],"tags":[],"class_list":["post-2287","post","type-post","status-publish","format-standard","has-post-thumbnail","hentry","category-economie"],"yoast_head":"<!-- This site is optimized with the Yoast SEO plugin v28.4 - https:\/\/yoast.com\/product\/yoast-seo-wordpress\/ -->\n<title>PLUS DE 1.000 EXPOSANTS DE 22 PAYS A LA 17E FIL\u00a0: C\u2019est officiellement parti pour la grande f\u00eate foraine internationale -<\/title>\n<meta name=\"robots\" content=\"index, follow, max-snippet:-1, max-image-preview:large, max-video-preview:-1\" \/>\n<link rel=\"canonical\" href=\"https:\/\/macite.tg\/?p=2287\" \/>\n<meta property=\"og:locale\" content=\"fr_FR\" \/>\n<meta property=\"og:type\" content=\"article\" \/>\n<meta property=\"og:title\" content=\"PLUS DE 1.000 EXPOSANTS DE 22 PAYS A LA 17E FIL\u00a0: C\u2019est officiellement parti pour la grande f\u00eate foraine internationale -\" \/>\n<meta property=\"og:description\" content=\"C\u2019est reparti de plus belle pour la grande f\u00eate foraine au Centre des expositions et foires Togo (CETEF). Hier \u00a0vendredi, la 17\u00e8 \u00e9dition de la Foire internationale de Lom\u00e9 (FIL) a \u00e9t\u00e9 officiellement lanc\u00e9e en pr\u00e9sence de la Cheffe de l\u2019ex\u00e9cutif togolais, Mme Victoire Togom\u00e9gah-Dogb\u00e9. [&hellip;]\" \/>\n<meta property=\"og:url\" content=\"https:\/\/macite.tg\/?p=2287\" \/>\n<meta property=\"article:published_time\" content=\"2022-12-03T17:43:38+00:00\" \/>\n<meta property=\"og:image\" content=\"https:\/\/macite.tg\/wp-content\/uploads\/2022\/12\/foire.jpg\" \/>\n\t<meta property=\"og:image:width\" content=\"1040\" \/>\n\t<meta property=\"og:image:height\" content=\"780\" \/>\n\t<meta property=\"og:image:type\" content=\"image\/jpeg\" \/>\n<meta name=\"author\" content=\"Jean Pierre BAWELA\" \/>\n<meta name=\"twitter:card\" content=\"summary_large_image\" \/>\n<meta name=\"twitter:label1\" content=\"\u00c9crit par\" \/>\n\t<meta name=\"twitter:data1\" content=\"Jean Pierre BAWELA\" \/>\n\t<meta name=\"twitter:label2\" content=\"Dur\u00e9e de lecture estim\u00e9e\" \/>\n\t<meta name=\"twitter:data2\" content=\"2 minutes\" \/>\n<script type=\"application\/ld+json\" class=\"yoast-schema-graph\">{\"@context\":\"https:\\\/\\\/schema.org\",\"@graph\":[{\"@type\":\"Article\",\"@id\":\"https:\\\/\\\/macite.tg\\\/?p=2287#article\",\"isPartOf\":{\"@id\":\"https:\\\/\\\/macite.tg\\\/?p=2287\"},\"author\":{\"name\":\"Jean Pierre BAWELA\",\"@id\":\"https:\\\/\\\/macite.tg\\\/#\\\/schema\\\/person\\\/e9f2de7e5dbbe7770a9402c7ce82f5c2\"},\"headline\":\"PLUS DE 1.000 EXPOSANTS DE 22 PAYS A LA 17E FIL\u00a0: C\u2019est officiellement parti pour la grande f\u00eate foraine internationale\",\"datePublished\":\"2022-12-03T17:43:38+00:00\",\"mainEntityOfPage\":{\"@id\":\"https:\\\/\\\/macite.tg\\\/?p=2287\"},\"wordCount\":295,\"commentCount\":0,\"image\":{\"@id\":\"https:\\\/\\\/macite.tg\\\/?p=2287#primaryimage\"},\"thumbnailUrl\":\"https:\\\/\\\/macite.tg\\\/wp-content\\\/uploads\\\/2022\\\/12\\\/foire.jpg\",\"articleSection\":[\"ECONOMIE\"],\"inLanguage\":\"fr-FR\",\"potentialAction\":[{\"@type\":\"CommentAction\",\"name\":\"Comment\",\"target\":[\"https:\\\/\\\/macite.tg\\\/?p=2287#respond\"]}]},{\"@type\":\"WebPage\",\"@id\":\"https:\\\/\\\/macite.tg\\\/?p=2287\",\"url\":\"https:\\\/\\\/macite.tg\\\/?p=2287\",\"name\":\"PLUS DE 1.000 EXPOSANTS DE 22 PAYS A LA 17E FIL\u00a0: C\u2019est officiellement parti pour la grande f\u00eate foraine internationale -\",\"isPartOf\":{\"@id\":\"https:\\\/\\\/macite.tg\\\/#website\"},\"primaryImageOfPage\":{\"@id\":\"https:\\\/\\\/macite.tg\\\/?p=2287#primaryimage\"},\"image\":{\"@id\":\"https:\\\/\\\/macite.tg\\\/?p=2287#primaryimage\"},\"thumbnailUrl\":\"https:\\\/\\\/macite.tg\\\/wp-content\\\/uploads\\\/2022\\\/12\\\/foire.jpg\",\"datePublished\":\"2022-12-03T17:43:38+00:00\",\"author\":{\"@id\":\"https:\\\/\\\/macite.tg\\\/#\\\/schema\\\/person\\\/e9f2de7e5dbbe7770a9402c7ce82f5c2\"},\"breadcrumb\":{\"@id\":\"https:\\\/\\\/macite.tg\\\/?p=2287#breadcrumb\"},\"inLanguage\":\"fr-FR\",\"potentialAction\":[{\"@type\":\"ReadAction\",\"target\":[\"https:\\\/\\\/macite.tg\\\/?p=2287\"]}]},{\"@type\":\"ImageObject\",\"inLanguage\":\"fr-FR\",\"@id\":\"https:\\\/\\\/macite.tg\\\/?p=2287#primaryimage\",\"url\":\"https:\\\/\\\/macite.tg\\\/wp-content\\\/uploads\\\/2022\\\/12\\\/foire.jpg\",\"contentUrl\":\"https:\\\/\\\/macite.tg\\\/wp-content\\\/uploads\\\/2022\\\/12\\\/foire.jpg\",\"width\":1040,\"height\":780},{\"@type\":\"BreadcrumbList\",\"@id\":\"https:\\\/\\\/macite.tg\\\/?p=2287#breadcrumb\",\"itemListElement\":[{\"@type\":\"ListItem\",\"position\":1,\"name\":\"Accueil\",\"item\":\"https:\\\/\\\/macite.tg\\\/\"},{\"@type\":\"ListItem\",\"position\":2,\"name\":\"PLUS DE 1.000 EXPOSANTS DE 22 PAYS A LA 17E FIL\u00a0: C\u2019est officiellement parti pour la grande f\u00eate foraine internationale\"}]},{\"@type\":\"WebSite\",\"@id\":\"https:\\\/\\\/macite.tg\\\/#website\",\"url\":\"https:\\\/\\\/macite.tg\\\/\",\"name\":\"\",\"description\":\"L&#039;information, la bonne!!!\",\"potentialAction\":[{\"@type\":\"SearchAction\",\"target\":{\"@type\":\"EntryPoint\",\"urlTemplate\":\"https:\\\/\\\/macite.tg\\\/?s={search_term_string}\"},\"query-input\":{\"@type\":\"PropertyValueSpecification\",\"valueRequired\":true,\"valueName\":\"search_term_string\"}}],\"inLanguage\":\"fr-FR\"},{\"@type\":\"Person\",\"@id\":\"https:\\\/\\\/macite.tg\\\/#\\\/schema\\\/person\\\/e9f2de7e5dbbe7770a9402c7ce82f5c2\",\"name\":\"Jean Pierre BAWELA\",\"image\":{\"@type\":\"ImageObject\",\"inLanguage\":\"fr-FR\",\"@id\":\"https:\\\/\\\/macite.tg\\\/wp-content\\\/uploads\\\/2023\\\/09\\\/WhatsApp-Image-2023-09-19-at-14.44.41-122x122.jpeg\",\"url\":\"https:\\\/\\\/macite.tg\\\/wp-content\\\/uploads\\\/2023\\\/09\\\/WhatsApp-Image-2023-09-19-at-14.44.41-122x122.jpeg\",\"contentUrl\":\"https:\\\/\\\/macite.tg\\\/wp-content\\\/uploads\\\/2023\\\/09\\\/WhatsApp-Image-2023-09-19-at-14.44.41-122x122.jpeg\",\"caption\":\"Jean Pierre BAWELA\"},\"url\":\"https:\\\/\\\/macite.tg\\\/?author=2\"}]}<\/script>\n<!-- \/ Yoast SEO plugin. -->","yoast_head_json":{"title":"PLUS DE 1.000 EXPOSANTS DE 22 PAYS A LA 17E FIL\u00a0: C\u2019est officiellement parti pour la grande f\u00eate foraine internationale -","robots":{"index":"index","follow":"follow","max-snippet":"max-snippet:-1","max-image-preview":"max-image-preview:large","max-video-preview":"max-video-preview:-1"},"canonical":"https:\/\/macite.tg\/?p=2287","og_locale":"fr_FR","og_type":"article","og_title":"PLUS DE 1.000 EXPOSANTS DE 22 PAYS A LA 17E FIL\u00a0: C\u2019est officiellement parti pour la grande f\u00eate foraine internationale -","og_description":"C\u2019est reparti de plus belle pour la grande f\u00eate foraine au Centre des expositions et foires Togo (CETEF). Hier \u00a0vendredi, la 17\u00e8 \u00e9dition de la Foire internationale de Lom\u00e9 (FIL) a \u00e9t\u00e9 officiellement lanc\u00e9e en pr\u00e9sence de la Cheffe de l\u2019ex\u00e9cutif togolais, Mme Victoire Togom\u00e9gah-Dogb\u00e9. [&hellip;]","og_url":"https:\/\/macite.tg\/?p=2287","article_published_time":"2022-12-03T17:43:38+00:00","og_image":[{"width":1040,"height":780,"url":"https:\/\/macite.tg\/wp-content\/uploads\/2022\/12\/foire.jpg","type":"image\/jpeg"}],"author":"Jean Pierre BAWELA","twitter_card":"summary_large_image","twitter_misc":{"\u00c9crit par":"Jean Pierre BAWELA","Dur\u00e9e de lecture estim\u00e9e":"2 minutes"},"schema":{"@context":"https:\/\/schema.org","@graph":[{"@type":"Article","@id":"https:\/\/macite.tg\/?p=2287#article","isPartOf":{"@id":"https:\/\/macite.tg\/?p=2287"},"author":{"name":"Jean Pierre BAWELA","@id":"https:\/\/macite.tg\/#\/schema\/person\/e9f2de7e5dbbe7770a9402c7ce82f5c2"},"headline":"PLUS DE 1.000 EXPOSANTS DE 22 PAYS A LA 17E FIL\u00a0: C\u2019est officiellement parti pour la grande f\u00eate foraine internationale","datePublished":"2022-12-03T17:43:38+00:00","mainEntityOfPage":{"@id":"https:\/\/macite.tg\/?p=2287"},"wordCount":295,"commentCount":0,"image":{"@id":"https:\/\/macite.tg\/?p=2287#primaryimage"},"thumbnailUrl":"https:\/\/macite.tg\/wp-content\/uploads\/2022\/12\/foire.jpg","articleSection":["ECONOMIE"],"inLanguage":"fr-FR","potentialAction":[{"@type":"CommentAction","name":"Comment","target":["https:\/\/macite.tg\/?p=2287#respond"]}]},{"@type":"WebPage","@id":"https:\/\/macite.tg\/?p=2287","url":"https:\/\/macite.tg\/?p=2287","name":"PLUS DE 1.000 EXPOSANTS DE 22 PAYS A LA 17E FIL\u00a0: C\u2019est officiellement parti pour la grande f\u00eate foraine internationale -","isPartOf":{"@id":"https:\/\/macite.tg\/#website"},"primaryImageOfPage":{"@id":"https:\/\/macite.tg\/?p=2287#primaryimage"},"image":{"@id":"https:\/\/macite.tg\/?p=2287#primaryimage"},"thumbnailUrl":"https:\/\/macite.tg\/wp-content\/uploads\/2022\/12\/foire.jpg","datePublished":"2022-12-03T17:43:38+00:00","author":{"@id":"https:\/\/macite.tg\/#\/schema\/person\/e9f2de7e5dbbe7770a9402c7ce82f5c2"},"breadcrumb":{"@id":"https:\/\/macite.tg\/?p=2287#breadcrumb"},"inLanguage":"fr-FR","potentialAction":[{"@type":"ReadAction","target":["https:\/\/macite.tg\/?p=2287"]}]},{"@type":"ImageObject","inLanguage":"fr-FR","@id":"https:\/\/macite.tg\/?p=2287#primaryimage","url":"https:\/\/macite.tg\/wp-content\/uploads\/2022\/12\/foire.jpg","contentUrl":"https:\/\/macite.tg\/wp-content\/uploads\/2022\/12\/foire.jpg","width":1040,"height":780},{"@type":"BreadcrumbList","@id":"https:\/\/macite.tg\/?p=2287#breadcrumb","itemListElement":[{"@type":"ListItem","position":1,"name":"Accueil","item":"https:\/\/macite.tg\/"},{"@type":"ListItem","position":2,"name":"PLUS DE 1.000 EXPOSANTS DE 22 PAYS A LA 17E FIL\u00a0: C\u2019est officiellement parti pour la grande f\u00eate foraine internationale"}]},{"@type":"WebSite","@id":"https:\/\/macite.tg\/#website","url":"https:\/\/macite.tg\/","name":"","description":"L&#039;information, la bonne!!!","potentialAction":[{"@type":"SearchAction","target":{"@type":"EntryPoint","urlTemplate":"https:\/\/macite.tg\/?s={search_term_string}"},"query-input":{"@type":"PropertyValueSpecification","valueRequired":true,"valueName":"search_term_string"}}],"inLanguage":"fr-FR"},{"@type":"Person","@id":"https:\/\/macite.tg\/#\/schema\/person\/e9f2de7e5dbbe7770a9402c7ce82f5c2","name":"Jean Pierre BAWELA","image":{"@type":"ImageObject","inLanguage":"fr-FR","@id":"https:\/\/macite.tg\/wp-content\/uploads\/2023\/09\/WhatsApp-Image-2023-09-19-at-14.44.41-122x122.jpeg","url":"https:\/\/macite.tg\/wp-content\/uploads\/2023\/09\/WhatsApp-Image-2023-09-19-at-14.44.41-122x122.jpeg","contentUrl":"https:\/\/macite.tg\/wp-content\/uploads\/2023\/09\/WhatsApp-Image-2023-09-19-at-14.44.41-122x122.jpeg","caption":"Jean Pierre BAWELA"},"url":"https:\/\/macite.tg\/?author=2"}]}},"_links":{"self":[{"href":"https:\/\/macite.tg\/index.php?rest_route=\/wp\/v2\/posts\/2287","targetHints":{"allow":["GET"]}}],"collection":[{"href":"https:\/\/macite.tg\/index.php?rest_route=\/wp\/v2\/posts"}],"about":[{"href":"https:\/\/macite.tg\/index.php?rest_route=\/wp\/v2\/types\/post"}],"author":[{"embeddable":true,"href":"https:\/\/macite.tg\/index.php?rest_route=\/wp\/v2\/users\/2"}],"replies":[{"embeddable":true,"href":"https:\/\/macite.tg\/index.php?rest_route=%2Fwp%2Fv2%2Fcomments&post=2287"}],"version-history":[{"count":0,"href":"https:\/\/macite.tg\/index.php?rest_route=\/wp\/v2\/posts\/2287\/revisions"}],"wp:featuredmedia":[{"embeddable":true,"href":"https:\/\/macite.tg\/index.php?rest_route=\/wp\/v2\/media\/2288"}],"wp:attachment":[{"href":"https:\/\/macite.tg\/index.php?rest_route=%2Fwp%2Fv2%2Fmedia&parent=2287"}],"wp:term":[{"taxonomy":"category","embeddable":true,"href":"https:\/\/macite.tg\/index.php?rest_route=%2Fwp%2Fv2%2Fcategories&post=2287"},{"taxonomy":"post_tag","embeddable":true,"href":"https:\/\/macite.tg\/index.php?rest_route=%2Fwp%2Fv2%2Ftags&post=2287"}],"curies":[{"name":"wp","href":"https:\/\/api.w.org\/{rel}","templated":true}]}}