{"id":22865,"date":"2025-06-18T17:14:30","date_gmt":"2025-06-18T17:14:30","guid":{"rendered":"https:\/\/macite.tg\/?p=22865"},"modified":"2025-06-18T17:14:37","modified_gmt":"2025-06-18T17:14:37","slug":"conflit-israelo-iranien-mossad-herzliya-plusieurs-zones-strategiques-israeliennes-touchees","status":"publish","type":"post","link":"https:\/\/macite.tg\/?p=22865","title":{"rendered":"CONFLIT ISRAELO-IRANIEN\u00a0: Mossad, Herzliya,\u2026 Plusieurs zones strat\u00e9giques isra\u00e9liennes touch\u00e9es"},"content":{"rendered":"\n<p class=\"wp-block-paragraph\"><strong><em>Dans la nuit du 16 juin, l\u2019arm\u00e9e iranienne a lanc\u00e9 une salve de missiles balistiques contre plusieurs zones strat\u00e9giques en Isra\u00ebl, visant notamment des installations du Mossad \u00e0 Glilot et Herzliya.<\/em><\/strong><\/p>\n\n\n\n<p class=\"wp-block-paragraph\">Selon plusieurs sources concordantes, des b\u00e2timents situ\u00e9s \u00e0 proximit\u00e9 des bureaux du renseignement isra\u00e9lien ont \u00e9t\u00e9 endommag\u00e9s, alors que des d\u00e9bris de missiles ont provoqu\u00e9 d\u2019importants d\u00e9g\u00e2ts mat\u00e9riels. Le bilan humain fait \u00e9tat de cinq civils tu\u00e9s et de plus de 90 bless\u00e9s, principalement \u00e0 Bnei Brak, Ha\u00effa, Petah Tikva et Tel Aviv. Une \u00e9cole a \u00e9galement \u00e9t\u00e9 fortement touch\u00e9e dans la zone de Glilot, accentuant le climat de tension dans la r\u00e9gion.<\/p>\n\n\n<div class=\"wp-block-image\">\n<figure class=\"aligncenter size-full\"><img loading=\"lazy\" decoding=\"async\" width=\"851\" height=\"315\" src=\"https:\/\/macite.tg\/wp-content\/uploads\/2025\/06\/OTR_Ferer-pour-batir-1.jpg\" alt=\"\" class=\"wp-image-22625\" srcset=\"https:\/\/macite.tg\/wp-content\/uploads\/2025\/06\/OTR_Ferer-pour-batir-1.jpg 851w, https:\/\/macite.tg\/wp-content\/uploads\/2025\/06\/OTR_Ferer-pour-batir-1-300x111.jpg 300w, https:\/\/macite.tg\/wp-content\/uploads\/2025\/06\/OTR_Ferer-pour-batir-1-768x284.jpg 768w\" sizes=\"auto, (max-width: 851px) 100vw, 851px\" \/><\/figure>\n<\/div>\n\n\n<p class=\"wp-block-paragraph\">Cette attaque s\u2019inscrit dans une quatri\u00e8me journ\u00e9e cons\u00e9cutive de repr\u00e9sailles iraniennes, en r\u00e9ponse aux frappes isra\u00e9liennes contre des sites de l\u2019IRGC et des installations nucl\u00e9aires sur le sol iranien.<\/p>\n\n\n\n<p class=\"wp-block-paragraph\">Plus de 100 missiles et drones ont \u00e9t\u00e9 lanc\u00e9s en direction d\u2019Isra\u00ebl au cours de cette journ\u00e9e, for\u00e7ant les autorit\u00e9s isra\u00e9liennes \u00e0 renforcer leurs dispositifs de d\u00e9fense, en particulier autour des bases sensibles comme celle de Glilot. Le gouvernement isra\u00e9lien \u00e9voque d\u00e9sormais un acte de provocation directe et pr\u00e9pare de potentielles contre-attaques.<\/p>\n\n\n\n<p class=\"wp-block-paragraph\">Le ciblage d\u00e9lib\u00e9r\u00e9 d\u2019infrastructures li\u00e9es au Mossad marque une nouvelle \u00e9tape dans l\u2019escalade entre T\u00e9h\u00e9ran et Tel Aviv. Si l\u2019Iran justifie son action comme \u00ab d\u00e9fensive \u00bb, la pr\u00e9cision des frappes laisse planer le doute sur ses intentions strat\u00e9giques. Ce d\u00e9veloppement pourrait entra\u00eener de dangereuses repr\u00e9sailles isra\u00e9liennes ou am\u00e9ricaines, avec un risque croissant de basculement vers un conflit r\u00e9gional \u00e9largi.<\/p>\n\n\n<div class=\"wp-block-image\">\n<figure class=\"aligncenter size-large is-resized\"><img loading=\"lazy\" decoding=\"async\" width=\"1024\" height=\"1024\" src=\"https:\/\/macite.tg\/wp-content\/uploads\/2025\/06\/OTR_IMPOT-1024x1024.jpg\" alt=\"\" class=\"wp-image-22662\" style=\"width:638px;height:auto\" srcset=\"https:\/\/macite.tg\/wp-content\/uploads\/2025\/06\/OTR_IMPOT-1024x1024.jpg 1024w, https:\/\/macite.tg\/wp-content\/uploads\/2025\/06\/OTR_IMPOT-300x300.jpg 300w, https:\/\/macite.tg\/wp-content\/uploads\/2025\/06\/OTR_IMPOT-150x150.jpg 150w, https:\/\/macite.tg\/wp-content\/uploads\/2025\/06\/OTR_IMPOT-768x768.jpg 768w, https:\/\/macite.tg\/wp-content\/uploads\/2025\/06\/OTR_IMPOT-1536x1536.jpg 1536w, https:\/\/macite.tg\/wp-content\/uploads\/2025\/06\/OTR_IMPOT-122x122.jpg 122w, https:\/\/macite.tg\/wp-content\/uploads\/2025\/06\/OTR_IMPOT.jpg 2048w\" sizes=\"auto, (max-width: 1024px) 100vw, 1024px\" \/><\/figure>\n<\/div>\n\n\n<p class=\"wp-block-paragraph\">Alors que les \u00c9tats-Unis et l\u2019Union europ\u00e9enne appellent \u00e0 la d\u00e9sescalade,&nbsp;<a href=\"https:\/\/www.senenews.com\/actualites\/conflit-au-moyen-orient-entre-les-appels-de-liran-et-de-lisrael-quelle-posture-pour-le-senegal_546113.html\">Isra\u00ebl<\/a>&nbsp;a pr\u00e9venu qu\u2019il frapperait toute reprise d\u2019attaques. La situation reste extr\u00eamement volatile, avec la possible implication d\u2019autres acteurs r\u00e9gionaux comme le Hezbollah ou les Houthis. Le monde entier suit d\u00e9sormais avec inqui\u00e9tude l\u2019\u00e9volution de ce bras de fer.<\/p>\n\n\n\n<p class=\"wp-block-paragraph\"><strong>SeneNews<\/strong><\/p>\n\n\n\n<p class=\"wp-block-paragraph\"><a><strong><em>@macite.tg&nbsp;&nbsp;&nbsp;&nbsp;&nbsp;&nbsp;&nbsp;&nbsp;<\/em><\/strong><\/a><\/p>\n\n\n\n<p class=\"wp-block-paragraph\"><strong><em>E-mail&nbsp;: <\/em><\/strong><a href=\"mailto:maciteinfo@gmail.com\"><strong><em>maciteinfo@gmail.com<\/em><\/strong><\/a><strong><em>; <\/em><\/strong><a href=\"mailto:bawela1@gmail.com\"><strong><em>bawela1@gmail.com<\/em><\/strong><\/a><strong><em><\/em><\/strong><\/p>\n\n\n\n<p class=\"wp-block-paragraph\"><strong><em>Pour vos annonces, (publi)reportages, etc., joignez-nous au (00228)91515309\/<strong>79872224 <\/strong>www.macite.tg, L\u2019information, la bonne&nbsp;!<\/em><\/strong><\/p>\n\n\n\n<p class=\"wp-block-paragraph\"><\/p>\n","protected":false},"excerpt":{"rendered":"<p class=\"text-justify mb-2\" >Dans la nuit du 16 juin, l\u2019arm\u00e9e iranienne a lanc\u00e9 une salve de missiles balistiques contre plusieurs zones strat\u00e9giques en Isra\u00ebl, visant notamment des installations du Mossad \u00e0 Glilot et Herzliya. Selon plusieurs sources concordantes, des b\u00e2timents situ\u00e9s \u00e0 proximit\u00e9 des bureaux du renseignement isra\u00e9lien [&hellip;]<\/p>\n","protected":false},"author":2,"featured_media":22866,"comment_status":"open","ping_status":"open","sticky":false,"template":"","format":"standard","meta":{"footnotes":""},"categories":[20,28],"tags":[],"class_list":["post-22865","post","type-post","status-publish","format-standard","has-post-thumbnail","hentry","category-actualite","category-securite"],"yoast_head":"<!-- This site is optimized with the Yoast SEO plugin v28.4 - https:\/\/yoast.com\/product\/yoast-seo-wordpress\/ -->\n<title>CONFLIT ISRAELO-IRANIEN\u00a0: Mossad, Herzliya,\u2026 Plusieurs zones strat\u00e9giques isra\u00e9liennes touch\u00e9es -<\/title>\n<meta name=\"robots\" content=\"index, follow, max-snippet:-1, max-image-preview:large, max-video-preview:-1\" \/>\n<link rel=\"canonical\" href=\"https:\/\/macite.tg\/?p=22865\" \/>\n<meta property=\"og:locale\" content=\"fr_FR\" \/>\n<meta property=\"og:type\" content=\"article\" \/>\n<meta property=\"og:title\" content=\"CONFLIT ISRAELO-IRANIEN\u00a0: Mossad, Herzliya,\u2026 Plusieurs zones strat\u00e9giques isra\u00e9liennes touch\u00e9es -\" \/>\n<meta property=\"og:description\" content=\"Dans la nuit du 16 juin, l\u2019arm\u00e9e iranienne a lanc\u00e9 une salve de missiles balistiques contre plusieurs zones strat\u00e9giques en Isra\u00ebl, visant notamment des installations du Mossad \u00e0 Glilot et Herzliya. Selon plusieurs sources concordantes, des b\u00e2timents situ\u00e9s \u00e0 proximit\u00e9 des bureaux du renseignement isra\u00e9lien [&hellip;]\" \/>\n<meta property=\"og:url\" content=\"https:\/\/macite.tg\/?p=22865\" \/>\n<meta property=\"article:published_time\" content=\"2025-06-18T17:14:30+00:00\" \/>\n<meta property=\"article:modified_time\" content=\"2025-06-18T17:14:37+00:00\" \/>\n<meta property=\"og:image\" content=\"https:\/\/macite.tg\/wp-content\/uploads\/2025\/06\/conflit.jpg\" \/>\n\t<meta property=\"og:image:width\" content=\"500\" \/>\n\t<meta property=\"og:image:height\" content=\"292\" \/>\n\t<meta property=\"og:image:type\" content=\"image\/jpeg\" \/>\n<meta name=\"author\" content=\"Jean Pierre BAWELA\" \/>\n<meta name=\"twitter:card\" content=\"summary_large_image\" \/>\n<meta name=\"twitter:label1\" content=\"\u00c9crit par\" \/>\n\t<meta name=\"twitter:data1\" content=\"Jean Pierre BAWELA\" \/>\n\t<meta name=\"twitter:label2\" content=\"Dur\u00e9e de lecture estim\u00e9e\" \/>\n\t<meta name=\"twitter:data2\" content=\"3 minutes\" \/>\n<script type=\"application\/ld+json\" class=\"yoast-schema-graph\">{\"@context\":\"https:\\\/\\\/schema.org\",\"@graph\":[{\"@type\":\"Article\",\"@id\":\"https:\\\/\\\/macite.tg\\\/?p=22865#article\",\"isPartOf\":{\"@id\":\"https:\\\/\\\/macite.tg\\\/?p=22865\"},\"author\":{\"name\":\"Jean Pierre BAWELA\",\"@id\":\"https:\\\/\\\/macite.tg\\\/#\\\/schema\\\/person\\\/e9f2de7e5dbbe7770a9402c7ce82f5c2\"},\"headline\":\"CONFLIT ISRAELO-IRANIEN\u00a0: Mossad, Herzliya,\u2026 Plusieurs zones strat\u00e9giques isra\u00e9liennes touch\u00e9es\",\"datePublished\":\"2025-06-18T17:14:30+00:00\",\"dateModified\":\"2025-06-18T17:14:37+00:00\",\"mainEntityOfPage\":{\"@id\":\"https:\\\/\\\/macite.tg\\\/?p=22865\"},\"wordCount\":402,\"commentCount\":0,\"image\":{\"@id\":\"https:\\\/\\\/macite.tg\\\/?p=22865#primaryimage\"},\"thumbnailUrl\":\"https:\\\/\\\/macite.tg\\\/wp-content\\\/uploads\\\/2025\\\/06\\\/conflit.jpg\",\"articleSection\":[\"ACTUALITE\",\"SECURITE\"],\"inLanguage\":\"fr-FR\",\"potentialAction\":[{\"@type\":\"CommentAction\",\"name\":\"Comment\",\"target\":[\"https:\\\/\\\/macite.tg\\\/?p=22865#respond\"]}]},{\"@type\":\"WebPage\",\"@id\":\"https:\\\/\\\/macite.tg\\\/?p=22865\",\"url\":\"https:\\\/\\\/macite.tg\\\/?p=22865\",\"name\":\"CONFLIT ISRAELO-IRANIEN\u00a0: Mossad, Herzliya,\u2026 Plusieurs zones strat\u00e9giques isra\u00e9liennes touch\u00e9es -\",\"isPartOf\":{\"@id\":\"https:\\\/\\\/macite.tg\\\/#website\"},\"primaryImageOfPage\":{\"@id\":\"https:\\\/\\\/macite.tg\\\/?p=22865#primaryimage\"},\"image\":{\"@id\":\"https:\\\/\\\/macite.tg\\\/?p=22865#primaryimage\"},\"thumbnailUrl\":\"https:\\\/\\\/macite.tg\\\/wp-content\\\/uploads\\\/2025\\\/06\\\/conflit.jpg\",\"datePublished\":\"2025-06-18T17:14:30+00:00\",\"dateModified\":\"2025-06-18T17:14:37+00:00\",\"author\":{\"@id\":\"https:\\\/\\\/macite.tg\\\/#\\\/schema\\\/person\\\/e9f2de7e5dbbe7770a9402c7ce82f5c2\"},\"breadcrumb\":{\"@id\":\"https:\\\/\\\/macite.tg\\\/?p=22865#breadcrumb\"},\"inLanguage\":\"fr-FR\",\"potentialAction\":[{\"@type\":\"ReadAction\",\"target\":[\"https:\\\/\\\/macite.tg\\\/?p=22865\"]}]},{\"@type\":\"ImageObject\",\"inLanguage\":\"fr-FR\",\"@id\":\"https:\\\/\\\/macite.tg\\\/?p=22865#primaryimage\",\"url\":\"https:\\\/\\\/macite.tg\\\/wp-content\\\/uploads\\\/2025\\\/06\\\/conflit.jpg\",\"contentUrl\":\"https:\\\/\\\/macite.tg\\\/wp-content\\\/uploads\\\/2025\\\/06\\\/conflit.jpg\",\"width\":500,\"height\":292},{\"@type\":\"BreadcrumbList\",\"@id\":\"https:\\\/\\\/macite.tg\\\/?p=22865#breadcrumb\",\"itemListElement\":[{\"@type\":\"ListItem\",\"position\":1,\"name\":\"Accueil\",\"item\":\"https:\\\/\\\/macite.tg\\\/\"},{\"@type\":\"ListItem\",\"position\":2,\"name\":\"CONFLIT ISRAELO-IRANIEN\u00a0: Mossad, Herzliya,\u2026 Plusieurs zones strat\u00e9giques isra\u00e9liennes touch\u00e9es\"}]},{\"@type\":\"WebSite\",\"@id\":\"https:\\\/\\\/macite.tg\\\/#website\",\"url\":\"https:\\\/\\\/macite.tg\\\/\",\"name\":\"\",\"description\":\"L&#039;information, la bonne!!!\",\"potentialAction\":[{\"@type\":\"SearchAction\",\"target\":{\"@type\":\"EntryPoint\",\"urlTemplate\":\"https:\\\/\\\/macite.tg\\\/?s={search_term_string}\"},\"query-input\":{\"@type\":\"PropertyValueSpecification\",\"valueRequired\":true,\"valueName\":\"search_term_string\"}}],\"inLanguage\":\"fr-FR\"},{\"@type\":\"Person\",\"@id\":\"https:\\\/\\\/macite.tg\\\/#\\\/schema\\\/person\\\/e9f2de7e5dbbe7770a9402c7ce82f5c2\",\"name\":\"Jean Pierre BAWELA\",\"image\":{\"@type\":\"ImageObject\",\"inLanguage\":\"fr-FR\",\"@id\":\"https:\\\/\\\/macite.tg\\\/wp-content\\\/uploads\\\/2023\\\/09\\\/WhatsApp-Image-2023-09-19-at-14.44.41-122x122.jpeg\",\"url\":\"https:\\\/\\\/macite.tg\\\/wp-content\\\/uploads\\\/2023\\\/09\\\/WhatsApp-Image-2023-09-19-at-14.44.41-122x122.jpeg\",\"contentUrl\":\"https:\\\/\\\/macite.tg\\\/wp-content\\\/uploads\\\/2023\\\/09\\\/WhatsApp-Image-2023-09-19-at-14.44.41-122x122.jpeg\",\"caption\":\"Jean Pierre BAWELA\"},\"url\":\"https:\\\/\\\/macite.tg\\\/?author=2\"}]}<\/script>\n<!-- \/ Yoast SEO plugin. -->","yoast_head_json":{"title":"CONFLIT ISRAELO-IRANIEN\u00a0: Mossad, Herzliya,\u2026 Plusieurs zones strat\u00e9giques isra\u00e9liennes touch\u00e9es -","robots":{"index":"index","follow":"follow","max-snippet":"max-snippet:-1","max-image-preview":"max-image-preview:large","max-video-preview":"max-video-preview:-1"},"canonical":"https:\/\/macite.tg\/?p=22865","og_locale":"fr_FR","og_type":"article","og_title":"CONFLIT ISRAELO-IRANIEN\u00a0: Mossad, Herzliya,\u2026 Plusieurs zones strat\u00e9giques isra\u00e9liennes touch\u00e9es -","og_description":"Dans la nuit du 16 juin, l\u2019arm\u00e9e iranienne a lanc\u00e9 une salve de missiles balistiques contre plusieurs zones strat\u00e9giques en Isra\u00ebl, visant notamment des installations du Mossad \u00e0 Glilot et Herzliya. Selon plusieurs sources concordantes, des b\u00e2timents situ\u00e9s \u00e0 proximit\u00e9 des bureaux du renseignement isra\u00e9lien [&hellip;]","og_url":"https:\/\/macite.tg\/?p=22865","article_published_time":"2025-06-18T17:14:30+00:00","article_modified_time":"2025-06-18T17:14:37+00:00","og_image":[{"width":500,"height":292,"url":"https:\/\/macite.tg\/wp-content\/uploads\/2025\/06\/conflit.jpg","type":"image\/jpeg"}],"author":"Jean Pierre BAWELA","twitter_card":"summary_large_image","twitter_misc":{"\u00c9crit par":"Jean Pierre BAWELA","Dur\u00e9e de lecture estim\u00e9e":"3 minutes"},"schema":{"@context":"https:\/\/schema.org","@graph":[{"@type":"Article","@id":"https:\/\/macite.tg\/?p=22865#article","isPartOf":{"@id":"https:\/\/macite.tg\/?p=22865"},"author":{"name":"Jean Pierre BAWELA","@id":"https:\/\/macite.tg\/#\/schema\/person\/e9f2de7e5dbbe7770a9402c7ce82f5c2"},"headline":"CONFLIT ISRAELO-IRANIEN\u00a0: Mossad, Herzliya,\u2026 Plusieurs zones strat\u00e9giques isra\u00e9liennes touch\u00e9es","datePublished":"2025-06-18T17:14:30+00:00","dateModified":"2025-06-18T17:14:37+00:00","mainEntityOfPage":{"@id":"https:\/\/macite.tg\/?p=22865"},"wordCount":402,"commentCount":0,"image":{"@id":"https:\/\/macite.tg\/?p=22865#primaryimage"},"thumbnailUrl":"https:\/\/macite.tg\/wp-content\/uploads\/2025\/06\/conflit.jpg","articleSection":["ACTUALITE","SECURITE"],"inLanguage":"fr-FR","potentialAction":[{"@type":"CommentAction","name":"Comment","target":["https:\/\/macite.tg\/?p=22865#respond"]}]},{"@type":"WebPage","@id":"https:\/\/macite.tg\/?p=22865","url":"https:\/\/macite.tg\/?p=22865","name":"CONFLIT ISRAELO-IRANIEN\u00a0: Mossad, Herzliya,\u2026 Plusieurs zones strat\u00e9giques isra\u00e9liennes touch\u00e9es -","isPartOf":{"@id":"https:\/\/macite.tg\/#website"},"primaryImageOfPage":{"@id":"https:\/\/macite.tg\/?p=22865#primaryimage"},"image":{"@id":"https:\/\/macite.tg\/?p=22865#primaryimage"},"thumbnailUrl":"https:\/\/macite.tg\/wp-content\/uploads\/2025\/06\/conflit.jpg","datePublished":"2025-06-18T17:14:30+00:00","dateModified":"2025-06-18T17:14:37+00:00","author":{"@id":"https:\/\/macite.tg\/#\/schema\/person\/e9f2de7e5dbbe7770a9402c7ce82f5c2"},"breadcrumb":{"@id":"https:\/\/macite.tg\/?p=22865#breadcrumb"},"inLanguage":"fr-FR","potentialAction":[{"@type":"ReadAction","target":["https:\/\/macite.tg\/?p=22865"]}]},{"@type":"ImageObject","inLanguage":"fr-FR","@id":"https:\/\/macite.tg\/?p=22865#primaryimage","url":"https:\/\/macite.tg\/wp-content\/uploads\/2025\/06\/conflit.jpg","contentUrl":"https:\/\/macite.tg\/wp-content\/uploads\/2025\/06\/conflit.jpg","width":500,"height":292},{"@type":"BreadcrumbList","@id":"https:\/\/macite.tg\/?p=22865#breadcrumb","itemListElement":[{"@type":"ListItem","position":1,"name":"Accueil","item":"https:\/\/macite.tg\/"},{"@type":"ListItem","position":2,"name":"CONFLIT ISRAELO-IRANIEN\u00a0: Mossad, Herzliya,\u2026 Plusieurs zones strat\u00e9giques isra\u00e9liennes touch\u00e9es"}]},{"@type":"WebSite","@id":"https:\/\/macite.tg\/#website","url":"https:\/\/macite.tg\/","name":"","description":"L&#039;information, la bonne!!!","potentialAction":[{"@type":"SearchAction","target":{"@type":"EntryPoint","urlTemplate":"https:\/\/macite.tg\/?s={search_term_string}"},"query-input":{"@type":"PropertyValueSpecification","valueRequired":true,"valueName":"search_term_string"}}],"inLanguage":"fr-FR"},{"@type":"Person","@id":"https:\/\/macite.tg\/#\/schema\/person\/e9f2de7e5dbbe7770a9402c7ce82f5c2","name":"Jean Pierre BAWELA","image":{"@type":"ImageObject","inLanguage":"fr-FR","@id":"https:\/\/macite.tg\/wp-content\/uploads\/2023\/09\/WhatsApp-Image-2023-09-19-at-14.44.41-122x122.jpeg","url":"https:\/\/macite.tg\/wp-content\/uploads\/2023\/09\/WhatsApp-Image-2023-09-19-at-14.44.41-122x122.jpeg","contentUrl":"https:\/\/macite.tg\/wp-content\/uploads\/2023\/09\/WhatsApp-Image-2023-09-19-at-14.44.41-122x122.jpeg","caption":"Jean Pierre BAWELA"},"url":"https:\/\/macite.tg\/?author=2"}]}},"_links":{"self":[{"href":"https:\/\/macite.tg\/index.php?rest_route=\/wp\/v2\/posts\/22865","targetHints":{"allow":["GET"]}}],"collection":[{"href":"https:\/\/macite.tg\/index.php?rest_route=\/wp\/v2\/posts"}],"about":[{"href":"https:\/\/macite.tg\/index.php?rest_route=\/wp\/v2\/types\/post"}],"author":[{"embeddable":true,"href":"https:\/\/macite.tg\/index.php?rest_route=\/wp\/v2\/users\/2"}],"replies":[{"embeddable":true,"href":"https:\/\/macite.tg\/index.php?rest_route=%2Fwp%2Fv2%2Fcomments&post=22865"}],"version-history":[{"count":0,"href":"https:\/\/macite.tg\/index.php?rest_route=\/wp\/v2\/posts\/22865\/revisions"}],"wp:featuredmedia":[{"embeddable":true,"href":"https:\/\/macite.tg\/index.php?rest_route=\/wp\/v2\/media\/22866"}],"wp:attachment":[{"href":"https:\/\/macite.tg\/index.php?rest_route=%2Fwp%2Fv2%2Fmedia&parent=22865"}],"wp:term":[{"taxonomy":"category","embeddable":true,"href":"https:\/\/macite.tg\/index.php?rest_route=%2Fwp%2Fv2%2Fcategories&post=22865"},{"taxonomy":"post_tag","embeddable":true,"href":"https:\/\/macite.tg\/index.php?rest_route=%2Fwp%2Fv2%2Ftags&post=22865"}],"curies":[{"name":"wp","href":"https:\/\/api.w.org\/{rel}","templated":true}]}}