{"id":22862,"date":"2025-06-18T16:25:28","date_gmt":"2025-06-18T16:25:28","guid":{"rendered":"https:\/\/macite.tg\/?p=22862"},"modified":"2025-06-18T16:25:31","modified_gmt":"2025-06-18T16:25:31","slug":"education-un-des-secteurs-prioritaires-pour-lexecutif-togolais","status":"publish","type":"post","link":"https:\/\/macite.tg\/?p=22862","title":{"rendered":"EDUCATION\u00a0: Un des secteurs prioritaires pour l\u2019ex\u00e9cutif togolais"},"content":{"rendered":"\n<p class=\"wp-block-paragraph\"><strong><em>La marche vers le d\u00e9veloppement exige que certains secteurs b\u00e9n\u00e9ficient d&rsquo;une attention continue des dirigeants. Au Togo, l&rsquo;\u00e9ducation figure parmi ces domaines que le gouvernement n&rsquo;abandonne jamais aux al\u00e9as du quotidien. V\u00e9ritable pilier d&rsquo;\u00e9mergence, l&rsquo;\u00e9cole togolaise jouit d&rsquo;une vigilance soutenue des autorit\u00e9s, qui veillent \u00e0 ce que chaque r\u00e9forme soit pens\u00e9e, accompagn\u00e9e et suivie.<\/em><\/strong><\/p>\n\n\n\n<p class=\"wp-block-paragraph\">Depuis les premi\u00e8res heures de la refondation \u00e9conomique et sociale engag\u00e9e par le pays, le secteur \u00e9ducatif demeure une priorit\u00e9 incontestable. Qu&rsquo;il s&rsquo;agisse du pr\u00e9scolaire, du primaire, du secondaire ou de l&rsquo;enseignement sup\u00e9rieur, l&rsquo;\u00c9tat multiplie les initiatives pour renforcer les acquis et combler les insuffisances.<\/p>\n\n\n\n<p class=\"wp-block-paragraph\">De nouvelles salles de classe voient le jour, les programmes sont r\u00e9vis\u00e9s et des efforts constants sont consacr\u00e9s \u00e0 la formation des enseignants ainsi qu&rsquo;\u00e0 l&rsquo;am\u00e9lioration de leurs conditions de travail. Cette r\u00e9gularit\u00e9 dans l&rsquo;action traduit la volont\u00e9 des pouvoirs publics de ne jamais perdre de vue les besoins r\u00e9els du terrain.<\/p>\n\n\n<div class=\"wp-block-image\">\n<figure class=\"aligncenter size-full\"><img loading=\"lazy\" decoding=\"async\" width=\"851\" height=\"315\" src=\"https:\/\/macite.tg\/wp-content\/uploads\/2025\/06\/OTR_Ferer-pour-batir-1.jpg\" alt=\"\" class=\"wp-image-22625\" srcset=\"https:\/\/macite.tg\/wp-content\/uploads\/2025\/06\/OTR_Ferer-pour-batir-1.jpg 851w, https:\/\/macite.tg\/wp-content\/uploads\/2025\/06\/OTR_Ferer-pour-batir-1-300x111.jpg 300w, https:\/\/macite.tg\/wp-content\/uploads\/2025\/06\/OTR_Ferer-pour-batir-1-768x284.jpg 768w\" sizes=\"auto, (max-width: 851px) 100vw, 851px\" \/><\/figure>\n<\/div>\n\n\n<p class=\"wp-block-paragraph\"><strong>Des actions concr\u00e8tes et mesurables<\/strong><\/p>\n\n\n\n<p class=\"wp-block-paragraph\">Le gouvernement agit. Les chiffres en t\u00e9moignent : plusieurs milliers de nouvelles salles de classe ont \u00e9t\u00e9 construites sur l&rsquo;ensemble du territoire ces derni\u00e8res ann\u00e9es. Des lyc\u00e9es sont implant\u00e9s dans les r\u00e9gions, les universit\u00e9s voient leur capacit\u00e9 d&rsquo;accueil se renforcer gr\u00e2ce \u00e0 la construction de nouveaux amphith\u00e9\u00e2tres et de laboratoires, etc.<\/p>\n\n\n\n<p class=\"wp-block-paragraph\">Le 11 juin 2025, le gouvernement a d\u00e9voil\u00e9 les r\u00e9sultats de la revue du Plan sectoriel de l&rsquo;\u00e9ducation (PSE) pour les ann\u00e9es 2023 et 2024. Il en ressort que, dans le cadre du PSE, 1.098 nouvelles salles de classe ont \u00e9t\u00e9 construites et 690 ont \u00e9t\u00e9 r\u00e9habilit\u00e9es dans l&rsquo;enseignement pr\u00e9scolaire, primaire et secondaire.<\/p>\n\n\n\n<p class=\"wp-block-paragraph\">En ce qui concerne l&rsquo;enseignement technique et la formation professionnelle, les r\u00e9alisations comprennent 107 salles de classe construites ou r\u00e9nov\u00e9es, 49 ateliers techniques, 16 magasins, 3 salles informatiques et 60 dortoirs. Par ailleurs, le Centre de formation aux m\u00e9tiers de l&rsquo;industrie (CFMI) a \u00e9t\u00e9 touch\u00e9 par les investissements qui visent \u00e0 d\u00e9velopper ses fili\u00e8res et \u00e0 renforcer comme cela se doit sa capacit\u00e9 d&rsquo;accueil.<\/p>\n\n\n\n<p class=\"wp-block-paragraph\">Au niveau de l&rsquo;enseignement sup\u00e9rieur, le PSE a favoris\u00e9 l&rsquo;ouverture du bloc p\u00e9dagogique Wascal et la construction de deux (02) centres de recherche que sont le Cervida et le Cerme.<\/p>\n\n\n\n<p class=\"wp-block-paragraph\"><strong>Un secteur surveill\u00e9 et r\u00e9ajust\u00e9 au besoin<\/strong><\/p>\n\n\n\n<p class=\"wp-block-paragraph\">En effet, l&rsquo;une des forces de la politique \u00e9ducative togolaise r\u00e9side dans sa capacit\u00e9 \u00e0 s&rsquo;adapter. Les autorit\u00e9s ne se contentent pas de lancer des projets ; elles en \u00e9valuent r\u00e9guli\u00e8rement l&rsquo;impact et r\u00e9ajustent les strat\u00e9gies lorsque cela s&rsquo;impose.<\/p>\n\n\n<div class=\"wp-block-image\">\n<figure class=\"aligncenter size-large is-resized\"><img loading=\"lazy\" decoding=\"async\" width=\"1024\" height=\"1024\" src=\"https:\/\/macite.tg\/wp-content\/uploads\/2025\/06\/Geo-ref-1024x1024.png\" alt=\"\" class=\"wp-image-22812\" style=\"width:594px;height:auto\" srcset=\"https:\/\/macite.tg\/wp-content\/uploads\/2025\/06\/Geo-ref-1024x1024.png 1024w, https:\/\/macite.tg\/wp-content\/uploads\/2025\/06\/Geo-ref-300x300.png 300w, https:\/\/macite.tg\/wp-content\/uploads\/2025\/06\/Geo-ref-150x150.png 150w, https:\/\/macite.tg\/wp-content\/uploads\/2025\/06\/Geo-ref-768x768.png 768w, https:\/\/macite.tg\/wp-content\/uploads\/2025\/06\/Geo-ref-122x122.png 122w, https:\/\/macite.tg\/wp-content\/uploads\/2025\/06\/Geo-ref.png 1080w\" sizes=\"auto, (max-width: 1024px) 100vw, 1024px\" \/><\/figure>\n<\/div>\n\n\n<p class=\"wp-block-paragraph\">C&rsquo;est ainsi que des r\u00e9formes ont \u00e9t\u00e9 entreprises pour renforcer l&rsquo;enseignement technique et professionnel, afin de mieux r\u00e9pondre aux besoins du march\u00e9 de l&#8217;emploi et de r\u00e9duire le taux de ch\u00f4mage des jeunes dipl\u00f4m\u00e9s, entre autres exemples.<\/p>\n\n\n\n<p class=\"wp-block-paragraph\">En pla\u00e7ant l&rsquo;\u00e9ducation au c\u0153ur de ses priorit\u00e9s et en la surveillant avec constance, le Togo s&rsquo;assure de b\u00e2tir une g\u00e9n\u00e9ration \u00e9clair\u00e9e, capable de porter le pays vers un avenir plus prosp\u00e8re et davantage \u00e9quitable, conform\u00e9ment \u00e0 la Feuille de route gouvernementale.<\/p>\n\n\n\n<p class=\"wp-block-paragraph\"><strong>Samir<\/strong><\/p>\n\n\n\n<p class=\"wp-block-paragraph\"><a><strong><em>@macite.tg&nbsp;&nbsp;&nbsp;&nbsp;&nbsp;&nbsp;&nbsp;&nbsp;<\/em><\/strong><\/a><\/p>\n\n\n\n<p class=\"wp-block-paragraph\"><strong><em>E-mail&nbsp;: <\/em><\/strong><a href=\"mailto:maciteinfo@gmail.com\"><em>maciteinfo@gmail.com<\/em><\/a><strong><em>; <\/em><\/strong><a href=\"mailto:bawela1@gmail.com\"><em>bawela1@gmail.com<\/em><\/a><em><\/em><\/p>\n\n\n\n<p class=\"wp-block-paragraph\"><strong><em>Pour vos annonces, (publi)reportages, etc., joignez-nous au (00228)91515309\/<strong>79872224 <\/strong>www.macite.tg, L\u2019information, la bonne&nbsp;!<\/em><\/strong><\/p>\n\n\n\n<p class=\"wp-block-paragraph\"><\/p>\n","protected":false},"excerpt":{"rendered":"<p class=\"text-justify mb-2\" >La marche vers le d\u00e9veloppement exige que certains secteurs b\u00e9n\u00e9ficient d&rsquo;une attention continue des dirigeants. Au Togo, l&rsquo;\u00e9ducation figure parmi ces domaines que le gouvernement n&rsquo;abandonne jamais aux al\u00e9as du quotidien. V\u00e9ritable pilier d&rsquo;\u00e9mergence, l&rsquo;\u00e9cole togolaise jouit d&rsquo;une vigilance soutenue des autorit\u00e9s, qui veillent \u00e0 [&hellip;]<\/p>\n","protected":false},"author":2,"featured_media":22863,"comment_status":"open","ping_status":"open","sticky":false,"template":"","format":"standard","meta":{"footnotes":""},"categories":[20,4],"tags":[],"class_list":["post-22862","post","type-post","status-publish","format-standard","has-post-thumbnail","hentry","category-actualite","category-education"],"yoast_head":"<!-- This site is optimized with the Yoast SEO plugin v28.4 - https:\/\/yoast.com\/product\/yoast-seo-wordpress\/ -->\n<title>EDUCATION\u00a0: Un des secteurs prioritaires pour l\u2019ex\u00e9cutif togolais -<\/title>\n<meta name=\"robots\" content=\"index, follow, max-snippet:-1, max-image-preview:large, max-video-preview:-1\" \/>\n<link rel=\"canonical\" href=\"https:\/\/macite.tg\/?p=22862\" \/>\n<meta property=\"og:locale\" content=\"fr_FR\" \/>\n<meta property=\"og:type\" content=\"article\" \/>\n<meta property=\"og:title\" content=\"EDUCATION\u00a0: Un des secteurs prioritaires pour l\u2019ex\u00e9cutif togolais -\" \/>\n<meta property=\"og:description\" content=\"La marche vers le d\u00e9veloppement exige que certains secteurs b\u00e9n\u00e9ficient d&rsquo;une attention continue des dirigeants. Au Togo, l&rsquo;\u00e9ducation figure parmi ces domaines que le gouvernement n&rsquo;abandonne jamais aux al\u00e9as du quotidien. V\u00e9ritable pilier d&rsquo;\u00e9mergence, l&rsquo;\u00e9cole togolaise jouit d&rsquo;une vigilance soutenue des autorit\u00e9s, qui veillent \u00e0 [&hellip;]\" \/>\n<meta property=\"og:url\" content=\"https:\/\/macite.tg\/?p=22862\" \/>\n<meta property=\"article:published_time\" content=\"2025-06-18T16:25:28+00:00\" \/>\n<meta property=\"article:modified_time\" content=\"2025-06-18T16:25:31+00:00\" \/>\n<meta property=\"og:image\" content=\"https:\/\/macite.tg\/wp-content\/uploads\/2025\/06\/image-66.png\" \/>\n\t<meta property=\"og:image:width\" content=\"454\" \/>\n\t<meta property=\"og:image:height\" content=\"303\" \/>\n\t<meta property=\"og:image:type\" content=\"image\/png\" \/>\n<meta name=\"author\" content=\"Jean Pierre BAWELA\" \/>\n<meta name=\"twitter:card\" content=\"summary_large_image\" \/>\n<meta name=\"twitter:label1\" content=\"\u00c9crit par\" \/>\n\t<meta name=\"twitter:data1\" content=\"Jean Pierre BAWELA\" \/>\n\t<meta name=\"twitter:label2\" content=\"Dur\u00e9e de lecture estim\u00e9e\" \/>\n\t<meta name=\"twitter:data2\" content=\"4 minutes\" \/>\n<script type=\"application\/ld+json\" class=\"yoast-schema-graph\">{\"@context\":\"https:\\\/\\\/schema.org\",\"@graph\":[{\"@type\":\"Article\",\"@id\":\"https:\\\/\\\/macite.tg\\\/?p=22862#article\",\"isPartOf\":{\"@id\":\"https:\\\/\\\/macite.tg\\\/?p=22862\"},\"author\":{\"name\":\"Jean Pierre BAWELA\",\"@id\":\"https:\\\/\\\/macite.tg\\\/#\\\/schema\\\/person\\\/e9f2de7e5dbbe7770a9402c7ce82f5c2\"},\"headline\":\"EDUCATION\u00a0: Un des secteurs prioritaires pour l\u2019ex\u00e9cutif togolais\",\"datePublished\":\"2025-06-18T16:25:28+00:00\",\"dateModified\":\"2025-06-18T16:25:31+00:00\",\"mainEntityOfPage\":{\"@id\":\"https:\\\/\\\/macite.tg\\\/?p=22862\"},\"wordCount\":598,\"commentCount\":0,\"image\":{\"@id\":\"https:\\\/\\\/macite.tg\\\/?p=22862#primaryimage\"},\"thumbnailUrl\":\"https:\\\/\\\/macite.tg\\\/wp-content\\\/uploads\\\/2025\\\/06\\\/image-66.png\",\"articleSection\":[\"ACTUALITE\",\"EDUCATION\"],\"inLanguage\":\"fr-FR\",\"potentialAction\":[{\"@type\":\"CommentAction\",\"name\":\"Comment\",\"target\":[\"https:\\\/\\\/macite.tg\\\/?p=22862#respond\"]}]},{\"@type\":\"WebPage\",\"@id\":\"https:\\\/\\\/macite.tg\\\/?p=22862\",\"url\":\"https:\\\/\\\/macite.tg\\\/?p=22862\",\"name\":\"EDUCATION\u00a0: Un des secteurs prioritaires pour l\u2019ex\u00e9cutif togolais -\",\"isPartOf\":{\"@id\":\"https:\\\/\\\/macite.tg\\\/#website\"},\"primaryImageOfPage\":{\"@id\":\"https:\\\/\\\/macite.tg\\\/?p=22862#primaryimage\"},\"image\":{\"@id\":\"https:\\\/\\\/macite.tg\\\/?p=22862#primaryimage\"},\"thumbnailUrl\":\"https:\\\/\\\/macite.tg\\\/wp-content\\\/uploads\\\/2025\\\/06\\\/image-66.png\",\"datePublished\":\"2025-06-18T16:25:28+00:00\",\"dateModified\":\"2025-06-18T16:25:31+00:00\",\"author\":{\"@id\":\"https:\\\/\\\/macite.tg\\\/#\\\/schema\\\/person\\\/e9f2de7e5dbbe7770a9402c7ce82f5c2\"},\"breadcrumb\":{\"@id\":\"https:\\\/\\\/macite.tg\\\/?p=22862#breadcrumb\"},\"inLanguage\":\"fr-FR\",\"potentialAction\":[{\"@type\":\"ReadAction\",\"target\":[\"https:\\\/\\\/macite.tg\\\/?p=22862\"]}]},{\"@type\":\"ImageObject\",\"inLanguage\":\"fr-FR\",\"@id\":\"https:\\\/\\\/macite.tg\\\/?p=22862#primaryimage\",\"url\":\"https:\\\/\\\/macite.tg\\\/wp-content\\\/uploads\\\/2025\\\/06\\\/image-66.png\",\"contentUrl\":\"https:\\\/\\\/macite.tg\\\/wp-content\\\/uploads\\\/2025\\\/06\\\/image-66.png\",\"width\":454,\"height\":303},{\"@type\":\"BreadcrumbList\",\"@id\":\"https:\\\/\\\/macite.tg\\\/?p=22862#breadcrumb\",\"itemListElement\":[{\"@type\":\"ListItem\",\"position\":1,\"name\":\"Accueil\",\"item\":\"https:\\\/\\\/macite.tg\\\/\"},{\"@type\":\"ListItem\",\"position\":2,\"name\":\"EDUCATION\u00a0: Un des secteurs prioritaires pour l\u2019ex\u00e9cutif togolais\"}]},{\"@type\":\"WebSite\",\"@id\":\"https:\\\/\\\/macite.tg\\\/#website\",\"url\":\"https:\\\/\\\/macite.tg\\\/\",\"name\":\"\",\"description\":\"L&#039;information, la bonne!!!\",\"potentialAction\":[{\"@type\":\"SearchAction\",\"target\":{\"@type\":\"EntryPoint\",\"urlTemplate\":\"https:\\\/\\\/macite.tg\\\/?s={search_term_string}\"},\"query-input\":{\"@type\":\"PropertyValueSpecification\",\"valueRequired\":true,\"valueName\":\"search_term_string\"}}],\"inLanguage\":\"fr-FR\"},{\"@type\":\"Person\",\"@id\":\"https:\\\/\\\/macite.tg\\\/#\\\/schema\\\/person\\\/e9f2de7e5dbbe7770a9402c7ce82f5c2\",\"name\":\"Jean Pierre BAWELA\",\"image\":{\"@type\":\"ImageObject\",\"inLanguage\":\"fr-FR\",\"@id\":\"https:\\\/\\\/macite.tg\\\/wp-content\\\/uploads\\\/2023\\\/09\\\/WhatsApp-Image-2023-09-19-at-14.44.41-122x122.jpeg\",\"url\":\"https:\\\/\\\/macite.tg\\\/wp-content\\\/uploads\\\/2023\\\/09\\\/WhatsApp-Image-2023-09-19-at-14.44.41-122x122.jpeg\",\"contentUrl\":\"https:\\\/\\\/macite.tg\\\/wp-content\\\/uploads\\\/2023\\\/09\\\/WhatsApp-Image-2023-09-19-at-14.44.41-122x122.jpeg\",\"caption\":\"Jean Pierre BAWELA\"},\"url\":\"https:\\\/\\\/macite.tg\\\/?author=2\"}]}<\/script>\n<!-- \/ Yoast SEO plugin. -->","yoast_head_json":{"title":"EDUCATION\u00a0: Un des secteurs prioritaires pour l\u2019ex\u00e9cutif togolais -","robots":{"index":"index","follow":"follow","max-snippet":"max-snippet:-1","max-image-preview":"max-image-preview:large","max-video-preview":"max-video-preview:-1"},"canonical":"https:\/\/macite.tg\/?p=22862","og_locale":"fr_FR","og_type":"article","og_title":"EDUCATION\u00a0: Un des secteurs prioritaires pour l\u2019ex\u00e9cutif togolais -","og_description":"La marche vers le d\u00e9veloppement exige que certains secteurs b\u00e9n\u00e9ficient d&rsquo;une attention continue des dirigeants. Au Togo, l&rsquo;\u00e9ducation figure parmi ces domaines que le gouvernement n&rsquo;abandonne jamais aux al\u00e9as du quotidien. V\u00e9ritable pilier d&rsquo;\u00e9mergence, l&rsquo;\u00e9cole togolaise jouit d&rsquo;une vigilance soutenue des autorit\u00e9s, qui veillent \u00e0 [&hellip;]","og_url":"https:\/\/macite.tg\/?p=22862","article_published_time":"2025-06-18T16:25:28+00:00","article_modified_time":"2025-06-18T16:25:31+00:00","og_image":[{"width":454,"height":303,"url":"https:\/\/macite.tg\/wp-content\/uploads\/2025\/06\/image-66.png","type":"image\/png"}],"author":"Jean Pierre BAWELA","twitter_card":"summary_large_image","twitter_misc":{"\u00c9crit par":"Jean Pierre BAWELA","Dur\u00e9e de lecture estim\u00e9e":"4 minutes"},"schema":{"@context":"https:\/\/schema.org","@graph":[{"@type":"Article","@id":"https:\/\/macite.tg\/?p=22862#article","isPartOf":{"@id":"https:\/\/macite.tg\/?p=22862"},"author":{"name":"Jean Pierre BAWELA","@id":"https:\/\/macite.tg\/#\/schema\/person\/e9f2de7e5dbbe7770a9402c7ce82f5c2"},"headline":"EDUCATION\u00a0: Un des secteurs prioritaires pour l\u2019ex\u00e9cutif togolais","datePublished":"2025-06-18T16:25:28+00:00","dateModified":"2025-06-18T16:25:31+00:00","mainEntityOfPage":{"@id":"https:\/\/macite.tg\/?p=22862"},"wordCount":598,"commentCount":0,"image":{"@id":"https:\/\/macite.tg\/?p=22862#primaryimage"},"thumbnailUrl":"https:\/\/macite.tg\/wp-content\/uploads\/2025\/06\/image-66.png","articleSection":["ACTUALITE","EDUCATION"],"inLanguage":"fr-FR","potentialAction":[{"@type":"CommentAction","name":"Comment","target":["https:\/\/macite.tg\/?p=22862#respond"]}]},{"@type":"WebPage","@id":"https:\/\/macite.tg\/?p=22862","url":"https:\/\/macite.tg\/?p=22862","name":"EDUCATION\u00a0: Un des secteurs prioritaires pour l\u2019ex\u00e9cutif togolais -","isPartOf":{"@id":"https:\/\/macite.tg\/#website"},"primaryImageOfPage":{"@id":"https:\/\/macite.tg\/?p=22862#primaryimage"},"image":{"@id":"https:\/\/macite.tg\/?p=22862#primaryimage"},"thumbnailUrl":"https:\/\/macite.tg\/wp-content\/uploads\/2025\/06\/image-66.png","datePublished":"2025-06-18T16:25:28+00:00","dateModified":"2025-06-18T16:25:31+00:00","author":{"@id":"https:\/\/macite.tg\/#\/schema\/person\/e9f2de7e5dbbe7770a9402c7ce82f5c2"},"breadcrumb":{"@id":"https:\/\/macite.tg\/?p=22862#breadcrumb"},"inLanguage":"fr-FR","potentialAction":[{"@type":"ReadAction","target":["https:\/\/macite.tg\/?p=22862"]}]},{"@type":"ImageObject","inLanguage":"fr-FR","@id":"https:\/\/macite.tg\/?p=22862#primaryimage","url":"https:\/\/macite.tg\/wp-content\/uploads\/2025\/06\/image-66.png","contentUrl":"https:\/\/macite.tg\/wp-content\/uploads\/2025\/06\/image-66.png","width":454,"height":303},{"@type":"BreadcrumbList","@id":"https:\/\/macite.tg\/?p=22862#breadcrumb","itemListElement":[{"@type":"ListItem","position":1,"name":"Accueil","item":"https:\/\/macite.tg\/"},{"@type":"ListItem","position":2,"name":"EDUCATION\u00a0: Un des secteurs prioritaires pour l\u2019ex\u00e9cutif togolais"}]},{"@type":"WebSite","@id":"https:\/\/macite.tg\/#website","url":"https:\/\/macite.tg\/","name":"","description":"L&#039;information, la bonne!!!","potentialAction":[{"@type":"SearchAction","target":{"@type":"EntryPoint","urlTemplate":"https:\/\/macite.tg\/?s={search_term_string}"},"query-input":{"@type":"PropertyValueSpecification","valueRequired":true,"valueName":"search_term_string"}}],"inLanguage":"fr-FR"},{"@type":"Person","@id":"https:\/\/macite.tg\/#\/schema\/person\/e9f2de7e5dbbe7770a9402c7ce82f5c2","name":"Jean Pierre BAWELA","image":{"@type":"ImageObject","inLanguage":"fr-FR","@id":"https:\/\/macite.tg\/wp-content\/uploads\/2023\/09\/WhatsApp-Image-2023-09-19-at-14.44.41-122x122.jpeg","url":"https:\/\/macite.tg\/wp-content\/uploads\/2023\/09\/WhatsApp-Image-2023-09-19-at-14.44.41-122x122.jpeg","contentUrl":"https:\/\/macite.tg\/wp-content\/uploads\/2023\/09\/WhatsApp-Image-2023-09-19-at-14.44.41-122x122.jpeg","caption":"Jean Pierre BAWELA"},"url":"https:\/\/macite.tg\/?author=2"}]}},"_links":{"self":[{"href":"https:\/\/macite.tg\/index.php?rest_route=\/wp\/v2\/posts\/22862","targetHints":{"allow":["GET"]}}],"collection":[{"href":"https:\/\/macite.tg\/index.php?rest_route=\/wp\/v2\/posts"}],"about":[{"href":"https:\/\/macite.tg\/index.php?rest_route=\/wp\/v2\/types\/post"}],"author":[{"embeddable":true,"href":"https:\/\/macite.tg\/index.php?rest_route=\/wp\/v2\/users\/2"}],"replies":[{"embeddable":true,"href":"https:\/\/macite.tg\/index.php?rest_route=%2Fwp%2Fv2%2Fcomments&post=22862"}],"version-history":[{"count":0,"href":"https:\/\/macite.tg\/index.php?rest_route=\/wp\/v2\/posts\/22862\/revisions"}],"wp:featuredmedia":[{"embeddable":true,"href":"https:\/\/macite.tg\/index.php?rest_route=\/wp\/v2\/media\/22863"}],"wp:attachment":[{"href":"https:\/\/macite.tg\/index.php?rest_route=%2Fwp%2Fv2%2Fmedia&parent=22862"}],"wp:term":[{"taxonomy":"category","embeddable":true,"href":"https:\/\/macite.tg\/index.php?rest_route=%2Fwp%2Fv2%2Fcategories&post=22862"},{"taxonomy":"post_tag","embeddable":true,"href":"https:\/\/macite.tg\/index.php?rest_route=%2Fwp%2Fv2%2Ftags&post=22862"}],"curies":[{"name":"wp","href":"https:\/\/api.w.org\/{rel}","templated":true}]}}