{"id":22857,"date":"2025-06-18T15:52:31","date_gmt":"2025-06-18T15:52:31","guid":{"rendered":"https:\/\/macite.tg\/?p=22857"},"modified":"2025-06-18T15:52:39","modified_gmt":"2025-06-18T15:52:39","slug":"pour-des-societes-plus-equitables-et-resilientes-le-president-du-conseil-annonce-des-transferts-monetaires-directs-aux-menages-vulnerables","status":"publish","type":"post","link":"https:\/\/macite.tg\/?p=22857","title":{"rendered":"POUR DES SOCIETES PLUS EQUITABLES ET RESILIENTES : Le Pr\u00e9sident du Conseil annonce des transferts mon\u00e9taires directs aux m\u00e9nages vuln\u00e9rables\u00a0"},"content":{"rendered":"\n<p class=\"wp-block-paragraph\"><strong><em>Pour une soci\u00e9t\u00e9 plus \u00e9quitable et r\u00e9siliente, le Togo mise sur un m\u00e9canisme d&rsquo;une efficacit\u00e9 connue qui va avec les retomb\u00e9es sociales majeures : les transferts mon\u00e9taires directs aux m\u00e9nages vuln\u00e9rables. Cette politique, adoss\u00e9e au v\u0153u d&rsquo;un mieux-\u00eatre constamment \u00e9mis par le Pr\u00e9sident du Conseil, Faure Gnassingb\u00e9, renforce la protection sociale et stimule l&rsquo;entrepreneuriat de proximit\u00e9, transforme progressivement le quotidien de milliers de familles dans tout le pays.<\/em><\/strong><\/p>\n\n\n\n<p class=\"wp-block-paragraph\">Les programmes qui garantissent des transferts mon\u00e9taires se succ\u00e8dent au Togo. En p\u00e9riode de Covid-19, le projet Novissi a fait ses preuves. Parall\u00e8lement, le projet de Filets sociaux et services de base (FSB) mis en \u0153uvre par l&rsquo;Agence nationale d&rsquo;appui au d\u00e9veloppement \u00e0 la base (Anadeb) n&rsquo;est pas en reste. Il octroie, sans contrepartie aucune, une aide financi\u00e8re \u00e0 des personnes ou des familles identifi\u00e9es comme \u00e9tant en situation de pr\u00e9carit\u00e9.<\/p>\n\n\n\n<p class=\"wp-block-paragraph\">L&rsquo;objectif est de soulager les besoins de premi\u00e8re n\u00e9cessit\u00e9 et d&rsquo;offrir aux b\u00e9n\u00e9ficiaires la possibilit\u00e9 de lancer ou de renforcer une activit\u00e9 g\u00e9n\u00e9ratrice de revenus. Ces appuis prouvent leur pertinence, offrant ainsi une bouff\u00e9e d&rsquo;oxyg\u00e8ne \u00e0 des travailleurs du secteur informel durement \u00e9prouv\u00e9s, leur permettant de subvenir \u00e0 leurs besoins.<\/p>\n\n\n<div class=\"wp-block-image\">\n<figure class=\"aligncenter size-full\"><img loading=\"lazy\" decoding=\"async\" width=\"851\" height=\"315\" src=\"https:\/\/macite.tg\/wp-content\/uploads\/2025\/06\/OTR_Ferer-pour-batir-1.jpg\" alt=\"\" class=\"wp-image-22625\" srcset=\"https:\/\/macite.tg\/wp-content\/uploads\/2025\/06\/OTR_Ferer-pour-batir-1.jpg 851w, https:\/\/macite.tg\/wp-content\/uploads\/2025\/06\/OTR_Ferer-pour-batir-1-300x111.jpg 300w, https:\/\/macite.tg\/wp-content\/uploads\/2025\/06\/OTR_Ferer-pour-batir-1-768x284.jpg 768w\" sizes=\"auto, (max-width: 851px) 100vw, 851px\" \/><\/figure>\n<\/div>\n\n\n<p class=\"wp-block-paragraph\"><strong>Des transferts pour cette ann\u00e9e<\/strong><\/p>\n\n\n\n<p class=\"wp-block-paragraph\">Le minist\u00e8re du D\u00e9veloppement \u00e0 la base, de l&rsquo;Inclusion financi\u00e8re, de la Jeunesse et de l&rsquo;Emploi des jeunes continue, comme les ann\u00e9es pr\u00e9c\u00e9dentes, de tendre cette main aux citoyens. Le nombre de m\u00e9nages b\u00e9n\u00e9ficiaires de transferts mon\u00e9taires pr\u00e9vus par r\u00e9gion en 2025 (octroy\u00e9s par l&rsquo;AFD et l&rsquo;\u00c9tat togolais) devrait \u00eatre au total de 31&nbsp;.50.<\/p>\n\n\n\n<p class=\"wp-block-paragraph\">Dans Lom\u00e9 Commune, 1 230 m\u00e9nages sont attendus. Dans la r\u00e9gion maritime, cela devrait b\u00e9n\u00e9ficier \u00e0 9.800 m\u00e9nages selon les pr\u00e9visions et \u00e0 368 dans les Plateaux.<\/p>\n\n\n\n<p class=\"wp-block-paragraph\">44 m\u00e9nages dans la r\u00e9gion centrale, 9.766 dans celle de la Kara et enfin 10.242 m\u00e9nages dans la r\u00e9gion des Savanes sont aussi pr\u00e9cis\u00e9s comme potentiels b\u00e9n\u00e9ficiaires de transferts mon\u00e9taires par le minist\u00e8re, chiffres confirm\u00e9s dans le budget citoyen 2025.<\/p>\n\n\n\n<p class=\"wp-block-paragraph\"><strong>Une politique sociale \u00e0 visage humain<\/strong><\/p>\n\n\n\n<p class=\"wp-block-paragraph\">Au-del\u00e0 des chiffres, il s&rsquo;agit d&rsquo;une approche qui traduit une philosophie d&rsquo;accompagnement respectueuse de la dignit\u00e9 des b\u00e9n\u00e9ficiaires. C&rsquo;est la logique de responsabilisation et de d\u00e9veloppement durable. Ils permettent aux populations vuln\u00e9rables de conserver leur autonomie et de b\u00e2tir elles-m\u00eames les bases de leur r\u00e9silience \u00e9conomique.<\/p>\n\n\n<div class=\"wp-block-image\">\n<figure class=\"aligncenter size-large is-resized\"><img loading=\"lazy\" decoding=\"async\" width=\"1024\" height=\"1024\" src=\"https:\/\/macite.tg\/wp-content\/uploads\/2025\/06\/Geo-ref-1024x1024.png\" alt=\"\" class=\"wp-image-22812\" style=\"width:636px;height:auto\" srcset=\"https:\/\/macite.tg\/wp-content\/uploads\/2025\/06\/Geo-ref-1024x1024.png 1024w, https:\/\/macite.tg\/wp-content\/uploads\/2025\/06\/Geo-ref-300x300.png 300w, https:\/\/macite.tg\/wp-content\/uploads\/2025\/06\/Geo-ref-150x150.png 150w, https:\/\/macite.tg\/wp-content\/uploads\/2025\/06\/Geo-ref-768x768.png 768w, https:\/\/macite.tg\/wp-content\/uploads\/2025\/06\/Geo-ref-122x122.png 122w, https:\/\/macite.tg\/wp-content\/uploads\/2025\/06\/Geo-ref.png 1080w\" sizes=\"auto, (max-width: 1024px) 100vw, 1024px\" \/><\/figure>\n<\/div>\n\n\n<p class=\"wp-block-paragraph\">En consolidant les filets sociaux \u00e0 travers ces transferts mon\u00e9taires, l&rsquo;\u00c9tat poursuit son ambition de r\u00e9duire les in\u00e9galit\u00e9s sociales et d&rsquo;assurer une croissance inclusive. Alors que les d\u00e9fis li\u00e9s \u00e0 la pauvret\u00e9 et au ch\u00f4mage demeurent pr\u00e9gnants, ces actions efficaces posent les jalons d&rsquo;une soci\u00e9t\u00e9 plus solidaire, o\u00f9 chaque citoyen, quelle que soit sa condition de d\u00e9part, peut esp\u00e9rer am\u00e9liorer sa situation et participer \u00e0 la dynamique nationale.<\/p>\n\n\n\n<p class=\"wp-block-paragraph\"><strong>Omar<\/strong><\/p>\n\n\n\n<p class=\"wp-block-paragraph\"><a><strong><em>@macite.tg&nbsp;&nbsp;&nbsp;&nbsp;&nbsp;&nbsp;&nbsp;&nbsp;<\/em><\/strong><\/a><\/p>\n\n\n\n<p class=\"wp-block-paragraph\"><strong><em>E-mail&nbsp;: <\/em><\/strong><a href=\"mailto:maciteinfo@gmail.com\"><em>maciteinfo@gmail.com<\/em><\/a><strong><em>; <\/em><\/strong><a href=\"mailto:bawela1@gmail.com\"><em>bawela1@gmail.com<\/em><\/a><em><\/em><\/p>\n\n\n\n<p class=\"wp-block-paragraph\"><strong><em>Pour vos annonces, (publi)reportages, etc., joignez-nous au (00228)91515309\/<strong>79872224 <\/strong>www.macite.tg, L\u2019information, la bonne&nbsp;!<\/em><\/strong><\/p>\n\n\n\n<p class=\"wp-block-paragraph\"><\/p>\n","protected":false},"excerpt":{"rendered":"<p class=\"text-justify mb-2\" >Pour une soci\u00e9t\u00e9 plus \u00e9quitable et r\u00e9siliente, le Togo mise sur un m\u00e9canisme d&rsquo;une efficacit\u00e9 connue qui va avec les retomb\u00e9es sociales majeures : les transferts mon\u00e9taires directs aux m\u00e9nages vuln\u00e9rables. Cette politique, adoss\u00e9e au v\u0153u d&rsquo;un mieux-\u00eatre constamment \u00e9mis par le Pr\u00e9sident du Conseil, [&hellip;]<\/p>\n","protected":false},"author":2,"featured_media":22860,"comment_status":"open","ping_status":"open","sticky":false,"template":"","format":"standard","meta":{"footnotes":""},"categories":[20,6],"tags":[],"class_list":["post-22857","post","type-post","status-publish","format-standard","has-post-thumbnail","hentry","category-actualite","category-societe"],"yoast_head":"<!-- This site is optimized with the Yoast SEO plugin v28.4 - https:\/\/yoast.com\/product\/yoast-seo-wordpress\/ -->\n<title>POUR DES SOCIETES PLUS EQUITABLES ET RESILIENTES : Le Pr\u00e9sident du Conseil annonce des transferts mon\u00e9taires directs aux m\u00e9nages vuln\u00e9rables\u00a0 -<\/title>\n<meta name=\"robots\" content=\"index, follow, max-snippet:-1, max-image-preview:large, max-video-preview:-1\" \/>\n<link rel=\"canonical\" href=\"https:\/\/macite.tg\/?p=22857\" \/>\n<meta property=\"og:locale\" content=\"fr_FR\" \/>\n<meta property=\"og:type\" content=\"article\" \/>\n<meta property=\"og:title\" content=\"POUR DES SOCIETES PLUS EQUITABLES ET RESILIENTES : Le Pr\u00e9sident du Conseil annonce des transferts mon\u00e9taires directs aux m\u00e9nages vuln\u00e9rables\u00a0 -\" \/>\n<meta property=\"og:description\" content=\"Pour une soci\u00e9t\u00e9 plus \u00e9quitable et r\u00e9siliente, le Togo mise sur un m\u00e9canisme d&rsquo;une efficacit\u00e9 connue qui va avec les retomb\u00e9es sociales majeures : les transferts mon\u00e9taires directs aux m\u00e9nages vuln\u00e9rables. Cette politique, adoss\u00e9e au v\u0153u d&rsquo;un mieux-\u00eatre constamment \u00e9mis par le Pr\u00e9sident du Conseil, [&hellip;]\" \/>\n<meta property=\"og:url\" content=\"https:\/\/macite.tg\/?p=22857\" \/>\n<meta property=\"article:published_time\" content=\"2025-06-18T15:52:31+00:00\" \/>\n<meta property=\"article:modified_time\" content=\"2025-06-18T15:52:39+00:00\" \/>\n<meta property=\"og:image\" content=\"https:\/\/macite.tg\/wp-content\/uploads\/2025\/06\/image-65.png\" \/>\n\t<meta property=\"og:image:width\" content=\"346\" \/>\n\t<meta property=\"og:image:height\" content=\"270\" \/>\n\t<meta property=\"og:image:type\" content=\"image\/png\" \/>\n<meta name=\"author\" content=\"Jean Pierre BAWELA\" \/>\n<meta name=\"twitter:card\" content=\"summary_large_image\" \/>\n<meta name=\"twitter:label1\" content=\"\u00c9crit par\" \/>\n\t<meta name=\"twitter:data1\" content=\"Jean Pierre BAWELA\" \/>\n\t<meta name=\"twitter:label2\" content=\"Dur\u00e9e de lecture estim\u00e9e\" \/>\n\t<meta name=\"twitter:data2\" content=\"3 minutes\" \/>\n<script type=\"application\/ld+json\" class=\"yoast-schema-graph\">{\"@context\":\"https:\\\/\\\/schema.org\",\"@graph\":[{\"@type\":\"Article\",\"@id\":\"https:\\\/\\\/macite.tg\\\/?p=22857#article\",\"isPartOf\":{\"@id\":\"https:\\\/\\\/macite.tg\\\/?p=22857\"},\"author\":{\"name\":\"Jean Pierre BAWELA\",\"@id\":\"https:\\\/\\\/macite.tg\\\/#\\\/schema\\\/person\\\/e9f2de7e5dbbe7770a9402c7ce82f5c2\"},\"headline\":\"POUR DES SOCIETES PLUS EQUITABLES ET RESILIENTES : Le Pr\u00e9sident du Conseil annonce des transferts mon\u00e9taires directs aux m\u00e9nages vuln\u00e9rables\u00a0\",\"datePublished\":\"2025-06-18T15:52:31+00:00\",\"dateModified\":\"2025-06-18T15:52:39+00:00\",\"mainEntityOfPage\":{\"@id\":\"https:\\\/\\\/macite.tg\\\/?p=22857\"},\"wordCount\":570,\"commentCount\":0,\"image\":{\"@id\":\"https:\\\/\\\/macite.tg\\\/?p=22857#primaryimage\"},\"thumbnailUrl\":\"https:\\\/\\\/macite.tg\\\/wp-content\\\/uploads\\\/2025\\\/06\\\/image-65.png\",\"articleSection\":[\"ACTUALITE\",\"SOCIETE\"],\"inLanguage\":\"fr-FR\",\"potentialAction\":[{\"@type\":\"CommentAction\",\"name\":\"Comment\",\"target\":[\"https:\\\/\\\/macite.tg\\\/?p=22857#respond\"]}]},{\"@type\":\"WebPage\",\"@id\":\"https:\\\/\\\/macite.tg\\\/?p=22857\",\"url\":\"https:\\\/\\\/macite.tg\\\/?p=22857\",\"name\":\"POUR DES SOCIETES PLUS EQUITABLES ET RESILIENTES : Le Pr\u00e9sident du Conseil annonce des transferts mon\u00e9taires directs aux m\u00e9nages vuln\u00e9rables\u00a0 -\",\"isPartOf\":{\"@id\":\"https:\\\/\\\/macite.tg\\\/#website\"},\"primaryImageOfPage\":{\"@id\":\"https:\\\/\\\/macite.tg\\\/?p=22857#primaryimage\"},\"image\":{\"@id\":\"https:\\\/\\\/macite.tg\\\/?p=22857#primaryimage\"},\"thumbnailUrl\":\"https:\\\/\\\/macite.tg\\\/wp-content\\\/uploads\\\/2025\\\/06\\\/image-65.png\",\"datePublished\":\"2025-06-18T15:52:31+00:00\",\"dateModified\":\"2025-06-18T15:52:39+00:00\",\"author\":{\"@id\":\"https:\\\/\\\/macite.tg\\\/#\\\/schema\\\/person\\\/e9f2de7e5dbbe7770a9402c7ce82f5c2\"},\"breadcrumb\":{\"@id\":\"https:\\\/\\\/macite.tg\\\/?p=22857#breadcrumb\"},\"inLanguage\":\"fr-FR\",\"potentialAction\":[{\"@type\":\"ReadAction\",\"target\":[\"https:\\\/\\\/macite.tg\\\/?p=22857\"]}]},{\"@type\":\"ImageObject\",\"inLanguage\":\"fr-FR\",\"@id\":\"https:\\\/\\\/macite.tg\\\/?p=22857#primaryimage\",\"url\":\"https:\\\/\\\/macite.tg\\\/wp-content\\\/uploads\\\/2025\\\/06\\\/image-65.png\",\"contentUrl\":\"https:\\\/\\\/macite.tg\\\/wp-content\\\/uploads\\\/2025\\\/06\\\/image-65.png\",\"width\":346,\"height\":270,\"caption\":\"Des b\u00e9n\u00e9ficiaires des transferts directs de la part du gouvernement (Photo archives)\"},{\"@type\":\"BreadcrumbList\",\"@id\":\"https:\\\/\\\/macite.tg\\\/?p=22857#breadcrumb\",\"itemListElement\":[{\"@type\":\"ListItem\",\"position\":1,\"name\":\"Accueil\",\"item\":\"https:\\\/\\\/macite.tg\\\/\"},{\"@type\":\"ListItem\",\"position\":2,\"name\":\"POUR DES SOCIETES PLUS EQUITABLES ET RESILIENTES : Le Pr\u00e9sident du Conseil annonce des transferts mon\u00e9taires directs aux m\u00e9nages vuln\u00e9rables\u00a0\"}]},{\"@type\":\"WebSite\",\"@id\":\"https:\\\/\\\/macite.tg\\\/#website\",\"url\":\"https:\\\/\\\/macite.tg\\\/\",\"name\":\"\",\"description\":\"L&#039;information, la bonne!!!\",\"potentialAction\":[{\"@type\":\"SearchAction\",\"target\":{\"@type\":\"EntryPoint\",\"urlTemplate\":\"https:\\\/\\\/macite.tg\\\/?s={search_term_string}\"},\"query-input\":{\"@type\":\"PropertyValueSpecification\",\"valueRequired\":true,\"valueName\":\"search_term_string\"}}],\"inLanguage\":\"fr-FR\"},{\"@type\":\"Person\",\"@id\":\"https:\\\/\\\/macite.tg\\\/#\\\/schema\\\/person\\\/e9f2de7e5dbbe7770a9402c7ce82f5c2\",\"name\":\"Jean Pierre BAWELA\",\"image\":{\"@type\":\"ImageObject\",\"inLanguage\":\"fr-FR\",\"@id\":\"https:\\\/\\\/macite.tg\\\/wp-content\\\/uploads\\\/2023\\\/09\\\/WhatsApp-Image-2023-09-19-at-14.44.41-122x122.jpeg\",\"url\":\"https:\\\/\\\/macite.tg\\\/wp-content\\\/uploads\\\/2023\\\/09\\\/WhatsApp-Image-2023-09-19-at-14.44.41-122x122.jpeg\",\"contentUrl\":\"https:\\\/\\\/macite.tg\\\/wp-content\\\/uploads\\\/2023\\\/09\\\/WhatsApp-Image-2023-09-19-at-14.44.41-122x122.jpeg\",\"caption\":\"Jean Pierre BAWELA\"},\"url\":\"https:\\\/\\\/macite.tg\\\/?author=2\"}]}<\/script>\n<!-- \/ Yoast SEO plugin. -->","yoast_head_json":{"title":"POUR DES SOCIETES PLUS EQUITABLES ET RESILIENTES : Le Pr\u00e9sident du Conseil annonce des transferts mon\u00e9taires directs aux m\u00e9nages vuln\u00e9rables\u00a0 -","robots":{"index":"index","follow":"follow","max-snippet":"max-snippet:-1","max-image-preview":"max-image-preview:large","max-video-preview":"max-video-preview:-1"},"canonical":"https:\/\/macite.tg\/?p=22857","og_locale":"fr_FR","og_type":"article","og_title":"POUR DES SOCIETES PLUS EQUITABLES ET RESILIENTES : Le Pr\u00e9sident du Conseil annonce des transferts mon\u00e9taires directs aux m\u00e9nages vuln\u00e9rables\u00a0 -","og_description":"Pour une soci\u00e9t\u00e9 plus \u00e9quitable et r\u00e9siliente, le Togo mise sur un m\u00e9canisme d&rsquo;une efficacit\u00e9 connue qui va avec les retomb\u00e9es sociales majeures : les transferts mon\u00e9taires directs aux m\u00e9nages vuln\u00e9rables. Cette politique, adoss\u00e9e au v\u0153u d&rsquo;un mieux-\u00eatre constamment \u00e9mis par le Pr\u00e9sident du Conseil, [&hellip;]","og_url":"https:\/\/macite.tg\/?p=22857","article_published_time":"2025-06-18T15:52:31+00:00","article_modified_time":"2025-06-18T15:52:39+00:00","og_image":[{"width":346,"height":270,"url":"https:\/\/macite.tg\/wp-content\/uploads\/2025\/06\/image-65.png","type":"image\/png"}],"author":"Jean Pierre BAWELA","twitter_card":"summary_large_image","twitter_misc":{"\u00c9crit par":"Jean Pierre BAWELA","Dur\u00e9e de lecture estim\u00e9e":"3 minutes"},"schema":{"@context":"https:\/\/schema.org","@graph":[{"@type":"Article","@id":"https:\/\/macite.tg\/?p=22857#article","isPartOf":{"@id":"https:\/\/macite.tg\/?p=22857"},"author":{"name":"Jean Pierre BAWELA","@id":"https:\/\/macite.tg\/#\/schema\/person\/e9f2de7e5dbbe7770a9402c7ce82f5c2"},"headline":"POUR DES SOCIETES PLUS EQUITABLES ET RESILIENTES : Le Pr\u00e9sident du Conseil annonce des transferts mon\u00e9taires directs aux m\u00e9nages vuln\u00e9rables\u00a0","datePublished":"2025-06-18T15:52:31+00:00","dateModified":"2025-06-18T15:52:39+00:00","mainEntityOfPage":{"@id":"https:\/\/macite.tg\/?p=22857"},"wordCount":570,"commentCount":0,"image":{"@id":"https:\/\/macite.tg\/?p=22857#primaryimage"},"thumbnailUrl":"https:\/\/macite.tg\/wp-content\/uploads\/2025\/06\/image-65.png","articleSection":["ACTUALITE","SOCIETE"],"inLanguage":"fr-FR","potentialAction":[{"@type":"CommentAction","name":"Comment","target":["https:\/\/macite.tg\/?p=22857#respond"]}]},{"@type":"WebPage","@id":"https:\/\/macite.tg\/?p=22857","url":"https:\/\/macite.tg\/?p=22857","name":"POUR DES SOCIETES PLUS EQUITABLES ET RESILIENTES : Le Pr\u00e9sident du Conseil annonce des transferts mon\u00e9taires directs aux m\u00e9nages vuln\u00e9rables\u00a0 -","isPartOf":{"@id":"https:\/\/macite.tg\/#website"},"primaryImageOfPage":{"@id":"https:\/\/macite.tg\/?p=22857#primaryimage"},"image":{"@id":"https:\/\/macite.tg\/?p=22857#primaryimage"},"thumbnailUrl":"https:\/\/macite.tg\/wp-content\/uploads\/2025\/06\/image-65.png","datePublished":"2025-06-18T15:52:31+00:00","dateModified":"2025-06-18T15:52:39+00:00","author":{"@id":"https:\/\/macite.tg\/#\/schema\/person\/e9f2de7e5dbbe7770a9402c7ce82f5c2"},"breadcrumb":{"@id":"https:\/\/macite.tg\/?p=22857#breadcrumb"},"inLanguage":"fr-FR","potentialAction":[{"@type":"ReadAction","target":["https:\/\/macite.tg\/?p=22857"]}]},{"@type":"ImageObject","inLanguage":"fr-FR","@id":"https:\/\/macite.tg\/?p=22857#primaryimage","url":"https:\/\/macite.tg\/wp-content\/uploads\/2025\/06\/image-65.png","contentUrl":"https:\/\/macite.tg\/wp-content\/uploads\/2025\/06\/image-65.png","width":346,"height":270,"caption":"Des b\u00e9n\u00e9ficiaires des transferts directs de la part du gouvernement (Photo archives)"},{"@type":"BreadcrumbList","@id":"https:\/\/macite.tg\/?p=22857#breadcrumb","itemListElement":[{"@type":"ListItem","position":1,"name":"Accueil","item":"https:\/\/macite.tg\/"},{"@type":"ListItem","position":2,"name":"POUR DES SOCIETES PLUS EQUITABLES ET RESILIENTES : Le Pr\u00e9sident du Conseil annonce des transferts mon\u00e9taires directs aux m\u00e9nages vuln\u00e9rables\u00a0"}]},{"@type":"WebSite","@id":"https:\/\/macite.tg\/#website","url":"https:\/\/macite.tg\/","name":"","description":"L&#039;information, la bonne!!!","potentialAction":[{"@type":"SearchAction","target":{"@type":"EntryPoint","urlTemplate":"https:\/\/macite.tg\/?s={search_term_string}"},"query-input":{"@type":"PropertyValueSpecification","valueRequired":true,"valueName":"search_term_string"}}],"inLanguage":"fr-FR"},{"@type":"Person","@id":"https:\/\/macite.tg\/#\/schema\/person\/e9f2de7e5dbbe7770a9402c7ce82f5c2","name":"Jean Pierre BAWELA","image":{"@type":"ImageObject","inLanguage":"fr-FR","@id":"https:\/\/macite.tg\/wp-content\/uploads\/2023\/09\/WhatsApp-Image-2023-09-19-at-14.44.41-122x122.jpeg","url":"https:\/\/macite.tg\/wp-content\/uploads\/2023\/09\/WhatsApp-Image-2023-09-19-at-14.44.41-122x122.jpeg","contentUrl":"https:\/\/macite.tg\/wp-content\/uploads\/2023\/09\/WhatsApp-Image-2023-09-19-at-14.44.41-122x122.jpeg","caption":"Jean Pierre BAWELA"},"url":"https:\/\/macite.tg\/?author=2"}]}},"_links":{"self":[{"href":"https:\/\/macite.tg\/index.php?rest_route=\/wp\/v2\/posts\/22857","targetHints":{"allow":["GET"]}}],"collection":[{"href":"https:\/\/macite.tg\/index.php?rest_route=\/wp\/v2\/posts"}],"about":[{"href":"https:\/\/macite.tg\/index.php?rest_route=\/wp\/v2\/types\/post"}],"author":[{"embeddable":true,"href":"https:\/\/macite.tg\/index.php?rest_route=\/wp\/v2\/users\/2"}],"replies":[{"embeddable":true,"href":"https:\/\/macite.tg\/index.php?rest_route=%2Fwp%2Fv2%2Fcomments&post=22857"}],"version-history":[{"count":0,"href":"https:\/\/macite.tg\/index.php?rest_route=\/wp\/v2\/posts\/22857\/revisions"}],"wp:featuredmedia":[{"embeddable":true,"href":"https:\/\/macite.tg\/index.php?rest_route=\/wp\/v2\/media\/22860"}],"wp:attachment":[{"href":"https:\/\/macite.tg\/index.php?rest_route=%2Fwp%2Fv2%2Fmedia&parent=22857"}],"wp:term":[{"taxonomy":"category","embeddable":true,"href":"https:\/\/macite.tg\/index.php?rest_route=%2Fwp%2Fv2%2Fcategories&post=22857"},{"taxonomy":"post_tag","embeddable":true,"href":"https:\/\/macite.tg\/index.php?rest_route=%2Fwp%2Fv2%2Ftags&post=22857"}],"curies":[{"name":"wp","href":"https:\/\/api.w.org\/{rel}","templated":true}]}}