{"id":22844,"date":"2025-06-17T18:42:14","date_gmt":"2025-06-17T18:42:14","guid":{"rendered":"https:\/\/macite.tg\/?p=22844"},"modified":"2025-06-17T18:42:31","modified_gmt":"2025-06-17T18:42:31","slug":"planification-et-budgetisation-sensibles-aux-enfants-une-journee-dechanges-avec-les-enfants-a-la-representation-nationale-pour-harmoniser-les-points-de-vue","status":"publish","type":"post","link":"https:\/\/macite.tg\/?p=22844","title":{"rendered":"PLANIFICATION ET BUDGETISATION SENSIBLES AUX ENFANTS\u00a0: Une journ\u00e9e d\u2019\u00e9changes avec les enfants \u00e0 la Repr\u00e9sentation nationale pour harmoniser les points de vue"},"content":{"rendered":"\n<p class=\"wp-block-paragraph\"><strong><em>\u00ab Planification et budg\u00e9tisation pour les droits de l\u2019enfant : Progr\u00e8s depuis 2010 \u00bb, tel est le th\u00e8me de la journ\u00e9e d\u2019\u00e9changes entre les parlementaires et les enfants, organis\u00e9e, hier lundi 16 Juin, au si\u00e8ge de l\u2019Assembl\u00e9e nationale.<\/em><\/strong><\/p>\n\n\n\n<p class=\"wp-block-paragraph\">Organis\u00e9e conjointement par le Minist\u00e8re de l\u2019Action Sociale, le parlement togolais, l\u2019UNICEF, le Syst\u00e8me des Nations Unies au Togo, Plan International Togo, la Ligue Togolaise pour la Protection de l\u2019Enfance et diverses associations de la soci\u00e9t\u00e9 civile, \u00e0 l\u2019occasion de la journ\u00e9e de l\u2019enfant Africain, cette rencontre avait pour objectif de promouvoir la participation active des enfants aux processus d\u00e9cisionnels les concernant.<\/p>\n\n\n\n<p class=\"wp-block-paragraph\">Cette rencontre se veut d\u2019acc\u00e9l\u00e9rer l\u2019adoption ou la r\u00e9vision de lois, de codes et de budgets en faveur des enfants, dresser un \u00e9tat des lieux, documenter les progr\u00e8s r\u00e9alis\u00e9s depuis 2010, et surtout \u00e9couter les voix des enfants eux-m\u00eames, a indiqu\u00e9, dans l&rsquo;allocution d\u2019ouverture, l\u2019honorable Mawussi Djossou Semodji, pr\u00e9sident de la commission des finances et du d\u00e9veloppement \u00e9conomique.<\/p>\n\n\n<div class=\"wp-block-image\">\n<figure class=\"aligncenter size-full\"><img loading=\"lazy\" decoding=\"async\" width=\"851\" height=\"315\" src=\"https:\/\/macite.tg\/wp-content\/uploads\/2025\/06\/OTR_Bandeau-Renseignements.jpg\" alt=\"\" class=\"wp-image-22661\" srcset=\"https:\/\/macite.tg\/wp-content\/uploads\/2025\/06\/OTR_Bandeau-Renseignements.jpg 851w, https:\/\/macite.tg\/wp-content\/uploads\/2025\/06\/OTR_Bandeau-Renseignements-300x111.jpg 300w, https:\/\/macite.tg\/wp-content\/uploads\/2025\/06\/OTR_Bandeau-Renseignements-768x284.jpg 768w\" sizes=\"auto, (max-width: 851px) 100vw, 851px\" \/><\/figure>\n<\/div>\n\n\n<p class=\"wp-block-paragraph\">Le pr\u00e9sident de la commission des finances et du d\u00e9veloppement \u00e9conomique, a saisi l\u2019occasion pour saluer les efforts remarquables des partenaires tels que l\u2019UNICEF, Plan International Togo ainsi que la Ligue Togolaise des Droits de l\u2019Enfant, qui \u0153uvrent chaque jour en faveur des enfants vuln\u00e9rables et dont les initiatives contribuent de mani\u00e8re significative \u00e0 la promotion des droits de l\u2019enfant.<\/p>\n\n\n\n<p class=\"wp-block-paragraph\">Pour sa part, Dr Erinna Corinne Dia, Repr\u00e9sentante r\u00e9sidente de l\u2019UNICEF au Togo, a indiqu\u00e9 que ce moment invite non seulement \u00e0 \u00ab c\u00e9l\u00e9brer les progr\u00e8s r\u00e9alis\u00e9s et \u00e0 renforcer les engagements collectifs, mais aussi \u00e0 mesurer le chemin qu\u2019il reste \u00e0 parcourir pour garantir les droits de chaque enfant, sur le continent africain comme au Togo \u00bb.<\/p>\n\n\n\n<p class=\"wp-block-paragraph\">Elle a \u00e9galement f\u00e9licit\u00e9, au nom du syst\u00e8me des Nations Unies, de l&rsquo;UNICEF, le gouvernement du Togo, le Parlement et tous les partenaires pour toutes les avanc\u00e9es notables accomplies, pour assurer la promotion et la protection de l\u2019enfance au niveau national.<\/p>\n\n\n\n<p class=\"wp-block-paragraph\">\u00ab En mettant l&rsquo;accent sur l&rsquo;\u00e9ducation, la formation, la sant\u00e9 maternelle et infantile, la protection des enfants vuln\u00e9rables dans les diff\u00e9rentes strat\u00e9gies de d\u00e9veloppement et de r\u00e9duction de la pauvret\u00e9, le Togo a pos\u00e9 les bases d&rsquo;une approche sans pression et la feuille de route gouvernementale Togo 2025 qui vise entre autres un acc\u00e8s, universel \u00e0 une \u00e9ducation de qualit\u00e9, une couverture de sant\u00e9 universelle, l&rsquo;\u00e9largissement des filets sociaux et la protection des enfants contre toutes les formes de violences et d&rsquo;exploitation \u00bb a-t-elle soulign\u00e9.<\/p>\n\n\n<div class=\"wp-block-image\">\n<figure class=\"aligncenter size-full is-resized\"><img loading=\"lazy\" decoding=\"async\" width=\"690\" height=\"170\" src=\"https:\/\/macite.tg\/wp-content\/uploads\/2025\/06\/OTR_TVM.jpg\" alt=\"\" class=\"wp-image-22811\" style=\"width:840px;height:auto\" srcset=\"https:\/\/macite.tg\/wp-content\/uploads\/2025\/06\/OTR_TVM.jpg 690w, https:\/\/macite.tg\/wp-content\/uploads\/2025\/06\/OTR_TVM-300x74.jpg 300w\" sizes=\"auto, (max-width: 690px) 100vw, 690px\" \/><\/figure>\n<\/div>\n\n\n<p class=\"wp-block-paragraph\">D\u2019apr\u00e8s Mme Dia, le secteur de l\u2019\u00e9ducation, un droit fondamental de l\u2019enfant, enregistre \u00e0 ce jour une allocation de 16,29 % des d\u00e9penses budg\u00e9taires, en accord avec les accords internationaux qui recommandent 15 \u00e0 20% des d\u00e9penses publiques pour ce secteur.<\/p>\n\n\n\n<p class=\"wp-block-paragraph\">Ce qui, \u00abindique une progression vers une programmation et budg\u00e9tisation nationale plus \u00e9quitable et sensible aux droits des enfants \u00bb.<\/p>\n\n\n\n<p class=\"wp-block-paragraph\">Le Professeur Kossiwa Zinsou-Klassou, ministre de l\u2019Action sociale, de la Solidarit\u00e9 et de la Promotion de la Femme, a relev\u00e9 dans son allocution que, malgr\u00e9 les actions fortes men\u00e9es, \u00ab les d\u00e9fis restent nombreux \u00bb, \u00e0 savoir : l\u2019insuffisance de coordination des initiatives ainsi que des ressources, et les difficult\u00e9s \u00e0 int\u00e9grer pleinement les voix des enfants dans les processus de d\u00e9cision ; autant de chantiers \u00e0 poursuivre.<\/p>\n\n\n\n<p class=\"wp-block-paragraph\">Ainsi, affirme-t-elle, <em>\u00ab en acceptant d\u2019\u00e9changer directement avec les enfants \u00bb,<\/em> les parlementaires d\u00e9montrent <em>\u00ab que leur voix compte dans l\u2019\u00e9laboration des politiques publiques \u00bb.<\/em><\/p>\n\n\n\n<p class=\"wp-block-paragraph\"><em>\u00ab Le th\u00e8me retenu pour cette \u00e9dition ax\u00e9 sur la planification et la budg\u00e9tisation sensible au droit de l&rsquo;enfant nous interpelle sur leurs responsabilit\u00e9s collectives. Il nous invite \u00e0 inscrire la protection de l&rsquo;enfant, comme une propri\u00e9t\u00e9 structurelle de gouvernance au Togo \u00bb,<\/em> a d\u00e9clar\u00e9, l&rsquo;honorable Myriam Dossou D\u2019Almeida, sixi\u00e8me Vice-pr\u00e9sidente de l\u2019Assembl\u00e9e nationale.<\/p>\n\n\n\n<p class=\"wp-block-paragraph\">Ainsi, \u00e0 travers des d\u00e9bats, les enfants ont pu d\u00e9voiler plusieurs pr\u00e9occupations, \u00e0 savoir : le r\u00f4le que jouent les d\u00e9put\u00e9s, la part du budget allou\u00e9 aux questions relatives aux enfants ainsi que l\u2019implication des enfants dans les travaux en commission portant sur les projets de loi les concernant.<\/p>\n\n\n\n<p class=\"wp-block-paragraph\">Pr\u00e9sent \u00e0 cette s\u00e9ance d\u2019\u00e9changes, le Pr\u00e9sident de l\u2019Assembl\u00e9e nationale, Son Excellence Monsieur Sevon-T\u00e9p\u00e9 Kodjo Ad\u00e9dz\u00e9, n\u2019a pas manqu\u00e9 de r\u00e9pondre aux questions pos\u00e9es par les enfants notamment sur le r\u00f4le des d\u00e9put\u00e9s.<\/p>\n\n\n<div class=\"wp-block-image\">\n<figure class=\"aligncenter size-large is-resized\"><img loading=\"lazy\" decoding=\"async\" width=\"1024\" height=\"1024\" src=\"https:\/\/macite.tg\/wp-content\/uploads\/2025\/06\/OTR_IMPOT-1024x1024.jpg\" alt=\"\" class=\"wp-image-22662\" style=\"width:510px;height:auto\" srcset=\"https:\/\/macite.tg\/wp-content\/uploads\/2025\/06\/OTR_IMPOT-1024x1024.jpg 1024w, https:\/\/macite.tg\/wp-content\/uploads\/2025\/06\/OTR_IMPOT-300x300.jpg 300w, https:\/\/macite.tg\/wp-content\/uploads\/2025\/06\/OTR_IMPOT-150x150.jpg 150w, https:\/\/macite.tg\/wp-content\/uploads\/2025\/06\/OTR_IMPOT-768x768.jpg 768w, https:\/\/macite.tg\/wp-content\/uploads\/2025\/06\/OTR_IMPOT-1536x1536.jpg 1536w, https:\/\/macite.tg\/wp-content\/uploads\/2025\/06\/OTR_IMPOT-122x122.jpg 122w, https:\/\/macite.tg\/wp-content\/uploads\/2025\/06\/OTR_IMPOT.jpg 2048w\" sizes=\"auto, (max-width: 1024px) 100vw, 1024px\" \/><\/figure>\n<\/div>\n\n\n<p class=\"wp-block-paragraph\">Il a pr\u00e9cis\u00e9 que si les d\u00e9put\u00e9s ont pour mission de voter les lois, ils ont \u00e9galement, dans le cadre du contr\u00f4le de l\u2019action gouvernementale, la responsabilit\u00e9 de s\u2019assurer que les lois vot\u00e9es sont effectivement appliqu\u00e9es sur le terrain.<\/p>\n\n\n\n<p class=\"wp-block-paragraph\"><em>\u00ab Voil\u00e0 donc ce que nous faisons. Lorsqu\u2019il y a une loi qui est vot\u00e9e et dont l\u2019essence est la protection de l\u2019enfant, les d\u00e9put\u00e9s veillent \u00e0 s\u2019assurer que, sur le terrain, les enfants sont v\u00e9ritablement prot\u00e9g\u00e9s. C\u2019est dans cette dynamique que nous nous inscrivons \u00bb,<\/em> a-t-il expliqu\u00e9 aux enfants pr\u00e9sents.<\/p>\n\n\n\n<p class=\"wp-block-paragraph\">\u00c0 travers cette initiative qui a permis aux enfants de prendre la parole devant les plus hautes autorit\u00e9s de la R\u00e9publique, cette journ\u00e9e d\u2019\u00e9changes, a \u00e9t\u00e9 l\u2019occasion pour r\u00e9fl\u00e9chir \u00e0 la mise en place d\u2019un cadre renforc\u00e9 de participation des enfants et des jeunes aux questions structurelles qui sont les leurs.<\/p>\n\n\n\n<p class=\"wp-block-paragraph\">Elle leur permettra \u00e9galement, \u00e0 long terme de contribuer de fa\u00e7on active \u00e0 l\u2019analyse et \u00e0 la r\u00e9vision des textes l\u00e9gislatifs pour le bien-\u00eatre de ces derniers, qui repr\u00e9sentent 48% de la population.<\/p>\n\n\n\n<p class=\"wp-block-paragraph\">Les r\u00e9sultats de cette journ\u00e9e d\u2019\u00e9changes sont ambitieux et porteurs d\u2019espoir pour les enfants. Un document consolid\u00e9 reprenant le plaidoyer des enfants a \u00e9t\u00e9 soumis \u00e0 l\u2019attention des d\u00e9put\u00e9s, afin que les futurs projets de loi et arbitrages budg\u00e9taires int\u00e8grent, de mani\u00e8re plus structur\u00e9e, les pr\u00e9occupations sp\u00e9cifiques de l\u2019enfance.<\/p>\n\n\n\n<p class=\"wp-block-paragraph\">Les enfants ont notamment plaid\u00e9 pour une budg\u00e9tisation prenant en compte leur besoin et pour la cr\u00e9ation d\u2019un parlement des enfants. D\u2019autres sujets sp\u00e9cifiques ont \u00e9t\u00e9 \u00e9galement touch\u00e9s du doigt.<\/p>\n\n\n<div class=\"wp-block-image\">\n<figure class=\"aligncenter size-large is-resized\"><img loading=\"lazy\" decoding=\"async\" width=\"1024\" height=\"1024\" src=\"https:\/\/macite.tg\/wp-content\/uploads\/2025\/06\/Geo-ref-1024x1024.png\" alt=\"\" class=\"wp-image-22812\" style=\"width:502px;height:auto\" srcset=\"https:\/\/macite.tg\/wp-content\/uploads\/2025\/06\/Geo-ref-1024x1024.png 1024w, https:\/\/macite.tg\/wp-content\/uploads\/2025\/06\/Geo-ref-300x300.png 300w, https:\/\/macite.tg\/wp-content\/uploads\/2025\/06\/Geo-ref-150x150.png 150w, https:\/\/macite.tg\/wp-content\/uploads\/2025\/06\/Geo-ref-768x768.png 768w, https:\/\/macite.tg\/wp-content\/uploads\/2025\/06\/Geo-ref-122x122.png 122w, https:\/\/macite.tg\/wp-content\/uploads\/2025\/06\/Geo-ref.png 1080w\" sizes=\"auto, (max-width: 1024px) 100vw, 1024px\" \/><\/figure>\n<\/div>\n\n\n<p class=\"wp-block-paragraph\">L&rsquo;honorable Myriam Dossou D\u2019Almeida, \u00e0 qui le document de plaidoyer a \u00e9t\u00e9 solennellement remis, a, dans le mot de cl\u00f4ture, r\u00e9affirm\u00e9 la volont\u00e9 du Parlement \u00e0 accorder davantage une attention particuli\u00e8re aux pr\u00e9occupations existentielles des enfants. Elle a assur\u00e9 que ces dol\u00e9ances, exprim\u00e9es avec clart\u00e9 et conviction, seront prises en compte dans les r\u00e9flexions et les actions futures de l\u2019institution.<\/p>\n\n\n\n<p class=\"wp-block-paragraph\">Le parlement r\u00e9affirme ainsi son engagement \u00e0 garantir les droits de l\u2019enfant dans les textes l\u00e9gislatifs, notamment lors de l\u2019\u00e9laboration du budget national.<\/p>\n\n\n\n<p class=\"wp-block-paragraph\"><strong>(Avec Cellule Comm AN<\/strong>)<\/p>\n\n\n\n<p class=\"wp-block-paragraph\"><a><strong><em>@macite.tg&nbsp;&nbsp;&nbsp;&nbsp;&nbsp;&nbsp;&nbsp;&nbsp;<\/em><\/strong><\/a><\/p>\n\n\n\n<p class=\"wp-block-paragraph\"><strong><em>E-mail&nbsp;: <\/em><\/strong><a href=\"mailto:maciteinfo@gmail.com\"><strong><em>maciteinfo@gmail.com<\/em><\/strong><\/a><strong><em>; <\/em><\/strong><a href=\"mailto:bawela1@gmail.com\"><strong><em>bawela1@gmail.com<\/em><\/strong><\/a><strong><em><\/em><\/strong><\/p>\n\n\n\n<p class=\"wp-block-paragraph\"><strong><em>Pour vos annonces, (publi)reportages, etc., joignez-nous au (00228)91515309\/<strong>79872224 <\/strong>www.macite.tg, L\u2019information, la bonne&nbsp;!<\/em><\/strong><\/p>\n\n\n\n<p class=\"wp-block-paragraph\"><\/p>\n","protected":false},"excerpt":{"rendered":"<p class=\"text-justify mb-2\" >\u00ab Planification et budg\u00e9tisation pour les droits de l\u2019enfant : Progr\u00e8s depuis 2010 \u00bb, tel est le th\u00e8me de la journ\u00e9e d\u2019\u00e9changes entre les parlementaires et les enfants, organis\u00e9e, hier lundi 16 Juin, au si\u00e8ge de l\u2019Assembl\u00e9e nationale. Organis\u00e9e conjointement par le Minist\u00e8re de l\u2019Action [&hellip;]<\/p>\n","protected":false},"author":2,"featured_media":22846,"comment_status":"open","ping_status":"open","sticky":false,"template":"","format":"standard","meta":{"footnotes":""},"categories":[20,30,42],"tags":[],"class_list":["post-22844","post","type-post","status-publish","format-standard","has-post-thumbnail","hentry","category-actualite","category-droit-de-lhomme","category-finances"],"yoast_head":"<!-- This site is optimized with the Yoast SEO plugin v28.4 - https:\/\/yoast.com\/product\/yoast-seo-wordpress\/ -->\n<title>PLANIFICATION ET BUDGETISATION SENSIBLES AUX ENFANTS\u00a0: Une journ\u00e9e d\u2019\u00e9changes avec les enfants \u00e0 la Repr\u00e9sentation nationale pour harmoniser les points de vue -<\/title>\n<meta name=\"robots\" content=\"index, follow, max-snippet:-1, max-image-preview:large, max-video-preview:-1\" \/>\n<link rel=\"canonical\" href=\"https:\/\/macite.tg\/?p=22844\" \/>\n<meta property=\"og:locale\" content=\"fr_FR\" \/>\n<meta property=\"og:type\" content=\"article\" \/>\n<meta property=\"og:title\" content=\"PLANIFICATION ET BUDGETISATION SENSIBLES AUX ENFANTS\u00a0: Une journ\u00e9e d\u2019\u00e9changes avec les enfants \u00e0 la Repr\u00e9sentation nationale pour harmoniser les points de vue -\" \/>\n<meta property=\"og:description\" content=\"\u00ab Planification et budg\u00e9tisation pour les droits de l\u2019enfant : Progr\u00e8s depuis 2010 \u00bb, tel est le th\u00e8me de la journ\u00e9e d\u2019\u00e9changes entre les parlementaires et les enfants, organis\u00e9e, hier lundi 16 Juin, au si\u00e8ge de l\u2019Assembl\u00e9e nationale. Organis\u00e9e conjointement par le Minist\u00e8re de l\u2019Action [&hellip;]\" \/>\n<meta property=\"og:url\" content=\"https:\/\/macite.tg\/?p=22844\" \/>\n<meta property=\"article:published_time\" content=\"2025-06-17T18:42:14+00:00\" \/>\n<meta property=\"article:modified_time\" content=\"2025-06-17T18:42:31+00:00\" \/>\n<meta property=\"og:image\" content=\"https:\/\/macite.tg\/wp-content\/uploads\/2025\/06\/AN.jpg\" \/>\n\t<meta property=\"og:image:width\" content=\"500\" \/>\n\t<meta property=\"og:image:height\" content=\"278\" \/>\n\t<meta property=\"og:image:type\" content=\"image\/jpeg\" \/>\n<meta name=\"author\" content=\"Jean Pierre BAWELA\" \/>\n<meta name=\"twitter:card\" content=\"summary_large_image\" \/>\n<meta name=\"twitter:label1\" content=\"\u00c9crit par\" \/>\n\t<meta name=\"twitter:data1\" content=\"Jean Pierre BAWELA\" \/>\n\t<meta name=\"twitter:label2\" content=\"Dur\u00e9e de lecture estim\u00e9e\" \/>\n\t<meta name=\"twitter:data2\" content=\"7 minutes\" \/>\n<script type=\"application\/ld+json\" class=\"yoast-schema-graph\">{\"@context\":\"https:\\\/\\\/schema.org\",\"@graph\":[{\"@type\":\"Article\",\"@id\":\"https:\\\/\\\/macite.tg\\\/?p=22844#article\",\"isPartOf\":{\"@id\":\"https:\\\/\\\/macite.tg\\\/?p=22844\"},\"author\":{\"name\":\"Jean Pierre BAWELA\",\"@id\":\"https:\\\/\\\/macite.tg\\\/#\\\/schema\\\/person\\\/e9f2de7e5dbbe7770a9402c7ce82f5c2\"},\"headline\":\"PLANIFICATION ET BUDGETISATION SENSIBLES AUX ENFANTS\u00a0: Une journ\u00e9e d\u2019\u00e9changes avec les enfants \u00e0 la Repr\u00e9sentation nationale pour harmoniser les points de vue\",\"datePublished\":\"2025-06-17T18:42:14+00:00\",\"dateModified\":\"2025-06-17T18:42:31+00:00\",\"mainEntityOfPage\":{\"@id\":\"https:\\\/\\\/macite.tg\\\/?p=22844\"},\"wordCount\":1222,\"commentCount\":0,\"image\":{\"@id\":\"https:\\\/\\\/macite.tg\\\/?p=22844#primaryimage\"},\"thumbnailUrl\":\"https:\\\/\\\/macite.tg\\\/wp-content\\\/uploads\\\/2025\\\/06\\\/AN.jpg\",\"articleSection\":[\"ACTUALITE\",\"DROIT DE L'HOMME\",\"FINANCES\"],\"inLanguage\":\"fr-FR\",\"potentialAction\":[{\"@type\":\"CommentAction\",\"name\":\"Comment\",\"target\":[\"https:\\\/\\\/macite.tg\\\/?p=22844#respond\"]}]},{\"@type\":\"WebPage\",\"@id\":\"https:\\\/\\\/macite.tg\\\/?p=22844\",\"url\":\"https:\\\/\\\/macite.tg\\\/?p=22844\",\"name\":\"PLANIFICATION ET BUDGETISATION SENSIBLES AUX ENFANTS\u00a0: Une journ\u00e9e d\u2019\u00e9changes avec les enfants \u00e0 la Repr\u00e9sentation nationale pour harmoniser les points de vue -\",\"isPartOf\":{\"@id\":\"https:\\\/\\\/macite.tg\\\/#website\"},\"primaryImageOfPage\":{\"@id\":\"https:\\\/\\\/macite.tg\\\/?p=22844#primaryimage\"},\"image\":{\"@id\":\"https:\\\/\\\/macite.tg\\\/?p=22844#primaryimage\"},\"thumbnailUrl\":\"https:\\\/\\\/macite.tg\\\/wp-content\\\/uploads\\\/2025\\\/06\\\/AN.jpg\",\"datePublished\":\"2025-06-17T18:42:14+00:00\",\"dateModified\":\"2025-06-17T18:42:31+00:00\",\"author\":{\"@id\":\"https:\\\/\\\/macite.tg\\\/#\\\/schema\\\/person\\\/e9f2de7e5dbbe7770a9402c7ce82f5c2\"},\"breadcrumb\":{\"@id\":\"https:\\\/\\\/macite.tg\\\/?p=22844#breadcrumb\"},\"inLanguage\":\"fr-FR\",\"potentialAction\":[{\"@type\":\"ReadAction\",\"target\":[\"https:\\\/\\\/macite.tg\\\/?p=22844\"]}]},{\"@type\":\"ImageObject\",\"inLanguage\":\"fr-FR\",\"@id\":\"https:\\\/\\\/macite.tg\\\/?p=22844#primaryimage\",\"url\":\"https:\\\/\\\/macite.tg\\\/wp-content\\\/uploads\\\/2025\\\/06\\\/AN.jpg\",\"contentUrl\":\"https:\\\/\\\/macite.tg\\\/wp-content\\\/uploads\\\/2025\\\/06\\\/AN.jpg\",\"width\":500,\"height\":278},{\"@type\":\"BreadcrumbList\",\"@id\":\"https:\\\/\\\/macite.tg\\\/?p=22844#breadcrumb\",\"itemListElement\":[{\"@type\":\"ListItem\",\"position\":1,\"name\":\"Accueil\",\"item\":\"https:\\\/\\\/macite.tg\\\/\"},{\"@type\":\"ListItem\",\"position\":2,\"name\":\"PLANIFICATION ET BUDGETISATION SENSIBLES AUX ENFANTS\u00a0: Une journ\u00e9e d\u2019\u00e9changes avec les enfants \u00e0 la Repr\u00e9sentation nationale pour harmoniser les points de vue\"}]},{\"@type\":\"WebSite\",\"@id\":\"https:\\\/\\\/macite.tg\\\/#website\",\"url\":\"https:\\\/\\\/macite.tg\\\/\",\"name\":\"\",\"description\":\"L&#039;information, la bonne!!!\",\"potentialAction\":[{\"@type\":\"SearchAction\",\"target\":{\"@type\":\"EntryPoint\",\"urlTemplate\":\"https:\\\/\\\/macite.tg\\\/?s={search_term_string}\"},\"query-input\":{\"@type\":\"PropertyValueSpecification\",\"valueRequired\":true,\"valueName\":\"search_term_string\"}}],\"inLanguage\":\"fr-FR\"},{\"@type\":\"Person\",\"@id\":\"https:\\\/\\\/macite.tg\\\/#\\\/schema\\\/person\\\/e9f2de7e5dbbe7770a9402c7ce82f5c2\",\"name\":\"Jean Pierre BAWELA\",\"image\":{\"@type\":\"ImageObject\",\"inLanguage\":\"fr-FR\",\"@id\":\"https:\\\/\\\/macite.tg\\\/wp-content\\\/uploads\\\/2023\\\/09\\\/WhatsApp-Image-2023-09-19-at-14.44.41-122x122.jpeg\",\"url\":\"https:\\\/\\\/macite.tg\\\/wp-content\\\/uploads\\\/2023\\\/09\\\/WhatsApp-Image-2023-09-19-at-14.44.41-122x122.jpeg\",\"contentUrl\":\"https:\\\/\\\/macite.tg\\\/wp-content\\\/uploads\\\/2023\\\/09\\\/WhatsApp-Image-2023-09-19-at-14.44.41-122x122.jpeg\",\"caption\":\"Jean Pierre BAWELA\"},\"url\":\"https:\\\/\\\/macite.tg\\\/?author=2\"}]}<\/script>\n<!-- \/ Yoast SEO plugin. -->","yoast_head_json":{"title":"PLANIFICATION ET BUDGETISATION SENSIBLES AUX ENFANTS\u00a0: Une journ\u00e9e d\u2019\u00e9changes avec les enfants \u00e0 la Repr\u00e9sentation nationale pour harmoniser les points de vue -","robots":{"index":"index","follow":"follow","max-snippet":"max-snippet:-1","max-image-preview":"max-image-preview:large","max-video-preview":"max-video-preview:-1"},"canonical":"https:\/\/macite.tg\/?p=22844","og_locale":"fr_FR","og_type":"article","og_title":"PLANIFICATION ET BUDGETISATION SENSIBLES AUX ENFANTS\u00a0: Une journ\u00e9e d\u2019\u00e9changes avec les enfants \u00e0 la Repr\u00e9sentation nationale pour harmoniser les points de vue -","og_description":"\u00ab Planification et budg\u00e9tisation pour les droits de l\u2019enfant : Progr\u00e8s depuis 2010 \u00bb, tel est le th\u00e8me de la journ\u00e9e d\u2019\u00e9changes entre les parlementaires et les enfants, organis\u00e9e, hier lundi 16 Juin, au si\u00e8ge de l\u2019Assembl\u00e9e nationale. Organis\u00e9e conjointement par le Minist\u00e8re de l\u2019Action [&hellip;]","og_url":"https:\/\/macite.tg\/?p=22844","article_published_time":"2025-06-17T18:42:14+00:00","article_modified_time":"2025-06-17T18:42:31+00:00","og_image":[{"width":500,"height":278,"url":"https:\/\/macite.tg\/wp-content\/uploads\/2025\/06\/AN.jpg","type":"image\/jpeg"}],"author":"Jean Pierre BAWELA","twitter_card":"summary_large_image","twitter_misc":{"\u00c9crit par":"Jean Pierre BAWELA","Dur\u00e9e de lecture estim\u00e9e":"7 minutes"},"schema":{"@context":"https:\/\/schema.org","@graph":[{"@type":"Article","@id":"https:\/\/macite.tg\/?p=22844#article","isPartOf":{"@id":"https:\/\/macite.tg\/?p=22844"},"author":{"name":"Jean Pierre BAWELA","@id":"https:\/\/macite.tg\/#\/schema\/person\/e9f2de7e5dbbe7770a9402c7ce82f5c2"},"headline":"PLANIFICATION ET BUDGETISATION SENSIBLES AUX ENFANTS\u00a0: Une journ\u00e9e d\u2019\u00e9changes avec les enfants \u00e0 la Repr\u00e9sentation nationale pour harmoniser les points de vue","datePublished":"2025-06-17T18:42:14+00:00","dateModified":"2025-06-17T18:42:31+00:00","mainEntityOfPage":{"@id":"https:\/\/macite.tg\/?p=22844"},"wordCount":1222,"commentCount":0,"image":{"@id":"https:\/\/macite.tg\/?p=22844#primaryimage"},"thumbnailUrl":"https:\/\/macite.tg\/wp-content\/uploads\/2025\/06\/AN.jpg","articleSection":["ACTUALITE","DROIT DE L'HOMME","FINANCES"],"inLanguage":"fr-FR","potentialAction":[{"@type":"CommentAction","name":"Comment","target":["https:\/\/macite.tg\/?p=22844#respond"]}]},{"@type":"WebPage","@id":"https:\/\/macite.tg\/?p=22844","url":"https:\/\/macite.tg\/?p=22844","name":"PLANIFICATION ET BUDGETISATION SENSIBLES AUX ENFANTS\u00a0: Une journ\u00e9e d\u2019\u00e9changes avec les enfants \u00e0 la Repr\u00e9sentation nationale pour harmoniser les points de vue -","isPartOf":{"@id":"https:\/\/macite.tg\/#website"},"primaryImageOfPage":{"@id":"https:\/\/macite.tg\/?p=22844#primaryimage"},"image":{"@id":"https:\/\/macite.tg\/?p=22844#primaryimage"},"thumbnailUrl":"https:\/\/macite.tg\/wp-content\/uploads\/2025\/06\/AN.jpg","datePublished":"2025-06-17T18:42:14+00:00","dateModified":"2025-06-17T18:42:31+00:00","author":{"@id":"https:\/\/macite.tg\/#\/schema\/person\/e9f2de7e5dbbe7770a9402c7ce82f5c2"},"breadcrumb":{"@id":"https:\/\/macite.tg\/?p=22844#breadcrumb"},"inLanguage":"fr-FR","potentialAction":[{"@type":"ReadAction","target":["https:\/\/macite.tg\/?p=22844"]}]},{"@type":"ImageObject","inLanguage":"fr-FR","@id":"https:\/\/macite.tg\/?p=22844#primaryimage","url":"https:\/\/macite.tg\/wp-content\/uploads\/2025\/06\/AN.jpg","contentUrl":"https:\/\/macite.tg\/wp-content\/uploads\/2025\/06\/AN.jpg","width":500,"height":278},{"@type":"BreadcrumbList","@id":"https:\/\/macite.tg\/?p=22844#breadcrumb","itemListElement":[{"@type":"ListItem","position":1,"name":"Accueil","item":"https:\/\/macite.tg\/"},{"@type":"ListItem","position":2,"name":"PLANIFICATION ET BUDGETISATION SENSIBLES AUX ENFANTS\u00a0: Une journ\u00e9e d\u2019\u00e9changes avec les enfants \u00e0 la Repr\u00e9sentation nationale pour harmoniser les points de vue"}]},{"@type":"WebSite","@id":"https:\/\/macite.tg\/#website","url":"https:\/\/macite.tg\/","name":"","description":"L&#039;information, la bonne!!!","potentialAction":[{"@type":"SearchAction","target":{"@type":"EntryPoint","urlTemplate":"https:\/\/macite.tg\/?s={search_term_string}"},"query-input":{"@type":"PropertyValueSpecification","valueRequired":true,"valueName":"search_term_string"}}],"inLanguage":"fr-FR"},{"@type":"Person","@id":"https:\/\/macite.tg\/#\/schema\/person\/e9f2de7e5dbbe7770a9402c7ce82f5c2","name":"Jean Pierre BAWELA","image":{"@type":"ImageObject","inLanguage":"fr-FR","@id":"https:\/\/macite.tg\/wp-content\/uploads\/2023\/09\/WhatsApp-Image-2023-09-19-at-14.44.41-122x122.jpeg","url":"https:\/\/macite.tg\/wp-content\/uploads\/2023\/09\/WhatsApp-Image-2023-09-19-at-14.44.41-122x122.jpeg","contentUrl":"https:\/\/macite.tg\/wp-content\/uploads\/2023\/09\/WhatsApp-Image-2023-09-19-at-14.44.41-122x122.jpeg","caption":"Jean Pierre BAWELA"},"url":"https:\/\/macite.tg\/?author=2"}]}},"_links":{"self":[{"href":"https:\/\/macite.tg\/index.php?rest_route=\/wp\/v2\/posts\/22844","targetHints":{"allow":["GET"]}}],"collection":[{"href":"https:\/\/macite.tg\/index.php?rest_route=\/wp\/v2\/posts"}],"about":[{"href":"https:\/\/macite.tg\/index.php?rest_route=\/wp\/v2\/types\/post"}],"author":[{"embeddable":true,"href":"https:\/\/macite.tg\/index.php?rest_route=\/wp\/v2\/users\/2"}],"replies":[{"embeddable":true,"href":"https:\/\/macite.tg\/index.php?rest_route=%2Fwp%2Fv2%2Fcomments&post=22844"}],"version-history":[{"count":0,"href":"https:\/\/macite.tg\/index.php?rest_route=\/wp\/v2\/posts\/22844\/revisions"}],"wp:featuredmedia":[{"embeddable":true,"href":"https:\/\/macite.tg\/index.php?rest_route=\/wp\/v2\/media\/22846"}],"wp:attachment":[{"href":"https:\/\/macite.tg\/index.php?rest_route=%2Fwp%2Fv2%2Fmedia&parent=22844"}],"wp:term":[{"taxonomy":"category","embeddable":true,"href":"https:\/\/macite.tg\/index.php?rest_route=%2Fwp%2Fv2%2Fcategories&post=22844"},{"taxonomy":"post_tag","embeddable":true,"href":"https:\/\/macite.tg\/index.php?rest_route=%2Fwp%2Fv2%2Ftags&post=22844"}],"curies":[{"name":"wp","href":"https:\/\/api.w.org\/{rel}","templated":true}]}}