{"id":22832,"date":"2025-06-17T16:04:09","date_gmt":"2025-06-17T16:04:09","guid":{"rendered":"https:\/\/macite.tg\/?p=22832"},"modified":"2025-06-17T16:04:18","modified_gmt":"2025-06-17T16:04:18","slug":"commemoration-des-20ans-de-disparition-du-gal-eyadema-les-campagnes-medicales-foraines-a-letape-de-la-region-maritime","status":"publish","type":"post","link":"https:\/\/macite.tg\/?p=22832","title":{"rendered":"COMMEMORATION DES 20ANS DE DISPARITION DU GAL EYADEMA\u00a0: Les campagnes m\u00e9dicales foraines \u00e0 l\u2019\u00e9tape de la r\u00e9gion Maritime"},"content":{"rendered":"\n<p class=\"wp-block-paragraph\"><strong><em>Apr\u00e8s la Kara, les Savanes, la Centrale et les Plateaux, la campagne nationale des op\u00e9rations m\u00e9dicales foraines et gratuites, men\u00e9es par des m\u00e9decins des Forces arm\u00e9es togolaises (FAT), est \u00e0 l\u2019\u00e9tape de la r\u00e9gion Maritime. Cette cinqui\u00e8me \u00e9tape, qui a d\u00e9marr\u00e9es le 16 juin dernier, va se poursuivre jusqu\u2019au 03 juillet prochain dans la R\u00e9gion maritime.<\/em><\/strong> <\/p>\n\n\n\n<p class=\"wp-block-paragraph\">Dans le cadre de la comm\u00e9moration des 20 ans de disparition du Pr\u00e9sident Gnassingb\u00e9 Eyad\u00e9ma, une campagne nationale d\u2019actons m\u00e9dicales gratuites, d\u00e9marr\u00e9e il y a plusieurs mois d\u00e9j\u00e0, est \u00e0 sa cinqui\u00e8me \u00e9tape dans la R\u00e9gion Maritime.<\/p>\n\n\n\n<p class=\"wp-block-paragraph\">Ainsi, du 16 juin au 03 juillet 2025, des \u00e9quipes de m\u00e9decins du service de sant\u00e9 des Forces arm\u00e9es togolaises (FAT) vont sillonner les chefs-lieux des six pr\u00e9fectures de la r\u00e9gion Maritime, pour donner des soins gratuits aux populations.<\/p>\n\n\n<div class=\"wp-block-image\">\n<figure class=\"aligncenter size-full\"><img loading=\"lazy\" decoding=\"async\" width=\"851\" height=\"315\" src=\"https:\/\/macite.tg\/wp-content\/uploads\/2025\/06\/OTR_Bandeau-Renseignements.jpg\" alt=\"\" class=\"wp-image-22661\" srcset=\"https:\/\/macite.tg\/wp-content\/uploads\/2025\/06\/OTR_Bandeau-Renseignements.jpg 851w, https:\/\/macite.tg\/wp-content\/uploads\/2025\/06\/OTR_Bandeau-Renseignements-300x111.jpg 300w, https:\/\/macite.tg\/wp-content\/uploads\/2025\/06\/OTR_Bandeau-Renseignements-768x284.jpg 768w\" sizes=\"auto, (max-width: 851px) 100vw, 851px\" \/><\/figure>\n<\/div>\n\n\n<p class=\"wp-block-paragraph\">Au menu de ces op\u00e9rations, des prestations couvrant notamment les consultations, les actes chirurgicaux et les examens d\u2019\u00e9chographie abdominale, thyro\u00efdienne, gyn\u00e9cologique et obst\u00e9tricale.<\/p>\n\n\n\n<p class=\"wp-block-paragraph\">Les actes de chirurgies seront r\u00e9alis\u00e9s au CHR de Ts\u00e9vi\u00e9, au CHP d\u2019An\u00e9ho, au CHP de Vogan, et \u00e0 l\u2019h\u00f4pital d\u2019Afagnan, indique un communiqu\u00e9 du ministre en charge de l\u2019Administration territoriale. Ils vont porter sur des pathologies comme l\u2019hernies, les hydroc\u00e8les, les lipomes, nodules du sein, les fibromyomes ut\u00e9rins et les goitres avec examen anatomopathologique. Il sera \u00e9galement propos\u00e9 aux populations un d\u00e9pistage gratuit de l\u2019hypertension art\u00e9rielle, du diab\u00e8te et du VIH.<\/p>\n\n\n<div class=\"wp-block-image\">\n<figure class=\"aligncenter size-large is-resized\"><img loading=\"lazy\" decoding=\"async\" width=\"1024\" height=\"1024\" src=\"https:\/\/macite.tg\/wp-content\/uploads\/2025\/06\/Geo-ref-1024x1024.png\" alt=\"\" class=\"wp-image-22812\" style=\"width:652px;height:auto\" srcset=\"https:\/\/macite.tg\/wp-content\/uploads\/2025\/06\/Geo-ref-1024x1024.png 1024w, https:\/\/macite.tg\/wp-content\/uploads\/2025\/06\/Geo-ref-300x300.png 300w, https:\/\/macite.tg\/wp-content\/uploads\/2025\/06\/Geo-ref-150x150.png 150w, https:\/\/macite.tg\/wp-content\/uploads\/2025\/06\/Geo-ref-768x768.png 768w, https:\/\/macite.tg\/wp-content\/uploads\/2025\/06\/Geo-ref-122x122.png 122w, https:\/\/macite.tg\/wp-content\/uploads\/2025\/06\/Geo-ref.png 1080w\" sizes=\"auto, (max-width: 1024px) 100vw, 1024px\" \/><\/figure>\n<\/div>\n\n\n<p class=\"wp-block-paragraph\">Notons que cette campagne, en plus de donner des soins m\u00e9dicaux gratuits aux populations d\u00e9munies, en priorit\u00e9, se veut, d\u2019abord, de rapprocher les soins des populations et soulager les souffrances&nbsp;des populations, et ensuite, resserrer les liens entre les civiles et leurs forces arm\u00e9es, de sorte de renforcer cette cohabitation de longue date. Une mani\u00e8re pour les FAT de se rem\u00e9morer les valeurs de solidarit\u00e9, de coh\u00e9sion nationale, \u2026 v\u00e9hicul\u00e9es par Feu G\u00e9n\u00e9ral Gnassingb\u00e9 Eyad\u00e9ma.<\/p>\n\n\n\n<p class=\"wp-block-paragraph\"><strong>JPB<\/strong><\/p>\n\n\n\n<p class=\"wp-block-paragraph\"><a><strong><em>@macite.tg&nbsp;&nbsp;&nbsp;&nbsp;&nbsp;&nbsp;&nbsp;&nbsp;<\/em><\/strong><\/a><\/p>\n\n\n\n<p class=\"wp-block-paragraph\"><strong><em>E-mail&nbsp;: <\/em><\/strong><a href=\"mailto:maciteinfo@gmail.com\"><strong><em>maciteinfo@gmail.com<\/em><\/strong><\/a><strong><em>; <\/em><\/strong><a href=\"mailto:bawela1@gmail.com\"><strong><em>bawela1@gmail.com<\/em><\/strong><\/a><strong><em><\/em><\/strong><\/p>\n\n\n\n<p class=\"wp-block-paragraph\"><strong><em>Pour vos annonces, (publi)reportages, etc., joignez-nous au (00228)91515309\/<strong>79872224 <\/strong>www.macite.tg, L\u2019information, la bonne&nbsp;!<\/em><\/strong><\/p>\n\n\n\n<p class=\"wp-block-paragraph\"><\/p>\n","protected":false},"excerpt":{"rendered":"<p class=\"text-justify mb-2\" >Apr\u00e8s la Kara, les Savanes, la Centrale et les Plateaux, la campagne nationale des op\u00e9rations m\u00e9dicales foraines et gratuites, men\u00e9es par des m\u00e9decins des Forces arm\u00e9es togolaises (FAT), est \u00e0 l\u2019\u00e9tape de la r\u00e9gion Maritime. Cette cinqui\u00e8me \u00e9tape, qui a d\u00e9marr\u00e9es le 16 juin dernier, [&hellip;]<\/p>\n","protected":false},"author":2,"featured_media":22836,"comment_status":"open","ping_status":"open","sticky":false,"template":"","format":"standard","meta":{"footnotes":""},"categories":[20,5],"tags":[],"class_list":["post-22832","post","type-post","status-publish","format-standard","has-post-thumbnail","hentry","category-actualite","category-sante"],"yoast_head":"<!-- This site is optimized with the Yoast SEO plugin v28.4 - https:\/\/yoast.com\/product\/yoast-seo-wordpress\/ -->\n<title>COMMEMORATION DES 20ANS DE DISPARITION DU GAL EYADEMA\u00a0: Les campagnes m\u00e9dicales foraines \u00e0 l\u2019\u00e9tape de la r\u00e9gion Maritime -<\/title>\n<meta name=\"robots\" content=\"index, follow, max-snippet:-1, max-image-preview:large, max-video-preview:-1\" \/>\n<link rel=\"canonical\" href=\"https:\/\/macite.tg\/?p=22832\" \/>\n<meta property=\"og:locale\" content=\"fr_FR\" \/>\n<meta property=\"og:type\" content=\"article\" \/>\n<meta property=\"og:title\" content=\"COMMEMORATION DES 20ANS DE DISPARITION DU GAL EYADEMA\u00a0: Les campagnes m\u00e9dicales foraines \u00e0 l\u2019\u00e9tape de la r\u00e9gion Maritime -\" \/>\n<meta property=\"og:description\" content=\"Apr\u00e8s la Kara, les Savanes, la Centrale et les Plateaux, la campagne nationale des op\u00e9rations m\u00e9dicales foraines et gratuites, men\u00e9es par des m\u00e9decins des Forces arm\u00e9es togolaises (FAT), est \u00e0 l\u2019\u00e9tape de la r\u00e9gion Maritime. Cette cinqui\u00e8me \u00e9tape, qui a d\u00e9marr\u00e9es le 16 juin dernier, [&hellip;]\" \/>\n<meta property=\"og:url\" content=\"https:\/\/macite.tg\/?p=22832\" \/>\n<meta property=\"article:published_time\" content=\"2025-06-17T16:04:09+00:00\" \/>\n<meta property=\"article:modified_time\" content=\"2025-06-17T16:04:18+00:00\" \/>\n<meta property=\"og:image\" content=\"https:\/\/macite.tg\/wp-content\/uploads\/2025\/06\/Medecins-.jpg\" \/>\n\t<meta property=\"og:image:width\" content=\"500\" \/>\n\t<meta property=\"og:image:height\" content=\"281\" \/>\n\t<meta property=\"og:image:type\" content=\"image\/jpeg\" \/>\n<meta name=\"author\" content=\"Jean Pierre BAWELA\" \/>\n<meta name=\"twitter:card\" content=\"summary_large_image\" \/>\n<meta name=\"twitter:label1\" content=\"\u00c9crit par\" \/>\n\t<meta name=\"twitter:data1\" content=\"Jean Pierre BAWELA\" \/>\n\t<meta name=\"twitter:label2\" content=\"Dur\u00e9e de lecture estim\u00e9e\" \/>\n\t<meta name=\"twitter:data2\" content=\"3 minutes\" \/>\n<script type=\"application\/ld+json\" class=\"yoast-schema-graph\">{\"@context\":\"https:\\\/\\\/schema.org\",\"@graph\":[{\"@type\":\"Article\",\"@id\":\"https:\\\/\\\/macite.tg\\\/?p=22832#article\",\"isPartOf\":{\"@id\":\"https:\\\/\\\/macite.tg\\\/?p=22832\"},\"author\":{\"name\":\"Jean Pierre BAWELA\",\"@id\":\"https:\\\/\\\/macite.tg\\\/#\\\/schema\\\/person\\\/e9f2de7e5dbbe7770a9402c7ce82f5c2\"},\"headline\":\"COMMEMORATION DES 20ANS DE DISPARITION DU GAL EYADEMA\u00a0: Les campagnes m\u00e9dicales foraines \u00e0 l\u2019\u00e9tape de la r\u00e9gion Maritime\",\"datePublished\":\"2025-06-17T16:04:09+00:00\",\"dateModified\":\"2025-06-17T16:04:18+00:00\",\"mainEntityOfPage\":{\"@id\":\"https:\\\/\\\/macite.tg\\\/?p=22832\"},\"wordCount\":408,\"commentCount\":0,\"image\":{\"@id\":\"https:\\\/\\\/macite.tg\\\/?p=22832#primaryimage\"},\"thumbnailUrl\":\"https:\\\/\\\/macite.tg\\\/wp-content\\\/uploads\\\/2025\\\/06\\\/Medecins-.jpg\",\"articleSection\":[\"ACTUALITE\",\"SANTE\"],\"inLanguage\":\"fr-FR\",\"potentialAction\":[{\"@type\":\"CommentAction\",\"name\":\"Comment\",\"target\":[\"https:\\\/\\\/macite.tg\\\/?p=22832#respond\"]}]},{\"@type\":\"WebPage\",\"@id\":\"https:\\\/\\\/macite.tg\\\/?p=22832\",\"url\":\"https:\\\/\\\/macite.tg\\\/?p=22832\",\"name\":\"COMMEMORATION DES 20ANS DE DISPARITION DU GAL EYADEMA\u00a0: Les campagnes m\u00e9dicales foraines \u00e0 l\u2019\u00e9tape de la r\u00e9gion Maritime -\",\"isPartOf\":{\"@id\":\"https:\\\/\\\/macite.tg\\\/#website\"},\"primaryImageOfPage\":{\"@id\":\"https:\\\/\\\/macite.tg\\\/?p=22832#primaryimage\"},\"image\":{\"@id\":\"https:\\\/\\\/macite.tg\\\/?p=22832#primaryimage\"},\"thumbnailUrl\":\"https:\\\/\\\/macite.tg\\\/wp-content\\\/uploads\\\/2025\\\/06\\\/Medecins-.jpg\",\"datePublished\":\"2025-06-17T16:04:09+00:00\",\"dateModified\":\"2025-06-17T16:04:18+00:00\",\"author\":{\"@id\":\"https:\\\/\\\/macite.tg\\\/#\\\/schema\\\/person\\\/e9f2de7e5dbbe7770a9402c7ce82f5c2\"},\"breadcrumb\":{\"@id\":\"https:\\\/\\\/macite.tg\\\/?p=22832#breadcrumb\"},\"inLanguage\":\"fr-FR\",\"potentialAction\":[{\"@type\":\"ReadAction\",\"target\":[\"https:\\\/\\\/macite.tg\\\/?p=22832\"]}]},{\"@type\":\"ImageObject\",\"inLanguage\":\"fr-FR\",\"@id\":\"https:\\\/\\\/macite.tg\\\/?p=22832#primaryimage\",\"url\":\"https:\\\/\\\/macite.tg\\\/wp-content\\\/uploads\\\/2025\\\/06\\\/Medecins-.jpg\",\"contentUrl\":\"https:\\\/\\\/macite.tg\\\/wp-content\\\/uploads\\\/2025\\\/06\\\/Medecins-.jpg\",\"width\":500,\"height\":281,\"caption\":\"Des m\u00e9decins au chevet d'un patient\"},{\"@type\":\"BreadcrumbList\",\"@id\":\"https:\\\/\\\/macite.tg\\\/?p=22832#breadcrumb\",\"itemListElement\":[{\"@type\":\"ListItem\",\"position\":1,\"name\":\"Accueil\",\"item\":\"https:\\\/\\\/macite.tg\\\/\"},{\"@type\":\"ListItem\",\"position\":2,\"name\":\"COMMEMORATION DES 20ANS DE DISPARITION DU GAL EYADEMA\u00a0: Les campagnes m\u00e9dicales foraines \u00e0 l\u2019\u00e9tape de la r\u00e9gion Maritime\"}]},{\"@type\":\"WebSite\",\"@id\":\"https:\\\/\\\/macite.tg\\\/#website\",\"url\":\"https:\\\/\\\/macite.tg\\\/\",\"name\":\"\",\"description\":\"L&#039;information, la bonne!!!\",\"potentialAction\":[{\"@type\":\"SearchAction\",\"target\":{\"@type\":\"EntryPoint\",\"urlTemplate\":\"https:\\\/\\\/macite.tg\\\/?s={search_term_string}\"},\"query-input\":{\"@type\":\"PropertyValueSpecification\",\"valueRequired\":true,\"valueName\":\"search_term_string\"}}],\"inLanguage\":\"fr-FR\"},{\"@type\":\"Person\",\"@id\":\"https:\\\/\\\/macite.tg\\\/#\\\/schema\\\/person\\\/e9f2de7e5dbbe7770a9402c7ce82f5c2\",\"name\":\"Jean Pierre BAWELA\",\"image\":{\"@type\":\"ImageObject\",\"inLanguage\":\"fr-FR\",\"@id\":\"https:\\\/\\\/macite.tg\\\/wp-content\\\/uploads\\\/2023\\\/09\\\/WhatsApp-Image-2023-09-19-at-14.44.41-122x122.jpeg\",\"url\":\"https:\\\/\\\/macite.tg\\\/wp-content\\\/uploads\\\/2023\\\/09\\\/WhatsApp-Image-2023-09-19-at-14.44.41-122x122.jpeg\",\"contentUrl\":\"https:\\\/\\\/macite.tg\\\/wp-content\\\/uploads\\\/2023\\\/09\\\/WhatsApp-Image-2023-09-19-at-14.44.41-122x122.jpeg\",\"caption\":\"Jean Pierre BAWELA\"},\"url\":\"https:\\\/\\\/macite.tg\\\/?author=2\"}]}<\/script>\n<!-- \/ Yoast SEO plugin. -->","yoast_head_json":{"title":"COMMEMORATION DES 20ANS DE DISPARITION DU GAL EYADEMA\u00a0: Les campagnes m\u00e9dicales foraines \u00e0 l\u2019\u00e9tape de la r\u00e9gion Maritime -","robots":{"index":"index","follow":"follow","max-snippet":"max-snippet:-1","max-image-preview":"max-image-preview:large","max-video-preview":"max-video-preview:-1"},"canonical":"https:\/\/macite.tg\/?p=22832","og_locale":"fr_FR","og_type":"article","og_title":"COMMEMORATION DES 20ANS DE DISPARITION DU GAL EYADEMA\u00a0: Les campagnes m\u00e9dicales foraines \u00e0 l\u2019\u00e9tape de la r\u00e9gion Maritime -","og_description":"Apr\u00e8s la Kara, les Savanes, la Centrale et les Plateaux, la campagne nationale des op\u00e9rations m\u00e9dicales foraines et gratuites, men\u00e9es par des m\u00e9decins des Forces arm\u00e9es togolaises (FAT), est \u00e0 l\u2019\u00e9tape de la r\u00e9gion Maritime. Cette cinqui\u00e8me \u00e9tape, qui a d\u00e9marr\u00e9es le 16 juin dernier, [&hellip;]","og_url":"https:\/\/macite.tg\/?p=22832","article_published_time":"2025-06-17T16:04:09+00:00","article_modified_time":"2025-06-17T16:04:18+00:00","og_image":[{"width":500,"height":281,"url":"https:\/\/macite.tg\/wp-content\/uploads\/2025\/06\/Medecins-.jpg","type":"image\/jpeg"}],"author":"Jean Pierre BAWELA","twitter_card":"summary_large_image","twitter_misc":{"\u00c9crit par":"Jean Pierre BAWELA","Dur\u00e9e de lecture estim\u00e9e":"3 minutes"},"schema":{"@context":"https:\/\/schema.org","@graph":[{"@type":"Article","@id":"https:\/\/macite.tg\/?p=22832#article","isPartOf":{"@id":"https:\/\/macite.tg\/?p=22832"},"author":{"name":"Jean Pierre BAWELA","@id":"https:\/\/macite.tg\/#\/schema\/person\/e9f2de7e5dbbe7770a9402c7ce82f5c2"},"headline":"COMMEMORATION DES 20ANS DE DISPARITION DU GAL EYADEMA\u00a0: Les campagnes m\u00e9dicales foraines \u00e0 l\u2019\u00e9tape de la r\u00e9gion Maritime","datePublished":"2025-06-17T16:04:09+00:00","dateModified":"2025-06-17T16:04:18+00:00","mainEntityOfPage":{"@id":"https:\/\/macite.tg\/?p=22832"},"wordCount":408,"commentCount":0,"image":{"@id":"https:\/\/macite.tg\/?p=22832#primaryimage"},"thumbnailUrl":"https:\/\/macite.tg\/wp-content\/uploads\/2025\/06\/Medecins-.jpg","articleSection":["ACTUALITE","SANTE"],"inLanguage":"fr-FR","potentialAction":[{"@type":"CommentAction","name":"Comment","target":["https:\/\/macite.tg\/?p=22832#respond"]}]},{"@type":"WebPage","@id":"https:\/\/macite.tg\/?p=22832","url":"https:\/\/macite.tg\/?p=22832","name":"COMMEMORATION DES 20ANS DE DISPARITION DU GAL EYADEMA\u00a0: Les campagnes m\u00e9dicales foraines \u00e0 l\u2019\u00e9tape de la r\u00e9gion Maritime -","isPartOf":{"@id":"https:\/\/macite.tg\/#website"},"primaryImageOfPage":{"@id":"https:\/\/macite.tg\/?p=22832#primaryimage"},"image":{"@id":"https:\/\/macite.tg\/?p=22832#primaryimage"},"thumbnailUrl":"https:\/\/macite.tg\/wp-content\/uploads\/2025\/06\/Medecins-.jpg","datePublished":"2025-06-17T16:04:09+00:00","dateModified":"2025-06-17T16:04:18+00:00","author":{"@id":"https:\/\/macite.tg\/#\/schema\/person\/e9f2de7e5dbbe7770a9402c7ce82f5c2"},"breadcrumb":{"@id":"https:\/\/macite.tg\/?p=22832#breadcrumb"},"inLanguage":"fr-FR","potentialAction":[{"@type":"ReadAction","target":["https:\/\/macite.tg\/?p=22832"]}]},{"@type":"ImageObject","inLanguage":"fr-FR","@id":"https:\/\/macite.tg\/?p=22832#primaryimage","url":"https:\/\/macite.tg\/wp-content\/uploads\/2025\/06\/Medecins-.jpg","contentUrl":"https:\/\/macite.tg\/wp-content\/uploads\/2025\/06\/Medecins-.jpg","width":500,"height":281,"caption":"Des m\u00e9decins au chevet d'un patient"},{"@type":"BreadcrumbList","@id":"https:\/\/macite.tg\/?p=22832#breadcrumb","itemListElement":[{"@type":"ListItem","position":1,"name":"Accueil","item":"https:\/\/macite.tg\/"},{"@type":"ListItem","position":2,"name":"COMMEMORATION DES 20ANS DE DISPARITION DU GAL EYADEMA\u00a0: Les campagnes m\u00e9dicales foraines \u00e0 l\u2019\u00e9tape de la r\u00e9gion Maritime"}]},{"@type":"WebSite","@id":"https:\/\/macite.tg\/#website","url":"https:\/\/macite.tg\/","name":"","description":"L&#039;information, la bonne!!!","potentialAction":[{"@type":"SearchAction","target":{"@type":"EntryPoint","urlTemplate":"https:\/\/macite.tg\/?s={search_term_string}"},"query-input":{"@type":"PropertyValueSpecification","valueRequired":true,"valueName":"search_term_string"}}],"inLanguage":"fr-FR"},{"@type":"Person","@id":"https:\/\/macite.tg\/#\/schema\/person\/e9f2de7e5dbbe7770a9402c7ce82f5c2","name":"Jean Pierre BAWELA","image":{"@type":"ImageObject","inLanguage":"fr-FR","@id":"https:\/\/macite.tg\/wp-content\/uploads\/2023\/09\/WhatsApp-Image-2023-09-19-at-14.44.41-122x122.jpeg","url":"https:\/\/macite.tg\/wp-content\/uploads\/2023\/09\/WhatsApp-Image-2023-09-19-at-14.44.41-122x122.jpeg","contentUrl":"https:\/\/macite.tg\/wp-content\/uploads\/2023\/09\/WhatsApp-Image-2023-09-19-at-14.44.41-122x122.jpeg","caption":"Jean Pierre BAWELA"},"url":"https:\/\/macite.tg\/?author=2"}]}},"_links":{"self":[{"href":"https:\/\/macite.tg\/index.php?rest_route=\/wp\/v2\/posts\/22832","targetHints":{"allow":["GET"]}}],"collection":[{"href":"https:\/\/macite.tg\/index.php?rest_route=\/wp\/v2\/posts"}],"about":[{"href":"https:\/\/macite.tg\/index.php?rest_route=\/wp\/v2\/types\/post"}],"author":[{"embeddable":true,"href":"https:\/\/macite.tg\/index.php?rest_route=\/wp\/v2\/users\/2"}],"replies":[{"embeddable":true,"href":"https:\/\/macite.tg\/index.php?rest_route=%2Fwp%2Fv2%2Fcomments&post=22832"}],"version-history":[{"count":0,"href":"https:\/\/macite.tg\/index.php?rest_route=\/wp\/v2\/posts\/22832\/revisions"}],"wp:featuredmedia":[{"embeddable":true,"href":"https:\/\/macite.tg\/index.php?rest_route=\/wp\/v2\/media\/22836"}],"wp:attachment":[{"href":"https:\/\/macite.tg\/index.php?rest_route=%2Fwp%2Fv2%2Fmedia&parent=22832"}],"wp:term":[{"taxonomy":"category","embeddable":true,"href":"https:\/\/macite.tg\/index.php?rest_route=%2Fwp%2Fv2%2Fcategories&post=22832"},{"taxonomy":"post_tag","embeddable":true,"href":"https:\/\/macite.tg\/index.php?rest_route=%2Fwp%2Fv2%2Ftags&post=22832"}],"curies":[{"name":"wp","href":"https:\/\/api.w.org\/{rel}","templated":true}]}}