{"id":2280,"date":"2022-12-02T18:24:08","date_gmt":"2022-12-02T18:24:08","guid":{"rendered":"https:\/\/macite.info\/?p=2280"},"modified":"2022-12-02T18:24:09","modified_gmt":"2022-12-02T18:24:09","slug":"benin-elections-legislatives-du-08-janvier-2023-prof-joseph-fifamin-djogbenou-president-de-lunion-progressiste-le-renouveau-explique-les-enjeux-aux-etudiants","status":"publish","type":"post","link":"https:\/\/macite.tg\/?p=2280","title":{"rendered":"B\u00c9NIN \/ \u00c9LECTIONS L\u00c9GISLATIVES DU 08 JANVIER 2023\u00a0: Prof Joseph Fifamin DJOGBENOU, pr\u00e9sident\u00a0 de l\u2019Union Progressiste Le Renouveau, explique les enjeux aux \u00e9tudiants"},"content":{"rendered":"\n<p class=\"wp-block-paragraph\"><strong><em>Le B\u00e9nin voisin va organiser des l\u00e9gislatives en janvier 2023. Face aux enjeux qui se d\u00e9gagent, des personnalit\u00e9s politiques passent d\u2019un cran en mobilisant gr\u00e2ce \u00e0 des rencontres foraines pleines d\u2019enseignements.<\/em><\/strong><\/p>\n\n\n\n<p class=\"wp-block-paragraph\">Ce vendredi 02 d\u00e9cembre, le pr\u00e9sident du parti Union Progressiste Le Renouveau, le Professeur \u00e9m\u00e9rite Joseph Fifamin Djogbenou, \u00e9tait face \u00e0 la classe estudiantine de son pays \u00e0 l\u2019Amphi Idriss Itno DEBY d\u2019Abomey Calavi. C\u2019est \u00e0 la faveur d\u2019une conf\u00e9rence publique qu\u2019il a anim\u00e9 sur le th\u00e8me<em> \u00ab&nbsp;Les enjeux des \u00e9lections l\u00e9gislatives du 08 janvier 2023&nbsp;\u00bb<\/em>. Une pr\u00e9sentation tr\u00e8s suivie qui a tout autant permis \u00e0 l\u2019assistance de soulever des inqui\u00e9tudes l\u00e9gitimes.<\/p>\n\n\n<div class=\"wp-block-image\">\n<figure class=\"aligncenter size-full is-resized\"><img loading=\"lazy\" decoding=\"async\" src=\"https:\/\/macite.tg\/wp-content\/uploads\/2022\/12\/IMG-20221202-WA0072.jpg\" alt=\"\" class=\"wp-image-2282\" width=\"691\" height=\"388\" srcset=\"https:\/\/macite.tg\/wp-content\/uploads\/2022\/12\/IMG-20221202-WA0072.jpg 1000w, https:\/\/macite.tg\/wp-content\/uploads\/2022\/12\/IMG-20221202-WA0072-300x169.jpg 300w, https:\/\/macite.tg\/wp-content\/uploads\/2022\/12\/IMG-20221202-WA0072-768x432.jpg 768w\" sizes=\"auto, (max-width: 691px) 100vw, 691px\" \/><figcaption><em><strong>Une foule immense \u00e9tait au rendez-vous de cette conf\u00e9rence publique du Prof <\/strong><\/em> Djogbenou.<\/figcaption><\/figure>\n<\/div>\n\n\n<p class=\"wp-block-paragraph\">Une occasion pour l\u2019universitaire qui a d\u00e9cid\u00e9, depuis un bon bout de temps, de faire carri\u00e8re en politique vue son engagement panafricaniste.<\/p>\n\n\n\n<p class=\"wp-block-paragraph\">Appuy\u00e9 pour la circonstance par le Doyen de la facult\u00e9 du Droit de l&rsquo;universit\u00e9 d&rsquo;Abomey Calavi, le Professeur Salami, le pr\u00e9sident Djogbenou, entour\u00e9 d\u2019une forte d\u00e9l\u00e9gation des cadres de son parti, a profit\u00e9 de cette occasion pour \u00e9clairer la lanterne des uns et des autres quant aux questions d\u2019ordre structurel et structurel.<\/p>\n\n\n\n<p class=\"wp-block-paragraph\">Pour les observateurs avis\u00e9s de la sc\u00e8ne politique b\u00e9ninoise, le Prof Djogbenou devenu homme politique, marque l\u00e0 un point non des moindres \u00e0 travers l\u2019\u00e9clat et la solennit\u00e9 toutes particuli\u00e8res qu\u2019a rev\u00eatu cette conf\u00e9rence publique qui, en un moment donn\u00e9, a pris l\u2019allure d\u2019un cours magistral sur la politique.<\/p>\n\n\n\n<p class=\"wp-block-paragraph\">Au finish, l\u2019orateur a expliqu\u00e9 \u00e0 la communaut\u00e9 estudiantine la n\u00e9cessit\u00e9 de s\u2019impliquer en politique et les nombreux avantages pour la soci\u00e9t\u00e9. Et qui mieux que le parti Union Progressiste Le Renouveau pour l\u2019\u00e9panouissement de la jeunesse scientifique, et de la jeunesse b\u00e9ninoise en g\u00e9n\u00e9ral.<\/p>\n\n\n\n<p class=\"wp-block-paragraph\"><strong>JP<\/strong><\/p>\n\n\n\n<p class=\"wp-block-paragraph\"><strong><em>@macite.info<\/em><\/strong><\/p>\n\n\n\n<p class=\"wp-block-paragraph\"><strong><em>E-mail&nbsp;: <\/em><\/strong><a href=\"mailto:maciteinfo@gmail.com\"><strong><em>maciteinfo@gmail.com<\/em><\/strong><\/a><strong><em>; <\/em><\/strong><a href=\"mailto:bawela1@gmail.com\"><strong><em>bawela1@gmail.com<\/em><\/strong><\/a><strong><em><\/em><\/strong><\/p>\n\n\n\n<p class=\"wp-block-paragraph\"><strong><em>Pour vos annonces, (publi)reportages, etc., joignez nous au (00228) 91515309\/<strong>79872224<\/strong><\/em><\/strong><em><\/em><\/p>\n\n\n\n<p class=\"wp-block-paragraph\"><a href=\"http:\/\/www.macite.info\"><strong><em>www.macite.info<\/em><\/strong><\/a><strong><em>, L\u2019information, la bonne&nbsp;!<\/em><\/strong><\/p>\n","protected":false},"excerpt":{"rendered":"<p class=\"text-justify mb-2\" >Le B\u00e9nin voisin va organiser des l\u00e9gislatives en janvier 2023. Face aux enjeux qui se d\u00e9gagent, des personnalit\u00e9s politiques passent d\u2019un cran en mobilisant gr\u00e2ce \u00e0 des rencontres foraines pleines d\u2019enseignements. Ce vendredi 02 d\u00e9cembre, le pr\u00e9sident du parti Union Progressiste Le Renouveau, le Professeur [&hellip;]<\/p>\n","protected":false},"author":2,"featured_media":2281,"comment_status":"open","ping_status":"open","sticky":false,"template":"","format":"standard","meta":{"footnotes":""},"categories":[1],"tags":[],"class_list":["post-2280","post","type-post","status-publish","format-standard","has-post-thumbnail","hentry","category-politique"],"yoast_head":"<!-- This site is optimized with the Yoast SEO plugin v28.4 - https:\/\/yoast.com\/product\/yoast-seo-wordpress\/ -->\n<title>B\u00c9NIN \/ \u00c9LECTIONS L\u00c9GISLATIVES DU 08 JANVIER 2023\u00a0: Prof Joseph Fifamin DJOGBENOU, pr\u00e9sident\u00a0 de l\u2019Union Progressiste Le Renouveau, explique les enjeux aux \u00e9tudiants -<\/title>\n<meta name=\"robots\" content=\"index, follow, max-snippet:-1, max-image-preview:large, max-video-preview:-1\" \/>\n<link rel=\"canonical\" href=\"https:\/\/macite.tg\/?p=2280\" \/>\n<meta property=\"og:locale\" content=\"fr_FR\" \/>\n<meta property=\"og:type\" content=\"article\" \/>\n<meta property=\"og:title\" content=\"B\u00c9NIN \/ \u00c9LECTIONS L\u00c9GISLATIVES DU 08 JANVIER 2023\u00a0: Prof Joseph Fifamin DJOGBENOU, pr\u00e9sident\u00a0 de l\u2019Union Progressiste Le Renouveau, explique les enjeux aux \u00e9tudiants -\" \/>\n<meta property=\"og:description\" content=\"Le B\u00e9nin voisin va organiser des l\u00e9gislatives en janvier 2023. Face aux enjeux qui se d\u00e9gagent, des personnalit\u00e9s politiques passent d\u2019un cran en mobilisant gr\u00e2ce \u00e0 des rencontres foraines pleines d\u2019enseignements. Ce vendredi 02 d\u00e9cembre, le pr\u00e9sident du parti Union Progressiste Le Renouveau, le Professeur [&hellip;]\" \/>\n<meta property=\"og:url\" content=\"https:\/\/macite.tg\/?p=2280\" \/>\n<meta property=\"article:published_time\" content=\"2022-12-02T18:24:08+00:00\" \/>\n<meta property=\"article:modified_time\" content=\"2022-12-02T18:24:09+00:00\" \/>\n<meta property=\"og:image\" content=\"https:\/\/macite.tg\/wp-content\/uploads\/2022\/12\/Benin.jpg\" \/>\n\t<meta property=\"og:image:width\" content=\"567\" \/>\n\t<meta property=\"og:image:height\" content=\"157\" \/>\n\t<meta property=\"og:image:type\" content=\"image\/jpeg\" \/>\n<meta name=\"author\" content=\"Jean Pierre BAWELA\" \/>\n<meta name=\"twitter:card\" content=\"summary_large_image\" \/>\n<meta name=\"twitter:label1\" content=\"\u00c9crit par\" \/>\n\t<meta name=\"twitter:data1\" content=\"Jean Pierre BAWELA\" \/>\n\t<meta name=\"twitter:label2\" content=\"Dur\u00e9e de lecture estim\u00e9e\" \/>\n\t<meta name=\"twitter:data2\" content=\"2 minutes\" \/>\n<script type=\"application\/ld+json\" class=\"yoast-schema-graph\">{\"@context\":\"https:\\\/\\\/schema.org\",\"@graph\":[{\"@type\":\"Article\",\"@id\":\"https:\\\/\\\/macite.tg\\\/?p=2280#article\",\"isPartOf\":{\"@id\":\"https:\\\/\\\/macite.tg\\\/?p=2280\"},\"author\":{\"name\":\"Jean Pierre BAWELA\",\"@id\":\"https:\\\/\\\/macite.tg\\\/#\\\/schema\\\/person\\\/e9f2de7e5dbbe7770a9402c7ce82f5c2\"},\"headline\":\"B\u00c9NIN \\\/ \u00c9LECTIONS L\u00c9GISLATIVES DU 08 JANVIER 2023\u00a0: Prof Joseph Fifamin DJOGBENOU, pr\u00e9sident\u00a0 de l\u2019Union Progressiste Le Renouveau, explique les enjeux aux \u00e9tudiants\",\"datePublished\":\"2022-12-02T18:24:08+00:00\",\"dateModified\":\"2022-12-02T18:24:09+00:00\",\"mainEntityOfPage\":{\"@id\":\"https:\\\/\\\/macite.tg\\\/?p=2280\"},\"wordCount\":379,\"commentCount\":0,\"image\":{\"@id\":\"https:\\\/\\\/macite.tg\\\/?p=2280#primaryimage\"},\"thumbnailUrl\":\"https:\\\/\\\/macite.tg\\\/wp-content\\\/uploads\\\/2022\\\/12\\\/Benin.jpg\",\"articleSection\":[\"POLITIQUE\"],\"inLanguage\":\"fr-FR\",\"potentialAction\":[{\"@type\":\"CommentAction\",\"name\":\"Comment\",\"target\":[\"https:\\\/\\\/macite.tg\\\/?p=2280#respond\"]}]},{\"@type\":\"WebPage\",\"@id\":\"https:\\\/\\\/macite.tg\\\/?p=2280\",\"url\":\"https:\\\/\\\/macite.tg\\\/?p=2280\",\"name\":\"B\u00c9NIN \\\/ \u00c9LECTIONS L\u00c9GISLATIVES DU 08 JANVIER 2023\u00a0: Prof Joseph Fifamin DJOGBENOU, pr\u00e9sident\u00a0 de l\u2019Union Progressiste Le Renouveau, explique les enjeux aux \u00e9tudiants -\",\"isPartOf\":{\"@id\":\"https:\\\/\\\/macite.tg\\\/#website\"},\"primaryImageOfPage\":{\"@id\":\"https:\\\/\\\/macite.tg\\\/?p=2280#primaryimage\"},\"image\":{\"@id\":\"https:\\\/\\\/macite.tg\\\/?p=2280#primaryimage\"},\"thumbnailUrl\":\"https:\\\/\\\/macite.tg\\\/wp-content\\\/uploads\\\/2022\\\/12\\\/Benin.jpg\",\"datePublished\":\"2022-12-02T18:24:08+00:00\",\"dateModified\":\"2022-12-02T18:24:09+00:00\",\"author\":{\"@id\":\"https:\\\/\\\/macite.tg\\\/#\\\/schema\\\/person\\\/e9f2de7e5dbbe7770a9402c7ce82f5c2\"},\"breadcrumb\":{\"@id\":\"https:\\\/\\\/macite.tg\\\/?p=2280#breadcrumb\"},\"inLanguage\":\"fr-FR\",\"potentialAction\":[{\"@type\":\"ReadAction\",\"target\":[\"https:\\\/\\\/macite.tg\\\/?p=2280\"]}]},{\"@type\":\"ImageObject\",\"inLanguage\":\"fr-FR\",\"@id\":\"https:\\\/\\\/macite.tg\\\/?p=2280#primaryimage\",\"url\":\"https:\\\/\\\/macite.tg\\\/wp-content\\\/uploads\\\/2022\\\/12\\\/Benin.jpg\",\"contentUrl\":\"https:\\\/\\\/macite.tg\\\/wp-content\\\/uploads\\\/2022\\\/12\\\/Benin.jpg\",\"width\":567,\"height\":157},{\"@type\":\"BreadcrumbList\",\"@id\":\"https:\\\/\\\/macite.tg\\\/?p=2280#breadcrumb\",\"itemListElement\":[{\"@type\":\"ListItem\",\"position\":1,\"name\":\"Accueil\",\"item\":\"https:\\\/\\\/macite.tg\\\/\"},{\"@type\":\"ListItem\",\"position\":2,\"name\":\"B\u00c9NIN \\\/ \u00c9LECTIONS L\u00c9GISLATIVES DU 08 JANVIER 2023\u00a0: Prof Joseph Fifamin DJOGBENOU, pr\u00e9sident\u00a0 de l\u2019Union Progressiste Le Renouveau, explique les enjeux aux \u00e9tudiants\"}]},{\"@type\":\"WebSite\",\"@id\":\"https:\\\/\\\/macite.tg\\\/#website\",\"url\":\"https:\\\/\\\/macite.tg\\\/\",\"name\":\"\",\"description\":\"L&#039;information, la bonne!!!\",\"potentialAction\":[{\"@type\":\"SearchAction\",\"target\":{\"@type\":\"EntryPoint\",\"urlTemplate\":\"https:\\\/\\\/macite.tg\\\/?s={search_term_string}\"},\"query-input\":{\"@type\":\"PropertyValueSpecification\",\"valueRequired\":true,\"valueName\":\"search_term_string\"}}],\"inLanguage\":\"fr-FR\"},{\"@type\":\"Person\",\"@id\":\"https:\\\/\\\/macite.tg\\\/#\\\/schema\\\/person\\\/e9f2de7e5dbbe7770a9402c7ce82f5c2\",\"name\":\"Jean Pierre BAWELA\",\"image\":{\"@type\":\"ImageObject\",\"inLanguage\":\"fr-FR\",\"@id\":\"https:\\\/\\\/macite.tg\\\/wp-content\\\/uploads\\\/2023\\\/09\\\/WhatsApp-Image-2023-09-19-at-14.44.41-122x122.jpeg\",\"url\":\"https:\\\/\\\/macite.tg\\\/wp-content\\\/uploads\\\/2023\\\/09\\\/WhatsApp-Image-2023-09-19-at-14.44.41-122x122.jpeg\",\"contentUrl\":\"https:\\\/\\\/macite.tg\\\/wp-content\\\/uploads\\\/2023\\\/09\\\/WhatsApp-Image-2023-09-19-at-14.44.41-122x122.jpeg\",\"caption\":\"Jean Pierre BAWELA\"},\"url\":\"https:\\\/\\\/macite.tg\\\/?author=2\"}]}<\/script>\n<!-- \/ Yoast SEO plugin. -->","yoast_head_json":{"title":"B\u00c9NIN \/ \u00c9LECTIONS L\u00c9GISLATIVES DU 08 JANVIER 2023\u00a0: Prof Joseph Fifamin DJOGBENOU, pr\u00e9sident\u00a0 de l\u2019Union Progressiste Le Renouveau, explique les enjeux aux \u00e9tudiants -","robots":{"index":"index","follow":"follow","max-snippet":"max-snippet:-1","max-image-preview":"max-image-preview:large","max-video-preview":"max-video-preview:-1"},"canonical":"https:\/\/macite.tg\/?p=2280","og_locale":"fr_FR","og_type":"article","og_title":"B\u00c9NIN \/ \u00c9LECTIONS L\u00c9GISLATIVES DU 08 JANVIER 2023\u00a0: Prof Joseph Fifamin DJOGBENOU, pr\u00e9sident\u00a0 de l\u2019Union Progressiste Le Renouveau, explique les enjeux aux \u00e9tudiants -","og_description":"Le B\u00e9nin voisin va organiser des l\u00e9gislatives en janvier 2023. Face aux enjeux qui se d\u00e9gagent, des personnalit\u00e9s politiques passent d\u2019un cran en mobilisant gr\u00e2ce \u00e0 des rencontres foraines pleines d\u2019enseignements. Ce vendredi 02 d\u00e9cembre, le pr\u00e9sident du parti Union Progressiste Le Renouveau, le Professeur [&hellip;]","og_url":"https:\/\/macite.tg\/?p=2280","article_published_time":"2022-12-02T18:24:08+00:00","article_modified_time":"2022-12-02T18:24:09+00:00","og_image":[{"width":567,"height":157,"url":"https:\/\/macite.tg\/wp-content\/uploads\/2022\/12\/Benin.jpg","type":"image\/jpeg"}],"author":"Jean Pierre BAWELA","twitter_card":"summary_large_image","twitter_misc":{"\u00c9crit par":"Jean Pierre BAWELA","Dur\u00e9e de lecture estim\u00e9e":"2 minutes"},"schema":{"@context":"https:\/\/schema.org","@graph":[{"@type":"Article","@id":"https:\/\/macite.tg\/?p=2280#article","isPartOf":{"@id":"https:\/\/macite.tg\/?p=2280"},"author":{"name":"Jean Pierre BAWELA","@id":"https:\/\/macite.tg\/#\/schema\/person\/e9f2de7e5dbbe7770a9402c7ce82f5c2"},"headline":"B\u00c9NIN \/ \u00c9LECTIONS L\u00c9GISLATIVES DU 08 JANVIER 2023\u00a0: Prof Joseph Fifamin DJOGBENOU, pr\u00e9sident\u00a0 de l\u2019Union Progressiste Le Renouveau, explique les enjeux aux \u00e9tudiants","datePublished":"2022-12-02T18:24:08+00:00","dateModified":"2022-12-02T18:24:09+00:00","mainEntityOfPage":{"@id":"https:\/\/macite.tg\/?p=2280"},"wordCount":379,"commentCount":0,"image":{"@id":"https:\/\/macite.tg\/?p=2280#primaryimage"},"thumbnailUrl":"https:\/\/macite.tg\/wp-content\/uploads\/2022\/12\/Benin.jpg","articleSection":["POLITIQUE"],"inLanguage":"fr-FR","potentialAction":[{"@type":"CommentAction","name":"Comment","target":["https:\/\/macite.tg\/?p=2280#respond"]}]},{"@type":"WebPage","@id":"https:\/\/macite.tg\/?p=2280","url":"https:\/\/macite.tg\/?p=2280","name":"B\u00c9NIN \/ \u00c9LECTIONS L\u00c9GISLATIVES DU 08 JANVIER 2023\u00a0: Prof Joseph Fifamin DJOGBENOU, pr\u00e9sident\u00a0 de l\u2019Union Progressiste Le Renouveau, explique les enjeux aux \u00e9tudiants -","isPartOf":{"@id":"https:\/\/macite.tg\/#website"},"primaryImageOfPage":{"@id":"https:\/\/macite.tg\/?p=2280#primaryimage"},"image":{"@id":"https:\/\/macite.tg\/?p=2280#primaryimage"},"thumbnailUrl":"https:\/\/macite.tg\/wp-content\/uploads\/2022\/12\/Benin.jpg","datePublished":"2022-12-02T18:24:08+00:00","dateModified":"2022-12-02T18:24:09+00:00","author":{"@id":"https:\/\/macite.tg\/#\/schema\/person\/e9f2de7e5dbbe7770a9402c7ce82f5c2"},"breadcrumb":{"@id":"https:\/\/macite.tg\/?p=2280#breadcrumb"},"inLanguage":"fr-FR","potentialAction":[{"@type":"ReadAction","target":["https:\/\/macite.tg\/?p=2280"]}]},{"@type":"ImageObject","inLanguage":"fr-FR","@id":"https:\/\/macite.tg\/?p=2280#primaryimage","url":"https:\/\/macite.tg\/wp-content\/uploads\/2022\/12\/Benin.jpg","contentUrl":"https:\/\/macite.tg\/wp-content\/uploads\/2022\/12\/Benin.jpg","width":567,"height":157},{"@type":"BreadcrumbList","@id":"https:\/\/macite.tg\/?p=2280#breadcrumb","itemListElement":[{"@type":"ListItem","position":1,"name":"Accueil","item":"https:\/\/macite.tg\/"},{"@type":"ListItem","position":2,"name":"B\u00c9NIN \/ \u00c9LECTIONS L\u00c9GISLATIVES DU 08 JANVIER 2023\u00a0: Prof Joseph Fifamin DJOGBENOU, pr\u00e9sident\u00a0 de l\u2019Union Progressiste Le Renouveau, explique les enjeux aux \u00e9tudiants"}]},{"@type":"WebSite","@id":"https:\/\/macite.tg\/#website","url":"https:\/\/macite.tg\/","name":"","description":"L&#039;information, la bonne!!!","potentialAction":[{"@type":"SearchAction","target":{"@type":"EntryPoint","urlTemplate":"https:\/\/macite.tg\/?s={search_term_string}"},"query-input":{"@type":"PropertyValueSpecification","valueRequired":true,"valueName":"search_term_string"}}],"inLanguage":"fr-FR"},{"@type":"Person","@id":"https:\/\/macite.tg\/#\/schema\/person\/e9f2de7e5dbbe7770a9402c7ce82f5c2","name":"Jean Pierre BAWELA","image":{"@type":"ImageObject","inLanguage":"fr-FR","@id":"https:\/\/macite.tg\/wp-content\/uploads\/2023\/09\/WhatsApp-Image-2023-09-19-at-14.44.41-122x122.jpeg","url":"https:\/\/macite.tg\/wp-content\/uploads\/2023\/09\/WhatsApp-Image-2023-09-19-at-14.44.41-122x122.jpeg","contentUrl":"https:\/\/macite.tg\/wp-content\/uploads\/2023\/09\/WhatsApp-Image-2023-09-19-at-14.44.41-122x122.jpeg","caption":"Jean Pierre BAWELA"},"url":"https:\/\/macite.tg\/?author=2"}]}},"_links":{"self":[{"href":"https:\/\/macite.tg\/index.php?rest_route=\/wp\/v2\/posts\/2280","targetHints":{"allow":["GET"]}}],"collection":[{"href":"https:\/\/macite.tg\/index.php?rest_route=\/wp\/v2\/posts"}],"about":[{"href":"https:\/\/macite.tg\/index.php?rest_route=\/wp\/v2\/types\/post"}],"author":[{"embeddable":true,"href":"https:\/\/macite.tg\/index.php?rest_route=\/wp\/v2\/users\/2"}],"replies":[{"embeddable":true,"href":"https:\/\/macite.tg\/index.php?rest_route=%2Fwp%2Fv2%2Fcomments&post=2280"}],"version-history":[{"count":0,"href":"https:\/\/macite.tg\/index.php?rest_route=\/wp\/v2\/posts\/2280\/revisions"}],"wp:featuredmedia":[{"embeddable":true,"href":"https:\/\/macite.tg\/index.php?rest_route=\/wp\/v2\/media\/2281"}],"wp:attachment":[{"href":"https:\/\/macite.tg\/index.php?rest_route=%2Fwp%2Fv2%2Fmedia&parent=2280"}],"wp:term":[{"taxonomy":"category","embeddable":true,"href":"https:\/\/macite.tg\/index.php?rest_route=%2Fwp%2Fv2%2Fcategories&post=2280"},{"taxonomy":"post_tag","embeddable":true,"href":"https:\/\/macite.tg\/index.php?rest_route=%2Fwp%2Fv2%2Ftags&post=2280"}],"curies":[{"name":"wp","href":"https:\/\/api.w.org\/{rel}","templated":true}]}}