{"id":2274,"date":"2022-12-02T16:22:15","date_gmt":"2022-12-02T16:22:15","guid":{"rendered":"https:\/\/macite.info\/?p=2274"},"modified":"2022-12-02T16:22:16","modified_gmt":"2022-12-02T16:22:16","slug":"89e-session-du-conseil-des-ministres-de-la-cedeao-ballet-des-prestations-de-serment-dont-la-togolaise-damtien-l-tchintchibidja-vice-presidente-de-la-commission","status":"publish","type":"post","link":"https:\/\/macite.tg\/?p=2274","title":{"rendered":"89E SESSION DU CONSEIL DES MINISTRES DE LA CEDEAO\u00a0: Ballet des prestations de serment dont la Togolaise Damtien L. Tchintchibidja, Vice-pr\u00e9sidente de la Commission"},"content":{"rendered":"\n<p class=\"wp-block-paragraph\"><strong><em>La quatre-vingt-neuvi\u00e8me session ordinaire du Conseil des ministres de la CEDEAO se tient les 1<sup>er<\/sup> et 2 d\u00e9cembre 2022 dans les locaux de la Commission de la CEDEAO \u00e0 Asokoro dans le district d\u2019Abuja au Nigeria.\u00a0 La r\u00e9union de 2 jours est appel\u00e9e \u00e0 d\u00e9lib\u00e9rer sur des m\u00e9morandums portant sur diff\u00e9rents sujets dont la lutte contre le terrorisme, les changements de gouvernement par des voies non constitutionnelles, la situation humanitaire dans l\u2019espace communautaire, les processus de transition dans la r\u00e9gion et les op\u00e9rations de maintien de la paix de la CEDEAO en Gambie et en Guin<\/em><\/strong><em><strong>\u00e9e-<\/strong><\/em><strong><em> Bissau, entre autres. Il s\u2019agit aussi de faire le point sur l&rsquo;\u00e9tat de la mise en service des centres nationaux d&rsquo;alerte pr\u00e9coce.<\/em><\/strong><\/p>\n\n\n\n<figure class=\"wp-block-image size-large\"><img loading=\"lazy\" decoding=\"async\" width=\"1024\" height=\"554\" src=\"https:\/\/macite.tg\/wp-content\/uploads\/2022\/12\/IMG-20221202-WA0056-1024x554.jpg\" alt=\"\" class=\"wp-image-2277\" srcset=\"https:\/\/macite.tg\/wp-content\/uploads\/2022\/12\/IMG-20221202-WA0056-1024x554.jpg 1024w, https:\/\/macite.tg\/wp-content\/uploads\/2022\/12\/IMG-20221202-WA0056-300x162.jpg 300w, https:\/\/macite.tg\/wp-content\/uploads\/2022\/12\/IMG-20221202-WA0056-768x415.jpg 768w, https:\/\/macite.tg\/wp-content\/uploads\/2022\/12\/IMG-20221202-WA0056.jpg 1080w\" sizes=\"auto, (max-width: 1024px) 100vw, 1024px\" \/><figcaption><strong><em>Photo de famille. On reconnait la la Togolaise Damtien L. Tchintchibidja<\/em>, Vice-pr\u00e9sidente de la Commission, <em>n pantalon rouge<\/em><\/strong>.<\/figcaption><\/figure>\n\n\n\n<p class=\"wp-block-paragraph\">Dans son allocution d&rsquo;ouverture, le Pr\u00e9sident de la Commission de la CEDEAO, S.E. Dr. Omar Alieu TOURAY a d\u00e9clar\u00e9 que la nouvelle \u00e9quipe dirigeante s\u2019approprie le devoir imp\u00e9rieux d&rsquo;aligner les nouvelles structures et d&rsquo;am\u00e9liorer les processus et proc\u00e9dures de la Commission de la CEDEAO afin de s&rsquo;assurer que les programmes et projets de la Commission suscitent un impact remarquable sur la vie et les moyens de subsistance des citoyens de la Communaut\u00e9. Il a ajout\u00e9 que pendant que les efforts se poursuivent en vue du retour \u00e0 l\u2019ordre constitutionnel au Mali, au Burkina Faso et en Guin\u00e9e, des mesures sont en train d\u2019\u00eatre prises pour mettre un terme au recul de la d\u00e9mocratie dans la r\u00e9gion par l\u2019institution de r\u00e9gimes plus forts et lutter contre les pratiques de corruption.<\/p>\n\n\n\n<p class=\"wp-block-paragraph\">Le Pr\u00e9sident Touray a r\u00e9it\u00e9r\u00e9 les \u00ab objectifs strat\u00e9giques 4&#215;4 \u00bb de la nouvelle \u00e9quipe dirigeante qui sont d&rsquo;am\u00e9liorer la paix et la s\u00e9curit\u00e9, de porter plus loin l&rsquo;int\u00e9gration r\u00e9gionale, la bonne gouvernance et le d\u00e9veloppement inclusif et durable, en prenant en compte deux catalyseurs : Des institutions comp\u00e9tentes et des partenariats \u00e9quitables. Il a fait savoir que la nouvelle \u00e9quipe dirigeante de la Commission s&rsquo;est engag\u00e9e \u00e0 respecter le nouveau R\u00e8glement financier en adoptant le cadre de d\u00e9penses \u00e0 moyen terme (CDMT) pour sa budg\u00e9tisation.<\/p>\n\n\n\n<p class=\"wp-block-paragraph\">La Pr\u00e9sidente du Conseil des ministres de la CEDEAO et Ministre d&rsquo;\u00c9tat, Ministre des affaires \u00e9trang\u00e8res, de la coop\u00e9ration internationale et de la communaut\u00e9 Bissau-Guin\u00e9enne de l&rsquo;ext\u00e9rieur, S.E. Mme Suzi Carla Barbosa, a rendu hommage \u00e0 la Pr\u00e9sidente sortante, S.E. Mme Shirley Ayorkor Botchwey pour son leadership et ses acquis au cours de son mandat \u00e0 la t\u00eate de l\u2019organe et a f\u00e9licit\u00e9 la nouvelle \u00e9quipe dirigeante de la Commission de la CEDEAO avec, \u00e0 sa t\u00eate S.E. Dr. Alieu Omar Touray. Elle a not\u00e9 les situations \u00e9conomiques actuelles dans le monde, en particulier les effets de la pand\u00e9mie de COVID-19 et les inflations dus \u00e0 la guerre entre l\u2019Ukraine et la Russie qui rendent la vie dure aux populations, y compris dans l\u2019espace CEDEAO. Elle a ajout\u00e9 que les d\u00e9fis auxquels la sous-r\u00e9gion est confront\u00e9e ont \u00e9t\u00e9 caus\u00e9s par l&rsquo;ins\u00e9curit\u00e9 humaine, les attaques violentes, les coups d&rsquo;\u00e9tat et les transitions incertaines qui menacent les valeurs de la d\u00e9mocratie et de la bonne gouvernance.<\/p>\n\n\n<div class=\"wp-block-image\">\n<figure class=\"aligncenter size-large is-resized\"><img loading=\"lazy\" decoding=\"async\" src=\"https:\/\/macite.tg\/wp-content\/uploads\/2022\/11\/ANNONCES-1-1-1024x426.jpg\" alt=\"\" class=\"wp-image-2047\" width=\"749\" height=\"311\" srcset=\"https:\/\/macite.tg\/wp-content\/uploads\/2022\/11\/ANNONCES-1-1-1024x426.jpg 1024w, https:\/\/macite.tg\/wp-content\/uploads\/2022\/11\/ANNONCES-1-1-300x125.jpg 300w, https:\/\/macite.tg\/wp-content\/uploads\/2022\/11\/ANNONCES-1-1-768x319.jpg 768w, https:\/\/macite.tg\/wp-content\/uploads\/2022\/11\/ANNONCES-1-1.jpg 1080w\" sizes=\"auto, (max-width: 749px) 100vw, 749px\" \/><\/figure>\n<\/div>\n\n\n<p class=\"wp-block-paragraph\">Elle a f\u00e9licit\u00e9 les premiers responsables de la Commission de la CEDEAO pour s&rsquo;\u00eatre engag\u00e9s dans la mise en \u0153uvre des r\u00e9formes devant permettre \u00e0 l\u2019institution de r\u00e9pondre aux besoins des citoyens de la communaut\u00e9 et a promis le soutien du conseil des ministres \u00e0 la r\u00e9ussite des \u00ab\u00a0objectifs 4&#215;4\u00a0\u00bb. Elle a souhait\u00e9 aux membres du conseil de fructueuses d\u00e9lib\u00e9rations. <\/p>\n\n\n\n<p class=\"wp-block-paragraph\">Au nom du Pr\u00e9sident Muhammadu Buhari, S.E. l&rsquo;Ambassadeur Zubairu Dada, Ministre d&rsquo;\u00c9tat, ministre des Affaires \u00e9trang\u00e8res de la R\u00e9publique f\u00e9d\u00e9rale du Nige\u00b2ria a, dans son mot, souhait\u00e9 la bienvenue aux membres du conseil au Nigeria. Il a encourag\u00e9 tous les participants \u00e0 d\u00e9battre des diverses questions inscrites \u00e0 l&rsquo;ordre du jour dans l&rsquo;int\u00e9r\u00eat des citoyens de la sous-r\u00e9gion. Il a exprim\u00e9 son optimisme quant au niveau d&rsquo;engagement et d&rsquo;ing\u00e9niosit\u00e9 de la nouvelle \u00e9quipe dirigeante de la Commission de la CEDEAO dans la r\u00e9alisation de la vision d\u2019une \u00ab\u00a0CEDEAO des peuples\u00a0\u00bb.<\/p>\n\n\n\n<p class=\"wp-block-paragraph\">La c\u00e9r\u00e9monie d&rsquo;ouverture a \u00e9t\u00e9 \u00e9galement marqu\u00e9e par la prestation de serment de la Vice-Pr\u00e9sidente de la Commission de la CEDEAO, S.E. Mme Damtien L. Tchintchibidja, des Commissaires, de l\u2019Auditeur g\u00e9n\u00e9ral des institutions de la CEDEAO, ainsi que celle des directeurs g\u00e9n\u00e9raux de l&rsquo;OOAS et du GIABA et du Pr\u00e9sident de l\u2019ARREC.<\/p>\n\n\n\n<p class=\"wp-block-paragraph\"><strong>Source : Com Cedeao<\/strong><\/p>\n\n\n\n<p class=\"wp-block-paragraph\"><strong><em>@macite.info<\/em><\/strong><\/p>\n\n\n\n<p class=\"wp-block-paragraph\"><strong><em>E-mail&nbsp;: <\/em><\/strong><a href=\"mailto:maciteinfo@gmail.com\"><strong><em>maciteinfo@gmail.com<\/em><\/strong><\/a><strong><em>; <\/em><\/strong><a href=\"mailto:bawela1@gmail.com\"><strong><em>bawela1@gmail.com<\/em><\/strong><\/a><strong><em><\/em><\/strong><\/p>\n\n\n\n<p class=\"wp-block-paragraph\"><strong><em>Pour vos annonces, (publi)reportages, etc., joignez nous au (00228) 91515309\/<strong>79872224<\/strong><\/em><\/strong><em><\/em><\/p>\n\n\n\n<p class=\"wp-block-paragraph\"><a href=\"http:\/\/www.macite.info\"><strong><em>www.macite.info<\/em><\/strong><\/a><strong><em>, L\u2019information, la bonne&nbsp;!<\/em><\/strong><\/p>\n","protected":false},"excerpt":{"rendered":"<p class=\"text-justify mb-2\" >La quatre-vingt-neuvi\u00e8me session ordinaire du Conseil des ministres de la CEDEAO se tient les 1er et 2 d\u00e9cembre 2022 dans les locaux de la Commission de la CEDEAO \u00e0 Asokoro dans le district d\u2019Abuja au Nigeria.\u00a0 La r\u00e9union de 2 jours est appel\u00e9e \u00e0 d\u00e9lib\u00e9rer [&hellip;]<\/p>\n","protected":false},"author":2,"featured_media":2276,"comment_status":"open","ping_status":"open","sticky":false,"template":"","format":"standard","meta":{"footnotes":""},"categories":[20],"tags":[],"class_list":["post-2274","post","type-post","status-publish","format-standard","has-post-thumbnail","hentry","category-actualite"],"yoast_head":"<!-- This site is optimized with the Yoast SEO plugin v28.4 - https:\/\/yoast.com\/product\/yoast-seo-wordpress\/ -->\n<title>89E SESSION DU CONSEIL DES MINISTRES DE LA CEDEAO\u00a0: Ballet des prestations de serment dont la Togolaise Damtien L. Tchintchibidja, Vice-pr\u00e9sidente de la Commission -<\/title>\n<meta name=\"robots\" content=\"index, follow, max-snippet:-1, max-image-preview:large, max-video-preview:-1\" \/>\n<link rel=\"canonical\" href=\"https:\/\/macite.tg\/?p=2274\" \/>\n<meta property=\"og:locale\" content=\"fr_FR\" \/>\n<meta property=\"og:type\" content=\"article\" \/>\n<meta property=\"og:title\" content=\"89E SESSION DU CONSEIL DES MINISTRES DE LA CEDEAO\u00a0: Ballet des prestations de serment dont la Togolaise Damtien L. Tchintchibidja, Vice-pr\u00e9sidente de la Commission -\" \/>\n<meta property=\"og:description\" content=\"La quatre-vingt-neuvi\u00e8me session ordinaire du Conseil des ministres de la CEDEAO se tient les 1er et 2 d\u00e9cembre 2022 dans les locaux de la Commission de la CEDEAO \u00e0 Asokoro dans le district d\u2019Abuja au Nigeria.\u00a0 La r\u00e9union de 2 jours est appel\u00e9e \u00e0 d\u00e9lib\u00e9rer [&hellip;]\" \/>\n<meta property=\"og:url\" content=\"https:\/\/macite.tg\/?p=2274\" \/>\n<meta property=\"article:published_time\" content=\"2022-12-02T16:22:15+00:00\" \/>\n<meta property=\"article:modified_time\" content=\"2022-12-02T16:22:16+00:00\" \/>\n<meta property=\"og:image\" content=\"https:\/\/macite.tg\/wp-content\/uploads\/2022\/12\/IMG-20221202-WA0057.jpg\" \/>\n\t<meta property=\"og:image:width\" content=\"1080\" \/>\n\t<meta property=\"og:image:height\" content=\"703\" \/>\n\t<meta property=\"og:image:type\" content=\"image\/jpeg\" \/>\n<meta name=\"author\" content=\"Jean Pierre BAWELA\" \/>\n<meta name=\"twitter:card\" content=\"summary_large_image\" \/>\n<meta name=\"twitter:label1\" content=\"\u00c9crit par\" \/>\n\t<meta name=\"twitter:data1\" content=\"Jean Pierre BAWELA\" \/>\n\t<meta name=\"twitter:label2\" content=\"Dur\u00e9e de lecture estim\u00e9e\" \/>\n\t<meta name=\"twitter:data2\" content=\"5 minutes\" \/>\n<script type=\"application\/ld+json\" class=\"yoast-schema-graph\">{\"@context\":\"https:\\\/\\\/schema.org\",\"@graph\":[{\"@type\":\"Article\",\"@id\":\"https:\\\/\\\/macite.tg\\\/?p=2274#article\",\"isPartOf\":{\"@id\":\"https:\\\/\\\/macite.tg\\\/?p=2274\"},\"author\":{\"name\":\"Jean Pierre BAWELA\",\"@id\":\"https:\\\/\\\/macite.tg\\\/#\\\/schema\\\/person\\\/e9f2de7e5dbbe7770a9402c7ce82f5c2\"},\"headline\":\"89E SESSION DU CONSEIL DES MINISTRES DE LA CEDEAO\u00a0: Ballet des prestations de serment dont la Togolaise Damtien L. Tchintchibidja, Vice-pr\u00e9sidente de la Commission\",\"datePublished\":\"2022-12-02T16:22:15+00:00\",\"dateModified\":\"2022-12-02T16:22:16+00:00\",\"mainEntityOfPage\":{\"@id\":\"https:\\\/\\\/macite.tg\\\/?p=2274\"},\"wordCount\":875,\"commentCount\":0,\"image\":{\"@id\":\"https:\\\/\\\/macite.tg\\\/?p=2274#primaryimage\"},\"thumbnailUrl\":\"https:\\\/\\\/macite.tg\\\/wp-content\\\/uploads\\\/2022\\\/12\\\/IMG-20221202-WA0057.jpg\",\"articleSection\":[\"ACTUALITE\"],\"inLanguage\":\"fr-FR\",\"potentialAction\":[{\"@type\":\"CommentAction\",\"name\":\"Comment\",\"target\":[\"https:\\\/\\\/macite.tg\\\/?p=2274#respond\"]}]},{\"@type\":\"WebPage\",\"@id\":\"https:\\\/\\\/macite.tg\\\/?p=2274\",\"url\":\"https:\\\/\\\/macite.tg\\\/?p=2274\",\"name\":\"89E SESSION DU CONSEIL DES MINISTRES DE LA CEDEAO\u00a0: Ballet des prestations de serment dont la Togolaise Damtien L. Tchintchibidja, Vice-pr\u00e9sidente de la Commission -\",\"isPartOf\":{\"@id\":\"https:\\\/\\\/macite.tg\\\/#website\"},\"primaryImageOfPage\":{\"@id\":\"https:\\\/\\\/macite.tg\\\/?p=2274#primaryimage\"},\"image\":{\"@id\":\"https:\\\/\\\/macite.tg\\\/?p=2274#primaryimage\"},\"thumbnailUrl\":\"https:\\\/\\\/macite.tg\\\/wp-content\\\/uploads\\\/2022\\\/12\\\/IMG-20221202-WA0057.jpg\",\"datePublished\":\"2022-12-02T16:22:15+00:00\",\"dateModified\":\"2022-12-02T16:22:16+00:00\",\"author\":{\"@id\":\"https:\\\/\\\/macite.tg\\\/#\\\/schema\\\/person\\\/e9f2de7e5dbbe7770a9402c7ce82f5c2\"},\"breadcrumb\":{\"@id\":\"https:\\\/\\\/macite.tg\\\/?p=2274#breadcrumb\"},\"inLanguage\":\"fr-FR\",\"potentialAction\":[{\"@type\":\"ReadAction\",\"target\":[\"https:\\\/\\\/macite.tg\\\/?p=2274\"]}]},{\"@type\":\"ImageObject\",\"inLanguage\":\"fr-FR\",\"@id\":\"https:\\\/\\\/macite.tg\\\/?p=2274#primaryimage\",\"url\":\"https:\\\/\\\/macite.tg\\\/wp-content\\\/uploads\\\/2022\\\/12\\\/IMG-20221202-WA0057.jpg\",\"contentUrl\":\"https:\\\/\\\/macite.tg\\\/wp-content\\\/uploads\\\/2022\\\/12\\\/IMG-20221202-WA0057.jpg\",\"width\":1080,\"height\":703},{\"@type\":\"BreadcrumbList\",\"@id\":\"https:\\\/\\\/macite.tg\\\/?p=2274#breadcrumb\",\"itemListElement\":[{\"@type\":\"ListItem\",\"position\":1,\"name\":\"Accueil\",\"item\":\"https:\\\/\\\/macite.tg\\\/\"},{\"@type\":\"ListItem\",\"position\":2,\"name\":\"89E SESSION DU CONSEIL DES MINISTRES DE LA CEDEAO\u00a0: Ballet des prestations de serment dont la Togolaise Damtien L. Tchintchibidja, Vice-pr\u00e9sidente de la Commission\"}]},{\"@type\":\"WebSite\",\"@id\":\"https:\\\/\\\/macite.tg\\\/#website\",\"url\":\"https:\\\/\\\/macite.tg\\\/\",\"name\":\"\",\"description\":\"L&#039;information, la bonne!!!\",\"potentialAction\":[{\"@type\":\"SearchAction\",\"target\":{\"@type\":\"EntryPoint\",\"urlTemplate\":\"https:\\\/\\\/macite.tg\\\/?s={search_term_string}\"},\"query-input\":{\"@type\":\"PropertyValueSpecification\",\"valueRequired\":true,\"valueName\":\"search_term_string\"}}],\"inLanguage\":\"fr-FR\"},{\"@type\":\"Person\",\"@id\":\"https:\\\/\\\/macite.tg\\\/#\\\/schema\\\/person\\\/e9f2de7e5dbbe7770a9402c7ce82f5c2\",\"name\":\"Jean Pierre BAWELA\",\"image\":{\"@type\":\"ImageObject\",\"inLanguage\":\"fr-FR\",\"@id\":\"https:\\\/\\\/macite.tg\\\/wp-content\\\/uploads\\\/2023\\\/09\\\/WhatsApp-Image-2023-09-19-at-14.44.41-122x122.jpeg\",\"url\":\"https:\\\/\\\/macite.tg\\\/wp-content\\\/uploads\\\/2023\\\/09\\\/WhatsApp-Image-2023-09-19-at-14.44.41-122x122.jpeg\",\"contentUrl\":\"https:\\\/\\\/macite.tg\\\/wp-content\\\/uploads\\\/2023\\\/09\\\/WhatsApp-Image-2023-09-19-at-14.44.41-122x122.jpeg\",\"caption\":\"Jean Pierre BAWELA\"},\"url\":\"https:\\\/\\\/macite.tg\\\/?author=2\"}]}<\/script>\n<!-- \/ Yoast SEO plugin. -->","yoast_head_json":{"title":"89E SESSION DU CONSEIL DES MINISTRES DE LA CEDEAO\u00a0: Ballet des prestations de serment dont la Togolaise Damtien L. Tchintchibidja, Vice-pr\u00e9sidente de la Commission -","robots":{"index":"index","follow":"follow","max-snippet":"max-snippet:-1","max-image-preview":"max-image-preview:large","max-video-preview":"max-video-preview:-1"},"canonical":"https:\/\/macite.tg\/?p=2274","og_locale":"fr_FR","og_type":"article","og_title":"89E SESSION DU CONSEIL DES MINISTRES DE LA CEDEAO\u00a0: Ballet des prestations de serment dont la Togolaise Damtien L. Tchintchibidja, Vice-pr\u00e9sidente de la Commission -","og_description":"La quatre-vingt-neuvi\u00e8me session ordinaire du Conseil des ministres de la CEDEAO se tient les 1er et 2 d\u00e9cembre 2022 dans les locaux de la Commission de la CEDEAO \u00e0 Asokoro dans le district d\u2019Abuja au Nigeria.\u00a0 La r\u00e9union de 2 jours est appel\u00e9e \u00e0 d\u00e9lib\u00e9rer [&hellip;]","og_url":"https:\/\/macite.tg\/?p=2274","article_published_time":"2022-12-02T16:22:15+00:00","article_modified_time":"2022-12-02T16:22:16+00:00","og_image":[{"width":1080,"height":703,"url":"https:\/\/macite.tg\/wp-content\/uploads\/2022\/12\/IMG-20221202-WA0057.jpg","type":"image\/jpeg"}],"author":"Jean Pierre BAWELA","twitter_card":"summary_large_image","twitter_misc":{"\u00c9crit par":"Jean Pierre BAWELA","Dur\u00e9e de lecture estim\u00e9e":"5 minutes"},"schema":{"@context":"https:\/\/schema.org","@graph":[{"@type":"Article","@id":"https:\/\/macite.tg\/?p=2274#article","isPartOf":{"@id":"https:\/\/macite.tg\/?p=2274"},"author":{"name":"Jean Pierre BAWELA","@id":"https:\/\/macite.tg\/#\/schema\/person\/e9f2de7e5dbbe7770a9402c7ce82f5c2"},"headline":"89E SESSION DU CONSEIL DES MINISTRES DE LA CEDEAO\u00a0: Ballet des prestations de serment dont la Togolaise Damtien L. Tchintchibidja, Vice-pr\u00e9sidente de la Commission","datePublished":"2022-12-02T16:22:15+00:00","dateModified":"2022-12-02T16:22:16+00:00","mainEntityOfPage":{"@id":"https:\/\/macite.tg\/?p=2274"},"wordCount":875,"commentCount":0,"image":{"@id":"https:\/\/macite.tg\/?p=2274#primaryimage"},"thumbnailUrl":"https:\/\/macite.tg\/wp-content\/uploads\/2022\/12\/IMG-20221202-WA0057.jpg","articleSection":["ACTUALITE"],"inLanguage":"fr-FR","potentialAction":[{"@type":"CommentAction","name":"Comment","target":["https:\/\/macite.tg\/?p=2274#respond"]}]},{"@type":"WebPage","@id":"https:\/\/macite.tg\/?p=2274","url":"https:\/\/macite.tg\/?p=2274","name":"89E SESSION DU CONSEIL DES MINISTRES DE LA CEDEAO\u00a0: Ballet des prestations de serment dont la Togolaise Damtien L. Tchintchibidja, Vice-pr\u00e9sidente de la Commission -","isPartOf":{"@id":"https:\/\/macite.tg\/#website"},"primaryImageOfPage":{"@id":"https:\/\/macite.tg\/?p=2274#primaryimage"},"image":{"@id":"https:\/\/macite.tg\/?p=2274#primaryimage"},"thumbnailUrl":"https:\/\/macite.tg\/wp-content\/uploads\/2022\/12\/IMG-20221202-WA0057.jpg","datePublished":"2022-12-02T16:22:15+00:00","dateModified":"2022-12-02T16:22:16+00:00","author":{"@id":"https:\/\/macite.tg\/#\/schema\/person\/e9f2de7e5dbbe7770a9402c7ce82f5c2"},"breadcrumb":{"@id":"https:\/\/macite.tg\/?p=2274#breadcrumb"},"inLanguage":"fr-FR","potentialAction":[{"@type":"ReadAction","target":["https:\/\/macite.tg\/?p=2274"]}]},{"@type":"ImageObject","inLanguage":"fr-FR","@id":"https:\/\/macite.tg\/?p=2274#primaryimage","url":"https:\/\/macite.tg\/wp-content\/uploads\/2022\/12\/IMG-20221202-WA0057.jpg","contentUrl":"https:\/\/macite.tg\/wp-content\/uploads\/2022\/12\/IMG-20221202-WA0057.jpg","width":1080,"height":703},{"@type":"BreadcrumbList","@id":"https:\/\/macite.tg\/?p=2274#breadcrumb","itemListElement":[{"@type":"ListItem","position":1,"name":"Accueil","item":"https:\/\/macite.tg\/"},{"@type":"ListItem","position":2,"name":"89E SESSION DU CONSEIL DES MINISTRES DE LA CEDEAO\u00a0: Ballet des prestations de serment dont la Togolaise Damtien L. Tchintchibidja, Vice-pr\u00e9sidente de la Commission"}]},{"@type":"WebSite","@id":"https:\/\/macite.tg\/#website","url":"https:\/\/macite.tg\/","name":"","description":"L&#039;information, la bonne!!!","potentialAction":[{"@type":"SearchAction","target":{"@type":"EntryPoint","urlTemplate":"https:\/\/macite.tg\/?s={search_term_string}"},"query-input":{"@type":"PropertyValueSpecification","valueRequired":true,"valueName":"search_term_string"}}],"inLanguage":"fr-FR"},{"@type":"Person","@id":"https:\/\/macite.tg\/#\/schema\/person\/e9f2de7e5dbbe7770a9402c7ce82f5c2","name":"Jean Pierre BAWELA","image":{"@type":"ImageObject","inLanguage":"fr-FR","@id":"https:\/\/macite.tg\/wp-content\/uploads\/2023\/09\/WhatsApp-Image-2023-09-19-at-14.44.41-122x122.jpeg","url":"https:\/\/macite.tg\/wp-content\/uploads\/2023\/09\/WhatsApp-Image-2023-09-19-at-14.44.41-122x122.jpeg","contentUrl":"https:\/\/macite.tg\/wp-content\/uploads\/2023\/09\/WhatsApp-Image-2023-09-19-at-14.44.41-122x122.jpeg","caption":"Jean Pierre BAWELA"},"url":"https:\/\/macite.tg\/?author=2"}]}},"_links":{"self":[{"href":"https:\/\/macite.tg\/index.php?rest_route=\/wp\/v2\/posts\/2274","targetHints":{"allow":["GET"]}}],"collection":[{"href":"https:\/\/macite.tg\/index.php?rest_route=\/wp\/v2\/posts"}],"about":[{"href":"https:\/\/macite.tg\/index.php?rest_route=\/wp\/v2\/types\/post"}],"author":[{"embeddable":true,"href":"https:\/\/macite.tg\/index.php?rest_route=\/wp\/v2\/users\/2"}],"replies":[{"embeddable":true,"href":"https:\/\/macite.tg\/index.php?rest_route=%2Fwp%2Fv2%2Fcomments&post=2274"}],"version-history":[{"count":0,"href":"https:\/\/macite.tg\/index.php?rest_route=\/wp\/v2\/posts\/2274\/revisions"}],"wp:featuredmedia":[{"embeddable":true,"href":"https:\/\/macite.tg\/index.php?rest_route=\/wp\/v2\/media\/2276"}],"wp:attachment":[{"href":"https:\/\/macite.tg\/index.php?rest_route=%2Fwp%2Fv2%2Fmedia&parent=2274"}],"wp:term":[{"taxonomy":"category","embeddable":true,"href":"https:\/\/macite.tg\/index.php?rest_route=%2Fwp%2Fv2%2Fcategories&post=2274"},{"taxonomy":"post_tag","embeddable":true,"href":"https:\/\/macite.tg\/index.php?rest_route=%2Fwp%2Fv2%2Ftags&post=2274"}],"curies":[{"name":"wp","href":"https:\/\/api.w.org\/{rel}","templated":true}]}}