{"id":2263,"date":"2022-12-02T12:34:16","date_gmt":"2022-12-02T12:34:16","guid":{"rendered":"https:\/\/macite.info\/?p=2263"},"modified":"2022-12-02T12:34:17","modified_gmt":"2022-12-02T12:34:17","slug":"entretien-kovie-renoue-avec-le-grand-public-les-3-et-4-decembre-2022-les-precisions-de-mgr-nicodeme-barrigah-pour-les-pelerins","status":"publish","type":"post","link":"https:\/\/macite.tg\/?p=2263","title":{"rendered":"ENTRETIEN \/ KOVI\u00c9 RENOUE AVEC LE GRAND PUBLIC LES 3 ET 4 D\u00c9CEMBRE 2022: Les pr\u00e9cisions de Mgr Nicod\u00e8me Barrigah pour les p\u00e8lerins"},"content":{"rendered":"\n<p class=\"wp-block-paragraph\"><\/p>\n\n\n\n<p class=\"wp-block-paragraph\"><strong><em>Apr\u00e8s deux ans de c\u00e9l\u00e9bration \u00e0 huit-clos pour raison des exigences de la lutte contre la COVID-19, tous les fid\u00e8les catholiques du dioc\u00e8se de Lom\u00e9 en particulier et ceux du monde entier en g\u00e9n\u00e9ral sont non seulement autoris\u00e9s mais aussi invit\u00e9s \u00e0 se rendre massivement au p\u00e8lerinage au pied de Notre Dame de Sept Douleurs de Kovi\u00e9 cette ann\u00e9e. L\u2019\u00e9v\u00e9nement qui sera \u00e0 sa 25\u00e8me \u00e9dition aura lieu du samedi 3 au dimanche 4 d\u00e9cembre 2022 \u00e0 Kovi\u00e9 sous le signe de la joie, de l\u2019esp\u00e9rance et de l\u2019enthousiasme. <\/em><\/strong><\/p>\n\n\n\n<p class=\"wp-block-paragraph\"><strong><em>Tout ceci dans une pr\u00e9paration hautement spirituelle. Plac\u00e9 sous le th\u00e8me \u00abMarie, mod\u00e8le de proximit\u00e9 \u00e0 l\u2019\u00e9gard de Dieu et de nous\u00bb, cet \u00e9v\u00e9nement dioc\u00e9sain de foi permettra une fois encore aux croyants d\u2019implorer l\u2019intercession de la m\u00e8re de Dieu comme \u00e0 Cana , de d\u00e9fier tous les al\u00e9as climatiques et environnementaux pour aller rendre gr\u00e2ce et confier surtout leurs pri\u00e8res au seigneur par Marie. <\/em><\/strong><\/p>\n\n\n\n<p class=\"wp-block-paragraph\"><strong><em>Pour l\u2019atteinte de ces objectifs, Monseigneur Anani Nicod\u00e8me Barrigah B\u00e9nissant donne des pr\u00e9cisions sur la n\u00e9cessit\u00e9 d\u2019une bonne pr\u00e9paration dans une interview accord\u00e9e \u00e0 notre confr\u00e8re Christian Ignacio Barrigah de la radio Maria Togo.<\/em><\/strong><\/p>\n\n\n\n<p class=\"wp-block-paragraph\"><strong>Christian : Monseigneur Nicod\u00e8me Barrigah , Bonjour<\/strong><\/p>\n\n\n\n<p class=\"wp-block-paragraph\"><strong>Mgr. Nicod\u00e8me : <\/strong>Bonjour Christian<\/p>\n\n\n\n<p class=\"wp-block-paragraph\"><strong>Monseigneur comment allez-vous ?<\/strong><\/p>\n\n\n\n<p class=\"wp-block-paragraph\">&nbsp;Oui je vais bien par la gr\u00e2ce de Dieu et c\u2019est toujours un plaisir de r\u00e9pondre \u00e0 tes questions et de passer ainsi par radio Maria pour parler au peuple de Dieu. Je te remercie donc pour cette opportunit\u00e9. J\u2019esp\u00e8re que toi aussi tu vas bien<\/p>\n\n\n<div class=\"wp-block-image\">\n<figure class=\"aligncenter size-full is-resized\"><img loading=\"lazy\" decoding=\"async\" src=\"https:\/\/macite.tg\/wp-content\/uploads\/2022\/12\/FB_IMG_1512896383481.jpg\" alt=\"\" class=\"wp-image-2270\" width=\"659\" height=\"494\" srcset=\"https:\/\/macite.tg\/wp-content\/uploads\/2022\/12\/FB_IMG_1512896383481.jpg 720w, https:\/\/macite.tg\/wp-content\/uploads\/2022\/12\/FB_IMG_1512896383481-300x225.jpg 300w\" sizes=\"auto, (max-width: 659px) 100vw, 659px\" \/><figcaption><strong><em>Des p\u00e8lerins lors de la pri\u00e8re \u00e0 Kovi\u00e9 (photo archives)<\/em><\/strong><\/figcaption><\/figure>\n<\/div>\n\n\n<p class=\"wp-block-paragraph\"><strong>Moi aussi je vais bien monseigneur. Monseigneur bient\u00f4t le p\u00e8lerinage \u00e0 Kovi\u00e9,&nbsp; que ressentez-vous ?<\/strong><\/p>\n\n\n\n<p class=\"wp-block-paragraph\">Ce que je ressens, c\u2019est d\u2019abord une grande joie, la joie de pouvoir en fin c\u00e9l\u00e9brer le p\u00e8lerinage en deux jours comme cela se faisait avant la pand\u00e9mie \u00e0 coronavirus. La joie de nous retrouver ensemble aux pieds de notre m\u00e8re la bienheureuse vierge Marie, Notre Dame de Sept douleurs pour lui confier et nos soucis, nos peines et aussi notre bonheur afin que elle transmette tout cela \u00e0 son fils J\u00e9sus pour nous. Ce que je ressens, c\u2019est \u00e9galement une grande esp\u00e9rance. Tu connais bien les probl\u00e8mes que nous traversons actuellement. Nous sommes \u00e0 peine sortis de la COVID, nous voici d\u00e9j\u00e0 entr\u00e9 dans une nouvelle tourmente qui est celle de la guerre en Ukraine, du terrorisme qui se rapproche de nous, des probl\u00e8mes d\u2019ordre sociaux auxquels nous devons faire face, que le monde est un peu d\u00e9sorient\u00e9. L\u2019\u00e9glise n\u2019est pas \u00e9pargn\u00e9e non plus. Alors face \u00e0 tout cela le temps de p\u00e8lerinage est pour moi comme un temps de renouvellement de notre esp\u00e9rance.<\/p>\n\n\n\n<p class=\"wp-block-paragraph\">&nbsp;Le seigneur nous invite, nous convie \u00e0 Kovi\u00e9 pour nous dire, ne perdez pas confiance, je suis l\u00e0, je vous confie \u00e0 ma m\u00e8re pour qu\u2019elle vous accompagne. Voil\u00e0 donc, c\u2019est pour moi un temps d\u2019esp\u00e9rance et puis ce que je ressens en fin, c\u2019est l\u2019enthousiasme. Je pr\u00e9pare ce p\u00e8lerinage avec beaucoup d\u2019enthousiasme. Je voudrais que chacun fasse ce qui est possible, ce qui rel\u00e8ve de ces comp\u00e9tences \u00e0 lui, tout ce qui peut \u00eatre mis en \u0153uvre, que chacun fasse cela pour que ce p\u00e8lerinage soit une r\u00e9ussite, que chacun apporte sa contribution, que chacun fasse sa part comme j\u2019ai l\u2019habitude de&nbsp; dire. Nous prions pour que le seigneur nous aide. Voil\u00e0 tout ce que je ressens, c\u2019est la joie, l\u2019esp\u00e9rance et l\u2019enthousiasme.<\/p>\n\n\n\n<p class=\"wp-block-paragraph\"><strong>Monseigneur un p\u00e8lerinage se pr\u00e9pare. Vous nous avez demand\u00e9 de le faire et en premier lieu, Monseigneur, vous exhortez \u00e0 faire une pr\u00e9paration spirituelle, pourquoi ?<\/strong><\/p>\n\n\n\n<p class=\"wp-block-paragraph\">&nbsp;C\u2019est vrai le jour du 3 d\u00e9cembre arrive \u00e0 grand pas et nous avons tr\u00e8s peu de temps pour pr\u00e9parer ce p\u00e8lerinage, j\u2019ai adress\u00e9 une lettre au peuple de Dieu. Une lettre dans laquelle j\u2019ai annonc\u00e9 l\u2019\u00e9v\u00e9nement en donnant quelques directives comme tu le soulignes si bien. Il y a pour la pr\u00e9paration spirituelle, qui occupe une place centrale dans tout ce que j\u2019ai demand\u00e9. Pourquoi avoir insist\u00e9 sur la pr\u00e9paration spirituelle ?<\/p>\n\n\n\n<p class=\"wp-block-paragraph\"><strong>C\u2019est parce que les fruits que produira ce p\u00e8lerinage en nous, d\u00e9pendent des dispositions int\u00e9rieures que nous aurons. Ce p\u00e8lerinage sera f\u00e9cond dans la mesure o\u00f9 nous nous rendons \u00e0 Kovi\u00e9 avec les dispositions int\u00e9rieures qu\u2019il faut. Alors sur quoi est ce que j\u2019ai voulu insister ?<\/strong><\/p>\n\n\n\n<p class=\"wp-block-paragraph\">D\u2019abord sur la n\u00e9cessit\u00e9 de nous confesser, d\u2019avoir une \u00e2me pure, purifi\u00e9e, une \u00e2me d\u00e9gag\u00e9e de toute ranc\u0153ur,&nbsp; autant que possible lav\u00e9e de toutes souillures. Je viens insister \u00e9galement sur un triduum de messe parce que nous confions l\u2019\u00e9v\u00e9nement au Seigneur, que nous portions \u00e9galement le temps, les deux jours \u00e0 venir dans nos pri\u00e8res personnelle et communautaire. Et puis j\u2019ai \u00e9galement attir\u00e9 l\u2019attention des Cur\u00e9s sur l\u2019explication de ce qu\u2019est un p\u00e8lerinage. Nous n\u2019allons pas \u00e0 Kovi\u00e9 comme une balade o\u00f9 on va simplement pour se divertir etc. Il s\u2019agit d\u2019un p\u00e8lerinage, d\u2019une rencontre, d\u2019une marche vers Dieu, une recherche de la pr\u00e9sence de Dieu. Et donc la pr\u00e9paration spirituelle me para\u00eet importante et j\u2019insiste encore une fois la dessus.<\/p>\n\n\n\n<p class=\"wp-block-paragraph\"><strong>Ce p\u00e8lerinage monseigneur marque notre jubil\u00e9 d\u2019argent, y&nbsp;&nbsp; aura t- il quelque chose de particulier ?<\/strong><\/p>\n\n\n\n<p class=\"wp-block-paragraph\">C\u2019est vrai cette \u00e9dition est la 25\u00e8me&nbsp; depuis que le p\u00e8lerinage \u00e0 Kovi\u00e9 a commenc\u00e9. Nous allons donc c\u00e9l\u00e9brer le jubil\u00e9 d\u2019argent, y aura-t-il quelque chose de particulier ? Bon j\u2019avoue que nous avons un peu oubli\u00e9 que c\u2019est cette ann\u00e9e que nous allons c\u00e9l\u00e9brer le jubil\u00e9 et nous avons un peu oubli\u00e9. Pourquoi, parce que ces deux derni\u00e8res ann\u00e9es, notre participation \u00e0 Kovi\u00e9 est tr\u00e8s limit\u00e9e, nous \u00e9tions plut\u00f4t pr\u00e9occup\u00e9 par des difficult\u00e9s d\u2019ordre sanitaire, la guerre en Ukraine etc. Et cela nous a fait un peu oublier le grand \u00e9v\u00e9nement que nous allons c\u00e9l\u00e9brer bient\u00f4t. Et puis il y a eu \u00e9galement le d\u00e9c\u00e8s du p\u00e8re David Jokpa qui nous a totalement boulevers\u00e9s, il avait de grands projets pour Kovi\u00e9 et nous ne pensions pas que le Seigneur allait le rappeler de ce monde si&nbsp; t\u00f4t. <\/p>\n\n\n\n<p class=\"wp-block-paragraph\">Et puis il y a eu diverses pr\u00e9occupations aussi concernant la vie de notre archidioc\u00e8se. Alors je pense que cette \u00e9dition ce que nous ferons le 3 et 4 d\u00e9cembre, c\u2019est juste l\u2019ouverture du jubil\u00e9 et nous allons tout le long de cette ann\u00e9e pastorale inviter les fid\u00e8les, les paroissiens, les congr\u00e9gations, les associations \u00e0 marquer ce jubil\u00e9 \u00e0 Kovi\u00e9 de mani\u00e8re \u00e0 ce que en d\u00e9cembre 2023 nous puissions cl\u00f4turer le jubil\u00e9 comme il faut. Nous allons donc commencer tr\u00e8s modestement cette fois- ci, mais j\u2019esp\u00e8re qu\u2019\u00e0 la cl\u00f4ture, il y aura beaucoup plus de signe assez visible de ce jubil\u00e9.<\/p>\n\n\n\n<p class=\"wp-block-paragraph\"><strong>Monseigneur quels autre pr\u00e9paratifs ferons-nous ?<\/strong><\/p>\n\n\n\n<p class=\"wp-block-paragraph\">J\u2019ai parl\u00e9 tout \u00e0 l\u2019heure de la pr\u00e9paration spirituelle qui me para\u00eet extr\u00eamement importante mais il y\u2019a aussi la pr\u00e9paration administrative, par ce qu\u2019il faut saisir les autorit\u00e9s, pour les informer de la tenue du jubil\u00e9 et solliciter aussi leurs concours pour que tout se d\u00e9roule dans de bonnes conditions. Il y\u2019a aussi la pr\u00e9paration sanitaire, essayer de voir comment associer les agents de la sant\u00e9 pour qu\u2019en cas de malaise, en cas de difficult\u00e9 nous puissions avoir recours \u00e0 ces personnes-l\u00e0.<\/p>\n\n\n\n<p class=\"wp-block-paragraph\">&nbsp;Il y a la pr\u00e9paration s\u00e9curitaire, il y a les forces de s\u00e9curit\u00e9 et de d\u00e9fense qui naturellement peuvent nous accompagner mais il y a aussi la s\u00e9curit\u00e9 interne que nous devons mettre en place,&nbsp; et pour que les p\u00e8lerins se sentent qu\u2019en m\u00eame en s\u00e9curit\u00e9 et que tout se passe dans de bonnes conditions. Il y a naturellement la pr\u00e9paration mat\u00e9rielle, parce que nous allons sur un site qui n\u2019offre pas toute les commodit\u00e9s. Et c\u2019est vrai nous avons invit\u00e9 chacun \u00e0 se munir d\u2019un minimum en termes&nbsp; d\u2019alimentation et d\u2019eau. M\u00eame si on peut toujours penser \u00e0 trouver de l\u2019eau sur place mais il est toujours mieux d\u2019avoir sur soi un peu d\u2019eau et peut \u00eatre un sandwich pour ne pas devoir courir partout. Oui parce que le d\u00e9placement m\u00eame sur le site parfois est assez difficile. La pr\u00e9paration mat\u00e9rielle concerne aussi le podium, concerne le site lui-m\u00eame, les toilettes, les commodit\u00e9s pour pouvoir se soulager.&nbsp; Il y a tout cela, nous sommes en train d\u2019y r\u00e9fl\u00e9chir. J\u2019avoue que ce n\u2019est pas ais\u00e9 parce que le site est assez grand et les p\u00e8lerins sont nombreux, alors ceux qui y vont sont bien conscients.<\/p>\n\n\n\n<p class=\"wp-block-paragraph\">La pr\u00e9paration mat\u00e9rielle c\u2019est \u00e9galement tout ce qui concerne par exemple la couverture \u00e9lectrique, la sonorisation, la d\u00e9coration. Bon voil\u00e0 nous sommes en train de le faire et j\u2019ai mis sur pied une commission ad hoc puisque la commission ant\u00e9rieure n\u2019est plus tr\u00e8s fonctionnelle, le p\u00e8re Gilbert Woglo qui pendant plusieurs ann\u00e9es en a assur\u00e9 la responsabilit\u00e9 et avec beaucoup de d\u00e9vouement maintenant est assez limit\u00e9 et d\u2019autres membres aussi. Et donc nous avons mis sur pied une commission pour cette ann\u00e9e. Nous avons confi\u00e9 la charge \u00e0 ceux-l\u00e0 de nous aider. Il y a naturellement la pr\u00e9paration financi\u00e8re aussi, parce que ce p\u00e8lerinage requiert aussi beaucoup de moyens financiers dont nous ne disposons pas. Nous avons sollicit\u00e9 l\u2019aide des paroisses. Il y a naturellement le quota des qu\u00eates qui ont \u00e9t\u00e9 faites durant le mois de rosaire. J\u2019ai demand\u00e9 aussi de contribution volontaire de la part des paroisses des quasi- paroisses, des communaut\u00e9s religieuses etc. J\u2019ai demand\u00e9 aussi aux pr\u00eatres de pouvoir contribuer volontairement.&nbsp; Parce que chacun va au p\u00e8lerinage pour rendre gr\u00e2ce au Seigneur, pour prier, implorer des gr\u00e2ces, il est normal que ce soit chacun qui contribue \u00e0 la pr\u00e9paration de ce lieu.<\/p>\n\n\n\n<p class=\"wp-block-paragraph\">Tu vois il y a quelque-chose qui me peine beaucoup par ce qu\u2019apr\u00e8s le p\u00e8lerinage, on a l\u2019impression que le site ne peut plus accueillir d\u2019autres p\u00e8lerins. Il faut qu\u2019apr\u00e8s la r\u00e9alisation du p\u00e8lerinage le sanctuaire puisse continuer de vivre, donc il faut que les recettes faites ne soient pas \u00e9puis\u00e9es, qu\u2019on n\u2019ait pas d\u2019ailleurs un solde n\u00e9gatif.&nbsp; Il&nbsp; faut pouvoir constituer une caisse aussi pour permettre aux p\u00e8lerins qui vont apr\u00e8s le grand p\u00e8lerinage dioc\u00e9sain,&nbsp; d\u2019aller sur un site assez accueillant etc.<\/p>\n\n\n\n<p class=\"wp-block-paragraph\">&nbsp;Voil\u00e0 ce qu\u2019en termes de pr\u00e9paratifs je peux dire. Et puis il y a le fait que cette ann\u00e9e nous avons nomm\u00e9 Gaston AMOUSSOU comme celui qui va coordonner tous les aspects financiers et \u00e9conomiques de ce p\u00e8lerinage. Les pr\u00e9paratifs sont en cours et par la gr\u00e2ce de Dieu, j\u2019esp\u00e8re que tout sera au point avant que n\u2019arrive la date du trois d\u00e9cembre.<\/p>\n\n\n\n<p class=\"wp-block-paragraph\"><strong>Monseigneur comment le p\u00e8lerinage de cette ann\u00e9e va-t- il se d\u00e9rouler ?<\/strong><\/p>\n\n\n\n<p class=\"wp-block-paragraph\">Ce sera en deux jours, le samedi 3 et le dimanche 4. Tout commencera samedi \u00e0 10 heures \u00e9videmment il y aura d\u00e9j\u00e0 des p\u00e8lerins sur le site. Mais l\u2019accueil se fera \u00e0 10 heures par le recteur du sanctuaire et puis je prononcerai le mot d\u2019ouverture et nous ferons l\u2019accueil de la statue qui sera suivi d\u2019un bilan des p\u00e8lerinages ant\u00e9rieurs en particulier de celui de 2020 et de 2021. Tout cela nous pr\u00e9parera au chemin de croix et \u00e0 la m\u00e9ditation des Sept Douleurs de Marie puis nous aurons la messe \u00e0 15 heures. Une messe que je vais pr\u00e9sider personnellement si Dieu le permet, et au cours de laquelle je vais laisser la parole au p\u00e8re Georges AMEDONOU pour la pr\u00e9dication. <\/p>\n\n\n\n<p class=\"wp-block-paragraph\">Plus tard il y aura une pr\u00e9dication qui sera faite par le p\u00e8re Darius ADJANGBA et l\u2019adoration nocturne et il y aura aussi la messe du matin que j\u2019esp\u00e8re pr\u00e9sider. Voil\u00e0 globalement le programme du p\u00e8lerinage, j\u2019esp\u00e8re n\u2019avoir pas oubli\u00e9 des \u00e9l\u00e9ments particuliers. Il y aura aussi le chapelet bien entendu avec une louange \u00e0 Marie, des temps de louange, la manifestation de notre joie \u00e0 Marie meubleront ce p\u00e8lerinage. Cela est \u00e9vident et j\u2019esp\u00e8re que la gr\u00e2ce de Dieu nous assistera pour que du d\u00e9but jusqu\u2019\u00e0 la fin tout se passe bien.<\/p>\n\n\n\n<p class=\"wp-block-paragraph\"><strong>Merci Monseigneur, avez-vous des recommandations particuli\u00e8res ?<\/strong><\/p>\n\n\n\n<p class=\"wp-block-paragraph\">Oui je vais en formuler quelques-unes. En reprenant un peu ce que j\u2019ai dit auparavant, ma premi\u00e8re exhortation c\u2019est que nous fassions de bonnes pr\u00e9parations spirituelles dans nos paroisses. Cela est important parce que nous allons \u00e0 ce p\u00e8lerinage, nous devons avoir l\u2019attitude qui convient, une bonne pr\u00e9paration spirituelle.<\/p>\n\n\n\n<p class=\"wp-block-paragraph\">&nbsp;La deuxi\u00e8me exhortation c\u2019est la tenue, c\u2019est \u00e0 dire la mani\u00e8re dont nous devons nous comporter sur le site. Nous allons \u00e0 un p\u00e8lerinage, je le r\u00e9p\u00e8te encore une fois. Ce n\u2019est pas \u00e0 un lieu de divertissement o\u00f9 nous nous rendons, mais sur un site o\u00f9 nous allons surtout pour prier, \u00e9couter la parole de Dieu, nous recueillir, penser \u00e0 notre vie, penser \u00e0 ce que le Seigneur \u00e0 fait pour nous et tout cela a besoin de certaines dispositions int\u00e9rieures. Bien s\u00fbr, la masse ne favorisera pas toujours ce recueillement, ce climat-l\u00e0. Mais je pense que nous devons garder \u00e0 l\u2019esprit que tout ce temps que nous allons passer l\u00e0-bas doit \u00eatre comme un temps de pri\u00e8res, de rencontre avec le Seigneur.<\/p>\n\n\n\n<p class=\"wp-block-paragraph\">Une troisi\u00e8me exhortation concerne la contribution \u00e0 la pr\u00e9paration financi\u00e8re et \u00e9conomique de ce p\u00e8lerinage. L\u2019archidioc\u00e8se n\u2019a pas un grand fonds qui sera allou\u00e9 \u00e0 ce p\u00e8lerinage, non reconnaissons le humblement. Alors il y a trois sollicitations qui sont formul\u00e9es, la premi\u00e8re ce sont les quotas des qu\u00eates faites pendant le mois de rosaire et que j\u2019invite les pr\u00eatres \u00e0 vite apporter assez rapidement pour que nous ayons aussi de quoi \u00e0 commencer les pr\u00e9paratifs ou bien de quoi poursuivre les pr\u00e9paratifs. <\/p>\n\n\n<div class=\"wp-block-image\">\n<figure class=\"aligncenter size-large is-resized\"><img loading=\"lazy\" decoding=\"async\" src=\"https:\/\/macite.tg\/wp-content\/uploads\/2022\/11\/ANNONCES-1-1-1024x426.jpg\" alt=\"\" class=\"wp-image-2047\" width=\"650\" height=\"270\" srcset=\"https:\/\/macite.tg\/wp-content\/uploads\/2022\/11\/ANNONCES-1-1-1024x426.jpg 1024w, https:\/\/macite.tg\/wp-content\/uploads\/2022\/11\/ANNONCES-1-1-300x125.jpg 300w, https:\/\/macite.tg\/wp-content\/uploads\/2022\/11\/ANNONCES-1-1-768x319.jpg 768w, https:\/\/macite.tg\/wp-content\/uploads\/2022\/11\/ANNONCES-1-1.jpg 1080w\" sizes=\"auto, (max-width: 650px) 100vw, 650px\" \/><\/figure>\n<\/div>\n\n\n<p class=\"wp-block-paragraph\">Il y a aussi les contributions que j\u2019ai demand\u00e9es aux paroisses aux quasi-paroisses et aux communaut\u00e9s, une contribution volontaire. J\u2019esp\u00e8re que la demande sera bien entendue, que les uns et les autres vont pouvoir l\u2019honorer. Il y a les contributions que j\u2019ai demand\u00e9es aux pr\u00eatres chacun de nous va \u00e0 ce p\u00e8lerinage et \u00e7a serait bien que nous puissions nous aussi le pr\u00e9parer. Ne laissons pas la charge financi\u00e8re uniquement sur le dos des fid\u00e8les. Nous aussi apportons ce que nous pouvons amener comme contribution. Monseigneur aussi fera sa part, chacun personnellement.<\/p>\n\n\n\n<p class=\"wp-block-paragraph\">&nbsp;Et puis je demanderai surtout en termes de contribution, que chacun aille avec ce qu\u2019il sait faire. Quand les pr\u00eatres sont sur le lieu de p\u00e8lerinage, ils savent qu\u2019ils seront \u00e0 la disposition des fid\u00e8les, pour la confession, pour les \u00e9couter, pour les orienter, pour participer aux diverses activit\u00e9s. Nous n\u2019allons pas l\u00e0-bas comme pr\u00eatres, juste pour faire le minimum et nous retirer quand les fid\u00e8les ont besoin de nous, nous sommes d\u00e9j\u00e0 partis. Essayons de vivre le p\u00e8lerinage avec les fid\u00e8les. Et puis cette exhortation va \u00e0 l\u2019endroit de tous ceux qui vont participer \u00e0 ce p\u00e8lerinage. Si je sais chanter, je vais au p\u00e8lerinage, je vais chanter. Je suis \u00e9lectricien je vais au p\u00e8lerinage j\u2019apporterai mon concours comme \u00e9lectricien. <\/p>\n\n\n\n<p class=\"wp-block-paragraph\">Si je suis m\u00e9decin, je vais au p\u00e8lerinage en me mettant \u00e0 l\u2019esprit que peut \u00eatre on aura besoin de moi comme m\u00e9decin l\u00e0-bas, et si je suis, que sais- je, quelqu\u2019un qui travaille dans le domaine de la s\u00e9curit\u00e9, tout ce que je voulais dire c\u2019est que chacun doit porter du sien. N\u2019attendons pas qu\u2019on nous donne, je ne sais pas, une enveloppe pour que nous puissions aider au bon d\u00e9roulement de ce p\u00e8lerinage. J\u2019esp\u00e8re que cela aussi est tr\u00e8s important. Voil\u00e0 mes exhortations que je voudrais formuler pour ce p\u00e8lerinage.<\/p>\n\n\n\n<p class=\"wp-block-paragraph\"><strong>Merci Monseigneur y aura-t-il des surprises cette ann\u00e9e pour le p\u00e8lerinage ?<\/strong><\/p>\n\n\n\n<p class=\"wp-block-paragraph\">y -aura-t-il des surprises \u00e0 ce p\u00e8lerinage ? Peut-\u00eatre oui. Si je vous dis d\u00e9j\u00e0 qu\u2019il aura une surprise vous ne serez plus surpris quand la surprise arrivera. Donc si je ne vous promets rien alors la surprise peut \u00eatre vraiment une surprise. Mais j\u2019esp\u00e8re qu\u2019il y en aura quand m\u00eame. Une petite surprise, pas de grandes choses mais il y aura quand m\u00eame une petite surprise. Mais au-del\u00e0 des surprises que nous pouvons nous faire entre nous, je souhaite vivement que le Seigneur r\u00e9serve \u00e0 chacun une grande surprise au cours de ce p\u00e8lerinage.<\/p>\n\n\n\n<p class=\"wp-block-paragraph\">Des surprises en termes de gr\u00e2ces, en termes de conversion, en termes de gu\u00e9rison int\u00e9rieure, pourquoi pas de gu\u00e9rison physique \u00e9galement, en termes de solution des probl\u00e8mes que nous confions \u00e0 la Vierge Marie. Je souhaite vivement, je prie pour cela, pour que ce p\u00e8lerinage soit l\u2019occasion de grandes surprises pour chacun de nous.<\/p>\n\n\n\n<p class=\"wp-block-paragraph\"><strong>Monseigneur Barrigah, je vous remercie<\/strong><\/p>\n\n\n\n<p class=\"wp-block-paragraph\">Encore une fois, je vous dis merci Christian pour cette occasion que tu m\u2019offres. Et voil\u00e0 je suis s\u00fbr qu\u2019\u00e0 travers toi et \u00e0 travers radio Maria, les fid\u00e8les seront plus inform\u00e9s sur le p\u00e8lerinage et se pr\u00e9pareront mieux encore pour ce p\u00e8lerinage. Merci et merci \u00e0 tous !<\/p>\n\n\n\n<p class=\"wp-block-paragraph\"><strong>(IN CHRONIQUE DE LA SEMAINE n\u00b0677 du 1<sup>er<\/sup> D\u00e9cembre 2022)<\/strong><\/p>\n\n\n\n<p class=\"wp-block-paragraph\"><strong><em>@macite.info<\/em><\/strong><\/p>\n\n\n\n<p class=\"wp-block-paragraph\"><strong><em>E-mail&nbsp;: <\/em><\/strong><a href=\"mailto:maciteinfo@gmail.com\"><strong><em>maciteinfo@gmail.com<\/em><\/strong><\/a><strong><em>; <\/em><\/strong><a href=\"mailto:bawela1@gmail.com\"><strong><em>bawela1@gmail.com<\/em><\/strong><\/a><\/p>\n\n\n\n<p class=\"wp-block-paragraph\"><strong><em>Pour vos annonces, (publi)reportages, etc., joignez nous au (00228) 91515309\/<strong>79872224<\/strong><\/em><\/strong><em><\/em><\/p>\n\n\n\n<p class=\"wp-block-paragraph\"><a href=\"http:\/\/www.macite.info\"><strong><em>www.macite.info<\/em><\/strong><\/a><strong><em>, L\u2019information, la bonne&nbsp;!<\/em><\/strong><\/p>\n","protected":false},"excerpt":{"rendered":"<p class=\"text-justify mb-2\" >Apr\u00e8s deux ans de c\u00e9l\u00e9bration \u00e0 huit-clos pour raison des exigences de la lutte contre la COVID-19, tous les fid\u00e8les catholiques du dioc\u00e8se de Lom\u00e9 en particulier et ceux du monde entier en g\u00e9n\u00e9ral sont non seulement autoris\u00e9s mais aussi invit\u00e9s \u00e0 se rendre massivement [&hellip;]<\/p>\n","protected":false},"author":2,"featured_media":2269,"comment_status":"open","ping_status":"open","sticky":false,"template":"","format":"standard","meta":{"footnotes":""},"categories":[40],"tags":[],"class_list":["post-2263","post","type-post","status-publish","format-standard","has-post-thumbnail","hentry","category-religion"],"yoast_head":"<!-- This site is optimized with the Yoast SEO plugin v28.4 - https:\/\/yoast.com\/product\/yoast-seo-wordpress\/ -->\n<title>ENTRETIEN \/ KOVI\u00c9 RENOUE AVEC LE GRAND PUBLIC LES 3 ET 4 D\u00c9CEMBRE 2022: Les pr\u00e9cisions de Mgr Nicod\u00e8me Barrigah pour les p\u00e8lerins -<\/title>\n<meta name=\"robots\" content=\"index, follow, max-snippet:-1, max-image-preview:large, max-video-preview:-1\" \/>\n<link rel=\"canonical\" href=\"https:\/\/macite.tg\/?p=2263\" \/>\n<meta property=\"og:locale\" content=\"fr_FR\" \/>\n<meta property=\"og:type\" content=\"article\" \/>\n<meta property=\"og:title\" content=\"ENTRETIEN \/ KOVI\u00c9 RENOUE AVEC LE GRAND PUBLIC LES 3 ET 4 D\u00c9CEMBRE 2022: Les pr\u00e9cisions de Mgr Nicod\u00e8me Barrigah pour les p\u00e8lerins -\" \/>\n<meta property=\"og:description\" content=\"Apr\u00e8s deux ans de c\u00e9l\u00e9bration \u00e0 huit-clos pour raison des exigences de la lutte contre la COVID-19, tous les fid\u00e8les catholiques du dioc\u00e8se de Lom\u00e9 en particulier et ceux du monde entier en g\u00e9n\u00e9ral sont non seulement autoris\u00e9s mais aussi invit\u00e9s \u00e0 se rendre massivement [&hellip;]\" \/>\n<meta property=\"og:url\" content=\"https:\/\/macite.tg\/?p=2263\" \/>\n<meta property=\"article:published_time\" content=\"2022-12-02T12:34:16+00:00\" \/>\n<meta property=\"article:modified_time\" content=\"2022-12-02T12:34:17+00:00\" \/>\n<meta property=\"og:image\" content=\"https:\/\/macite.tg\/wp-content\/uploads\/2022\/12\/Barrigah-nicodeme.jpg\" \/>\n\t<meta property=\"og:image:width\" content=\"284\" \/>\n\t<meta property=\"og:image:height\" content=\"177\" \/>\n\t<meta property=\"og:image:type\" content=\"image\/jpeg\" \/>\n<meta name=\"author\" content=\"Jean Pierre BAWELA\" \/>\n<meta name=\"twitter:card\" content=\"summary_large_image\" \/>\n<meta name=\"twitter:label1\" content=\"\u00c9crit par\" \/>\n\t<meta name=\"twitter:data1\" content=\"Jean Pierre BAWELA\" \/>\n\t<meta name=\"twitter:label2\" content=\"Dur\u00e9e de lecture estim\u00e9e\" \/>\n\t<meta name=\"twitter:data2\" content=\"15 minutes\" \/>\n<script type=\"application\/ld+json\" class=\"yoast-schema-graph\">{\"@context\":\"https:\\\/\\\/schema.org\",\"@graph\":[{\"@type\":\"Article\",\"@id\":\"https:\\\/\\\/macite.tg\\\/?p=2263#article\",\"isPartOf\":{\"@id\":\"https:\\\/\\\/macite.tg\\\/?p=2263\"},\"author\":{\"name\":\"Jean Pierre BAWELA\",\"@id\":\"https:\\\/\\\/macite.tg\\\/#\\\/schema\\\/person\\\/e9f2de7e5dbbe7770a9402c7ce82f5c2\"},\"headline\":\"ENTRETIEN \\\/ KOVI\u00c9 RENOUE AVEC LE GRAND PUBLIC LES 3 ET 4 D\u00c9CEMBRE 2022: Les pr\u00e9cisions de Mgr Nicod\u00e8me Barrigah pour les p\u00e8lerins\",\"datePublished\":\"2022-12-02T12:34:16+00:00\",\"dateModified\":\"2022-12-02T12:34:17+00:00\",\"mainEntityOfPage\":{\"@id\":\"https:\\\/\\\/macite.tg\\\/?p=2263\"},\"wordCount\":3142,\"commentCount\":0,\"image\":{\"@id\":\"https:\\\/\\\/macite.tg\\\/?p=2263#primaryimage\"},\"thumbnailUrl\":\"https:\\\/\\\/macite.tg\\\/wp-content\\\/uploads\\\/2022\\\/12\\\/Barrigah-nicodeme.jpg\",\"articleSection\":[\"RELIGION\"],\"inLanguage\":\"fr-FR\",\"potentialAction\":[{\"@type\":\"CommentAction\",\"name\":\"Comment\",\"target\":[\"https:\\\/\\\/macite.tg\\\/?p=2263#respond\"]}]},{\"@type\":\"WebPage\",\"@id\":\"https:\\\/\\\/macite.tg\\\/?p=2263\",\"url\":\"https:\\\/\\\/macite.tg\\\/?p=2263\",\"name\":\"ENTRETIEN \\\/ KOVI\u00c9 RENOUE AVEC LE GRAND PUBLIC LES 3 ET 4 D\u00c9CEMBRE 2022: Les pr\u00e9cisions de Mgr Nicod\u00e8me Barrigah pour les p\u00e8lerins -\",\"isPartOf\":{\"@id\":\"https:\\\/\\\/macite.tg\\\/#website\"},\"primaryImageOfPage\":{\"@id\":\"https:\\\/\\\/macite.tg\\\/?p=2263#primaryimage\"},\"image\":{\"@id\":\"https:\\\/\\\/macite.tg\\\/?p=2263#primaryimage\"},\"thumbnailUrl\":\"https:\\\/\\\/macite.tg\\\/wp-content\\\/uploads\\\/2022\\\/12\\\/Barrigah-nicodeme.jpg\",\"datePublished\":\"2022-12-02T12:34:16+00:00\",\"dateModified\":\"2022-12-02T12:34:17+00:00\",\"author\":{\"@id\":\"https:\\\/\\\/macite.tg\\\/#\\\/schema\\\/person\\\/e9f2de7e5dbbe7770a9402c7ce82f5c2\"},\"breadcrumb\":{\"@id\":\"https:\\\/\\\/macite.tg\\\/?p=2263#breadcrumb\"},\"inLanguage\":\"fr-FR\",\"potentialAction\":[{\"@type\":\"ReadAction\",\"target\":[\"https:\\\/\\\/macite.tg\\\/?p=2263\"]}]},{\"@type\":\"ImageObject\",\"inLanguage\":\"fr-FR\",\"@id\":\"https:\\\/\\\/macite.tg\\\/?p=2263#primaryimage\",\"url\":\"https:\\\/\\\/macite.tg\\\/wp-content\\\/uploads\\\/2022\\\/12\\\/Barrigah-nicodeme.jpg\",\"contentUrl\":\"https:\\\/\\\/macite.tg\\\/wp-content\\\/uploads\\\/2022\\\/12\\\/Barrigah-nicodeme.jpg\",\"width\":284,\"height\":177},{\"@type\":\"BreadcrumbList\",\"@id\":\"https:\\\/\\\/macite.tg\\\/?p=2263#breadcrumb\",\"itemListElement\":[{\"@type\":\"ListItem\",\"position\":1,\"name\":\"Accueil\",\"item\":\"https:\\\/\\\/macite.tg\\\/\"},{\"@type\":\"ListItem\",\"position\":2,\"name\":\"ENTRETIEN \\\/ KOVI\u00c9 RENOUE AVEC LE GRAND PUBLIC LES 3 ET 4 D\u00c9CEMBRE 2022: Les pr\u00e9cisions de Mgr Nicod\u00e8me Barrigah pour les p\u00e8lerins\"}]},{\"@type\":\"WebSite\",\"@id\":\"https:\\\/\\\/macite.tg\\\/#website\",\"url\":\"https:\\\/\\\/macite.tg\\\/\",\"name\":\"\",\"description\":\"L&#039;information, la bonne!!!\",\"potentialAction\":[{\"@type\":\"SearchAction\",\"target\":{\"@type\":\"EntryPoint\",\"urlTemplate\":\"https:\\\/\\\/macite.tg\\\/?s={search_term_string}\"},\"query-input\":{\"@type\":\"PropertyValueSpecification\",\"valueRequired\":true,\"valueName\":\"search_term_string\"}}],\"inLanguage\":\"fr-FR\"},{\"@type\":\"Person\",\"@id\":\"https:\\\/\\\/macite.tg\\\/#\\\/schema\\\/person\\\/e9f2de7e5dbbe7770a9402c7ce82f5c2\",\"name\":\"Jean Pierre BAWELA\",\"image\":{\"@type\":\"ImageObject\",\"inLanguage\":\"fr-FR\",\"@id\":\"https:\\\/\\\/macite.tg\\\/wp-content\\\/uploads\\\/2023\\\/09\\\/WhatsApp-Image-2023-09-19-at-14.44.41-122x122.jpeg\",\"url\":\"https:\\\/\\\/macite.tg\\\/wp-content\\\/uploads\\\/2023\\\/09\\\/WhatsApp-Image-2023-09-19-at-14.44.41-122x122.jpeg\",\"contentUrl\":\"https:\\\/\\\/macite.tg\\\/wp-content\\\/uploads\\\/2023\\\/09\\\/WhatsApp-Image-2023-09-19-at-14.44.41-122x122.jpeg\",\"caption\":\"Jean Pierre BAWELA\"},\"url\":\"https:\\\/\\\/macite.tg\\\/?author=2\"}]}<\/script>\n<!-- \/ Yoast SEO plugin. -->","yoast_head_json":{"title":"ENTRETIEN \/ KOVI\u00c9 RENOUE AVEC LE GRAND PUBLIC LES 3 ET 4 D\u00c9CEMBRE 2022: Les pr\u00e9cisions de Mgr Nicod\u00e8me Barrigah pour les p\u00e8lerins -","robots":{"index":"index","follow":"follow","max-snippet":"max-snippet:-1","max-image-preview":"max-image-preview:large","max-video-preview":"max-video-preview:-1"},"canonical":"https:\/\/macite.tg\/?p=2263","og_locale":"fr_FR","og_type":"article","og_title":"ENTRETIEN \/ KOVI\u00c9 RENOUE AVEC LE GRAND PUBLIC LES 3 ET 4 D\u00c9CEMBRE 2022: Les pr\u00e9cisions de Mgr Nicod\u00e8me Barrigah pour les p\u00e8lerins -","og_description":"Apr\u00e8s deux ans de c\u00e9l\u00e9bration \u00e0 huit-clos pour raison des exigences de la lutte contre la COVID-19, tous les fid\u00e8les catholiques du dioc\u00e8se de Lom\u00e9 en particulier et ceux du monde entier en g\u00e9n\u00e9ral sont non seulement autoris\u00e9s mais aussi invit\u00e9s \u00e0 se rendre massivement [&hellip;]","og_url":"https:\/\/macite.tg\/?p=2263","article_published_time":"2022-12-02T12:34:16+00:00","article_modified_time":"2022-12-02T12:34:17+00:00","og_image":[{"width":284,"height":177,"url":"https:\/\/macite.tg\/wp-content\/uploads\/2022\/12\/Barrigah-nicodeme.jpg","type":"image\/jpeg"}],"author":"Jean Pierre BAWELA","twitter_card":"summary_large_image","twitter_misc":{"\u00c9crit par":"Jean Pierre BAWELA","Dur\u00e9e de lecture estim\u00e9e":"15 minutes"},"schema":{"@context":"https:\/\/schema.org","@graph":[{"@type":"Article","@id":"https:\/\/macite.tg\/?p=2263#article","isPartOf":{"@id":"https:\/\/macite.tg\/?p=2263"},"author":{"name":"Jean Pierre BAWELA","@id":"https:\/\/macite.tg\/#\/schema\/person\/e9f2de7e5dbbe7770a9402c7ce82f5c2"},"headline":"ENTRETIEN \/ KOVI\u00c9 RENOUE AVEC LE GRAND PUBLIC LES 3 ET 4 D\u00c9CEMBRE 2022: Les pr\u00e9cisions de Mgr Nicod\u00e8me Barrigah pour les p\u00e8lerins","datePublished":"2022-12-02T12:34:16+00:00","dateModified":"2022-12-02T12:34:17+00:00","mainEntityOfPage":{"@id":"https:\/\/macite.tg\/?p=2263"},"wordCount":3142,"commentCount":0,"image":{"@id":"https:\/\/macite.tg\/?p=2263#primaryimage"},"thumbnailUrl":"https:\/\/macite.tg\/wp-content\/uploads\/2022\/12\/Barrigah-nicodeme.jpg","articleSection":["RELIGION"],"inLanguage":"fr-FR","potentialAction":[{"@type":"CommentAction","name":"Comment","target":["https:\/\/macite.tg\/?p=2263#respond"]}]},{"@type":"WebPage","@id":"https:\/\/macite.tg\/?p=2263","url":"https:\/\/macite.tg\/?p=2263","name":"ENTRETIEN \/ KOVI\u00c9 RENOUE AVEC LE GRAND PUBLIC LES 3 ET 4 D\u00c9CEMBRE 2022: Les pr\u00e9cisions de Mgr Nicod\u00e8me Barrigah pour les p\u00e8lerins -","isPartOf":{"@id":"https:\/\/macite.tg\/#website"},"primaryImageOfPage":{"@id":"https:\/\/macite.tg\/?p=2263#primaryimage"},"image":{"@id":"https:\/\/macite.tg\/?p=2263#primaryimage"},"thumbnailUrl":"https:\/\/macite.tg\/wp-content\/uploads\/2022\/12\/Barrigah-nicodeme.jpg","datePublished":"2022-12-02T12:34:16+00:00","dateModified":"2022-12-02T12:34:17+00:00","author":{"@id":"https:\/\/macite.tg\/#\/schema\/person\/e9f2de7e5dbbe7770a9402c7ce82f5c2"},"breadcrumb":{"@id":"https:\/\/macite.tg\/?p=2263#breadcrumb"},"inLanguage":"fr-FR","potentialAction":[{"@type":"ReadAction","target":["https:\/\/macite.tg\/?p=2263"]}]},{"@type":"ImageObject","inLanguage":"fr-FR","@id":"https:\/\/macite.tg\/?p=2263#primaryimage","url":"https:\/\/macite.tg\/wp-content\/uploads\/2022\/12\/Barrigah-nicodeme.jpg","contentUrl":"https:\/\/macite.tg\/wp-content\/uploads\/2022\/12\/Barrigah-nicodeme.jpg","width":284,"height":177},{"@type":"BreadcrumbList","@id":"https:\/\/macite.tg\/?p=2263#breadcrumb","itemListElement":[{"@type":"ListItem","position":1,"name":"Accueil","item":"https:\/\/macite.tg\/"},{"@type":"ListItem","position":2,"name":"ENTRETIEN \/ KOVI\u00c9 RENOUE AVEC LE GRAND PUBLIC LES 3 ET 4 D\u00c9CEMBRE 2022: Les pr\u00e9cisions de Mgr Nicod\u00e8me Barrigah pour les p\u00e8lerins"}]},{"@type":"WebSite","@id":"https:\/\/macite.tg\/#website","url":"https:\/\/macite.tg\/","name":"","description":"L&#039;information, la bonne!!!","potentialAction":[{"@type":"SearchAction","target":{"@type":"EntryPoint","urlTemplate":"https:\/\/macite.tg\/?s={search_term_string}"},"query-input":{"@type":"PropertyValueSpecification","valueRequired":true,"valueName":"search_term_string"}}],"inLanguage":"fr-FR"},{"@type":"Person","@id":"https:\/\/macite.tg\/#\/schema\/person\/e9f2de7e5dbbe7770a9402c7ce82f5c2","name":"Jean Pierre BAWELA","image":{"@type":"ImageObject","inLanguage":"fr-FR","@id":"https:\/\/macite.tg\/wp-content\/uploads\/2023\/09\/WhatsApp-Image-2023-09-19-at-14.44.41-122x122.jpeg","url":"https:\/\/macite.tg\/wp-content\/uploads\/2023\/09\/WhatsApp-Image-2023-09-19-at-14.44.41-122x122.jpeg","contentUrl":"https:\/\/macite.tg\/wp-content\/uploads\/2023\/09\/WhatsApp-Image-2023-09-19-at-14.44.41-122x122.jpeg","caption":"Jean Pierre BAWELA"},"url":"https:\/\/macite.tg\/?author=2"}]}},"_links":{"self":[{"href":"https:\/\/macite.tg\/index.php?rest_route=\/wp\/v2\/posts\/2263","targetHints":{"allow":["GET"]}}],"collection":[{"href":"https:\/\/macite.tg\/index.php?rest_route=\/wp\/v2\/posts"}],"about":[{"href":"https:\/\/macite.tg\/index.php?rest_route=\/wp\/v2\/types\/post"}],"author":[{"embeddable":true,"href":"https:\/\/macite.tg\/index.php?rest_route=\/wp\/v2\/users\/2"}],"replies":[{"embeddable":true,"href":"https:\/\/macite.tg\/index.php?rest_route=%2Fwp%2Fv2%2Fcomments&post=2263"}],"version-history":[{"count":0,"href":"https:\/\/macite.tg\/index.php?rest_route=\/wp\/v2\/posts\/2263\/revisions"}],"wp:featuredmedia":[{"embeddable":true,"href":"https:\/\/macite.tg\/index.php?rest_route=\/wp\/v2\/media\/2269"}],"wp:attachment":[{"href":"https:\/\/macite.tg\/index.php?rest_route=%2Fwp%2Fv2%2Fmedia&parent=2263"}],"wp:term":[{"taxonomy":"category","embeddable":true,"href":"https:\/\/macite.tg\/index.php?rest_route=%2Fwp%2Fv2%2Fcategories&post=2263"},{"taxonomy":"post_tag","embeddable":true,"href":"https:\/\/macite.tg\/index.php?rest_route=%2Fwp%2Fv2%2Ftags&post=2263"}],"curies":[{"name":"wp","href":"https:\/\/api.w.org\/{rel}","templated":true}]}}