{"id":2261,"date":"2022-12-02T12:03:35","date_gmt":"2022-12-02T12:03:35","guid":{"rendered":"https:\/\/macite.info\/?p=2261"},"modified":"2022-12-02T12:04:26","modified_gmt":"2022-12-02T12:04:26","slug":"riposte-contre-le-terrorisme-dans-le-nord-du-pays-de-la-necessite-deviter-les-erreurs-commises-au-burkina-faso","status":"publish","type":"post","link":"https:\/\/macite.tg\/?p=2261","title":{"rendered":"RIPOSTE CONTRE LE TERRORISME DANS LE NORD DU PAYS : De la n\u00e9cessit\u00e9 d\u2019\u00e9viter les erreurs commises au Burkina Faso !"},"content":{"rendered":"\n<p class=\"wp-block-paragraph\"><strong><em>Apr\u00e8s l\u2019attaque terroriste meurtri\u00e8re survenue dans la nuit du 10 au 11 mai au&nbsp; poste militaire de Kp\u00e9kpakandi au Nord du pays faisant, huit soldats&nbsp; tu\u00e9s et treize autres bless\u00e9s, les autorit\u00e9s togolaises qui aussit\u00f4t ont condamn\u00e9 un assaut \u00ab l\u00e2che et barbare \u00bb, ont annonc\u00e9 plusieurs mesures.&nbsp; Et parmi ces mesures se trouvent en bonnes places la r\u00e9organisation du syst\u00e8me de la d\u00e9fense, le renforcement de l\u2019effectif militaire et surtout la dotation en mat\u00e9riels de gros calibres en nombre suffisant et de derni\u00e8re g\u00e9n\u00e9ration. Ces d\u00e9cisions urgentes qui avaient rassur\u00e9 la population et les forces de d\u00e9fense et de s\u00e9curit\u00e9 suscitent aujourd\u2019hui des interrogations face aux conditions dans lesquelles la derni\u00e8re attaque qui a eu lieu le 24 novembre dernier \u00e0 Tiwoli est survenue.<\/em><\/strong><\/p>\n\n\n\n<p class=\"wp-block-paragraph\">Selon certains m\u00e9dias nationaux, internationaux et des r\u00e9seaux sociaux, le Togo aurait \u00e9t\u00e9 une fois encore frapp\u00e9, cette fois ci en pleine journ\u00e9e dans le septentrion par une attaque jeudi dernier faisant de nombreux morts dans les rangs des forces de d\u00e9fense et de s\u00e9curit\u00e9 au front dans cette partie du pays.<\/p>\n\n\n\n<p class=\"wp-block-paragraph\"><em>\u00abCe 24 Novembre 2022, aux alentours de 14heures 30, des \u00e9l\u00e9ments terroristes en grand nombre appuy\u00e9s par des v\u00e9hicules appui-feu de 12.7 mm et de 14.5 mm ont conduit une attaque contre le poste op\u00e9rationnel avanc\u00e9 de Tiwoli. L\u2019attaque a \u00e9t\u00e9 vigoureusement repouss\u00e9e. 13 de nos braves soldats sont tomb\u00e9s au champ d\u2019honneur. Les renforts sont arriv\u00e9s sur la zone et le ratissage se poursuit\u00bb<\/em>, lit-on sur les r\u00e9seaux.<\/p>\n\n\n\n<p class=\"wp-block-paragraph\">Un bilan qui aurait \u00e9volu\u00e9 jusqu\u2019\u00e0 17 morts toujours du c\u00f4t\u00e9 togolais. Connaissant la rigueur, la d\u00e9termination et la bravoure du soldat togolais, si l\u2019information est v\u00e9rifi\u00e9e, cela voudrait dire que les FDS \u00e9taient au moment de l\u2019attaque non seulement en minorit\u00e9 inf\u00e9rieur par rapport aux terroristes mais aussi moins \u00e9quip\u00e9s. Donc \u00e9touff\u00e9s sur tous les plans, ce qui inqui\u00e8te s\u00e9rieusement la population.<\/p>\n\n\n<div class=\"wp-block-image\">\n<figure class=\"aligncenter size-large is-resized\"><img loading=\"lazy\" decoding=\"async\" src=\"https:\/\/macite.tg\/wp-content\/uploads\/2022\/11\/ANNONCES-1-1-1024x426.jpg\" alt=\"\" class=\"wp-image-2047\" width=\"708\" height=\"294\" srcset=\"https:\/\/macite.tg\/wp-content\/uploads\/2022\/11\/ANNONCES-1-1-1024x426.jpg 1024w, https:\/\/macite.tg\/wp-content\/uploads\/2022\/11\/ANNONCES-1-1-300x125.jpg 300w, https:\/\/macite.tg\/wp-content\/uploads\/2022\/11\/ANNONCES-1-1-768x319.jpg 768w, https:\/\/macite.tg\/wp-content\/uploads\/2022\/11\/ANNONCES-1-1.jpg 1080w\" sizes=\"auto, (max-width: 708px) 100vw, 708px\" \/><\/figure>\n<\/div>\n\n\n<p class=\"wp-block-paragraph\">Et pourtant une mont\u00e9e en puissance des effectifs \u00e9tait pr\u00e9vue : selon la loi de programmation militaire, le Togo consacrera 722 milliards de Francs CFA au renforcement des \u00e9quipements de ses forces arm\u00e9es. Les effectifs passeront de 17 773 hommes fin 2020 \u00e0 22 020 en 2025. L\u2019arm\u00e9e de terre, compos\u00e9e de plusieurs unit\u00e9s sp\u00e9cifiques, se verra doter d\u2019\u00e9quipements suppl\u00e9mentaires avec 15 chars de combat l\u00e9gers, 25 v\u00e9hicules blind\u00e9s de transport des troupes, 127 v\u00e9hicules tactiques l\u00e9gers, 7porte-engins, 4 v\u00e9hicules l\u00e9gers de commandement, 19 v\u00e9hicules l\u00e9gers de reconnaissance et de liaison, 20 embarquements motoris\u00e9s.<\/p>\n\n\n\n<p class=\"wp-block-paragraph\">Certes, la d\u00e9termination du chef de l\u2019\u00c9tat Faure Gnassingb\u00e9 et son gouvernement au c\u00f4t\u00e9 des FDS dans cette lutte sans merci contre les terroristes au Togo en g\u00e9n\u00e9ral et dans les savanes en particulier n\u2019est plus \u00e0 d\u00e9montrer. Cependant il urge une acc\u00e9l\u00e9ration dans la mise en \u0153uvre des diff\u00e9rentes orientations afin d\u2019\u00e9viter les erreurs qui ont en un moment affaibli le syst\u00e8me s\u00e9curitaire au pays des Hommes int\u00e8gres.<\/p>\n\n\n\n<p class=\"wp-block-paragraph\">En effet, une bonne partie du territoire du Burkina Faso est sous le contr\u00f4le des hommes sans loi ni foi. Cette situation est survenue en grande partie \u00e0 cause de la d\u00e9moralisation des forces de d\u00e9fense burkinab\u00e9 suite \u00e0 de nombreuses victimes qu\u2019elles enregistrent souvent lors des attaques terroristes, ceci d\u00fb au manque criard en ressources humaines et mat\u00e9rielles sophistiqu\u00e9es sur le terrain des combats.&nbsp;<\/p>\n\n\n\n<p class=\"wp-block-paragraph\">En ce moment o\u00f9 le nouvel homme fort du Burkina Faso ne l\u00e9sine sur aucun moyen pour mettre en d\u00e9route et hors des fronti\u00e8res de son pays ces terroristes, ces derniers, peuvent en revanche chercher refuge au Togo, il va valoir urgemment doter l\u2019arm\u00e9e des moyens qu\u2019il faut. Notamment renforcer les FDS en ressources humaines surtout exp\u00e9riment\u00e9es et de surcro\u00eet en mat\u00e9riels lourds capables de pulv\u00e9riser toute force ennemie qui tenterait de d\u00e9stabiliser le Togo et surtout pour \u00e9galement booster le moral \u00e0 ces&nbsp; hommes et femmes qui veillent au grain nuit et jour sur l\u2019int\u00e9grit\u00e9 du territoire national.<\/p>\n\n\n\n<p class=\"wp-block-paragraph\"><strong>Daniel A. (IN CHRONIQUE DE LA SEMAINE n\u00b0677 du 1<sup>er<\/sup> D\u00e9cembre 2022)<\/strong><\/p>\n\n\n\n<p class=\"wp-block-paragraph\"><strong><em>@macite.info<\/em><\/strong><\/p>\n\n\n\n<p class=\"wp-block-paragraph\"><strong><em>E-mail&nbsp;: <\/em><\/strong><a href=\"mailto:maciteinfo@gmail.com\"><strong><em>maciteinfo@gmail.com<\/em><\/strong><\/a><strong><em>; <\/em><\/strong><a href=\"mailto:bawela1@gmail.com\"><strong><em>bawela1@gmail.com<\/em><\/strong><\/a><\/p>\n\n\n\n<p class=\"wp-block-paragraph\"><strong><em>Pour vos annonces, (publi)reportages, etc., joignez nous au (00228) 91515309\/<strong>79872224<\/strong><\/em><\/strong><em><\/em><\/p>\n\n\n\n<p class=\"wp-block-paragraph\"><a href=\"http:\/\/www.macite.info\"><strong><em>www.macite.info<\/em><\/strong><\/a><strong><em>, L\u2019information, la bonne&nbsp;!<\/em><\/strong><\/p>\n","protected":false},"excerpt":{"rendered":"<p class=\"text-justify mb-2\" >Apr\u00e8s l\u2019attaque terroriste meurtri\u00e8re survenue dans la nuit du 10 au 11 mai au&nbsp; poste militaire de Kp\u00e9kpakandi au Nord du pays faisant, huit soldats&nbsp; tu\u00e9s et treize autres bless\u00e9s, les autorit\u00e9s togolaises qui aussit\u00f4t ont condamn\u00e9 un assaut \u00ab l\u00e2che et barbare \u00bb, ont [&hellip;]<\/p>\n","protected":false},"author":2,"featured_media":2264,"comment_status":"open","ping_status":"open","sticky":false,"template":"","format":"standard","meta":{"footnotes":""},"categories":[28],"tags":[],"class_list":["post-2261","post","type-post","status-publish","format-standard","has-post-thumbnail","hentry","category-securite"],"yoast_head":"<!-- This site is optimized with the Yoast SEO plugin v28.4 - https:\/\/yoast.com\/product\/yoast-seo-wordpress\/ -->\n<title>RIPOSTE CONTRE LE TERRORISME DANS LE NORD DU PAYS : De la n\u00e9cessit\u00e9 d\u2019\u00e9viter les erreurs commises au Burkina Faso ! -<\/title>\n<meta name=\"robots\" content=\"index, follow, max-snippet:-1, max-image-preview:large, max-video-preview:-1\" \/>\n<link rel=\"canonical\" href=\"https:\/\/macite.tg\/?p=2261\" \/>\n<meta property=\"og:locale\" content=\"fr_FR\" \/>\n<meta property=\"og:type\" content=\"article\" \/>\n<meta property=\"og:title\" content=\"RIPOSTE CONTRE LE TERRORISME DANS LE NORD DU PAYS : De la n\u00e9cessit\u00e9 d\u2019\u00e9viter les erreurs commises au Burkina Faso ! -\" \/>\n<meta property=\"og:description\" content=\"Apr\u00e8s l\u2019attaque terroriste meurtri\u00e8re survenue dans la nuit du 10 au 11 mai au&nbsp; poste militaire de Kp\u00e9kpakandi au Nord du pays faisant, huit soldats&nbsp; tu\u00e9s et treize autres bless\u00e9s, les autorit\u00e9s togolaises qui aussit\u00f4t ont condamn\u00e9 un assaut \u00ab l\u00e2che et barbare \u00bb, ont [&hellip;]\" \/>\n<meta property=\"og:url\" content=\"https:\/\/macite.tg\/?p=2261\" \/>\n<meta property=\"article:published_time\" content=\"2022-12-02T12:03:35+00:00\" \/>\n<meta property=\"article:modified_time\" content=\"2022-12-02T12:04:26+00:00\" \/>\n<meta property=\"og:image\" content=\"https:\/\/macite.tg\/wp-content\/uploads\/2022\/12\/image-3.png\" \/>\n\t<meta property=\"og:image:width\" content=\"310\" \/>\n\t<meta property=\"og:image:height\" content=\"163\" \/>\n\t<meta property=\"og:image:type\" content=\"image\/png\" \/>\n<meta name=\"author\" content=\"Jean Pierre BAWELA\" \/>\n<meta name=\"twitter:card\" content=\"summary_large_image\" \/>\n<meta name=\"twitter:label1\" content=\"\u00c9crit par\" \/>\n\t<meta name=\"twitter:data1\" content=\"Jean Pierre BAWELA\" \/>\n\t<meta name=\"twitter:label2\" content=\"Dur\u00e9e de lecture estim\u00e9e\" \/>\n\t<meta name=\"twitter:data2\" content=\"4 minutes\" \/>\n<script type=\"application\/ld+json\" class=\"yoast-schema-graph\">{\"@context\":\"https:\\\/\\\/schema.org\",\"@graph\":[{\"@type\":\"Article\",\"@id\":\"https:\\\/\\\/macite.tg\\\/?p=2261#article\",\"isPartOf\":{\"@id\":\"https:\\\/\\\/macite.tg\\\/?p=2261\"},\"author\":{\"name\":\"Jean Pierre BAWELA\",\"@id\":\"https:\\\/\\\/macite.tg\\\/#\\\/schema\\\/person\\\/e9f2de7e5dbbe7770a9402c7ce82f5c2\"},\"headline\":\"RIPOSTE CONTRE LE TERRORISME DANS LE NORD DU PAYS : De la n\u00e9cessit\u00e9 d\u2019\u00e9viter les erreurs commises au Burkina Faso !\",\"datePublished\":\"2022-12-02T12:03:35+00:00\",\"dateModified\":\"2022-12-02T12:04:26+00:00\",\"mainEntityOfPage\":{\"@id\":\"https:\\\/\\\/macite.tg\\\/?p=2261\"},\"wordCount\":771,\"commentCount\":0,\"image\":{\"@id\":\"https:\\\/\\\/macite.tg\\\/?p=2261#primaryimage\"},\"thumbnailUrl\":\"https:\\\/\\\/macite.tg\\\/wp-content\\\/uploads\\\/2022\\\/12\\\/image-3.png\",\"articleSection\":[\"SECURITE\"],\"inLanguage\":\"fr-FR\",\"potentialAction\":[{\"@type\":\"CommentAction\",\"name\":\"Comment\",\"target\":[\"https:\\\/\\\/macite.tg\\\/?p=2261#respond\"]}]},{\"@type\":\"WebPage\",\"@id\":\"https:\\\/\\\/macite.tg\\\/?p=2261\",\"url\":\"https:\\\/\\\/macite.tg\\\/?p=2261\",\"name\":\"RIPOSTE CONTRE LE TERRORISME DANS LE NORD DU PAYS : De la n\u00e9cessit\u00e9 d\u2019\u00e9viter les erreurs commises au Burkina Faso ! -\",\"isPartOf\":{\"@id\":\"https:\\\/\\\/macite.tg\\\/#website\"},\"primaryImageOfPage\":{\"@id\":\"https:\\\/\\\/macite.tg\\\/?p=2261#primaryimage\"},\"image\":{\"@id\":\"https:\\\/\\\/macite.tg\\\/?p=2261#primaryimage\"},\"thumbnailUrl\":\"https:\\\/\\\/macite.tg\\\/wp-content\\\/uploads\\\/2022\\\/12\\\/image-3.png\",\"datePublished\":\"2022-12-02T12:03:35+00:00\",\"dateModified\":\"2022-12-02T12:04:26+00:00\",\"author\":{\"@id\":\"https:\\\/\\\/macite.tg\\\/#\\\/schema\\\/person\\\/e9f2de7e5dbbe7770a9402c7ce82f5c2\"},\"breadcrumb\":{\"@id\":\"https:\\\/\\\/macite.tg\\\/?p=2261#breadcrumb\"},\"inLanguage\":\"fr-FR\",\"potentialAction\":[{\"@type\":\"ReadAction\",\"target\":[\"https:\\\/\\\/macite.tg\\\/?p=2261\"]}]},{\"@type\":\"ImageObject\",\"inLanguage\":\"fr-FR\",\"@id\":\"https:\\\/\\\/macite.tg\\\/?p=2261#primaryimage\",\"url\":\"https:\\\/\\\/macite.tg\\\/wp-content\\\/uploads\\\/2022\\\/12\\\/image-3.png\",\"contentUrl\":\"https:\\\/\\\/macite.tg\\\/wp-content\\\/uploads\\\/2022\\\/12\\\/image-3.png\",\"width\":310,\"height\":163},{\"@type\":\"BreadcrumbList\",\"@id\":\"https:\\\/\\\/macite.tg\\\/?p=2261#breadcrumb\",\"itemListElement\":[{\"@type\":\"ListItem\",\"position\":1,\"name\":\"Accueil\",\"item\":\"https:\\\/\\\/macite.tg\\\/\"},{\"@type\":\"ListItem\",\"position\":2,\"name\":\"RIPOSTE CONTRE LE TERRORISME DANS LE NORD DU PAYS : De la n\u00e9cessit\u00e9 d\u2019\u00e9viter les erreurs commises au Burkina Faso !\"}]},{\"@type\":\"WebSite\",\"@id\":\"https:\\\/\\\/macite.tg\\\/#website\",\"url\":\"https:\\\/\\\/macite.tg\\\/\",\"name\":\"\",\"description\":\"L&#039;information, la bonne!!!\",\"potentialAction\":[{\"@type\":\"SearchAction\",\"target\":{\"@type\":\"EntryPoint\",\"urlTemplate\":\"https:\\\/\\\/macite.tg\\\/?s={search_term_string}\"},\"query-input\":{\"@type\":\"PropertyValueSpecification\",\"valueRequired\":true,\"valueName\":\"search_term_string\"}}],\"inLanguage\":\"fr-FR\"},{\"@type\":\"Person\",\"@id\":\"https:\\\/\\\/macite.tg\\\/#\\\/schema\\\/person\\\/e9f2de7e5dbbe7770a9402c7ce82f5c2\",\"name\":\"Jean Pierre BAWELA\",\"image\":{\"@type\":\"ImageObject\",\"inLanguage\":\"fr-FR\",\"@id\":\"https:\\\/\\\/macite.tg\\\/wp-content\\\/uploads\\\/2023\\\/09\\\/WhatsApp-Image-2023-09-19-at-14.44.41-122x122.jpeg\",\"url\":\"https:\\\/\\\/macite.tg\\\/wp-content\\\/uploads\\\/2023\\\/09\\\/WhatsApp-Image-2023-09-19-at-14.44.41-122x122.jpeg\",\"contentUrl\":\"https:\\\/\\\/macite.tg\\\/wp-content\\\/uploads\\\/2023\\\/09\\\/WhatsApp-Image-2023-09-19-at-14.44.41-122x122.jpeg\",\"caption\":\"Jean Pierre BAWELA\"},\"url\":\"https:\\\/\\\/macite.tg\\\/?author=2\"}]}<\/script>\n<!-- \/ Yoast SEO plugin. -->","yoast_head_json":{"title":"RIPOSTE CONTRE LE TERRORISME DANS LE NORD DU PAYS : De la n\u00e9cessit\u00e9 d\u2019\u00e9viter les erreurs commises au Burkina Faso ! -","robots":{"index":"index","follow":"follow","max-snippet":"max-snippet:-1","max-image-preview":"max-image-preview:large","max-video-preview":"max-video-preview:-1"},"canonical":"https:\/\/macite.tg\/?p=2261","og_locale":"fr_FR","og_type":"article","og_title":"RIPOSTE CONTRE LE TERRORISME DANS LE NORD DU PAYS : De la n\u00e9cessit\u00e9 d\u2019\u00e9viter les erreurs commises au Burkina Faso ! -","og_description":"Apr\u00e8s l\u2019attaque terroriste meurtri\u00e8re survenue dans la nuit du 10 au 11 mai au&nbsp; poste militaire de Kp\u00e9kpakandi au Nord du pays faisant, huit soldats&nbsp; tu\u00e9s et treize autres bless\u00e9s, les autorit\u00e9s togolaises qui aussit\u00f4t ont condamn\u00e9 un assaut \u00ab l\u00e2che et barbare \u00bb, ont [&hellip;]","og_url":"https:\/\/macite.tg\/?p=2261","article_published_time":"2022-12-02T12:03:35+00:00","article_modified_time":"2022-12-02T12:04:26+00:00","og_image":[{"width":310,"height":163,"url":"https:\/\/macite.tg\/wp-content\/uploads\/2022\/12\/image-3.png","type":"image\/png"}],"author":"Jean Pierre BAWELA","twitter_card":"summary_large_image","twitter_misc":{"\u00c9crit par":"Jean Pierre BAWELA","Dur\u00e9e de lecture estim\u00e9e":"4 minutes"},"schema":{"@context":"https:\/\/schema.org","@graph":[{"@type":"Article","@id":"https:\/\/macite.tg\/?p=2261#article","isPartOf":{"@id":"https:\/\/macite.tg\/?p=2261"},"author":{"name":"Jean Pierre BAWELA","@id":"https:\/\/macite.tg\/#\/schema\/person\/e9f2de7e5dbbe7770a9402c7ce82f5c2"},"headline":"RIPOSTE CONTRE LE TERRORISME DANS LE NORD DU PAYS : De la n\u00e9cessit\u00e9 d\u2019\u00e9viter les erreurs commises au Burkina Faso !","datePublished":"2022-12-02T12:03:35+00:00","dateModified":"2022-12-02T12:04:26+00:00","mainEntityOfPage":{"@id":"https:\/\/macite.tg\/?p=2261"},"wordCount":771,"commentCount":0,"image":{"@id":"https:\/\/macite.tg\/?p=2261#primaryimage"},"thumbnailUrl":"https:\/\/macite.tg\/wp-content\/uploads\/2022\/12\/image-3.png","articleSection":["SECURITE"],"inLanguage":"fr-FR","potentialAction":[{"@type":"CommentAction","name":"Comment","target":["https:\/\/macite.tg\/?p=2261#respond"]}]},{"@type":"WebPage","@id":"https:\/\/macite.tg\/?p=2261","url":"https:\/\/macite.tg\/?p=2261","name":"RIPOSTE CONTRE LE TERRORISME DANS LE NORD DU PAYS : De la n\u00e9cessit\u00e9 d\u2019\u00e9viter les erreurs commises au Burkina Faso ! -","isPartOf":{"@id":"https:\/\/macite.tg\/#website"},"primaryImageOfPage":{"@id":"https:\/\/macite.tg\/?p=2261#primaryimage"},"image":{"@id":"https:\/\/macite.tg\/?p=2261#primaryimage"},"thumbnailUrl":"https:\/\/macite.tg\/wp-content\/uploads\/2022\/12\/image-3.png","datePublished":"2022-12-02T12:03:35+00:00","dateModified":"2022-12-02T12:04:26+00:00","author":{"@id":"https:\/\/macite.tg\/#\/schema\/person\/e9f2de7e5dbbe7770a9402c7ce82f5c2"},"breadcrumb":{"@id":"https:\/\/macite.tg\/?p=2261#breadcrumb"},"inLanguage":"fr-FR","potentialAction":[{"@type":"ReadAction","target":["https:\/\/macite.tg\/?p=2261"]}]},{"@type":"ImageObject","inLanguage":"fr-FR","@id":"https:\/\/macite.tg\/?p=2261#primaryimage","url":"https:\/\/macite.tg\/wp-content\/uploads\/2022\/12\/image-3.png","contentUrl":"https:\/\/macite.tg\/wp-content\/uploads\/2022\/12\/image-3.png","width":310,"height":163},{"@type":"BreadcrumbList","@id":"https:\/\/macite.tg\/?p=2261#breadcrumb","itemListElement":[{"@type":"ListItem","position":1,"name":"Accueil","item":"https:\/\/macite.tg\/"},{"@type":"ListItem","position":2,"name":"RIPOSTE CONTRE LE TERRORISME DANS LE NORD DU PAYS : De la n\u00e9cessit\u00e9 d\u2019\u00e9viter les erreurs commises au Burkina Faso !"}]},{"@type":"WebSite","@id":"https:\/\/macite.tg\/#website","url":"https:\/\/macite.tg\/","name":"","description":"L&#039;information, la bonne!!!","potentialAction":[{"@type":"SearchAction","target":{"@type":"EntryPoint","urlTemplate":"https:\/\/macite.tg\/?s={search_term_string}"},"query-input":{"@type":"PropertyValueSpecification","valueRequired":true,"valueName":"search_term_string"}}],"inLanguage":"fr-FR"},{"@type":"Person","@id":"https:\/\/macite.tg\/#\/schema\/person\/e9f2de7e5dbbe7770a9402c7ce82f5c2","name":"Jean Pierre BAWELA","image":{"@type":"ImageObject","inLanguage":"fr-FR","@id":"https:\/\/macite.tg\/wp-content\/uploads\/2023\/09\/WhatsApp-Image-2023-09-19-at-14.44.41-122x122.jpeg","url":"https:\/\/macite.tg\/wp-content\/uploads\/2023\/09\/WhatsApp-Image-2023-09-19-at-14.44.41-122x122.jpeg","contentUrl":"https:\/\/macite.tg\/wp-content\/uploads\/2023\/09\/WhatsApp-Image-2023-09-19-at-14.44.41-122x122.jpeg","caption":"Jean Pierre BAWELA"},"url":"https:\/\/macite.tg\/?author=2"}]}},"_links":{"self":[{"href":"https:\/\/macite.tg\/index.php?rest_route=\/wp\/v2\/posts\/2261","targetHints":{"allow":["GET"]}}],"collection":[{"href":"https:\/\/macite.tg\/index.php?rest_route=\/wp\/v2\/posts"}],"about":[{"href":"https:\/\/macite.tg\/index.php?rest_route=\/wp\/v2\/types\/post"}],"author":[{"embeddable":true,"href":"https:\/\/macite.tg\/index.php?rest_route=\/wp\/v2\/users\/2"}],"replies":[{"embeddable":true,"href":"https:\/\/macite.tg\/index.php?rest_route=%2Fwp%2Fv2%2Fcomments&post=2261"}],"version-history":[{"count":0,"href":"https:\/\/macite.tg\/index.php?rest_route=\/wp\/v2\/posts\/2261\/revisions"}],"wp:featuredmedia":[{"embeddable":true,"href":"https:\/\/macite.tg\/index.php?rest_route=\/wp\/v2\/media\/2264"}],"wp:attachment":[{"href":"https:\/\/macite.tg\/index.php?rest_route=%2Fwp%2Fv2%2Fmedia&parent=2261"}],"wp:term":[{"taxonomy":"category","embeddable":true,"href":"https:\/\/macite.tg\/index.php?rest_route=%2Fwp%2Fv2%2Fcategories&post=2261"},{"taxonomy":"post_tag","embeddable":true,"href":"https:\/\/macite.tg\/index.php?rest_route=%2Fwp%2Fv2%2Ftags&post=2261"}],"curies":[{"name":"wp","href":"https:\/\/api.w.org\/{rel}","templated":true}]}}