{"id":2256,"date":"2022-12-02T11:55:12","date_gmt":"2022-12-02T11:55:12","guid":{"rendered":"https:\/\/macite.info\/?p=2256"},"modified":"2022-12-02T11:55:13","modified_gmt":"2022-12-02T11:55:13","slug":"hommage-emouvant-de-gilbert-bawara-a-feu-patrick-lawson-banku-et-si-cela-mettait-fin-aux-propos-immoraux-des-opposants-a-la-mort-des-proches-du-pouvoir","status":"publish","type":"post","link":"https:\/\/macite.tg\/?p=2256","title":{"rendered":"HOMMAGE \u00c9MOUVANT DE GILBERT BAWARA A FEU PATRICK LAWSON-BANKU: Et si cela mettait fin aux\u00a0 propos immoraux des opposants \u00e0 la mort des proches du pouvoir !"},"content":{"rendered":"\n<p class=\"wp-block-paragraph\"><strong><em>Une messe pour le repos de l\u2019\u00e2me du vice-pr\u00e9sident de l\u2019ANC (partie de l\u2019opposition togolaise), feu Patrick Lawson-Banku, arrach\u00e9 \u00e0 notre affection, le 23 octobre dernier \u00e0 l\u2019\u00e2ge de 70 ans, a \u00e9t\u00e9 c\u00e9l\u00e9br\u00e9e \u00e0 la cath\u00e9drale Sacr\u00e9-C\u0153ur de Lom\u00e9, le samedi 26 novembre 2022. Cette messe a r\u00e9uni les membres de la famille biologique et politique ainsi que des amis de tous bords parmi lesquels le ministre Gilbert Bawara. Ceci, malgr\u00e9 les positions politiques diam\u00e9tralement oppos\u00e9es entre les deux hommes.<\/em><\/strong><\/p>\n\n\n\n<p class=\"wp-block-paragraph\"><strong><em>En plus, le d\u00e9funt de son vivant et les autres membres de son parti faisaient croire que tous ceux qui c\u00f4toyaient les membres du gouvernement ou du pouvoir en place sont des traitres et des vendus. D\u2019ailleurs un vibrant hommage du ministre a r\u00e9v\u00e9l\u00e9 \u00e0 la face de tous les Togolais sa proximit\u00e9 avec l\u2019homme, avant de passer en revue les d\u00e9tails des derni\u00e8res discussions qu\u2019ils ont eues ensemble, et les bienveillances dont a pu b\u00e9n\u00e9ficier son tr\u00e8s cher et regrett\u00e9 ami de la part du Chef de l\u2019\u00c9tat.<\/em><\/strong><\/p>\n\n\n\n<p class=\"wp-block-paragraph\"><strong><em>Ce geste humain et moral a suscit\u00e9 un grand \u00e9tonnement et une admiration pour ce cadre du parti au pouvoir. Un \u00e9tonnement qui se justifie par les actes et propos immoraux et inhumains que les militants et proches du parti au pouvoir sont couverts d\u00e8s l\u2019annonce de leur mort, de la part de l\u2019opposition et de ses activistes.<\/em><\/strong><\/p>\n\n\n\n<p class=\"wp-block-paragraph\"><strong><em>\u00ab Qu\u2019il aille au diable&nbsp;!\u00bb, \u00abC\u2019est bien fait pour lui&nbsp;!\u00bb, \u00abQue ses \u0153uvres l\u2019accompagnent jusqu\u2019en enfer&nbsp;!\u00bb, \u00abIls vont partir un \u00e0 un, ils n\u2019ont rien vu encore&nbsp;!\u00bb\u2026. C\u2019est en ces termes que certains membres et activistes r\u00e9agissent \u00e0 la mort des militants et proches du pouvoir en place. La joie exprim\u00e9e sur les m\u00e9dias en place par certains responsables des partis politiques de l\u2019opposition lors du d\u00e9c\u00e8s de l\u2019ancien ministre Pitang Tchala, de l\u2019ancien DG de LONATO et autres cadres de UNIR, sont encore vivaces dans la m\u00e9moire des Togolais. Devant tout ceci, le ministre BAWARA&nbsp; a montr\u00e9 le bon sens qui devrait caract\u00e9riser la r\u00e9action des hommes de bonne \u00e9ducation face \u00e0 la mort d\u2019une cr\u00e9ature de Dieu.<\/em><\/strong><\/p>\n\n\n\n<p class=\"wp-block-paragraph\"><strong><em>Vivement que cette le\u00e7on qui rel\u00e8ve des bonnes m\u0153urs de nos cultures et de la bonne \u00e9ducation puisse mettre fin aux diff\u00e9rents actes m\u00e9prisants de l\u2019opposition \u00e0 la mort des membres et sympathisants du parti au pouvoir.&nbsp;<\/em><\/strong><\/p>\n\n\n\n<p class=\"wp-block-paragraph\"><strong><em>\u00abVibrant hommage du ministre Gilbert Bawara, en m\u00e9moire de Patrick Lawson-Banku. Int\u00e9gralit\u00e9 de son hommage<\/em><\/strong><\/p>\n\n\n\n<p class=\"wp-block-paragraph\">Merci aux Pr\u00eatres con-c\u00e9l\u00e9brants,<\/p>\n\n\n\n<p class=\"wp-block-paragraph\">Merci \u00e0 la famille de Monsieur Patrick Lawson-Banku,<\/p>\n\n\n\n<p class=\"wp-block-paragraph\">Merci \u00e0 Monsieur Jean-Pierre Fabre, Pr\u00e9sident de l\u2019Alliance Nationale pour le Changement, ANC, et merci aux responsables de l\u2019ANC,<\/p>\n\n\n\n<p class=\"wp-block-paragraph\">&nbsp;\u2026de me permettre cette petite incartade, de dire, \u00e0 titre personnel et non en tant comme repr\u00e9sentant du gouvernement ou au nom de celui-ci :<\/p>\n\n\n\n<p class=\"wp-block-paragraph\">Un dernier mot pour toi, mon cher Patrick.<\/p>\n\n\n\n<p class=\"wp-block-paragraph\">Il n\u2019est pas ais\u00e9, dans notre soci\u00e9t\u00e9 togolaise, de se livrer \u00e0 l\u2019exercice auquel j\u2019ai voulu et d\u00e9cid\u00e9 de m\u2019atteler en ces circonstances douloureuses, en portant publiquement t\u00e9moignage de l\u2019amiti\u00e9 et de la proximit\u00e9 qui me liaient \u00e0 Patrick. Nous avons bien trop souvent tendance \u00e0 nous enfermer dans les certitudes de nos v\u00e9rit\u00e9s, voire, parfois, \u00e0 magnifier le mensonge, la duplicit\u00e9 et l\u2019hypocrisie.<\/p>\n\n\n\n<p class=\"wp-block-paragraph\">&nbsp;Au moment o\u00f9 nous sommes en train de dire un dernier adieu \u00e0 Patrick Lawson-Banku, arrach\u00e9 \u00e0 notre affection, je tiens, apr\u00e8s m\u00fbre r\u00e9flexion, \u00e0 rendre hommage et \u00e0 saluer avec amiti\u00e9, avec estime et avec respect, la m\u00e9moire ainsi que le souvenir imp\u00e9rissable d\u2019un homme simple, ouvert et aimable, un r\u00e9publicain, un d\u00e9mocrate convaincu et constant.<\/p>\n\n\n\n<figure class=\"wp-block-image size-large\"><img loading=\"lazy\" decoding=\"async\" width=\"1024\" height=\"426\" src=\"https:\/\/macite.tg\/wp-content\/uploads\/2022\/11\/ANNONCES-1-1-1024x426.jpg\" alt=\"\" class=\"wp-image-2047\" srcset=\"https:\/\/macite.tg\/wp-content\/uploads\/2022\/11\/ANNONCES-1-1-1024x426.jpg 1024w, https:\/\/macite.tg\/wp-content\/uploads\/2022\/11\/ANNONCES-1-1-300x125.jpg 300w, https:\/\/macite.tg\/wp-content\/uploads\/2022\/11\/ANNONCES-1-1-768x319.jpg 768w, https:\/\/macite.tg\/wp-content\/uploads\/2022\/11\/ANNONCES-1-1.jpg 1080w\" sizes=\"auto, (max-width: 1024px) 100vw, 1024px\" \/><\/figure>\n\n\n\n<p class=\"wp-block-paragraph\">&nbsp;Les circonstances ne se pr\u00eatent gu\u00e8re \u00e0 un rappel du moment et du contexte o\u00f9 Patrick et moi f\u00eemes connaissance. Je dirai simplement que le temps, ma\u00eetre de l\u2019histoire, nous a permis de nous c\u00f4toyer, de nous conna\u00eetre, et de nouer une relation d\u2019amiti\u00e9 et de travail d\u00e9passionn\u00e9e et d\u00e9sint\u00e9ress\u00e9e.<\/p>\n\n\n\n<p class=\"wp-block-paragraph\">&nbsp;Nous avions fini par nous appr\u00e9cier mutuellement, tant et si bien que nous nous appelions l\u2019un et l\u2019autre tout simplement P et G, et j\u2019appelais affectueusement son fils Patrick Junior \u00ab mon jeune petit-fr\u00e8re \u00bb.<\/p>\n\n\n\n<p class=\"wp-block-paragraph\">&nbsp;Cette proximit\u00e9 et ce respect mutuel ne signifiaient point une quelconque faiblesse dans la d\u00e9fense de nos opinions, et de nos convictions politiques diff\u00e9rentes &#8211; pour ne pas dire oppos\u00e9es &#8211; mais plut\u00f4t une rencontre de deux esprits \u00e9clair\u00e9s et civilis\u00e9s. Je mesure la chance que j\u2019ai constamment eue, \u00e0 travers Patrick, d\u2019avoir en face de moi un d\u00e9mocrate et un r\u00e9publicain convaincu.<\/p>\n\n\n\n<p class=\"wp-block-paragraph\">Malgr\u00e9 les moments de tension extr\u00eame, malgr\u00e9 les combats et les luttes politiques \u00e2pres et ardus, la courtoisie, le respect de l\u2019adversaire politique, l\u2019esprit de tol\u00e9rance, la temp\u00e9rance et la mod\u00e9ration, ne quittaient presque jamais Patrick.<\/p>\n\n\n\n<p class=\"wp-block-paragraph\">&nbsp;En effet, quels qu\u2019aient \u00e9t\u00e9 la complexit\u00e9 des situations et les enjeux, je savais &#8211; et il le savait aussi &#8211; que nous avions la possibilit\u00e9 \u00e0 tout moment de nous parler, de nous voir, d\u2019\u00e9changer, d\u2019\u00e9tablir le constat de nos divergences et d\u00e9saccords, sans pour autant que cela affecte durablement et irr\u00e9m\u00e9diablement nos liens personnels.<\/p>\n\n\n\n<p class=\"wp-block-paragraph\">&nbsp;Cela peut para\u00eetre banal aux yeux de certains, mais je tiens \u00e0 relever que Patrick n\u2019a que tr\u00e8s rarement affich\u00e9 une attitude de d\u00e9sobligeance, de d\u00e9fiance, ou d\u2019outrance, \u00e0 l\u2019\u00e9gard de celles et ceux qui incarnent les institutions de le R\u00e9publique et l\u2019autorit\u00e9 de l\u2019Etat. Mieux. Tant que nous le pouvions, Patrick et moi \u0153uvrions, au sein de nos familles politiques respectives, au maintien des fils du dialogue, et \u00e0 la promotion de l\u2019esprit de compromis raisonnable et respectable, qui permet de changer le cours des \u00e9v\u00e9nements.<\/p>\n\n\n\n<p class=\"wp-block-paragraph\">Nous sommes en peine. Nos c\u0153urs saignent. Mais je voudrais, au-del\u00e0 de cette douleur et de cette tristesse, saluer, ici et maintenant, la dignit\u00e9 et l\u2019honneur d\u2019un homme simple, qui s\u2019est illustr\u00e9 par son abn\u00e9gation. Il avait accept\u00e9 et endur\u00e9 la privation et les sacrifices qu\u2019ici comme ailleurs, ailleurs comme ici, la vie politique, les combats et la lutte politiques, peuvent r\u00e9server \u00e0 celles et ceux qui s\u2019y d\u00e9vouent sans attendre en retour une quelconque r\u00e9compense, des avantages, ou la moindre gloriole. Engag\u00e9, Patrick l\u2019est rest\u00e9 jusqu\u2019\u00e0 son dernier souffle.<\/p>\n\n\n\n<p class=\"wp-block-paragraph\">Permettez-moi, pour finir, une derni\u00e8re anecdote.<\/p>\n\n\n\n<p class=\"wp-block-paragraph\">&nbsp;Les faits se d\u00e9roulent un jour de 2013. Alors que j\u2019\u00e9tais all\u00e9 rendre visite au Pr\u00e9sident national de l\u2019Union des Forces de Changement, UFC, pour des \u00e9changes sur divers sujets d\u2019actualit\u00e9 d\u2019alors, celui-ci m\u2019interpella au milieu d\u2019une conversation en ces termes, qui me prirent au d\u00e9pourvu : \u00ab Alors Monsieur le Ministre Bawara, on me dit que vous n\u2019aimez pas l\u2019UFC, et m\u00eame que vous nous torpillez au profit de l\u2019ANC, en raison de votre proximit\u00e9 avec Monsieur Patrick Lawson ! \u00bb. Sur ces entre-faits, nous rigol\u00e2mes. Mais j\u2019en avais d\u00e9duit une impression, voire une conviction, qui se lisait d\u2019ailleurs ais\u00e9ment dans le regard et le sourire de mon a\u00een\u00e9. En r\u00e9alit\u00e9, Monsieur Gilchrist Olympio \u00e9tait un peu nostalgique et jaloux d\u2019apprendre qu\u2019une certaine proximit\u00e9 me liait \u00e0 Patrick, pour lequel il semblait avoir gard\u00e9 une estime et une affection certaines.<\/p>\n\n\n\n<p class=\"wp-block-paragraph\">&nbsp;Tel \u00e9tait Patrick, un homme sympathique, aimable et attachant. M\u00eame dans les chamailleries, les bouderies et les f\u00e2cheries, on avait du mal \u00e0 s\u2019en \u00e9loigner.<\/p>\n\n\n\n<p class=\"wp-block-paragraph\">&nbsp;Ces derniers temps, je veux dire depuis le 20 f\u00e9vrier 2020, mon grand-fr\u00e8re et ami Patrick et moi, nous n\u2019avions cess\u00e9 de nous chamailler cordialement sur la tournure des \u00e9v\u00e9nements politiques cons\u00e9cutifs \u00e0 la derni\u00e8re \u00e9lection pr\u00e9sidentielle. Je ne cessais de le chahuter, en \u00e9voquant le mauvais g\u00e9nie et la mauvaise bonne inspiration, en tout cas \u00e0 mon sens, qui avaient conduit son parti, \u00e0 l\u2019issue du scrutin pr\u00e9sidentiel, \u00e0 produire un communiqu\u00e9, et \u00e0 adopter une attitude qui me paraissaient, \u00e0 tort ou \u00e0 raison, \u00eatre motiv\u00e9s par le souci de ne pas s\u2019ali\u00e9ner la frange radicale et intransigeante de l\u2019opinion.<\/p>\n\n\n<div class=\"wp-block-image\">\n<figure class=\"aligncenter size-large is-resized\"><img loading=\"lazy\" decoding=\"async\" src=\"https:\/\/macite.tg\/wp-content\/uploads\/2022\/11\/IMG-20221106-WA0143-747x1024.jpg\" alt=\"\" class=\"wp-image-1568\" width=\"559\" height=\"767\" srcset=\"https:\/\/macite.tg\/wp-content\/uploads\/2022\/11\/IMG-20221106-WA0143-747x1024.jpg 747w, https:\/\/macite.tg\/wp-content\/uploads\/2022\/11\/IMG-20221106-WA0143-219x300.jpg 219w, https:\/\/macite.tg\/wp-content\/uploads\/2022\/11\/IMG-20221106-WA0143-768x1053.jpg 768w, https:\/\/macite.tg\/wp-content\/uploads\/2022\/11\/IMG-20221106-WA0143.jpg 788w\" sizes=\"auto, (max-width: 559px) 100vw, 559px\" \/><\/figure>\n<\/div>\n\n\n<p class=\"wp-block-paragraph\">&nbsp;Les relations cordiales et confiantes entre Patrick et moi, ne doivent rien au hasard. Je savais l\u2019estime que lui vouait le Pr\u00e9sident Faure.<\/p>\n\n\n\n<p class=\"wp-block-paragraph\">&nbsp;L\u2019adversit\u00e9 politique, les combats, les oppositions et les luttes politiques ne doivent jamais nous enlever la part d\u2019humanit\u00e9 et d\u2019humanisme que chacun porte en lui, et qu\u2019il faut laisser se manifester lorsque les circonstances l\u2019exigent. Je ne serais pas honn\u00eate avec moi-m\u00eame, si en rendant hommage \u00e0 mon grand-fr\u00e8re et ami Patrick, je passais sous silence ce que furent les r\u00e9cents instants de notre relation.<\/p>\n\n\n\n<p class=\"wp-block-paragraph\">&nbsp;Peut-\u00eatre que le Pr\u00e9sident Faure m\u2019en voudra ; et sans doute que son humilit\u00e9 et son temp\u00e9rament port\u00e9 \u00e0 la discr\u00e9tion en souffriront. Mais comment ne pas rappeler ici la r\u00e9action spontan\u00e9e, et imm\u00e9diate qui fut la sienne, lorsqu\u2019il fut port\u00e9 \u00e0 son attention l\u2019\u00e9tat de sant\u00e9 tr\u00e8s pr\u00e9occupant de Patrick, et qu\u2019il d\u00e9cida de d\u00e9p\u00eacher au chevet du malade son m\u00e9decin personnel, puis fit prendre des dispositions diligentes pour son \u00e9vacuation, et sa prise en charge convenable hors du pays.<\/p>\n\n\n\n<p class=\"wp-block-paragraph\">Le 13 septembre dernier, lorsque je quitte Kpalim\u00e9 \u00e0 l\u2019issue du s\u00e9minaire gouvernemental pour rentrer \u00e0 Lom\u00e9, c\u2019est avec soulagement et plaisir que j\u2019\u00e9change longuement au t\u00e9l\u00e9phone avec mon grand-fr\u00e8re et ami Patrick, qui m\u2019informe alors de son retour imminent au pays. Nous aurons encore la possibilit\u00e9 d\u2019\u00e9changer quelques messages apr\u00e8s son retour, et de nous promettre de nous retrouver d\u00e8s qu\u2019il se sentirait en meilleure forme.<\/p>\n\n\n\n<p class=\"wp-block-paragraph\">Dieu en a d\u00e9cid\u00e9 autrement. Il a donn\u00e9, il a repris.<\/p>\n\n\n\n<p class=\"wp-block-paragraph\">&nbsp;Cher Patrick, ton d\u00e9part pr\u00e9matur\u00e9 laisse un grand vide dans ta famille, parmi les tiens, et parmi tes compagnons et camarades de lutte. Il laisse un immense vide dans nos c\u0153urs, et prive la vie politique togolaise d\u2019un mod\u00e8le exceptionnel d\u2019interlocuteur s\u00e9rieux, solide et fiable, pour qui la fin ne justifiait nullement tous les moyens.<\/p>\n\n\n\n<p class=\"wp-block-paragraph\">&nbsp;Nous prions avec ferveur et implorons Dieu, le Tout Puissant, dans sa mis\u00e9ricorde infinie, de t\u2019ouvrir grandes ses portes de lumi\u00e8re.<\/p>\n\n\n\n<p class=\"wp-block-paragraph\">&nbsp;Au revoir, mon cher Patrick, au revoir, cher grand-fr\u00e8re et ami.<\/p>\n\n\n\n<p class=\"wp-block-paragraph\">&nbsp;Et que la Terre de nos a\u00efeux te soit l\u00e9g\u00e8re.<\/p>\n\n\n\n<p class=\"has-text-align-center wp-block-paragraph\"><strong>Lom\u00e9, le 26 novembre 2022<\/strong><\/p>\n\n\n\n<p class=\"has-text-align-center wp-block-paragraph\"><strong>Gilbert Badjilembay\u00e9na BAWARA<\/strong><\/p>\n\n\n\n<p class=\"wp-block-paragraph\"><strong>(IN CHRONIQUE DE LA SEMAINE n\u00b0677 du 1<sup>er<\/sup> D\u00e9cembre 2022)<\/strong><\/p>\n\n\n\n<p class=\"wp-block-paragraph\"><strong><em>@macite.info<\/em><\/strong><\/p>\n\n\n\n<p class=\"wp-block-paragraph\"><strong><em>E-mail&nbsp;: <\/em><\/strong><a href=\"mailto:maciteinfo@gmail.com\"><strong><em>maciteinfo@gmail.com<\/em><\/strong><\/a><strong><em>; <\/em><\/strong><a href=\"mailto:bawela1@gmail.com\"><strong><em>bawela1@gmail.com<\/em><\/strong><\/a><\/p>\n\n\n\n<p class=\"wp-block-paragraph\"><strong><em>Pour vos annonces, (publi)reportages, etc., joignez nous au (00228) 91515309\/<strong>79872224<\/strong><\/em><\/strong><em><\/em><\/p>\n\n\n\n<p class=\"wp-block-paragraph\"><a href=\"http:\/\/www.macite.info\"><strong><em>www.macite.info<\/em><\/strong><\/a><strong><em>, L\u2019information, la bonne&nbsp;!<\/em><\/strong><\/p>\n","protected":false},"excerpt":{"rendered":"<p class=\"text-justify mb-2\" >Une messe pour le repos de l\u2019\u00e2me du vice-pr\u00e9sident de l\u2019ANC (partie de l\u2019opposition togolaise), feu Patrick Lawson-Banku, arrach\u00e9 \u00e0 notre affection, le 23 octobre dernier \u00e0 l\u2019\u00e2ge de 70 ans, a \u00e9t\u00e9 c\u00e9l\u00e9br\u00e9e \u00e0 la cath\u00e9drale Sacr\u00e9-C\u0153ur de Lom\u00e9, le samedi 26 novembre 2022. [&hellip;]<\/p>\n","protected":false},"author":2,"featured_media":2258,"comment_status":"open","ping_status":"open","sticky":false,"template":"","format":"standard","meta":{"footnotes":""},"categories":[20],"tags":[],"class_list":["post-2256","post","type-post","status-publish","format-standard","has-post-thumbnail","hentry","category-actualite"],"yoast_head":"<!-- This site is optimized with the Yoast SEO plugin v28.4 - https:\/\/yoast.com\/product\/yoast-seo-wordpress\/ -->\n<title>HOMMAGE \u00c9MOUVANT DE GILBERT BAWARA A FEU PATRICK LAWSON-BANKU: Et si cela mettait fin aux\u00a0 propos immoraux des opposants \u00e0 la mort des proches du pouvoir ! -<\/title>\n<meta name=\"robots\" content=\"index, follow, max-snippet:-1, max-image-preview:large, max-video-preview:-1\" \/>\n<link rel=\"canonical\" href=\"https:\/\/macite.tg\/?p=2256\" \/>\n<meta property=\"og:locale\" content=\"fr_FR\" \/>\n<meta property=\"og:type\" content=\"article\" \/>\n<meta property=\"og:title\" content=\"HOMMAGE \u00c9MOUVANT DE GILBERT BAWARA A FEU PATRICK LAWSON-BANKU: Et si cela mettait fin aux\u00a0 propos immoraux des opposants \u00e0 la mort des proches du pouvoir ! -\" \/>\n<meta property=\"og:description\" content=\"Une messe pour le repos de l\u2019\u00e2me du vice-pr\u00e9sident de l\u2019ANC (partie de l\u2019opposition togolaise), feu Patrick Lawson-Banku, arrach\u00e9 \u00e0 notre affection, le 23 octobre dernier \u00e0 l\u2019\u00e2ge de 70 ans, a \u00e9t\u00e9 c\u00e9l\u00e9br\u00e9e \u00e0 la cath\u00e9drale Sacr\u00e9-C\u0153ur de Lom\u00e9, le samedi 26 novembre 2022. [&hellip;]\" \/>\n<meta property=\"og:url\" content=\"https:\/\/macite.tg\/?p=2256\" \/>\n<meta property=\"article:published_time\" content=\"2022-12-02T11:55:12+00:00\" \/>\n<meta property=\"article:modified_time\" content=\"2022-12-02T11:55:13+00:00\" \/>\n<meta property=\"og:image\" content=\"https:\/\/macite.tg\/wp-content\/uploads\/2022\/12\/Bawara-hommage-Patrick.jpg\" \/>\n\t<meta property=\"og:image:width\" content=\"500\" \/>\n\t<meta property=\"og:image:height\" content=\"153\" \/>\n\t<meta property=\"og:image:type\" content=\"image\/jpeg\" \/>\n<meta name=\"author\" content=\"Jean Pierre BAWELA\" \/>\n<meta name=\"twitter:card\" content=\"summary_large_image\" \/>\n<meta name=\"twitter:label1\" content=\"\u00c9crit par\" \/>\n\t<meta name=\"twitter:data1\" content=\"Jean Pierre BAWELA\" \/>\n\t<meta name=\"twitter:label2\" content=\"Dur\u00e9e de lecture estim\u00e9e\" \/>\n\t<meta name=\"twitter:data2\" content=\"9 minutes\" \/>\n<script type=\"application\/ld+json\" class=\"yoast-schema-graph\">{\"@context\":\"https:\\\/\\\/schema.org\",\"@graph\":[{\"@type\":\"Article\",\"@id\":\"https:\\\/\\\/macite.tg\\\/?p=2256#article\",\"isPartOf\":{\"@id\":\"https:\\\/\\\/macite.tg\\\/?p=2256\"},\"author\":{\"name\":\"Jean Pierre BAWELA\",\"@id\":\"https:\\\/\\\/macite.tg\\\/#\\\/schema\\\/person\\\/e9f2de7e5dbbe7770a9402c7ce82f5c2\"},\"headline\":\"HOMMAGE \u00c9MOUVANT DE GILBERT BAWARA A FEU PATRICK LAWSON-BANKU: Et si cela mettait fin aux\u00a0 propos immoraux des opposants \u00e0 la mort des proches du pouvoir !\",\"datePublished\":\"2022-12-02T11:55:12+00:00\",\"dateModified\":\"2022-12-02T11:55:13+00:00\",\"mainEntityOfPage\":{\"@id\":\"https:\\\/\\\/macite.tg\\\/?p=2256\"},\"wordCount\":1895,\"commentCount\":0,\"image\":{\"@id\":\"https:\\\/\\\/macite.tg\\\/?p=2256#primaryimage\"},\"thumbnailUrl\":\"https:\\\/\\\/macite.tg\\\/wp-content\\\/uploads\\\/2022\\\/12\\\/Bawara-hommage-Patrick.jpg\",\"articleSection\":[\"ACTUALITE\"],\"inLanguage\":\"fr-FR\",\"potentialAction\":[{\"@type\":\"CommentAction\",\"name\":\"Comment\",\"target\":[\"https:\\\/\\\/macite.tg\\\/?p=2256#respond\"]}]},{\"@type\":\"WebPage\",\"@id\":\"https:\\\/\\\/macite.tg\\\/?p=2256\",\"url\":\"https:\\\/\\\/macite.tg\\\/?p=2256\",\"name\":\"HOMMAGE \u00c9MOUVANT DE GILBERT BAWARA A FEU PATRICK LAWSON-BANKU: Et si cela mettait fin aux\u00a0 propos immoraux des opposants \u00e0 la mort des proches du pouvoir ! -\",\"isPartOf\":{\"@id\":\"https:\\\/\\\/macite.tg\\\/#website\"},\"primaryImageOfPage\":{\"@id\":\"https:\\\/\\\/macite.tg\\\/?p=2256#primaryimage\"},\"image\":{\"@id\":\"https:\\\/\\\/macite.tg\\\/?p=2256#primaryimage\"},\"thumbnailUrl\":\"https:\\\/\\\/macite.tg\\\/wp-content\\\/uploads\\\/2022\\\/12\\\/Bawara-hommage-Patrick.jpg\",\"datePublished\":\"2022-12-02T11:55:12+00:00\",\"dateModified\":\"2022-12-02T11:55:13+00:00\",\"author\":{\"@id\":\"https:\\\/\\\/macite.tg\\\/#\\\/schema\\\/person\\\/e9f2de7e5dbbe7770a9402c7ce82f5c2\"},\"breadcrumb\":{\"@id\":\"https:\\\/\\\/macite.tg\\\/?p=2256#breadcrumb\"},\"inLanguage\":\"fr-FR\",\"potentialAction\":[{\"@type\":\"ReadAction\",\"target\":[\"https:\\\/\\\/macite.tg\\\/?p=2256\"]}]},{\"@type\":\"ImageObject\",\"inLanguage\":\"fr-FR\",\"@id\":\"https:\\\/\\\/macite.tg\\\/?p=2256#primaryimage\",\"url\":\"https:\\\/\\\/macite.tg\\\/wp-content\\\/uploads\\\/2022\\\/12\\\/Bawara-hommage-Patrick.jpg\",\"contentUrl\":\"https:\\\/\\\/macite.tg\\\/wp-content\\\/uploads\\\/2022\\\/12\\\/Bawara-hommage-Patrick.jpg\",\"width\":500,\"height\":153},{\"@type\":\"BreadcrumbList\",\"@id\":\"https:\\\/\\\/macite.tg\\\/?p=2256#breadcrumb\",\"itemListElement\":[{\"@type\":\"ListItem\",\"position\":1,\"name\":\"Accueil\",\"item\":\"https:\\\/\\\/macite.tg\\\/\"},{\"@type\":\"ListItem\",\"position\":2,\"name\":\"HOMMAGE \u00c9MOUVANT DE GILBERT BAWARA A FEU PATRICK LAWSON-BANKU: Et si cela mettait fin aux\u00a0 propos immoraux des opposants \u00e0 la mort des proches du pouvoir !\"}]},{\"@type\":\"WebSite\",\"@id\":\"https:\\\/\\\/macite.tg\\\/#website\",\"url\":\"https:\\\/\\\/macite.tg\\\/\",\"name\":\"\",\"description\":\"L&#039;information, la bonne!!!\",\"potentialAction\":[{\"@type\":\"SearchAction\",\"target\":{\"@type\":\"EntryPoint\",\"urlTemplate\":\"https:\\\/\\\/macite.tg\\\/?s={search_term_string}\"},\"query-input\":{\"@type\":\"PropertyValueSpecification\",\"valueRequired\":true,\"valueName\":\"search_term_string\"}}],\"inLanguage\":\"fr-FR\"},{\"@type\":\"Person\",\"@id\":\"https:\\\/\\\/macite.tg\\\/#\\\/schema\\\/person\\\/e9f2de7e5dbbe7770a9402c7ce82f5c2\",\"name\":\"Jean Pierre BAWELA\",\"image\":{\"@type\":\"ImageObject\",\"inLanguage\":\"fr-FR\",\"@id\":\"https:\\\/\\\/macite.tg\\\/wp-content\\\/uploads\\\/2023\\\/09\\\/WhatsApp-Image-2023-09-19-at-14.44.41-122x122.jpeg\",\"url\":\"https:\\\/\\\/macite.tg\\\/wp-content\\\/uploads\\\/2023\\\/09\\\/WhatsApp-Image-2023-09-19-at-14.44.41-122x122.jpeg\",\"contentUrl\":\"https:\\\/\\\/macite.tg\\\/wp-content\\\/uploads\\\/2023\\\/09\\\/WhatsApp-Image-2023-09-19-at-14.44.41-122x122.jpeg\",\"caption\":\"Jean Pierre BAWELA\"},\"url\":\"https:\\\/\\\/macite.tg\\\/?author=2\"}]}<\/script>\n<!-- \/ Yoast SEO plugin. -->","yoast_head_json":{"title":"HOMMAGE \u00c9MOUVANT DE GILBERT BAWARA A FEU PATRICK LAWSON-BANKU: Et si cela mettait fin aux\u00a0 propos immoraux des opposants \u00e0 la mort des proches du pouvoir ! -","robots":{"index":"index","follow":"follow","max-snippet":"max-snippet:-1","max-image-preview":"max-image-preview:large","max-video-preview":"max-video-preview:-1"},"canonical":"https:\/\/macite.tg\/?p=2256","og_locale":"fr_FR","og_type":"article","og_title":"HOMMAGE \u00c9MOUVANT DE GILBERT BAWARA A FEU PATRICK LAWSON-BANKU: Et si cela mettait fin aux\u00a0 propos immoraux des opposants \u00e0 la mort des proches du pouvoir ! -","og_description":"Une messe pour le repos de l\u2019\u00e2me du vice-pr\u00e9sident de l\u2019ANC (partie de l\u2019opposition togolaise), feu Patrick Lawson-Banku, arrach\u00e9 \u00e0 notre affection, le 23 octobre dernier \u00e0 l\u2019\u00e2ge de 70 ans, a \u00e9t\u00e9 c\u00e9l\u00e9br\u00e9e \u00e0 la cath\u00e9drale Sacr\u00e9-C\u0153ur de Lom\u00e9, le samedi 26 novembre 2022. [&hellip;]","og_url":"https:\/\/macite.tg\/?p=2256","article_published_time":"2022-12-02T11:55:12+00:00","article_modified_time":"2022-12-02T11:55:13+00:00","og_image":[{"width":500,"height":153,"url":"https:\/\/macite.tg\/wp-content\/uploads\/2022\/12\/Bawara-hommage-Patrick.jpg","type":"image\/jpeg"}],"author":"Jean Pierre BAWELA","twitter_card":"summary_large_image","twitter_misc":{"\u00c9crit par":"Jean Pierre BAWELA","Dur\u00e9e de lecture estim\u00e9e":"9 minutes"},"schema":{"@context":"https:\/\/schema.org","@graph":[{"@type":"Article","@id":"https:\/\/macite.tg\/?p=2256#article","isPartOf":{"@id":"https:\/\/macite.tg\/?p=2256"},"author":{"name":"Jean Pierre BAWELA","@id":"https:\/\/macite.tg\/#\/schema\/person\/e9f2de7e5dbbe7770a9402c7ce82f5c2"},"headline":"HOMMAGE \u00c9MOUVANT DE GILBERT BAWARA A FEU PATRICK LAWSON-BANKU: Et si cela mettait fin aux\u00a0 propos immoraux des opposants \u00e0 la mort des proches du pouvoir !","datePublished":"2022-12-02T11:55:12+00:00","dateModified":"2022-12-02T11:55:13+00:00","mainEntityOfPage":{"@id":"https:\/\/macite.tg\/?p=2256"},"wordCount":1895,"commentCount":0,"image":{"@id":"https:\/\/macite.tg\/?p=2256#primaryimage"},"thumbnailUrl":"https:\/\/macite.tg\/wp-content\/uploads\/2022\/12\/Bawara-hommage-Patrick.jpg","articleSection":["ACTUALITE"],"inLanguage":"fr-FR","potentialAction":[{"@type":"CommentAction","name":"Comment","target":["https:\/\/macite.tg\/?p=2256#respond"]}]},{"@type":"WebPage","@id":"https:\/\/macite.tg\/?p=2256","url":"https:\/\/macite.tg\/?p=2256","name":"HOMMAGE \u00c9MOUVANT DE GILBERT BAWARA A FEU PATRICK LAWSON-BANKU: Et si cela mettait fin aux\u00a0 propos immoraux des opposants \u00e0 la mort des proches du pouvoir ! -","isPartOf":{"@id":"https:\/\/macite.tg\/#website"},"primaryImageOfPage":{"@id":"https:\/\/macite.tg\/?p=2256#primaryimage"},"image":{"@id":"https:\/\/macite.tg\/?p=2256#primaryimage"},"thumbnailUrl":"https:\/\/macite.tg\/wp-content\/uploads\/2022\/12\/Bawara-hommage-Patrick.jpg","datePublished":"2022-12-02T11:55:12+00:00","dateModified":"2022-12-02T11:55:13+00:00","author":{"@id":"https:\/\/macite.tg\/#\/schema\/person\/e9f2de7e5dbbe7770a9402c7ce82f5c2"},"breadcrumb":{"@id":"https:\/\/macite.tg\/?p=2256#breadcrumb"},"inLanguage":"fr-FR","potentialAction":[{"@type":"ReadAction","target":["https:\/\/macite.tg\/?p=2256"]}]},{"@type":"ImageObject","inLanguage":"fr-FR","@id":"https:\/\/macite.tg\/?p=2256#primaryimage","url":"https:\/\/macite.tg\/wp-content\/uploads\/2022\/12\/Bawara-hommage-Patrick.jpg","contentUrl":"https:\/\/macite.tg\/wp-content\/uploads\/2022\/12\/Bawara-hommage-Patrick.jpg","width":500,"height":153},{"@type":"BreadcrumbList","@id":"https:\/\/macite.tg\/?p=2256#breadcrumb","itemListElement":[{"@type":"ListItem","position":1,"name":"Accueil","item":"https:\/\/macite.tg\/"},{"@type":"ListItem","position":2,"name":"HOMMAGE \u00c9MOUVANT DE GILBERT BAWARA A FEU PATRICK LAWSON-BANKU: Et si cela mettait fin aux\u00a0 propos immoraux des opposants \u00e0 la mort des proches du pouvoir !"}]},{"@type":"WebSite","@id":"https:\/\/macite.tg\/#website","url":"https:\/\/macite.tg\/","name":"","description":"L&#039;information, la bonne!!!","potentialAction":[{"@type":"SearchAction","target":{"@type":"EntryPoint","urlTemplate":"https:\/\/macite.tg\/?s={search_term_string}"},"query-input":{"@type":"PropertyValueSpecification","valueRequired":true,"valueName":"search_term_string"}}],"inLanguage":"fr-FR"},{"@type":"Person","@id":"https:\/\/macite.tg\/#\/schema\/person\/e9f2de7e5dbbe7770a9402c7ce82f5c2","name":"Jean Pierre BAWELA","image":{"@type":"ImageObject","inLanguage":"fr-FR","@id":"https:\/\/macite.tg\/wp-content\/uploads\/2023\/09\/WhatsApp-Image-2023-09-19-at-14.44.41-122x122.jpeg","url":"https:\/\/macite.tg\/wp-content\/uploads\/2023\/09\/WhatsApp-Image-2023-09-19-at-14.44.41-122x122.jpeg","contentUrl":"https:\/\/macite.tg\/wp-content\/uploads\/2023\/09\/WhatsApp-Image-2023-09-19-at-14.44.41-122x122.jpeg","caption":"Jean Pierre BAWELA"},"url":"https:\/\/macite.tg\/?author=2"}]}},"_links":{"self":[{"href":"https:\/\/macite.tg\/index.php?rest_route=\/wp\/v2\/posts\/2256","targetHints":{"allow":["GET"]}}],"collection":[{"href":"https:\/\/macite.tg\/index.php?rest_route=\/wp\/v2\/posts"}],"about":[{"href":"https:\/\/macite.tg\/index.php?rest_route=\/wp\/v2\/types\/post"}],"author":[{"embeddable":true,"href":"https:\/\/macite.tg\/index.php?rest_route=\/wp\/v2\/users\/2"}],"replies":[{"embeddable":true,"href":"https:\/\/macite.tg\/index.php?rest_route=%2Fwp%2Fv2%2Fcomments&post=2256"}],"version-history":[{"count":0,"href":"https:\/\/macite.tg\/index.php?rest_route=\/wp\/v2\/posts\/2256\/revisions"}],"wp:featuredmedia":[{"embeddable":true,"href":"https:\/\/macite.tg\/index.php?rest_route=\/wp\/v2\/media\/2258"}],"wp:attachment":[{"href":"https:\/\/macite.tg\/index.php?rest_route=%2Fwp%2Fv2%2Fmedia&parent=2256"}],"wp:term":[{"taxonomy":"category","embeddable":true,"href":"https:\/\/macite.tg\/index.php?rest_route=%2Fwp%2Fv2%2Fcategories&post=2256"},{"taxonomy":"post_tag","embeddable":true,"href":"https:\/\/macite.tg\/index.php?rest_route=%2Fwp%2Fv2%2Ftags&post=2256"}],"curies":[{"name":"wp","href":"https:\/\/api.w.org\/{rel}","templated":true}]}}