{"id":22509,"date":"2025-06-02T18:20:47","date_gmt":"2025-06-02T18:20:47","guid":{"rendered":"https:\/\/macite.tg\/?p=22509"},"modified":"2025-06-02T18:20:51","modified_gmt":"2025-06-02T18:20:51","slug":"marocanite-du-sahara-le-royaume-uni-soutient-le-plan-dautonomie-et-entend-transcrire-cette-position-dans-les-actes","status":"publish","type":"post","link":"https:\/\/macite.tg\/?p=22509","title":{"rendered":"MAROCANITE DU SAHARA : Le Royaume Uni soutient le Plan d\u2019autonomie et entend transcrire cette position dans les actes"},"content":{"rendered":"\n<p class=\"wp-block-paragraph\"><strong><em>En visite de travail, hier dimanche 1<sup>er<\/sup> juin, au Royaume du Maroc, le Secr\u00e9taire d\u2019Etat britannique aux Affaires \u00e9trang\u00e8res, au Commonwealth et au D\u00e9veloppement, David Lammy, a, \u00e0 l\u2019issue d\u2019une entrevue avec le ministre des Affaires \u00e9trang\u00e8res, de la Coop\u00e9ration africaine et des Marocains r\u00e9sidant \u00e0 l\u2019\u00e9tranger, Nasser Bourita, exprim\u00e9 la position de Londres sur la question de la marocanit\u00e9 du Sahara. En qualit\u00e9 de membre permanent du Conseil de s\u00e9curit\u00e9 des Nations-Unies, le Royaume Uni dit \u00ab&nbsp;partager l&rsquo;avis du Maroc quant \u00e0 la n\u00e9cessit\u00e9 urgente de trouver une solution \u00e0 ce diff\u00e9rend de longue date, qui serait dans l&rsquo;int\u00e9r\u00eat des parties&nbsp;\u00bb \u2026<\/em><\/strong><\/p>\n\n\n\n<p class=\"wp-block-paragraph\">Dans un communiqu\u00e9 conjoint sign\u00e9 des deux officiels, le Royaume Uni dit consid\u00e9rer <em>\u00ab&nbsp;la proposition d\u2019autonomie, pr\u00e9sent\u00e9e [par le Maroc] en 2007, comme la base la plus cr\u00e9dible, viable et pragmatique pour un r\u00e8glement durable du diff\u00e9rend&nbsp;\u00bb<\/em> r\u00e9gional autour du Sahara marocain. En cons\u00e9quence, Londres <em>\u00ab&nbsp;continuera d&rsquo;agir sur le plan bilat\u00e9ral, notamment en mati\u00e8re \u00e9conomique, ainsi que sur les plans r\u00e9gional et international, conform\u00e9ment \u00e0 cette position, afin de soutenir le r\u00e8glement du diff\u00e9rend&nbsp;\u00bb,<\/em> pr\u00e9cise ledit communiqu\u00e9.<\/p>\n\n\n<div class=\"wp-block-image\">\n<figure class=\"aligncenter size-large is-resized\"><img loading=\"lazy\" decoding=\"async\" width=\"1024\" height=\"1024\" src=\"https:\/\/macite.tg\/wp-content\/uploads\/2025\/05\/Geo-ref-1024x1024.png\" alt=\"\" class=\"wp-image-22358\" style=\"width:646px;height:auto\" srcset=\"https:\/\/macite.tg\/wp-content\/uploads\/2025\/05\/Geo-ref-1024x1024.png 1024w, https:\/\/macite.tg\/wp-content\/uploads\/2025\/05\/Geo-ref-300x300.png 300w, https:\/\/macite.tg\/wp-content\/uploads\/2025\/05\/Geo-ref-150x150.png 150w, https:\/\/macite.tg\/wp-content\/uploads\/2025\/05\/Geo-ref-768x768.png 768w, https:\/\/macite.tg\/wp-content\/uploads\/2025\/05\/Geo-ref-122x122.png 122w, https:\/\/macite.tg\/wp-content\/uploads\/2025\/05\/Geo-ref.png 1080w\" sizes=\"auto, (max-width: 1024px) 100vw, 1024px\" \/><\/figure>\n<\/div>\n\n\n<p class=\"wp-block-paragraph\">Tout en indiquant que <em>\u00ab&nbsp;le Royaume Uni suit de pr\u00e8s la dynamique positive actuelle men\u00e9e \u00e0 cet \u00e9gard sous le leadership de Sa Majest\u00e9 le Roi Mohammed VI&nbsp;\u00bb,<\/em> le communiqu\u00e9 ajoute que Londres <em>\u00ab&nbsp;reconna\u00eet l\u2019importance de la question du Sahara&nbsp;\u00bb<\/em> pour le Maroc, pr\u00e9cisant que la r\u00e9solution de ce diff\u00e9rend r\u00e9gional <em>\u00ab&nbsp;renforcerait la stabilit\u00e9 de l\u2019Afrique du Nord et relancerait la dynamique bilat\u00e9rale et l\u2019int\u00e9gration r\u00e9gionale<\/em>&nbsp;\u00bb.<\/p>\n\n\n\n<p class=\"wp-block-paragraph\">Joignant l\u2019acte \u00e0 la parole, le communiqu\u00e9 note que le Royaume Uni a confirm\u00e9 que <em>\u00ab&nbsp;UK Export Finance peut consid\u00e9rer de soutenir des projets au Sahara&nbsp;\u00bb,<\/em> notamment dans le cadre de <em>\u00ab&nbsp;l\u2019engagement de UK Export Finance \u00e0 mobiliser 5 milliards de Livres Sterling pour soutenir de nouveaux projets \u00e9conomiques \u00e0 travers le pays&nbsp;\u00bb.<\/em> Dans cette dynamique, le communiqu\u00e9 pr\u00e9cise que <em>\u00ab&nbsp;le Royaume-Uni reconna\u00eet le Maroc comme une porte d&rsquo;entr\u00e9e essentielle pour le d\u00e9veloppement socio-\u00e9conomique de l&rsquo;Afrique et r\u00e9affirme son engagement \u00e0 approfondir sa collaboration avec le Maroc en tant que partenaire pour la croissance sur tout le continent&nbsp;\u00bb.<\/em><\/p>\n\n\n<div class=\"wp-block-image\">\n<figure class=\"aligncenter size-full is-resized\"><img loading=\"lazy\" decoding=\"async\" width=\"690\" height=\"170\" src=\"https:\/\/macite.tg\/wp-content\/uploads\/2025\/05\/OTR_TVM-2.jpg\" alt=\"\" class=\"wp-image-22300\" style=\"width:840px;height:auto\" srcset=\"https:\/\/macite.tg\/wp-content\/uploads\/2025\/05\/OTR_TVM-2.jpg 690w, https:\/\/macite.tg\/wp-content\/uploads\/2025\/05\/OTR_TVM-2-300x74.jpg 300w\" sizes=\"auto, (max-width: 690px) 100vw, 690px\" \/><\/figure>\n<\/div>\n\n\n<p class=\"wp-block-paragraph\">Le communiqu\u00e9 pr\u00e9cise \u00e9galement que Londres et <em>Rabat \u00ab&nbsp;ont exprim\u00e9 leur conviction commune quant \u00e0 l\u2019urgence de redoubler d&rsquo;efforts pour soutenir l\u2019envoy\u00e9 personnel du secr\u00e9taire g\u00e9n\u00e9ral [de l\u2019ONU] dans la recherche d&rsquo;une solution, soulignant que la seule solution viable et durable serait celle qui serait mutuellement acceptable pour les parties idoines et qui serait obtenue par le biais d&rsquo;un compromis \u00bb<\/em>.<\/p>\n\n\n\n<p class=\"wp-block-paragraph\">Dans ce contexte, le Royaume Uni encourage <em>\u00ab les parties idoines \u00e0 s\u2019engager, de mani\u00e8re urgente et positive dans le processus politique men\u00e9 sous l\u2019\u00e9gide des Nations Unies \u00bb. <\/em>Londres pr\u00e9cise, dans le communiqu\u00e9, \u00eatre <em>\u00ab&nbsp;pr\u00eat, dispos\u00e9 et d\u00e9termin\u00e9 \u00e0 apporter son soutien actif et son engagement \u00e0 l&rsquo;envoy\u00e9 personnel et aux parties&nbsp;\u00bb.<\/em><\/p>\n\n\n\n<p class=\"wp-block-paragraph\"><em>\u00ab Il est grand temps de trouver une solution et de faire avancer ce dossier, ce qui renforcerait la stabilit\u00e9 de l&rsquo;Afrique du Nord et relancerait la dynamique bilat\u00e9rale et l&rsquo;int\u00e9gration r\u00e9gionale \u00bb,<\/em> a conclu le communiqu\u00e9 sign\u00e9 par les ministres britannique, David Lammy, et marocain, Nasser Bourita.<\/p>\n\n\n<div class=\"wp-block-image\">\n<figure class=\"aligncenter size-large is-resized\"><img loading=\"lazy\" decoding=\"async\" width=\"1024\" height=\"1024\" src=\"https:\/\/macite.tg\/wp-content\/uploads\/2025\/05\/d4c3a8a5-b555-493c-b116-93e62f3746c8-1-1024x1024.jpg\" alt=\"\" class=\"wp-image-22330\" style=\"width:478px;height:auto\" srcset=\"https:\/\/macite.tg\/wp-content\/uploads\/2025\/05\/d4c3a8a5-b555-493c-b116-93e62f3746c8-1-1024x1024.jpg 1024w, https:\/\/macite.tg\/wp-content\/uploads\/2025\/05\/d4c3a8a5-b555-493c-b116-93e62f3746c8-1-300x300.jpg 300w, https:\/\/macite.tg\/wp-content\/uploads\/2025\/05\/d4c3a8a5-b555-493c-b116-93e62f3746c8-1-150x150.jpg 150w, https:\/\/macite.tg\/wp-content\/uploads\/2025\/05\/d4c3a8a5-b555-493c-b116-93e62f3746c8-1-768x768.jpg 768w, https:\/\/macite.tg\/wp-content\/uploads\/2025\/05\/d4c3a8a5-b555-493c-b116-93e62f3746c8-1-122x122.jpg 122w, https:\/\/macite.tg\/wp-content\/uploads\/2025\/05\/d4c3a8a5-b555-493c-b116-93e62f3746c8-1.jpg 1080w\" sizes=\"auto, (max-width: 1024px) 100vw, 1024px\" \/><\/figure>\n<\/div>\n\n\n<p class=\"wp-block-paragraph\">Notons que cette nouvelle position du Royaume Uni, membre permanent du Conseil de S\u00e9curit\u00e9 des Nations-Unies, conforte davantage la dynamique internationale croissante impuls\u00e9e par le Souverain marocain, en faveur du Plan d\u2019autonomie sous souverainet\u00e9 marocaine. Elle confirme la cr\u00e9dibilit\u00e9 de cette initiative et le consensus qui la porte pour parvenir \u00e0 une solution d\u00e9finitive au diff\u00e9rend r\u00e9gional autour de la marocanit\u00e9 du Sahara.<\/p>\n\n\n\n<p class=\"wp-block-paragraph\"><strong>MC<\/strong><\/p>\n\n\n\n<p class=\"wp-block-paragraph\"><a><strong><em>@macite.tg&nbsp;&nbsp;&nbsp;&nbsp;<\/em><\/strong><\/a><\/p>\n\n\n\n<p class=\"wp-block-paragraph\"><strong><em>E-mail&nbsp;: <\/em><\/strong><a href=\"mailto:maciteinfo@gmail.com\"><strong><em>maciteinfo@gmail.com<\/em><\/strong><\/a><strong><em>; <\/em><\/strong><a href=\"mailto:bawela1@gmail.com\"><strong><em>bawela1@gmail.com<\/em><\/strong><\/a><strong><em><u> <\/u><\/em><\/strong><strong><u><\/u><\/strong><\/p>\n\n\n\n<p class=\"wp-block-paragraph\"><strong><em>Pour vos annonces, (publi)reportages, etc., joignez-nous au (00228)91515309\/79872224 www.macite.tg, L\u2019information, la bonne&nbsp;!<\/em><\/strong><strong><\/strong><\/p>\n\n\n\n<p class=\"wp-block-paragraph\"><\/p>\n","protected":false},"excerpt":{"rendered":"<p class=\"text-justify mb-2\" >En visite de travail, hier dimanche 1er juin, au Royaume du Maroc, le Secr\u00e9taire d\u2019Etat britannique aux Affaires \u00e9trang\u00e8res, au Commonwealth et au D\u00e9veloppement, David Lammy, a, \u00e0 l\u2019issue d\u2019une entrevue avec le ministre des Affaires \u00e9trang\u00e8res, de la Coop\u00e9ration africaine et des Marocains r\u00e9sidant [&hellip;]<\/p>\n","protected":false},"author":2,"featured_media":22510,"comment_status":"open","ping_status":"open","sticky":false,"template":"","format":"standard","meta":{"footnotes":""},"categories":[20,8],"tags":[],"class_list":["post-22509","post","type-post","status-publish","format-standard","has-post-thumbnail","hentry","category-actualite","category-diplomatie"],"yoast_head":"<!-- This site is optimized with the Yoast SEO plugin v28.4 - https:\/\/yoast.com\/product\/yoast-seo-wordpress\/ -->\n<title>MAROCANITE DU SAHARA : Le Royaume Uni soutient le Plan d\u2019autonomie et entend transcrire cette position dans les actes -<\/title>\n<meta name=\"robots\" content=\"index, follow, max-snippet:-1, max-image-preview:large, max-video-preview:-1\" \/>\n<link rel=\"canonical\" href=\"https:\/\/macite.tg\/?p=22509\" \/>\n<meta property=\"og:locale\" content=\"fr_FR\" \/>\n<meta property=\"og:type\" content=\"article\" \/>\n<meta property=\"og:title\" content=\"MAROCANITE DU SAHARA : Le Royaume Uni soutient le Plan d\u2019autonomie et entend transcrire cette position dans les actes -\" \/>\n<meta property=\"og:description\" content=\"En visite de travail, hier dimanche 1er juin, au Royaume du Maroc, le Secr\u00e9taire d\u2019Etat britannique aux Affaires \u00e9trang\u00e8res, au Commonwealth et au D\u00e9veloppement, David Lammy, a, \u00e0 l\u2019issue d\u2019une entrevue avec le ministre des Affaires \u00e9trang\u00e8res, de la Coop\u00e9ration africaine et des Marocains r\u00e9sidant [&hellip;]\" \/>\n<meta property=\"og:url\" content=\"https:\/\/macite.tg\/?p=22509\" \/>\n<meta property=\"article:published_time\" content=\"2025-06-02T18:20:47+00:00\" \/>\n<meta property=\"article:modified_time\" content=\"2025-06-02T18:20:51+00:00\" \/>\n<meta property=\"og:image\" content=\"https:\/\/macite.tg\/wp-content\/uploads\/2025\/06\/95695645-3486-4f78-9076-a1d148ccc12a.jpg\" \/>\n\t<meta property=\"og:image:width\" content=\"275\" \/>\n\t<meta property=\"og:image:height\" content=\"183\" \/>\n\t<meta property=\"og:image:type\" content=\"image\/jpeg\" \/>\n<meta name=\"author\" content=\"Jean Pierre BAWELA\" \/>\n<meta name=\"twitter:card\" content=\"summary_large_image\" \/>\n<meta name=\"twitter:label1\" content=\"\u00c9crit par\" \/>\n\t<meta name=\"twitter:data1\" content=\"Jean Pierre BAWELA\" \/>\n\t<meta name=\"twitter:label2\" content=\"Dur\u00e9e de lecture estim\u00e9e\" \/>\n\t<meta name=\"twitter:data2\" content=\"4 minutes\" \/>\n<script type=\"application\/ld+json\" class=\"yoast-schema-graph\">{\"@context\":\"https:\\\/\\\/schema.org\",\"@graph\":[{\"@type\":\"Article\",\"@id\":\"https:\\\/\\\/macite.tg\\\/?p=22509#article\",\"isPartOf\":{\"@id\":\"https:\\\/\\\/macite.tg\\\/?p=22509\"},\"author\":{\"name\":\"Jean Pierre BAWELA\",\"@id\":\"https:\\\/\\\/macite.tg\\\/#\\\/schema\\\/person\\\/e9f2de7e5dbbe7770a9402c7ce82f5c2\"},\"headline\":\"MAROCANITE DU SAHARA : Le Royaume Uni soutient le Plan d\u2019autonomie et entend transcrire cette position dans les actes\",\"datePublished\":\"2025-06-02T18:20:47+00:00\",\"dateModified\":\"2025-06-02T18:20:51+00:00\",\"mainEntityOfPage\":{\"@id\":\"https:\\\/\\\/macite.tg\\\/?p=22509\"},\"wordCount\":704,\"commentCount\":0,\"image\":{\"@id\":\"https:\\\/\\\/macite.tg\\\/?p=22509#primaryimage\"},\"thumbnailUrl\":\"https:\\\/\\\/macite.tg\\\/wp-content\\\/uploads\\\/2025\\\/06\\\/95695645-3486-4f78-9076-a1d148ccc12a.jpg\",\"articleSection\":[\"ACTUALITE\",\"DIPLOMATIE\"],\"inLanguage\":\"fr-FR\",\"potentialAction\":[{\"@type\":\"CommentAction\",\"name\":\"Comment\",\"target\":[\"https:\\\/\\\/macite.tg\\\/?p=22509#respond\"]}]},{\"@type\":\"WebPage\",\"@id\":\"https:\\\/\\\/macite.tg\\\/?p=22509\",\"url\":\"https:\\\/\\\/macite.tg\\\/?p=22509\",\"name\":\"MAROCANITE DU SAHARA : Le Royaume Uni soutient le Plan d\u2019autonomie et entend transcrire cette position dans les actes -\",\"isPartOf\":{\"@id\":\"https:\\\/\\\/macite.tg\\\/#website\"},\"primaryImageOfPage\":{\"@id\":\"https:\\\/\\\/macite.tg\\\/?p=22509#primaryimage\"},\"image\":{\"@id\":\"https:\\\/\\\/macite.tg\\\/?p=22509#primaryimage\"},\"thumbnailUrl\":\"https:\\\/\\\/macite.tg\\\/wp-content\\\/uploads\\\/2025\\\/06\\\/95695645-3486-4f78-9076-a1d148ccc12a.jpg\",\"datePublished\":\"2025-06-02T18:20:47+00:00\",\"dateModified\":\"2025-06-02T18:20:51+00:00\",\"author\":{\"@id\":\"https:\\\/\\\/macite.tg\\\/#\\\/schema\\\/person\\\/e9f2de7e5dbbe7770a9402c7ce82f5c2\"},\"breadcrumb\":{\"@id\":\"https:\\\/\\\/macite.tg\\\/?p=22509#breadcrumb\"},\"inLanguage\":\"fr-FR\",\"potentialAction\":[{\"@type\":\"ReadAction\",\"target\":[\"https:\\\/\\\/macite.tg\\\/?p=22509\"]}]},{\"@type\":\"ImageObject\",\"inLanguage\":\"fr-FR\",\"@id\":\"https:\\\/\\\/macite.tg\\\/?p=22509#primaryimage\",\"url\":\"https:\\\/\\\/macite.tg\\\/wp-content\\\/uploads\\\/2025\\\/06\\\/95695645-3486-4f78-9076-a1d148ccc12a.jpg\",\"contentUrl\":\"https:\\\/\\\/macite.tg\\\/wp-content\\\/uploads\\\/2025\\\/06\\\/95695645-3486-4f78-9076-a1d148ccc12a.jpg\",\"width\":275,\"height\":183,\"caption\":\"Les ministre britannique et marocain\"},{\"@type\":\"BreadcrumbList\",\"@id\":\"https:\\\/\\\/macite.tg\\\/?p=22509#breadcrumb\",\"itemListElement\":[{\"@type\":\"ListItem\",\"position\":1,\"name\":\"Accueil\",\"item\":\"https:\\\/\\\/macite.tg\\\/\"},{\"@type\":\"ListItem\",\"position\":2,\"name\":\"MAROCANITE DU SAHARA : Le Royaume Uni soutient le Plan d\u2019autonomie et entend transcrire cette position dans les actes\"}]},{\"@type\":\"WebSite\",\"@id\":\"https:\\\/\\\/macite.tg\\\/#website\",\"url\":\"https:\\\/\\\/macite.tg\\\/\",\"name\":\"\",\"description\":\"L&#039;information, la bonne!!!\",\"potentialAction\":[{\"@type\":\"SearchAction\",\"target\":{\"@type\":\"EntryPoint\",\"urlTemplate\":\"https:\\\/\\\/macite.tg\\\/?s={search_term_string}\"},\"query-input\":{\"@type\":\"PropertyValueSpecification\",\"valueRequired\":true,\"valueName\":\"search_term_string\"}}],\"inLanguage\":\"fr-FR\"},{\"@type\":\"Person\",\"@id\":\"https:\\\/\\\/macite.tg\\\/#\\\/schema\\\/person\\\/e9f2de7e5dbbe7770a9402c7ce82f5c2\",\"name\":\"Jean Pierre BAWELA\",\"image\":{\"@type\":\"ImageObject\",\"inLanguage\":\"fr-FR\",\"@id\":\"https:\\\/\\\/macite.tg\\\/wp-content\\\/uploads\\\/2023\\\/09\\\/WhatsApp-Image-2023-09-19-at-14.44.41-122x122.jpeg\",\"url\":\"https:\\\/\\\/macite.tg\\\/wp-content\\\/uploads\\\/2023\\\/09\\\/WhatsApp-Image-2023-09-19-at-14.44.41-122x122.jpeg\",\"contentUrl\":\"https:\\\/\\\/macite.tg\\\/wp-content\\\/uploads\\\/2023\\\/09\\\/WhatsApp-Image-2023-09-19-at-14.44.41-122x122.jpeg\",\"caption\":\"Jean Pierre BAWELA\"},\"url\":\"https:\\\/\\\/macite.tg\\\/?author=2\"}]}<\/script>\n<!-- \/ Yoast SEO plugin. -->","yoast_head_json":{"title":"MAROCANITE DU SAHARA : Le Royaume Uni soutient le Plan d\u2019autonomie et entend transcrire cette position dans les actes -","robots":{"index":"index","follow":"follow","max-snippet":"max-snippet:-1","max-image-preview":"max-image-preview:large","max-video-preview":"max-video-preview:-1"},"canonical":"https:\/\/macite.tg\/?p=22509","og_locale":"fr_FR","og_type":"article","og_title":"MAROCANITE DU SAHARA : Le Royaume Uni soutient le Plan d\u2019autonomie et entend transcrire cette position dans les actes -","og_description":"En visite de travail, hier dimanche 1er juin, au Royaume du Maroc, le Secr\u00e9taire d\u2019Etat britannique aux Affaires \u00e9trang\u00e8res, au Commonwealth et au D\u00e9veloppement, David Lammy, a, \u00e0 l\u2019issue d\u2019une entrevue avec le ministre des Affaires \u00e9trang\u00e8res, de la Coop\u00e9ration africaine et des Marocains r\u00e9sidant [&hellip;]","og_url":"https:\/\/macite.tg\/?p=22509","article_published_time":"2025-06-02T18:20:47+00:00","article_modified_time":"2025-06-02T18:20:51+00:00","og_image":[{"width":275,"height":183,"url":"https:\/\/macite.tg\/wp-content\/uploads\/2025\/06\/95695645-3486-4f78-9076-a1d148ccc12a.jpg","type":"image\/jpeg"}],"author":"Jean Pierre BAWELA","twitter_card":"summary_large_image","twitter_misc":{"\u00c9crit par":"Jean Pierre BAWELA","Dur\u00e9e de lecture estim\u00e9e":"4 minutes"},"schema":{"@context":"https:\/\/schema.org","@graph":[{"@type":"Article","@id":"https:\/\/macite.tg\/?p=22509#article","isPartOf":{"@id":"https:\/\/macite.tg\/?p=22509"},"author":{"name":"Jean Pierre BAWELA","@id":"https:\/\/macite.tg\/#\/schema\/person\/e9f2de7e5dbbe7770a9402c7ce82f5c2"},"headline":"MAROCANITE DU SAHARA : Le Royaume Uni soutient le Plan d\u2019autonomie et entend transcrire cette position dans les actes","datePublished":"2025-06-02T18:20:47+00:00","dateModified":"2025-06-02T18:20:51+00:00","mainEntityOfPage":{"@id":"https:\/\/macite.tg\/?p=22509"},"wordCount":704,"commentCount":0,"image":{"@id":"https:\/\/macite.tg\/?p=22509#primaryimage"},"thumbnailUrl":"https:\/\/macite.tg\/wp-content\/uploads\/2025\/06\/95695645-3486-4f78-9076-a1d148ccc12a.jpg","articleSection":["ACTUALITE","DIPLOMATIE"],"inLanguage":"fr-FR","potentialAction":[{"@type":"CommentAction","name":"Comment","target":["https:\/\/macite.tg\/?p=22509#respond"]}]},{"@type":"WebPage","@id":"https:\/\/macite.tg\/?p=22509","url":"https:\/\/macite.tg\/?p=22509","name":"MAROCANITE DU SAHARA : Le Royaume Uni soutient le Plan d\u2019autonomie et entend transcrire cette position dans les actes -","isPartOf":{"@id":"https:\/\/macite.tg\/#website"},"primaryImageOfPage":{"@id":"https:\/\/macite.tg\/?p=22509#primaryimage"},"image":{"@id":"https:\/\/macite.tg\/?p=22509#primaryimage"},"thumbnailUrl":"https:\/\/macite.tg\/wp-content\/uploads\/2025\/06\/95695645-3486-4f78-9076-a1d148ccc12a.jpg","datePublished":"2025-06-02T18:20:47+00:00","dateModified":"2025-06-02T18:20:51+00:00","author":{"@id":"https:\/\/macite.tg\/#\/schema\/person\/e9f2de7e5dbbe7770a9402c7ce82f5c2"},"breadcrumb":{"@id":"https:\/\/macite.tg\/?p=22509#breadcrumb"},"inLanguage":"fr-FR","potentialAction":[{"@type":"ReadAction","target":["https:\/\/macite.tg\/?p=22509"]}]},{"@type":"ImageObject","inLanguage":"fr-FR","@id":"https:\/\/macite.tg\/?p=22509#primaryimage","url":"https:\/\/macite.tg\/wp-content\/uploads\/2025\/06\/95695645-3486-4f78-9076-a1d148ccc12a.jpg","contentUrl":"https:\/\/macite.tg\/wp-content\/uploads\/2025\/06\/95695645-3486-4f78-9076-a1d148ccc12a.jpg","width":275,"height":183,"caption":"Les ministre britannique et marocain"},{"@type":"BreadcrumbList","@id":"https:\/\/macite.tg\/?p=22509#breadcrumb","itemListElement":[{"@type":"ListItem","position":1,"name":"Accueil","item":"https:\/\/macite.tg\/"},{"@type":"ListItem","position":2,"name":"MAROCANITE DU SAHARA : Le Royaume Uni soutient le Plan d\u2019autonomie et entend transcrire cette position dans les actes"}]},{"@type":"WebSite","@id":"https:\/\/macite.tg\/#website","url":"https:\/\/macite.tg\/","name":"","description":"L&#039;information, la bonne!!!","potentialAction":[{"@type":"SearchAction","target":{"@type":"EntryPoint","urlTemplate":"https:\/\/macite.tg\/?s={search_term_string}"},"query-input":{"@type":"PropertyValueSpecification","valueRequired":true,"valueName":"search_term_string"}}],"inLanguage":"fr-FR"},{"@type":"Person","@id":"https:\/\/macite.tg\/#\/schema\/person\/e9f2de7e5dbbe7770a9402c7ce82f5c2","name":"Jean Pierre BAWELA","image":{"@type":"ImageObject","inLanguage":"fr-FR","@id":"https:\/\/macite.tg\/wp-content\/uploads\/2023\/09\/WhatsApp-Image-2023-09-19-at-14.44.41-122x122.jpeg","url":"https:\/\/macite.tg\/wp-content\/uploads\/2023\/09\/WhatsApp-Image-2023-09-19-at-14.44.41-122x122.jpeg","contentUrl":"https:\/\/macite.tg\/wp-content\/uploads\/2023\/09\/WhatsApp-Image-2023-09-19-at-14.44.41-122x122.jpeg","caption":"Jean Pierre BAWELA"},"url":"https:\/\/macite.tg\/?author=2"}]}},"_links":{"self":[{"href":"https:\/\/macite.tg\/index.php?rest_route=\/wp\/v2\/posts\/22509","targetHints":{"allow":["GET"]}}],"collection":[{"href":"https:\/\/macite.tg\/index.php?rest_route=\/wp\/v2\/posts"}],"about":[{"href":"https:\/\/macite.tg\/index.php?rest_route=\/wp\/v2\/types\/post"}],"author":[{"embeddable":true,"href":"https:\/\/macite.tg\/index.php?rest_route=\/wp\/v2\/users\/2"}],"replies":[{"embeddable":true,"href":"https:\/\/macite.tg\/index.php?rest_route=%2Fwp%2Fv2%2Fcomments&post=22509"}],"version-history":[{"count":0,"href":"https:\/\/macite.tg\/index.php?rest_route=\/wp\/v2\/posts\/22509\/revisions"}],"wp:featuredmedia":[{"embeddable":true,"href":"https:\/\/macite.tg\/index.php?rest_route=\/wp\/v2\/media\/22510"}],"wp:attachment":[{"href":"https:\/\/macite.tg\/index.php?rest_route=%2Fwp%2Fv2%2Fmedia&parent=22509"}],"wp:term":[{"taxonomy":"category","embeddable":true,"href":"https:\/\/macite.tg\/index.php?rest_route=%2Fwp%2Fv2%2Fcategories&post=22509"},{"taxonomy":"post_tag","embeddable":true,"href":"https:\/\/macite.tg\/index.php?rest_route=%2Fwp%2Fv2%2Ftags&post=22509"}],"curies":[{"name":"wp","href":"https:\/\/api.w.org\/{rel}","templated":true}]}}