{"id":22506,"date":"2025-06-02T17:05:05","date_gmt":"2025-06-02T17:05:05","guid":{"rendered":"https:\/\/macite.tg\/?p=22506"},"modified":"2025-06-02T17:05:30","modified_gmt":"2025-06-02T17:05:30","slug":"decentralisation-quand-lenracinement-du-processus-beneficie-aux-populations","status":"publish","type":"post","link":"https:\/\/macite.tg\/?p=22506","title":{"rendered":"DECENTRALISATION\u00a0: Quand l\u2019enracinement du processus b\u00e9n\u00e9ficie aux populations"},"content":{"rendered":"\n<p class=\"wp-block-paragraph\"><strong><em>Enclench\u00e9e au cours de cette derni\u00e8re d\u00e9cennie, la politique de d\u00e9centralisation s&rsquo;affirme progressivement comme un outil fiable de d\u00e9veloppement local et de rapprochement des services publics des citoyens. Le Togo, en dotant ses collectivit\u00e9s locales de moyens et de comp\u00e9tences, offre aux populations l&rsquo;espoir d&rsquo;une gouvernance de proximit\u00e9 plus efficace et plus \u00e9quitable.<\/em><\/strong> <\/p>\n\n\n\n<p class=\"wp-block-paragraph\">Le processus de d\u00e9centralisation au Togo n&rsquo;est plus une promesse, c&rsquo;est une r\u00e9alit\u00e9 tangible qui transforme peu \u00e0 peu le quotidien des communaut\u00e9s. Depuis l&rsquo;organisation des \u00e9lections municipales en 2019, une \u00e9tape d\u00e9cisive a \u00e9t\u00e9 franchie, marquant le retour de la gestion locale par des conseils municipaux l\u00e9gitimement \u00e9lus.<\/p>\n\n\n\n<p class=\"wp-block-paragraph\">Cette r\u00e9forme institutionnelle, longtemps attendue, consacre la volont\u00e9 de l&rsquo;\u00c9tat de rapprocher l&rsquo;administration des citoyens et de confier aux collectivit\u00e9s territoriales la responsabilit\u00e9 de r\u00e9pondre aux besoins imm\u00e9diats des populations. Les communes disposent d\u00e9sormais de pr\u00e9rogatives \u00e9largies dans des domaines essentiels tels que l&rsquo;am\u00e9nagement urbain, la gestion des infrastructures sociocommunautaires, la promotion du d\u00e9veloppement \u00e9conomique local.<\/p>\n\n\n<div class=\"wp-block-image\">\n<figure class=\"aligncenter size-full\"><img loading=\"lazy\" decoding=\"async\" width=\"851\" height=\"315\" src=\"https:\/\/macite.tg\/wp-content\/uploads\/2025\/05\/OTR_Ferer-pour-batir-1-2.jpg\" alt=\"\" class=\"wp-image-22346\" srcset=\"https:\/\/macite.tg\/wp-content\/uploads\/2025\/05\/OTR_Ferer-pour-batir-1-2.jpg 851w, https:\/\/macite.tg\/wp-content\/uploads\/2025\/05\/OTR_Ferer-pour-batir-1-2-300x111.jpg 300w, https:\/\/macite.tg\/wp-content\/uploads\/2025\/05\/OTR_Ferer-pour-batir-1-2-768x284.jpg 768w\" sizes=\"auto, (max-width: 851px) 100vw, 851px\" \/><\/figure>\n<\/div>\n\n\n<p class=\"wp-block-paragraph\"><strong>Un nouveau plan d&rsquo;envergure<\/strong><\/p>\n\n\n\n<p class=\"wp-block-paragraph\">Le pays a valid\u00e9 le 15 avril 2025 un nouveau plan d&rsquo;action pour sa politique nationale de d\u00e9centralisation. Il couvre la p\u00e9riode 2025-2034. L&rsquo;objectif est de donner plus de force et d&rsquo;importance \u00e0 la gouvernance locale, dans un contexte o\u00f9 il est attendu des collectivit\u00e9s territoriales qu&rsquo;elles jouent davantage et proprement leur r\u00f4le moteur dans le d\u00e9veloppement.<\/p>\n\n\n\n<p class=\"wp-block-paragraph\">Le plan est port\u00e9 par le minist\u00e8re de l&rsquo;Administration territoriale, de la D\u00e9centralisation et de la Chefferie coutumi\u00e8re, avec l&rsquo;appui de la GIZ via le programme Prodeg 4. Bas\u00e9 sur 3 axes strat\u00e9giques, le programme devrait mobiliser plus de 51 milliards de francs CFA sur cinq (05) ans.<\/p>\n\n\n\n<p class=\"wp-block-paragraph\">Tout converge ainsi vers une gouvernance de proximit\u00e9, inclusive et efficace, \u00e0 travers des projets budg\u00e9tis\u00e9s \u00e0 fort impact local, indique le minist\u00e8re de tutelle, qui ne manque pas de pr\u00e9ciser qu&rsquo;il est question de faire de la conduite de la d\u00e9centralisation, un processus inclusif et structurant, s&rsquo;inscrivant dans la vision du progr\u00e8s \u00e9quitable entre r\u00e9gions.<\/p>\n\n\n<div class=\"wp-block-image\">\n<figure class=\"aligncenter size-full is-resized\"><img loading=\"lazy\" decoding=\"async\" width=\"690\" height=\"170\" src=\"https:\/\/macite.tg\/wp-content\/uploads\/2025\/05\/OTR_TVM-2.jpg\" alt=\"\" class=\"wp-image-22300\" style=\"width:840px;height:auto\" srcset=\"https:\/\/macite.tg\/wp-content\/uploads\/2025\/05\/OTR_TVM-2.jpg 690w, https:\/\/macite.tg\/wp-content\/uploads\/2025\/05\/OTR_TVM-2-300x74.jpg 300w\" sizes=\"auto, (max-width: 690px) 100vw, 690px\" \/><\/figure>\n<\/div>\n\n\n<p class=\"wp-block-paragraph\"><strong>Des retomb\u00e9es positives<\/strong><\/p>\n\n\n\n<p class=\"wp-block-paragraph\">Les effets de la politique togolaise de d\u00e9centralisation se font d\u00e9j\u00e0 sentir dans plusieurs localit\u00e9s. De nombreuses communes ont engag\u00e9 des initiatives en mati\u00e8re d&rsquo;assainissement, d&rsquo;entretien de voiries, de gestion des march\u00e9s et d&rsquo;organisation de services de proximit\u00e9.<\/p>\n\n\n\n<p class=\"wp-block-paragraph\">Ces actions, bien que perfectibles, r\u00e9pondent aux attentes des habitants qui per\u00e7oivent d\u00e9sormais les \u00e9lus locaux comme des interlocuteurs accessibles et attentifs \u00e0 leurs pr\u00e9occupations. Pour accompagner ce processus, l&rsquo;\u00c9tat a mis en place un Fonds d&rsquo;appui aux collectivit\u00e9s territoriales (Fact), destin\u00e9 \u00e0 soutenir les projets de d\u00e9veloppement local.<\/p>\n\n\n\n<p class=\"wp-block-paragraph\">Cette mesure contribue \u00e0 doter les communes de ressources financi\u00e8res leur permettant de r\u00e9aliser des infrastructures sociales et \u00e9conomiques \u00e0 fort impact pour les communaut\u00e9s. La d\u00e9centralisation ouvre \u00e9galement des perspectives en mati\u00e8re de participation citoyenne.<\/p>\n\n\n<div class=\"wp-block-image\">\n<figure class=\"aligncenter size-large is-resized\"><img loading=\"lazy\" decoding=\"async\" width=\"1024\" height=\"1024\" src=\"https:\/\/macite.tg\/wp-content\/uploads\/2025\/05\/Geo-ref-1024x1024.png\" alt=\"\" class=\"wp-image-22358\" style=\"width:544px;height:auto\" srcset=\"https:\/\/macite.tg\/wp-content\/uploads\/2025\/05\/Geo-ref-1024x1024.png 1024w, https:\/\/macite.tg\/wp-content\/uploads\/2025\/05\/Geo-ref-300x300.png 300w, https:\/\/macite.tg\/wp-content\/uploads\/2025\/05\/Geo-ref-150x150.png 150w, https:\/\/macite.tg\/wp-content\/uploads\/2025\/05\/Geo-ref-768x768.png 768w, https:\/\/macite.tg\/wp-content\/uploads\/2025\/05\/Geo-ref-122x122.png 122w, https:\/\/macite.tg\/wp-content\/uploads\/2025\/05\/Geo-ref.png 1080w\" sizes=\"auto, (max-width: 1024px) 100vw, 1024px\" \/><\/figure>\n<\/div>\n\n\n<p class=\"wp-block-paragraph\">Les populations sont invit\u00e9es \u00e0 prendre part \u00e0 la d\u00e9finition des priorit\u00e9s de d\u00e9veloppement et au suivi des actions communales, favorisant ainsi une gouvernance locale plus transparente et plus participative. En enracinant la d\u00e9centralisation, le Togo engage un tournant important de son histoire administrative et politique.<\/p>\n\n\n\n<p class=\"wp-block-paragraph\"><strong>Omar<\/strong><\/p>\n\n\n\n<p class=\"wp-block-paragraph\"><a><strong><em>@macite.tg&nbsp;&nbsp;&nbsp;&nbsp;&nbsp;&nbsp;&nbsp;&nbsp;<\/em><\/strong><\/a><\/p>\n\n\n\n<p class=\"wp-block-paragraph\"><strong><em>E-mail&nbsp;: <\/em><\/strong><a href=\"mailto:maciteinfo@gmail.com\"><strong><em>maciteinfo@gmail.com<\/em><\/strong><\/a><strong><em>; <\/em><\/strong><a href=\"mailto:bawela1@gmail.com\"><strong><em>bawela1@gmail.com<\/em><\/strong><\/a><strong><em><\/em><\/strong><\/p>\n\n\n\n<p class=\"wp-block-paragraph\"><strong><em>Pour vos annonces, (publi)reportages, etc., joignez-nous au (00228)91515309\/<\/em><\/strong><strong>79872224 <\/strong><strong><em>www.macite.tg, L\u2019information, la bonne&nbsp;!<\/em><\/strong><\/p>\n\n\n\n<p class=\"wp-block-paragraph\"><\/p>\n","protected":false},"excerpt":{"rendered":"<p class=\"text-justify mb-2\" >Enclench\u00e9e au cours de cette derni\u00e8re d\u00e9cennie, la politique de d\u00e9centralisation s&rsquo;affirme progressivement comme un outil fiable de d\u00e9veloppement local et de rapprochement des services publics des citoyens. Le Togo, en dotant ses collectivit\u00e9s locales de moyens et de comp\u00e9tences, offre aux populations l&rsquo;espoir d&rsquo;une [&hellip;]<\/p>\n","protected":false},"author":2,"featured_media":22507,"comment_status":"open","ping_status":"open","sticky":false,"template":"","format":"standard","meta":{"footnotes":""},"categories":[20,1],"tags":[],"class_list":["post-22506","post","type-post","status-publish","format-standard","has-post-thumbnail","hentry","category-actualite","category-politique"],"yoast_head":"<!-- This site is optimized with the Yoast SEO plugin v28.4 - https:\/\/yoast.com\/product\/yoast-seo-wordpress\/ -->\n<title>DECENTRALISATION\u00a0: Quand l\u2019enracinement du processus b\u00e9n\u00e9ficie aux populations -<\/title>\n<meta name=\"robots\" content=\"index, follow, max-snippet:-1, max-image-preview:large, max-video-preview:-1\" \/>\n<link rel=\"canonical\" href=\"https:\/\/macite.tg\/?p=22506\" \/>\n<meta property=\"og:locale\" content=\"fr_FR\" \/>\n<meta property=\"og:type\" content=\"article\" \/>\n<meta property=\"og:title\" content=\"DECENTRALISATION\u00a0: Quand l\u2019enracinement du processus b\u00e9n\u00e9ficie aux populations -\" \/>\n<meta property=\"og:description\" content=\"Enclench\u00e9e au cours de cette derni\u00e8re d\u00e9cennie, la politique de d\u00e9centralisation s&rsquo;affirme progressivement comme un outil fiable de d\u00e9veloppement local et de rapprochement des services publics des citoyens. Le Togo, en dotant ses collectivit\u00e9s locales de moyens et de comp\u00e9tences, offre aux populations l&rsquo;espoir d&rsquo;une [&hellip;]\" \/>\n<meta property=\"og:url\" content=\"https:\/\/macite.tg\/?p=22506\" \/>\n<meta property=\"article:published_time\" content=\"2025-06-02T17:05:05+00:00\" \/>\n<meta property=\"article:modified_time\" content=\"2025-06-02T17:05:30+00:00\" \/>\n<meta property=\"og:image\" content=\"https:\/\/macite.tg\/wp-content\/uploads\/2025\/06\/image-3.png\" \/>\n\t<meta property=\"og:image:width\" content=\"391\" \/>\n\t<meta property=\"og:image:height\" content=\"277\" \/>\n\t<meta property=\"og:image:type\" content=\"image\/png\" \/>\n<meta name=\"author\" content=\"Jean Pierre BAWELA\" \/>\n<meta name=\"twitter:card\" content=\"summary_large_image\" \/>\n<meta name=\"twitter:label1\" content=\"\u00c9crit par\" \/>\n\t<meta name=\"twitter:data1\" content=\"Jean Pierre BAWELA\" \/>\n\t<meta name=\"twitter:label2\" content=\"Dur\u00e9e de lecture estim\u00e9e\" \/>\n\t<meta name=\"twitter:data2\" content=\"4 minutes\" \/>\n<script type=\"application\/ld+json\" class=\"yoast-schema-graph\">{\"@context\":\"https:\\\/\\\/schema.org\",\"@graph\":[{\"@type\":\"Article\",\"@id\":\"https:\\\/\\\/macite.tg\\\/?p=22506#article\",\"isPartOf\":{\"@id\":\"https:\\\/\\\/macite.tg\\\/?p=22506\"},\"author\":{\"name\":\"Jean Pierre BAWELA\",\"@id\":\"https:\\\/\\\/macite.tg\\\/#\\\/schema\\\/person\\\/e9f2de7e5dbbe7770a9402c7ce82f5c2\"},\"headline\":\"DECENTRALISATION\u00a0: Quand l\u2019enracinement du processus b\u00e9n\u00e9ficie aux populations\",\"datePublished\":\"2025-06-02T17:05:05+00:00\",\"dateModified\":\"2025-06-02T17:05:30+00:00\",\"mainEntityOfPage\":{\"@id\":\"https:\\\/\\\/macite.tg\\\/?p=22506\"},\"wordCount\":605,\"commentCount\":0,\"image\":{\"@id\":\"https:\\\/\\\/macite.tg\\\/?p=22506#primaryimage\"},\"thumbnailUrl\":\"https:\\\/\\\/macite.tg\\\/wp-content\\\/uploads\\\/2025\\\/06\\\/image-3.png\",\"articleSection\":[\"ACTUALITE\",\"POLITIQUE\"],\"inLanguage\":\"fr-FR\",\"potentialAction\":[{\"@type\":\"CommentAction\",\"name\":\"Comment\",\"target\":[\"https:\\\/\\\/macite.tg\\\/?p=22506#respond\"]}]},{\"@type\":\"WebPage\",\"@id\":\"https:\\\/\\\/macite.tg\\\/?p=22506\",\"url\":\"https:\\\/\\\/macite.tg\\\/?p=22506\",\"name\":\"DECENTRALISATION\u00a0: Quand l\u2019enracinement du processus b\u00e9n\u00e9ficie aux populations -\",\"isPartOf\":{\"@id\":\"https:\\\/\\\/macite.tg\\\/#website\"},\"primaryImageOfPage\":{\"@id\":\"https:\\\/\\\/macite.tg\\\/?p=22506#primaryimage\"},\"image\":{\"@id\":\"https:\\\/\\\/macite.tg\\\/?p=22506#primaryimage\"},\"thumbnailUrl\":\"https:\\\/\\\/macite.tg\\\/wp-content\\\/uploads\\\/2025\\\/06\\\/image-3.png\",\"datePublished\":\"2025-06-02T17:05:05+00:00\",\"dateModified\":\"2025-06-02T17:05:30+00:00\",\"author\":{\"@id\":\"https:\\\/\\\/macite.tg\\\/#\\\/schema\\\/person\\\/e9f2de7e5dbbe7770a9402c7ce82f5c2\"},\"breadcrumb\":{\"@id\":\"https:\\\/\\\/macite.tg\\\/?p=22506#breadcrumb\"},\"inLanguage\":\"fr-FR\",\"potentialAction\":[{\"@type\":\"ReadAction\",\"target\":[\"https:\\\/\\\/macite.tg\\\/?p=22506\"]}]},{\"@type\":\"ImageObject\",\"inLanguage\":\"fr-FR\",\"@id\":\"https:\\\/\\\/macite.tg\\\/?p=22506#primaryimage\",\"url\":\"https:\\\/\\\/macite.tg\\\/wp-content\\\/uploads\\\/2025\\\/06\\\/image-3.png\",\"contentUrl\":\"https:\\\/\\\/macite.tg\\\/wp-content\\\/uploads\\\/2025\\\/06\\\/image-3.png\",\"width\":391,\"height\":277},{\"@type\":\"BreadcrumbList\",\"@id\":\"https:\\\/\\\/macite.tg\\\/?p=22506#breadcrumb\",\"itemListElement\":[{\"@type\":\"ListItem\",\"position\":1,\"name\":\"Accueil\",\"item\":\"https:\\\/\\\/macite.tg\\\/\"},{\"@type\":\"ListItem\",\"position\":2,\"name\":\"DECENTRALISATION\u00a0: Quand l\u2019enracinement du processus b\u00e9n\u00e9ficie aux populations\"}]},{\"@type\":\"WebSite\",\"@id\":\"https:\\\/\\\/macite.tg\\\/#website\",\"url\":\"https:\\\/\\\/macite.tg\\\/\",\"name\":\"\",\"description\":\"L&#039;information, la bonne!!!\",\"potentialAction\":[{\"@type\":\"SearchAction\",\"target\":{\"@type\":\"EntryPoint\",\"urlTemplate\":\"https:\\\/\\\/macite.tg\\\/?s={search_term_string}\"},\"query-input\":{\"@type\":\"PropertyValueSpecification\",\"valueRequired\":true,\"valueName\":\"search_term_string\"}}],\"inLanguage\":\"fr-FR\"},{\"@type\":\"Person\",\"@id\":\"https:\\\/\\\/macite.tg\\\/#\\\/schema\\\/person\\\/e9f2de7e5dbbe7770a9402c7ce82f5c2\",\"name\":\"Jean Pierre BAWELA\",\"image\":{\"@type\":\"ImageObject\",\"inLanguage\":\"fr-FR\",\"@id\":\"https:\\\/\\\/macite.tg\\\/wp-content\\\/uploads\\\/2023\\\/09\\\/WhatsApp-Image-2023-09-19-at-14.44.41-122x122.jpeg\",\"url\":\"https:\\\/\\\/macite.tg\\\/wp-content\\\/uploads\\\/2023\\\/09\\\/WhatsApp-Image-2023-09-19-at-14.44.41-122x122.jpeg\",\"contentUrl\":\"https:\\\/\\\/macite.tg\\\/wp-content\\\/uploads\\\/2023\\\/09\\\/WhatsApp-Image-2023-09-19-at-14.44.41-122x122.jpeg\",\"caption\":\"Jean Pierre BAWELA\"},\"url\":\"https:\\\/\\\/macite.tg\\\/?author=2\"}]}<\/script>\n<!-- \/ Yoast SEO plugin. -->","yoast_head_json":{"title":"DECENTRALISATION\u00a0: Quand l\u2019enracinement du processus b\u00e9n\u00e9ficie aux populations -","robots":{"index":"index","follow":"follow","max-snippet":"max-snippet:-1","max-image-preview":"max-image-preview:large","max-video-preview":"max-video-preview:-1"},"canonical":"https:\/\/macite.tg\/?p=22506","og_locale":"fr_FR","og_type":"article","og_title":"DECENTRALISATION\u00a0: Quand l\u2019enracinement du processus b\u00e9n\u00e9ficie aux populations -","og_description":"Enclench\u00e9e au cours de cette derni\u00e8re d\u00e9cennie, la politique de d\u00e9centralisation s&rsquo;affirme progressivement comme un outil fiable de d\u00e9veloppement local et de rapprochement des services publics des citoyens. Le Togo, en dotant ses collectivit\u00e9s locales de moyens et de comp\u00e9tences, offre aux populations l&rsquo;espoir d&rsquo;une [&hellip;]","og_url":"https:\/\/macite.tg\/?p=22506","article_published_time":"2025-06-02T17:05:05+00:00","article_modified_time":"2025-06-02T17:05:30+00:00","og_image":[{"width":391,"height":277,"url":"https:\/\/macite.tg\/wp-content\/uploads\/2025\/06\/image-3.png","type":"image\/png"}],"author":"Jean Pierre BAWELA","twitter_card":"summary_large_image","twitter_misc":{"\u00c9crit par":"Jean Pierre BAWELA","Dur\u00e9e de lecture estim\u00e9e":"4 minutes"},"schema":{"@context":"https:\/\/schema.org","@graph":[{"@type":"Article","@id":"https:\/\/macite.tg\/?p=22506#article","isPartOf":{"@id":"https:\/\/macite.tg\/?p=22506"},"author":{"name":"Jean Pierre BAWELA","@id":"https:\/\/macite.tg\/#\/schema\/person\/e9f2de7e5dbbe7770a9402c7ce82f5c2"},"headline":"DECENTRALISATION\u00a0: Quand l\u2019enracinement du processus b\u00e9n\u00e9ficie aux populations","datePublished":"2025-06-02T17:05:05+00:00","dateModified":"2025-06-02T17:05:30+00:00","mainEntityOfPage":{"@id":"https:\/\/macite.tg\/?p=22506"},"wordCount":605,"commentCount":0,"image":{"@id":"https:\/\/macite.tg\/?p=22506#primaryimage"},"thumbnailUrl":"https:\/\/macite.tg\/wp-content\/uploads\/2025\/06\/image-3.png","articleSection":["ACTUALITE","POLITIQUE"],"inLanguage":"fr-FR","potentialAction":[{"@type":"CommentAction","name":"Comment","target":["https:\/\/macite.tg\/?p=22506#respond"]}]},{"@type":"WebPage","@id":"https:\/\/macite.tg\/?p=22506","url":"https:\/\/macite.tg\/?p=22506","name":"DECENTRALISATION\u00a0: Quand l\u2019enracinement du processus b\u00e9n\u00e9ficie aux populations -","isPartOf":{"@id":"https:\/\/macite.tg\/#website"},"primaryImageOfPage":{"@id":"https:\/\/macite.tg\/?p=22506#primaryimage"},"image":{"@id":"https:\/\/macite.tg\/?p=22506#primaryimage"},"thumbnailUrl":"https:\/\/macite.tg\/wp-content\/uploads\/2025\/06\/image-3.png","datePublished":"2025-06-02T17:05:05+00:00","dateModified":"2025-06-02T17:05:30+00:00","author":{"@id":"https:\/\/macite.tg\/#\/schema\/person\/e9f2de7e5dbbe7770a9402c7ce82f5c2"},"breadcrumb":{"@id":"https:\/\/macite.tg\/?p=22506#breadcrumb"},"inLanguage":"fr-FR","potentialAction":[{"@type":"ReadAction","target":["https:\/\/macite.tg\/?p=22506"]}]},{"@type":"ImageObject","inLanguage":"fr-FR","@id":"https:\/\/macite.tg\/?p=22506#primaryimage","url":"https:\/\/macite.tg\/wp-content\/uploads\/2025\/06\/image-3.png","contentUrl":"https:\/\/macite.tg\/wp-content\/uploads\/2025\/06\/image-3.png","width":391,"height":277},{"@type":"BreadcrumbList","@id":"https:\/\/macite.tg\/?p=22506#breadcrumb","itemListElement":[{"@type":"ListItem","position":1,"name":"Accueil","item":"https:\/\/macite.tg\/"},{"@type":"ListItem","position":2,"name":"DECENTRALISATION\u00a0: Quand l\u2019enracinement du processus b\u00e9n\u00e9ficie aux populations"}]},{"@type":"WebSite","@id":"https:\/\/macite.tg\/#website","url":"https:\/\/macite.tg\/","name":"","description":"L&#039;information, la bonne!!!","potentialAction":[{"@type":"SearchAction","target":{"@type":"EntryPoint","urlTemplate":"https:\/\/macite.tg\/?s={search_term_string}"},"query-input":{"@type":"PropertyValueSpecification","valueRequired":true,"valueName":"search_term_string"}}],"inLanguage":"fr-FR"},{"@type":"Person","@id":"https:\/\/macite.tg\/#\/schema\/person\/e9f2de7e5dbbe7770a9402c7ce82f5c2","name":"Jean Pierre BAWELA","image":{"@type":"ImageObject","inLanguage":"fr-FR","@id":"https:\/\/macite.tg\/wp-content\/uploads\/2023\/09\/WhatsApp-Image-2023-09-19-at-14.44.41-122x122.jpeg","url":"https:\/\/macite.tg\/wp-content\/uploads\/2023\/09\/WhatsApp-Image-2023-09-19-at-14.44.41-122x122.jpeg","contentUrl":"https:\/\/macite.tg\/wp-content\/uploads\/2023\/09\/WhatsApp-Image-2023-09-19-at-14.44.41-122x122.jpeg","caption":"Jean Pierre BAWELA"},"url":"https:\/\/macite.tg\/?author=2"}]}},"_links":{"self":[{"href":"https:\/\/macite.tg\/index.php?rest_route=\/wp\/v2\/posts\/22506","targetHints":{"allow":["GET"]}}],"collection":[{"href":"https:\/\/macite.tg\/index.php?rest_route=\/wp\/v2\/posts"}],"about":[{"href":"https:\/\/macite.tg\/index.php?rest_route=\/wp\/v2\/types\/post"}],"author":[{"embeddable":true,"href":"https:\/\/macite.tg\/index.php?rest_route=\/wp\/v2\/users\/2"}],"replies":[{"embeddable":true,"href":"https:\/\/macite.tg\/index.php?rest_route=%2Fwp%2Fv2%2Fcomments&post=22506"}],"version-history":[{"count":0,"href":"https:\/\/macite.tg\/index.php?rest_route=\/wp\/v2\/posts\/22506\/revisions"}],"wp:featuredmedia":[{"embeddable":true,"href":"https:\/\/macite.tg\/index.php?rest_route=\/wp\/v2\/media\/22507"}],"wp:attachment":[{"href":"https:\/\/macite.tg\/index.php?rest_route=%2Fwp%2Fv2%2Fmedia&parent=22506"}],"wp:term":[{"taxonomy":"category","embeddable":true,"href":"https:\/\/macite.tg\/index.php?rest_route=%2Fwp%2Fv2%2Fcategories&post=22506"},{"taxonomy":"post_tag","embeddable":true,"href":"https:\/\/macite.tg\/index.php?rest_route=%2Fwp%2Fv2%2Ftags&post=22506"}],"curies":[{"name":"wp","href":"https:\/\/api.w.org\/{rel}","templated":true}]}}