{"id":22503,"date":"2025-06-02T14:21:45","date_gmt":"2025-06-02T14:21:45","guid":{"rendered":"https:\/\/macite.tg\/?p=22503"},"modified":"2025-06-02T14:22:02","modified_gmt":"2025-06-02T14:22:02","slug":"journee-nationale-de-larbre-2025-bassar-lance-une-vaste-campagne-de-reboisement","status":"publish","type":"post","link":"https:\/\/macite.tg\/?p=22503","title":{"rendered":"JOURNEE NATIONALE DE L\u2019ARBRE 2025 : Bassar\u00a0lance une vaste campagne de reboisement"},"content":{"rendered":"\n<p class=\"wp-block-paragraph\"><strong><em>La journ\u00e9e de l&rsquo;arbre a \u00e9t\u00e9 lanc\u00e9e, hier dimanche 1er juin dernier, dans la pr\u00e9fecture de Bassar. C\u2019est &nbsp;&nbsp;le pr\u00e9fet de Bassa, le colonel Assiah Hodabalo, qui a proc\u00e9d\u00e9 au lancement de cette c\u00e9l\u00e9bration, en pr\u00e9sence des autorit\u00e9s administratives et locales, les cadres de la pr\u00e9fecture, les autorit\u00e9s charg\u00e9es de l&rsquo;environnement et les Volontaires d&rsquo;engagement citoyen (VEC) de Bassar, et les populations de Bassar.<\/em><\/strong><\/p>\n\n\n\n<p class=\"wp-block-paragraph\">En lan\u00e7ant officiellement la journ\u00e9e de l&rsquo;arbre \u00e0 Bassar, le pr\u00e9fet de Bassar a rendu un hommage m\u00e9rit\u00e9 au P\u00e8re de la Nation, feu Gnassingb\u00e9 Eyad\u00e9ma, qui a initi\u00e9 cette Journ\u00e9e depuis 1977, dont la tradition se perp\u00e9tue jusqu&rsquo;\u00e0 nos jours. Il a rappel\u00e9 l&rsquo;objectif national, en termes de couverture v\u00e9g\u00e9tale \u00e0 l&rsquo;horizon 2030, pr\u00f4n\u00e9 par le Pr\u00e9sident du Conseil, Faure Essozimna Gnassingb\u00e9, qui est de mettre en terre un milliard d&rsquo;arbres. Il a souhait\u00e9 que Bassar soit la premi\u00e8re pr\u00e9fecture \u00e0 porter ce noble engagement.<\/p>\n\n\n<div class=\"wp-block-image\">\n<figure class=\"aligncenter size-full\"><img loading=\"lazy\" decoding=\"async\" width=\"851\" height=\"315\" src=\"https:\/\/macite.tg\/wp-content\/uploads\/2025\/05\/OTR_Ferer-pour-batir-1-2.jpg\" alt=\"\" class=\"wp-image-22346\" srcset=\"https:\/\/macite.tg\/wp-content\/uploads\/2025\/05\/OTR_Ferer-pour-batir-1-2.jpg 851w, https:\/\/macite.tg\/wp-content\/uploads\/2025\/05\/OTR_Ferer-pour-batir-1-2-300x111.jpg 300w, https:\/\/macite.tg\/wp-content\/uploads\/2025\/05\/OTR_Ferer-pour-batir-1-2-768x284.jpg 768w\" sizes=\"auto, (max-width: 851px) 100vw, 851px\" \/><\/figure>\n<\/div>\n\n\n<p class=\"wp-block-paragraph\">Le D\u00e9put\u00e9, Yawank\u00e9 Wak\u00e9 Gbati, a rappel\u00e9 l\u2019importance de mettre un arbre sous terre. \u00ab&nbsp;<em>La lutte contre le changement climatique passe par l&rsquo;\u00e9conomie verte pour la protection de l&rsquo;environnement<\/em>&nbsp;\u00bb, a-t-il fait savoir. Il appel\u00e9 la population \u00e0 entretenir les arbres en les arrosant r\u00e9guli\u00e8rement et surtout en les prot\u00e9geant contre les b\u00eates en divagation. <em>\u00ab&nbsp;C\u2019est un acte citoyen&nbsp;\u00bb,<\/em> a relev\u00e9 M.&nbsp; Yawank\u00e9<\/p>\n\n\n\n<p class=\"wp-block-paragraph\">Pour le Directeur pr\u00e9fectoral de l&rsquo;environnement, M. Akalo Komi, guide de l&rsquo;op\u00e9ration de reboisement, l&rsquo;objectif national pour la campagne 2025 est de 22 millions de plans. La pr\u00e9fecture de Bassar a mobilis\u00e9 un espace de 200 hectares pour le reboisement, dont 652 plans ont \u00e9t\u00e9 d\u00e9j\u00e0 mis en terre dans la commune Bassar 1&nbsp;; 1600 dans la commune de Sanda&nbsp;; 500 \u00e0 Bougabou&nbsp;; et 400 plans \u00e0 Bangeli, a -t-il laiss\u00e9 entendre.<\/p>\n\n\n\n<p class=\"wp-block-paragraph\">Il a fait remarquer qu\u2019apr\u00e8s le lancement de ce 1er juin, le reboisement se fera chaque jour dans la pr\u00e9fecture jusqu&rsquo;\u00e0 la fin de la campagne.<\/p>\n\n\n<div class=\"wp-block-image\">\n<figure class=\"aligncenter size-large is-resized\"><img loading=\"lazy\" decoding=\"async\" width=\"1024\" height=\"1024\" src=\"https:\/\/macite.tg\/wp-content\/uploads\/2025\/05\/Geo-ref-1024x1024.png\" alt=\"\" class=\"wp-image-22358\" style=\"width:602px;height:auto\" srcset=\"https:\/\/macite.tg\/wp-content\/uploads\/2025\/05\/Geo-ref-1024x1024.png 1024w, https:\/\/macite.tg\/wp-content\/uploads\/2025\/05\/Geo-ref-300x300.png 300w, https:\/\/macite.tg\/wp-content\/uploads\/2025\/05\/Geo-ref-150x150.png 150w, https:\/\/macite.tg\/wp-content\/uploads\/2025\/05\/Geo-ref-768x768.png 768w, https:\/\/macite.tg\/wp-content\/uploads\/2025\/05\/Geo-ref-122x122.png 122w, https:\/\/macite.tg\/wp-content\/uploads\/2025\/05\/Geo-ref.png 1080w\" sizes=\"auto, (max-width: 1024px) 100vw, 1024px\" \/><\/figure>\n<\/div>\n\n\n<p class=\"wp-block-paragraph\">Le lancement de la journ\u00e9e du 1er juin 2025 \u00e0 Bassar a \u00e9t\u00e9 rehauss\u00e9 par la pr\u00e9sence et la participation des membres de la d\u00e9l\u00e9gation du projet de jumelage avec la Commune de Chor\u00e9e en France, conduite par le Maire de Chor\u00e9e et le pr\u00e9sident du projet de jumelage.<\/p>\n\n\n\n<p class=\"wp-block-paragraph\"><strong>Baba O.<\/strong><\/p>\n\n\n\n<p class=\"wp-block-paragraph\"><a><strong><em>@macite.tg&nbsp;&nbsp;&nbsp;&nbsp;&nbsp;&nbsp;&nbsp;<\/em><\/strong><\/a><\/p>\n\n\n\n<p class=\"wp-block-paragraph\"><strong><em>E-mail&nbsp;: <\/em><\/strong><a href=\"mailto:maciteinfo@gmail.com\"><strong><em>maciteinfo@gmail.com<\/em><\/strong><\/a><strong><em>; <\/em><\/strong><a href=\"mailto:bawela1@gmail.com\"><strong><em>bawela1@gmail.com<\/em><\/strong><\/a><strong><em><u><\/u><\/em><\/strong><\/p>\n\n\n\n<p class=\"wp-block-paragraph\"><strong><em>Pour vos annonces, (publi)reportages, etc., joignez-nous au (00228)91515309\/79872224 www.macite.tg, L\u2019information, la bonne&nbsp;!<\/em><\/strong><\/p>\n\n\n\n<p class=\"wp-block-paragraph\"><\/p>\n","protected":false},"excerpt":{"rendered":"<p class=\"text-justify mb-2\" >La journ\u00e9e de l&rsquo;arbre a \u00e9t\u00e9 lanc\u00e9e, hier dimanche 1er juin dernier, dans la pr\u00e9fecture de Bassar. C\u2019est &nbsp;&nbsp;le pr\u00e9fet de Bassa, le colonel Assiah Hodabalo, qui a proc\u00e9d\u00e9 au lancement de cette c\u00e9l\u00e9bration, en pr\u00e9sence des autorit\u00e9s administratives et locales, les cadres de la [&hellip;]<\/p>\n","protected":false},"author":2,"featured_media":22504,"comment_status":"open","ping_status":"open","sticky":false,"template":"","format":"standard","meta":{"footnotes":""},"categories":[20,19],"tags":[],"class_list":["post-22503","post","type-post","status-publish","format-standard","has-post-thumbnail","hentry","category-actualite","category-environnement"],"yoast_head":"<!-- This site is optimized with the Yoast SEO plugin v28.4 - https:\/\/yoast.com\/product\/yoast-seo-wordpress\/ -->\n<title>JOURNEE NATIONALE DE L\u2019ARBRE 2025 : Bassar\u00a0lance une vaste campagne de reboisement -<\/title>\n<meta name=\"robots\" content=\"index, follow, max-snippet:-1, max-image-preview:large, max-video-preview:-1\" \/>\n<link rel=\"canonical\" href=\"https:\/\/macite.tg\/?p=22503\" \/>\n<meta property=\"og:locale\" content=\"fr_FR\" \/>\n<meta property=\"og:type\" content=\"article\" \/>\n<meta property=\"og:title\" content=\"JOURNEE NATIONALE DE L\u2019ARBRE 2025 : Bassar\u00a0lance une vaste campagne de reboisement -\" \/>\n<meta property=\"og:description\" content=\"La journ\u00e9e de l&rsquo;arbre a \u00e9t\u00e9 lanc\u00e9e, hier dimanche 1er juin dernier, dans la pr\u00e9fecture de Bassar. C\u2019est &nbsp;&nbsp;le pr\u00e9fet de Bassa, le colonel Assiah Hodabalo, qui a proc\u00e9d\u00e9 au lancement de cette c\u00e9l\u00e9bration, en pr\u00e9sence des autorit\u00e9s administratives et locales, les cadres de la [&hellip;]\" \/>\n<meta property=\"og:url\" content=\"https:\/\/macite.tg\/?p=22503\" \/>\n<meta property=\"article:published_time\" content=\"2025-06-02T14:21:45+00:00\" \/>\n<meta property=\"article:modified_time\" content=\"2025-06-02T14:22:02+00:00\" \/>\n<meta property=\"og:image\" content=\"https:\/\/macite.tg\/wp-content\/uploads\/2025\/06\/Bassar-arbres.jpg\" \/>\n\t<meta property=\"og:image:width\" content=\"500\" \/>\n\t<meta property=\"og:image:height\" content=\"254\" \/>\n\t<meta property=\"og:image:type\" content=\"image\/jpeg\" \/>\n<meta name=\"author\" content=\"Jean Pierre BAWELA\" \/>\n<meta name=\"twitter:card\" content=\"summary_large_image\" \/>\n<meta name=\"twitter:label1\" content=\"\u00c9crit par\" \/>\n\t<meta name=\"twitter:data1\" content=\"Jean Pierre BAWELA\" \/>\n\t<meta name=\"twitter:label2\" content=\"Dur\u00e9e de lecture estim\u00e9e\" \/>\n\t<meta name=\"twitter:data2\" content=\"3 minutes\" \/>\n<script type=\"application\/ld+json\" class=\"yoast-schema-graph\">{\"@context\":\"https:\\\/\\\/schema.org\",\"@graph\":[{\"@type\":\"Article\",\"@id\":\"https:\\\/\\\/macite.tg\\\/?p=22503#article\",\"isPartOf\":{\"@id\":\"https:\\\/\\\/macite.tg\\\/?p=22503\"},\"author\":{\"name\":\"Jean Pierre BAWELA\",\"@id\":\"https:\\\/\\\/macite.tg\\\/#\\\/schema\\\/person\\\/e9f2de7e5dbbe7770a9402c7ce82f5c2\"},\"headline\":\"JOURNEE NATIONALE DE L\u2019ARBRE 2025 : Bassar\u00a0lance une vaste campagne de reboisement\",\"datePublished\":\"2025-06-02T14:21:45+00:00\",\"dateModified\":\"2025-06-02T14:22:02+00:00\",\"mainEntityOfPage\":{\"@id\":\"https:\\\/\\\/macite.tg\\\/?p=22503\"},\"wordCount\":458,\"commentCount\":0,\"image\":{\"@id\":\"https:\\\/\\\/macite.tg\\\/?p=22503#primaryimage\"},\"thumbnailUrl\":\"https:\\\/\\\/macite.tg\\\/wp-content\\\/uploads\\\/2025\\\/06\\\/Bassar-arbres.jpg\",\"articleSection\":[\"ACTUALITE\",\"ENVIRONNEMENT\"],\"inLanguage\":\"fr-FR\",\"potentialAction\":[{\"@type\":\"CommentAction\",\"name\":\"Comment\",\"target\":[\"https:\\\/\\\/macite.tg\\\/?p=22503#respond\"]}]},{\"@type\":\"WebPage\",\"@id\":\"https:\\\/\\\/macite.tg\\\/?p=22503\",\"url\":\"https:\\\/\\\/macite.tg\\\/?p=22503\",\"name\":\"JOURNEE NATIONALE DE L\u2019ARBRE 2025 : Bassar\u00a0lance une vaste campagne de reboisement -\",\"isPartOf\":{\"@id\":\"https:\\\/\\\/macite.tg\\\/#website\"},\"primaryImageOfPage\":{\"@id\":\"https:\\\/\\\/macite.tg\\\/?p=22503#primaryimage\"},\"image\":{\"@id\":\"https:\\\/\\\/macite.tg\\\/?p=22503#primaryimage\"},\"thumbnailUrl\":\"https:\\\/\\\/macite.tg\\\/wp-content\\\/uploads\\\/2025\\\/06\\\/Bassar-arbres.jpg\",\"datePublished\":\"2025-06-02T14:21:45+00:00\",\"dateModified\":\"2025-06-02T14:22:02+00:00\",\"author\":{\"@id\":\"https:\\\/\\\/macite.tg\\\/#\\\/schema\\\/person\\\/e9f2de7e5dbbe7770a9402c7ce82f5c2\"},\"breadcrumb\":{\"@id\":\"https:\\\/\\\/macite.tg\\\/?p=22503#breadcrumb\"},\"inLanguage\":\"fr-FR\",\"potentialAction\":[{\"@type\":\"ReadAction\",\"target\":[\"https:\\\/\\\/macite.tg\\\/?p=22503\"]}]},{\"@type\":\"ImageObject\",\"inLanguage\":\"fr-FR\",\"@id\":\"https:\\\/\\\/macite.tg\\\/?p=22503#primaryimage\",\"url\":\"https:\\\/\\\/macite.tg\\\/wp-content\\\/uploads\\\/2025\\\/06\\\/Bassar-arbres.jpg\",\"contentUrl\":\"https:\\\/\\\/macite.tg\\\/wp-content\\\/uploads\\\/2025\\\/06\\\/Bassar-arbres.jpg\",\"width\":500,\"height\":254},{\"@type\":\"BreadcrumbList\",\"@id\":\"https:\\\/\\\/macite.tg\\\/?p=22503#breadcrumb\",\"itemListElement\":[{\"@type\":\"ListItem\",\"position\":1,\"name\":\"Accueil\",\"item\":\"https:\\\/\\\/macite.tg\\\/\"},{\"@type\":\"ListItem\",\"position\":2,\"name\":\"JOURNEE NATIONALE DE L\u2019ARBRE 2025 : Bassar\u00a0lance une vaste campagne de reboisement\"}]},{\"@type\":\"WebSite\",\"@id\":\"https:\\\/\\\/macite.tg\\\/#website\",\"url\":\"https:\\\/\\\/macite.tg\\\/\",\"name\":\"\",\"description\":\"L&#039;information, la bonne!!!\",\"potentialAction\":[{\"@type\":\"SearchAction\",\"target\":{\"@type\":\"EntryPoint\",\"urlTemplate\":\"https:\\\/\\\/macite.tg\\\/?s={search_term_string}\"},\"query-input\":{\"@type\":\"PropertyValueSpecification\",\"valueRequired\":true,\"valueName\":\"search_term_string\"}}],\"inLanguage\":\"fr-FR\"},{\"@type\":\"Person\",\"@id\":\"https:\\\/\\\/macite.tg\\\/#\\\/schema\\\/person\\\/e9f2de7e5dbbe7770a9402c7ce82f5c2\",\"name\":\"Jean Pierre BAWELA\",\"image\":{\"@type\":\"ImageObject\",\"inLanguage\":\"fr-FR\",\"@id\":\"https:\\\/\\\/macite.tg\\\/wp-content\\\/uploads\\\/2023\\\/09\\\/WhatsApp-Image-2023-09-19-at-14.44.41-122x122.jpeg\",\"url\":\"https:\\\/\\\/macite.tg\\\/wp-content\\\/uploads\\\/2023\\\/09\\\/WhatsApp-Image-2023-09-19-at-14.44.41-122x122.jpeg\",\"contentUrl\":\"https:\\\/\\\/macite.tg\\\/wp-content\\\/uploads\\\/2023\\\/09\\\/WhatsApp-Image-2023-09-19-at-14.44.41-122x122.jpeg\",\"caption\":\"Jean Pierre BAWELA\"},\"url\":\"https:\\\/\\\/macite.tg\\\/?author=2\"}]}<\/script>\n<!-- \/ Yoast SEO plugin. -->","yoast_head_json":{"title":"JOURNEE NATIONALE DE L\u2019ARBRE 2025 : Bassar\u00a0lance une vaste campagne de reboisement -","robots":{"index":"index","follow":"follow","max-snippet":"max-snippet:-1","max-image-preview":"max-image-preview:large","max-video-preview":"max-video-preview:-1"},"canonical":"https:\/\/macite.tg\/?p=22503","og_locale":"fr_FR","og_type":"article","og_title":"JOURNEE NATIONALE DE L\u2019ARBRE 2025 : Bassar\u00a0lance une vaste campagne de reboisement -","og_description":"La journ\u00e9e de l&rsquo;arbre a \u00e9t\u00e9 lanc\u00e9e, hier dimanche 1er juin dernier, dans la pr\u00e9fecture de Bassar. C\u2019est &nbsp;&nbsp;le pr\u00e9fet de Bassa, le colonel Assiah Hodabalo, qui a proc\u00e9d\u00e9 au lancement de cette c\u00e9l\u00e9bration, en pr\u00e9sence des autorit\u00e9s administratives et locales, les cadres de la [&hellip;]","og_url":"https:\/\/macite.tg\/?p=22503","article_published_time":"2025-06-02T14:21:45+00:00","article_modified_time":"2025-06-02T14:22:02+00:00","og_image":[{"width":500,"height":254,"url":"https:\/\/macite.tg\/wp-content\/uploads\/2025\/06\/Bassar-arbres.jpg","type":"image\/jpeg"}],"author":"Jean Pierre BAWELA","twitter_card":"summary_large_image","twitter_misc":{"\u00c9crit par":"Jean Pierre BAWELA","Dur\u00e9e de lecture estim\u00e9e":"3 minutes"},"schema":{"@context":"https:\/\/schema.org","@graph":[{"@type":"Article","@id":"https:\/\/macite.tg\/?p=22503#article","isPartOf":{"@id":"https:\/\/macite.tg\/?p=22503"},"author":{"name":"Jean Pierre BAWELA","@id":"https:\/\/macite.tg\/#\/schema\/person\/e9f2de7e5dbbe7770a9402c7ce82f5c2"},"headline":"JOURNEE NATIONALE DE L\u2019ARBRE 2025 : Bassar\u00a0lance une vaste campagne de reboisement","datePublished":"2025-06-02T14:21:45+00:00","dateModified":"2025-06-02T14:22:02+00:00","mainEntityOfPage":{"@id":"https:\/\/macite.tg\/?p=22503"},"wordCount":458,"commentCount":0,"image":{"@id":"https:\/\/macite.tg\/?p=22503#primaryimage"},"thumbnailUrl":"https:\/\/macite.tg\/wp-content\/uploads\/2025\/06\/Bassar-arbres.jpg","articleSection":["ACTUALITE","ENVIRONNEMENT"],"inLanguage":"fr-FR","potentialAction":[{"@type":"CommentAction","name":"Comment","target":["https:\/\/macite.tg\/?p=22503#respond"]}]},{"@type":"WebPage","@id":"https:\/\/macite.tg\/?p=22503","url":"https:\/\/macite.tg\/?p=22503","name":"JOURNEE NATIONALE DE L\u2019ARBRE 2025 : Bassar\u00a0lance une vaste campagne de reboisement -","isPartOf":{"@id":"https:\/\/macite.tg\/#website"},"primaryImageOfPage":{"@id":"https:\/\/macite.tg\/?p=22503#primaryimage"},"image":{"@id":"https:\/\/macite.tg\/?p=22503#primaryimage"},"thumbnailUrl":"https:\/\/macite.tg\/wp-content\/uploads\/2025\/06\/Bassar-arbres.jpg","datePublished":"2025-06-02T14:21:45+00:00","dateModified":"2025-06-02T14:22:02+00:00","author":{"@id":"https:\/\/macite.tg\/#\/schema\/person\/e9f2de7e5dbbe7770a9402c7ce82f5c2"},"breadcrumb":{"@id":"https:\/\/macite.tg\/?p=22503#breadcrumb"},"inLanguage":"fr-FR","potentialAction":[{"@type":"ReadAction","target":["https:\/\/macite.tg\/?p=22503"]}]},{"@type":"ImageObject","inLanguage":"fr-FR","@id":"https:\/\/macite.tg\/?p=22503#primaryimage","url":"https:\/\/macite.tg\/wp-content\/uploads\/2025\/06\/Bassar-arbres.jpg","contentUrl":"https:\/\/macite.tg\/wp-content\/uploads\/2025\/06\/Bassar-arbres.jpg","width":500,"height":254},{"@type":"BreadcrumbList","@id":"https:\/\/macite.tg\/?p=22503#breadcrumb","itemListElement":[{"@type":"ListItem","position":1,"name":"Accueil","item":"https:\/\/macite.tg\/"},{"@type":"ListItem","position":2,"name":"JOURNEE NATIONALE DE L\u2019ARBRE 2025 : Bassar\u00a0lance une vaste campagne de reboisement"}]},{"@type":"WebSite","@id":"https:\/\/macite.tg\/#website","url":"https:\/\/macite.tg\/","name":"","description":"L&#039;information, la bonne!!!","potentialAction":[{"@type":"SearchAction","target":{"@type":"EntryPoint","urlTemplate":"https:\/\/macite.tg\/?s={search_term_string}"},"query-input":{"@type":"PropertyValueSpecification","valueRequired":true,"valueName":"search_term_string"}}],"inLanguage":"fr-FR"},{"@type":"Person","@id":"https:\/\/macite.tg\/#\/schema\/person\/e9f2de7e5dbbe7770a9402c7ce82f5c2","name":"Jean Pierre BAWELA","image":{"@type":"ImageObject","inLanguage":"fr-FR","@id":"https:\/\/macite.tg\/wp-content\/uploads\/2023\/09\/WhatsApp-Image-2023-09-19-at-14.44.41-122x122.jpeg","url":"https:\/\/macite.tg\/wp-content\/uploads\/2023\/09\/WhatsApp-Image-2023-09-19-at-14.44.41-122x122.jpeg","contentUrl":"https:\/\/macite.tg\/wp-content\/uploads\/2023\/09\/WhatsApp-Image-2023-09-19-at-14.44.41-122x122.jpeg","caption":"Jean Pierre BAWELA"},"url":"https:\/\/macite.tg\/?author=2"}]}},"_links":{"self":[{"href":"https:\/\/macite.tg\/index.php?rest_route=\/wp\/v2\/posts\/22503","targetHints":{"allow":["GET"]}}],"collection":[{"href":"https:\/\/macite.tg\/index.php?rest_route=\/wp\/v2\/posts"}],"about":[{"href":"https:\/\/macite.tg\/index.php?rest_route=\/wp\/v2\/types\/post"}],"author":[{"embeddable":true,"href":"https:\/\/macite.tg\/index.php?rest_route=\/wp\/v2\/users\/2"}],"replies":[{"embeddable":true,"href":"https:\/\/macite.tg\/index.php?rest_route=%2Fwp%2Fv2%2Fcomments&post=22503"}],"version-history":[{"count":0,"href":"https:\/\/macite.tg\/index.php?rest_route=\/wp\/v2\/posts\/22503\/revisions"}],"wp:featuredmedia":[{"embeddable":true,"href":"https:\/\/macite.tg\/index.php?rest_route=\/wp\/v2\/media\/22504"}],"wp:attachment":[{"href":"https:\/\/macite.tg\/index.php?rest_route=%2Fwp%2Fv2%2Fmedia&parent=22503"}],"wp:term":[{"taxonomy":"category","embeddable":true,"href":"https:\/\/macite.tg\/index.php?rest_route=%2Fwp%2Fv2%2Fcategories&post=22503"},{"taxonomy":"post_tag","embeddable":true,"href":"https:\/\/macite.tg\/index.php?rest_route=%2Fwp%2Fv2%2Ftags&post=22503"}],"curies":[{"name":"wp","href":"https:\/\/api.w.org\/{rel}","templated":true}]}}