{"id":22498,"date":"2025-06-02T13:43:32","date_gmt":"2025-06-02T13:43:32","guid":{"rendered":"https:\/\/macite.tg\/?p=22498"},"modified":"2025-06-02T13:43:55","modified_gmt":"2025-06-02T13:43:55","slug":"dr-ekue-f-gada-president-des-citoyens-unis-pour-lintegration-redonner-au-citoyen-sa-place-centrale-dans-la-vie-politique-togolaise","status":"publish","type":"post","link":"https:\/\/macite.tg\/?p=22498","title":{"rendered":"DR EKUE F. GADA, PRESIDENT DES CITOYENS UNIS POUR L\u2019INTEGRATION : \u00ab\u00a0Redonner au citoyen sa place centrale dans la vie politique togolaise\u00a0\u00bb"},"content":{"rendered":"\n<p class=\"wp-block-paragraph\"><br><strong><em>Dans un contexte politique togolais en qu\u00eate de renouveau, o\u00f9 les citoyens aspirent \u00e0 plus d\u2019inclusion, de justice sociale et de gouvernance responsable, de nouveaux acteurs \u00e9mergent avec une vision alternative. Parmi eux, le mouvement Citoyens Unis pour l\u2019Int\u00e9gration (<a href=\"http:\/\/cui\/\">CUI<\/a>), port\u00e9 par le\u00a0<a href=\"http:\/\/dr%20ekue%20gada\/\">Dr Ekue Gada<\/a>\u00a0, entend incarner une troisi\u00e8me voie : ni dans l\u2019opposition classique, ni dans la continuit\u00e9 d\u2019un pouvoir \u00e9tabli, mais dans une approche constructive, tourn\u00e9e vers l\u2019unit\u00e9 nationale.<\/em><\/strong><\/p>\n\n\n\n<p class=\"wp-block-paragraph\"><strong><em><a href=\"http:\/\/xn--actualit%20info-inb\/\">Actualit\u00e9 Info<\/a><\/em><\/strong><em>&nbsp;:&nbsp;<strong>Bonjour Dr, pouvez-vous nous pr\u00e9senter le mouvement Citoyens Unis pour l\u2019Int\u00e9gration (CUI) ?<\/strong><\/em><\/p>\n\n\n\n<p class=\"wp-block-paragraph\"><strong><em><a href=\"http:\/\/dr%20ekue%20gada\/\">Dr Ekue Gada<\/a><\/em><\/strong>&nbsp;: Bonjour, le mouvement Citoyens Unis pour l\u2019Int\u00e9gration est n\u00e9 d\u2019une volont\u00e9 claire : celle de proposer une alternative politique nouvelle au Togo. C\u2019est une organisation compos\u00e9e de citoyens qui partagent une m\u00eame philosophie et une vision commune des enjeux politiques, \u00e9conomiques, sociaux et culturels de notre pays.<br>L\u2019objectif fondamental des CUI est de contribuer \u00e0 l\u2019am\u00e9lioration de la soci\u00e9t\u00e9 togolaise, en proposant des id\u00e9es novatrices, mais aussi en visant l\u2019acc\u00e8s au pouvoir d\u2019\u00c9tat. Cela nous permettra de mettre en \u0153uvre un v\u00e9ritable projet de soci\u00e9t\u00e9 tourn\u00e9 vers l\u2019\u00e9quit\u00e9, la souverainet\u00e9 et le d\u00e9veloppement durable.<br>Nous croyons fermement que la politique ne doit pas \u00eatre un champ de confrontation syst\u00e9matique, mais un espace de propositions et d\u2019action constructive. C\u2019est pourquoi notre mouvement se positionne comme une force de changement, ancr\u00e9e dans la r\u00e9alit\u00e9 du peuple togolais.<\/p>\n\n\n<div class=\"wp-block-image\">\n<figure class=\"aligncenter size-large is-resized\"><img loading=\"lazy\" decoding=\"async\" width=\"1024\" height=\"1024\" src=\"https:\/\/macite.tg\/wp-content\/uploads\/2025\/05\/Geo-ref-1024x1024.png\" alt=\"\" class=\"wp-image-22358\" style=\"width:664px;height:auto\" srcset=\"https:\/\/macite.tg\/wp-content\/uploads\/2025\/05\/Geo-ref-1024x1024.png 1024w, https:\/\/macite.tg\/wp-content\/uploads\/2025\/05\/Geo-ref-300x300.png 300w, https:\/\/macite.tg\/wp-content\/uploads\/2025\/05\/Geo-ref-150x150.png 150w, https:\/\/macite.tg\/wp-content\/uploads\/2025\/05\/Geo-ref-768x768.png 768w, https:\/\/macite.tg\/wp-content\/uploads\/2025\/05\/Geo-ref-122x122.png 122w, https:\/\/macite.tg\/wp-content\/uploads\/2025\/05\/Geo-ref.png 1080w\" sizes=\"auto, (max-width: 1024px) 100vw, 1024px\" \/><\/figure>\n<\/div>\n\n\n<p class=\"wp-block-paragraph\"><strong><em>Quels sont les objectifs concrets que vous poursuivez avec les CUI ?<\/em><\/strong><\/p>\n\n\n\n<p class=\"wp-block-paragraph\">Nos objectifs sont multiples, mais convergent tous vers un m\u00eame id\u00e9al : redonner au citoyen sa place centrale dans la vie politique togolaise.<br>Nous voulons partager notre vision d\u2019un Togo souverain, juste, \u00e9quitable et prosp\u00e8re. Une vision que nous construisons avec des citoyens venus de divers horizons : anciens militants de partis politiques, membres de la soci\u00e9t\u00e9 civile, acteurs associatifs, et m\u00eame des personnes non engag\u00e9es jusqu\u2019ici.<br>Nous voulons aussi acc\u00e9der au pouvoir d\u2019\u00c9tat, non pas pour y rester ind\u00e9finiment, mais pour y implanter une gouvernance responsable, transparente et orient\u00e9e vers les besoins r\u00e9els des populations.<br>L\u2019un de nos combats majeurs, c\u2019est la lutte contre les injustices sociales, contre la pauvret\u00e9 \u00e0 travers une incitation pour la valorisation des ressources naturelles du Togo, lesquelles sont \u00e9normes mais sous-exploit\u00e9es ou mal r\u00e9parties. Nous souhaitons que se mettent en place un syst\u00e8me \u00e9ducatif plus performant, un syst\u00e8me de sant\u00e9 accessible et efficace pour tous et enfin une justice distributive efficace.<\/p>\n\n\n\n<p class=\"wp-block-paragraph\"><strong><em>Les CUI ont connu plusieurs phases depuis leur cr\u00e9ation. Pouvez-vous nous en dire plus ?<\/em><\/strong><\/p>\n\n\n\n<p class=\"wp-block-paragraph\">Effectivement, le mouvement a \u00e9volu\u00e9 en plusieurs \u00e9tapes.<br>Au d\u00e9part, notre action \u00e9tait orient\u00e9e vers l\u2019assistance sociale. Nous avons organis\u00e9 des collectes en Europe pour venir en aide \u00e0 des orphelinats et soutenir des populations vuln\u00e9rables.<br>Mais tr\u00e8s rapidement, nous avons pris conscience que l\u2019aide sociale ne suffisait pas \u00e0 transformer structurellement la soci\u00e9t\u00e9. Les vraies d\u00e9cisions se prennent au niveau de l\u2019\u00c9tat, et ce sont les politiques publiques qui impactent durablement les conditions de vie.<br>C\u2019est ainsi que nous avons op\u00e9r\u00e9 un tournant strat\u00e9gique. Nous sommes pass\u00e9s d\u2019un mouvement \u00e0 caract\u00e8re humanitaire \u00e0 un groupe de r\u00e9flexion (mouvement panafricain Alaga) pour enfin nous engager en cette ann\u00e9e 2025 dans l\u2019action politique \u00e0 part enti\u00e8re. Nous avons donc aid\u00e9, r\u00e9fl\u00e9chis, et aujourd\u2019hui nous sommes pr\u00eats \u00e0 agir.<\/p>\n\n\n<div class=\"wp-block-image\">\n<figure class=\"aligncenter size-full\"><img loading=\"lazy\" decoding=\"async\" width=\"851\" height=\"315\" src=\"https:\/\/macite.tg\/wp-content\/uploads\/2025\/05\/OTR_Ferer-pour-batir-1-2.jpg\" alt=\"\" class=\"wp-image-22346\" srcset=\"https:\/\/macite.tg\/wp-content\/uploads\/2025\/05\/OTR_Ferer-pour-batir-1-2.jpg 851w, https:\/\/macite.tg\/wp-content\/uploads\/2025\/05\/OTR_Ferer-pour-batir-1-2-300x111.jpg 300w, https:\/\/macite.tg\/wp-content\/uploads\/2025\/05\/OTR_Ferer-pour-batir-1-2-768x284.jpg 768w\" sizes=\"auto, (max-width: 851px) 100vw, 851px\" \/><\/figure>\n<\/div>\n\n\n<p class=\"wp-block-paragraph\"><strong><em>Pourquoi ce retour assum\u00e9 \u00e0 l\u2019action politique ?<\/em><\/strong><\/p>\n\n\n\n<p class=\"wp-block-paragraph\">Seule la politique permet r\u00e9ellement de transformer en profondeur et rapidement une nation.<br>Tant que nous restons dans la d\u00e9nonciation ou dans les actions ponctuelles, nous ne changeons rien aux m\u00e9canismes structurels qui g\u00e9n\u00e8rent l\u2019injustice et l\u2019exclusion.<br>Pour b\u00e2tir un Togo nouveau, il faut \u00eatre en capacit\u00e9 de prendre des d\u00e9cisions \u00e0 l\u2019\u00e9chelle nationale, de l\u00e9gif\u00e9rer, de g\u00e9rer les ressources, de planifier le d\u00e9veloppement.<br>C\u2019est pourquoi les CUI assument pleinement leur engagement politique. Ils veulent acc\u00e9der au pouvoir, mais avec une conscience claire de leurs responsabilit\u00e9s : refonder le contrat social entre l\u2019\u00c9tat et les Citoyens.<\/p>\n\n\n\n<p class=\"wp-block-paragraph\"><strong><em>Vous parlez d\u2019une approche politique \u00ab&nbsp;r\u00e9volutionnaire&nbsp;\u00bb. Pouvez-vous nous en dire plus ?<\/em><\/strong><\/p>\n\n\n\n<p class=\"wp-block-paragraph\">Notre r\u00e9volution est d\u2019abord intellectuelle et strat\u00e9gique.<br>Nous ne voulons plus de cette opposition classique qui ne fait que r\u00e9agir, sans v\u00e9ritable projet alternatif. Nous ne voulons non plus d\u2019un pouvoir autoritaire ferm\u00e9 sur lui-m\u00eame et r\u00e9fractaire \u00e0 toute critique.<br>Nous pr\u00f4nons une unit\u00e9 politique nationale, fond\u00e9e sur le pluralisme id\u00e9ologique (non politique par cons\u00e9quent), sur dialogue, la concertation et le respect mutuel. Pour nous, le Togo ne peut progresser que si toutes les forces vives du pays qu\u2019elles soient au pouvoir ou non travaillent ensemble dans l\u2019int\u00e9r\u00eat sup\u00e9rieur de la nation.<br>Cela suppose une nouvelle mani\u00e8re de faire de la politique, une gouvernance plus inclusive et un d\u00e9passement des clivages partisans. Nous ne voulons pas faire carri\u00e8re dans l\u2019opposition, mais construire une alternative r\u00e9elle, cr\u00e9dible et durable pour le bien de tous les Togolais.<\/p>\n\n\n\n<p class=\"wp-block-paragraph\"><strong><em>Quel message souhaitez-vous adresser \u00e0 la population togolaise ?<\/em><\/strong><\/p>\n\n\n\n<p class=\"wp-block-paragraph\">L\u2019heure est venue de nous rassembler autour de l\u2019essentiel : l\u2019avenir de notre pays.<br>Il ne sert \u00e0 rien de continuer \u00e0 entretenir des divisions st\u00e9riles, ou de sombrer dans le fatalisme. Chacun, \u00e0 son niveau, a un r\u00f4le \u00e0 jouer dans la construction d\u2019un Togo meilleur.<\/p>\n\n\n<div class=\"wp-block-image\">\n<figure class=\"aligncenter size-full is-resized\"><img loading=\"lazy\" decoding=\"async\" width=\"500\" height=\"304\" src=\"https:\/\/macite.tg\/wp-content\/uploads\/2025\/05\/OTR_SAM-2.jpg\" alt=\"\" class=\"wp-image-22378\" style=\"width:597px;height:auto\" srcset=\"https:\/\/macite.tg\/wp-content\/uploads\/2025\/05\/OTR_SAM-2.jpg 500w, https:\/\/macite.tg\/wp-content\/uploads\/2025\/05\/OTR_SAM-2-300x182.jpg 300w\" sizes=\"auto, (max-width: 500px) 100vw, 500px\" \/><\/figure>\n<\/div>\n\n\n<p class=\"wp-block-paragraph\">Les CUI tendent la main \u00e0 tous les Togolais, \u00e0 toutes les comp\u00e9tences, \u00e0 tous ceux qui aspirent \u00e0 un changement vrai.<br>Nous ne pr\u00e9tendons pas avoir les r\u00e9ponses pour tout, mais nous avons la volont\u00e9, la vision et la conviction que le Togo peut devenir meilleur. Ensemble, redonnons de la dignit\u00e9 \u00e0 notre peuple, construisons une soci\u00e9t\u00e9 politique apais\u00e9e, et faisons de notre pays un exemple de gouvernance responsable en Afrique.<\/p>\n\n\n\n<p class=\"wp-block-paragraph\"><strong><u>Source<\/u>: actualiteinfo.tg<\/strong><\/p>\n\n\n\n<p class=\"wp-block-paragraph\"><a><strong><em>@macite.tg&nbsp;&nbsp;&nbsp;&nbsp;&nbsp;&nbsp;&nbsp;&nbsp;<\/em><\/strong><\/a><\/p>\n\n\n\n<p class=\"wp-block-paragraph\"><strong><em>E-mail&nbsp;: <\/em><\/strong><a href=\"mailto:maciteinfo@gmail.com\"><strong><em>maciteinfo@gmail.com<\/em><\/strong><\/a><strong><em>; <\/em><\/strong><a href=\"mailto:bawela1@gmail.com\"><strong><em>bawela1@gmail.com<\/em><\/strong><\/a><strong><em> <\/em><\/strong><strong><em><\/em><\/strong><\/p>\n\n\n\n<p class=\"wp-block-paragraph\"><strong><em>Pour vos annonces, (publi)reportages, etc., joignez-nous au (00228)91515309\/<strong>79872224 <\/strong>www.macite.tg, L\u2019information, la bonne&nbsp;!<\/em><\/strong><\/p>\n\n\n\n<p class=\"wp-block-paragraph\"><\/p>\n","protected":false},"excerpt":{"rendered":"<p class=\"text-justify mb-2\" >Dans un contexte politique togolais en qu\u00eate de renouveau, o\u00f9 les citoyens aspirent \u00e0 plus d\u2019inclusion, de justice sociale et de gouvernance responsable, de nouveaux acteurs \u00e9mergent avec une vision alternative. Parmi eux, le mouvement Citoyens Unis pour l\u2019Int\u00e9gration (CUI), port\u00e9 par le\u00a0Dr Ekue Gada\u00a0, [&hellip;]<\/p>\n","protected":false},"author":2,"featured_media":22500,"comment_status":"open","ping_status":"open","sticky":false,"template":"","format":"standard","meta":{"footnotes":""},"categories":[20,6],"tags":[],"class_list":["post-22498","post","type-post","status-publish","format-standard","has-post-thumbnail","hentry","category-actualite","category-societe"],"yoast_head":"<!-- This site is optimized with the Yoast SEO plugin v28.4 - https:\/\/yoast.com\/product\/yoast-seo-wordpress\/ -->\n<title>DR EKUE F. GADA, PRESIDENT DES CITOYENS UNIS POUR L\u2019INTEGRATION : \u00ab\u00a0Redonner au citoyen sa place centrale dans la vie politique togolaise\u00a0\u00bb -<\/title>\n<meta name=\"robots\" content=\"index, follow, max-snippet:-1, max-image-preview:large, max-video-preview:-1\" \/>\n<link rel=\"canonical\" href=\"https:\/\/macite.tg\/?p=22498\" \/>\n<meta property=\"og:locale\" content=\"fr_FR\" \/>\n<meta property=\"og:type\" content=\"article\" \/>\n<meta property=\"og:title\" content=\"DR EKUE F. GADA, PRESIDENT DES CITOYENS UNIS POUR L\u2019INTEGRATION : \u00ab\u00a0Redonner au citoyen sa place centrale dans la vie politique togolaise\u00a0\u00bb -\" \/>\n<meta property=\"og:description\" content=\"Dans un contexte politique togolais en qu\u00eate de renouveau, o\u00f9 les citoyens aspirent \u00e0 plus d\u2019inclusion, de justice sociale et de gouvernance responsable, de nouveaux acteurs \u00e9mergent avec une vision alternative. Parmi eux, le mouvement Citoyens Unis pour l\u2019Int\u00e9gration (CUI), port\u00e9 par le\u00a0Dr Ekue Gada\u00a0, [&hellip;]\" \/>\n<meta property=\"og:url\" content=\"https:\/\/macite.tg\/?p=22498\" \/>\n<meta property=\"article:published_time\" content=\"2025-06-02T13:43:32+00:00\" \/>\n<meta property=\"article:modified_time\" content=\"2025-06-02T13:43:55+00:00\" \/>\n<meta property=\"og:image\" content=\"https:\/\/macite.tg\/wp-content\/uploads\/2025\/06\/Dr-Gada.jpg\" \/>\n\t<meta property=\"og:image:width\" content=\"500\" \/>\n\t<meta property=\"og:image:height\" content=\"242\" \/>\n\t<meta property=\"og:image:type\" content=\"image\/jpeg\" \/>\n<meta name=\"author\" content=\"Jean Pierre BAWELA\" \/>\n<meta name=\"twitter:card\" content=\"summary_large_image\" \/>\n<meta name=\"twitter:label1\" content=\"\u00c9crit par\" \/>\n\t<meta name=\"twitter:data1\" content=\"Jean Pierre BAWELA\" \/>\n\t<meta name=\"twitter:label2\" content=\"Dur\u00e9e de lecture estim\u00e9e\" \/>\n\t<meta name=\"twitter:data2\" content=\"6 minutes\" \/>\n<script type=\"application\/ld+json\" class=\"yoast-schema-graph\">{\"@context\":\"https:\\\/\\\/schema.org\",\"@graph\":[{\"@type\":\"Article\",\"@id\":\"https:\\\/\\\/macite.tg\\\/?p=22498#article\",\"isPartOf\":{\"@id\":\"https:\\\/\\\/macite.tg\\\/?p=22498\"},\"author\":{\"name\":\"Jean Pierre BAWELA\",\"@id\":\"https:\\\/\\\/macite.tg\\\/#\\\/schema\\\/person\\\/e9f2de7e5dbbe7770a9402c7ce82f5c2\"},\"headline\":\"DR EKUE F. GADA, PRESIDENT DES CITOYENS UNIS POUR L\u2019INTEGRATION : \u00ab\u00a0Redonner au citoyen sa place centrale dans la vie politique togolaise\u00a0\u00bb\",\"datePublished\":\"2025-06-02T13:43:32+00:00\",\"dateModified\":\"2025-06-02T13:43:55+00:00\",\"mainEntityOfPage\":{\"@id\":\"https:\\\/\\\/macite.tg\\\/?p=22498\"},\"wordCount\":1078,\"commentCount\":0,\"image\":{\"@id\":\"https:\\\/\\\/macite.tg\\\/?p=22498#primaryimage\"},\"thumbnailUrl\":\"https:\\\/\\\/macite.tg\\\/wp-content\\\/uploads\\\/2025\\\/06\\\/Dr-Gada.jpg\",\"articleSection\":[\"ACTUALITE\",\"SOCIETE\"],\"inLanguage\":\"fr-FR\",\"potentialAction\":[{\"@type\":\"CommentAction\",\"name\":\"Comment\",\"target\":[\"https:\\\/\\\/macite.tg\\\/?p=22498#respond\"]}]},{\"@type\":\"WebPage\",\"@id\":\"https:\\\/\\\/macite.tg\\\/?p=22498\",\"url\":\"https:\\\/\\\/macite.tg\\\/?p=22498\",\"name\":\"DR EKUE F. GADA, PRESIDENT DES CITOYENS UNIS POUR L\u2019INTEGRATION : \u00ab\u00a0Redonner au citoyen sa place centrale dans la vie politique togolaise\u00a0\u00bb -\",\"isPartOf\":{\"@id\":\"https:\\\/\\\/macite.tg\\\/#website\"},\"primaryImageOfPage\":{\"@id\":\"https:\\\/\\\/macite.tg\\\/?p=22498#primaryimage\"},\"image\":{\"@id\":\"https:\\\/\\\/macite.tg\\\/?p=22498#primaryimage\"},\"thumbnailUrl\":\"https:\\\/\\\/macite.tg\\\/wp-content\\\/uploads\\\/2025\\\/06\\\/Dr-Gada.jpg\",\"datePublished\":\"2025-06-02T13:43:32+00:00\",\"dateModified\":\"2025-06-02T13:43:55+00:00\",\"author\":{\"@id\":\"https:\\\/\\\/macite.tg\\\/#\\\/schema\\\/person\\\/e9f2de7e5dbbe7770a9402c7ce82f5c2\"},\"breadcrumb\":{\"@id\":\"https:\\\/\\\/macite.tg\\\/?p=22498#breadcrumb\"},\"inLanguage\":\"fr-FR\",\"potentialAction\":[{\"@type\":\"ReadAction\",\"target\":[\"https:\\\/\\\/macite.tg\\\/?p=22498\"]}]},{\"@type\":\"ImageObject\",\"inLanguage\":\"fr-FR\",\"@id\":\"https:\\\/\\\/macite.tg\\\/?p=22498#primaryimage\",\"url\":\"https:\\\/\\\/macite.tg\\\/wp-content\\\/uploads\\\/2025\\\/06\\\/Dr-Gada.jpg\",\"contentUrl\":\"https:\\\/\\\/macite.tg\\\/wp-content\\\/uploads\\\/2025\\\/06\\\/Dr-Gada.jpg\",\"width\":500,\"height\":242,\"caption\":\"Dr EKUE F. Gada, Pr\u00e9sident des Citoyens Unis pour l\u2019Int\u00e9gration (CUI)\"},{\"@type\":\"BreadcrumbList\",\"@id\":\"https:\\\/\\\/macite.tg\\\/?p=22498#breadcrumb\",\"itemListElement\":[{\"@type\":\"ListItem\",\"position\":1,\"name\":\"Accueil\",\"item\":\"https:\\\/\\\/macite.tg\\\/\"},{\"@type\":\"ListItem\",\"position\":2,\"name\":\"DR EKUE F. GADA, PRESIDENT DES CITOYENS UNIS POUR L\u2019INTEGRATION : \u00ab\u00a0Redonner au citoyen sa place centrale dans la vie politique togolaise\u00a0\u00bb\"}]},{\"@type\":\"WebSite\",\"@id\":\"https:\\\/\\\/macite.tg\\\/#website\",\"url\":\"https:\\\/\\\/macite.tg\\\/\",\"name\":\"\",\"description\":\"L&#039;information, la bonne!!!\",\"potentialAction\":[{\"@type\":\"SearchAction\",\"target\":{\"@type\":\"EntryPoint\",\"urlTemplate\":\"https:\\\/\\\/macite.tg\\\/?s={search_term_string}\"},\"query-input\":{\"@type\":\"PropertyValueSpecification\",\"valueRequired\":true,\"valueName\":\"search_term_string\"}}],\"inLanguage\":\"fr-FR\"},{\"@type\":\"Person\",\"@id\":\"https:\\\/\\\/macite.tg\\\/#\\\/schema\\\/person\\\/e9f2de7e5dbbe7770a9402c7ce82f5c2\",\"name\":\"Jean Pierre BAWELA\",\"image\":{\"@type\":\"ImageObject\",\"inLanguage\":\"fr-FR\",\"@id\":\"https:\\\/\\\/macite.tg\\\/wp-content\\\/uploads\\\/2023\\\/09\\\/WhatsApp-Image-2023-09-19-at-14.44.41-122x122.jpeg\",\"url\":\"https:\\\/\\\/macite.tg\\\/wp-content\\\/uploads\\\/2023\\\/09\\\/WhatsApp-Image-2023-09-19-at-14.44.41-122x122.jpeg\",\"contentUrl\":\"https:\\\/\\\/macite.tg\\\/wp-content\\\/uploads\\\/2023\\\/09\\\/WhatsApp-Image-2023-09-19-at-14.44.41-122x122.jpeg\",\"caption\":\"Jean Pierre BAWELA\"},\"url\":\"https:\\\/\\\/macite.tg\\\/?author=2\"}]}<\/script>\n<!-- \/ Yoast SEO plugin. -->","yoast_head_json":{"title":"DR EKUE F. GADA, PRESIDENT DES CITOYENS UNIS POUR L\u2019INTEGRATION : \u00ab\u00a0Redonner au citoyen sa place centrale dans la vie politique togolaise\u00a0\u00bb -","robots":{"index":"index","follow":"follow","max-snippet":"max-snippet:-1","max-image-preview":"max-image-preview:large","max-video-preview":"max-video-preview:-1"},"canonical":"https:\/\/macite.tg\/?p=22498","og_locale":"fr_FR","og_type":"article","og_title":"DR EKUE F. GADA, PRESIDENT DES CITOYENS UNIS POUR L\u2019INTEGRATION : \u00ab\u00a0Redonner au citoyen sa place centrale dans la vie politique togolaise\u00a0\u00bb -","og_description":"Dans un contexte politique togolais en qu\u00eate de renouveau, o\u00f9 les citoyens aspirent \u00e0 plus d\u2019inclusion, de justice sociale et de gouvernance responsable, de nouveaux acteurs \u00e9mergent avec une vision alternative. Parmi eux, le mouvement Citoyens Unis pour l\u2019Int\u00e9gration (CUI), port\u00e9 par le\u00a0Dr Ekue Gada\u00a0, [&hellip;]","og_url":"https:\/\/macite.tg\/?p=22498","article_published_time":"2025-06-02T13:43:32+00:00","article_modified_time":"2025-06-02T13:43:55+00:00","og_image":[{"width":500,"height":242,"url":"https:\/\/macite.tg\/wp-content\/uploads\/2025\/06\/Dr-Gada.jpg","type":"image\/jpeg"}],"author":"Jean Pierre BAWELA","twitter_card":"summary_large_image","twitter_misc":{"\u00c9crit par":"Jean Pierre BAWELA","Dur\u00e9e de lecture estim\u00e9e":"6 minutes"},"schema":{"@context":"https:\/\/schema.org","@graph":[{"@type":"Article","@id":"https:\/\/macite.tg\/?p=22498#article","isPartOf":{"@id":"https:\/\/macite.tg\/?p=22498"},"author":{"name":"Jean Pierre BAWELA","@id":"https:\/\/macite.tg\/#\/schema\/person\/e9f2de7e5dbbe7770a9402c7ce82f5c2"},"headline":"DR EKUE F. GADA, PRESIDENT DES CITOYENS UNIS POUR L\u2019INTEGRATION : \u00ab\u00a0Redonner au citoyen sa place centrale dans la vie politique togolaise\u00a0\u00bb","datePublished":"2025-06-02T13:43:32+00:00","dateModified":"2025-06-02T13:43:55+00:00","mainEntityOfPage":{"@id":"https:\/\/macite.tg\/?p=22498"},"wordCount":1078,"commentCount":0,"image":{"@id":"https:\/\/macite.tg\/?p=22498#primaryimage"},"thumbnailUrl":"https:\/\/macite.tg\/wp-content\/uploads\/2025\/06\/Dr-Gada.jpg","articleSection":["ACTUALITE","SOCIETE"],"inLanguage":"fr-FR","potentialAction":[{"@type":"CommentAction","name":"Comment","target":["https:\/\/macite.tg\/?p=22498#respond"]}]},{"@type":"WebPage","@id":"https:\/\/macite.tg\/?p=22498","url":"https:\/\/macite.tg\/?p=22498","name":"DR EKUE F. GADA, PRESIDENT DES CITOYENS UNIS POUR L\u2019INTEGRATION : \u00ab\u00a0Redonner au citoyen sa place centrale dans la vie politique togolaise\u00a0\u00bb -","isPartOf":{"@id":"https:\/\/macite.tg\/#website"},"primaryImageOfPage":{"@id":"https:\/\/macite.tg\/?p=22498#primaryimage"},"image":{"@id":"https:\/\/macite.tg\/?p=22498#primaryimage"},"thumbnailUrl":"https:\/\/macite.tg\/wp-content\/uploads\/2025\/06\/Dr-Gada.jpg","datePublished":"2025-06-02T13:43:32+00:00","dateModified":"2025-06-02T13:43:55+00:00","author":{"@id":"https:\/\/macite.tg\/#\/schema\/person\/e9f2de7e5dbbe7770a9402c7ce82f5c2"},"breadcrumb":{"@id":"https:\/\/macite.tg\/?p=22498#breadcrumb"},"inLanguage":"fr-FR","potentialAction":[{"@type":"ReadAction","target":["https:\/\/macite.tg\/?p=22498"]}]},{"@type":"ImageObject","inLanguage":"fr-FR","@id":"https:\/\/macite.tg\/?p=22498#primaryimage","url":"https:\/\/macite.tg\/wp-content\/uploads\/2025\/06\/Dr-Gada.jpg","contentUrl":"https:\/\/macite.tg\/wp-content\/uploads\/2025\/06\/Dr-Gada.jpg","width":500,"height":242,"caption":"Dr EKUE F. Gada, Pr\u00e9sident des Citoyens Unis pour l\u2019Int\u00e9gration (CUI)"},{"@type":"BreadcrumbList","@id":"https:\/\/macite.tg\/?p=22498#breadcrumb","itemListElement":[{"@type":"ListItem","position":1,"name":"Accueil","item":"https:\/\/macite.tg\/"},{"@type":"ListItem","position":2,"name":"DR EKUE F. GADA, PRESIDENT DES CITOYENS UNIS POUR L\u2019INTEGRATION : \u00ab\u00a0Redonner au citoyen sa place centrale dans la vie politique togolaise\u00a0\u00bb"}]},{"@type":"WebSite","@id":"https:\/\/macite.tg\/#website","url":"https:\/\/macite.tg\/","name":"","description":"L&#039;information, la bonne!!!","potentialAction":[{"@type":"SearchAction","target":{"@type":"EntryPoint","urlTemplate":"https:\/\/macite.tg\/?s={search_term_string}"},"query-input":{"@type":"PropertyValueSpecification","valueRequired":true,"valueName":"search_term_string"}}],"inLanguage":"fr-FR"},{"@type":"Person","@id":"https:\/\/macite.tg\/#\/schema\/person\/e9f2de7e5dbbe7770a9402c7ce82f5c2","name":"Jean Pierre BAWELA","image":{"@type":"ImageObject","inLanguage":"fr-FR","@id":"https:\/\/macite.tg\/wp-content\/uploads\/2023\/09\/WhatsApp-Image-2023-09-19-at-14.44.41-122x122.jpeg","url":"https:\/\/macite.tg\/wp-content\/uploads\/2023\/09\/WhatsApp-Image-2023-09-19-at-14.44.41-122x122.jpeg","contentUrl":"https:\/\/macite.tg\/wp-content\/uploads\/2023\/09\/WhatsApp-Image-2023-09-19-at-14.44.41-122x122.jpeg","caption":"Jean Pierre BAWELA"},"url":"https:\/\/macite.tg\/?author=2"}]}},"_links":{"self":[{"href":"https:\/\/macite.tg\/index.php?rest_route=\/wp\/v2\/posts\/22498","targetHints":{"allow":["GET"]}}],"collection":[{"href":"https:\/\/macite.tg\/index.php?rest_route=\/wp\/v2\/posts"}],"about":[{"href":"https:\/\/macite.tg\/index.php?rest_route=\/wp\/v2\/types\/post"}],"author":[{"embeddable":true,"href":"https:\/\/macite.tg\/index.php?rest_route=\/wp\/v2\/users\/2"}],"replies":[{"embeddable":true,"href":"https:\/\/macite.tg\/index.php?rest_route=%2Fwp%2Fv2%2Fcomments&post=22498"}],"version-history":[{"count":0,"href":"https:\/\/macite.tg\/index.php?rest_route=\/wp\/v2\/posts\/22498\/revisions"}],"wp:featuredmedia":[{"embeddable":true,"href":"https:\/\/macite.tg\/index.php?rest_route=\/wp\/v2\/media\/22500"}],"wp:attachment":[{"href":"https:\/\/macite.tg\/index.php?rest_route=%2Fwp%2Fv2%2Fmedia&parent=22498"}],"wp:term":[{"taxonomy":"category","embeddable":true,"href":"https:\/\/macite.tg\/index.php?rest_route=%2Fwp%2Fv2%2Fcategories&post=22498"},{"taxonomy":"post_tag","embeddable":true,"href":"https:\/\/macite.tg\/index.php?rest_route=%2Fwp%2Fv2%2Ftags&post=22498"}],"curies":[{"name":"wp","href":"https:\/\/api.w.org\/{rel}","templated":true}]}}