{"id":22492,"date":"2025-06-02T12:58:38","date_gmt":"2025-06-02T12:58:38","guid":{"rendered":"https:\/\/macite.tg\/?p=22492"},"modified":"2025-06-04T13:41:35","modified_gmt":"2025-06-04T13:41:35","slug":"22492","status":"publish","type":"post","link":"https:\/\/macite.tg\/?p=22492","title":{"rendered":"KPELE\u00a0: Un bus de Nagod\u00e9 impliqu\u00e9 dans un grave accident"},"content":{"rendered":"\n<p class=\"wp-block-paragraph\"><strong><em>La route a encore frapp\u00e9&nbsp;! Un grave accident de la circulation s\u2019est produit sur la nationale n01, ce petit matin, autour de 3heures, aux environs de Kp\u00e9l\u00e9, peu avant Nots\u00e8. Un bus de la compagnie de transport Nagod\u00e9, a fini sa course dans le ravin, apr\u00e8s que le chauffeur ait perdu le contr\u00f4le de l\u2019engin, faisant plusieurs victimes, selon les premiers t\u00e9moignages.<\/em><\/strong><\/p>\n\n\n\n<p class=\"wp-block-paragraph\">Depuis ce matin \u00e0 3heures, la nationale N\u00b01 est bloqu\u00e9e, dans les deux sens, causant un \u00e9norme bouchon peu avant Nots\u00e8, aux environs de Kp\u00e9l\u00e9. En effet, un bus de la compagnie Nagod\u00e9, impliqu\u00e9 dans un grave accident, bloque la circulation.<\/p>\n\n\n<div class=\"wp-block-image\">\n<figure class=\"aligncenter size-full is-resized\"><img loading=\"lazy\" decoding=\"async\" width=\"690\" height=\"170\" src=\"https:\/\/macite.tg\/wp-content\/uploads\/2025\/05\/OTR_TVM-2.jpg\" alt=\"\" class=\"wp-image-22300\" style=\"width:840px;height:auto\" srcset=\"https:\/\/macite.tg\/wp-content\/uploads\/2025\/05\/OTR_TVM-2.jpg 690w, https:\/\/macite.tg\/wp-content\/uploads\/2025\/05\/OTR_TVM-2-300x74.jpg 300w\" sizes=\"auto, (max-width: 690px) 100vw, 690px\" \/><\/figure>\n<\/div>\n\n\n<p class=\"wp-block-paragraph\">Selon les premiers t\u00e9moignages, le chauffeur dudit bus, qui ralliait la capitale, a perdu le contr\u00f4le de l\u2019engin, en \u00e9vitant d\u2019entrer en collision avec un autre bus venant en sens inverse. L\u2019accident d\u2019une rare violence, a fait des victimes et des d\u00e9g\u00e2ts mat\u00e9riels importants.<\/p>\n\n\n\n<p class=\"wp-block-paragraph\">Alert\u00e9s, les \u00e9quipes de secours et les sapeurs-pompiers se sont transport\u00e9s sur les lieux pour porter assistance. Les bless\u00e9s, qui se comptent par dizaines, ont \u00e9t\u00e9 transf\u00e9r\u00e9s au CHP de Nots\u00e8 pour des soins.<\/p>\n\n\n<div class=\"wp-block-image\">\n<figure class=\"aligncenter size-large is-resized\"><img loading=\"lazy\" decoding=\"async\" width=\"1024\" height=\"1024\" src=\"https:\/\/macite.tg\/wp-content\/uploads\/2025\/05\/Geo-ref-1024x1024.png\" alt=\"\" class=\"wp-image-22358\" style=\"width:558px;height:auto\" srcset=\"https:\/\/macite.tg\/wp-content\/uploads\/2025\/05\/Geo-ref-1024x1024.png 1024w, https:\/\/macite.tg\/wp-content\/uploads\/2025\/05\/Geo-ref-300x300.png 300w, https:\/\/macite.tg\/wp-content\/uploads\/2025\/05\/Geo-ref-150x150.png 150w, https:\/\/macite.tg\/wp-content\/uploads\/2025\/05\/Geo-ref-768x768.png 768w, https:\/\/macite.tg\/wp-content\/uploads\/2025\/05\/Geo-ref-122x122.png 122w, https:\/\/macite.tg\/wp-content\/uploads\/2025\/05\/Geo-ref.png 1080w\" sizes=\"auto, (max-width: 1024px) 100vw, 1024px\" \/><\/figure>\n<\/div>\n\n\n<p class=\"wp-block-paragraph\">Pour l\u2019heure, ni le bilan officiel ni les causes exactes de ce drame ne sont encore \u00e9tablies.<\/p>\n\n\n\n<p class=\"wp-block-paragraph\">Aux derni\u00e8res nouvelles, des sources proches annoncent une dizaine de d\u00e9c\u00e8s et plusieurs bless\u00e9s &#8230;<\/p>\n\n\n\n<p class=\"wp-block-paragraph\"><em>Nous y reviendrons&nbsp;!<\/em><\/p>\n\n\n\n<p class=\"wp-block-paragraph\"><strong>La R\u00e9daction<\/strong><\/p>\n\n\n\n<p class=\"wp-block-paragraph\"><a><strong><em>@macite.tg&nbsp;&nbsp;&nbsp;&nbsp;&nbsp;&nbsp;&nbsp;&nbsp;<\/em><\/strong><\/a><\/p>\n\n\n\n<p class=\"wp-block-paragraph\"><strong><em>E-mail&nbsp;: <\/em><\/strong><a href=\"mailto:maciteinfo@gmail.com\"><strong><em>maciteinfo@gmail.com<\/em><\/strong><\/a><strong><em>; <\/em><\/strong><a href=\"mailto:bawela1@gmail.com\"><strong><em>bawela1@gmail.com<\/em><\/strong><\/a><strong><em><\/em><\/strong><\/p>\n\n\n\n<p class=\"wp-block-paragraph\"><strong><em>Pour vos annonces, (publi)reportages, etc., joignez-nous au (00228)91515309\/<strong>79872224 <\/strong>www.macite.tg, L\u2019information, la bonne&nbsp;!<\/em><\/strong><\/p>\n","protected":false},"excerpt":{"rendered":"<p class=\"text-justify mb-2\" >La route a encore frapp\u00e9&nbsp;! Un grave accident de la circulation s\u2019est produit sur la nationale n01, ce petit matin, autour de 3heures, aux environs de Kp\u00e9l\u00e9, peu avant Nots\u00e8. Un bus de la compagnie de transport Nagod\u00e9, a fini sa course dans le ravin, [&hellip;]<\/p>\n","protected":false},"author":2,"featured_media":22493,"comment_status":"open","ping_status":"open","sticky":false,"template":"","format":"standard","meta":{"footnotes":""},"categories":[20,36],"tags":[],"class_list":["post-22492","post","type-post","status-publish","format-standard","has-post-thumbnail","hentry","category-actualite","category-drame"],"yoast_head":"<!-- This site is optimized with the Yoast SEO plugin v28.4 - https:\/\/yoast.com\/product\/yoast-seo-wordpress\/ -->\n<title>KPELE\u00a0: Un bus de Nagod\u00e9 impliqu\u00e9 dans un grave accident -<\/title>\n<meta name=\"robots\" content=\"index, follow, max-snippet:-1, max-image-preview:large, max-video-preview:-1\" \/>\n<link rel=\"canonical\" href=\"https:\/\/macite.tg\/?p=22492\" \/>\n<meta property=\"og:locale\" content=\"fr_FR\" \/>\n<meta property=\"og:type\" content=\"article\" \/>\n<meta property=\"og:title\" content=\"KPELE\u00a0: Un bus de Nagod\u00e9 impliqu\u00e9 dans un grave accident -\" \/>\n<meta property=\"og:description\" content=\"La route a encore frapp\u00e9&nbsp;! Un grave accident de la circulation s\u2019est produit sur la nationale n01, ce petit matin, autour de 3heures, aux environs de Kp\u00e9l\u00e9, peu avant Nots\u00e8. Un bus de la compagnie de transport Nagod\u00e9, a fini sa course dans le ravin, [&hellip;]\" \/>\n<meta property=\"og:url\" content=\"https:\/\/macite.tg\/?p=22492\" \/>\n<meta property=\"article:published_time\" content=\"2025-06-02T12:58:38+00:00\" \/>\n<meta property=\"article:modified_time\" content=\"2025-06-04T13:41:35+00:00\" \/>\n<meta property=\"og:image\" content=\"https:\/\/macite.tg\/wp-content\/uploads\/2025\/06\/Accident-Nagode.jpg\" \/>\n\t<meta property=\"og:image:width\" content=\"500\" \/>\n\t<meta property=\"og:image:height\" content=\"306\" \/>\n\t<meta property=\"og:image:type\" content=\"image\/jpeg\" \/>\n<meta name=\"author\" content=\"Jean Pierre BAWELA\" \/>\n<meta name=\"twitter:card\" content=\"summary_large_image\" \/>\n<meta name=\"twitter:label1\" content=\"\u00c9crit par\" \/>\n\t<meta name=\"twitter:data1\" content=\"Jean Pierre BAWELA\" \/>\n\t<meta name=\"twitter:label2\" content=\"Dur\u00e9e de lecture estim\u00e9e\" \/>\n\t<meta name=\"twitter:data2\" content=\"2 minutes\" \/>\n<script type=\"application\/ld+json\" class=\"yoast-schema-graph\">{\"@context\":\"https:\\\/\\\/schema.org\",\"@graph\":[{\"@type\":\"Article\",\"@id\":\"https:\\\/\\\/macite.tg\\\/?p=22492#article\",\"isPartOf\":{\"@id\":\"https:\\\/\\\/macite.tg\\\/?p=22492\"},\"author\":{\"name\":\"Jean Pierre BAWELA\",\"@id\":\"https:\\\/\\\/macite.tg\\\/#\\\/schema\\\/person\\\/e9f2de7e5dbbe7770a9402c7ce82f5c2\"},\"headline\":\"KPELE\u00a0: Un bus de Nagod\u00e9 impliqu\u00e9 dans un grave accident\",\"datePublished\":\"2025-06-02T12:58:38+00:00\",\"dateModified\":\"2025-06-04T13:41:35+00:00\",\"mainEntityOfPage\":{\"@id\":\"https:\\\/\\\/macite.tg\\\/?p=22492\"},\"wordCount\":290,\"commentCount\":0,\"image\":{\"@id\":\"https:\\\/\\\/macite.tg\\\/?p=22492#primaryimage\"},\"thumbnailUrl\":\"https:\\\/\\\/macite.tg\\\/wp-content\\\/uploads\\\/2025\\\/06\\\/Accident-Nagode.jpg\",\"articleSection\":[\"ACTUALITE\",\"DRAME\"],\"inLanguage\":\"fr-FR\",\"potentialAction\":[{\"@type\":\"CommentAction\",\"name\":\"Comment\",\"target\":[\"https:\\\/\\\/macite.tg\\\/?p=22492#respond\"]}]},{\"@type\":\"WebPage\",\"@id\":\"https:\\\/\\\/macite.tg\\\/?p=22492\",\"url\":\"https:\\\/\\\/macite.tg\\\/?p=22492\",\"name\":\"KPELE\u00a0: Un bus de Nagod\u00e9 impliqu\u00e9 dans un grave accident -\",\"isPartOf\":{\"@id\":\"https:\\\/\\\/macite.tg\\\/#website\"},\"primaryImageOfPage\":{\"@id\":\"https:\\\/\\\/macite.tg\\\/?p=22492#primaryimage\"},\"image\":{\"@id\":\"https:\\\/\\\/macite.tg\\\/?p=22492#primaryimage\"},\"thumbnailUrl\":\"https:\\\/\\\/macite.tg\\\/wp-content\\\/uploads\\\/2025\\\/06\\\/Accident-Nagode.jpg\",\"datePublished\":\"2025-06-02T12:58:38+00:00\",\"dateModified\":\"2025-06-04T13:41:35+00:00\",\"author\":{\"@id\":\"https:\\\/\\\/macite.tg\\\/#\\\/schema\\\/person\\\/e9f2de7e5dbbe7770a9402c7ce82f5c2\"},\"breadcrumb\":{\"@id\":\"https:\\\/\\\/macite.tg\\\/?p=22492#breadcrumb\"},\"inLanguage\":\"fr-FR\",\"potentialAction\":[{\"@type\":\"ReadAction\",\"target\":[\"https:\\\/\\\/macite.tg\\\/?p=22492\"]}]},{\"@type\":\"ImageObject\",\"inLanguage\":\"fr-FR\",\"@id\":\"https:\\\/\\\/macite.tg\\\/?p=22492#primaryimage\",\"url\":\"https:\\\/\\\/macite.tg\\\/wp-content\\\/uploads\\\/2025\\\/06\\\/Accident-Nagode.jpg\",\"contentUrl\":\"https:\\\/\\\/macite.tg\\\/wp-content\\\/uploads\\\/2025\\\/06\\\/Accident-Nagode.jpg\",\"width\":500,\"height\":306},{\"@type\":\"BreadcrumbList\",\"@id\":\"https:\\\/\\\/macite.tg\\\/?p=22492#breadcrumb\",\"itemListElement\":[{\"@type\":\"ListItem\",\"position\":1,\"name\":\"Accueil\",\"item\":\"https:\\\/\\\/macite.tg\\\/\"},{\"@type\":\"ListItem\",\"position\":2,\"name\":\"KPELE\u00a0: Un bus de Nagod\u00e9 impliqu\u00e9 dans un grave accident\"}]},{\"@type\":\"WebSite\",\"@id\":\"https:\\\/\\\/macite.tg\\\/#website\",\"url\":\"https:\\\/\\\/macite.tg\\\/\",\"name\":\"\",\"description\":\"L&#039;information, la bonne!!!\",\"potentialAction\":[{\"@type\":\"SearchAction\",\"target\":{\"@type\":\"EntryPoint\",\"urlTemplate\":\"https:\\\/\\\/macite.tg\\\/?s={search_term_string}\"},\"query-input\":{\"@type\":\"PropertyValueSpecification\",\"valueRequired\":true,\"valueName\":\"search_term_string\"}}],\"inLanguage\":\"fr-FR\"},{\"@type\":\"Person\",\"@id\":\"https:\\\/\\\/macite.tg\\\/#\\\/schema\\\/person\\\/e9f2de7e5dbbe7770a9402c7ce82f5c2\",\"name\":\"Jean Pierre BAWELA\",\"image\":{\"@type\":\"ImageObject\",\"inLanguage\":\"fr-FR\",\"@id\":\"https:\\\/\\\/macite.tg\\\/wp-content\\\/uploads\\\/2023\\\/09\\\/WhatsApp-Image-2023-09-19-at-14.44.41-122x122.jpeg\",\"url\":\"https:\\\/\\\/macite.tg\\\/wp-content\\\/uploads\\\/2023\\\/09\\\/WhatsApp-Image-2023-09-19-at-14.44.41-122x122.jpeg\",\"contentUrl\":\"https:\\\/\\\/macite.tg\\\/wp-content\\\/uploads\\\/2023\\\/09\\\/WhatsApp-Image-2023-09-19-at-14.44.41-122x122.jpeg\",\"caption\":\"Jean Pierre BAWELA\"},\"url\":\"https:\\\/\\\/macite.tg\\\/?author=2\"}]}<\/script>\n<!-- \/ Yoast SEO plugin. -->","yoast_head_json":{"title":"KPELE\u00a0: Un bus de Nagod\u00e9 impliqu\u00e9 dans un grave accident -","robots":{"index":"index","follow":"follow","max-snippet":"max-snippet:-1","max-image-preview":"max-image-preview:large","max-video-preview":"max-video-preview:-1"},"canonical":"https:\/\/macite.tg\/?p=22492","og_locale":"fr_FR","og_type":"article","og_title":"KPELE\u00a0: Un bus de Nagod\u00e9 impliqu\u00e9 dans un grave accident -","og_description":"La route a encore frapp\u00e9&nbsp;! Un grave accident de la circulation s\u2019est produit sur la nationale n01, ce petit matin, autour de 3heures, aux environs de Kp\u00e9l\u00e9, peu avant Nots\u00e8. Un bus de la compagnie de transport Nagod\u00e9, a fini sa course dans le ravin, [&hellip;]","og_url":"https:\/\/macite.tg\/?p=22492","article_published_time":"2025-06-02T12:58:38+00:00","article_modified_time":"2025-06-04T13:41:35+00:00","og_image":[{"width":500,"height":306,"url":"https:\/\/macite.tg\/wp-content\/uploads\/2025\/06\/Accident-Nagode.jpg","type":"image\/jpeg"}],"author":"Jean Pierre BAWELA","twitter_card":"summary_large_image","twitter_misc":{"\u00c9crit par":"Jean Pierre BAWELA","Dur\u00e9e de lecture estim\u00e9e":"2 minutes"},"schema":{"@context":"https:\/\/schema.org","@graph":[{"@type":"Article","@id":"https:\/\/macite.tg\/?p=22492#article","isPartOf":{"@id":"https:\/\/macite.tg\/?p=22492"},"author":{"name":"Jean Pierre BAWELA","@id":"https:\/\/macite.tg\/#\/schema\/person\/e9f2de7e5dbbe7770a9402c7ce82f5c2"},"headline":"KPELE\u00a0: Un bus de Nagod\u00e9 impliqu\u00e9 dans un grave accident","datePublished":"2025-06-02T12:58:38+00:00","dateModified":"2025-06-04T13:41:35+00:00","mainEntityOfPage":{"@id":"https:\/\/macite.tg\/?p=22492"},"wordCount":290,"commentCount":0,"image":{"@id":"https:\/\/macite.tg\/?p=22492#primaryimage"},"thumbnailUrl":"https:\/\/macite.tg\/wp-content\/uploads\/2025\/06\/Accident-Nagode.jpg","articleSection":["ACTUALITE","DRAME"],"inLanguage":"fr-FR","potentialAction":[{"@type":"CommentAction","name":"Comment","target":["https:\/\/macite.tg\/?p=22492#respond"]}]},{"@type":"WebPage","@id":"https:\/\/macite.tg\/?p=22492","url":"https:\/\/macite.tg\/?p=22492","name":"KPELE\u00a0: Un bus de Nagod\u00e9 impliqu\u00e9 dans un grave accident -","isPartOf":{"@id":"https:\/\/macite.tg\/#website"},"primaryImageOfPage":{"@id":"https:\/\/macite.tg\/?p=22492#primaryimage"},"image":{"@id":"https:\/\/macite.tg\/?p=22492#primaryimage"},"thumbnailUrl":"https:\/\/macite.tg\/wp-content\/uploads\/2025\/06\/Accident-Nagode.jpg","datePublished":"2025-06-02T12:58:38+00:00","dateModified":"2025-06-04T13:41:35+00:00","author":{"@id":"https:\/\/macite.tg\/#\/schema\/person\/e9f2de7e5dbbe7770a9402c7ce82f5c2"},"breadcrumb":{"@id":"https:\/\/macite.tg\/?p=22492#breadcrumb"},"inLanguage":"fr-FR","potentialAction":[{"@type":"ReadAction","target":["https:\/\/macite.tg\/?p=22492"]}]},{"@type":"ImageObject","inLanguage":"fr-FR","@id":"https:\/\/macite.tg\/?p=22492#primaryimage","url":"https:\/\/macite.tg\/wp-content\/uploads\/2025\/06\/Accident-Nagode.jpg","contentUrl":"https:\/\/macite.tg\/wp-content\/uploads\/2025\/06\/Accident-Nagode.jpg","width":500,"height":306},{"@type":"BreadcrumbList","@id":"https:\/\/macite.tg\/?p=22492#breadcrumb","itemListElement":[{"@type":"ListItem","position":1,"name":"Accueil","item":"https:\/\/macite.tg\/"},{"@type":"ListItem","position":2,"name":"KPELE\u00a0: Un bus de Nagod\u00e9 impliqu\u00e9 dans un grave accident"}]},{"@type":"WebSite","@id":"https:\/\/macite.tg\/#website","url":"https:\/\/macite.tg\/","name":"","description":"L&#039;information, la bonne!!!","potentialAction":[{"@type":"SearchAction","target":{"@type":"EntryPoint","urlTemplate":"https:\/\/macite.tg\/?s={search_term_string}"},"query-input":{"@type":"PropertyValueSpecification","valueRequired":true,"valueName":"search_term_string"}}],"inLanguage":"fr-FR"},{"@type":"Person","@id":"https:\/\/macite.tg\/#\/schema\/person\/e9f2de7e5dbbe7770a9402c7ce82f5c2","name":"Jean Pierre BAWELA","image":{"@type":"ImageObject","inLanguage":"fr-FR","@id":"https:\/\/macite.tg\/wp-content\/uploads\/2023\/09\/WhatsApp-Image-2023-09-19-at-14.44.41-122x122.jpeg","url":"https:\/\/macite.tg\/wp-content\/uploads\/2023\/09\/WhatsApp-Image-2023-09-19-at-14.44.41-122x122.jpeg","contentUrl":"https:\/\/macite.tg\/wp-content\/uploads\/2023\/09\/WhatsApp-Image-2023-09-19-at-14.44.41-122x122.jpeg","caption":"Jean Pierre BAWELA"},"url":"https:\/\/macite.tg\/?author=2"}]}},"_links":{"self":[{"href":"https:\/\/macite.tg\/index.php?rest_route=\/wp\/v2\/posts\/22492","targetHints":{"allow":["GET"]}}],"collection":[{"href":"https:\/\/macite.tg\/index.php?rest_route=\/wp\/v2\/posts"}],"about":[{"href":"https:\/\/macite.tg\/index.php?rest_route=\/wp\/v2\/types\/post"}],"author":[{"embeddable":true,"href":"https:\/\/macite.tg\/index.php?rest_route=\/wp\/v2\/users\/2"}],"replies":[{"embeddable":true,"href":"https:\/\/macite.tg\/index.php?rest_route=%2Fwp%2Fv2%2Fcomments&post=22492"}],"version-history":[{"count":0,"href":"https:\/\/macite.tg\/index.php?rest_route=\/wp\/v2\/posts\/22492\/revisions"}],"wp:featuredmedia":[{"embeddable":true,"href":"https:\/\/macite.tg\/index.php?rest_route=\/wp\/v2\/media\/22493"}],"wp:attachment":[{"href":"https:\/\/macite.tg\/index.php?rest_route=%2Fwp%2Fv2%2Fmedia&parent=22492"}],"wp:term":[{"taxonomy":"category","embeddable":true,"href":"https:\/\/macite.tg\/index.php?rest_route=%2Fwp%2Fv2%2Fcategories&post=22492"},{"taxonomy":"post_tag","embeddable":true,"href":"https:\/\/macite.tg\/index.php?rest_route=%2Fwp%2Fv2%2Ftags&post=22492"}],"curies":[{"name":"wp","href":"https:\/\/api.w.org\/{rel}","templated":true}]}}