{"id":22487,"date":"2025-06-02T11:02:03","date_gmt":"2025-06-02T11:02:03","guid":{"rendered":"https:\/\/macite.tg\/?p=22487"},"modified":"2025-06-02T11:02:07","modified_gmt":"2025-06-02T11:02:07","slug":"journee-de-larbre-2025-la-contribution-de-la-representation-nationale-a-latteinte-de-lambition-decennale-dun-milliard-darbres-dici-2030","status":"publish","type":"post","link":"https:\/\/macite.tg\/?p=22487","title":{"rendered":"JOURNEE DE L\u2019ARBRE 2025 : La contribution de la Repr\u00e9sentation nationale \u00e0 l\u2019atteinte de l\u2019ambition d\u00e9cennale d\u2019un milliard d\u2019arbres d\u2019ici 2030"},"content":{"rendered":"\n<p class=\"wp-block-paragraph\"><strong><em>Le Togo a c\u00e9l\u00e9br\u00e9, hier dimanche 1<sup>er<\/sup> juin, la Journ\u00e9e nationale de l\u2019arbre. Dans la dynamique nationale de reconstitution du couvert v\u00e9g\u00e9tal, port\u00e9e par les plus hautes autorit\u00e9s du pays et soutenue par les institutions de la R\u00e9publique, la Repr\u00e9sentation nationale a marqu\u00e9 la c\u00e9l\u00e9bration \u00e0 travers la mise en terre de 200 plants dans l\u2019enceinte et aux alentours de l\u2019institution.<\/em><\/strong><\/p>\n\n\n\n<p class=\"wp-block-paragraph\">Pour l\u2019\u00e9dition de cette ann\u00e9e, le Pr\u00e9sident de l\u2019Assembl\u00e9e nationale, Sevon-T\u00e9p\u00e9 Kodjo Ad\u00e9dz\u00e9, a donn\u00e9 l\u2019exemple en mettant en terre un plant d\u2019Araucaria Heterophylla. Il \u00e9tait entour\u00e9 des autres membres du bureau et de la conf\u00e9rence des pr\u00e9sidents, des d\u00e9put\u00e9s et du personnel de l\u2019administration parlementaire pour cet acte simple mais porteur d\u2019un grand espoir pour l\u2019environnement.<\/p>\n\n\n\n<p class=\"wp-block-paragraph\">Les esp\u00e8ces de plants notamment, Khaya senegalensis, Araucaria Heterophylla, mises en terre sur le domaine de l\u2019Assembl\u00e9e nationale ont \u00e9t\u00e9 choisies pour contribuer \u00e0 la reforestation communautaire.<\/p>\n\n\n<div class=\"wp-block-image\">\n<figure class=\"aligncenter size-full\"><img loading=\"lazy\" decoding=\"async\" width=\"851\" height=\"315\" src=\"https:\/\/macite.tg\/wp-content\/uploads\/2025\/05\/OTR_Ferer-pour-batir-1-2.jpg\" alt=\"\" class=\"wp-image-22346\" srcset=\"https:\/\/macite.tg\/wp-content\/uploads\/2025\/05\/OTR_Ferer-pour-batir-1-2.jpg 851w, https:\/\/macite.tg\/wp-content\/uploads\/2025\/05\/OTR_Ferer-pour-batir-1-2-300x111.jpg 300w, https:\/\/macite.tg\/wp-content\/uploads\/2025\/05\/OTR_Ferer-pour-batir-1-2-768x284.jpg 768w\" sizes=\"auto, (max-width: 851px) 100vw, 851px\" \/><\/figure>\n<\/div>\n\n\n<p class=\"wp-block-paragraph\">Pour l&rsquo;Honorable Nadjo N&rsquo;ladon, pr\u00e9sident de la Commission de l\u2019environnement de l\u2019Assembl\u00e9e nationale, il s\u2019agit l\u00e0 d\u2019une d\u00e9marche \u00e0 la fois pragmatique et \u00e9clair\u00e9e.<\/p>\n\n\n\n<p class=\"wp-block-paragraph\"><em>\u00ab Nous avons choisi certains plants pour leur caract\u00e8re ornemental et d&rsquo;autres pour leur vertu. Le Khaya senegalensis, par exemple, est une esp\u00e8ce particuli\u00e8rement efficace dans la captation du carbone. Elle nous permet de joindre l\u2019esth\u00e9tique \u00e0 l\u2019\u00e9cologie \u00bb,<\/em> a-t-il expliqu\u00e9.<\/p>\n\n\n\n<p class=\"wp-block-paragraph\">L\u2019engagement parlementaire ne se limite pas \u00e0 l\u2019enceinte de l\u2019institution. Chaque d\u00e9put\u00e9 mettra en terre 500 plants dans sa localit\u00e9. Une implication individuelle qui traduit la volont\u00e9 d\u2019ancrer l\u2019action \u00e9cologique au plus pr\u00e8s des communaut\u00e9s. Cette approche d\u00e9centralis\u00e9e renforce l\u2019ambition nationale qui est celle de planter deux millions d\u2019arbres pour cette \u00e9dition 2025 de la Journ\u00e9e de l\u2019arbre, et atteindre un milliard d\u2019ici \u00e0 2030.<\/p>\n\n\n\n<p class=\"wp-block-paragraph\">Selon le pr\u00e9sident Nadjo N\u2019ladon, planter un arbre, c\u2019est accomplir un devoir citoyen, c\u2019est pr\u00e9server la nature, c\u2019est aussi d\u00e9fendre le climat qui est aujourd\u2019hui menac\u00e9. Il appelle \u00e0 une large participation populaire pour que cette journ\u00e9e ne soit pas qu\u2019un symbole mais un acte collectif de refondation \u00e9cologique.<\/p>\n\n\n<div class=\"wp-block-image\">\n<figure class=\"aligncenter size-large is-resized\"><img loading=\"lazy\" decoding=\"async\" width=\"1024\" height=\"1024\" src=\"https:\/\/macite.tg\/wp-content\/uploads\/2025\/05\/Geo-ref-1024x1024.png\" alt=\"\" class=\"wp-image-22358\" style=\"width:588px;height:auto\" srcset=\"https:\/\/macite.tg\/wp-content\/uploads\/2025\/05\/Geo-ref-1024x1024.png 1024w, https:\/\/macite.tg\/wp-content\/uploads\/2025\/05\/Geo-ref-300x300.png 300w, https:\/\/macite.tg\/wp-content\/uploads\/2025\/05\/Geo-ref-150x150.png 150w, https:\/\/macite.tg\/wp-content\/uploads\/2025\/05\/Geo-ref-768x768.png 768w, https:\/\/macite.tg\/wp-content\/uploads\/2025\/05\/Geo-ref-122x122.png 122w, https:\/\/macite.tg\/wp-content\/uploads\/2025\/05\/Geo-ref.png 1080w\" sizes=\"auto, (max-width: 1024px) 100vw, 1024px\" \/><\/figure>\n<\/div>\n\n\n<p class=\"wp-block-paragraph\">Depuis son institution en 1977 par feu Pr\u00e9sident Gnassingb\u00e9 Eyad\u00e9ma, la Journ\u00e9e nationale de l\u2019arbre s\u2019est impos\u00e9e au fil des ann\u00e9es comme un rendez-vous majeur de l\u2019engagement environnemental au Togo. La repr\u00e9sentation nationale est au c\u0153ur de cet engagement pour un Togo encore plus vert.<\/p>\n\n\n\n<p class=\"wp-block-paragraph\"><strong>Avec Cellule Comm AN<\/strong><\/p>\n\n\n\n<p class=\"wp-block-paragraph\"><a><strong><em>@macite.tg&nbsp;&nbsp;&nbsp;&nbsp;&nbsp;&nbsp;&nbsp;&nbsp;<\/em><\/strong><\/a><\/p>\n\n\n\n<p class=\"wp-block-paragraph\"><strong><em>E-mail&nbsp;: <\/em><\/strong><a href=\"mailto:maciteinfo@gmail.com\"><strong><em>maciteinfo@gmail.com<\/em><\/strong><\/a><strong><em>; <\/em><\/strong><a href=\"mailto:bawela1@gmail.com\"><strong><em>bawela1@gmail.com<\/em><\/strong><\/a><strong><em><\/em><\/strong><\/p>\n\n\n\n<p class=\"wp-block-paragraph\"><strong><em>Pour vos annonces, (publi)reportages, etc., joignez-nous au (00228)91515309\/<strong>79872224 <\/strong>www.macite.tg, L\u2019information, la bonne&nbsp;!<\/em><\/strong><\/p>\n\n\n\n<p class=\"wp-block-paragraph\"><\/p>\n","protected":false},"excerpt":{"rendered":"<p class=\"text-justify mb-2\" >Le Togo a c\u00e9l\u00e9br\u00e9, hier dimanche 1er juin, la Journ\u00e9e nationale de l\u2019arbre. Dans la dynamique nationale de reconstitution du couvert v\u00e9g\u00e9tal, port\u00e9e par les plus hautes autorit\u00e9s du pays et soutenue par les institutions de la R\u00e9publique, la Repr\u00e9sentation nationale a marqu\u00e9 la c\u00e9l\u00e9bration [&hellip;]<\/p>\n","protected":false},"author":2,"featured_media":22489,"comment_status":"open","ping_status":"open","sticky":false,"template":"","format":"standard","meta":{"footnotes":""},"categories":[20,19],"tags":[],"class_list":["post-22487","post","type-post","status-publish","format-standard","has-post-thumbnail","hentry","category-actualite","category-environnement"],"yoast_head":"<!-- This site is optimized with the Yoast SEO plugin v28.4 - https:\/\/yoast.com\/product\/yoast-seo-wordpress\/ -->\n<title>JOURNEE DE L\u2019ARBRE 2025 : La contribution de la Repr\u00e9sentation nationale \u00e0 l\u2019atteinte de l\u2019ambition d\u00e9cennale d\u2019un milliard d\u2019arbres d\u2019ici 2030 -<\/title>\n<meta name=\"robots\" content=\"index, follow, max-snippet:-1, max-image-preview:large, max-video-preview:-1\" \/>\n<link rel=\"canonical\" href=\"https:\/\/macite.tg\/?p=22487\" \/>\n<meta property=\"og:locale\" content=\"fr_FR\" \/>\n<meta property=\"og:type\" content=\"article\" \/>\n<meta property=\"og:title\" content=\"JOURNEE DE L\u2019ARBRE 2025 : La contribution de la Repr\u00e9sentation nationale \u00e0 l\u2019atteinte de l\u2019ambition d\u00e9cennale d\u2019un milliard d\u2019arbres d\u2019ici 2030 -\" \/>\n<meta property=\"og:description\" content=\"Le Togo a c\u00e9l\u00e9br\u00e9, hier dimanche 1er juin, la Journ\u00e9e nationale de l\u2019arbre. Dans la dynamique nationale de reconstitution du couvert v\u00e9g\u00e9tal, port\u00e9e par les plus hautes autorit\u00e9s du pays et soutenue par les institutions de la R\u00e9publique, la Repr\u00e9sentation nationale a marqu\u00e9 la c\u00e9l\u00e9bration [&hellip;]\" \/>\n<meta property=\"og:url\" content=\"https:\/\/macite.tg\/?p=22487\" \/>\n<meta property=\"article:published_time\" content=\"2025-06-02T11:02:03+00:00\" \/>\n<meta property=\"article:modified_time\" content=\"2025-06-02T11:02:07+00:00\" \/>\n<meta property=\"og:image\" content=\"https:\/\/macite.tg\/wp-content\/uploads\/2025\/06\/AA.jpg\" \/>\n\t<meta property=\"og:image:width\" content=\"500\" \/>\n\t<meta property=\"og:image:height\" content=\"330\" \/>\n\t<meta property=\"og:image:type\" content=\"image\/jpeg\" \/>\n<meta name=\"author\" content=\"Jean Pierre BAWELA\" \/>\n<meta name=\"twitter:card\" content=\"summary_large_image\" \/>\n<meta name=\"twitter:label1\" content=\"\u00c9crit par\" \/>\n\t<meta name=\"twitter:data1\" content=\"Jean Pierre BAWELA\" \/>\n\t<meta name=\"twitter:label2\" content=\"Dur\u00e9e de lecture estim\u00e9e\" \/>\n\t<meta name=\"twitter:data2\" content=\"3 minutes\" \/>\n<script type=\"application\/ld+json\" class=\"yoast-schema-graph\">{\"@context\":\"https:\\\/\\\/schema.org\",\"@graph\":[{\"@type\":\"Article\",\"@id\":\"https:\\\/\\\/macite.tg\\\/?p=22487#article\",\"isPartOf\":{\"@id\":\"https:\\\/\\\/macite.tg\\\/?p=22487\"},\"author\":{\"name\":\"Jean Pierre BAWELA\",\"@id\":\"https:\\\/\\\/macite.tg\\\/#\\\/schema\\\/person\\\/e9f2de7e5dbbe7770a9402c7ce82f5c2\"},\"headline\":\"JOURNEE DE L\u2019ARBRE 2025 : La contribution de la Repr\u00e9sentation nationale \u00e0 l\u2019atteinte de l\u2019ambition d\u00e9cennale d\u2019un milliard d\u2019arbres d\u2019ici 2030\",\"datePublished\":\"2025-06-02T11:02:03+00:00\",\"dateModified\":\"2025-06-02T11:02:07+00:00\",\"mainEntityOfPage\":{\"@id\":\"https:\\\/\\\/macite.tg\\\/?p=22487\"},\"wordCount\":503,\"commentCount\":0,\"image\":{\"@id\":\"https:\\\/\\\/macite.tg\\\/?p=22487#primaryimage\"},\"thumbnailUrl\":\"https:\\\/\\\/macite.tg\\\/wp-content\\\/uploads\\\/2025\\\/06\\\/AA.jpg\",\"articleSection\":[\"ACTUALITE\",\"ENVIRONNEMENT\"],\"inLanguage\":\"fr-FR\",\"potentialAction\":[{\"@type\":\"CommentAction\",\"name\":\"Comment\",\"target\":[\"https:\\\/\\\/macite.tg\\\/?p=22487#respond\"]}]},{\"@type\":\"WebPage\",\"@id\":\"https:\\\/\\\/macite.tg\\\/?p=22487\",\"url\":\"https:\\\/\\\/macite.tg\\\/?p=22487\",\"name\":\"JOURNEE DE L\u2019ARBRE 2025 : La contribution de la Repr\u00e9sentation nationale \u00e0 l\u2019atteinte de l\u2019ambition d\u00e9cennale d\u2019un milliard d\u2019arbres d\u2019ici 2030 -\",\"isPartOf\":{\"@id\":\"https:\\\/\\\/macite.tg\\\/#website\"},\"primaryImageOfPage\":{\"@id\":\"https:\\\/\\\/macite.tg\\\/?p=22487#primaryimage\"},\"image\":{\"@id\":\"https:\\\/\\\/macite.tg\\\/?p=22487#primaryimage\"},\"thumbnailUrl\":\"https:\\\/\\\/macite.tg\\\/wp-content\\\/uploads\\\/2025\\\/06\\\/AA.jpg\",\"datePublished\":\"2025-06-02T11:02:03+00:00\",\"dateModified\":\"2025-06-02T11:02:07+00:00\",\"author\":{\"@id\":\"https:\\\/\\\/macite.tg\\\/#\\\/schema\\\/person\\\/e9f2de7e5dbbe7770a9402c7ce82f5c2\"},\"breadcrumb\":{\"@id\":\"https:\\\/\\\/macite.tg\\\/?p=22487#breadcrumb\"},\"inLanguage\":\"fr-FR\",\"potentialAction\":[{\"@type\":\"ReadAction\",\"target\":[\"https:\\\/\\\/macite.tg\\\/?p=22487\"]}]},{\"@type\":\"ImageObject\",\"inLanguage\":\"fr-FR\",\"@id\":\"https:\\\/\\\/macite.tg\\\/?p=22487#primaryimage\",\"url\":\"https:\\\/\\\/macite.tg\\\/wp-content\\\/uploads\\\/2025\\\/06\\\/AA.jpg\",\"contentUrl\":\"https:\\\/\\\/macite.tg\\\/wp-content\\\/uploads\\\/2025\\\/06\\\/AA.jpg\",\"width\":500,\"height\":330},{\"@type\":\"BreadcrumbList\",\"@id\":\"https:\\\/\\\/macite.tg\\\/?p=22487#breadcrumb\",\"itemListElement\":[{\"@type\":\"ListItem\",\"position\":1,\"name\":\"Accueil\",\"item\":\"https:\\\/\\\/macite.tg\\\/\"},{\"@type\":\"ListItem\",\"position\":2,\"name\":\"JOURNEE DE L\u2019ARBRE 2025 : La contribution de la Repr\u00e9sentation nationale \u00e0 l\u2019atteinte de l\u2019ambition d\u00e9cennale d\u2019un milliard d\u2019arbres d\u2019ici 2030\"}]},{\"@type\":\"WebSite\",\"@id\":\"https:\\\/\\\/macite.tg\\\/#website\",\"url\":\"https:\\\/\\\/macite.tg\\\/\",\"name\":\"\",\"description\":\"L&#039;information, la bonne!!!\",\"potentialAction\":[{\"@type\":\"SearchAction\",\"target\":{\"@type\":\"EntryPoint\",\"urlTemplate\":\"https:\\\/\\\/macite.tg\\\/?s={search_term_string}\"},\"query-input\":{\"@type\":\"PropertyValueSpecification\",\"valueRequired\":true,\"valueName\":\"search_term_string\"}}],\"inLanguage\":\"fr-FR\"},{\"@type\":\"Person\",\"@id\":\"https:\\\/\\\/macite.tg\\\/#\\\/schema\\\/person\\\/e9f2de7e5dbbe7770a9402c7ce82f5c2\",\"name\":\"Jean Pierre BAWELA\",\"image\":{\"@type\":\"ImageObject\",\"inLanguage\":\"fr-FR\",\"@id\":\"https:\\\/\\\/macite.tg\\\/wp-content\\\/uploads\\\/2023\\\/09\\\/WhatsApp-Image-2023-09-19-at-14.44.41-122x122.jpeg\",\"url\":\"https:\\\/\\\/macite.tg\\\/wp-content\\\/uploads\\\/2023\\\/09\\\/WhatsApp-Image-2023-09-19-at-14.44.41-122x122.jpeg\",\"contentUrl\":\"https:\\\/\\\/macite.tg\\\/wp-content\\\/uploads\\\/2023\\\/09\\\/WhatsApp-Image-2023-09-19-at-14.44.41-122x122.jpeg\",\"caption\":\"Jean Pierre BAWELA\"},\"url\":\"https:\\\/\\\/macite.tg\\\/?author=2\"}]}<\/script>\n<!-- \/ Yoast SEO plugin. -->","yoast_head_json":{"title":"JOURNEE DE L\u2019ARBRE 2025 : La contribution de la Repr\u00e9sentation nationale \u00e0 l\u2019atteinte de l\u2019ambition d\u00e9cennale d\u2019un milliard d\u2019arbres d\u2019ici 2030 -","robots":{"index":"index","follow":"follow","max-snippet":"max-snippet:-1","max-image-preview":"max-image-preview:large","max-video-preview":"max-video-preview:-1"},"canonical":"https:\/\/macite.tg\/?p=22487","og_locale":"fr_FR","og_type":"article","og_title":"JOURNEE DE L\u2019ARBRE 2025 : La contribution de la Repr\u00e9sentation nationale \u00e0 l\u2019atteinte de l\u2019ambition d\u00e9cennale d\u2019un milliard d\u2019arbres d\u2019ici 2030 -","og_description":"Le Togo a c\u00e9l\u00e9br\u00e9, hier dimanche 1er juin, la Journ\u00e9e nationale de l\u2019arbre. Dans la dynamique nationale de reconstitution du couvert v\u00e9g\u00e9tal, port\u00e9e par les plus hautes autorit\u00e9s du pays et soutenue par les institutions de la R\u00e9publique, la Repr\u00e9sentation nationale a marqu\u00e9 la c\u00e9l\u00e9bration [&hellip;]","og_url":"https:\/\/macite.tg\/?p=22487","article_published_time":"2025-06-02T11:02:03+00:00","article_modified_time":"2025-06-02T11:02:07+00:00","og_image":[{"width":500,"height":330,"url":"https:\/\/macite.tg\/wp-content\/uploads\/2025\/06\/AA.jpg","type":"image\/jpeg"}],"author":"Jean Pierre BAWELA","twitter_card":"summary_large_image","twitter_misc":{"\u00c9crit par":"Jean Pierre BAWELA","Dur\u00e9e de lecture estim\u00e9e":"3 minutes"},"schema":{"@context":"https:\/\/schema.org","@graph":[{"@type":"Article","@id":"https:\/\/macite.tg\/?p=22487#article","isPartOf":{"@id":"https:\/\/macite.tg\/?p=22487"},"author":{"name":"Jean Pierre BAWELA","@id":"https:\/\/macite.tg\/#\/schema\/person\/e9f2de7e5dbbe7770a9402c7ce82f5c2"},"headline":"JOURNEE DE L\u2019ARBRE 2025 : La contribution de la Repr\u00e9sentation nationale \u00e0 l\u2019atteinte de l\u2019ambition d\u00e9cennale d\u2019un milliard d\u2019arbres d\u2019ici 2030","datePublished":"2025-06-02T11:02:03+00:00","dateModified":"2025-06-02T11:02:07+00:00","mainEntityOfPage":{"@id":"https:\/\/macite.tg\/?p=22487"},"wordCount":503,"commentCount":0,"image":{"@id":"https:\/\/macite.tg\/?p=22487#primaryimage"},"thumbnailUrl":"https:\/\/macite.tg\/wp-content\/uploads\/2025\/06\/AA.jpg","articleSection":["ACTUALITE","ENVIRONNEMENT"],"inLanguage":"fr-FR","potentialAction":[{"@type":"CommentAction","name":"Comment","target":["https:\/\/macite.tg\/?p=22487#respond"]}]},{"@type":"WebPage","@id":"https:\/\/macite.tg\/?p=22487","url":"https:\/\/macite.tg\/?p=22487","name":"JOURNEE DE L\u2019ARBRE 2025 : La contribution de la Repr\u00e9sentation nationale \u00e0 l\u2019atteinte de l\u2019ambition d\u00e9cennale d\u2019un milliard d\u2019arbres d\u2019ici 2030 -","isPartOf":{"@id":"https:\/\/macite.tg\/#website"},"primaryImageOfPage":{"@id":"https:\/\/macite.tg\/?p=22487#primaryimage"},"image":{"@id":"https:\/\/macite.tg\/?p=22487#primaryimage"},"thumbnailUrl":"https:\/\/macite.tg\/wp-content\/uploads\/2025\/06\/AA.jpg","datePublished":"2025-06-02T11:02:03+00:00","dateModified":"2025-06-02T11:02:07+00:00","author":{"@id":"https:\/\/macite.tg\/#\/schema\/person\/e9f2de7e5dbbe7770a9402c7ce82f5c2"},"breadcrumb":{"@id":"https:\/\/macite.tg\/?p=22487#breadcrumb"},"inLanguage":"fr-FR","potentialAction":[{"@type":"ReadAction","target":["https:\/\/macite.tg\/?p=22487"]}]},{"@type":"ImageObject","inLanguage":"fr-FR","@id":"https:\/\/macite.tg\/?p=22487#primaryimage","url":"https:\/\/macite.tg\/wp-content\/uploads\/2025\/06\/AA.jpg","contentUrl":"https:\/\/macite.tg\/wp-content\/uploads\/2025\/06\/AA.jpg","width":500,"height":330},{"@type":"BreadcrumbList","@id":"https:\/\/macite.tg\/?p=22487#breadcrumb","itemListElement":[{"@type":"ListItem","position":1,"name":"Accueil","item":"https:\/\/macite.tg\/"},{"@type":"ListItem","position":2,"name":"JOURNEE DE L\u2019ARBRE 2025 : La contribution de la Repr\u00e9sentation nationale \u00e0 l\u2019atteinte de l\u2019ambition d\u00e9cennale d\u2019un milliard d\u2019arbres d\u2019ici 2030"}]},{"@type":"WebSite","@id":"https:\/\/macite.tg\/#website","url":"https:\/\/macite.tg\/","name":"","description":"L&#039;information, la bonne!!!","potentialAction":[{"@type":"SearchAction","target":{"@type":"EntryPoint","urlTemplate":"https:\/\/macite.tg\/?s={search_term_string}"},"query-input":{"@type":"PropertyValueSpecification","valueRequired":true,"valueName":"search_term_string"}}],"inLanguage":"fr-FR"},{"@type":"Person","@id":"https:\/\/macite.tg\/#\/schema\/person\/e9f2de7e5dbbe7770a9402c7ce82f5c2","name":"Jean Pierre BAWELA","image":{"@type":"ImageObject","inLanguage":"fr-FR","@id":"https:\/\/macite.tg\/wp-content\/uploads\/2023\/09\/WhatsApp-Image-2023-09-19-at-14.44.41-122x122.jpeg","url":"https:\/\/macite.tg\/wp-content\/uploads\/2023\/09\/WhatsApp-Image-2023-09-19-at-14.44.41-122x122.jpeg","contentUrl":"https:\/\/macite.tg\/wp-content\/uploads\/2023\/09\/WhatsApp-Image-2023-09-19-at-14.44.41-122x122.jpeg","caption":"Jean Pierre BAWELA"},"url":"https:\/\/macite.tg\/?author=2"}]}},"_links":{"self":[{"href":"https:\/\/macite.tg\/index.php?rest_route=\/wp\/v2\/posts\/22487","targetHints":{"allow":["GET"]}}],"collection":[{"href":"https:\/\/macite.tg\/index.php?rest_route=\/wp\/v2\/posts"}],"about":[{"href":"https:\/\/macite.tg\/index.php?rest_route=\/wp\/v2\/types\/post"}],"author":[{"embeddable":true,"href":"https:\/\/macite.tg\/index.php?rest_route=\/wp\/v2\/users\/2"}],"replies":[{"embeddable":true,"href":"https:\/\/macite.tg\/index.php?rest_route=%2Fwp%2Fv2%2Fcomments&post=22487"}],"version-history":[{"count":0,"href":"https:\/\/macite.tg\/index.php?rest_route=\/wp\/v2\/posts\/22487\/revisions"}],"wp:featuredmedia":[{"embeddable":true,"href":"https:\/\/macite.tg\/index.php?rest_route=\/wp\/v2\/media\/22489"}],"wp:attachment":[{"href":"https:\/\/macite.tg\/index.php?rest_route=%2Fwp%2Fv2%2Fmedia&parent=22487"}],"wp:term":[{"taxonomy":"category","embeddable":true,"href":"https:\/\/macite.tg\/index.php?rest_route=%2Fwp%2Fv2%2Fcategories&post=22487"},{"taxonomy":"post_tag","embeddable":true,"href":"https:\/\/macite.tg\/index.php?rest_route=%2Fwp%2Fv2%2Ftags&post=22487"}],"curies":[{"name":"wp","href":"https:\/\/api.w.org\/{rel}","templated":true}]}}