{"id":22481,"date":"2025-06-02T10:13:22","date_gmt":"2025-06-02T10:13:22","guid":{"rendered":"https:\/\/macite.tg\/?p=22481"},"modified":"2025-06-02T10:13:26","modified_gmt":"2025-06-02T10:13:26","slug":"togo-la-descolarisation-chez-les-enfants-un-vieux-souvenir-desormais","status":"publish","type":"post","link":"https:\/\/macite.tg\/?p=22481","title":{"rendered":"TOGO\u00a0: La d\u00e9scolarisation chez les enfants, un vieux souvenir d\u00e9sormais"},"content":{"rendered":"\n<p class=\"wp-block-paragraph\"><strong><em>Les r\u00e9percussions de la d\u00e9scolarisation peuvent \u00eatre d\u00e9sastreuses pour un pays quel qu&rsquo;il soit. Le Togo, convaincu de cela, multiplie les initiatives salvatrices pour maintenir le plus longtemps possible les enfants sur les bancs de l&rsquo;\u00e9cole. Entre gratuit\u00e9 de l&rsquo;enseignement, construction d&rsquo;infrastructures, actions de sensibilisation, etc., le pays s&rsquo;efforce d&rsquo;offrir \u00e0 chaque enfant le droit fondamental \u00e0 l&rsquo;\u00e9ducation.<\/em><\/strong><\/p>\n\n\n\n<p class=\"wp-block-paragraph\">La d\u00e9scolarisation reste, dans de nombreuses soci\u00e9t\u00e9s africaines, une menace s\u00e9rieuse pour le d\u00e9veloppement humain et l&rsquo;\u00e9quit\u00e9 sociale. Soucieux de pr\u00e9server l&rsquo;avenir des jeunes g\u00e9n\u00e9rations, le pr\u00e9sident Faure Gnassingb\u00e9 s&rsquo;active constamment dans une lutte soutenue contre ce ph\u00e9nom\u00e8ne, qui prive souvent trop d&rsquo;enfants de la chance d&rsquo;acc\u00e9der au savoir.<\/p>\n\n\n<div class=\"wp-block-image\">\n<figure class=\"aligncenter size-large is-resized\"><img loading=\"lazy\" decoding=\"async\" width=\"1024\" height=\"1024\" src=\"https:\/\/macite.tg\/wp-content\/uploads\/2025\/05\/Geo-ref-1024x1024.png\" alt=\"\" class=\"wp-image-22358\" style=\"width:704px;height:auto\" srcset=\"https:\/\/macite.tg\/wp-content\/uploads\/2025\/05\/Geo-ref-1024x1024.png 1024w, https:\/\/macite.tg\/wp-content\/uploads\/2025\/05\/Geo-ref-300x300.png 300w, https:\/\/macite.tg\/wp-content\/uploads\/2025\/05\/Geo-ref-150x150.png 150w, https:\/\/macite.tg\/wp-content\/uploads\/2025\/05\/Geo-ref-768x768.png 768w, https:\/\/macite.tg\/wp-content\/uploads\/2025\/05\/Geo-ref-122x122.png 122w, https:\/\/macite.tg\/wp-content\/uploads\/2025\/05\/Geo-ref.png 1080w\" sizes=\"auto, (max-width: 1024px) 100vw, 1024px\" \/><\/figure>\n<\/div>\n\n\n<p class=\"wp-block-paragraph\">Parmi les mesures fortes adopt\u00e9es figure la gratuit\u00e9 des frais de scolarit\u00e9 dans le primaire et le secondaire. Cette d\u00e9cision, salu\u00e9e par les communaut\u00e9s et les partenaires de l&rsquo;\u00e9ducation, permet chaque ann\u00e9e d&rsquo;all\u00e9ger le poids financier support\u00e9 par les familles, notamment en milieu rural, o\u00f9 la pr\u00e9carit\u00e9 constitue l&rsquo;une des principales causes de l&rsquo;abandon scolaire.<\/p>\n\n\n\n<p class=\"wp-block-paragraph\">\u00c9galement, l&rsquo;\u00c9tat togolais a entrepris un programme d&rsquo;alimentation scolaire qui produit les effets escompt\u00e9s, allant m\u00eame jusqu&rsquo;au-del\u00e0.<\/p>\n\n\n\n<p class=\"wp-block-paragraph\"><strong>Expansion des cantines scolaires<\/strong><\/p>\n\n\n\n<p class=\"wp-block-paragraph\">Au cours de l&rsquo;ann\u00e9e2025, un total de 161.630 \u00e9l\u00e8ves \u00e0 travers tout le pays b\u00e9n\u00e9ficieront de repas gratuits \u00e0 l&rsquo;\u00e9cole. Les zones les plus vuln\u00e9rables y compris.<\/p>\n\n\n<div class=\"wp-block-image\">\n<figure class=\"aligncenter size-full is-resized\"><img loading=\"lazy\" decoding=\"async\" width=\"690\" height=\"170\" src=\"https:\/\/macite.tg\/wp-content\/uploads\/2025\/05\/OTR_TVM-2.jpg\" alt=\"\" class=\"wp-image-22300\" style=\"width:840px;height:auto\" srcset=\"https:\/\/macite.tg\/wp-content\/uploads\/2025\/05\/OTR_TVM-2.jpg 690w, https:\/\/macite.tg\/wp-content\/uploads\/2025\/05\/OTR_TVM-2-300x74.jpg 300w\" sizes=\"auto, (max-width: 690px) 100vw, 690px\" \/><\/figure>\n<\/div>\n\n\n<p class=\"wp-block-paragraph\">Par exemple, la r\u00e9gion des Savanes nourrira 58.122 bouches. Elle sera suivie de la r\u00e9gion des Plateaux dans laquelle le programme devrait toucher 33 754 \u00e9l\u00e8ves. Viennent ensuite la r\u00e9gion de la Kara (30.413 b\u00e9n\u00e9ficiaires), la r\u00e9gion maritime (21.446 \u00e9l\u00e8ves cibl\u00e9s) et la r\u00e9gion centrale (17.895 b\u00e9n\u00e9ficiaires \u00e0 atteindre).<\/p>\n\n\n\n<p class=\"wp-block-paragraph\">L&rsquo;objectif est de limiter la d\u00e9scolarisation davantage qu&rsquo;elle ne l&rsquo;est d\u00e9j\u00e0, surtout en milieu rural, et de favoriser le maintien de tous les enfants \u00e0 l&rsquo;\u00e9cole, peu importe leur sexe, \u00e2ge, milieu de provenance\u2026 tout en luttant contre la malnutrition infantile. Le programme des cantines scolaires a \u00e9t\u00e9 lanc\u00e9 en 2008, appuy\u00e9 ensuite par le Programme alimentaire mondial (PAM) et la Banque mondiale qui ont facilit\u00e9 sa g\u00e9n\u00e9ralisation \u00e0 l&rsquo;ensemble du territoire.<\/p>\n\n\n\n<p class=\"wp-block-paragraph\">En 2023, a \u00e9t\u00e9 adopt\u00e9e une loi sur l&rsquo;alimentation scolaire qui, outre les \u00e9l\u00e8ves qu&rsquo;elle sauve de la faim, stimule l&rsquo;\u00e9conomie locale puisque les produits alimentaires sont achet\u00e9s aupr\u00e8s de producteurs locaux et des femmes, appel\u00e9es les mamans cantines, sont form\u00e9es pour pr\u00e9parer ad\u00e9quatement les repas, cr\u00e9ant ainsi de l&#8217;emploi dans les villages.<\/p>\n\n\n\n<p class=\"wp-block-paragraph\">En 2023 et en 2024, au total 312.002 \u00e9l\u00e8ves ont \u00e9t\u00e9 nourris, un chiffre en nette progression, symbole de la volont\u00e9 des autorit\u00e9s de b\u00e2tir un syst\u00e8me \u00e9ducatif inclusif et \u00e9quitable.<\/p>\n\n\n<div class=\"wp-block-image\">\n<figure class=\"aligncenter size-full is-resized\"><img loading=\"lazy\" decoding=\"async\" width=\"500\" height=\"304\" src=\"https:\/\/macite.tg\/wp-content\/uploads\/2025\/05\/OTR_SAM-2.jpg\" alt=\"\" class=\"wp-image-22378\" style=\"width:590px;height:auto\" srcset=\"https:\/\/macite.tg\/wp-content\/uploads\/2025\/05\/OTR_SAM-2.jpg 500w, https:\/\/macite.tg\/wp-content\/uploads\/2025\/05\/OTR_SAM-2-300x182.jpg 300w\" sizes=\"auto, (max-width: 500px) 100vw, 500px\" \/><\/figure>\n<\/div>\n\n\n<p class=\"wp-block-paragraph\"><strong>Autres solutions apport\u00e9es<\/strong><\/p>\n\n\n\n<p class=\"wp-block-paragraph\">On peut \u00e9voquer la construction et la r\u00e9habilitation des \u00e9coles dans toutes les r\u00e9gions. De nouvelles salles de classe, des \u00e9quipements p\u00e9dagogiques sont disponibles, am\u00e9liorant les conditions d&rsquo;apprentissage et de travail.<\/p>\n\n\n\n<p class=\"wp-block-paragraph\">Comme illustration, entre 2023 et 2024, 1.526 salles de classe ont \u00e9t\u00e9 construites dans les cinq r\u00e9gions, selon le minist\u00e8re en charge des Enseignements primaire et secondaire. Pour l&rsquo;ann\u00e9e en cours, le gouvernement pr\u00e9voit de construire 597 salles de classe, pour un co\u00fbt estimatif de plus de 7 milliards de francs CFA.<\/p>\n\n\n\n<p class=\"wp-block-paragraph\"><strong>Omar<\/strong><\/p>\n\n\n\n<p class=\"wp-block-paragraph\"><a><strong><em>@macite.tg&nbsp;&nbsp;&nbsp;&nbsp;&nbsp;&nbsp;&nbsp;&nbsp;<\/em><\/strong><\/a><\/p>\n\n\n\n<p class=\"wp-block-paragraph\"><strong><em>E-mail&nbsp;: <\/em><\/strong><a href=\"mailto:maciteinfo@gmail.com\"><em>maciteinfo@gmail.com<\/em><\/a><strong><em>; <\/em><\/strong><a href=\"mailto:bawela1@gmail.com\"><em>bawela1@gmail.com<\/em><\/a><em><\/em><\/p>\n\n\n\n<p class=\"wp-block-paragraph\"><strong><em>Pour vos annonces, (publi)reportages, etc., joignez-nous au (00228)91515309\/<strong>79872224 <\/strong>www.macite.tg, L\u2019information, la bonne&nbsp;!<\/em><\/strong><\/p>\n\n\n\n<p class=\"wp-block-paragraph\"><\/p>\n","protected":false},"excerpt":{"rendered":"<p class=\"text-justify mb-2\" >Les r\u00e9percussions de la d\u00e9scolarisation peuvent \u00eatre d\u00e9sastreuses pour un pays quel qu&rsquo;il soit. Le Togo, convaincu de cela, multiplie les initiatives salvatrices pour maintenir le plus longtemps possible les enfants sur les bancs de l&rsquo;\u00e9cole. Entre gratuit\u00e9 de l&rsquo;enseignement, construction d&rsquo;infrastructures, actions de sensibilisation, [&hellip;]<\/p>\n","protected":false},"author":2,"featured_media":22483,"comment_status":"open","ping_status":"open","sticky":false,"template":"","format":"standard","meta":{"footnotes":""},"categories":[20,4],"tags":[],"class_list":["post-22481","post","type-post","status-publish","format-standard","has-post-thumbnail","hentry","category-actualite","category-education"],"yoast_head":"<!-- This site is optimized with the Yoast SEO plugin v28.4 - https:\/\/yoast.com\/product\/yoast-seo-wordpress\/ -->\n<title>TOGO\u00a0: La d\u00e9scolarisation chez les enfants, un vieux souvenir d\u00e9sormais -<\/title>\n<meta name=\"robots\" content=\"index, follow, max-snippet:-1, max-image-preview:large, max-video-preview:-1\" \/>\n<link rel=\"canonical\" href=\"https:\/\/macite.tg\/?p=22481\" \/>\n<meta property=\"og:locale\" content=\"fr_FR\" \/>\n<meta property=\"og:type\" content=\"article\" \/>\n<meta property=\"og:title\" content=\"TOGO\u00a0: La d\u00e9scolarisation chez les enfants, un vieux souvenir d\u00e9sormais -\" \/>\n<meta property=\"og:description\" content=\"Les r\u00e9percussions de la d\u00e9scolarisation peuvent \u00eatre d\u00e9sastreuses pour un pays quel qu&rsquo;il soit. Le Togo, convaincu de cela, multiplie les initiatives salvatrices pour maintenir le plus longtemps possible les enfants sur les bancs de l&rsquo;\u00e9cole. Entre gratuit\u00e9 de l&rsquo;enseignement, construction d&rsquo;infrastructures, actions de sensibilisation, [&hellip;]\" \/>\n<meta property=\"og:url\" content=\"https:\/\/macite.tg\/?p=22481\" \/>\n<meta property=\"article:published_time\" content=\"2025-06-02T10:13:22+00:00\" \/>\n<meta property=\"article:modified_time\" content=\"2025-06-02T10:13:26+00:00\" \/>\n<meta property=\"og:image\" content=\"https:\/\/macite.tg\/wp-content\/uploads\/2025\/06\/image.png\" \/>\n\t<meta property=\"og:image:width\" content=\"388\" \/>\n\t<meta property=\"og:image:height\" content=\"270\" \/>\n\t<meta property=\"og:image:type\" content=\"image\/png\" \/>\n<meta name=\"author\" content=\"Jean Pierre BAWELA\" \/>\n<meta name=\"twitter:card\" content=\"summary_large_image\" \/>\n<meta name=\"twitter:label1\" content=\"\u00c9crit par\" \/>\n\t<meta name=\"twitter:data1\" content=\"Jean Pierre BAWELA\" \/>\n\t<meta name=\"twitter:label2\" content=\"Dur\u00e9e de lecture estim\u00e9e\" \/>\n\t<meta name=\"twitter:data2\" content=\"4 minutes\" \/>\n<script type=\"application\/ld+json\" class=\"yoast-schema-graph\">{\"@context\":\"https:\\\/\\\/schema.org\",\"@graph\":[{\"@type\":\"Article\",\"@id\":\"https:\\\/\\\/macite.tg\\\/?p=22481#article\",\"isPartOf\":{\"@id\":\"https:\\\/\\\/macite.tg\\\/?p=22481\"},\"author\":{\"name\":\"Jean Pierre BAWELA\",\"@id\":\"https:\\\/\\\/macite.tg\\\/#\\\/schema\\\/person\\\/e9f2de7e5dbbe7770a9402c7ce82f5c2\"},\"headline\":\"TOGO\u00a0: La d\u00e9scolarisation chez les enfants, un vieux souvenir d\u00e9sormais\",\"datePublished\":\"2025-06-02T10:13:22+00:00\",\"dateModified\":\"2025-06-02T10:13:26+00:00\",\"mainEntityOfPage\":{\"@id\":\"https:\\\/\\\/macite.tg\\\/?p=22481\"},\"wordCount\":624,\"commentCount\":0,\"image\":{\"@id\":\"https:\\\/\\\/macite.tg\\\/?p=22481#primaryimage\"},\"thumbnailUrl\":\"https:\\\/\\\/macite.tg\\\/wp-content\\\/uploads\\\/2025\\\/06\\\/image.png\",\"articleSection\":[\"ACTUALITE\",\"EDUCATION\"],\"inLanguage\":\"fr-FR\",\"potentialAction\":[{\"@type\":\"CommentAction\",\"name\":\"Comment\",\"target\":[\"https:\\\/\\\/macite.tg\\\/?p=22481#respond\"]}]},{\"@type\":\"WebPage\",\"@id\":\"https:\\\/\\\/macite.tg\\\/?p=22481\",\"url\":\"https:\\\/\\\/macite.tg\\\/?p=22481\",\"name\":\"TOGO\u00a0: La d\u00e9scolarisation chez les enfants, un vieux souvenir d\u00e9sormais -\",\"isPartOf\":{\"@id\":\"https:\\\/\\\/macite.tg\\\/#website\"},\"primaryImageOfPage\":{\"@id\":\"https:\\\/\\\/macite.tg\\\/?p=22481#primaryimage\"},\"image\":{\"@id\":\"https:\\\/\\\/macite.tg\\\/?p=22481#primaryimage\"},\"thumbnailUrl\":\"https:\\\/\\\/macite.tg\\\/wp-content\\\/uploads\\\/2025\\\/06\\\/image.png\",\"datePublished\":\"2025-06-02T10:13:22+00:00\",\"dateModified\":\"2025-06-02T10:13:26+00:00\",\"author\":{\"@id\":\"https:\\\/\\\/macite.tg\\\/#\\\/schema\\\/person\\\/e9f2de7e5dbbe7770a9402c7ce82f5c2\"},\"breadcrumb\":{\"@id\":\"https:\\\/\\\/macite.tg\\\/?p=22481#breadcrumb\"},\"inLanguage\":\"fr-FR\",\"potentialAction\":[{\"@type\":\"ReadAction\",\"target\":[\"https:\\\/\\\/macite.tg\\\/?p=22481\"]}]},{\"@type\":\"ImageObject\",\"inLanguage\":\"fr-FR\",\"@id\":\"https:\\\/\\\/macite.tg\\\/?p=22481#primaryimage\",\"url\":\"https:\\\/\\\/macite.tg\\\/wp-content\\\/uploads\\\/2025\\\/06\\\/image.png\",\"contentUrl\":\"https:\\\/\\\/macite.tg\\\/wp-content\\\/uploads\\\/2025\\\/06\\\/image.png\",\"width\":388,\"height\":270,\"caption\":\"Un \u00e9colier (Photo archives)\"},{\"@type\":\"BreadcrumbList\",\"@id\":\"https:\\\/\\\/macite.tg\\\/?p=22481#breadcrumb\",\"itemListElement\":[{\"@type\":\"ListItem\",\"position\":1,\"name\":\"Accueil\",\"item\":\"https:\\\/\\\/macite.tg\\\/\"},{\"@type\":\"ListItem\",\"position\":2,\"name\":\"TOGO\u00a0: La d\u00e9scolarisation chez les enfants, un vieux souvenir d\u00e9sormais\"}]},{\"@type\":\"WebSite\",\"@id\":\"https:\\\/\\\/macite.tg\\\/#website\",\"url\":\"https:\\\/\\\/macite.tg\\\/\",\"name\":\"\",\"description\":\"L&#039;information, la bonne!!!\",\"potentialAction\":[{\"@type\":\"SearchAction\",\"target\":{\"@type\":\"EntryPoint\",\"urlTemplate\":\"https:\\\/\\\/macite.tg\\\/?s={search_term_string}\"},\"query-input\":{\"@type\":\"PropertyValueSpecification\",\"valueRequired\":true,\"valueName\":\"search_term_string\"}}],\"inLanguage\":\"fr-FR\"},{\"@type\":\"Person\",\"@id\":\"https:\\\/\\\/macite.tg\\\/#\\\/schema\\\/person\\\/e9f2de7e5dbbe7770a9402c7ce82f5c2\",\"name\":\"Jean Pierre BAWELA\",\"image\":{\"@type\":\"ImageObject\",\"inLanguage\":\"fr-FR\",\"@id\":\"https:\\\/\\\/macite.tg\\\/wp-content\\\/uploads\\\/2023\\\/09\\\/WhatsApp-Image-2023-09-19-at-14.44.41-122x122.jpeg\",\"url\":\"https:\\\/\\\/macite.tg\\\/wp-content\\\/uploads\\\/2023\\\/09\\\/WhatsApp-Image-2023-09-19-at-14.44.41-122x122.jpeg\",\"contentUrl\":\"https:\\\/\\\/macite.tg\\\/wp-content\\\/uploads\\\/2023\\\/09\\\/WhatsApp-Image-2023-09-19-at-14.44.41-122x122.jpeg\",\"caption\":\"Jean Pierre BAWELA\"},\"url\":\"https:\\\/\\\/macite.tg\\\/?author=2\"}]}<\/script>\n<!-- \/ Yoast SEO plugin. -->","yoast_head_json":{"title":"TOGO\u00a0: La d\u00e9scolarisation chez les enfants, un vieux souvenir d\u00e9sormais -","robots":{"index":"index","follow":"follow","max-snippet":"max-snippet:-1","max-image-preview":"max-image-preview:large","max-video-preview":"max-video-preview:-1"},"canonical":"https:\/\/macite.tg\/?p=22481","og_locale":"fr_FR","og_type":"article","og_title":"TOGO\u00a0: La d\u00e9scolarisation chez les enfants, un vieux souvenir d\u00e9sormais -","og_description":"Les r\u00e9percussions de la d\u00e9scolarisation peuvent \u00eatre d\u00e9sastreuses pour un pays quel qu&rsquo;il soit. Le Togo, convaincu de cela, multiplie les initiatives salvatrices pour maintenir le plus longtemps possible les enfants sur les bancs de l&rsquo;\u00e9cole. Entre gratuit\u00e9 de l&rsquo;enseignement, construction d&rsquo;infrastructures, actions de sensibilisation, [&hellip;]","og_url":"https:\/\/macite.tg\/?p=22481","article_published_time":"2025-06-02T10:13:22+00:00","article_modified_time":"2025-06-02T10:13:26+00:00","og_image":[{"width":388,"height":270,"url":"https:\/\/macite.tg\/wp-content\/uploads\/2025\/06\/image.png","type":"image\/png"}],"author":"Jean Pierre BAWELA","twitter_card":"summary_large_image","twitter_misc":{"\u00c9crit par":"Jean Pierre BAWELA","Dur\u00e9e de lecture estim\u00e9e":"4 minutes"},"schema":{"@context":"https:\/\/schema.org","@graph":[{"@type":"Article","@id":"https:\/\/macite.tg\/?p=22481#article","isPartOf":{"@id":"https:\/\/macite.tg\/?p=22481"},"author":{"name":"Jean Pierre BAWELA","@id":"https:\/\/macite.tg\/#\/schema\/person\/e9f2de7e5dbbe7770a9402c7ce82f5c2"},"headline":"TOGO\u00a0: La d\u00e9scolarisation chez les enfants, un vieux souvenir d\u00e9sormais","datePublished":"2025-06-02T10:13:22+00:00","dateModified":"2025-06-02T10:13:26+00:00","mainEntityOfPage":{"@id":"https:\/\/macite.tg\/?p=22481"},"wordCount":624,"commentCount":0,"image":{"@id":"https:\/\/macite.tg\/?p=22481#primaryimage"},"thumbnailUrl":"https:\/\/macite.tg\/wp-content\/uploads\/2025\/06\/image.png","articleSection":["ACTUALITE","EDUCATION"],"inLanguage":"fr-FR","potentialAction":[{"@type":"CommentAction","name":"Comment","target":["https:\/\/macite.tg\/?p=22481#respond"]}]},{"@type":"WebPage","@id":"https:\/\/macite.tg\/?p=22481","url":"https:\/\/macite.tg\/?p=22481","name":"TOGO\u00a0: La d\u00e9scolarisation chez les enfants, un vieux souvenir d\u00e9sormais -","isPartOf":{"@id":"https:\/\/macite.tg\/#website"},"primaryImageOfPage":{"@id":"https:\/\/macite.tg\/?p=22481#primaryimage"},"image":{"@id":"https:\/\/macite.tg\/?p=22481#primaryimage"},"thumbnailUrl":"https:\/\/macite.tg\/wp-content\/uploads\/2025\/06\/image.png","datePublished":"2025-06-02T10:13:22+00:00","dateModified":"2025-06-02T10:13:26+00:00","author":{"@id":"https:\/\/macite.tg\/#\/schema\/person\/e9f2de7e5dbbe7770a9402c7ce82f5c2"},"breadcrumb":{"@id":"https:\/\/macite.tg\/?p=22481#breadcrumb"},"inLanguage":"fr-FR","potentialAction":[{"@type":"ReadAction","target":["https:\/\/macite.tg\/?p=22481"]}]},{"@type":"ImageObject","inLanguage":"fr-FR","@id":"https:\/\/macite.tg\/?p=22481#primaryimage","url":"https:\/\/macite.tg\/wp-content\/uploads\/2025\/06\/image.png","contentUrl":"https:\/\/macite.tg\/wp-content\/uploads\/2025\/06\/image.png","width":388,"height":270,"caption":"Un \u00e9colier (Photo archives)"},{"@type":"BreadcrumbList","@id":"https:\/\/macite.tg\/?p=22481#breadcrumb","itemListElement":[{"@type":"ListItem","position":1,"name":"Accueil","item":"https:\/\/macite.tg\/"},{"@type":"ListItem","position":2,"name":"TOGO\u00a0: La d\u00e9scolarisation chez les enfants, un vieux souvenir d\u00e9sormais"}]},{"@type":"WebSite","@id":"https:\/\/macite.tg\/#website","url":"https:\/\/macite.tg\/","name":"","description":"L&#039;information, la bonne!!!","potentialAction":[{"@type":"SearchAction","target":{"@type":"EntryPoint","urlTemplate":"https:\/\/macite.tg\/?s={search_term_string}"},"query-input":{"@type":"PropertyValueSpecification","valueRequired":true,"valueName":"search_term_string"}}],"inLanguage":"fr-FR"},{"@type":"Person","@id":"https:\/\/macite.tg\/#\/schema\/person\/e9f2de7e5dbbe7770a9402c7ce82f5c2","name":"Jean Pierre BAWELA","image":{"@type":"ImageObject","inLanguage":"fr-FR","@id":"https:\/\/macite.tg\/wp-content\/uploads\/2023\/09\/WhatsApp-Image-2023-09-19-at-14.44.41-122x122.jpeg","url":"https:\/\/macite.tg\/wp-content\/uploads\/2023\/09\/WhatsApp-Image-2023-09-19-at-14.44.41-122x122.jpeg","contentUrl":"https:\/\/macite.tg\/wp-content\/uploads\/2023\/09\/WhatsApp-Image-2023-09-19-at-14.44.41-122x122.jpeg","caption":"Jean Pierre BAWELA"},"url":"https:\/\/macite.tg\/?author=2"}]}},"_links":{"self":[{"href":"https:\/\/macite.tg\/index.php?rest_route=\/wp\/v2\/posts\/22481","targetHints":{"allow":["GET"]}}],"collection":[{"href":"https:\/\/macite.tg\/index.php?rest_route=\/wp\/v2\/posts"}],"about":[{"href":"https:\/\/macite.tg\/index.php?rest_route=\/wp\/v2\/types\/post"}],"author":[{"embeddable":true,"href":"https:\/\/macite.tg\/index.php?rest_route=\/wp\/v2\/users\/2"}],"replies":[{"embeddable":true,"href":"https:\/\/macite.tg\/index.php?rest_route=%2Fwp%2Fv2%2Fcomments&post=22481"}],"version-history":[{"count":0,"href":"https:\/\/macite.tg\/index.php?rest_route=\/wp\/v2\/posts\/22481\/revisions"}],"wp:featuredmedia":[{"embeddable":true,"href":"https:\/\/macite.tg\/index.php?rest_route=\/wp\/v2\/media\/22483"}],"wp:attachment":[{"href":"https:\/\/macite.tg\/index.php?rest_route=%2Fwp%2Fv2%2Fmedia&parent=22481"}],"wp:term":[{"taxonomy":"category","embeddable":true,"href":"https:\/\/macite.tg\/index.php?rest_route=%2Fwp%2Fv2%2Fcategories&post=22481"},{"taxonomy":"post_tag","embeddable":true,"href":"https:\/\/macite.tg\/index.php?rest_route=%2Fwp%2Fv2%2Ftags&post=22481"}],"curies":[{"name":"wp","href":"https:\/\/api.w.org\/{rel}","templated":true}]}}