{"id":22478,"date":"2025-05-30T19:18:58","date_gmt":"2025-05-30T19:18:58","guid":{"rendered":"https:\/\/macite.tg\/?p=22478"},"modified":"2025-05-30T19:19:06","modified_gmt":"2025-05-30T19:19:06","slug":"elections-locales-2025-le-scrutin-differe-le-calendrier-electoral-reajuste","status":"publish","type":"post","link":"https:\/\/macite.tg\/?p=22478","title":{"rendered":"\u00c9LECTIONS LOCALES 2025 : Le scrutin diff\u00e9r\u00e9, le calendrier \u00e9lectoral r\u00e9ajust\u00e9"},"content":{"rendered":"\n<p class=\"wp-block-paragraph\"><strong><em>L\u2019initialement fix\u00e9es au 10 juillet prochain, les prochaines \u00e9lections municipales ont \u00e9t\u00e9 diff\u00e9r\u00e9es d\u2019une semaine. Une d\u00e9cision prise hier 29 mai par le Pr\u00e9sident du Conseil, sur proposition de la Commission \u00e9lectorale nationale ind\u00e9pendante (CENI). Dans la foul\u00e9e de ce report, le calendrier \u00e9lectoral a \u00e9t\u00e9 de facto r\u00e9ajust\u00e9.<\/em><\/strong><\/p>\n\n\n\n<p class=\"wp-block-paragraph\">C\u2019est l\u2019une des sollicitations formul\u00e9es, le lundi 26 mai dernier, par les acteurs politiques togolais r\u00e9unis au sein Cadre permanent de concertation (CPC), qui est d\u00e9sormais act\u00e9e par le gouvernement. Ainsi, les municipales sont repouss\u00e9es au 17 juillet prochain, question de permettre aux formations politiques, surtout de l\u2019opposition, de mieux peaufiner ces prochaines joutes \u00e9lectorales, que l\u2019on veut des plus inclusives.<\/p>\n\n\n<div class=\"wp-block-image\">\n<figure class=\"aligncenter size-full is-resized\"><img loading=\"lazy\" decoding=\"async\" width=\"690\" height=\"170\" src=\"https:\/\/macite.tg\/wp-content\/uploads\/2025\/05\/OTR_TVM-2.jpg\" alt=\"\" class=\"wp-image-22300\" style=\"width:840px;height:auto\" srcset=\"https:\/\/macite.tg\/wp-content\/uploads\/2025\/05\/OTR_TVM-2.jpg 690w, https:\/\/macite.tg\/wp-content\/uploads\/2025\/05\/OTR_TVM-2-300x74.jpg 300w\" sizes=\"auto, (max-width: 690px) 100vw, 690px\" \/><\/figure>\n<\/div>\n\n\n<p class=\"wp-block-paragraph\">Ce report oblige de facto \u00e0 r\u00e9ajuster le calendrier \u00e9lectoral. De ce fait, la campagne \u00e9lectorale va d\u00e9marrer le mardi 1er juillet \u00e0 0 heure, sur toute l\u2019\u00e9tendue du territoire national, et prendra fin le mardi 15 juillet \u00e0 23h59.<\/p>\n\n\n\n<p class=\"wp-block-paragraph\">Le vote par anticipation des forces de l\u2019ordre et de s\u00e9curit\u00e9, qui seront d\u2019ailleurs d\u00e9ploy\u00e9es pour la s\u00e9curisation des op\u00e9rations de vote, aura lieu trois jours avant le scrutin, soit le lundi 14 juillet.&nbsp;<\/p>\n\n\n\n<p class=\"wp-block-paragraph\">L\u2019autre pr\u00e9occupation des acteurs politiques portant sur les dispositions du 21 mai, augmentant le nombre des conseillers municipaux \u00e0 1.667, une nouvelle disposition du ministre en charge de l\u2019Administration territoriale, Hodabalo Awat\u00e9, note que ce d\u00e9cret n\u2019entrera en vigueur qu\u2019aux prochaines \u00e9lections municipales, celles de 2025.<\/p>\n\n\n<div class=\"wp-block-image\">\n<figure class=\"aligncenter size-large is-resized\"><img loading=\"lazy\" decoding=\"async\" width=\"1024\" height=\"1024\" src=\"https:\/\/macite.tg\/wp-content\/uploads\/2025\/05\/Geo-ref-1024x1024.png\" alt=\"\" class=\"wp-image-22358\" style=\"width:568px;height:auto\" srcset=\"https:\/\/macite.tg\/wp-content\/uploads\/2025\/05\/Geo-ref-1024x1024.png 1024w, https:\/\/macite.tg\/wp-content\/uploads\/2025\/05\/Geo-ref-300x300.png 300w, https:\/\/macite.tg\/wp-content\/uploads\/2025\/05\/Geo-ref-150x150.png 150w, https:\/\/macite.tg\/wp-content\/uploads\/2025\/05\/Geo-ref-768x768.png 768w, https:\/\/macite.tg\/wp-content\/uploads\/2025\/05\/Geo-ref-122x122.png 122w, https:\/\/macite.tg\/wp-content\/uploads\/2025\/05\/Geo-ref.png 1080w\" sizes=\"auto, (max-width: 1024px) 100vw, 1024px\" \/><\/figure>\n<\/div>\n\n\n<p class=\"wp-block-paragraph\">Ainsi, le nombre des conseillers municipaux est donc maintenu \u00e0 1.527 pour ces municipales, ceci conform\u00e9ment aux dispositions l\u00e9gales de 2018.<\/p>\n\n\n\n<p class=\"wp-block-paragraph\"><strong>Mab\u00e9 B.<\/strong><\/p>\n\n\n\n<p class=\"wp-block-paragraph\"><a><strong><em>@macite.tg&nbsp;&nbsp;&nbsp;&nbsp;&nbsp;&nbsp;&nbsp;&nbsp;<\/em><\/strong><\/a><\/p>\n\n\n\n<p class=\"wp-block-paragraph\"><strong><em>E-mail&nbsp;: <\/em><\/strong><a href=\"mailto:maciteinfo@gmail.com\"><strong><em>maciteinfo@gmail.com<\/em><\/strong><\/a><strong><em>; <\/em><\/strong><a href=\"mailto:bawela1@gmail.com\"><strong><em>bawela1@gmail.com<\/em><\/strong><\/a><strong><em><\/em><\/strong><\/p>\n\n\n\n<p class=\"wp-block-paragraph\"><strong><em>Pour vos annonces, (publi)reportages, etc., joignez-nous au (00228)91515309\/<strong>79872224 <\/strong>www.macite.tg, L\u2019information, la bonne&nbsp;!<\/em><\/strong><\/p>\n\n\n\n<p class=\"wp-block-paragraph\"><\/p>\n","protected":false},"excerpt":{"rendered":"<p class=\"text-justify mb-2\" >L\u2019initialement fix\u00e9es au 10 juillet prochain, les prochaines \u00e9lections municipales ont \u00e9t\u00e9 diff\u00e9r\u00e9es d\u2019une semaine. Une d\u00e9cision prise hier 29 mai par le Pr\u00e9sident du Conseil, sur proposition de la Commission \u00e9lectorale nationale ind\u00e9pendante (CENI). Dans la foul\u00e9e de ce report, le calendrier \u00e9lectoral a [&hellip;]<\/p>\n","protected":false},"author":2,"featured_media":22479,"comment_status":"open","ping_status":"open","sticky":false,"template":"","format":"standard","meta":{"footnotes":""},"categories":[20,1],"tags":[],"class_list":["post-22478","post","type-post","status-publish","format-standard","has-post-thumbnail","hentry","category-actualite","category-politique"],"yoast_head":"<!-- This site is optimized with the Yoast SEO plugin v28.4 - https:\/\/yoast.com\/product\/yoast-seo-wordpress\/ -->\n<title>\u00c9LECTIONS LOCALES 2025 : Le scrutin diff\u00e9r\u00e9, le calendrier \u00e9lectoral r\u00e9ajust\u00e9 -<\/title>\n<meta name=\"robots\" content=\"index, follow, max-snippet:-1, max-image-preview:large, max-video-preview:-1\" \/>\n<link rel=\"canonical\" href=\"https:\/\/macite.tg\/?p=22478\" \/>\n<meta property=\"og:locale\" content=\"fr_FR\" \/>\n<meta property=\"og:type\" content=\"article\" \/>\n<meta property=\"og:title\" content=\"\u00c9LECTIONS LOCALES 2025 : Le scrutin diff\u00e9r\u00e9, le calendrier \u00e9lectoral r\u00e9ajust\u00e9 -\" \/>\n<meta property=\"og:description\" content=\"L\u2019initialement fix\u00e9es au 10 juillet prochain, les prochaines \u00e9lections municipales ont \u00e9t\u00e9 diff\u00e9r\u00e9es d\u2019une semaine. Une d\u00e9cision prise hier 29 mai par le Pr\u00e9sident du Conseil, sur proposition de la Commission \u00e9lectorale nationale ind\u00e9pendante (CENI). Dans la foul\u00e9e de ce report, le calendrier \u00e9lectoral a [&hellip;]\" \/>\n<meta property=\"og:url\" content=\"https:\/\/macite.tg\/?p=22478\" \/>\n<meta property=\"article:published_time\" content=\"2025-05-30T19:18:58+00:00\" \/>\n<meta property=\"article:modified_time\" content=\"2025-05-30T19:19:06+00:00\" \/>\n<meta property=\"og:image\" content=\"https:\/\/macite.tg\/wp-content\/uploads\/2025\/05\/download.jpg\" \/>\n\t<meta property=\"og:image:width\" content=\"860\" \/>\n\t<meta property=\"og:image:height\" content=\"645\" \/>\n\t<meta property=\"og:image:type\" content=\"image\/jpeg\" \/>\n<meta name=\"author\" content=\"Jean Pierre BAWELA\" \/>\n<meta name=\"twitter:card\" content=\"summary_large_image\" \/>\n<meta name=\"twitter:label1\" content=\"\u00c9crit par\" \/>\n\t<meta name=\"twitter:data1\" content=\"Jean Pierre BAWELA\" \/>\n\t<meta name=\"twitter:label2\" content=\"Dur\u00e9e de lecture estim\u00e9e\" \/>\n\t<meta name=\"twitter:data2\" content=\"2 minutes\" \/>\n<script type=\"application\/ld+json\" class=\"yoast-schema-graph\">{\"@context\":\"https:\\\/\\\/schema.org\",\"@graph\":[{\"@type\":\"Article\",\"@id\":\"https:\\\/\\\/macite.tg\\\/?p=22478#article\",\"isPartOf\":{\"@id\":\"https:\\\/\\\/macite.tg\\\/?p=22478\"},\"author\":{\"name\":\"Jean Pierre BAWELA\",\"@id\":\"https:\\\/\\\/macite.tg\\\/#\\\/schema\\\/person\\\/e9f2de7e5dbbe7770a9402c7ce82f5c2\"},\"headline\":\"\u00c9LECTIONS LOCALES 2025 : Le scrutin diff\u00e9r\u00e9, le calendrier \u00e9lectoral r\u00e9ajust\u00e9\",\"datePublished\":\"2025-05-30T19:18:58+00:00\",\"dateModified\":\"2025-05-30T19:19:06+00:00\",\"mainEntityOfPage\":{\"@id\":\"https:\\\/\\\/macite.tg\\\/?p=22478\"},\"wordCount\":319,\"commentCount\":0,\"image\":{\"@id\":\"https:\\\/\\\/macite.tg\\\/?p=22478#primaryimage\"},\"thumbnailUrl\":\"https:\\\/\\\/macite.tg\\\/wp-content\\\/uploads\\\/2025\\\/05\\\/download.jpg\",\"articleSection\":[\"ACTUALITE\",\"POLITIQUE\"],\"inLanguage\":\"fr-FR\",\"potentialAction\":[{\"@type\":\"CommentAction\",\"name\":\"Comment\",\"target\":[\"https:\\\/\\\/macite.tg\\\/?p=22478#respond\"]}]},{\"@type\":\"WebPage\",\"@id\":\"https:\\\/\\\/macite.tg\\\/?p=22478\",\"url\":\"https:\\\/\\\/macite.tg\\\/?p=22478\",\"name\":\"\u00c9LECTIONS LOCALES 2025 : Le scrutin diff\u00e9r\u00e9, le calendrier \u00e9lectoral r\u00e9ajust\u00e9 -\",\"isPartOf\":{\"@id\":\"https:\\\/\\\/macite.tg\\\/#website\"},\"primaryImageOfPage\":{\"@id\":\"https:\\\/\\\/macite.tg\\\/?p=22478#primaryimage\"},\"image\":{\"@id\":\"https:\\\/\\\/macite.tg\\\/?p=22478#primaryimage\"},\"thumbnailUrl\":\"https:\\\/\\\/macite.tg\\\/wp-content\\\/uploads\\\/2025\\\/05\\\/download.jpg\",\"datePublished\":\"2025-05-30T19:18:58+00:00\",\"dateModified\":\"2025-05-30T19:19:06+00:00\",\"author\":{\"@id\":\"https:\\\/\\\/macite.tg\\\/#\\\/schema\\\/person\\\/e9f2de7e5dbbe7770a9402c7ce82f5c2\"},\"breadcrumb\":{\"@id\":\"https:\\\/\\\/macite.tg\\\/?p=22478#breadcrumb\"},\"inLanguage\":\"fr-FR\",\"potentialAction\":[{\"@type\":\"ReadAction\",\"target\":[\"https:\\\/\\\/macite.tg\\\/?p=22478\"]}]},{\"@type\":\"ImageObject\",\"inLanguage\":\"fr-FR\",\"@id\":\"https:\\\/\\\/macite.tg\\\/?p=22478#primaryimage\",\"url\":\"https:\\\/\\\/macite.tg\\\/wp-content\\\/uploads\\\/2025\\\/05\\\/download.jpg\",\"contentUrl\":\"https:\\\/\\\/macite.tg\\\/wp-content\\\/uploads\\\/2025\\\/05\\\/download.jpg\",\"width\":860,\"height\":645},{\"@type\":\"BreadcrumbList\",\"@id\":\"https:\\\/\\\/macite.tg\\\/?p=22478#breadcrumb\",\"itemListElement\":[{\"@type\":\"ListItem\",\"position\":1,\"name\":\"Accueil\",\"item\":\"https:\\\/\\\/macite.tg\\\/\"},{\"@type\":\"ListItem\",\"position\":2,\"name\":\"\u00c9LECTIONS LOCALES 2025 : Le scrutin diff\u00e9r\u00e9, le calendrier \u00e9lectoral r\u00e9ajust\u00e9\"}]},{\"@type\":\"WebSite\",\"@id\":\"https:\\\/\\\/macite.tg\\\/#website\",\"url\":\"https:\\\/\\\/macite.tg\\\/\",\"name\":\"\",\"description\":\"L&#039;information, la bonne!!!\",\"potentialAction\":[{\"@type\":\"SearchAction\",\"target\":{\"@type\":\"EntryPoint\",\"urlTemplate\":\"https:\\\/\\\/macite.tg\\\/?s={search_term_string}\"},\"query-input\":{\"@type\":\"PropertyValueSpecification\",\"valueRequired\":true,\"valueName\":\"search_term_string\"}}],\"inLanguage\":\"fr-FR\"},{\"@type\":\"Person\",\"@id\":\"https:\\\/\\\/macite.tg\\\/#\\\/schema\\\/person\\\/e9f2de7e5dbbe7770a9402c7ce82f5c2\",\"name\":\"Jean Pierre BAWELA\",\"image\":{\"@type\":\"ImageObject\",\"inLanguage\":\"fr-FR\",\"@id\":\"https:\\\/\\\/macite.tg\\\/wp-content\\\/uploads\\\/2023\\\/09\\\/WhatsApp-Image-2023-09-19-at-14.44.41-122x122.jpeg\",\"url\":\"https:\\\/\\\/macite.tg\\\/wp-content\\\/uploads\\\/2023\\\/09\\\/WhatsApp-Image-2023-09-19-at-14.44.41-122x122.jpeg\",\"contentUrl\":\"https:\\\/\\\/macite.tg\\\/wp-content\\\/uploads\\\/2023\\\/09\\\/WhatsApp-Image-2023-09-19-at-14.44.41-122x122.jpeg\",\"caption\":\"Jean Pierre BAWELA\"},\"url\":\"https:\\\/\\\/macite.tg\\\/?author=2\"}]}<\/script>\n<!-- \/ Yoast SEO plugin. -->","yoast_head_json":{"title":"\u00c9LECTIONS LOCALES 2025 : Le scrutin diff\u00e9r\u00e9, le calendrier \u00e9lectoral r\u00e9ajust\u00e9 -","robots":{"index":"index","follow":"follow","max-snippet":"max-snippet:-1","max-image-preview":"max-image-preview:large","max-video-preview":"max-video-preview:-1"},"canonical":"https:\/\/macite.tg\/?p=22478","og_locale":"fr_FR","og_type":"article","og_title":"\u00c9LECTIONS LOCALES 2025 : Le scrutin diff\u00e9r\u00e9, le calendrier \u00e9lectoral r\u00e9ajust\u00e9 -","og_description":"L\u2019initialement fix\u00e9es au 10 juillet prochain, les prochaines \u00e9lections municipales ont \u00e9t\u00e9 diff\u00e9r\u00e9es d\u2019une semaine. Une d\u00e9cision prise hier 29 mai par le Pr\u00e9sident du Conseil, sur proposition de la Commission \u00e9lectorale nationale ind\u00e9pendante (CENI). Dans la foul\u00e9e de ce report, le calendrier \u00e9lectoral a [&hellip;]","og_url":"https:\/\/macite.tg\/?p=22478","article_published_time":"2025-05-30T19:18:58+00:00","article_modified_time":"2025-05-30T19:19:06+00:00","og_image":[{"width":860,"height":645,"url":"https:\/\/macite.tg\/wp-content\/uploads\/2025\/05\/download.jpg","type":"image\/jpeg"}],"author":"Jean Pierre BAWELA","twitter_card":"summary_large_image","twitter_misc":{"\u00c9crit par":"Jean Pierre BAWELA","Dur\u00e9e de lecture estim\u00e9e":"2 minutes"},"schema":{"@context":"https:\/\/schema.org","@graph":[{"@type":"Article","@id":"https:\/\/macite.tg\/?p=22478#article","isPartOf":{"@id":"https:\/\/macite.tg\/?p=22478"},"author":{"name":"Jean Pierre BAWELA","@id":"https:\/\/macite.tg\/#\/schema\/person\/e9f2de7e5dbbe7770a9402c7ce82f5c2"},"headline":"\u00c9LECTIONS LOCALES 2025 : Le scrutin diff\u00e9r\u00e9, le calendrier \u00e9lectoral r\u00e9ajust\u00e9","datePublished":"2025-05-30T19:18:58+00:00","dateModified":"2025-05-30T19:19:06+00:00","mainEntityOfPage":{"@id":"https:\/\/macite.tg\/?p=22478"},"wordCount":319,"commentCount":0,"image":{"@id":"https:\/\/macite.tg\/?p=22478#primaryimage"},"thumbnailUrl":"https:\/\/macite.tg\/wp-content\/uploads\/2025\/05\/download.jpg","articleSection":["ACTUALITE","POLITIQUE"],"inLanguage":"fr-FR","potentialAction":[{"@type":"CommentAction","name":"Comment","target":["https:\/\/macite.tg\/?p=22478#respond"]}]},{"@type":"WebPage","@id":"https:\/\/macite.tg\/?p=22478","url":"https:\/\/macite.tg\/?p=22478","name":"\u00c9LECTIONS LOCALES 2025 : Le scrutin diff\u00e9r\u00e9, le calendrier \u00e9lectoral r\u00e9ajust\u00e9 -","isPartOf":{"@id":"https:\/\/macite.tg\/#website"},"primaryImageOfPage":{"@id":"https:\/\/macite.tg\/?p=22478#primaryimage"},"image":{"@id":"https:\/\/macite.tg\/?p=22478#primaryimage"},"thumbnailUrl":"https:\/\/macite.tg\/wp-content\/uploads\/2025\/05\/download.jpg","datePublished":"2025-05-30T19:18:58+00:00","dateModified":"2025-05-30T19:19:06+00:00","author":{"@id":"https:\/\/macite.tg\/#\/schema\/person\/e9f2de7e5dbbe7770a9402c7ce82f5c2"},"breadcrumb":{"@id":"https:\/\/macite.tg\/?p=22478#breadcrumb"},"inLanguage":"fr-FR","potentialAction":[{"@type":"ReadAction","target":["https:\/\/macite.tg\/?p=22478"]}]},{"@type":"ImageObject","inLanguage":"fr-FR","@id":"https:\/\/macite.tg\/?p=22478#primaryimage","url":"https:\/\/macite.tg\/wp-content\/uploads\/2025\/05\/download.jpg","contentUrl":"https:\/\/macite.tg\/wp-content\/uploads\/2025\/05\/download.jpg","width":860,"height":645},{"@type":"BreadcrumbList","@id":"https:\/\/macite.tg\/?p=22478#breadcrumb","itemListElement":[{"@type":"ListItem","position":1,"name":"Accueil","item":"https:\/\/macite.tg\/"},{"@type":"ListItem","position":2,"name":"\u00c9LECTIONS LOCALES 2025 : Le scrutin diff\u00e9r\u00e9, le calendrier \u00e9lectoral r\u00e9ajust\u00e9"}]},{"@type":"WebSite","@id":"https:\/\/macite.tg\/#website","url":"https:\/\/macite.tg\/","name":"","description":"L&#039;information, la bonne!!!","potentialAction":[{"@type":"SearchAction","target":{"@type":"EntryPoint","urlTemplate":"https:\/\/macite.tg\/?s={search_term_string}"},"query-input":{"@type":"PropertyValueSpecification","valueRequired":true,"valueName":"search_term_string"}}],"inLanguage":"fr-FR"},{"@type":"Person","@id":"https:\/\/macite.tg\/#\/schema\/person\/e9f2de7e5dbbe7770a9402c7ce82f5c2","name":"Jean Pierre BAWELA","image":{"@type":"ImageObject","inLanguage":"fr-FR","@id":"https:\/\/macite.tg\/wp-content\/uploads\/2023\/09\/WhatsApp-Image-2023-09-19-at-14.44.41-122x122.jpeg","url":"https:\/\/macite.tg\/wp-content\/uploads\/2023\/09\/WhatsApp-Image-2023-09-19-at-14.44.41-122x122.jpeg","contentUrl":"https:\/\/macite.tg\/wp-content\/uploads\/2023\/09\/WhatsApp-Image-2023-09-19-at-14.44.41-122x122.jpeg","caption":"Jean Pierre BAWELA"},"url":"https:\/\/macite.tg\/?author=2"}]}},"_links":{"self":[{"href":"https:\/\/macite.tg\/index.php?rest_route=\/wp\/v2\/posts\/22478","targetHints":{"allow":["GET"]}}],"collection":[{"href":"https:\/\/macite.tg\/index.php?rest_route=\/wp\/v2\/posts"}],"about":[{"href":"https:\/\/macite.tg\/index.php?rest_route=\/wp\/v2\/types\/post"}],"author":[{"embeddable":true,"href":"https:\/\/macite.tg\/index.php?rest_route=\/wp\/v2\/users\/2"}],"replies":[{"embeddable":true,"href":"https:\/\/macite.tg\/index.php?rest_route=%2Fwp%2Fv2%2Fcomments&post=22478"}],"version-history":[{"count":0,"href":"https:\/\/macite.tg\/index.php?rest_route=\/wp\/v2\/posts\/22478\/revisions"}],"wp:featuredmedia":[{"embeddable":true,"href":"https:\/\/macite.tg\/index.php?rest_route=\/wp\/v2\/media\/22479"}],"wp:attachment":[{"href":"https:\/\/macite.tg\/index.php?rest_route=%2Fwp%2Fv2%2Fmedia&parent=22478"}],"wp:term":[{"taxonomy":"category","embeddable":true,"href":"https:\/\/macite.tg\/index.php?rest_route=%2Fwp%2Fv2%2Fcategories&post=22478"},{"taxonomy":"post_tag","embeddable":true,"href":"https:\/\/macite.tg\/index.php?rest_route=%2Fwp%2Fv2%2Ftags&post=22478"}],"curies":[{"name":"wp","href":"https:\/\/api.w.org\/{rel}","templated":true}]}}