{"id":22466,"date":"2025-05-30T18:12:29","date_gmt":"2025-05-30T18:12:29","guid":{"rendered":"https:\/\/macite.tg\/?p=22466"},"modified":"2025-05-30T18:12:36","modified_gmt":"2025-05-30T18:12:36","slug":"paix-et-securite-le-maroc-a-la-13eme-rencontre-de-haut-niveau-des-responsables-des-services-de-securite-et-de-renseignement-a-moscou","status":"publish","type":"post","link":"https:\/\/macite.tg\/?p=22466","title":{"rendered":"PAIX ET SECURITE : Le Maroc \u00e0 la 13\u00e8me rencontre de haut niveau des responsables des services de s\u00e9curit\u00e9 et de renseignement \u00e0 Moscou"},"content":{"rendered":"\n<p class=\"wp-block-paragraph\"><strong><em>La capitale russe, Moscou, a accueilli du 27 au 29 mai 2025, la 13<sup>\u00e8me<\/sup> <\/em><\/strong><strong><em>rencontre internationale des hauts responsables <\/em><\/strong><strong><em>charg\u00e9s des questions de s\u00e9curit\u00e9. Initi\u00e9e depuis 2010 par le Conseil de s\u00e9curit\u00e9 russe, cette rencontre strat\u00e9gique, regroupe <\/em><\/strong><strong><em>plus de 100 pays du Sud, de l&rsquo;Est et des pays de la Communaut\u00e9 des \u00c9tats ind\u00e9pendants (CEI), en plus de plusieurs organisations internationales et r\u00e9gionales, <\/em><\/strong><strong><em>dont l&rsquo;Organisation du trait\u00e9 de s\u00e9curit\u00e9 collective (OTSC), l&rsquo;Union \u00e9conomique Euro\u00adasiatique (UEE), l&rsquo;Organisation de coop\u00e9ration de Shanghai (OCS) et d&rsquo;autres organisations internationales s&rsquo;activant dans des domaines en lien avec la s\u00e9curit\u00e9. A cette rencontre strat\u00e9gique, le Royaume du Maroc, repr\u00e9sent\u00e9 par Directeur g\u00e9n\u00e9ral de la S\u00fbret\u00e9 nationale et de la Surveillance du territoire, Abdellatif Hammouchi, a eu droit \u00e0 la parole. Preuve que les services de s\u00e9curit\u00e9 marocains jouissent d\u2019une certaine cr\u00e9dibilit\u00e9 aupr\u00e8s de leurs partenaires internationaux.<\/em><\/strong><\/p>\n\n\n\n<p class=\"wp-block-paragraph\">Dans le cadre de la coop\u00e9ration s\u00e9curitaire multipartite, Moscou a abrit\u00e9, du 27 au 29 mai 2025, un Forum strat\u00e9gique en mati\u00e8re de paix et s\u00e9curit\u00e9 mondiales. Cette rencontre a regroup\u00e9, outre les chefs et de responsables charg\u00e9s des services de s\u00e9curit\u00e9 et de renseignement repr\u00e9sentant venus de plus de 10 pays du Sud, de l\u2019Est et des pays, mais aussi des organisations partageant les m\u00eames id\u00e9aux que de la Russie.<\/p>\n\n\n<div class=\"wp-block-image\">\n<figure class=\"aligncenter size-large is-resized\"><img loading=\"lazy\" decoding=\"async\" width=\"1024\" height=\"1024\" src=\"https:\/\/macite.tg\/wp-content\/uploads\/2025\/05\/Geo-ref-1024x1024.png\" alt=\"\" class=\"wp-image-22358\" style=\"width:588px;height:auto\" srcset=\"https:\/\/macite.tg\/wp-content\/uploads\/2025\/05\/Geo-ref-1024x1024.png 1024w, https:\/\/macite.tg\/wp-content\/uploads\/2025\/05\/Geo-ref-300x300.png 300w, https:\/\/macite.tg\/wp-content\/uploads\/2025\/05\/Geo-ref-150x150.png 150w, https:\/\/macite.tg\/wp-content\/uploads\/2025\/05\/Geo-ref-768x768.png 768w, https:\/\/macite.tg\/wp-content\/uploads\/2025\/05\/Geo-ref-122x122.png 122w, https:\/\/macite.tg\/wp-content\/uploads\/2025\/05\/Geo-ref.png 1080w\" sizes=\"auto, (max-width: 1024px) 100vw, 1024px\" \/><\/figure>\n<\/div>\n\n\n<p class=\"wp-block-paragraph\">Cette rencontre, 13<sup>\u00e8me<\/sup> du genre depuis 2010, organis\u00e9e par le Conseil de s\u00e9curit\u00e9 russe et pr\u00e9sid\u00e9e par le Secr\u00e9taire dudit Conseil, Sergue\u00ef Cho\u00efgou, a \u00e9t\u00e9 une occasion de partage des diff\u00e9rents points de vue des pays participants sur les moyens de d\u00e9velopper des m\u00e9canismes collectifs pour faire face aux risques mondiaux croissants, et d\u2019examiner les politiques mondiales visant \u00e0 <em>\u00ab&nbsp;neutraliser les menaces <\/em><em>\u00e9mergentes, contribuant ainsi \u00e0 la consolidation de la paix et de la s\u00e9curit\u00e9 mondiales&nbsp;\u00bb.<\/em><\/p>\n\n\n\n<p class=\"wp-block-paragraph\">A l\u2019ouverture des travaux de ce forum, le pr\u00e9sident russe Vladimir Poutine a, par visioconf\u00e9rence, indiqu\u00e9 que la nouvelle architecture de s\u00e9curit\u00e9 mondiale devrait \u00eatre <em>\u00ab&nbsp;juste et \u00e9quitable&nbsp;\u00bb.<\/em> Tout en notant que tous les Etats doivent disposer de garanties solides pour assurer leur propre s\u00e9curit\u00e9, sans compromettre les int\u00e9r\u00eats et la s\u00e9curit\u00e9 des autres Etats, le pr\u00e9sident russe s\u2019est f\u00e9licit\u00e9 de la participation des services de s\u00fbret\u00e9 et de renseignement des pays de l&rsquo;Est et du Sud qui, selon lui, repr\u00e9sentent la <em>\u00ab&nbsp;plus grande partie <\/em><em>du syst\u00e8me s\u00e9curitaire mondial&nbsp;\u00bb, <\/em>qui met en avant leur propre mod\u00e8le de d\u00e9veloppement.<\/p>\n\n\n\n<p class=\"wp-block-paragraph\">Outre le discours d\u2019ouverture, ce Forum a \u00e9t\u00e9 marqu\u00e9 par plusieurs s\u00e9ances pl\u00e9ni\u00e8res mais aussi des conf\u00e9rences th\u00e9matiques portant sur diverses questions en lien avec la s\u00e9curit\u00e9 mondiale, notamment la mont\u00e9e de la menace terroriste avec \u00e0 la cl\u00e9 l\u2019\u00e9mergence de fiefs r\u00e9gionaux et de nouveaux foyers d\u2019organisations terroristes, les dangers accrus des crimes et les cyberattaques ciblant les infrastructures vitales et sensibles des Etats, sans oublier le fl\u00e9au des intersections et ramifications transnationales du crime organis\u00e9.<\/p>\n\n\n<div class=\"wp-block-image\">\n<figure class=\"aligncenter size-full\"><img loading=\"lazy\" decoding=\"async\" width=\"851\" height=\"315\" src=\"https:\/\/macite.tg\/wp-content\/uploads\/2025\/05\/OTR_Ferer-pour-batir-1-2.jpg\" alt=\"\" class=\"wp-image-22346\" srcset=\"https:\/\/macite.tg\/wp-content\/uploads\/2025\/05\/OTR_Ferer-pour-batir-1-2.jpg 851w, https:\/\/macite.tg\/wp-content\/uploads\/2025\/05\/OTR_Ferer-pour-batir-1-2-300x111.jpg 300w, https:\/\/macite.tg\/wp-content\/uploads\/2025\/05\/OTR_Ferer-pour-batir-1-2-768x284.jpg 768w\" sizes=\"auto, (max-width: 851px) 100vw, 851px\" \/><\/figure>\n<\/div>\n\n\n<p class=\"wp-block-paragraph\"><strong>L\u2019exp\u00e9rience marocaine mise en relief\u2026<\/strong><strong><\/strong><\/p>\n\n\n\n<p class=\"wp-block-paragraph\">Se basant sur l\u2019exp\u00e9rience marocaine, le Directeur g\u00e9n\u00e9ral de S\u00fbret\u00e9 nationale et de la Surveillance du territoire fait noter que <em>\u00ab&nbsp;<\/em><em>la coop\u00e9ration juste et \u00e9quitable entre les pays est le <\/em><em>gage du succ\u00e8s de toute structure s\u00e9curitaire commune&nbsp;\u00bb, <\/em>et vise, selon lui, \u00e0 endiguer les menaces et d\u00e9fis strat\u00e9giques de l\u2019heure.<\/p>\n\n\n\n<p class=\"wp-block-paragraph\"><em>\u00ab&nbsp;Le devoir de vigilance sous-tendant notre <\/em><em>action proactive, et notre responsabilit\u00e9 commune nous impose d\u2019\u00e9changer les informations au sujet de l\u2019ensemble des menaces s\u00e9curitaires identifi\u00e9es ou potentielles, ainsi que leur <\/em><em>partage de mani\u00e8re s\u00e9curis\u00e9e et imm\u00e9diate au service de notre s\u00e9curit\u00e9 collective, sur la <\/em><em>base du principe gagnant-gagnant&nbsp;\u00bb, <\/em>a d\u00e9clar\u00e9M. Abdellatif Hammouchi.<em><\/em><\/p>\n\n\n\n<p class=\"wp-block-paragraph\">L\u2019officiel marocain note que la neutralisation des dangers et menaces strat\u00e9giques croissantes demeure tributaire de la cr\u00e9ation d\u2019une infrastructure s\u00e9curitaire commune et indivisible, avec le concours des services de s\u00fbret\u00e9 et de renseignement nationaux en coop\u00e9ration et en coordination \u00e9troites avec leurs homologues dans diff\u00e9rentes r\u00e9gions du monde.<\/p>\n\n\n\n<p class=\"wp-block-paragraph\">En marge de cette rencontre internationale, M. Hammouchi a eu un agenda charg\u00e9. Il a eu plusieurs rencontres bilat\u00e9rales, notamment avec les chefs et membres de plusieurs services s\u00e9curitaires et de renseignement de pays fr\u00e8res et amis, dont le Service f\u00e9d\u00e9ral de s\u00e9curit\u00e9 de Russie (FSB). Au menu des \u00e9changes, des questions d&rsquo;int\u00e9r\u00eat commun ainsi que les moyens de raffermir la coop\u00e9ration bilat\u00e9rale pour faire face aux risques et menaces \u00e9mergents.<\/p>\n\n\n<div class=\"wp-block-image\">\n<figure class=\"aligncenter size-large is-resized\"><img loading=\"lazy\" decoding=\"async\" width=\"1024\" height=\"1024\" src=\"https:\/\/macite.tg\/wp-content\/uploads\/2025\/05\/d4c3a8a5-b555-493c-b116-93e62f3746c8-1-1024x1024.jpg\" alt=\"\" class=\"wp-image-22330\" style=\"width:560px;height:auto\" srcset=\"https:\/\/macite.tg\/wp-content\/uploads\/2025\/05\/d4c3a8a5-b555-493c-b116-93e62f3746c8-1-1024x1024.jpg 1024w, https:\/\/macite.tg\/wp-content\/uploads\/2025\/05\/d4c3a8a5-b555-493c-b116-93e62f3746c8-1-300x300.jpg 300w, https:\/\/macite.tg\/wp-content\/uploads\/2025\/05\/d4c3a8a5-b555-493c-b116-93e62f3746c8-1-150x150.jpg 150w, https:\/\/macite.tg\/wp-content\/uploads\/2025\/05\/d4c3a8a5-b555-493c-b116-93e62f3746c8-1-768x768.jpg 768w, https:\/\/macite.tg\/wp-content\/uploads\/2025\/05\/d4c3a8a5-b555-493c-b116-93e62f3746c8-1-122x122.jpg 122w, https:\/\/macite.tg\/wp-content\/uploads\/2025\/05\/d4c3a8a5-b555-493c-b116-93e62f3746c8-1.jpg 1080w\" sizes=\"auto, (max-width: 1024px) 100vw, 1024px\" \/><\/figure>\n<\/div>\n\n\n<p class=\"wp-block-paragraph\">Notons que cette visite de travail du Directeur g\u00e9n\u00e9ral de S\u00fbret\u00e9 nationale et de la Surveillance du territoire \u00e0 Moscou est une belle illustration du r\u00f4le majeur que joue Rabat dans le domaine de la coop\u00e9ration s\u00e9curitaire internationale. Elle refl\u00e8te, \u00e0 bien d\u2019\u00e9gard, la cr\u00e9dibilit\u00e9 dont jouissent les services de s\u00e9curit\u00e9 du Royaume aupr\u00e8s de leurs partenaires internationaux, ne tant qu\u2019acteurs majeurs dont les effets inlassables contribuent \u00e0 la pr\u00e9servation de la s\u00e9curit\u00e9 et de la stabilit\u00e9 mondiale.<\/p>\n\n\n\n<p class=\"wp-block-paragraph\"><strong>MC<\/strong><\/p>\n\n\n\n<p class=\"wp-block-paragraph\"><a><strong><em>@macite.tg&nbsp;&nbsp;&nbsp;&nbsp;&nbsp;&nbsp;&nbsp;&nbsp;<\/em><\/strong><\/a><\/p>\n\n\n\n<p class=\"wp-block-paragraph\"><strong><em>E-mail&nbsp;: <\/em><\/strong><a href=\"mailto:maciteinfo@gmail.com\"><strong><em>maciteinfo@gmail.com<\/em><\/strong><\/a><strong><em>; <\/em><\/strong><a href=\"mailto:bawela1@gmail.com\"><strong><em>bawela1@gmail.com<\/em><\/strong><\/a><strong><em><\/em><\/strong><\/p>\n\n\n\n<p class=\"wp-block-paragraph\"><strong><em>Pour vos annonces, (publi)reportages, etc., joignez-nous au (00228)91515309\/<strong>79872224 <\/strong>www.macite.tg, L\u2019information, la bonne&nbsp;!<\/em><\/strong><\/p>\n\n\n\n<p class=\"wp-block-paragraph\"><\/p>\n","protected":false},"excerpt":{"rendered":"<p class=\"text-justify mb-2\" >La capitale russe, Moscou, a accueilli du 27 au 29 mai 2025, la 13\u00e8me rencontre internationale des hauts responsables charg\u00e9s des questions de s\u00e9curit\u00e9. Initi\u00e9e depuis 2010 par le Conseil de s\u00e9curit\u00e9 russe, cette rencontre strat\u00e9gique, regroupe plus de 100 pays du Sud, de l&rsquo;Est [&hellip;]<\/p>\n","protected":false},"author":2,"featured_media":22474,"comment_status":"open","ping_status":"open","sticky":false,"template":"","format":"standard","meta":{"footnotes":""},"categories":[20,28],"tags":[],"class_list":["post-22466","post","type-post","status-publish","format-standard","has-post-thumbnail","hentry","category-actualite","category-securite"],"yoast_head":"<!-- This site is optimized with the Yoast SEO plugin v28.4 - https:\/\/yoast.com\/product\/yoast-seo-wordpress\/ -->\n<title>PAIX ET SECURITE : Le Maroc \u00e0 la 13\u00e8me rencontre de haut niveau des responsables des services de s\u00e9curit\u00e9 et de renseignement \u00e0 Moscou -<\/title>\n<meta name=\"robots\" content=\"index, follow, max-snippet:-1, max-image-preview:large, max-video-preview:-1\" \/>\n<link rel=\"canonical\" href=\"https:\/\/macite.tg\/?p=22466\" \/>\n<meta property=\"og:locale\" content=\"fr_FR\" \/>\n<meta property=\"og:type\" content=\"article\" \/>\n<meta property=\"og:title\" content=\"PAIX ET SECURITE : Le Maroc \u00e0 la 13\u00e8me rencontre de haut niveau des responsables des services de s\u00e9curit\u00e9 et de renseignement \u00e0 Moscou -\" \/>\n<meta property=\"og:description\" content=\"La capitale russe, Moscou, a accueilli du 27 au 29 mai 2025, la 13\u00e8me rencontre internationale des hauts responsables charg\u00e9s des questions de s\u00e9curit\u00e9. Initi\u00e9e depuis 2010 par le Conseil de s\u00e9curit\u00e9 russe, cette rencontre strat\u00e9gique, regroupe plus de 100 pays du Sud, de l&rsquo;Est [&hellip;]\" \/>\n<meta property=\"og:url\" content=\"https:\/\/macite.tg\/?p=22466\" \/>\n<meta property=\"article:published_time\" content=\"2025-05-30T18:12:29+00:00\" \/>\n<meta property=\"article:modified_time\" content=\"2025-05-30T18:12:36+00:00\" \/>\n<meta property=\"og:image\" content=\"https:\/\/macite.tg\/wp-content\/uploads\/2025\/05\/49dd8d48-bd9a-454b-888f-d58c95dfbaaa.jpg\" \/>\n\t<meta property=\"og:image:width\" content=\"275\" \/>\n\t<meta property=\"og:image:height\" content=\"183\" \/>\n\t<meta property=\"og:image:type\" content=\"image\/jpeg\" \/>\n<meta name=\"author\" content=\"Jean Pierre BAWELA\" \/>\n<meta name=\"twitter:card\" content=\"summary_large_image\" \/>\n<meta name=\"twitter:label1\" content=\"\u00c9crit par\" \/>\n\t<meta name=\"twitter:data1\" content=\"Jean Pierre BAWELA\" \/>\n\t<meta name=\"twitter:label2\" content=\"Dur\u00e9e de lecture estim\u00e9e\" \/>\n\t<meta name=\"twitter:data2\" content=\"5 minutes\" \/>\n<script type=\"application\/ld+json\" class=\"yoast-schema-graph\">{\"@context\":\"https:\\\/\\\/schema.org\",\"@graph\":[{\"@type\":\"Article\",\"@id\":\"https:\\\/\\\/macite.tg\\\/?p=22466#article\",\"isPartOf\":{\"@id\":\"https:\\\/\\\/macite.tg\\\/?p=22466\"},\"author\":{\"name\":\"Jean Pierre BAWELA\",\"@id\":\"https:\\\/\\\/macite.tg\\\/#\\\/schema\\\/person\\\/e9f2de7e5dbbe7770a9402c7ce82f5c2\"},\"headline\":\"PAIX ET SECURITE : Le Maroc \u00e0 la 13\u00e8me rencontre de haut niveau des responsables des services de s\u00e9curit\u00e9 et de renseignement \u00e0 Moscou\",\"datePublished\":\"2025-05-30T18:12:29+00:00\",\"dateModified\":\"2025-05-30T18:12:36+00:00\",\"mainEntityOfPage\":{\"@id\":\"https:\\\/\\\/macite.tg\\\/?p=22466\"},\"wordCount\":952,\"commentCount\":0,\"image\":{\"@id\":\"https:\\\/\\\/macite.tg\\\/?p=22466#primaryimage\"},\"thumbnailUrl\":\"https:\\\/\\\/macite.tg\\\/wp-content\\\/uploads\\\/2025\\\/05\\\/49dd8d48-bd9a-454b-888f-d58c95dfbaaa.jpg\",\"articleSection\":[\"ACTUALITE\",\"SECURITE\"],\"inLanguage\":\"fr-FR\",\"potentialAction\":[{\"@type\":\"CommentAction\",\"name\":\"Comment\",\"target\":[\"https:\\\/\\\/macite.tg\\\/?p=22466#respond\"]}]},{\"@type\":\"WebPage\",\"@id\":\"https:\\\/\\\/macite.tg\\\/?p=22466\",\"url\":\"https:\\\/\\\/macite.tg\\\/?p=22466\",\"name\":\"PAIX ET SECURITE : Le Maroc \u00e0 la 13\u00e8me rencontre de haut niveau des responsables des services de s\u00e9curit\u00e9 et de renseignement \u00e0 Moscou -\",\"isPartOf\":{\"@id\":\"https:\\\/\\\/macite.tg\\\/#website\"},\"primaryImageOfPage\":{\"@id\":\"https:\\\/\\\/macite.tg\\\/?p=22466#primaryimage\"},\"image\":{\"@id\":\"https:\\\/\\\/macite.tg\\\/?p=22466#primaryimage\"},\"thumbnailUrl\":\"https:\\\/\\\/macite.tg\\\/wp-content\\\/uploads\\\/2025\\\/05\\\/49dd8d48-bd9a-454b-888f-d58c95dfbaaa.jpg\",\"datePublished\":\"2025-05-30T18:12:29+00:00\",\"dateModified\":\"2025-05-30T18:12:36+00:00\",\"author\":{\"@id\":\"https:\\\/\\\/macite.tg\\\/#\\\/schema\\\/person\\\/e9f2de7e5dbbe7770a9402c7ce82f5c2\"},\"breadcrumb\":{\"@id\":\"https:\\\/\\\/macite.tg\\\/?p=22466#breadcrumb\"},\"inLanguage\":\"fr-FR\",\"potentialAction\":[{\"@type\":\"ReadAction\",\"target\":[\"https:\\\/\\\/macite.tg\\\/?p=22466\"]}]},{\"@type\":\"ImageObject\",\"inLanguage\":\"fr-FR\",\"@id\":\"https:\\\/\\\/macite.tg\\\/?p=22466#primaryimage\",\"url\":\"https:\\\/\\\/macite.tg\\\/wp-content\\\/uploads\\\/2025\\\/05\\\/49dd8d48-bd9a-454b-888f-d58c95dfbaaa.jpg\",\"contentUrl\":\"https:\\\/\\\/macite.tg\\\/wp-content\\\/uploads\\\/2025\\\/05\\\/49dd8d48-bd9a-454b-888f-d58c95dfbaaa.jpg\",\"width\":275,\"height\":183,\"caption\":\"M. Abdellatif Hammouchi, DG de la S\u00e9curit\u00e9 nationale et de la surveillance du territoire marocain.\"},{\"@type\":\"BreadcrumbList\",\"@id\":\"https:\\\/\\\/macite.tg\\\/?p=22466#breadcrumb\",\"itemListElement\":[{\"@type\":\"ListItem\",\"position\":1,\"name\":\"Accueil\",\"item\":\"https:\\\/\\\/macite.tg\\\/\"},{\"@type\":\"ListItem\",\"position\":2,\"name\":\"PAIX ET SECURITE : Le Maroc \u00e0 la 13\u00e8me rencontre de haut niveau des responsables des services de s\u00e9curit\u00e9 et de renseignement \u00e0 Moscou\"}]},{\"@type\":\"WebSite\",\"@id\":\"https:\\\/\\\/macite.tg\\\/#website\",\"url\":\"https:\\\/\\\/macite.tg\\\/\",\"name\":\"\",\"description\":\"L&#039;information, la bonne!!!\",\"potentialAction\":[{\"@type\":\"SearchAction\",\"target\":{\"@type\":\"EntryPoint\",\"urlTemplate\":\"https:\\\/\\\/macite.tg\\\/?s={search_term_string}\"},\"query-input\":{\"@type\":\"PropertyValueSpecification\",\"valueRequired\":true,\"valueName\":\"search_term_string\"}}],\"inLanguage\":\"fr-FR\"},{\"@type\":\"Person\",\"@id\":\"https:\\\/\\\/macite.tg\\\/#\\\/schema\\\/person\\\/e9f2de7e5dbbe7770a9402c7ce82f5c2\",\"name\":\"Jean Pierre BAWELA\",\"image\":{\"@type\":\"ImageObject\",\"inLanguage\":\"fr-FR\",\"@id\":\"https:\\\/\\\/macite.tg\\\/wp-content\\\/uploads\\\/2023\\\/09\\\/WhatsApp-Image-2023-09-19-at-14.44.41-122x122.jpeg\",\"url\":\"https:\\\/\\\/macite.tg\\\/wp-content\\\/uploads\\\/2023\\\/09\\\/WhatsApp-Image-2023-09-19-at-14.44.41-122x122.jpeg\",\"contentUrl\":\"https:\\\/\\\/macite.tg\\\/wp-content\\\/uploads\\\/2023\\\/09\\\/WhatsApp-Image-2023-09-19-at-14.44.41-122x122.jpeg\",\"caption\":\"Jean Pierre BAWELA\"},\"url\":\"https:\\\/\\\/macite.tg\\\/?author=2\"}]}<\/script>\n<!-- \/ Yoast SEO plugin. -->","yoast_head_json":{"title":"PAIX ET SECURITE : Le Maroc \u00e0 la 13\u00e8me rencontre de haut niveau des responsables des services de s\u00e9curit\u00e9 et de renseignement \u00e0 Moscou -","robots":{"index":"index","follow":"follow","max-snippet":"max-snippet:-1","max-image-preview":"max-image-preview:large","max-video-preview":"max-video-preview:-1"},"canonical":"https:\/\/macite.tg\/?p=22466","og_locale":"fr_FR","og_type":"article","og_title":"PAIX ET SECURITE : Le Maroc \u00e0 la 13\u00e8me rencontre de haut niveau des responsables des services de s\u00e9curit\u00e9 et de renseignement \u00e0 Moscou -","og_description":"La capitale russe, Moscou, a accueilli du 27 au 29 mai 2025, la 13\u00e8me rencontre internationale des hauts responsables charg\u00e9s des questions de s\u00e9curit\u00e9. Initi\u00e9e depuis 2010 par le Conseil de s\u00e9curit\u00e9 russe, cette rencontre strat\u00e9gique, regroupe plus de 100 pays du Sud, de l&rsquo;Est [&hellip;]","og_url":"https:\/\/macite.tg\/?p=22466","article_published_time":"2025-05-30T18:12:29+00:00","article_modified_time":"2025-05-30T18:12:36+00:00","og_image":[{"width":275,"height":183,"url":"https:\/\/macite.tg\/wp-content\/uploads\/2025\/05\/49dd8d48-bd9a-454b-888f-d58c95dfbaaa.jpg","type":"image\/jpeg"}],"author":"Jean Pierre BAWELA","twitter_card":"summary_large_image","twitter_misc":{"\u00c9crit par":"Jean Pierre BAWELA","Dur\u00e9e de lecture estim\u00e9e":"5 minutes"},"schema":{"@context":"https:\/\/schema.org","@graph":[{"@type":"Article","@id":"https:\/\/macite.tg\/?p=22466#article","isPartOf":{"@id":"https:\/\/macite.tg\/?p=22466"},"author":{"name":"Jean Pierre BAWELA","@id":"https:\/\/macite.tg\/#\/schema\/person\/e9f2de7e5dbbe7770a9402c7ce82f5c2"},"headline":"PAIX ET SECURITE : Le Maroc \u00e0 la 13\u00e8me rencontre de haut niveau des responsables des services de s\u00e9curit\u00e9 et de renseignement \u00e0 Moscou","datePublished":"2025-05-30T18:12:29+00:00","dateModified":"2025-05-30T18:12:36+00:00","mainEntityOfPage":{"@id":"https:\/\/macite.tg\/?p=22466"},"wordCount":952,"commentCount":0,"image":{"@id":"https:\/\/macite.tg\/?p=22466#primaryimage"},"thumbnailUrl":"https:\/\/macite.tg\/wp-content\/uploads\/2025\/05\/49dd8d48-bd9a-454b-888f-d58c95dfbaaa.jpg","articleSection":["ACTUALITE","SECURITE"],"inLanguage":"fr-FR","potentialAction":[{"@type":"CommentAction","name":"Comment","target":["https:\/\/macite.tg\/?p=22466#respond"]}]},{"@type":"WebPage","@id":"https:\/\/macite.tg\/?p=22466","url":"https:\/\/macite.tg\/?p=22466","name":"PAIX ET SECURITE : Le Maroc \u00e0 la 13\u00e8me rencontre de haut niveau des responsables des services de s\u00e9curit\u00e9 et de renseignement \u00e0 Moscou -","isPartOf":{"@id":"https:\/\/macite.tg\/#website"},"primaryImageOfPage":{"@id":"https:\/\/macite.tg\/?p=22466#primaryimage"},"image":{"@id":"https:\/\/macite.tg\/?p=22466#primaryimage"},"thumbnailUrl":"https:\/\/macite.tg\/wp-content\/uploads\/2025\/05\/49dd8d48-bd9a-454b-888f-d58c95dfbaaa.jpg","datePublished":"2025-05-30T18:12:29+00:00","dateModified":"2025-05-30T18:12:36+00:00","author":{"@id":"https:\/\/macite.tg\/#\/schema\/person\/e9f2de7e5dbbe7770a9402c7ce82f5c2"},"breadcrumb":{"@id":"https:\/\/macite.tg\/?p=22466#breadcrumb"},"inLanguage":"fr-FR","potentialAction":[{"@type":"ReadAction","target":["https:\/\/macite.tg\/?p=22466"]}]},{"@type":"ImageObject","inLanguage":"fr-FR","@id":"https:\/\/macite.tg\/?p=22466#primaryimage","url":"https:\/\/macite.tg\/wp-content\/uploads\/2025\/05\/49dd8d48-bd9a-454b-888f-d58c95dfbaaa.jpg","contentUrl":"https:\/\/macite.tg\/wp-content\/uploads\/2025\/05\/49dd8d48-bd9a-454b-888f-d58c95dfbaaa.jpg","width":275,"height":183,"caption":"M. Abdellatif Hammouchi, DG de la S\u00e9curit\u00e9 nationale et de la surveillance du territoire marocain."},{"@type":"BreadcrumbList","@id":"https:\/\/macite.tg\/?p=22466#breadcrumb","itemListElement":[{"@type":"ListItem","position":1,"name":"Accueil","item":"https:\/\/macite.tg\/"},{"@type":"ListItem","position":2,"name":"PAIX ET SECURITE : Le Maroc \u00e0 la 13\u00e8me rencontre de haut niveau des responsables des services de s\u00e9curit\u00e9 et de renseignement \u00e0 Moscou"}]},{"@type":"WebSite","@id":"https:\/\/macite.tg\/#website","url":"https:\/\/macite.tg\/","name":"","description":"L&#039;information, la bonne!!!","potentialAction":[{"@type":"SearchAction","target":{"@type":"EntryPoint","urlTemplate":"https:\/\/macite.tg\/?s={search_term_string}"},"query-input":{"@type":"PropertyValueSpecification","valueRequired":true,"valueName":"search_term_string"}}],"inLanguage":"fr-FR"},{"@type":"Person","@id":"https:\/\/macite.tg\/#\/schema\/person\/e9f2de7e5dbbe7770a9402c7ce82f5c2","name":"Jean Pierre BAWELA","image":{"@type":"ImageObject","inLanguage":"fr-FR","@id":"https:\/\/macite.tg\/wp-content\/uploads\/2023\/09\/WhatsApp-Image-2023-09-19-at-14.44.41-122x122.jpeg","url":"https:\/\/macite.tg\/wp-content\/uploads\/2023\/09\/WhatsApp-Image-2023-09-19-at-14.44.41-122x122.jpeg","contentUrl":"https:\/\/macite.tg\/wp-content\/uploads\/2023\/09\/WhatsApp-Image-2023-09-19-at-14.44.41-122x122.jpeg","caption":"Jean Pierre BAWELA"},"url":"https:\/\/macite.tg\/?author=2"}]}},"_links":{"self":[{"href":"https:\/\/macite.tg\/index.php?rest_route=\/wp\/v2\/posts\/22466","targetHints":{"allow":["GET"]}}],"collection":[{"href":"https:\/\/macite.tg\/index.php?rest_route=\/wp\/v2\/posts"}],"about":[{"href":"https:\/\/macite.tg\/index.php?rest_route=\/wp\/v2\/types\/post"}],"author":[{"embeddable":true,"href":"https:\/\/macite.tg\/index.php?rest_route=\/wp\/v2\/users\/2"}],"replies":[{"embeddable":true,"href":"https:\/\/macite.tg\/index.php?rest_route=%2Fwp%2Fv2%2Fcomments&post=22466"}],"version-history":[{"count":0,"href":"https:\/\/macite.tg\/index.php?rest_route=\/wp\/v2\/posts\/22466\/revisions"}],"wp:featuredmedia":[{"embeddable":true,"href":"https:\/\/macite.tg\/index.php?rest_route=\/wp\/v2\/media\/22474"}],"wp:attachment":[{"href":"https:\/\/macite.tg\/index.php?rest_route=%2Fwp%2Fv2%2Fmedia&parent=22466"}],"wp:term":[{"taxonomy":"category","embeddable":true,"href":"https:\/\/macite.tg\/index.php?rest_route=%2Fwp%2Fv2%2Fcategories&post=22466"},{"taxonomy":"post_tag","embeddable":true,"href":"https:\/\/macite.tg\/index.php?rest_route=%2Fwp%2Fv2%2Ftags&post=22466"}],"curies":[{"name":"wp","href":"https:\/\/api.w.org\/{rel}","templated":true}]}}