{"id":22456,"date":"2025-05-30T10:49:42","date_gmt":"2025-05-30T10:49:42","guid":{"rendered":"https:\/\/macite.tg\/?p=22456"},"modified":"2025-05-30T10:49:57","modified_gmt":"2025-05-30T10:49:57","slug":"education-le-taux-brute-de-scolarisations-en-pic-au-lycee","status":"publish","type":"post","link":"https:\/\/macite.tg\/?p=22456","title":{"rendered":"EDUCATION\u00a0: Le taux brute de scolarisations en pic au lyc\u00e9e"},"content":{"rendered":"\n<p class=\"wp-block-paragraph\"><strong><em>\u00c0 la faveur de la strat\u00e9gie et des programmes \u00e9ducatifs inclusifs et soutenus, le taux brut de scolarisation au second cycle du secondaire conna\u00eet une progression r\u00e9guli\u00e8re au Togo. Une performance qui t\u00e9moigne de l&rsquo;engagement constant des autorit\u00e9s \u00e0 offrir \u00e0 la jeunesse un acc\u00e8s \u00e9largi \u00e0 l&rsquo;enseignement apr\u00e8s le coll\u00e8ge.<\/em><\/strong><\/p>\n\n\n\n<p class=\"wp-block-paragraph\">La scolarisation des adolescents dans le second cycle de l&rsquo;enseignement secondaire s&rsquo;impose d\u00e9sormais comme une priorit\u00e9. Le taux brut de scolarisation, indicateur cl\u00e9 qui mesure le nombre d&rsquo;\u00e9l\u00e8ves inscrits dans ce cycle par rapport \u00e0 la population correspondante, affiche une hausse constante, gr\u00e2ce \u00e0 des r\u00e9formes cibl\u00e9es et des mesures sociales ambitieuses.<\/p>\n\n\n\n<p class=\"wp-block-paragraph\">La d\u00e9cision de rendre la scolarit\u00e9 gratuite au coll\u00e8ge et surtout au lyc\u00e9e a constitu\u00e9 un levier d\u00e9terminant pour am\u00e9liorer la transition vers le lyc\u00e9e. En all\u00e9geant la charge financi\u00e8re des m\u00e9nages, cette politique d\u00e9cid\u00e9e par Faure Gnassingb\u00e9 encourage davantage de familles \u00e0 laisser leurs enfants poursuivre leurs \u00e9tudes au-del\u00e0 du coll\u00e8ge.<\/p>\n\n\n<div class=\"wp-block-image\">\n<figure class=\"aligncenter size-large is-resized\"><img loading=\"lazy\" decoding=\"async\" width=\"1024\" height=\"1024\" src=\"https:\/\/macite.tg\/wp-content\/uploads\/2025\/05\/Geo-ref-1024x1024.png\" alt=\"\" class=\"wp-image-22358\" style=\"width:594px;height:auto\" srcset=\"https:\/\/macite.tg\/wp-content\/uploads\/2025\/05\/Geo-ref-1024x1024.png 1024w, https:\/\/macite.tg\/wp-content\/uploads\/2025\/05\/Geo-ref-300x300.png 300w, https:\/\/macite.tg\/wp-content\/uploads\/2025\/05\/Geo-ref-150x150.png 150w, https:\/\/macite.tg\/wp-content\/uploads\/2025\/05\/Geo-ref-768x768.png 768w, https:\/\/macite.tg\/wp-content\/uploads\/2025\/05\/Geo-ref-122x122.png 122w, https:\/\/macite.tg\/wp-content\/uploads\/2025\/05\/Geo-ref.png 1080w\" sizes=\"auto, (max-width: 1024px) 100vw, 1024px\" \/><\/figure>\n<\/div>\n\n\n<p class=\"wp-block-paragraph\">C&rsquo;est une dynamique qui se traduit aujourd&rsquo;hui par un accroissement notable du nombre d&rsquo;\u00e9l\u00e8ves qui acc\u00e8dent \u00e0 la seconde et continuent jusqu&rsquo;\u00e0 d\u00e9crocher leur baccalaur\u00e9at.<\/p>\n\n\n\n<p class=\"wp-block-paragraph\"><strong>La seconde s&rsquo;atteint plus facilement<\/strong><\/p>\n\n\n\n<p class=\"wp-block-paragraph\">Depuis quelque temps, les chiffres de la scolarisation affichent des signes encourageants, en particulier au niveau de la transition entre le coll\u00e8ge et le lyc\u00e9e. Le taux d&rsquo;acc\u00e8s en seconde, qui mesure la proportion d&rsquo;\u00e9l\u00e8ves ayant valid\u00e9 le Brevet d&rsquo;\u00e9tudes du premier cycle (BEPC) et poursuivant leur cursus dans le cycle secondaire sup\u00e9rieur, conna\u00eet une \u00e9volution constante.<\/p>\n\n\n<div class=\"wp-block-image\">\n<figure class=\"aligncenter size-full is-resized\"><img loading=\"lazy\" decoding=\"async\" width=\"690\" height=\"170\" src=\"https:\/\/macite.tg\/wp-content\/uploads\/2025\/05\/OTR_TVM-2.jpg\" alt=\"\" class=\"wp-image-22300\" style=\"width:840px;height:auto\" srcset=\"https:\/\/macite.tg\/wp-content\/uploads\/2025\/05\/OTR_TVM-2.jpg 690w, https:\/\/macite.tg\/wp-content\/uploads\/2025\/05\/OTR_TVM-2-300x74.jpg 300w\" sizes=\"auto, (max-width: 690px) 100vw, 690px\" \/><\/figure>\n<\/div>\n\n\n<p class=\"wp-block-paragraph\">Le taux d&rsquo;acc\u00e8s en seconde (premi\u00e8re classe du lyc\u00e9e) s&rsquo;est \u00e9tabli \u00e0 41,80 % en 2023. En 2024, il est tomb\u00e9 \u00e0 37,70 % et cette ann\u00e9e, il devrait monter \u00e0 40,90 %. <\/p>\n\n\n\n<p class=\"wp-block-paragraph\">Pour ce qui est du taux brut de scolarisation au second cycle du secondaire, il \u00e9tait de 37,40 % en 2023 et de 39,50 % en 2024. Ce m\u00eame chiffre (39,50 %) devrait \u00eatre obtenu en 2025.<\/p>\n\n\n\n<p class=\"wp-block-paragraph\">Enfin, selon les donn\u00e9es officielles, le taux d&rsquo;ach\u00e8vement du second cycle du secondaire, qui \u00e9tait de 28,20 % en 2023 et de 29,20 % en 2024, devrait toujours pointer \u00e0 29,20 % en 2025.<\/p>\n\n\n\n<p class=\"wp-block-paragraph\"><strong>Des infrastructures d&rsquo;accueil construites<\/strong><\/p>\n\n\n\n<p class=\"wp-block-paragraph\">Le gouvernement n&rsquo;en d\u00e9tourne pas le regard. Il renforce les infrastructures scolaires afin de r\u00e9pondre \u00e0 la demande croissante. De nouveaux lyc\u00e9es voient le jour dans plusieurs localit\u00e9s du pays. Ailleurs, des salles de classes de classe sont \u00e9rig\u00e9es pour accueillir des lyc\u00e9ens dans des \u00e9tablissements qui ne contenaient que des coll\u00e8ges auparavant.<\/p>\n\n\n<div class=\"wp-block-image\">\n<figure class=\"aligncenter size-full is-resized\"><img loading=\"lazy\" decoding=\"async\" width=\"500\" height=\"304\" src=\"https:\/\/macite.tg\/wp-content\/uploads\/2025\/05\/OTR_SAM-2.jpg\" alt=\"\" class=\"wp-image-22378\" style=\"width:627px;height:auto\" srcset=\"https:\/\/macite.tg\/wp-content\/uploads\/2025\/05\/OTR_SAM-2.jpg 500w, https:\/\/macite.tg\/wp-content\/uploads\/2025\/05\/OTR_SAM-2-300x182.jpg 300w\" sizes=\"auto, (max-width: 500px) 100vw, 500px\" \/><\/figure>\n<\/div>\n\n\n<p class=\"wp-block-paragraph\">Ces investissements, qui permettent d&rsquo;augmenter significativement les capacit\u00e9s d&rsquo;accueil et d&rsquo;offrir aux apprenants un cadre adapt\u00e9 et s\u00e9curis\u00e9, s&rsquo;ajoutent \u00e0 des appuis sociaux accord\u00e9s aux \u00e9l\u00e8ves sous forme de bourses ou d&rsquo;exon\u00e9rations, afin de limiter les abandons li\u00e9s aux contraintes \u00e9conomiques. Le pays avance et son syst\u00e8me \u00e9ducatif aussi.<\/p>\n\n\n\n<p class=\"wp-block-paragraph\"><strong>Omar<\/strong><\/p>\n\n\n\n<p class=\"wp-block-paragraph\"><a><strong><em>@macite.tg&nbsp;&nbsp;&nbsp;&nbsp;&nbsp;&nbsp;&nbsp;&nbsp;<\/em><\/strong><\/a><\/p>\n\n\n\n<p class=\"wp-block-paragraph\"><strong><em>E-mail&nbsp;: <\/em><\/strong><a href=\"mailto:maciteinfo@gmail.com\"><em>maciteinfo@gmail.com<\/em><\/a><strong><em>; <\/em><\/strong><a href=\"mailto:bawela1@gmail.com\"><em>bawela1@gmail.com<\/em><\/a><em><\/em><\/p>\n\n\n\n<p class=\"wp-block-paragraph\"><strong><em>Pour vos annonces, (publi)reportages, etc., joignez-nous au (00228)91515309\/<strong>79872224 <\/strong>www.macite.tg, L\u2019information, la bonne&nbsp;!<\/em><\/strong><\/p>\n\n\n\n<p class=\"wp-block-paragraph\"><\/p>\n","protected":false},"excerpt":{"rendered":"<p class=\"text-justify mb-2\" >\u00c0 la faveur de la strat\u00e9gie et des programmes \u00e9ducatifs inclusifs et soutenus, le taux brut de scolarisation au second cycle du secondaire conna\u00eet une progression r\u00e9guli\u00e8re au Togo. Une performance qui t\u00e9moigne de l&rsquo;engagement constant des autorit\u00e9s \u00e0 offrir \u00e0 la jeunesse un acc\u00e8s [&hellip;]<\/p>\n","protected":false},"author":2,"featured_media":22457,"comment_status":"open","ping_status":"open","sticky":false,"template":"","format":"standard","meta":{"footnotes":""},"categories":[20,4],"tags":[],"class_list":["post-22456","post","type-post","status-publish","format-standard","has-post-thumbnail","hentry","category-actualite","category-education"],"yoast_head":"<!-- This site is optimized with the Yoast SEO plugin v28.4 - https:\/\/yoast.com\/product\/yoast-seo-wordpress\/ -->\n<title>EDUCATION\u00a0: Le taux brute de scolarisations en pic au lyc\u00e9e -<\/title>\n<meta name=\"robots\" content=\"index, follow, max-snippet:-1, max-image-preview:large, max-video-preview:-1\" \/>\n<link rel=\"canonical\" href=\"https:\/\/macite.tg\/?p=22456\" \/>\n<meta property=\"og:locale\" content=\"fr_FR\" \/>\n<meta property=\"og:type\" content=\"article\" \/>\n<meta property=\"og:title\" content=\"EDUCATION\u00a0: Le taux brute de scolarisations en pic au lyc\u00e9e -\" \/>\n<meta property=\"og:description\" content=\"\u00c0 la faveur de la strat\u00e9gie et des programmes \u00e9ducatifs inclusifs et soutenus, le taux brut de scolarisation au second cycle du secondaire conna\u00eet une progression r\u00e9guli\u00e8re au Togo. Une performance qui t\u00e9moigne de l&rsquo;engagement constant des autorit\u00e9s \u00e0 offrir \u00e0 la jeunesse un acc\u00e8s [&hellip;]\" \/>\n<meta property=\"og:url\" content=\"https:\/\/macite.tg\/?p=22456\" \/>\n<meta property=\"article:published_time\" content=\"2025-05-30T10:49:42+00:00\" \/>\n<meta property=\"article:modified_time\" content=\"2025-05-30T10:49:57+00:00\" \/>\n<meta property=\"og:image\" content=\"https:\/\/macite.tg\/wp-content\/uploads\/2025\/05\/image-102.png\" \/>\n\t<meta property=\"og:image:width\" content=\"390\" \/>\n\t<meta property=\"og:image:height\" content=\"270\" \/>\n\t<meta property=\"og:image:type\" content=\"image\/png\" \/>\n<meta name=\"author\" content=\"Jean Pierre BAWELA\" \/>\n<meta name=\"twitter:card\" content=\"summary_large_image\" \/>\n<meta name=\"twitter:label1\" content=\"\u00c9crit par\" \/>\n\t<meta name=\"twitter:data1\" content=\"Jean Pierre BAWELA\" \/>\n\t<meta name=\"twitter:label2\" content=\"Dur\u00e9e de lecture estim\u00e9e\" \/>\n\t<meta name=\"twitter:data2\" content=\"4 minutes\" \/>\n<script type=\"application\/ld+json\" class=\"yoast-schema-graph\">{\"@context\":\"https:\\\/\\\/schema.org\",\"@graph\":[{\"@type\":\"Article\",\"@id\":\"https:\\\/\\\/macite.tg\\\/?p=22456#article\",\"isPartOf\":{\"@id\":\"https:\\\/\\\/macite.tg\\\/?p=22456\"},\"author\":{\"name\":\"Jean Pierre BAWELA\",\"@id\":\"https:\\\/\\\/macite.tg\\\/#\\\/schema\\\/person\\\/e9f2de7e5dbbe7770a9402c7ce82f5c2\"},\"headline\":\"EDUCATION\u00a0: Le taux brute de scolarisations en pic au lyc\u00e9e\",\"datePublished\":\"2025-05-30T10:49:42+00:00\",\"dateModified\":\"2025-05-30T10:49:57+00:00\",\"mainEntityOfPage\":{\"@id\":\"https:\\\/\\\/macite.tg\\\/?p=22456\"},\"wordCount\":537,\"commentCount\":0,\"image\":{\"@id\":\"https:\\\/\\\/macite.tg\\\/?p=22456#primaryimage\"},\"thumbnailUrl\":\"https:\\\/\\\/macite.tg\\\/wp-content\\\/uploads\\\/2025\\\/05\\\/image-102.png\",\"articleSection\":[\"ACTUALITE\",\"EDUCATION\"],\"inLanguage\":\"fr-FR\",\"potentialAction\":[{\"@type\":\"CommentAction\",\"name\":\"Comment\",\"target\":[\"https:\\\/\\\/macite.tg\\\/?p=22456#respond\"]}]},{\"@type\":\"WebPage\",\"@id\":\"https:\\\/\\\/macite.tg\\\/?p=22456\",\"url\":\"https:\\\/\\\/macite.tg\\\/?p=22456\",\"name\":\"EDUCATION\u00a0: Le taux brute de scolarisations en pic au lyc\u00e9e -\",\"isPartOf\":{\"@id\":\"https:\\\/\\\/macite.tg\\\/#website\"},\"primaryImageOfPage\":{\"@id\":\"https:\\\/\\\/macite.tg\\\/?p=22456#primaryimage\"},\"image\":{\"@id\":\"https:\\\/\\\/macite.tg\\\/?p=22456#primaryimage\"},\"thumbnailUrl\":\"https:\\\/\\\/macite.tg\\\/wp-content\\\/uploads\\\/2025\\\/05\\\/image-102.png\",\"datePublished\":\"2025-05-30T10:49:42+00:00\",\"dateModified\":\"2025-05-30T10:49:57+00:00\",\"author\":{\"@id\":\"https:\\\/\\\/macite.tg\\\/#\\\/schema\\\/person\\\/e9f2de7e5dbbe7770a9402c7ce82f5c2\"},\"breadcrumb\":{\"@id\":\"https:\\\/\\\/macite.tg\\\/?p=22456#breadcrumb\"},\"inLanguage\":\"fr-FR\",\"potentialAction\":[{\"@type\":\"ReadAction\",\"target\":[\"https:\\\/\\\/macite.tg\\\/?p=22456\"]}]},{\"@type\":\"ImageObject\",\"inLanguage\":\"fr-FR\",\"@id\":\"https:\\\/\\\/macite.tg\\\/?p=22456#primaryimage\",\"url\":\"https:\\\/\\\/macite.tg\\\/wp-content\\\/uploads\\\/2025\\\/05\\\/image-102.png\",\"contentUrl\":\"https:\\\/\\\/macite.tg\\\/wp-content\\\/uploads\\\/2025\\\/05\\\/image-102.png\",\"width\":390,\"height\":270,\"caption\":\"Des \u00e9l\u00e8ves du lyc\u00e9e scientifique du Lyc\u00e9e de Tokoin \u00e0 Lom\u00e9\"},{\"@type\":\"BreadcrumbList\",\"@id\":\"https:\\\/\\\/macite.tg\\\/?p=22456#breadcrumb\",\"itemListElement\":[{\"@type\":\"ListItem\",\"position\":1,\"name\":\"Accueil\",\"item\":\"https:\\\/\\\/macite.tg\\\/\"},{\"@type\":\"ListItem\",\"position\":2,\"name\":\"EDUCATION\u00a0: Le taux brute de scolarisations en pic au lyc\u00e9e\"}]},{\"@type\":\"WebSite\",\"@id\":\"https:\\\/\\\/macite.tg\\\/#website\",\"url\":\"https:\\\/\\\/macite.tg\\\/\",\"name\":\"\",\"description\":\"L&#039;information, la bonne!!!\",\"potentialAction\":[{\"@type\":\"SearchAction\",\"target\":{\"@type\":\"EntryPoint\",\"urlTemplate\":\"https:\\\/\\\/macite.tg\\\/?s={search_term_string}\"},\"query-input\":{\"@type\":\"PropertyValueSpecification\",\"valueRequired\":true,\"valueName\":\"search_term_string\"}}],\"inLanguage\":\"fr-FR\"},{\"@type\":\"Person\",\"@id\":\"https:\\\/\\\/macite.tg\\\/#\\\/schema\\\/person\\\/e9f2de7e5dbbe7770a9402c7ce82f5c2\",\"name\":\"Jean Pierre BAWELA\",\"image\":{\"@type\":\"ImageObject\",\"inLanguage\":\"fr-FR\",\"@id\":\"https:\\\/\\\/macite.tg\\\/wp-content\\\/uploads\\\/2023\\\/09\\\/WhatsApp-Image-2023-09-19-at-14.44.41-122x122.jpeg\",\"url\":\"https:\\\/\\\/macite.tg\\\/wp-content\\\/uploads\\\/2023\\\/09\\\/WhatsApp-Image-2023-09-19-at-14.44.41-122x122.jpeg\",\"contentUrl\":\"https:\\\/\\\/macite.tg\\\/wp-content\\\/uploads\\\/2023\\\/09\\\/WhatsApp-Image-2023-09-19-at-14.44.41-122x122.jpeg\",\"caption\":\"Jean Pierre BAWELA\"},\"url\":\"https:\\\/\\\/macite.tg\\\/?author=2\"}]}<\/script>\n<!-- \/ Yoast SEO plugin. -->","yoast_head_json":{"title":"EDUCATION\u00a0: Le taux brute de scolarisations en pic au lyc\u00e9e -","robots":{"index":"index","follow":"follow","max-snippet":"max-snippet:-1","max-image-preview":"max-image-preview:large","max-video-preview":"max-video-preview:-1"},"canonical":"https:\/\/macite.tg\/?p=22456","og_locale":"fr_FR","og_type":"article","og_title":"EDUCATION\u00a0: Le taux brute de scolarisations en pic au lyc\u00e9e -","og_description":"\u00c0 la faveur de la strat\u00e9gie et des programmes \u00e9ducatifs inclusifs et soutenus, le taux brut de scolarisation au second cycle du secondaire conna\u00eet une progression r\u00e9guli\u00e8re au Togo. Une performance qui t\u00e9moigne de l&rsquo;engagement constant des autorit\u00e9s \u00e0 offrir \u00e0 la jeunesse un acc\u00e8s [&hellip;]","og_url":"https:\/\/macite.tg\/?p=22456","article_published_time":"2025-05-30T10:49:42+00:00","article_modified_time":"2025-05-30T10:49:57+00:00","og_image":[{"width":390,"height":270,"url":"https:\/\/macite.tg\/wp-content\/uploads\/2025\/05\/image-102.png","type":"image\/png"}],"author":"Jean Pierre BAWELA","twitter_card":"summary_large_image","twitter_misc":{"\u00c9crit par":"Jean Pierre BAWELA","Dur\u00e9e de lecture estim\u00e9e":"4 minutes"},"schema":{"@context":"https:\/\/schema.org","@graph":[{"@type":"Article","@id":"https:\/\/macite.tg\/?p=22456#article","isPartOf":{"@id":"https:\/\/macite.tg\/?p=22456"},"author":{"name":"Jean Pierre BAWELA","@id":"https:\/\/macite.tg\/#\/schema\/person\/e9f2de7e5dbbe7770a9402c7ce82f5c2"},"headline":"EDUCATION\u00a0: Le taux brute de scolarisations en pic au lyc\u00e9e","datePublished":"2025-05-30T10:49:42+00:00","dateModified":"2025-05-30T10:49:57+00:00","mainEntityOfPage":{"@id":"https:\/\/macite.tg\/?p=22456"},"wordCount":537,"commentCount":0,"image":{"@id":"https:\/\/macite.tg\/?p=22456#primaryimage"},"thumbnailUrl":"https:\/\/macite.tg\/wp-content\/uploads\/2025\/05\/image-102.png","articleSection":["ACTUALITE","EDUCATION"],"inLanguage":"fr-FR","potentialAction":[{"@type":"CommentAction","name":"Comment","target":["https:\/\/macite.tg\/?p=22456#respond"]}]},{"@type":"WebPage","@id":"https:\/\/macite.tg\/?p=22456","url":"https:\/\/macite.tg\/?p=22456","name":"EDUCATION\u00a0: Le taux brute de scolarisations en pic au lyc\u00e9e -","isPartOf":{"@id":"https:\/\/macite.tg\/#website"},"primaryImageOfPage":{"@id":"https:\/\/macite.tg\/?p=22456#primaryimage"},"image":{"@id":"https:\/\/macite.tg\/?p=22456#primaryimage"},"thumbnailUrl":"https:\/\/macite.tg\/wp-content\/uploads\/2025\/05\/image-102.png","datePublished":"2025-05-30T10:49:42+00:00","dateModified":"2025-05-30T10:49:57+00:00","author":{"@id":"https:\/\/macite.tg\/#\/schema\/person\/e9f2de7e5dbbe7770a9402c7ce82f5c2"},"breadcrumb":{"@id":"https:\/\/macite.tg\/?p=22456#breadcrumb"},"inLanguage":"fr-FR","potentialAction":[{"@type":"ReadAction","target":["https:\/\/macite.tg\/?p=22456"]}]},{"@type":"ImageObject","inLanguage":"fr-FR","@id":"https:\/\/macite.tg\/?p=22456#primaryimage","url":"https:\/\/macite.tg\/wp-content\/uploads\/2025\/05\/image-102.png","contentUrl":"https:\/\/macite.tg\/wp-content\/uploads\/2025\/05\/image-102.png","width":390,"height":270,"caption":"Des \u00e9l\u00e8ves du lyc\u00e9e scientifique du Lyc\u00e9e de Tokoin \u00e0 Lom\u00e9"},{"@type":"BreadcrumbList","@id":"https:\/\/macite.tg\/?p=22456#breadcrumb","itemListElement":[{"@type":"ListItem","position":1,"name":"Accueil","item":"https:\/\/macite.tg\/"},{"@type":"ListItem","position":2,"name":"EDUCATION\u00a0: Le taux brute de scolarisations en pic au lyc\u00e9e"}]},{"@type":"WebSite","@id":"https:\/\/macite.tg\/#website","url":"https:\/\/macite.tg\/","name":"","description":"L&#039;information, la bonne!!!","potentialAction":[{"@type":"SearchAction","target":{"@type":"EntryPoint","urlTemplate":"https:\/\/macite.tg\/?s={search_term_string}"},"query-input":{"@type":"PropertyValueSpecification","valueRequired":true,"valueName":"search_term_string"}}],"inLanguage":"fr-FR"},{"@type":"Person","@id":"https:\/\/macite.tg\/#\/schema\/person\/e9f2de7e5dbbe7770a9402c7ce82f5c2","name":"Jean Pierre BAWELA","image":{"@type":"ImageObject","inLanguage":"fr-FR","@id":"https:\/\/macite.tg\/wp-content\/uploads\/2023\/09\/WhatsApp-Image-2023-09-19-at-14.44.41-122x122.jpeg","url":"https:\/\/macite.tg\/wp-content\/uploads\/2023\/09\/WhatsApp-Image-2023-09-19-at-14.44.41-122x122.jpeg","contentUrl":"https:\/\/macite.tg\/wp-content\/uploads\/2023\/09\/WhatsApp-Image-2023-09-19-at-14.44.41-122x122.jpeg","caption":"Jean Pierre BAWELA"},"url":"https:\/\/macite.tg\/?author=2"}]}},"_links":{"self":[{"href":"https:\/\/macite.tg\/index.php?rest_route=\/wp\/v2\/posts\/22456","targetHints":{"allow":["GET"]}}],"collection":[{"href":"https:\/\/macite.tg\/index.php?rest_route=\/wp\/v2\/posts"}],"about":[{"href":"https:\/\/macite.tg\/index.php?rest_route=\/wp\/v2\/types\/post"}],"author":[{"embeddable":true,"href":"https:\/\/macite.tg\/index.php?rest_route=\/wp\/v2\/users\/2"}],"replies":[{"embeddable":true,"href":"https:\/\/macite.tg\/index.php?rest_route=%2Fwp%2Fv2%2Fcomments&post=22456"}],"version-history":[{"count":0,"href":"https:\/\/macite.tg\/index.php?rest_route=\/wp\/v2\/posts\/22456\/revisions"}],"wp:featuredmedia":[{"embeddable":true,"href":"https:\/\/macite.tg\/index.php?rest_route=\/wp\/v2\/media\/22457"}],"wp:attachment":[{"href":"https:\/\/macite.tg\/index.php?rest_route=%2Fwp%2Fv2%2Fmedia&parent=22456"}],"wp:term":[{"taxonomy":"category","embeddable":true,"href":"https:\/\/macite.tg\/index.php?rest_route=%2Fwp%2Fv2%2Fcategories&post=22456"},{"taxonomy":"post_tag","embeddable":true,"href":"https:\/\/macite.tg\/index.php?rest_route=%2Fwp%2Fv2%2Ftags&post=22456"}],"curies":[{"name":"wp","href":"https:\/\/api.w.org\/{rel}","templated":true}]}}