{"id":22443,"date":"2025-05-29T16:36:56","date_gmt":"2025-05-29T16:36:56","guid":{"rendered":"https:\/\/macite.tg\/?p=22443"},"modified":"2025-05-29T16:40:35","modified_gmt":"2025-05-29T16:40:35","slug":"jubile-dor-de-la-cedeao-faure-gnassingbe-a-la-celebration-des-cinq-decennies-de-cooperation-a-lagos","status":"publish","type":"post","link":"https:\/\/macite.tg\/?p=22443","title":{"rendered":"JUBILE D\u2019OR DE LA CEDEAO : L&rsquo;organisation fait le bilan de ses cinq d\u00e9cennies de coop\u00e9ration \u00e0 Lagos, en pr\u00e9sence de Faure Gnassingb\u00e9"},"content":{"rendered":"\n<p class=\"wp-block-paragraph\"><strong><em>C\u2019est ce 28 mai 2025 qu\u2019a eu lieu \u00e0 Lagos, au Nig\u00e9ria la c\u00e9r\u00e9monie comm\u00e9morative du cinquantenaire de la Communaut\u00e9 Economique des Etats de l\u2019Afrique de l\u2019Ouest (Cedeao), en pr\u00e9sence des dirigeants de l\u2019organisation sous r\u00e9gionale et des personnalit\u00e9s politiques, diplomatiques et \u00e9conomiques, dont Pr\u00e9sident du Conseil, Faure Essozimna Gnassingb\u00e9. Cette c\u00e9l\u00e9bration est une occasion pour les leaders de l\u2019organisation de faire le bilan des activit\u00e9s, d\u2019\u00e9valuer les progr\u00e8s accomplis et d\u2019en tirer les enseignements.<\/em><\/strong><\/p>\n\n\n\n<p class=\"wp-block-paragraph\">Plac\u00e9 sous le th\u00e8me <em>\u00ab Plus forts ensemble pour un avenir meilleur \u00bb,<\/em> cet \u00e9v\u00e9nement historique, est pr\u00e9sid\u00e9 par le pr\u00e9sident nig\u00e9rian Bola Tinubu, pr\u00e9sident en exercice de la Conf\u00e9rence des Chefs d\u2019Etat et de Gouvernement de la Cedeao.<\/p>\n\n\n<div class=\"wp-block-image\">\n<figure class=\"aligncenter size-large is-resized\"><img loading=\"lazy\" decoding=\"async\" width=\"1024\" height=\"1024\" src=\"https:\/\/macite.tg\/wp-content\/uploads\/2025\/05\/Geo-ref-1024x1024.png\" alt=\"\" class=\"wp-image-22358\" style=\"width:574px;height:auto\" srcset=\"https:\/\/macite.tg\/wp-content\/uploads\/2025\/05\/Geo-ref-1024x1024.png 1024w, https:\/\/macite.tg\/wp-content\/uploads\/2025\/05\/Geo-ref-300x300.png 300w, https:\/\/macite.tg\/wp-content\/uploads\/2025\/05\/Geo-ref-150x150.png 150w, https:\/\/macite.tg\/wp-content\/uploads\/2025\/05\/Geo-ref-768x768.png 768w, https:\/\/macite.tg\/wp-content\/uploads\/2025\/05\/Geo-ref-122x122.png 122w, https:\/\/macite.tg\/wp-content\/uploads\/2025\/05\/Geo-ref.png 1080w\" sizes=\"auto, (max-width: 1024px) 100vw, 1024px\" \/><\/figure>\n<\/div>\n\n\n<p class=\"wp-block-paragraph\">Il est une occasion de c\u00e9l\u00e9bration des cinq d\u00e9cennies de coop\u00e9ration, de r\u00e9silience et d\u2019aspirations partag\u00e9es, consacre le r\u00f4le majeur de l\u2019instance sous-r\u00e9gionale dans le processus d\u2019int\u00e9gration, la pr\u00e9servation de la paix, la promotion du d\u00e9veloppement et le renforcement de la solidarit\u00e9 entre les peuples.<\/p>\n\n\n\n<p class=\"wp-block-paragraph\">Cette c\u00e9l\u00e9bration du jubil\u00e9 d\u2019Or de la Cedeao constitue une occasion historique de faire le bilan des activit\u00e9s, d\u2019\u00e9valuer les progr\u00e8s accomplis et d\u2019en tirer les enseignements. Les festivit\u00e9s ont \u00e9t\u00e9 marqu\u00e9es par une r\u00e9actualisation symbolique de la signature du Trait\u00e9 de la Cedeao \u00e0 l\u2019Institut nig\u00e9rian des affaires internationales (NIIA) (le cadre qui avait abrit\u00e9 la signature de l\u2019Acte constitutif le 28 mai 1975), une c\u00e9r\u00e9monie officielle au Eko Hotel and Suites, et une table ronde de haut niveau r\u00e9unissant d\u2019anciens dirigeants et partenaires strat\u00e9giques.<\/p>\n\n\n\n<p class=\"wp-block-paragraph\">Geste hautement symbolique, cette c\u00e9l\u00e9bration rappelle, en effet, la vision fondatrice de la communaut\u00e9 et le leadership des p\u00e8res fondateurs en particulier l\u2019ancien dirigeant nig\u00e9rian, le G\u00e9n\u00e9ral Yakubu Gowon et l\u2019ancien Pr\u00e9sident togolais, feu G\u00e9n\u00e9ral Gnassingb\u00e9 Eyad\u00e9ma.<\/p>\n\n\n<div class=\"wp-block-image\">\n<figure class=\"aligncenter size-full is-resized\"><img loading=\"lazy\" decoding=\"async\" width=\"690\" height=\"170\" src=\"https:\/\/macite.tg\/wp-content\/uploads\/2025\/05\/OTR_TVM-2.jpg\" alt=\"\" class=\"wp-image-22300\" style=\"width:840px;height:auto\" srcset=\"https:\/\/macite.tg\/wp-content\/uploads\/2025\/05\/OTR_TVM-2.jpg 690w, https:\/\/macite.tg\/wp-content\/uploads\/2025\/05\/OTR_TVM-2-300x74.jpg 300w\" sizes=\"auto, (max-width: 690px) 100vw, 690px\" \/><\/figure>\n<\/div>\n\n\n<p class=\"wp-block-paragraph\"><strong>Quid du bilan des cinq d\u00e9cennies\u2026<\/strong><\/p>\n\n\n\n<p class=\"wp-block-paragraph\">L\u2019int\u00e9gration \u00e9conomique, la pr\u00e9servation de la paix et de la s\u00e9curit\u00e9, la consolidation de la d\u00e9mocratie, la promotion du d\u00e9veloppement r\u00e9gional et de la solidarit\u00e9 entre \u00c9tats membres, etc. tels sont les grands chantiers sur lesquels la Cedeao a mis\u00e9 ces cinq derni\u00e8res d\u00e9cennies.<\/p>\n\n\n\n<p class=\"wp-block-paragraph\"><strong>Le Togo, un acteur majeur<\/strong><\/p>\n\n\n\n<p class=\"wp-block-paragraph\">Au-del\u00e0 de la participation active du Togo \u00e0 la cr\u00e9ation de l\u2019organisation, Lom\u00e9 abrite plusieurs institutions communautaires, notamment la Banque d\u2019investissement et de d\u00e9veloppement (BIDC), l\u2019Agence r\u00e9gionale pour l\u2019agriculture et l\u2019alimentation (ARAA), la Carte brune et l\u2019Unit\u00e9 de pr\u00e9paration et de d\u00e9veloppement des projets d\u2019infrastructures.<\/p>\n\n\n\n<p class=\"wp-block-paragraph\">Mais dans un contexte r\u00e9gional marqu\u00e9 par des d\u00e9fis s\u00e9curitaires et institutionnels persistants, le r\u00f4le de Lom\u00e9, sous l\u2019\u00e9gide du Pr\u00e9sident du Conseil, Faure Essozimna Gnassingb\u00e9, a \u00e9t\u00e9 d\u00e9terminant dans la gestion des crises et la stabilisation des pays, dans la droite ligne des fondateurs de la Cdeao.<\/p>\n\n\n<div class=\"wp-block-image\">\n<figure class=\"aligncenter size-full is-resized\"><img loading=\"lazy\" decoding=\"async\" width=\"500\" height=\"304\" src=\"https:\/\/macite.tg\/wp-content\/uploads\/2025\/05\/OTR_SAM-2.jpg\" alt=\"\" class=\"wp-image-22378\" style=\"width:654px;height:auto\" srcset=\"https:\/\/macite.tg\/wp-content\/uploads\/2025\/05\/OTR_SAM-2.jpg 500w, https:\/\/macite.tg\/wp-content\/uploads\/2025\/05\/OTR_SAM-2-300x182.jpg 300w\" sizes=\"auto, (max-width: 500px) 100vw, 500px\" \/><\/figure>\n<\/div>\n\n\n<p class=\"wp-block-paragraph\">Cr\u00e9\u00e9e le 28 mai 1975 par le Trait\u00e9 de Lagos, la Cedeao a pour objectif de promouvoir la coop\u00e9ration et l\u2019int\u00e9gration sous r\u00e9gionale, dans la perspective d\u2019une union \u00e9conomique de l\u2019Afrique de l\u2019Ouest. L\u2019id\u00e9e est de parvenir, \u00e0 termes, \u00e0 \u00e9lever le niveau de vie de ses peuples, maintenir et accro\u00eetre la stabilit\u00e9 \u00e9conomique, renforcer les relations entre les \u00c9tats membres et contribuer au progr\u00e8s et au d\u00e9veloppement du continent.<\/p>\n\n\n\n<p class=\"wp-block-paragraph\"><strong>JPB<\/strong><\/p>\n\n\n\n<p class=\"wp-block-paragraph\"><a><strong><em>@macite.tg&nbsp;&nbsp;&nbsp;&nbsp;&nbsp;&nbsp;&nbsp;&nbsp;<\/em><\/strong><\/a><\/p>\n\n\n\n<p class=\"wp-block-paragraph\"><strong><em>E-mail&nbsp;: <\/em><\/strong><a href=\"mailto:maciteinfo@gmail.com\"><strong><em>maciteinfo@gmail.com<\/em><\/strong><\/a><strong><em>; <\/em><\/strong><a href=\"mailto:bawela1@gmail.com\"><strong><em>bawela1@gmail.com<\/em><\/strong><\/a><strong><em><\/em><\/strong><\/p>\n\n\n\n<p class=\"wp-block-paragraph\"><strong><em>Pour vos annonces, (publi)reportages, etc., joignez-nous au (00228)91515309\/<strong>79872224 <\/strong>www.macite.tg, L\u2019information, la bonne&nbsp;!<\/em><\/strong><\/p>\n\n\n\n<p class=\"wp-block-paragraph\"><\/p>\n","protected":false},"excerpt":{"rendered":"<p class=\"text-justify mb-2\" >C\u2019est ce 28 mai 2025 qu\u2019a eu lieu \u00e0 Lagos, au Nig\u00e9ria la c\u00e9r\u00e9monie comm\u00e9morative du cinquantenaire de la Communaut\u00e9 Economique des Etats de l\u2019Afrique de l\u2019Ouest (Cedeao), en pr\u00e9sence des dirigeants de l\u2019organisation sous r\u00e9gionale et des personnalit\u00e9s politiques, diplomatiques et \u00e9conomiques, dont Pr\u00e9sident [&hellip;]<\/p>\n","protected":false},"author":2,"featured_media":22445,"comment_status":"open","ping_status":"open","sticky":false,"template":"","format":"standard","meta":{"footnotes":""},"categories":[20,1],"tags":[],"class_list":["post-22443","post","type-post","status-publish","format-standard","has-post-thumbnail","hentry","category-actualite","category-politique"],"yoast_head":"<!-- This site is optimized with the Yoast SEO plugin v28.4 - https:\/\/yoast.com\/product\/yoast-seo-wordpress\/ -->\n<title>JUBILE D\u2019OR DE LA CEDEAO : L&#039;organisation fait le bilan de ses cinq d\u00e9cennies de coop\u00e9ration \u00e0 Lagos, en pr\u00e9sence de Faure Gnassingb\u00e9 -<\/title>\n<meta name=\"robots\" content=\"index, follow, max-snippet:-1, max-image-preview:large, max-video-preview:-1\" \/>\n<link rel=\"canonical\" href=\"https:\/\/macite.tg\/?p=22443\" \/>\n<meta property=\"og:locale\" content=\"fr_FR\" \/>\n<meta property=\"og:type\" content=\"article\" \/>\n<meta property=\"og:title\" content=\"JUBILE D\u2019OR DE LA CEDEAO : L&#039;organisation fait le bilan de ses cinq d\u00e9cennies de coop\u00e9ration \u00e0 Lagos, en pr\u00e9sence de Faure Gnassingb\u00e9 -\" \/>\n<meta property=\"og:description\" content=\"C\u2019est ce 28 mai 2025 qu\u2019a eu lieu \u00e0 Lagos, au Nig\u00e9ria la c\u00e9r\u00e9monie comm\u00e9morative du cinquantenaire de la Communaut\u00e9 Economique des Etats de l\u2019Afrique de l\u2019Ouest (Cedeao), en pr\u00e9sence des dirigeants de l\u2019organisation sous r\u00e9gionale et des personnalit\u00e9s politiques, diplomatiques et \u00e9conomiques, dont Pr\u00e9sident [&hellip;]\" \/>\n<meta property=\"og:url\" content=\"https:\/\/macite.tg\/?p=22443\" \/>\n<meta property=\"article:published_time\" content=\"2025-05-29T16:36:56+00:00\" \/>\n<meta property=\"article:modified_time\" content=\"2025-05-29T16:40:35+00:00\" \/>\n<meta property=\"og:image\" content=\"https:\/\/macite.tg\/wp-content\/uploads\/2025\/05\/dd4ebe09-e184-455a-9676-728508e288df.jpg\" \/>\n\t<meta property=\"og:image:width\" content=\"500\" \/>\n\t<meta property=\"og:image:height\" content=\"333\" \/>\n\t<meta property=\"og:image:type\" content=\"image\/jpeg\" \/>\n<meta name=\"author\" content=\"Jean Pierre BAWELA\" \/>\n<meta name=\"twitter:card\" content=\"summary_large_image\" \/>\n<meta name=\"twitter:label1\" content=\"\u00c9crit par\" \/>\n\t<meta name=\"twitter:data1\" content=\"Jean Pierre BAWELA\" \/>\n\t<meta name=\"twitter:label2\" content=\"Dur\u00e9e de lecture estim\u00e9e\" \/>\n\t<meta name=\"twitter:data2\" content=\"4 minutes\" \/>\n<script type=\"application\/ld+json\" class=\"yoast-schema-graph\">{\"@context\":\"https:\\\/\\\/schema.org\",\"@graph\":[{\"@type\":\"Article\",\"@id\":\"https:\\\/\\\/macite.tg\\\/?p=22443#article\",\"isPartOf\":{\"@id\":\"https:\\\/\\\/macite.tg\\\/?p=22443\"},\"author\":{\"name\":\"Jean Pierre BAWELA\",\"@id\":\"https:\\\/\\\/macite.tg\\\/#\\\/schema\\\/person\\\/e9f2de7e5dbbe7770a9402c7ce82f5c2\"},\"headline\":\"JUBILE D\u2019OR DE LA CEDEAO : L&rsquo;organisation fait le bilan de ses cinq d\u00e9cennies de coop\u00e9ration \u00e0 Lagos, en pr\u00e9sence de Faure Gnassingb\u00e9\",\"datePublished\":\"2025-05-29T16:36:56+00:00\",\"dateModified\":\"2025-05-29T16:40:35+00:00\",\"mainEntityOfPage\":{\"@id\":\"https:\\\/\\\/macite.tg\\\/?p=22443\"},\"wordCount\":662,\"commentCount\":0,\"image\":{\"@id\":\"https:\\\/\\\/macite.tg\\\/?p=22443#primaryimage\"},\"thumbnailUrl\":\"https:\\\/\\\/macite.tg\\\/wp-content\\\/uploads\\\/2025\\\/05\\\/dd4ebe09-e184-455a-9676-728508e288df.jpg\",\"articleSection\":[\"ACTUALITE\",\"POLITIQUE\"],\"inLanguage\":\"fr-FR\",\"potentialAction\":[{\"@type\":\"CommentAction\",\"name\":\"Comment\",\"target\":[\"https:\\\/\\\/macite.tg\\\/?p=22443#respond\"]}]},{\"@type\":\"WebPage\",\"@id\":\"https:\\\/\\\/macite.tg\\\/?p=22443\",\"url\":\"https:\\\/\\\/macite.tg\\\/?p=22443\",\"name\":\"JUBILE D\u2019OR DE LA CEDEAO : L'organisation fait le bilan de ses cinq d\u00e9cennies de coop\u00e9ration \u00e0 Lagos, en pr\u00e9sence de Faure Gnassingb\u00e9 -\",\"isPartOf\":{\"@id\":\"https:\\\/\\\/macite.tg\\\/#website\"},\"primaryImageOfPage\":{\"@id\":\"https:\\\/\\\/macite.tg\\\/?p=22443#primaryimage\"},\"image\":{\"@id\":\"https:\\\/\\\/macite.tg\\\/?p=22443#primaryimage\"},\"thumbnailUrl\":\"https:\\\/\\\/macite.tg\\\/wp-content\\\/uploads\\\/2025\\\/05\\\/dd4ebe09-e184-455a-9676-728508e288df.jpg\",\"datePublished\":\"2025-05-29T16:36:56+00:00\",\"dateModified\":\"2025-05-29T16:40:35+00:00\",\"author\":{\"@id\":\"https:\\\/\\\/macite.tg\\\/#\\\/schema\\\/person\\\/e9f2de7e5dbbe7770a9402c7ce82f5c2\"},\"breadcrumb\":{\"@id\":\"https:\\\/\\\/macite.tg\\\/?p=22443#breadcrumb\"},\"inLanguage\":\"fr-FR\",\"potentialAction\":[{\"@type\":\"ReadAction\",\"target\":[\"https:\\\/\\\/macite.tg\\\/?p=22443\"]}]},{\"@type\":\"ImageObject\",\"inLanguage\":\"fr-FR\",\"@id\":\"https:\\\/\\\/macite.tg\\\/?p=22443#primaryimage\",\"url\":\"https:\\\/\\\/macite.tg\\\/wp-content\\\/uploads\\\/2025\\\/05\\\/dd4ebe09-e184-455a-9676-728508e288df.jpg\",\"contentUrl\":\"https:\\\/\\\/macite.tg\\\/wp-content\\\/uploads\\\/2025\\\/05\\\/dd4ebe09-e184-455a-9676-728508e288df.jpg\",\"width\":500,\"height\":333,\"caption\":\"Photo de famille\"},{\"@type\":\"BreadcrumbList\",\"@id\":\"https:\\\/\\\/macite.tg\\\/?p=22443#breadcrumb\",\"itemListElement\":[{\"@type\":\"ListItem\",\"position\":1,\"name\":\"Accueil\",\"item\":\"https:\\\/\\\/macite.tg\\\/\"},{\"@type\":\"ListItem\",\"position\":2,\"name\":\"JUBILE D\u2019OR DE LA CEDEAO : L&rsquo;organisation fait le bilan de ses cinq d\u00e9cennies de coop\u00e9ration \u00e0 Lagos, en pr\u00e9sence de Faure Gnassingb\u00e9\"}]},{\"@type\":\"WebSite\",\"@id\":\"https:\\\/\\\/macite.tg\\\/#website\",\"url\":\"https:\\\/\\\/macite.tg\\\/\",\"name\":\"\",\"description\":\"L&#039;information, la bonne!!!\",\"potentialAction\":[{\"@type\":\"SearchAction\",\"target\":{\"@type\":\"EntryPoint\",\"urlTemplate\":\"https:\\\/\\\/macite.tg\\\/?s={search_term_string}\"},\"query-input\":{\"@type\":\"PropertyValueSpecification\",\"valueRequired\":true,\"valueName\":\"search_term_string\"}}],\"inLanguage\":\"fr-FR\"},{\"@type\":\"Person\",\"@id\":\"https:\\\/\\\/macite.tg\\\/#\\\/schema\\\/person\\\/e9f2de7e5dbbe7770a9402c7ce82f5c2\",\"name\":\"Jean Pierre BAWELA\",\"image\":{\"@type\":\"ImageObject\",\"inLanguage\":\"fr-FR\",\"@id\":\"https:\\\/\\\/macite.tg\\\/wp-content\\\/uploads\\\/2023\\\/09\\\/WhatsApp-Image-2023-09-19-at-14.44.41-122x122.jpeg\",\"url\":\"https:\\\/\\\/macite.tg\\\/wp-content\\\/uploads\\\/2023\\\/09\\\/WhatsApp-Image-2023-09-19-at-14.44.41-122x122.jpeg\",\"contentUrl\":\"https:\\\/\\\/macite.tg\\\/wp-content\\\/uploads\\\/2023\\\/09\\\/WhatsApp-Image-2023-09-19-at-14.44.41-122x122.jpeg\",\"caption\":\"Jean Pierre BAWELA\"},\"url\":\"https:\\\/\\\/macite.tg\\\/?author=2\"}]}<\/script>\n<!-- \/ Yoast SEO plugin. -->","yoast_head_json":{"title":"JUBILE D\u2019OR DE LA CEDEAO : L'organisation fait le bilan de ses cinq d\u00e9cennies de coop\u00e9ration \u00e0 Lagos, en pr\u00e9sence de Faure Gnassingb\u00e9 -","robots":{"index":"index","follow":"follow","max-snippet":"max-snippet:-1","max-image-preview":"max-image-preview:large","max-video-preview":"max-video-preview:-1"},"canonical":"https:\/\/macite.tg\/?p=22443","og_locale":"fr_FR","og_type":"article","og_title":"JUBILE D\u2019OR DE LA CEDEAO : L'organisation fait le bilan de ses cinq d\u00e9cennies de coop\u00e9ration \u00e0 Lagos, en pr\u00e9sence de Faure Gnassingb\u00e9 -","og_description":"C\u2019est ce 28 mai 2025 qu\u2019a eu lieu \u00e0 Lagos, au Nig\u00e9ria la c\u00e9r\u00e9monie comm\u00e9morative du cinquantenaire de la Communaut\u00e9 Economique des Etats de l\u2019Afrique de l\u2019Ouest (Cedeao), en pr\u00e9sence des dirigeants de l\u2019organisation sous r\u00e9gionale et des personnalit\u00e9s politiques, diplomatiques et \u00e9conomiques, dont Pr\u00e9sident [&hellip;]","og_url":"https:\/\/macite.tg\/?p=22443","article_published_time":"2025-05-29T16:36:56+00:00","article_modified_time":"2025-05-29T16:40:35+00:00","og_image":[{"width":500,"height":333,"url":"https:\/\/macite.tg\/wp-content\/uploads\/2025\/05\/dd4ebe09-e184-455a-9676-728508e288df.jpg","type":"image\/jpeg"}],"author":"Jean Pierre BAWELA","twitter_card":"summary_large_image","twitter_misc":{"\u00c9crit par":"Jean Pierre BAWELA","Dur\u00e9e de lecture estim\u00e9e":"4 minutes"},"schema":{"@context":"https:\/\/schema.org","@graph":[{"@type":"Article","@id":"https:\/\/macite.tg\/?p=22443#article","isPartOf":{"@id":"https:\/\/macite.tg\/?p=22443"},"author":{"name":"Jean Pierre BAWELA","@id":"https:\/\/macite.tg\/#\/schema\/person\/e9f2de7e5dbbe7770a9402c7ce82f5c2"},"headline":"JUBILE D\u2019OR DE LA CEDEAO : L&rsquo;organisation fait le bilan de ses cinq d\u00e9cennies de coop\u00e9ration \u00e0 Lagos, en pr\u00e9sence de Faure Gnassingb\u00e9","datePublished":"2025-05-29T16:36:56+00:00","dateModified":"2025-05-29T16:40:35+00:00","mainEntityOfPage":{"@id":"https:\/\/macite.tg\/?p=22443"},"wordCount":662,"commentCount":0,"image":{"@id":"https:\/\/macite.tg\/?p=22443#primaryimage"},"thumbnailUrl":"https:\/\/macite.tg\/wp-content\/uploads\/2025\/05\/dd4ebe09-e184-455a-9676-728508e288df.jpg","articleSection":["ACTUALITE","POLITIQUE"],"inLanguage":"fr-FR","potentialAction":[{"@type":"CommentAction","name":"Comment","target":["https:\/\/macite.tg\/?p=22443#respond"]}]},{"@type":"WebPage","@id":"https:\/\/macite.tg\/?p=22443","url":"https:\/\/macite.tg\/?p=22443","name":"JUBILE D\u2019OR DE LA CEDEAO : L'organisation fait le bilan de ses cinq d\u00e9cennies de coop\u00e9ration \u00e0 Lagos, en pr\u00e9sence de Faure Gnassingb\u00e9 -","isPartOf":{"@id":"https:\/\/macite.tg\/#website"},"primaryImageOfPage":{"@id":"https:\/\/macite.tg\/?p=22443#primaryimage"},"image":{"@id":"https:\/\/macite.tg\/?p=22443#primaryimage"},"thumbnailUrl":"https:\/\/macite.tg\/wp-content\/uploads\/2025\/05\/dd4ebe09-e184-455a-9676-728508e288df.jpg","datePublished":"2025-05-29T16:36:56+00:00","dateModified":"2025-05-29T16:40:35+00:00","author":{"@id":"https:\/\/macite.tg\/#\/schema\/person\/e9f2de7e5dbbe7770a9402c7ce82f5c2"},"breadcrumb":{"@id":"https:\/\/macite.tg\/?p=22443#breadcrumb"},"inLanguage":"fr-FR","potentialAction":[{"@type":"ReadAction","target":["https:\/\/macite.tg\/?p=22443"]}]},{"@type":"ImageObject","inLanguage":"fr-FR","@id":"https:\/\/macite.tg\/?p=22443#primaryimage","url":"https:\/\/macite.tg\/wp-content\/uploads\/2025\/05\/dd4ebe09-e184-455a-9676-728508e288df.jpg","contentUrl":"https:\/\/macite.tg\/wp-content\/uploads\/2025\/05\/dd4ebe09-e184-455a-9676-728508e288df.jpg","width":500,"height":333,"caption":"Photo de famille"},{"@type":"BreadcrumbList","@id":"https:\/\/macite.tg\/?p=22443#breadcrumb","itemListElement":[{"@type":"ListItem","position":1,"name":"Accueil","item":"https:\/\/macite.tg\/"},{"@type":"ListItem","position":2,"name":"JUBILE D\u2019OR DE LA CEDEAO : L&rsquo;organisation fait le bilan de ses cinq d\u00e9cennies de coop\u00e9ration \u00e0 Lagos, en pr\u00e9sence de Faure Gnassingb\u00e9"}]},{"@type":"WebSite","@id":"https:\/\/macite.tg\/#website","url":"https:\/\/macite.tg\/","name":"","description":"L&#039;information, la bonne!!!","potentialAction":[{"@type":"SearchAction","target":{"@type":"EntryPoint","urlTemplate":"https:\/\/macite.tg\/?s={search_term_string}"},"query-input":{"@type":"PropertyValueSpecification","valueRequired":true,"valueName":"search_term_string"}}],"inLanguage":"fr-FR"},{"@type":"Person","@id":"https:\/\/macite.tg\/#\/schema\/person\/e9f2de7e5dbbe7770a9402c7ce82f5c2","name":"Jean Pierre BAWELA","image":{"@type":"ImageObject","inLanguage":"fr-FR","@id":"https:\/\/macite.tg\/wp-content\/uploads\/2023\/09\/WhatsApp-Image-2023-09-19-at-14.44.41-122x122.jpeg","url":"https:\/\/macite.tg\/wp-content\/uploads\/2023\/09\/WhatsApp-Image-2023-09-19-at-14.44.41-122x122.jpeg","contentUrl":"https:\/\/macite.tg\/wp-content\/uploads\/2023\/09\/WhatsApp-Image-2023-09-19-at-14.44.41-122x122.jpeg","caption":"Jean Pierre BAWELA"},"url":"https:\/\/macite.tg\/?author=2"}]}},"_links":{"self":[{"href":"https:\/\/macite.tg\/index.php?rest_route=\/wp\/v2\/posts\/22443","targetHints":{"allow":["GET"]}}],"collection":[{"href":"https:\/\/macite.tg\/index.php?rest_route=\/wp\/v2\/posts"}],"about":[{"href":"https:\/\/macite.tg\/index.php?rest_route=\/wp\/v2\/types\/post"}],"author":[{"embeddable":true,"href":"https:\/\/macite.tg\/index.php?rest_route=\/wp\/v2\/users\/2"}],"replies":[{"embeddable":true,"href":"https:\/\/macite.tg\/index.php?rest_route=%2Fwp%2Fv2%2Fcomments&post=22443"}],"version-history":[{"count":0,"href":"https:\/\/macite.tg\/index.php?rest_route=\/wp\/v2\/posts\/22443\/revisions"}],"wp:featuredmedia":[{"embeddable":true,"href":"https:\/\/macite.tg\/index.php?rest_route=\/wp\/v2\/media\/22445"}],"wp:attachment":[{"href":"https:\/\/macite.tg\/index.php?rest_route=%2Fwp%2Fv2%2Fmedia&parent=22443"}],"wp:term":[{"taxonomy":"category","embeddable":true,"href":"https:\/\/macite.tg\/index.php?rest_route=%2Fwp%2Fv2%2Fcategories&post=22443"},{"taxonomy":"post_tag","embeddable":true,"href":"https:\/\/macite.tg\/index.php?rest_route=%2Fwp%2Fv2%2Ftags&post=22443"}],"curies":[{"name":"wp","href":"https:\/\/api.w.org\/{rel}","templated":true}]}}