{"id":22440,"date":"2025-05-29T15:33:26","date_gmt":"2025-05-29T15:33:26","guid":{"rendered":"https:\/\/macite.tg\/?p=22440"},"modified":"2025-05-29T15:37:50","modified_gmt":"2025-05-29T15:37:50","slug":"fete-de-lascension-le-message-du-president-du-conseil-a-la-communaute-chretienne","status":"publish","type":"post","link":"https:\/\/macite.tg\/?p=22440","title":{"rendered":"FETE DE L\u2019ASCENSION : Le message du Pr\u00e9sident du Conseil \u00e0 la communaut\u00e9 chr\u00e9tienne"},"content":{"rendered":"\n<p class=\"wp-block-paragraph\"><strong><em>La communaut\u00e9 chr\u00e9tienne f\u00eate ce 29 mai, la f\u00eate de l\u2019Ascension, qui c\u00e9l\u00e8bre le quatri\u00e8me jour apr\u00e8s P\u00e2ques.<\/em><\/strong><\/p>\n\n\n\n<p class=\"wp-block-paragraph\">L\u2019Ascension marque la derni\u00e8re rencontre de J\u00e9sus avec ses disciples apr\u00e8s sa R\u00e9surrection, ainsi que son \u00e9l\u00e9vation au ciel. Elle annonce \u00e9galement la venue du Saint-Esprit, dix jours plus tard, et la formation de l&rsquo;\u00c9glise \u00e0 l&rsquo;occasion de la f\u00eate.<\/p>\n\n\n<div class=\"wp-block-image\">\n<figure class=\"aligncenter size-full is-resized\"><img loading=\"lazy\" decoding=\"async\" width=\"690\" height=\"170\" src=\"https:\/\/macite.tg\/wp-content\/uploads\/2025\/05\/OTR_TVM-2.jpg\" alt=\"\" class=\"wp-image-22300\" style=\"width:840px;height:auto\" srcset=\"https:\/\/macite.tg\/wp-content\/uploads\/2025\/05\/OTR_TVM-2.jpg 690w, https:\/\/macite.tg\/wp-content\/uploads\/2025\/05\/OTR_TVM-2-300x74.jpg 300w\" sizes=\"auto, (max-width: 690px) 100vw, 690px\" \/><\/figure>\n<\/div>\n\n\n<p class=\"wp-block-paragraph\">\u00a0A cette occasion, le Pr\u00e9sident du Conseil de la R\u00e9publique Togolaise, Faure Essozimna Gnassingb\u00e9, a, dans un message sur sa page Facebook, souhait\u00e9 une bonne c\u00e9l\u00e9bration aux fid\u00e8les chr\u00e9tiens du Togo, et partant du monde entier.<\/p>\n\n\n\n<p class=\"wp-block-paragraph\"><em>\u00ab&nbsp;Je souhaite une bonne f\u00eate de l&rsquo;ascension du <a href=\"https:\/\/www.facebook.com\/hashtag\/christ?__eep__=6&amp;__cft__%5b0%5d=AZUBuqrq6j4kskSzAX1w-fl5sXaZF9aaWxS1WQ2Lp7rAPQ6gB5_ARXWHDlciRi4oJboOMThHbp4AqcC7obPl-atFGXRxxemoBEuQKGqE-kvSIsTci2cdSsLpl7K-LvW6TQTPK-fLvFarQxfMYJLTceNR7NVuhy7zFAHz_fEis9mmWw&amp;__tn__=*NK-R\"><strong>#Christ<\/strong><\/a><\/em><em> \u00e0 tous les chr\u00e9tiens du Togo et d\u2019ailleurs. Puisse cette c\u00e9l\u00e9bration concourir \u00e0 raffermir l&rsquo;esprit de solidarit\u00e9 dans notre pays&nbsp;\u00bb,<\/em> a-t-il \u00e9crit.<\/p>\n\n\n\n<p class=\"wp-block-paragraph\">El\u00e9ment essentiel de la foi chr\u00e9tienne, l\u2019Ascension est partag\u00e9e autant par les catholiques, les orthodoxes que par les protestants et les fid\u00e8les des \u00e9glises ant\u00e9chalc\u00e9doniennes (ils se distingues des autres chr\u00e9tiens qui se sont ralli\u00e9es au concile de Chalc\u00e9donie de 451) &nbsp;<\/p>\n\n\n<div class=\"wp-block-image\">\n<figure class=\"aligncenter size-large is-resized\"><img loading=\"lazy\" decoding=\"async\" width=\"1024\" height=\"1024\" src=\"https:\/\/macite.tg\/wp-content\/uploads\/2025\/05\/Geo-ref-1024x1024.png\" alt=\"\" class=\"wp-image-22358\" style=\"width:496px;height:auto\" srcset=\"https:\/\/macite.tg\/wp-content\/uploads\/2025\/05\/Geo-ref-1024x1024.png 1024w, https:\/\/macite.tg\/wp-content\/uploads\/2025\/05\/Geo-ref-300x300.png 300w, https:\/\/macite.tg\/wp-content\/uploads\/2025\/05\/Geo-ref-150x150.png 150w, https:\/\/macite.tg\/wp-content\/uploads\/2025\/05\/Geo-ref-768x768.png 768w, https:\/\/macite.tg\/wp-content\/uploads\/2025\/05\/Geo-ref-122x122.png 122w, https:\/\/macite.tg\/wp-content\/uploads\/2025\/05\/Geo-ref.png 1080w\" sizes=\"auto, (max-width: 1024px) 100vw, 1024px\" \/><\/figure>\n<\/div>\n\n\n<p class=\"wp-block-paragraph\">Notons que l&rsquo;Ascension annonce \u00e9galement la venue du Saint-Esprit, dix jours plus tard et la formation de l\u2019Eglise \u00e0 l\u2019occasion de la f\u00eate de la Pentec\u00f4te.<\/p>\n\n\n\n<p class=\"wp-block-paragraph\"><strong>JPB<\/strong><\/p>\n\n\n\n<p class=\"wp-block-paragraph\"><a><strong><em>@macite.tg&nbsp;&nbsp;&nbsp;&nbsp;&nbsp;&nbsp;&nbsp;&nbsp;<\/em><\/strong><\/a><\/p>\n\n\n\n<p class=\"wp-block-paragraph\"><strong><em>E-mail&nbsp;: <\/em><\/strong><a href=\"mailto:maciteinfo@gmail.com\"><strong><em>maciteinfo@gmail.com<\/em><\/strong><\/a><strong><em>; <\/em><\/strong><a href=\"mailto:bawela1@gmail.com\"><strong><em>bawela1@gmail.com<\/em><\/strong><\/a><strong><em><\/em><\/strong><\/p>\n\n\n\n<p class=\"wp-block-paragraph\"><strong><em>Pour vos annonces, (publi)reportages, etc., joignez-nous au (00228)91515309\/<strong>79872224 <\/strong>www.macite.tg, L\u2019information, la bonne&nbsp;!<\/em><\/strong><\/p>\n","protected":false},"excerpt":{"rendered":"<p class=\"text-justify mb-2\" >La communaut\u00e9 chr\u00e9tienne f\u00eate ce 29 mai, la f\u00eate de l\u2019Ascension, qui c\u00e9l\u00e8bre le quatri\u00e8me jour apr\u00e8s P\u00e2ques. L\u2019Ascension marque la derni\u00e8re rencontre de J\u00e9sus avec ses disciples apr\u00e8s sa R\u00e9surrection, ainsi que son \u00e9l\u00e9vation au ciel. Elle annonce \u00e9galement la venue du Saint-Esprit, dix [&hellip;]<\/p>\n","protected":false},"author":2,"featured_media":22441,"comment_status":"open","ping_status":"open","sticky":false,"template":"","format":"standard","meta":{"footnotes":""},"categories":[20,40],"tags":[],"class_list":["post-22440","post","type-post","status-publish","format-standard","has-post-thumbnail","hentry","category-actualite","category-religion"],"yoast_head":"<!-- This site is optimized with the Yoast SEO plugin v28.4 - https:\/\/yoast.com\/product\/yoast-seo-wordpress\/ -->\n<title>FETE DE L\u2019ASCENSION : Le message du Pr\u00e9sident du Conseil \u00e0 la communaut\u00e9 chr\u00e9tienne -<\/title>\n<meta name=\"robots\" content=\"index, follow, max-snippet:-1, max-image-preview:large, max-video-preview:-1\" \/>\n<link rel=\"canonical\" href=\"https:\/\/macite.tg\/?p=22440\" \/>\n<meta property=\"og:locale\" content=\"fr_FR\" \/>\n<meta property=\"og:type\" content=\"article\" \/>\n<meta property=\"og:title\" content=\"FETE DE L\u2019ASCENSION : Le message du Pr\u00e9sident du Conseil \u00e0 la communaut\u00e9 chr\u00e9tienne -\" \/>\n<meta property=\"og:description\" content=\"La communaut\u00e9 chr\u00e9tienne f\u00eate ce 29 mai, la f\u00eate de l\u2019Ascension, qui c\u00e9l\u00e8bre le quatri\u00e8me jour apr\u00e8s P\u00e2ques. L\u2019Ascension marque la derni\u00e8re rencontre de J\u00e9sus avec ses disciples apr\u00e8s sa R\u00e9surrection, ainsi que son \u00e9l\u00e9vation au ciel. Elle annonce \u00e9galement la venue du Saint-Esprit, dix [&hellip;]\" \/>\n<meta property=\"og:url\" content=\"https:\/\/macite.tg\/?p=22440\" \/>\n<meta property=\"article:published_time\" content=\"2025-05-29T15:33:26+00:00\" \/>\n<meta property=\"article:modified_time\" content=\"2025-05-29T15:37:50+00:00\" \/>\n<meta property=\"og:image\" content=\"https:\/\/macite.tg\/wp-content\/uploads\/2025\/05\/501442855_1255402695948967_332104335059453091_n.jpg\" \/>\n\t<meta property=\"og:image:width\" content=\"526\" \/>\n\t<meta property=\"og:image:height\" content=\"706\" \/>\n\t<meta property=\"og:image:type\" content=\"image\/jpeg\" \/>\n<meta name=\"author\" content=\"Jean Pierre BAWELA\" \/>\n<meta name=\"twitter:card\" content=\"summary_large_image\" \/>\n<meta name=\"twitter:label1\" content=\"\u00c9crit par\" \/>\n\t<meta name=\"twitter:data1\" content=\"Jean Pierre BAWELA\" \/>\n\t<meta name=\"twitter:label2\" content=\"Dur\u00e9e de lecture estim\u00e9e\" \/>\n\t<meta name=\"twitter:data2\" content=\"2 minutes\" \/>\n<script type=\"application\/ld+json\" class=\"yoast-schema-graph\">{\"@context\":\"https:\\\/\\\/schema.org\",\"@graph\":[{\"@type\":\"Article\",\"@id\":\"https:\\\/\\\/macite.tg\\\/?p=22440#article\",\"isPartOf\":{\"@id\":\"https:\\\/\\\/macite.tg\\\/?p=22440\"},\"author\":{\"name\":\"Jean Pierre BAWELA\",\"@id\":\"https:\\\/\\\/macite.tg\\\/#\\\/schema\\\/person\\\/e9f2de7e5dbbe7770a9402c7ce82f5c2\"},\"headline\":\"FETE DE L\u2019ASCENSION : Le message du Pr\u00e9sident du Conseil \u00e0 la communaut\u00e9 chr\u00e9tienne\",\"datePublished\":\"2025-05-29T15:33:26+00:00\",\"dateModified\":\"2025-05-29T15:37:50+00:00\",\"mainEntityOfPage\":{\"@id\":\"https:\\\/\\\/macite.tg\\\/?p=22440\"},\"wordCount\":285,\"commentCount\":0,\"image\":{\"@id\":\"https:\\\/\\\/macite.tg\\\/?p=22440#primaryimage\"},\"thumbnailUrl\":\"https:\\\/\\\/macite.tg\\\/wp-content\\\/uploads\\\/2025\\\/05\\\/501442855_1255402695948967_332104335059453091_n.jpg\",\"articleSection\":[\"ACTUALITE\",\"RELIGION\"],\"inLanguage\":\"fr-FR\",\"potentialAction\":[{\"@type\":\"CommentAction\",\"name\":\"Comment\",\"target\":[\"https:\\\/\\\/macite.tg\\\/?p=22440#respond\"]}]},{\"@type\":\"WebPage\",\"@id\":\"https:\\\/\\\/macite.tg\\\/?p=22440\",\"url\":\"https:\\\/\\\/macite.tg\\\/?p=22440\",\"name\":\"FETE DE L\u2019ASCENSION : Le message du Pr\u00e9sident du Conseil \u00e0 la communaut\u00e9 chr\u00e9tienne -\",\"isPartOf\":{\"@id\":\"https:\\\/\\\/macite.tg\\\/#website\"},\"primaryImageOfPage\":{\"@id\":\"https:\\\/\\\/macite.tg\\\/?p=22440#primaryimage\"},\"image\":{\"@id\":\"https:\\\/\\\/macite.tg\\\/?p=22440#primaryimage\"},\"thumbnailUrl\":\"https:\\\/\\\/macite.tg\\\/wp-content\\\/uploads\\\/2025\\\/05\\\/501442855_1255402695948967_332104335059453091_n.jpg\",\"datePublished\":\"2025-05-29T15:33:26+00:00\",\"dateModified\":\"2025-05-29T15:37:50+00:00\",\"author\":{\"@id\":\"https:\\\/\\\/macite.tg\\\/#\\\/schema\\\/person\\\/e9f2de7e5dbbe7770a9402c7ce82f5c2\"},\"breadcrumb\":{\"@id\":\"https:\\\/\\\/macite.tg\\\/?p=22440#breadcrumb\"},\"inLanguage\":\"fr-FR\",\"potentialAction\":[{\"@type\":\"ReadAction\",\"target\":[\"https:\\\/\\\/macite.tg\\\/?p=22440\"]}]},{\"@type\":\"ImageObject\",\"inLanguage\":\"fr-FR\",\"@id\":\"https:\\\/\\\/macite.tg\\\/?p=22440#primaryimage\",\"url\":\"https:\\\/\\\/macite.tg\\\/wp-content\\\/uploads\\\/2025\\\/05\\\/501442855_1255402695948967_332104335059453091_n.jpg\",\"contentUrl\":\"https:\\\/\\\/macite.tg\\\/wp-content\\\/uploads\\\/2025\\\/05\\\/501442855_1255402695948967_332104335059453091_n.jpg\",\"width\":526,\"height\":706},{\"@type\":\"BreadcrumbList\",\"@id\":\"https:\\\/\\\/macite.tg\\\/?p=22440#breadcrumb\",\"itemListElement\":[{\"@type\":\"ListItem\",\"position\":1,\"name\":\"Accueil\",\"item\":\"https:\\\/\\\/macite.tg\\\/\"},{\"@type\":\"ListItem\",\"position\":2,\"name\":\"FETE DE L\u2019ASCENSION : Le message du Pr\u00e9sident du Conseil \u00e0 la communaut\u00e9 chr\u00e9tienne\"}]},{\"@type\":\"WebSite\",\"@id\":\"https:\\\/\\\/macite.tg\\\/#website\",\"url\":\"https:\\\/\\\/macite.tg\\\/\",\"name\":\"\",\"description\":\"L&#039;information, la bonne!!!\",\"potentialAction\":[{\"@type\":\"SearchAction\",\"target\":{\"@type\":\"EntryPoint\",\"urlTemplate\":\"https:\\\/\\\/macite.tg\\\/?s={search_term_string}\"},\"query-input\":{\"@type\":\"PropertyValueSpecification\",\"valueRequired\":true,\"valueName\":\"search_term_string\"}}],\"inLanguage\":\"fr-FR\"},{\"@type\":\"Person\",\"@id\":\"https:\\\/\\\/macite.tg\\\/#\\\/schema\\\/person\\\/e9f2de7e5dbbe7770a9402c7ce82f5c2\",\"name\":\"Jean Pierre BAWELA\",\"image\":{\"@type\":\"ImageObject\",\"inLanguage\":\"fr-FR\",\"@id\":\"https:\\\/\\\/macite.tg\\\/wp-content\\\/uploads\\\/2023\\\/09\\\/WhatsApp-Image-2023-09-19-at-14.44.41-122x122.jpeg\",\"url\":\"https:\\\/\\\/macite.tg\\\/wp-content\\\/uploads\\\/2023\\\/09\\\/WhatsApp-Image-2023-09-19-at-14.44.41-122x122.jpeg\",\"contentUrl\":\"https:\\\/\\\/macite.tg\\\/wp-content\\\/uploads\\\/2023\\\/09\\\/WhatsApp-Image-2023-09-19-at-14.44.41-122x122.jpeg\",\"caption\":\"Jean Pierre BAWELA\"},\"url\":\"https:\\\/\\\/macite.tg\\\/?author=2\"}]}<\/script>\n<!-- \/ Yoast SEO plugin. -->","yoast_head_json":{"title":"FETE DE L\u2019ASCENSION : Le message du Pr\u00e9sident du Conseil \u00e0 la communaut\u00e9 chr\u00e9tienne -","robots":{"index":"index","follow":"follow","max-snippet":"max-snippet:-1","max-image-preview":"max-image-preview:large","max-video-preview":"max-video-preview:-1"},"canonical":"https:\/\/macite.tg\/?p=22440","og_locale":"fr_FR","og_type":"article","og_title":"FETE DE L\u2019ASCENSION : Le message du Pr\u00e9sident du Conseil \u00e0 la communaut\u00e9 chr\u00e9tienne -","og_description":"La communaut\u00e9 chr\u00e9tienne f\u00eate ce 29 mai, la f\u00eate de l\u2019Ascension, qui c\u00e9l\u00e8bre le quatri\u00e8me jour apr\u00e8s P\u00e2ques. L\u2019Ascension marque la derni\u00e8re rencontre de J\u00e9sus avec ses disciples apr\u00e8s sa R\u00e9surrection, ainsi que son \u00e9l\u00e9vation au ciel. Elle annonce \u00e9galement la venue du Saint-Esprit, dix [&hellip;]","og_url":"https:\/\/macite.tg\/?p=22440","article_published_time":"2025-05-29T15:33:26+00:00","article_modified_time":"2025-05-29T15:37:50+00:00","og_image":[{"width":526,"height":706,"url":"https:\/\/macite.tg\/wp-content\/uploads\/2025\/05\/501442855_1255402695948967_332104335059453091_n.jpg","type":"image\/jpeg"}],"author":"Jean Pierre BAWELA","twitter_card":"summary_large_image","twitter_misc":{"\u00c9crit par":"Jean Pierre BAWELA","Dur\u00e9e de lecture estim\u00e9e":"2 minutes"},"schema":{"@context":"https:\/\/schema.org","@graph":[{"@type":"Article","@id":"https:\/\/macite.tg\/?p=22440#article","isPartOf":{"@id":"https:\/\/macite.tg\/?p=22440"},"author":{"name":"Jean Pierre BAWELA","@id":"https:\/\/macite.tg\/#\/schema\/person\/e9f2de7e5dbbe7770a9402c7ce82f5c2"},"headline":"FETE DE L\u2019ASCENSION : Le message du Pr\u00e9sident du Conseil \u00e0 la communaut\u00e9 chr\u00e9tienne","datePublished":"2025-05-29T15:33:26+00:00","dateModified":"2025-05-29T15:37:50+00:00","mainEntityOfPage":{"@id":"https:\/\/macite.tg\/?p=22440"},"wordCount":285,"commentCount":0,"image":{"@id":"https:\/\/macite.tg\/?p=22440#primaryimage"},"thumbnailUrl":"https:\/\/macite.tg\/wp-content\/uploads\/2025\/05\/501442855_1255402695948967_332104335059453091_n.jpg","articleSection":["ACTUALITE","RELIGION"],"inLanguage":"fr-FR","potentialAction":[{"@type":"CommentAction","name":"Comment","target":["https:\/\/macite.tg\/?p=22440#respond"]}]},{"@type":"WebPage","@id":"https:\/\/macite.tg\/?p=22440","url":"https:\/\/macite.tg\/?p=22440","name":"FETE DE L\u2019ASCENSION : Le message du Pr\u00e9sident du Conseil \u00e0 la communaut\u00e9 chr\u00e9tienne -","isPartOf":{"@id":"https:\/\/macite.tg\/#website"},"primaryImageOfPage":{"@id":"https:\/\/macite.tg\/?p=22440#primaryimage"},"image":{"@id":"https:\/\/macite.tg\/?p=22440#primaryimage"},"thumbnailUrl":"https:\/\/macite.tg\/wp-content\/uploads\/2025\/05\/501442855_1255402695948967_332104335059453091_n.jpg","datePublished":"2025-05-29T15:33:26+00:00","dateModified":"2025-05-29T15:37:50+00:00","author":{"@id":"https:\/\/macite.tg\/#\/schema\/person\/e9f2de7e5dbbe7770a9402c7ce82f5c2"},"breadcrumb":{"@id":"https:\/\/macite.tg\/?p=22440#breadcrumb"},"inLanguage":"fr-FR","potentialAction":[{"@type":"ReadAction","target":["https:\/\/macite.tg\/?p=22440"]}]},{"@type":"ImageObject","inLanguage":"fr-FR","@id":"https:\/\/macite.tg\/?p=22440#primaryimage","url":"https:\/\/macite.tg\/wp-content\/uploads\/2025\/05\/501442855_1255402695948967_332104335059453091_n.jpg","contentUrl":"https:\/\/macite.tg\/wp-content\/uploads\/2025\/05\/501442855_1255402695948967_332104335059453091_n.jpg","width":526,"height":706},{"@type":"BreadcrumbList","@id":"https:\/\/macite.tg\/?p=22440#breadcrumb","itemListElement":[{"@type":"ListItem","position":1,"name":"Accueil","item":"https:\/\/macite.tg\/"},{"@type":"ListItem","position":2,"name":"FETE DE L\u2019ASCENSION : Le message du Pr\u00e9sident du Conseil \u00e0 la communaut\u00e9 chr\u00e9tienne"}]},{"@type":"WebSite","@id":"https:\/\/macite.tg\/#website","url":"https:\/\/macite.tg\/","name":"","description":"L&#039;information, la bonne!!!","potentialAction":[{"@type":"SearchAction","target":{"@type":"EntryPoint","urlTemplate":"https:\/\/macite.tg\/?s={search_term_string}"},"query-input":{"@type":"PropertyValueSpecification","valueRequired":true,"valueName":"search_term_string"}}],"inLanguage":"fr-FR"},{"@type":"Person","@id":"https:\/\/macite.tg\/#\/schema\/person\/e9f2de7e5dbbe7770a9402c7ce82f5c2","name":"Jean Pierre BAWELA","image":{"@type":"ImageObject","inLanguage":"fr-FR","@id":"https:\/\/macite.tg\/wp-content\/uploads\/2023\/09\/WhatsApp-Image-2023-09-19-at-14.44.41-122x122.jpeg","url":"https:\/\/macite.tg\/wp-content\/uploads\/2023\/09\/WhatsApp-Image-2023-09-19-at-14.44.41-122x122.jpeg","contentUrl":"https:\/\/macite.tg\/wp-content\/uploads\/2023\/09\/WhatsApp-Image-2023-09-19-at-14.44.41-122x122.jpeg","caption":"Jean Pierre BAWELA"},"url":"https:\/\/macite.tg\/?author=2"}]}},"_links":{"self":[{"href":"https:\/\/macite.tg\/index.php?rest_route=\/wp\/v2\/posts\/22440","targetHints":{"allow":["GET"]}}],"collection":[{"href":"https:\/\/macite.tg\/index.php?rest_route=\/wp\/v2\/posts"}],"about":[{"href":"https:\/\/macite.tg\/index.php?rest_route=\/wp\/v2\/types\/post"}],"author":[{"embeddable":true,"href":"https:\/\/macite.tg\/index.php?rest_route=\/wp\/v2\/users\/2"}],"replies":[{"embeddable":true,"href":"https:\/\/macite.tg\/index.php?rest_route=%2Fwp%2Fv2%2Fcomments&post=22440"}],"version-history":[{"count":0,"href":"https:\/\/macite.tg\/index.php?rest_route=\/wp\/v2\/posts\/22440\/revisions"}],"wp:featuredmedia":[{"embeddable":true,"href":"https:\/\/macite.tg\/index.php?rest_route=\/wp\/v2\/media\/22441"}],"wp:attachment":[{"href":"https:\/\/macite.tg\/index.php?rest_route=%2Fwp%2Fv2%2Fmedia&parent=22440"}],"wp:term":[{"taxonomy":"category","embeddable":true,"href":"https:\/\/macite.tg\/index.php?rest_route=%2Fwp%2Fv2%2Fcategories&post=22440"},{"taxonomy":"post_tag","embeddable":true,"href":"https:\/\/macite.tg\/index.php?rest_route=%2Fwp%2Fv2%2Ftags&post=22440"}],"curies":[{"name":"wp","href":"https:\/\/api.w.org\/{rel}","templated":true}]}}