{"id":2244,"date":"2022-12-01T17:43:53","date_gmt":"2022-12-01T17:43:53","guid":{"rendered":"https:\/\/macite.info\/?p=2244"},"modified":"2022-12-01T17:43:54","modified_gmt":"2022-12-01T17:43:54","slug":"mondial-qatar-2022-groupe-f-les-8e-sans-la-belgiquele-maroc-et-la-croatie-au-tour-suivant","status":"publish","type":"post","link":"https:\/\/macite.tg\/?p=2244","title":{"rendered":"MONDIAL QATAR 2022 \/ GROUPE F\u00a0: Les 8\u00e8 sans la Belgique\u2026Le Maroc et la Croatie au tour suivant"},"content":{"rendered":"\n<p class=\"wp-block-paragraph\"><\/p>\n\n\n\n<p class=\"wp-block-paragraph\"><strong><em>Le groupe F a livr\u00e9 ses deux huiti\u00e8me de finalistes cet apr\u00e8s-midi. Le Maroc en toute maitrise a vol\u00e9 la vedette \u00e0 la Belgique, l\u2019un des grands favoris de cette comp\u00e9tition, mais oblig\u00e9 de plier bagages beaucoup pmu stot que pr\u00e9vus. La Croatie va accompagner le Maroc en 8\u00e8 dans ce groupe F.<\/em><\/strong><\/p>\n\n\n\n<p class=\"wp-block-paragraph\">Le Maroc vient de cr\u00e9er la sensation en s\u2019offrant la premi\u00e8re place dans le groupe F, apr\u00e8s sa seconde victoire d\u2019affil\u00e9e cette fois-ci face au Canada, 2-1.<\/p>\n\n\n\n<p class=\"wp-block-paragraph\">Apr\u00e8s un d\u00e9but de comp\u00e9tition morose marqu\u00e9 par un nul face \u00e0 la Croatie, les Marocains ont d\u00e9roul\u00e9 face \u00e0 la Belgique (2-0) lors de sa seconde sortie, pour finir en fanfare devant le Canada (2-1). Le Maroc de Hakim Ziyech s\u2019offre ainsi la premi\u00e8re place de ce groupe F, avec&nbsp; 7 points.<\/p>\n\n\n<div class=\"wp-block-image\">\n<figure class=\"aligncenter size-large is-resized\"><img loading=\"lazy\" decoding=\"async\" src=\"https:\/\/macite.tg\/wp-content\/uploads\/2022\/11\/ANNONCES-1-1-1024x426.jpg\" alt=\"\" class=\"wp-image-2047\" width=\"699\" height=\"290\" srcset=\"https:\/\/macite.tg\/wp-content\/uploads\/2022\/11\/ANNONCES-1-1-1024x426.jpg 1024w, https:\/\/macite.tg\/wp-content\/uploads\/2022\/11\/ANNONCES-1-1-300x125.jpg 300w, https:\/\/macite.tg\/wp-content\/uploads\/2022\/11\/ANNONCES-1-1-768x319.jpg 768w, https:\/\/macite.tg\/wp-content\/uploads\/2022\/11\/ANNONCES-1-1.jpg 1080w\" sizes=\"auto, (max-width: 699px) 100vw, 699px\" \/><\/figure>\n<\/div>\n\n\n<p class=\"wp-block-paragraph\">Dans l\u2019autre rencontre de ce groupe, Belges et Croates se s\u00e9parent dos-\u00e0-dos sur un score vierge, 0-0, ce qui ne fait pas les affaires des Diables rouges qui avaient besoin imp\u00e9rativement d\u2019une victoire pour survivre dans ce mondial. Ce score nul fait le bonheur des Croates (5 pts) qui d\u00e9crochent ainsi le second ticket du groupe F pour les huiti\u00e8mes de finales.<\/p>\n\n\n\n<p class=\"wp-block-paragraph\">C\u2019est une grosse d\u00e9sillusion pour la Belgique de Lukaku, des fr\u00e8res Hazard, KevinDe Bruyne, Thibaut Courtois, etc. oblig\u00e9s de quitter plus t\u00f4t que pr\u00e9vu, ce mondial 2022. La faut au manque de r\u00e9alisme et de coh\u00e9sion dans cette \u00e9quipe dont certains pensent vieillissante.<\/p>\n\n\n\n<p class=\"wp-block-paragraph\">Le football africain renait-il de plus belle&nbsp;? Assur\u00e9ment&nbsp;! Pourrait-on \u00eatre tent\u00e9 de r\u00e9pondre au vue, jusque-l\u00e0 de la prestation des repr\u00e9sentants africains au mondial 2022. Mais en attendant la sortie des deux derniers repr\u00e9sentants africains, notamment le Cameroun et le Ghana, on pourrait avec certitude r\u00e9pondre \u00e0 cette interrogation susmentionn\u00e9e.<\/p>\n\n\n\n<p class=\"wp-block-paragraph\"><strong>JPB<\/strong><\/p>\n\n\n\n<p class=\"wp-block-paragraph\"><strong><em>@macite.info<\/em><\/strong><\/p>\n\n\n\n<p class=\"wp-block-paragraph\"><strong><em>E-mail&nbsp;: <\/em><\/strong><a href=\"mailto:maciteinfo@gmail.com\"><strong><em>maciteinfo@gmail.com<\/em><\/strong><\/a><strong><em>; <\/em><\/strong><a href=\"mailto:bawela1@gmail.com\"><strong><em>bawela1@gmail.com<\/em><\/strong><\/a><strong><em><\/em><\/strong><\/p>\n\n\n\n<p class=\"wp-block-paragraph\"><strong><em>Pour vos annonces, (publi)reportages, etc., joignez nous au (00228) 91515309\/<strong>79872224<\/strong><\/em><\/strong><em><\/em><\/p>\n\n\n\n<p class=\"wp-block-paragraph\"><a href=\"http:\/\/www.macite.info\"><strong><em>www.macite.info<\/em><\/strong><\/a><strong><em>, L\u2019information, la bonne&nbsp;!<\/em><\/strong><\/p>\n","protected":false},"excerpt":{"rendered":"<p class=\"text-justify mb-2\" >Le groupe F a livr\u00e9 ses deux huiti\u00e8me de finalistes cet apr\u00e8s-midi. Le Maroc en toute maitrise a vol\u00e9 la vedette \u00e0 la Belgique, l\u2019un des grands favoris de cette comp\u00e9tition, mais oblig\u00e9 de plier bagages beaucoup pmu stot que pr\u00e9vus. La Croatie va accompagner [&hellip;]<\/p>\n","protected":false},"author":2,"featured_media":2245,"comment_status":"open","ping_status":"open","sticky":false,"template":"","format":"standard","meta":{"footnotes":""},"categories":[7],"tags":[],"class_list":["post-2244","post","type-post","status-publish","format-standard","has-post-thumbnail","hentry","category-sports"],"yoast_head":"<!-- This site is optimized with the Yoast SEO plugin v28.4 - https:\/\/yoast.com\/product\/yoast-seo-wordpress\/ -->\n<title>MONDIAL QATAR 2022 \/ GROUPE F\u00a0: Les 8\u00e8 sans la Belgique\u2026Le Maroc et la Croatie au tour suivant -<\/title>\n<meta name=\"robots\" content=\"index, follow, max-snippet:-1, max-image-preview:large, max-video-preview:-1\" \/>\n<link rel=\"canonical\" href=\"https:\/\/macite.tg\/?p=2244\" \/>\n<meta property=\"og:locale\" content=\"fr_FR\" \/>\n<meta property=\"og:type\" content=\"article\" \/>\n<meta property=\"og:title\" content=\"MONDIAL QATAR 2022 \/ GROUPE F\u00a0: Les 8\u00e8 sans la Belgique\u2026Le Maroc et la Croatie au tour suivant -\" \/>\n<meta property=\"og:description\" content=\"Le groupe F a livr\u00e9 ses deux huiti\u00e8me de finalistes cet apr\u00e8s-midi. Le Maroc en toute maitrise a vol\u00e9 la vedette \u00e0 la Belgique, l\u2019un des grands favoris de cette comp\u00e9tition, mais oblig\u00e9 de plier bagages beaucoup pmu stot que pr\u00e9vus. La Croatie va accompagner [&hellip;]\" \/>\n<meta property=\"og:url\" content=\"https:\/\/macite.tg\/?p=2244\" \/>\n<meta property=\"article:published_time\" content=\"2022-12-01T17:43:53+00:00\" \/>\n<meta property=\"article:modified_time\" content=\"2022-12-01T17:43:54+00:00\" \/>\n<meta property=\"og:image\" content=\"https:\/\/macite.tg\/wp-content\/uploads\/2022\/12\/Croatie-maroc-au-8e.jpg\" \/>\n\t<meta property=\"og:image:width\" content=\"299\" \/>\n\t<meta property=\"og:image:height\" content=\"168\" \/>\n\t<meta property=\"og:image:type\" content=\"image\/jpeg\" \/>\n<meta name=\"author\" content=\"Jean Pierre BAWELA\" \/>\n<meta name=\"twitter:card\" content=\"summary_large_image\" \/>\n<meta name=\"twitter:label1\" content=\"\u00c9crit par\" \/>\n\t<meta name=\"twitter:data1\" content=\"Jean Pierre BAWELA\" \/>\n\t<meta name=\"twitter:label2\" content=\"Dur\u00e9e de lecture estim\u00e9e\" \/>\n\t<meta name=\"twitter:data2\" content=\"2 minutes\" \/>\n<script type=\"application\/ld+json\" class=\"yoast-schema-graph\">{\"@context\":\"https:\\\/\\\/schema.org\",\"@graph\":[{\"@type\":\"Article\",\"@id\":\"https:\\\/\\\/macite.tg\\\/?p=2244#article\",\"isPartOf\":{\"@id\":\"https:\\\/\\\/macite.tg\\\/?p=2244\"},\"author\":{\"name\":\"Jean Pierre BAWELA\",\"@id\":\"https:\\\/\\\/macite.tg\\\/#\\\/schema\\\/person\\\/e9f2de7e5dbbe7770a9402c7ce82f5c2\"},\"headline\":\"MONDIAL QATAR 2022 \\\/ GROUPE F\u00a0: Les 8\u00e8 sans la Belgique\u2026Le Maroc et la Croatie au tour suivant\",\"datePublished\":\"2022-12-01T17:43:53+00:00\",\"dateModified\":\"2022-12-01T17:43:54+00:00\",\"mainEntityOfPage\":{\"@id\":\"https:\\\/\\\/macite.tg\\\/?p=2244\"},\"wordCount\":364,\"commentCount\":0,\"image\":{\"@id\":\"https:\\\/\\\/macite.tg\\\/?p=2244#primaryimage\"},\"thumbnailUrl\":\"https:\\\/\\\/macite.tg\\\/wp-content\\\/uploads\\\/2022\\\/12\\\/Croatie-maroc-au-8e.jpg\",\"articleSection\":[\"SPORTS\"],\"inLanguage\":\"fr-FR\",\"potentialAction\":[{\"@type\":\"CommentAction\",\"name\":\"Comment\",\"target\":[\"https:\\\/\\\/macite.tg\\\/?p=2244#respond\"]}]},{\"@type\":\"WebPage\",\"@id\":\"https:\\\/\\\/macite.tg\\\/?p=2244\",\"url\":\"https:\\\/\\\/macite.tg\\\/?p=2244\",\"name\":\"MONDIAL QATAR 2022 \\\/ GROUPE F\u00a0: Les 8\u00e8 sans la Belgique\u2026Le Maroc et la Croatie au tour suivant -\",\"isPartOf\":{\"@id\":\"https:\\\/\\\/macite.tg\\\/#website\"},\"primaryImageOfPage\":{\"@id\":\"https:\\\/\\\/macite.tg\\\/?p=2244#primaryimage\"},\"image\":{\"@id\":\"https:\\\/\\\/macite.tg\\\/?p=2244#primaryimage\"},\"thumbnailUrl\":\"https:\\\/\\\/macite.tg\\\/wp-content\\\/uploads\\\/2022\\\/12\\\/Croatie-maroc-au-8e.jpg\",\"datePublished\":\"2022-12-01T17:43:53+00:00\",\"dateModified\":\"2022-12-01T17:43:54+00:00\",\"author\":{\"@id\":\"https:\\\/\\\/macite.tg\\\/#\\\/schema\\\/person\\\/e9f2de7e5dbbe7770a9402c7ce82f5c2\"},\"breadcrumb\":{\"@id\":\"https:\\\/\\\/macite.tg\\\/?p=2244#breadcrumb\"},\"inLanguage\":\"fr-FR\",\"potentialAction\":[{\"@type\":\"ReadAction\",\"target\":[\"https:\\\/\\\/macite.tg\\\/?p=2244\"]}]},{\"@type\":\"ImageObject\",\"inLanguage\":\"fr-FR\",\"@id\":\"https:\\\/\\\/macite.tg\\\/?p=2244#primaryimage\",\"url\":\"https:\\\/\\\/macite.tg\\\/wp-content\\\/uploads\\\/2022\\\/12\\\/Croatie-maroc-au-8e.jpg\",\"contentUrl\":\"https:\\\/\\\/macite.tg\\\/wp-content\\\/uploads\\\/2022\\\/12\\\/Croatie-maroc-au-8e.jpg\",\"width\":299,\"height\":168},{\"@type\":\"BreadcrumbList\",\"@id\":\"https:\\\/\\\/macite.tg\\\/?p=2244#breadcrumb\",\"itemListElement\":[{\"@type\":\"ListItem\",\"position\":1,\"name\":\"Accueil\",\"item\":\"https:\\\/\\\/macite.tg\\\/\"},{\"@type\":\"ListItem\",\"position\":2,\"name\":\"MONDIAL QATAR 2022 \\\/ GROUPE F\u00a0: Les 8\u00e8 sans la Belgique\u2026Le Maroc et la Croatie au tour suivant\"}]},{\"@type\":\"WebSite\",\"@id\":\"https:\\\/\\\/macite.tg\\\/#website\",\"url\":\"https:\\\/\\\/macite.tg\\\/\",\"name\":\"\",\"description\":\"L&#039;information, la bonne!!!\",\"potentialAction\":[{\"@type\":\"SearchAction\",\"target\":{\"@type\":\"EntryPoint\",\"urlTemplate\":\"https:\\\/\\\/macite.tg\\\/?s={search_term_string}\"},\"query-input\":{\"@type\":\"PropertyValueSpecification\",\"valueRequired\":true,\"valueName\":\"search_term_string\"}}],\"inLanguage\":\"fr-FR\"},{\"@type\":\"Person\",\"@id\":\"https:\\\/\\\/macite.tg\\\/#\\\/schema\\\/person\\\/e9f2de7e5dbbe7770a9402c7ce82f5c2\",\"name\":\"Jean Pierre BAWELA\",\"image\":{\"@type\":\"ImageObject\",\"inLanguage\":\"fr-FR\",\"@id\":\"https:\\\/\\\/macite.tg\\\/wp-content\\\/uploads\\\/2023\\\/09\\\/WhatsApp-Image-2023-09-19-at-14.44.41-122x122.jpeg\",\"url\":\"https:\\\/\\\/macite.tg\\\/wp-content\\\/uploads\\\/2023\\\/09\\\/WhatsApp-Image-2023-09-19-at-14.44.41-122x122.jpeg\",\"contentUrl\":\"https:\\\/\\\/macite.tg\\\/wp-content\\\/uploads\\\/2023\\\/09\\\/WhatsApp-Image-2023-09-19-at-14.44.41-122x122.jpeg\",\"caption\":\"Jean Pierre BAWELA\"},\"url\":\"https:\\\/\\\/macite.tg\\\/?author=2\"}]}<\/script>\n<!-- \/ Yoast SEO plugin. -->","yoast_head_json":{"title":"MONDIAL QATAR 2022 \/ GROUPE F\u00a0: Les 8\u00e8 sans la Belgique\u2026Le Maroc et la Croatie au tour suivant -","robots":{"index":"index","follow":"follow","max-snippet":"max-snippet:-1","max-image-preview":"max-image-preview:large","max-video-preview":"max-video-preview:-1"},"canonical":"https:\/\/macite.tg\/?p=2244","og_locale":"fr_FR","og_type":"article","og_title":"MONDIAL QATAR 2022 \/ GROUPE F\u00a0: Les 8\u00e8 sans la Belgique\u2026Le Maroc et la Croatie au tour suivant -","og_description":"Le groupe F a livr\u00e9 ses deux huiti\u00e8me de finalistes cet apr\u00e8s-midi. Le Maroc en toute maitrise a vol\u00e9 la vedette \u00e0 la Belgique, l\u2019un des grands favoris de cette comp\u00e9tition, mais oblig\u00e9 de plier bagages beaucoup pmu stot que pr\u00e9vus. La Croatie va accompagner [&hellip;]","og_url":"https:\/\/macite.tg\/?p=2244","article_published_time":"2022-12-01T17:43:53+00:00","article_modified_time":"2022-12-01T17:43:54+00:00","og_image":[{"width":299,"height":168,"url":"https:\/\/macite.tg\/wp-content\/uploads\/2022\/12\/Croatie-maroc-au-8e.jpg","type":"image\/jpeg"}],"author":"Jean Pierre BAWELA","twitter_card":"summary_large_image","twitter_misc":{"\u00c9crit par":"Jean Pierre BAWELA","Dur\u00e9e de lecture estim\u00e9e":"2 minutes"},"schema":{"@context":"https:\/\/schema.org","@graph":[{"@type":"Article","@id":"https:\/\/macite.tg\/?p=2244#article","isPartOf":{"@id":"https:\/\/macite.tg\/?p=2244"},"author":{"name":"Jean Pierre BAWELA","@id":"https:\/\/macite.tg\/#\/schema\/person\/e9f2de7e5dbbe7770a9402c7ce82f5c2"},"headline":"MONDIAL QATAR 2022 \/ GROUPE F\u00a0: Les 8\u00e8 sans la Belgique\u2026Le Maroc et la Croatie au tour suivant","datePublished":"2022-12-01T17:43:53+00:00","dateModified":"2022-12-01T17:43:54+00:00","mainEntityOfPage":{"@id":"https:\/\/macite.tg\/?p=2244"},"wordCount":364,"commentCount":0,"image":{"@id":"https:\/\/macite.tg\/?p=2244#primaryimage"},"thumbnailUrl":"https:\/\/macite.tg\/wp-content\/uploads\/2022\/12\/Croatie-maroc-au-8e.jpg","articleSection":["SPORTS"],"inLanguage":"fr-FR","potentialAction":[{"@type":"CommentAction","name":"Comment","target":["https:\/\/macite.tg\/?p=2244#respond"]}]},{"@type":"WebPage","@id":"https:\/\/macite.tg\/?p=2244","url":"https:\/\/macite.tg\/?p=2244","name":"MONDIAL QATAR 2022 \/ GROUPE F\u00a0: Les 8\u00e8 sans la Belgique\u2026Le Maroc et la Croatie au tour suivant -","isPartOf":{"@id":"https:\/\/macite.tg\/#website"},"primaryImageOfPage":{"@id":"https:\/\/macite.tg\/?p=2244#primaryimage"},"image":{"@id":"https:\/\/macite.tg\/?p=2244#primaryimage"},"thumbnailUrl":"https:\/\/macite.tg\/wp-content\/uploads\/2022\/12\/Croatie-maroc-au-8e.jpg","datePublished":"2022-12-01T17:43:53+00:00","dateModified":"2022-12-01T17:43:54+00:00","author":{"@id":"https:\/\/macite.tg\/#\/schema\/person\/e9f2de7e5dbbe7770a9402c7ce82f5c2"},"breadcrumb":{"@id":"https:\/\/macite.tg\/?p=2244#breadcrumb"},"inLanguage":"fr-FR","potentialAction":[{"@type":"ReadAction","target":["https:\/\/macite.tg\/?p=2244"]}]},{"@type":"ImageObject","inLanguage":"fr-FR","@id":"https:\/\/macite.tg\/?p=2244#primaryimage","url":"https:\/\/macite.tg\/wp-content\/uploads\/2022\/12\/Croatie-maroc-au-8e.jpg","contentUrl":"https:\/\/macite.tg\/wp-content\/uploads\/2022\/12\/Croatie-maroc-au-8e.jpg","width":299,"height":168},{"@type":"BreadcrumbList","@id":"https:\/\/macite.tg\/?p=2244#breadcrumb","itemListElement":[{"@type":"ListItem","position":1,"name":"Accueil","item":"https:\/\/macite.tg\/"},{"@type":"ListItem","position":2,"name":"MONDIAL QATAR 2022 \/ GROUPE F\u00a0: Les 8\u00e8 sans la Belgique\u2026Le Maroc et la Croatie au tour suivant"}]},{"@type":"WebSite","@id":"https:\/\/macite.tg\/#website","url":"https:\/\/macite.tg\/","name":"","description":"L&#039;information, la bonne!!!","potentialAction":[{"@type":"SearchAction","target":{"@type":"EntryPoint","urlTemplate":"https:\/\/macite.tg\/?s={search_term_string}"},"query-input":{"@type":"PropertyValueSpecification","valueRequired":true,"valueName":"search_term_string"}}],"inLanguage":"fr-FR"},{"@type":"Person","@id":"https:\/\/macite.tg\/#\/schema\/person\/e9f2de7e5dbbe7770a9402c7ce82f5c2","name":"Jean Pierre BAWELA","image":{"@type":"ImageObject","inLanguage":"fr-FR","@id":"https:\/\/macite.tg\/wp-content\/uploads\/2023\/09\/WhatsApp-Image-2023-09-19-at-14.44.41-122x122.jpeg","url":"https:\/\/macite.tg\/wp-content\/uploads\/2023\/09\/WhatsApp-Image-2023-09-19-at-14.44.41-122x122.jpeg","contentUrl":"https:\/\/macite.tg\/wp-content\/uploads\/2023\/09\/WhatsApp-Image-2023-09-19-at-14.44.41-122x122.jpeg","caption":"Jean Pierre BAWELA"},"url":"https:\/\/macite.tg\/?author=2"}]}},"_links":{"self":[{"href":"https:\/\/macite.tg\/index.php?rest_route=\/wp\/v2\/posts\/2244","targetHints":{"allow":["GET"]}}],"collection":[{"href":"https:\/\/macite.tg\/index.php?rest_route=\/wp\/v2\/posts"}],"about":[{"href":"https:\/\/macite.tg\/index.php?rest_route=\/wp\/v2\/types\/post"}],"author":[{"embeddable":true,"href":"https:\/\/macite.tg\/index.php?rest_route=\/wp\/v2\/users\/2"}],"replies":[{"embeddable":true,"href":"https:\/\/macite.tg\/index.php?rest_route=%2Fwp%2Fv2%2Fcomments&post=2244"}],"version-history":[{"count":0,"href":"https:\/\/macite.tg\/index.php?rest_route=\/wp\/v2\/posts\/2244\/revisions"}],"wp:featuredmedia":[{"embeddable":true,"href":"https:\/\/macite.tg\/index.php?rest_route=\/wp\/v2\/media\/2245"}],"wp:attachment":[{"href":"https:\/\/macite.tg\/index.php?rest_route=%2Fwp%2Fv2%2Fmedia&parent=2244"}],"wp:term":[{"taxonomy":"category","embeddable":true,"href":"https:\/\/macite.tg\/index.php?rest_route=%2Fwp%2Fv2%2Fcategories&post=2244"},{"taxonomy":"post_tag","embeddable":true,"href":"https:\/\/macite.tg\/index.php?rest_route=%2Fwp%2Fv2%2Ftags&post=2244"}],"curies":[{"name":"wp","href":"https:\/\/api.w.org\/{rel}","templated":true}]}}