{"id":22426,"date":"2025-05-28T16:06:59","date_gmt":"2025-05-28T16:06:59","guid":{"rendered":"https:\/\/macite.tg\/?p=22426"},"modified":"2025-05-28T16:07:07","modified_gmt":"2025-05-28T16:07:07","slug":"togo-acces-a-une-education-equitable-faire-de-leducation-des-filles-une-priorite-absolue","status":"publish","type":"post","link":"https:\/\/macite.tg\/?p=22426","title":{"rendered":"TOGO \/ ACCES A UNE EDUCATION EQUITABLE\u00a0: Faire de l\u2019\u00e9ducation des filles une priorit\u00e9 absolue"},"content":{"rendered":"\n<p class=\"wp-block-paragraph\"><strong><em>Le Gouvernement togolais, sous l\u2019impulsion de Son Excellence Monsieur le Pr\u00e9sident de la R\u00e9publique, aujourd\u2019hui Pr\u00e9sident du Conseil, s\u2019est r\u00e9solument engag\u00e9 dans la promotion de l\u2019\u00e9ducation des filles. Gr\u00e2ce \u00e0 une volont\u00e9 politique forte, le pays ouvre les portes de l\u2019\u00e9cole \u00e0 toutes les jeunes filles et les accompagne dans leur parcours scolaire. Le gouvernement met en place des actions cibl\u00e9es pour briser les barri\u00e8res, qui ont longtemps entrav\u00e9 l\u2019acc\u00e8s \u00e0 une \u00e9ducation \u00e9quitable et de qualit\u00e9 pour les filles.<\/em><\/strong><\/p>\n\n\n\n<p class=\"wp-block-paragraph\">L\u2019objectif est clair : \u00e9lever le taux de scolarisation des filles, garantir leur maintien dans le syst\u00e8me \u00e9ducatif, lutter contre toutes les formes de violence \u00e0 leur \u00e9gard et am\u00e9liorer la gestion de leur \u00e9ducation. Ces priorit\u00e9s sont inscrites au c\u0153ur de la Feuille de route gouvernementale Togo 2025, qui place l\u2019inclusion sociale et l\u2019\u00e9galit\u00e9 des genres au centre de la strat\u00e9gie de d\u00e9veloppement du pays.<\/p>\n\n\n<div class=\"wp-block-image\">\n<figure class=\"aligncenter size-large is-resized\"><img loading=\"lazy\" decoding=\"async\" width=\"1024\" height=\"1024\" src=\"https:\/\/macite.tg\/wp-content\/uploads\/2025\/05\/Geo-ref-1024x1024.png\" alt=\"\" class=\"wp-image-22358\" style=\"width:652px;height:auto\" srcset=\"https:\/\/macite.tg\/wp-content\/uploads\/2025\/05\/Geo-ref-1024x1024.png 1024w, https:\/\/macite.tg\/wp-content\/uploads\/2025\/05\/Geo-ref-300x300.png 300w, https:\/\/macite.tg\/wp-content\/uploads\/2025\/05\/Geo-ref-150x150.png 150w, https:\/\/macite.tg\/wp-content\/uploads\/2025\/05\/Geo-ref-768x768.png 768w, https:\/\/macite.tg\/wp-content\/uploads\/2025\/05\/Geo-ref-122x122.png 122w, https:\/\/macite.tg\/wp-content\/uploads\/2025\/05\/Geo-ref.png 1080w\" sizes=\"auto, (max-width: 1024px) 100vw, 1024px\" \/><\/figure>\n<\/div>\n\n\n<p class=\"wp-block-paragraph\"><strong>1. Des chiffres qui illustrent une avanc\u00e9e notable<\/strong><\/p>\n\n\n\n<p class=\"wp-block-paragraph\">L\u2019une des grandes victoires de cette politique \u00e9ducative inclusive est le taux net de scolarisation des filles au primaire qui est pass\u00e9 de 87,4 % en 2010 \u00e0 93,4% en 2015 puis \u00e0 98,5% en 2024. Dans les divers examens scolaires, notamment au BAC 1, entre 2020 et 2025, les effectifs des filles progress\u00e9 d\u2019ann\u00e9e en ann\u00e9e.<\/p>\n\n\n\n<p class=\"wp-block-paragraph\">Sur la p\u00e9riode 2020 \u00e0 2025, les effectifs des filles \u00e0 l\u2019examen du BAC 1, ont progress\u00e9 d\u2019ann\u00e9e en ann\u00e9e et sont pass\u00e9s de 40, 01% en 2020 \u00e0 48,74% en 2025, soit une progression de 8 points sur la p\u00e9riode.<\/p>\n\n\n\n<p class=\"wp-block-paragraph\"><strong>2. D\u2019importantes mesures pour r\u00e9duire les in\u00e9galit\u00e9s sociales<\/strong><\/p>\n\n\n\n<p class=\"wp-block-paragraph\">Ces progr\u00e8s sont attribu\u00e9s \u00e0 la mise en \u0153uvre de la gratuit\u00e9 scolaire, tant au primaire qu\u2019au secondaire, ainsi qu\u2019\u00e0 des programmes cibl\u00e9s comme les cantines scolaires et la couverture sant\u00e9 School AMU qui \u00e9liminent les barri\u00e8res mat\u00e9rielles \u00e0 l\u2019\u00e9ducation.<\/p>\n\n\n\n<p class=\"wp-block-paragraph\">La gratuit\u00e9 des frais de scolarit\u00e9 dans les enseignements pr\u00e9scolaire et primaire publics, d\u00e9cr\u00e9t\u00e9e depuis 2008, a permis d\u2019offrir \u00e0 tous les enfants, quels que soient leur lieu de r\u00e9sidence ou leurs conditions d\u2019existence, la chance d\u2019\u00eatre scolaris\u00e9s.<\/p>\n\n\n\n<p class=\"wp-block-paragraph\">Pour accompagner les parents dans l\u2019\u00e9ducation de leurs enfants lors de la pand\u00e9mie \u00e0 coronavirus, le Chef de l\u2019Etat avait d\u00e9cid\u00e9, pour le compte de l\u2019ann\u00e9e scolaire 2021-2022, la suppression des frais de scolarit\u00e9 dans l\u2019enseignement secondaire public.<\/p>\n\n\n<div class=\"wp-block-image\">\n<figure class=\"aligncenter size-full\"><img loading=\"lazy\" decoding=\"async\" width=\"851\" height=\"315\" src=\"https:\/\/macite.tg\/wp-content\/uploads\/2025\/05\/OTR_Ferer-pour-batir-1-2.jpg\" alt=\"\" class=\"wp-image-22346\" srcset=\"https:\/\/macite.tg\/wp-content\/uploads\/2025\/05\/OTR_Ferer-pour-batir-1-2.jpg 851w, https:\/\/macite.tg\/wp-content\/uploads\/2025\/05\/OTR_Ferer-pour-batir-1-2-300x111.jpg 300w, https:\/\/macite.tg\/wp-content\/uploads\/2025\/05\/OTR_Ferer-pour-batir-1-2-768x284.jpg 768w\" sizes=\"auto, (max-width: 851px) 100vw, 851px\" \/><\/figure>\n<\/div>\n\n\n<p class=\"wp-block-paragraph\">Par ailleurs, pour la sant\u00e9 des apprenants, une assurance maladie a \u00e9t\u00e9 institu\u00e9e \u00e0 leur profit \u00e0 travers le Programme School Assur.<\/p>\n\n\n\n<p class=\"wp-block-paragraph\"><strong>3. Promotion de l\u2019excellence<\/strong><\/p>\n\n\n\n<p class=\"wp-block-paragraph\">\u00c0 travers des programmes comme le Programme de l\u2019excellence acad\u00e9mique et du leadership de la fille togolaise, 794 jeunes filles ont b\u00e9n\u00e9fici\u00e9 d\u2019un accompagnement renforc\u00e9. Et chaque ann\u00e9e, la Journ\u00e9e internationale de la fille, c\u00e9l\u00e9br\u00e9e le 11 octobre, permet de mettre les projecteurs sur les meilleures \u00e9l\u00e8ves de l\u2019ensemble du territoire.<\/p>\n\n\n\n<p class=\"wp-block-paragraph\">Pour l\u2019\u00e9dition 2024, 25 meilleures \u00e9l\u00e8ves du Grand-Lom\u00e9 et 60 issues des r\u00e9gions \u00e9ducatives ont \u00e9t\u00e9 r\u00e9compens\u00e9es pour leurs performances au BEPC et au BAC II. Le Programme d\u2019excellence pour les femmes en Afrique (PEFA), une initiative du Pr\u00e9sident du Conseil pour encourager l\u2019excellence et offrir davantage de chances de r\u00e9ussite \u00e0 la gent f\u00e9minine togolaise, lanc\u00e9 en mars 2021, a \u00e9galement contribu\u00e9 \u00e0 la scolarisation des filles.<\/p>\n\n\n\n<p class=\"wp-block-paragraph\"><strong>4. Am\u00e9lioration du cadre juridique protecteur des jeunes filles<\/strong><\/p>\n\n\n\n<p class=\"wp-block-paragraph\">L\u2019am\u00e9lioration du cadre juridique \u00e0 travers la r\u00e9vision et l\u2019adoption de nouveaux textes visent \u00e0 promouvoir la scolarisation des jeunes filles.<\/p>\n\n\n<div class=\"wp-block-image\">\n<figure class=\"aligncenter size-full is-resized\"><img loading=\"lazy\" decoding=\"async\" width=\"500\" height=\"304\" src=\"https:\/\/macite.tg\/wp-content\/uploads\/2025\/05\/OTR_SAM-2.jpg\" alt=\"\" class=\"wp-image-22378\" style=\"width:683px;height:auto\" srcset=\"https:\/\/macite.tg\/wp-content\/uploads\/2025\/05\/OTR_SAM-2.jpg 500w, https:\/\/macite.tg\/wp-content\/uploads\/2025\/05\/OTR_SAM-2-300x182.jpg 300w\" sizes=\"auto, (max-width: 500px) 100vw, 500px\" \/><\/figure>\n<\/div>\n\n\n<p class=\"wp-block-paragraph\">Il s\u2019agit notamment de :<\/p>\n\n\n\n<p class=\"wp-block-paragraph\">&#8211; La loi n\u00b02022-020 du 02 d\u00e9cembre 2022 portant protection des apprenants contre les violences \u00e0 caract\u00e8re sexuel ;<\/p>\n\n\n\n<p class=\"wp-block-paragraph\">&#8211; La d\u00e9cision n\u00b0033\/MEPSTA\/CAB\/SG du 21 mars 2022 portant abrogation de la circulaire n\u00b08478\/MEN-RS du 15 d\u00e9cembre 1978 portant exclusion de l\u2019\u00e9cole des jeunes filles enceintes.<\/p>\n\n\n\n<p class=\"wp-block-paragraph\">&nbsp;Somme toute, la soci\u00e9t\u00e9 togolaise fait d\u00e9sormais corps avec la condition f\u00e9minine, sur fond d\u2019engagements pluriels et de politiques publiques ambitieuses qui portent leur fruit.<\/p>\n\n\n\n<p class=\"wp-block-paragraph\"><strong>Samir<\/strong><\/p>\n\n\n\n<p class=\"wp-block-paragraph\"><a><strong><em>@macite.tg&nbsp;&nbsp;&nbsp;&nbsp;&nbsp;&nbsp;&nbsp;&nbsp;<\/em><\/strong><\/a><\/p>\n\n\n\n<p class=\"wp-block-paragraph\"><strong><em>E-mail&nbsp;: <\/em><\/strong><a href=\"mailto:maciteinfo@gmail.com\"><strong><em>maciteinfo@gmail.com<\/em><\/strong><\/a><strong><em>; <\/em><\/strong><a href=\"mailto:bawela1@gmail.com\"><strong><em>bawela1@gmail.com<\/em><\/strong><\/a><strong><em> <\/em><\/strong><strong><em><\/em><\/strong><\/p>\n\n\n\n<p class=\"wp-block-paragraph\"><strong><em>Pour vos annonces, (publi)reportages, etc., joignez-nous au (00228)91515309\/<strong>79872224 <\/strong>www.macite.tg, L\u2019information, la bonne&nbsp;!<\/em><\/strong><\/p>\n","protected":false},"excerpt":{"rendered":"<p class=\"text-justify mb-2\" >Le Gouvernement togolais, sous l\u2019impulsion de Son Excellence Monsieur le Pr\u00e9sident de la R\u00e9publique, aujourd\u2019hui Pr\u00e9sident du Conseil, s\u2019est r\u00e9solument engag\u00e9 dans la promotion de l\u2019\u00e9ducation des filles. Gr\u00e2ce \u00e0 une volont\u00e9 politique forte, le pays ouvre les portes de l\u2019\u00e9cole \u00e0 toutes les jeunes [&hellip;]<\/p>\n","protected":false},"author":2,"featured_media":22427,"comment_status":"open","ping_status":"open","sticky":false,"template":"","format":"standard","meta":{"footnotes":""},"categories":[20,4],"tags":[],"class_list":["post-22426","post","type-post","status-publish","format-standard","has-post-thumbnail","hentry","category-actualite","category-education"],"yoast_head":"<!-- This site is optimized with the Yoast SEO plugin v28.4 - https:\/\/yoast.com\/product\/yoast-seo-wordpress\/ -->\n<title>TOGO \/ ACCES A UNE EDUCATION EQUITABLE\u00a0: Faire de l\u2019\u00e9ducation des filles une priorit\u00e9 absolue -<\/title>\n<meta name=\"robots\" content=\"index, follow, max-snippet:-1, max-image-preview:large, max-video-preview:-1\" \/>\n<link rel=\"canonical\" href=\"https:\/\/macite.tg\/?p=22426\" \/>\n<meta property=\"og:locale\" content=\"fr_FR\" \/>\n<meta property=\"og:type\" content=\"article\" \/>\n<meta property=\"og:title\" content=\"TOGO \/ ACCES A UNE EDUCATION EQUITABLE\u00a0: Faire de l\u2019\u00e9ducation des filles une priorit\u00e9 absolue -\" \/>\n<meta property=\"og:description\" content=\"Le Gouvernement togolais, sous l\u2019impulsion de Son Excellence Monsieur le Pr\u00e9sident de la R\u00e9publique, aujourd\u2019hui Pr\u00e9sident du Conseil, s\u2019est r\u00e9solument engag\u00e9 dans la promotion de l\u2019\u00e9ducation des filles. Gr\u00e2ce \u00e0 une volont\u00e9 politique forte, le pays ouvre les portes de l\u2019\u00e9cole \u00e0 toutes les jeunes [&hellip;]\" \/>\n<meta property=\"og:url\" content=\"https:\/\/macite.tg\/?p=22426\" \/>\n<meta property=\"article:published_time\" content=\"2025-05-28T16:06:59+00:00\" \/>\n<meta property=\"article:modified_time\" content=\"2025-05-28T16:07:07+00:00\" \/>\n<meta property=\"og:image\" content=\"https:\/\/macite.tg\/wp-content\/uploads\/2025\/05\/image-99.png\" \/>\n\t<meta property=\"og:image:width\" content=\"378\" \/>\n\t<meta property=\"og:image:height\" content=\"270\" \/>\n\t<meta property=\"og:image:type\" content=\"image\/png\" \/>\n<meta name=\"author\" content=\"Jean Pierre BAWELA\" \/>\n<meta name=\"twitter:card\" content=\"summary_large_image\" \/>\n<meta name=\"twitter:label1\" content=\"\u00c9crit par\" \/>\n\t<meta name=\"twitter:data1\" content=\"Jean Pierre BAWELA\" \/>\n\t<meta name=\"twitter:label2\" content=\"Dur\u00e9e de lecture estim\u00e9e\" \/>\n\t<meta name=\"twitter:data2\" content=\"5 minutes\" \/>\n<script type=\"application\/ld+json\" class=\"yoast-schema-graph\">{\"@context\":\"https:\\\/\\\/schema.org\",\"@graph\":[{\"@type\":\"Article\",\"@id\":\"https:\\\/\\\/macite.tg\\\/?p=22426#article\",\"isPartOf\":{\"@id\":\"https:\\\/\\\/macite.tg\\\/?p=22426\"},\"author\":{\"name\":\"Jean Pierre BAWELA\",\"@id\":\"https:\\\/\\\/macite.tg\\\/#\\\/schema\\\/person\\\/e9f2de7e5dbbe7770a9402c7ce82f5c2\"},\"headline\":\"TOGO \\\/ ACCES A UNE EDUCATION EQUITABLE\u00a0: Faire de l\u2019\u00e9ducation des filles une priorit\u00e9 absolue\",\"datePublished\":\"2025-05-28T16:06:59+00:00\",\"dateModified\":\"2025-05-28T16:07:07+00:00\",\"mainEntityOfPage\":{\"@id\":\"https:\\\/\\\/macite.tg\\\/?p=22426\"},\"wordCount\":722,\"commentCount\":1,\"image\":{\"@id\":\"https:\\\/\\\/macite.tg\\\/?p=22426#primaryimage\"},\"thumbnailUrl\":\"https:\\\/\\\/macite.tg\\\/wp-content\\\/uploads\\\/2025\\\/05\\\/image-99.png\",\"articleSection\":[\"ACTUALITE\",\"EDUCATION\"],\"inLanguage\":\"fr-FR\",\"potentialAction\":[{\"@type\":\"CommentAction\",\"name\":\"Comment\",\"target\":[\"https:\\\/\\\/macite.tg\\\/?p=22426#respond\"]}]},{\"@type\":\"WebPage\",\"@id\":\"https:\\\/\\\/macite.tg\\\/?p=22426\",\"url\":\"https:\\\/\\\/macite.tg\\\/?p=22426\",\"name\":\"TOGO \\\/ ACCES A UNE EDUCATION EQUITABLE\u00a0: Faire de l\u2019\u00e9ducation des filles une priorit\u00e9 absolue -\",\"isPartOf\":{\"@id\":\"https:\\\/\\\/macite.tg\\\/#website\"},\"primaryImageOfPage\":{\"@id\":\"https:\\\/\\\/macite.tg\\\/?p=22426#primaryimage\"},\"image\":{\"@id\":\"https:\\\/\\\/macite.tg\\\/?p=22426#primaryimage\"},\"thumbnailUrl\":\"https:\\\/\\\/macite.tg\\\/wp-content\\\/uploads\\\/2025\\\/05\\\/image-99.png\",\"datePublished\":\"2025-05-28T16:06:59+00:00\",\"dateModified\":\"2025-05-28T16:07:07+00:00\",\"author\":{\"@id\":\"https:\\\/\\\/macite.tg\\\/#\\\/schema\\\/person\\\/e9f2de7e5dbbe7770a9402c7ce82f5c2\"},\"breadcrumb\":{\"@id\":\"https:\\\/\\\/macite.tg\\\/?p=22426#breadcrumb\"},\"inLanguage\":\"fr-FR\",\"potentialAction\":[{\"@type\":\"ReadAction\",\"target\":[\"https:\\\/\\\/macite.tg\\\/?p=22426\"]}]},{\"@type\":\"ImageObject\",\"inLanguage\":\"fr-FR\",\"@id\":\"https:\\\/\\\/macite.tg\\\/?p=22426#primaryimage\",\"url\":\"https:\\\/\\\/macite.tg\\\/wp-content\\\/uploads\\\/2025\\\/05\\\/image-99.png\",\"contentUrl\":\"https:\\\/\\\/macite.tg\\\/wp-content\\\/uploads\\\/2025\\\/05\\\/image-99.png\",\"width\":378,\"height\":270,\"caption\":\"Des \u00e9l\u00e8ves en classe (Photo archives)\"},{\"@type\":\"BreadcrumbList\",\"@id\":\"https:\\\/\\\/macite.tg\\\/?p=22426#breadcrumb\",\"itemListElement\":[{\"@type\":\"ListItem\",\"position\":1,\"name\":\"Accueil\",\"item\":\"https:\\\/\\\/macite.tg\\\/\"},{\"@type\":\"ListItem\",\"position\":2,\"name\":\"TOGO \\\/ ACCES A UNE EDUCATION EQUITABLE\u00a0: Faire de l\u2019\u00e9ducation des filles une priorit\u00e9 absolue\"}]},{\"@type\":\"WebSite\",\"@id\":\"https:\\\/\\\/macite.tg\\\/#website\",\"url\":\"https:\\\/\\\/macite.tg\\\/\",\"name\":\"\",\"description\":\"L&#039;information, la bonne!!!\",\"potentialAction\":[{\"@type\":\"SearchAction\",\"target\":{\"@type\":\"EntryPoint\",\"urlTemplate\":\"https:\\\/\\\/macite.tg\\\/?s={search_term_string}\"},\"query-input\":{\"@type\":\"PropertyValueSpecification\",\"valueRequired\":true,\"valueName\":\"search_term_string\"}}],\"inLanguage\":\"fr-FR\"},{\"@type\":\"Person\",\"@id\":\"https:\\\/\\\/macite.tg\\\/#\\\/schema\\\/person\\\/e9f2de7e5dbbe7770a9402c7ce82f5c2\",\"name\":\"Jean Pierre BAWELA\",\"image\":{\"@type\":\"ImageObject\",\"inLanguage\":\"fr-FR\",\"@id\":\"https:\\\/\\\/macite.tg\\\/wp-content\\\/uploads\\\/2023\\\/09\\\/WhatsApp-Image-2023-09-19-at-14.44.41-122x122.jpeg\",\"url\":\"https:\\\/\\\/macite.tg\\\/wp-content\\\/uploads\\\/2023\\\/09\\\/WhatsApp-Image-2023-09-19-at-14.44.41-122x122.jpeg\",\"contentUrl\":\"https:\\\/\\\/macite.tg\\\/wp-content\\\/uploads\\\/2023\\\/09\\\/WhatsApp-Image-2023-09-19-at-14.44.41-122x122.jpeg\",\"caption\":\"Jean Pierre BAWELA\"},\"url\":\"https:\\\/\\\/macite.tg\\\/?author=2\"}]}<\/script>\n<!-- \/ Yoast SEO plugin. -->","yoast_head_json":{"title":"TOGO \/ ACCES A UNE EDUCATION EQUITABLE\u00a0: Faire de l\u2019\u00e9ducation des filles une priorit\u00e9 absolue -","robots":{"index":"index","follow":"follow","max-snippet":"max-snippet:-1","max-image-preview":"max-image-preview:large","max-video-preview":"max-video-preview:-1"},"canonical":"https:\/\/macite.tg\/?p=22426","og_locale":"fr_FR","og_type":"article","og_title":"TOGO \/ ACCES A UNE EDUCATION EQUITABLE\u00a0: Faire de l\u2019\u00e9ducation des filles une priorit\u00e9 absolue -","og_description":"Le Gouvernement togolais, sous l\u2019impulsion de Son Excellence Monsieur le Pr\u00e9sident de la R\u00e9publique, aujourd\u2019hui Pr\u00e9sident du Conseil, s\u2019est r\u00e9solument engag\u00e9 dans la promotion de l\u2019\u00e9ducation des filles. Gr\u00e2ce \u00e0 une volont\u00e9 politique forte, le pays ouvre les portes de l\u2019\u00e9cole \u00e0 toutes les jeunes [&hellip;]","og_url":"https:\/\/macite.tg\/?p=22426","article_published_time":"2025-05-28T16:06:59+00:00","article_modified_time":"2025-05-28T16:07:07+00:00","og_image":[{"width":378,"height":270,"url":"https:\/\/macite.tg\/wp-content\/uploads\/2025\/05\/image-99.png","type":"image\/png"}],"author":"Jean Pierre BAWELA","twitter_card":"summary_large_image","twitter_misc":{"\u00c9crit par":"Jean Pierre BAWELA","Dur\u00e9e de lecture estim\u00e9e":"5 minutes"},"schema":{"@context":"https:\/\/schema.org","@graph":[{"@type":"Article","@id":"https:\/\/macite.tg\/?p=22426#article","isPartOf":{"@id":"https:\/\/macite.tg\/?p=22426"},"author":{"name":"Jean Pierre BAWELA","@id":"https:\/\/macite.tg\/#\/schema\/person\/e9f2de7e5dbbe7770a9402c7ce82f5c2"},"headline":"TOGO \/ ACCES A UNE EDUCATION EQUITABLE\u00a0: Faire de l\u2019\u00e9ducation des filles une priorit\u00e9 absolue","datePublished":"2025-05-28T16:06:59+00:00","dateModified":"2025-05-28T16:07:07+00:00","mainEntityOfPage":{"@id":"https:\/\/macite.tg\/?p=22426"},"wordCount":722,"commentCount":1,"image":{"@id":"https:\/\/macite.tg\/?p=22426#primaryimage"},"thumbnailUrl":"https:\/\/macite.tg\/wp-content\/uploads\/2025\/05\/image-99.png","articleSection":["ACTUALITE","EDUCATION"],"inLanguage":"fr-FR","potentialAction":[{"@type":"CommentAction","name":"Comment","target":["https:\/\/macite.tg\/?p=22426#respond"]}]},{"@type":"WebPage","@id":"https:\/\/macite.tg\/?p=22426","url":"https:\/\/macite.tg\/?p=22426","name":"TOGO \/ ACCES A UNE EDUCATION EQUITABLE\u00a0: Faire de l\u2019\u00e9ducation des filles une priorit\u00e9 absolue -","isPartOf":{"@id":"https:\/\/macite.tg\/#website"},"primaryImageOfPage":{"@id":"https:\/\/macite.tg\/?p=22426#primaryimage"},"image":{"@id":"https:\/\/macite.tg\/?p=22426#primaryimage"},"thumbnailUrl":"https:\/\/macite.tg\/wp-content\/uploads\/2025\/05\/image-99.png","datePublished":"2025-05-28T16:06:59+00:00","dateModified":"2025-05-28T16:07:07+00:00","author":{"@id":"https:\/\/macite.tg\/#\/schema\/person\/e9f2de7e5dbbe7770a9402c7ce82f5c2"},"breadcrumb":{"@id":"https:\/\/macite.tg\/?p=22426#breadcrumb"},"inLanguage":"fr-FR","potentialAction":[{"@type":"ReadAction","target":["https:\/\/macite.tg\/?p=22426"]}]},{"@type":"ImageObject","inLanguage":"fr-FR","@id":"https:\/\/macite.tg\/?p=22426#primaryimage","url":"https:\/\/macite.tg\/wp-content\/uploads\/2025\/05\/image-99.png","contentUrl":"https:\/\/macite.tg\/wp-content\/uploads\/2025\/05\/image-99.png","width":378,"height":270,"caption":"Des \u00e9l\u00e8ves en classe (Photo archives)"},{"@type":"BreadcrumbList","@id":"https:\/\/macite.tg\/?p=22426#breadcrumb","itemListElement":[{"@type":"ListItem","position":1,"name":"Accueil","item":"https:\/\/macite.tg\/"},{"@type":"ListItem","position":2,"name":"TOGO \/ ACCES A UNE EDUCATION EQUITABLE\u00a0: Faire de l\u2019\u00e9ducation des filles une priorit\u00e9 absolue"}]},{"@type":"WebSite","@id":"https:\/\/macite.tg\/#website","url":"https:\/\/macite.tg\/","name":"","description":"L&#039;information, la bonne!!!","potentialAction":[{"@type":"SearchAction","target":{"@type":"EntryPoint","urlTemplate":"https:\/\/macite.tg\/?s={search_term_string}"},"query-input":{"@type":"PropertyValueSpecification","valueRequired":true,"valueName":"search_term_string"}}],"inLanguage":"fr-FR"},{"@type":"Person","@id":"https:\/\/macite.tg\/#\/schema\/person\/e9f2de7e5dbbe7770a9402c7ce82f5c2","name":"Jean Pierre BAWELA","image":{"@type":"ImageObject","inLanguage":"fr-FR","@id":"https:\/\/macite.tg\/wp-content\/uploads\/2023\/09\/WhatsApp-Image-2023-09-19-at-14.44.41-122x122.jpeg","url":"https:\/\/macite.tg\/wp-content\/uploads\/2023\/09\/WhatsApp-Image-2023-09-19-at-14.44.41-122x122.jpeg","contentUrl":"https:\/\/macite.tg\/wp-content\/uploads\/2023\/09\/WhatsApp-Image-2023-09-19-at-14.44.41-122x122.jpeg","caption":"Jean Pierre BAWELA"},"url":"https:\/\/macite.tg\/?author=2"}]}},"_links":{"self":[{"href":"https:\/\/macite.tg\/index.php?rest_route=\/wp\/v2\/posts\/22426","targetHints":{"allow":["GET"]}}],"collection":[{"href":"https:\/\/macite.tg\/index.php?rest_route=\/wp\/v2\/posts"}],"about":[{"href":"https:\/\/macite.tg\/index.php?rest_route=\/wp\/v2\/types\/post"}],"author":[{"embeddable":true,"href":"https:\/\/macite.tg\/index.php?rest_route=\/wp\/v2\/users\/2"}],"replies":[{"embeddable":true,"href":"https:\/\/macite.tg\/index.php?rest_route=%2Fwp%2Fv2%2Fcomments&post=22426"}],"version-history":[{"count":0,"href":"https:\/\/macite.tg\/index.php?rest_route=\/wp\/v2\/posts\/22426\/revisions"}],"wp:featuredmedia":[{"embeddable":true,"href":"https:\/\/macite.tg\/index.php?rest_route=\/wp\/v2\/media\/22427"}],"wp:attachment":[{"href":"https:\/\/macite.tg\/index.php?rest_route=%2Fwp%2Fv2%2Fmedia&parent=22426"}],"wp:term":[{"taxonomy":"category","embeddable":true,"href":"https:\/\/macite.tg\/index.php?rest_route=%2Fwp%2Fv2%2Fcategories&post=22426"},{"taxonomy":"post_tag","embeddable":true,"href":"https:\/\/macite.tg\/index.php?rest_route=%2Fwp%2Fv2%2Ftags&post=22426"}],"curies":[{"name":"wp","href":"https:\/\/api.w.org\/{rel}","templated":true}]}}