{"id":22424,"date":"2025-05-28T15:55:17","date_gmt":"2025-05-28T15:55:17","guid":{"rendered":"https:\/\/macite.tg\/?p=22424"},"modified":"2025-05-28T15:55:24","modified_gmt":"2025-05-28T15:55:24","slug":"propriete-fonciere-les-detenteurs-de-titres-fonciers-datant-davant-2007-appeles-a-regulariser-leur-situation","status":"publish","type":"post","link":"https:\/\/macite.tg\/?p=22424","title":{"rendered":"PROPRIETE FONCIERE : Les d\u00e9tenteurs de titres fonciers datant d\u2019avant 2007 appel\u00e9s \u00e0 r\u00e9gulariser leur situation"},"content":{"rendered":"\n<p class=\"wp-block-paragraph\"><strong><em>Les titres fonciers d\u00e9livr\u00e9s avant 2007 ne sont pas g\u00e9or\u00e9f\u00e9renc\u00e9s, en se r\u00e9f\u00e9rant aux dispositions en vigueur en mati\u00e8re fonci\u00e8re. Pour la mise \u00e0 jour de ces documents essentiels, l\u2019Office Togolais des Recettes (OTR) appelle les d\u00e9tenteurs de ces titres fonciers non r\u00e9f\u00e9renc\u00e9s \u00e0 proc\u00e9der \u00e0 la mise \u00e0 jour de leurs documents.<\/em><\/strong><\/p>\n\n\n\n<p class=\"wp-block-paragraph\">Dans un communiqu\u00e9 en date du 21 mai 2025, l\u2019OTR invite <em>\u00ab&nbsp;les d\u00e9tenteurs des titres fonciers non g\u00e9or\u00e9f\u00e9renc\u00e9s, notamment ceux ant\u00e9rieurs \u00e0 2007&nbsp;\u00e0 saisir les services du cadastre et de la conservation fonci\u00e8re \u00e0 Lom\u00e9 ou dans les chefs-lieux de r\u00e9gions en vue des formalit\u00e9s de g\u00e9or\u00e9f\u00e9rencement et de mise \u00e0 jour&nbsp;\u00bb<\/em>.<\/p>\n\n\n<div class=\"wp-block-image\">\n<figure class=\"aligncenter size-full\"><img loading=\"lazy\" decoding=\"async\" width=\"851\" height=\"315\" src=\"https:\/\/macite.tg\/wp-content\/uploads\/2025\/05\/OTR_Ferer-pour-batir-1-2.jpg\" alt=\"\" class=\"wp-image-22346\" srcset=\"https:\/\/macite.tg\/wp-content\/uploads\/2025\/05\/OTR_Ferer-pour-batir-1-2.jpg 851w, https:\/\/macite.tg\/wp-content\/uploads\/2025\/05\/OTR_Ferer-pour-batir-1-2-300x111.jpg 300w, https:\/\/macite.tg\/wp-content\/uploads\/2025\/05\/OTR_Ferer-pour-batir-1-2-768x284.jpg 768w\" sizes=\"auto, (max-width: 851px) 100vw, 851px\" \/><\/figure>\n<\/div>\n\n\n<p class=\"wp-block-paragraph\">Ce processus de mise \u00e0 jour, pr\u00e9cise l\u2019Office va occasionner <em>\u00ab&nbsp;des frais forfaitaires unique de trente-cinq mille (35.000) francs CFA par dossier&nbsp;\u00bb<\/em>.<\/p>\n\n\n\n<p class=\"wp-block-paragraph\">Il s\u2019agit, via cette op\u00e9ration, de proc\u00e9der \u00e0 une meilleure s\u00e9curisation des propri\u00e9t\u00e9s fonci\u00e8res, \u00e0 travers leur g\u00e9or\u00e9f\u00e9rencement. Il s\u2019agit d\u2019un processus permettant de localiser pr\u00e9cis\u00e9ment chaque parcelle \u00e0 l\u2019aide de coordonn\u00e9es g\u00e9ographiques. Ceci participe au renforcement de la gestion domaniale, et \u00e0 la r\u00e9duction des conflits fonciers, notamment ceux li\u00e9s aux limites de terrain.<\/p>\n\n\n<div class=\"wp-block-image\">\n<figure class=\"aligncenter size-full is-resized\"><img loading=\"lazy\" decoding=\"async\" width=\"500\" height=\"304\" src=\"https:\/\/macite.tg\/wp-content\/uploads\/2025\/05\/OTR_SAM-2.jpg\" alt=\"\" class=\"wp-image-22378\" style=\"width:613px;height:auto\" srcset=\"https:\/\/macite.tg\/wp-content\/uploads\/2025\/05\/OTR_SAM-2.jpg 500w, https:\/\/macite.tg\/wp-content\/uploads\/2025\/05\/OTR_SAM-2-300x182.jpg 300w\" sizes=\"auto, (max-width: 500px) 100vw, 500px\" \/><\/figure>\n<\/div>\n\n\n<p class=\"wp-block-paragraph\">Notons que p\u00e9riodiquement, l\u2019administration fiscale organise des op\u00e9rations d\u2019enregistrement de plans parcellaires, de titres fonciers et droits de propri\u00e9t\u00e9 \u00e0 travers le territoire national, ceci pour renforcer la s\u00e9curisation fonci\u00e8re.<\/p>\n\n\n\n<p class=\"wp-block-paragraph\"><strong>JPB<\/strong><\/p>\n\n\n\n<p class=\"wp-block-paragraph\"><a><strong><em>@macite.tg&nbsp;&nbsp;&nbsp;&nbsp;&nbsp;&nbsp;&nbsp;&nbsp;<\/em><\/strong><\/a><\/p>\n\n\n\n<p class=\"wp-block-paragraph\"><strong><em>E-mail&nbsp;: <\/em><\/strong><a href=\"mailto:maciteinfo@gmail.com\"><strong><em>maciteinfo@gmail.com<\/em><\/strong><\/a><strong><em>; <\/em><\/strong><a href=\"mailto:bawela1@gmail.com\"><strong><em>bawela1@gmail.com<\/em><\/strong><\/a><strong><em><\/em><\/strong><\/p>\n\n\n\n<p class=\"wp-block-paragraph\"><strong><em>Pour vos annonces, (publi)reportages, etc., joignez-nous au (00228)91515309\/<\/em><\/strong><strong><em>79872224 <\/em><\/strong><strong><em>www.macite.tg, L\u2019information, la bonne&nbsp;!<\/em><\/strong><\/p>\n\n\n\n<p class=\"wp-block-paragraph\"><\/p>\n","protected":false},"excerpt":{"rendered":"<p class=\"text-justify mb-2\" >Les titres fonciers d\u00e9livr\u00e9s avant 2007 ne sont pas g\u00e9or\u00e9f\u00e9renc\u00e9s, en se r\u00e9f\u00e9rant aux dispositions en vigueur en mati\u00e8re fonci\u00e8re. Pour la mise \u00e0 jour de ces documents essentiels, l\u2019Office Togolais des Recettes (OTR) appelle les d\u00e9tenteurs de ces titres fonciers non r\u00e9f\u00e9renc\u00e9s \u00e0 proc\u00e9der [&hellip;]<\/p>\n","protected":false},"author":2,"featured_media":22358,"comment_status":"open","ping_status":"open","sticky":false,"template":"","format":"standard","meta":{"footnotes":""},"categories":[20,37],"tags":[],"class_list":["post-22424","post","type-post","status-publish","format-standard","has-post-thumbnail","hentry","category-actualite","category-foncier"],"yoast_head":"<!-- This site is optimized with the Yoast SEO plugin v28.4 - https:\/\/yoast.com\/product\/yoast-seo-wordpress\/ -->\n<title>PROPRIETE FONCIERE : Les d\u00e9tenteurs de titres fonciers datant d\u2019avant 2007 appel\u00e9s \u00e0 r\u00e9gulariser leur situation -<\/title>\n<meta name=\"robots\" content=\"index, follow, max-snippet:-1, max-image-preview:large, max-video-preview:-1\" \/>\n<link rel=\"canonical\" href=\"https:\/\/macite.tg\/?p=22424\" \/>\n<meta property=\"og:locale\" content=\"fr_FR\" \/>\n<meta property=\"og:type\" content=\"article\" \/>\n<meta property=\"og:title\" content=\"PROPRIETE FONCIERE : Les d\u00e9tenteurs de titres fonciers datant d\u2019avant 2007 appel\u00e9s \u00e0 r\u00e9gulariser leur situation -\" \/>\n<meta property=\"og:description\" content=\"Les titres fonciers d\u00e9livr\u00e9s avant 2007 ne sont pas g\u00e9or\u00e9f\u00e9renc\u00e9s, en se r\u00e9f\u00e9rant aux dispositions en vigueur en mati\u00e8re fonci\u00e8re. Pour la mise \u00e0 jour de ces documents essentiels, l\u2019Office Togolais des Recettes (OTR) appelle les d\u00e9tenteurs de ces titres fonciers non r\u00e9f\u00e9renc\u00e9s \u00e0 proc\u00e9der [&hellip;]\" \/>\n<meta property=\"og:url\" content=\"https:\/\/macite.tg\/?p=22424\" \/>\n<meta property=\"article:published_time\" content=\"2025-05-28T15:55:17+00:00\" \/>\n<meta property=\"article:modified_time\" content=\"2025-05-28T15:55:24+00:00\" \/>\n<meta property=\"og:image\" content=\"https:\/\/macite.tg\/wp-content\/uploads\/2025\/05\/Geo-ref.png\" \/>\n\t<meta property=\"og:image:width\" content=\"1080\" \/>\n\t<meta property=\"og:image:height\" content=\"1080\" \/>\n\t<meta property=\"og:image:type\" content=\"image\/png\" \/>\n<meta name=\"author\" content=\"Jean Pierre BAWELA\" \/>\n<meta name=\"twitter:card\" content=\"summary_large_image\" \/>\n<meta name=\"twitter:label1\" content=\"\u00c9crit par\" \/>\n\t<meta name=\"twitter:data1\" content=\"Jean Pierre BAWELA\" \/>\n\t<meta name=\"twitter:label2\" content=\"Dur\u00e9e de lecture estim\u00e9e\" \/>\n\t<meta name=\"twitter:data2\" content=\"2 minutes\" \/>\n<script type=\"application\/ld+json\" class=\"yoast-schema-graph\">{\"@context\":\"https:\\\/\\\/schema.org\",\"@graph\":[{\"@type\":\"Article\",\"@id\":\"https:\\\/\\\/macite.tg\\\/?p=22424#article\",\"isPartOf\":{\"@id\":\"https:\\\/\\\/macite.tg\\\/?p=22424\"},\"author\":{\"name\":\"Jean Pierre BAWELA\",\"@id\":\"https:\\\/\\\/macite.tg\\\/#\\\/schema\\\/person\\\/e9f2de7e5dbbe7770a9402c7ce82f5c2\"},\"headline\":\"PROPRIETE FONCIERE : Les d\u00e9tenteurs de titres fonciers datant d\u2019avant 2007 appel\u00e9s \u00e0 r\u00e9gulariser leur situation\",\"datePublished\":\"2025-05-28T15:55:17+00:00\",\"dateModified\":\"2025-05-28T15:55:24+00:00\",\"mainEntityOfPage\":{\"@id\":\"https:\\\/\\\/macite.tg\\\/?p=22424\"},\"wordCount\":308,\"commentCount\":0,\"image\":{\"@id\":\"https:\\\/\\\/macite.tg\\\/?p=22424#primaryimage\"},\"thumbnailUrl\":\"https:\\\/\\\/macite.tg\\\/wp-content\\\/uploads\\\/2025\\\/05\\\/Geo-ref.png\",\"articleSection\":[\"ACTUALITE\",\"FONCIER\"],\"inLanguage\":\"fr-FR\",\"potentialAction\":[{\"@type\":\"CommentAction\",\"name\":\"Comment\",\"target\":[\"https:\\\/\\\/macite.tg\\\/?p=22424#respond\"]}]},{\"@type\":\"WebPage\",\"@id\":\"https:\\\/\\\/macite.tg\\\/?p=22424\",\"url\":\"https:\\\/\\\/macite.tg\\\/?p=22424\",\"name\":\"PROPRIETE FONCIERE : Les d\u00e9tenteurs de titres fonciers datant d\u2019avant 2007 appel\u00e9s \u00e0 r\u00e9gulariser leur situation -\",\"isPartOf\":{\"@id\":\"https:\\\/\\\/macite.tg\\\/#website\"},\"primaryImageOfPage\":{\"@id\":\"https:\\\/\\\/macite.tg\\\/?p=22424#primaryimage\"},\"image\":{\"@id\":\"https:\\\/\\\/macite.tg\\\/?p=22424#primaryimage\"},\"thumbnailUrl\":\"https:\\\/\\\/macite.tg\\\/wp-content\\\/uploads\\\/2025\\\/05\\\/Geo-ref.png\",\"datePublished\":\"2025-05-28T15:55:17+00:00\",\"dateModified\":\"2025-05-28T15:55:24+00:00\",\"author\":{\"@id\":\"https:\\\/\\\/macite.tg\\\/#\\\/schema\\\/person\\\/e9f2de7e5dbbe7770a9402c7ce82f5c2\"},\"breadcrumb\":{\"@id\":\"https:\\\/\\\/macite.tg\\\/?p=22424#breadcrumb\"},\"inLanguage\":\"fr-FR\",\"potentialAction\":[{\"@type\":\"ReadAction\",\"target\":[\"https:\\\/\\\/macite.tg\\\/?p=22424\"]}]},{\"@type\":\"ImageObject\",\"inLanguage\":\"fr-FR\",\"@id\":\"https:\\\/\\\/macite.tg\\\/?p=22424#primaryimage\",\"url\":\"https:\\\/\\\/macite.tg\\\/wp-content\\\/uploads\\\/2025\\\/05\\\/Geo-ref.png\",\"contentUrl\":\"https:\\\/\\\/macite.tg\\\/wp-content\\\/uploads\\\/2025\\\/05\\\/Geo-ref.png\",\"width\":1080,\"height\":1080},{\"@type\":\"BreadcrumbList\",\"@id\":\"https:\\\/\\\/macite.tg\\\/?p=22424#breadcrumb\",\"itemListElement\":[{\"@type\":\"ListItem\",\"position\":1,\"name\":\"Accueil\",\"item\":\"https:\\\/\\\/macite.tg\\\/\"},{\"@type\":\"ListItem\",\"position\":2,\"name\":\"PROPRIETE FONCIERE : Les d\u00e9tenteurs de titres fonciers datant d\u2019avant 2007 appel\u00e9s \u00e0 r\u00e9gulariser leur situation\"}]},{\"@type\":\"WebSite\",\"@id\":\"https:\\\/\\\/macite.tg\\\/#website\",\"url\":\"https:\\\/\\\/macite.tg\\\/\",\"name\":\"\",\"description\":\"L&#039;information, la bonne!!!\",\"potentialAction\":[{\"@type\":\"SearchAction\",\"target\":{\"@type\":\"EntryPoint\",\"urlTemplate\":\"https:\\\/\\\/macite.tg\\\/?s={search_term_string}\"},\"query-input\":{\"@type\":\"PropertyValueSpecification\",\"valueRequired\":true,\"valueName\":\"search_term_string\"}}],\"inLanguage\":\"fr-FR\"},{\"@type\":\"Person\",\"@id\":\"https:\\\/\\\/macite.tg\\\/#\\\/schema\\\/person\\\/e9f2de7e5dbbe7770a9402c7ce82f5c2\",\"name\":\"Jean Pierre BAWELA\",\"image\":{\"@type\":\"ImageObject\",\"inLanguage\":\"fr-FR\",\"@id\":\"https:\\\/\\\/macite.tg\\\/wp-content\\\/uploads\\\/2023\\\/09\\\/WhatsApp-Image-2023-09-19-at-14.44.41-122x122.jpeg\",\"url\":\"https:\\\/\\\/macite.tg\\\/wp-content\\\/uploads\\\/2023\\\/09\\\/WhatsApp-Image-2023-09-19-at-14.44.41-122x122.jpeg\",\"contentUrl\":\"https:\\\/\\\/macite.tg\\\/wp-content\\\/uploads\\\/2023\\\/09\\\/WhatsApp-Image-2023-09-19-at-14.44.41-122x122.jpeg\",\"caption\":\"Jean Pierre BAWELA\"},\"url\":\"https:\\\/\\\/macite.tg\\\/?author=2\"}]}<\/script>\n<!-- \/ Yoast SEO plugin. -->","yoast_head_json":{"title":"PROPRIETE FONCIERE : Les d\u00e9tenteurs de titres fonciers datant d\u2019avant 2007 appel\u00e9s \u00e0 r\u00e9gulariser leur situation -","robots":{"index":"index","follow":"follow","max-snippet":"max-snippet:-1","max-image-preview":"max-image-preview:large","max-video-preview":"max-video-preview:-1"},"canonical":"https:\/\/macite.tg\/?p=22424","og_locale":"fr_FR","og_type":"article","og_title":"PROPRIETE FONCIERE : Les d\u00e9tenteurs de titres fonciers datant d\u2019avant 2007 appel\u00e9s \u00e0 r\u00e9gulariser leur situation -","og_description":"Les titres fonciers d\u00e9livr\u00e9s avant 2007 ne sont pas g\u00e9or\u00e9f\u00e9renc\u00e9s, en se r\u00e9f\u00e9rant aux dispositions en vigueur en mati\u00e8re fonci\u00e8re. Pour la mise \u00e0 jour de ces documents essentiels, l\u2019Office Togolais des Recettes (OTR) appelle les d\u00e9tenteurs de ces titres fonciers non r\u00e9f\u00e9renc\u00e9s \u00e0 proc\u00e9der [&hellip;]","og_url":"https:\/\/macite.tg\/?p=22424","article_published_time":"2025-05-28T15:55:17+00:00","article_modified_time":"2025-05-28T15:55:24+00:00","og_image":[{"width":1080,"height":1080,"url":"https:\/\/macite.tg\/wp-content\/uploads\/2025\/05\/Geo-ref.png","type":"image\/png"}],"author":"Jean Pierre BAWELA","twitter_card":"summary_large_image","twitter_misc":{"\u00c9crit par":"Jean Pierre BAWELA","Dur\u00e9e de lecture estim\u00e9e":"2 minutes"},"schema":{"@context":"https:\/\/schema.org","@graph":[{"@type":"Article","@id":"https:\/\/macite.tg\/?p=22424#article","isPartOf":{"@id":"https:\/\/macite.tg\/?p=22424"},"author":{"name":"Jean Pierre BAWELA","@id":"https:\/\/macite.tg\/#\/schema\/person\/e9f2de7e5dbbe7770a9402c7ce82f5c2"},"headline":"PROPRIETE FONCIERE : Les d\u00e9tenteurs de titres fonciers datant d\u2019avant 2007 appel\u00e9s \u00e0 r\u00e9gulariser leur situation","datePublished":"2025-05-28T15:55:17+00:00","dateModified":"2025-05-28T15:55:24+00:00","mainEntityOfPage":{"@id":"https:\/\/macite.tg\/?p=22424"},"wordCount":308,"commentCount":0,"image":{"@id":"https:\/\/macite.tg\/?p=22424#primaryimage"},"thumbnailUrl":"https:\/\/macite.tg\/wp-content\/uploads\/2025\/05\/Geo-ref.png","articleSection":["ACTUALITE","FONCIER"],"inLanguage":"fr-FR","potentialAction":[{"@type":"CommentAction","name":"Comment","target":["https:\/\/macite.tg\/?p=22424#respond"]}]},{"@type":"WebPage","@id":"https:\/\/macite.tg\/?p=22424","url":"https:\/\/macite.tg\/?p=22424","name":"PROPRIETE FONCIERE : Les d\u00e9tenteurs de titres fonciers datant d\u2019avant 2007 appel\u00e9s \u00e0 r\u00e9gulariser leur situation -","isPartOf":{"@id":"https:\/\/macite.tg\/#website"},"primaryImageOfPage":{"@id":"https:\/\/macite.tg\/?p=22424#primaryimage"},"image":{"@id":"https:\/\/macite.tg\/?p=22424#primaryimage"},"thumbnailUrl":"https:\/\/macite.tg\/wp-content\/uploads\/2025\/05\/Geo-ref.png","datePublished":"2025-05-28T15:55:17+00:00","dateModified":"2025-05-28T15:55:24+00:00","author":{"@id":"https:\/\/macite.tg\/#\/schema\/person\/e9f2de7e5dbbe7770a9402c7ce82f5c2"},"breadcrumb":{"@id":"https:\/\/macite.tg\/?p=22424#breadcrumb"},"inLanguage":"fr-FR","potentialAction":[{"@type":"ReadAction","target":["https:\/\/macite.tg\/?p=22424"]}]},{"@type":"ImageObject","inLanguage":"fr-FR","@id":"https:\/\/macite.tg\/?p=22424#primaryimage","url":"https:\/\/macite.tg\/wp-content\/uploads\/2025\/05\/Geo-ref.png","contentUrl":"https:\/\/macite.tg\/wp-content\/uploads\/2025\/05\/Geo-ref.png","width":1080,"height":1080},{"@type":"BreadcrumbList","@id":"https:\/\/macite.tg\/?p=22424#breadcrumb","itemListElement":[{"@type":"ListItem","position":1,"name":"Accueil","item":"https:\/\/macite.tg\/"},{"@type":"ListItem","position":2,"name":"PROPRIETE FONCIERE : Les d\u00e9tenteurs de titres fonciers datant d\u2019avant 2007 appel\u00e9s \u00e0 r\u00e9gulariser leur situation"}]},{"@type":"WebSite","@id":"https:\/\/macite.tg\/#website","url":"https:\/\/macite.tg\/","name":"","description":"L&#039;information, la bonne!!!","potentialAction":[{"@type":"SearchAction","target":{"@type":"EntryPoint","urlTemplate":"https:\/\/macite.tg\/?s={search_term_string}"},"query-input":{"@type":"PropertyValueSpecification","valueRequired":true,"valueName":"search_term_string"}}],"inLanguage":"fr-FR"},{"@type":"Person","@id":"https:\/\/macite.tg\/#\/schema\/person\/e9f2de7e5dbbe7770a9402c7ce82f5c2","name":"Jean Pierre BAWELA","image":{"@type":"ImageObject","inLanguage":"fr-FR","@id":"https:\/\/macite.tg\/wp-content\/uploads\/2023\/09\/WhatsApp-Image-2023-09-19-at-14.44.41-122x122.jpeg","url":"https:\/\/macite.tg\/wp-content\/uploads\/2023\/09\/WhatsApp-Image-2023-09-19-at-14.44.41-122x122.jpeg","contentUrl":"https:\/\/macite.tg\/wp-content\/uploads\/2023\/09\/WhatsApp-Image-2023-09-19-at-14.44.41-122x122.jpeg","caption":"Jean Pierre BAWELA"},"url":"https:\/\/macite.tg\/?author=2"}]}},"_links":{"self":[{"href":"https:\/\/macite.tg\/index.php?rest_route=\/wp\/v2\/posts\/22424","targetHints":{"allow":["GET"]}}],"collection":[{"href":"https:\/\/macite.tg\/index.php?rest_route=\/wp\/v2\/posts"}],"about":[{"href":"https:\/\/macite.tg\/index.php?rest_route=\/wp\/v2\/types\/post"}],"author":[{"embeddable":true,"href":"https:\/\/macite.tg\/index.php?rest_route=\/wp\/v2\/users\/2"}],"replies":[{"embeddable":true,"href":"https:\/\/macite.tg\/index.php?rest_route=%2Fwp%2Fv2%2Fcomments&post=22424"}],"version-history":[{"count":0,"href":"https:\/\/macite.tg\/index.php?rest_route=\/wp\/v2\/posts\/22424\/revisions"}],"wp:featuredmedia":[{"embeddable":true,"href":"https:\/\/macite.tg\/index.php?rest_route=\/wp\/v2\/media\/22358"}],"wp:attachment":[{"href":"https:\/\/macite.tg\/index.php?rest_route=%2Fwp%2Fv2%2Fmedia&parent=22424"}],"wp:term":[{"taxonomy":"category","embeddable":true,"href":"https:\/\/macite.tg\/index.php?rest_route=%2Fwp%2Fv2%2Fcategories&post=22424"},{"taxonomy":"post_tag","embeddable":true,"href":"https:\/\/macite.tg\/index.php?rest_route=%2Fwp%2Fv2%2Ftags&post=22424"}],"curies":[{"name":"wp","href":"https:\/\/api.w.org\/{rel}","templated":true}]}}