{"id":22417,"date":"2025-05-28T15:43:05","date_gmt":"2025-05-28T15:43:05","guid":{"rendered":"https:\/\/macite.tg\/?p=22417"},"modified":"2025-05-28T15:44:26","modified_gmt":"2025-05-28T15:44:26","slug":"preparatifs-des-elections-municipales-de-2025-le-depot-de-dossiers-de-candidature-et-le-renouvellement-de-la-ceni-a-lordre-du-jour","status":"publish","type":"post","link":"https:\/\/macite.tg\/?p=22417","title":{"rendered":"PREPARATIFS DES ELECTIONS MUNICIPALES : Le d\u00e9p\u00f4t de dossiers de candidature et le renouvellement de la CENI \u00e0 l\u2019ordre du jour"},"content":{"rendered":"\n<p class=\"wp-block-paragraph\"><strong><em>Les acteurs politiques togolais, r\u00e9unis au sein du Cadre permanent de concertation (CPC) ont tenu, le lundi 26 mai dernier, un nouveau round des discussions portant sur les pr\u00e9paratifs des prochaines \u00e9lections municipales. Au menu de ce 21<sup>\u00e8me<\/sup> acte, le report de la date de cl\u00f4ture du d\u00e9p\u00f4t des candidatures, mais aussi la question du renouvellement de la Commission nationale \u00e9lectorale ind\u00e9pendante (CENI).<\/em><\/strong><\/p>\n\n\n\n<p class=\"wp-block-paragraph\">La seconde session de l\u2019ann\u00e9e 2025 des discussions entre les acteurs politiques togolais r\u00e9unis au sein du CPC, a eu lieu le lundi 26 mai dernier \u00e0 Lom\u00e9. Cette rencontre, qui s\u2019inscrit dans la dynamique de dialogue inclusif entre acteurs du landerneau politique national, a port\u00e9 sur deux sujets essentiels, \u00e0 savoir&nbsp;: le report de la date de cl\u00f4ture des dossiers de candidature, et le renouvellement de la CENI.<\/p>\n\n\n<div class=\"wp-block-image\">\n<figure class=\"aligncenter size-full is-resized\"><img loading=\"lazy\" decoding=\"async\" width=\"690\" height=\"170\" src=\"https:\/\/macite.tg\/wp-content\/uploads\/2025\/05\/OTR_TVM-2.jpg\" alt=\"\" class=\"wp-image-22300\" style=\"width:840px;height:auto\" srcset=\"https:\/\/macite.tg\/wp-content\/uploads\/2025\/05\/OTR_TVM-2.jpg 690w, https:\/\/macite.tg\/wp-content\/uploads\/2025\/05\/OTR_TVM-2-300x74.jpg 300w\" sizes=\"auto, (max-width: 690px) 100vw, 690px\" \/><\/figure>\n<\/div>\n\n\n<p class=\"wp-block-paragraph\">Sur le premier sujet, portant sur la date de cl\u00f4ture des dossiers de candidature fix\u00e9e au 29 mai 2029, le Cadre a \u00e9mis le v\u0153u d\u2019un report afin de permettre, dans l\u2019inclusion, tous les partis de d\u00e9poser leurs dossiers dans de bonnes conditions, et en tenant compte du fait que cette date, qui correspond \u00e0 un jour f\u00e9ri\u00e9 (f\u00eate de l\u2019Ascension), soit simplement report\u00e9e \u00e0 une date ult\u00e9rieure.<\/p>\n\n\n\n<p class=\"wp-block-paragraph\">Dans une dynamique d\u2019inclusion, l\u2019annonce des plus hautes autorit\u00e9s portant sur <em>\u00ab&nbsp;l\u2019augmentation du nombre de d\u00e9l\u00e9gu\u00e9s&nbsp;\u00bb<\/em> (d\u00e9cret du 21 mai 2025), oblige \u00e0 donner un temps suppl\u00e9mentaire aux acteurs, pour se pr\u00e9parer efficacement pour ces prochaines \u00e9lections locales.<\/p>\n\n\n\n<p class=\"wp-block-paragraph\">Face aux difficult\u00e9s rencontr\u00e9es sur le terrain, rapporte le pr\u00e9sident du CPC, Me Tchassona-Traor\u00e9 Mohammed, des acteurs politiques <em>\u00ab&nbsp;attendent encore des r\u00e9ponses favorables de la part des autorit\u00e9s, dans le but de leur permettre de participer activement au scrutin \u00e0 venir \u00bb,<\/em> pr\u00e9cise-t-il. Il a <em>\u00ab&nbsp;f\u00e9licit\u00e9 le gouvernement, le Pr\u00e9sident du Conseil, et en particulier le ministre de l\u2019Administration territoriale (ndlr), pour la diligence avec laquelle nos dol\u00e9ances ont \u00e9t\u00e9 prises en compte \u00bb.<\/em><\/p>\n\n\n<div class=\"wp-block-image\">\n<figure class=\"aligncenter size-large is-resized\"><img loading=\"lazy\" decoding=\"async\" width=\"1024\" height=\"1024\" src=\"https:\/\/macite.tg\/wp-content\/uploads\/2025\/05\/Geo-ref-1024x1024.png\" alt=\"\" class=\"wp-image-22358\" style=\"width:626px;height:auto\" srcset=\"https:\/\/macite.tg\/wp-content\/uploads\/2025\/05\/Geo-ref-1024x1024.png 1024w, https:\/\/macite.tg\/wp-content\/uploads\/2025\/05\/Geo-ref-300x300.png 300w, https:\/\/macite.tg\/wp-content\/uploads\/2025\/05\/Geo-ref-150x150.png 150w, https:\/\/macite.tg\/wp-content\/uploads\/2025\/05\/Geo-ref-768x768.png 768w, https:\/\/macite.tg\/wp-content\/uploads\/2025\/05\/Geo-ref-122x122.png 122w, https:\/\/macite.tg\/wp-content\/uploads\/2025\/05\/Geo-ref.png 1080w\" sizes=\"auto, (max-width: 1024px) 100vw, 1024px\" \/><\/figure>\n<\/div>\n\n\n<p class=\"wp-block-paragraph\">Pour ce qui est de l\u2019application du d\u00e9cret relatif au nombre de d\u00e9l\u00e9gu\u00e9s, plusieurs participants \u00e0 cette rencontre ont simplement souhait\u00e9 qu\u2019elle ne prenne effet qu\u2019\u00e0 compter des futurs scrutins, le processus pour ces municipales \u00e9tant assez avanc\u00e9.<\/p>\n\n\n\n<p class=\"wp-block-paragraph\">Le ministre de l\u2019Administration territoriale, le Col Hodabalo Awat\u00e9, qui a pris part \u00e0 cette rencontre, dit avoir<em>\u00ab&nbsp;pris bonne note de l\u2019ensemble des propositions&nbsp;\u00bb.<\/em> Il a assur\u00e9 transmettre les propositions et conclusions de cette rencontre au Pr\u00e9sident du Conseil, ceci dans l\u2019optique de <em>\u00ab&nbsp;trouver des solutions appropri\u00e9es \u00bb.<\/em><\/p>\n\n\n\n<p class=\"wp-block-paragraph\"><strong>JPB<\/strong><\/p>\n\n\n\n<p class=\"wp-block-paragraph\"><strong><em>@macite.tg&nbsp;&nbsp;&nbsp;&nbsp;&nbsp;&nbsp;&nbsp;&nbsp;<\/em><\/strong><\/p>\n\n\n\n<p class=\"wp-block-paragraph\"><strong><em>E-mail&nbsp;: <\/em><\/strong><a href=\"mailto:maciteinfo@gmail.com\"><strong><em>maciteinfo@gmail.com<\/em><\/strong><\/a><strong><em>; <\/em><\/strong><a href=\"mailto:bawela1@gmail.com\"><strong><em>bawela1@gmail.com<\/em><\/strong><\/a><strong><em><\/em><\/strong><\/p>\n\n\n\n<p class=\"wp-block-paragraph\"><strong><em>Pour vos annonces, (publi)reportages, etc., joignez-nous au (00228)91515309\/<\/em><\/strong><strong><em>79872224 <\/em><\/strong><strong><em>www.macite.tg, L\u2019information, la bonne&nbsp;!<\/em><\/strong><\/p>\n\n\n\n<p class=\"wp-block-paragraph\"><\/p>\n","protected":false},"excerpt":{"rendered":"<p class=\"text-justify mb-2\" >Les acteurs politiques togolais, r\u00e9unis au sein du Cadre permanent de concertation (CPC) ont tenu, le lundi 26 mai dernier, un nouveau round des discussions portant sur les pr\u00e9paratifs des prochaines \u00e9lections municipales. Au menu de ce 21\u00e8me acte, le report de la date de [&hellip;]<\/p>\n","protected":false},"author":2,"featured_media":22418,"comment_status":"open","ping_status":"open","sticky":false,"template":"","format":"standard","meta":{"footnotes":""},"categories":[20,1],"tags":[],"class_list":["post-22417","post","type-post","status-publish","format-standard","has-post-thumbnail","hentry","category-actualite","category-politique"],"yoast_head":"<!-- This site is optimized with the Yoast SEO plugin v28.4 - https:\/\/yoast.com\/product\/yoast-seo-wordpress\/ -->\n<title>PREPARATIFS DES ELECTIONS MUNICIPALES : Le d\u00e9p\u00f4t de dossiers de candidature et le renouvellement de la CENI \u00e0 l\u2019ordre du jour -<\/title>\n<meta name=\"robots\" content=\"index, follow, max-snippet:-1, max-image-preview:large, max-video-preview:-1\" \/>\n<link rel=\"canonical\" href=\"https:\/\/macite.tg\/?p=22417\" \/>\n<meta property=\"og:locale\" content=\"fr_FR\" \/>\n<meta property=\"og:type\" content=\"article\" \/>\n<meta property=\"og:title\" content=\"PREPARATIFS DES ELECTIONS MUNICIPALES : Le d\u00e9p\u00f4t de dossiers de candidature et le renouvellement de la CENI \u00e0 l\u2019ordre du jour -\" \/>\n<meta property=\"og:description\" content=\"Les acteurs politiques togolais, r\u00e9unis au sein du Cadre permanent de concertation (CPC) ont tenu, le lundi 26 mai dernier, un nouveau round des discussions portant sur les pr\u00e9paratifs des prochaines \u00e9lections municipales. Au menu de ce 21\u00e8me acte, le report de la date de [&hellip;]\" \/>\n<meta property=\"og:url\" content=\"https:\/\/macite.tg\/?p=22417\" \/>\n<meta property=\"article:published_time\" content=\"2025-05-28T15:43:05+00:00\" \/>\n<meta property=\"article:modified_time\" content=\"2025-05-28T15:44:26+00:00\" \/>\n<meta property=\"og:image\" content=\"https:\/\/macite.tg\/wp-content\/uploads\/2025\/05\/01_CPC.jpg\" \/>\n\t<meta property=\"og:image:width\" content=\"500\" \/>\n\t<meta property=\"og:image:height\" content=\"281\" \/>\n\t<meta property=\"og:image:type\" content=\"image\/jpeg\" \/>\n<meta name=\"author\" content=\"Jean Pierre BAWELA\" \/>\n<meta name=\"twitter:card\" content=\"summary_large_image\" \/>\n<meta name=\"twitter:label1\" content=\"\u00c9crit par\" \/>\n\t<meta name=\"twitter:data1\" content=\"Jean Pierre BAWELA\" \/>\n\t<meta name=\"twitter:label2\" content=\"Dur\u00e9e de lecture estim\u00e9e\" \/>\n\t<meta name=\"twitter:data2\" content=\"3 minutes\" \/>\n<script type=\"application\/ld+json\" class=\"yoast-schema-graph\">{\"@context\":\"https:\\\/\\\/schema.org\",\"@graph\":[{\"@type\":\"Article\",\"@id\":\"https:\\\/\\\/macite.tg\\\/?p=22417#article\",\"isPartOf\":{\"@id\":\"https:\\\/\\\/macite.tg\\\/?p=22417\"},\"author\":{\"name\":\"Jean Pierre BAWELA\",\"@id\":\"https:\\\/\\\/macite.tg\\\/#\\\/schema\\\/person\\\/e9f2de7e5dbbe7770a9402c7ce82f5c2\"},\"headline\":\"PREPARATIFS DES ELECTIONS MUNICIPALES : Le d\u00e9p\u00f4t de dossiers de candidature et le renouvellement de la CENI \u00e0 l\u2019ordre du jour\",\"datePublished\":\"2025-05-28T15:43:05+00:00\",\"dateModified\":\"2025-05-28T15:44:26+00:00\",\"mainEntityOfPage\":{\"@id\":\"https:\\\/\\\/macite.tg\\\/?p=22417\"},\"wordCount\":499,\"commentCount\":0,\"image\":{\"@id\":\"https:\\\/\\\/macite.tg\\\/?p=22417#primaryimage\"},\"thumbnailUrl\":\"https:\\\/\\\/macite.tg\\\/wp-content\\\/uploads\\\/2025\\\/05\\\/01_CPC.jpg\",\"articleSection\":[\"ACTUALITE\",\"POLITIQUE\"],\"inLanguage\":\"fr-FR\",\"potentialAction\":[{\"@type\":\"CommentAction\",\"name\":\"Comment\",\"target\":[\"https:\\\/\\\/macite.tg\\\/?p=22417#respond\"]}]},{\"@type\":\"WebPage\",\"@id\":\"https:\\\/\\\/macite.tg\\\/?p=22417\",\"url\":\"https:\\\/\\\/macite.tg\\\/?p=22417\",\"name\":\"PREPARATIFS DES ELECTIONS MUNICIPALES : Le d\u00e9p\u00f4t de dossiers de candidature et le renouvellement de la CENI \u00e0 l\u2019ordre du jour -\",\"isPartOf\":{\"@id\":\"https:\\\/\\\/macite.tg\\\/#website\"},\"primaryImageOfPage\":{\"@id\":\"https:\\\/\\\/macite.tg\\\/?p=22417#primaryimage\"},\"image\":{\"@id\":\"https:\\\/\\\/macite.tg\\\/?p=22417#primaryimage\"},\"thumbnailUrl\":\"https:\\\/\\\/macite.tg\\\/wp-content\\\/uploads\\\/2025\\\/05\\\/01_CPC.jpg\",\"datePublished\":\"2025-05-28T15:43:05+00:00\",\"dateModified\":\"2025-05-28T15:44:26+00:00\",\"author\":{\"@id\":\"https:\\\/\\\/macite.tg\\\/#\\\/schema\\\/person\\\/e9f2de7e5dbbe7770a9402c7ce82f5c2\"},\"breadcrumb\":{\"@id\":\"https:\\\/\\\/macite.tg\\\/?p=22417#breadcrumb\"},\"inLanguage\":\"fr-FR\",\"potentialAction\":[{\"@type\":\"ReadAction\",\"target\":[\"https:\\\/\\\/macite.tg\\\/?p=22417\"]}]},{\"@type\":\"ImageObject\",\"inLanguage\":\"fr-FR\",\"@id\":\"https:\\\/\\\/macite.tg\\\/?p=22417#primaryimage\",\"url\":\"https:\\\/\\\/macite.tg\\\/wp-content\\\/uploads\\\/2025\\\/05\\\/01_CPC.jpg\",\"contentUrl\":\"https:\\\/\\\/macite.tg\\\/wp-content\\\/uploads\\\/2025\\\/05\\\/01_CPC.jpg\",\"width\":500,\"height\":281},{\"@type\":\"BreadcrumbList\",\"@id\":\"https:\\\/\\\/macite.tg\\\/?p=22417#breadcrumb\",\"itemListElement\":[{\"@type\":\"ListItem\",\"position\":1,\"name\":\"Accueil\",\"item\":\"https:\\\/\\\/macite.tg\\\/\"},{\"@type\":\"ListItem\",\"position\":2,\"name\":\"PREPARATIFS DES ELECTIONS MUNICIPALES : Le d\u00e9p\u00f4t de dossiers de candidature et le renouvellement de la CENI \u00e0 l\u2019ordre du jour\"}]},{\"@type\":\"WebSite\",\"@id\":\"https:\\\/\\\/macite.tg\\\/#website\",\"url\":\"https:\\\/\\\/macite.tg\\\/\",\"name\":\"\",\"description\":\"L&#039;information, la bonne!!!\",\"potentialAction\":[{\"@type\":\"SearchAction\",\"target\":{\"@type\":\"EntryPoint\",\"urlTemplate\":\"https:\\\/\\\/macite.tg\\\/?s={search_term_string}\"},\"query-input\":{\"@type\":\"PropertyValueSpecification\",\"valueRequired\":true,\"valueName\":\"search_term_string\"}}],\"inLanguage\":\"fr-FR\"},{\"@type\":\"Person\",\"@id\":\"https:\\\/\\\/macite.tg\\\/#\\\/schema\\\/person\\\/e9f2de7e5dbbe7770a9402c7ce82f5c2\",\"name\":\"Jean Pierre BAWELA\",\"image\":{\"@type\":\"ImageObject\",\"inLanguage\":\"fr-FR\",\"@id\":\"https:\\\/\\\/macite.tg\\\/wp-content\\\/uploads\\\/2023\\\/09\\\/WhatsApp-Image-2023-09-19-at-14.44.41-122x122.jpeg\",\"url\":\"https:\\\/\\\/macite.tg\\\/wp-content\\\/uploads\\\/2023\\\/09\\\/WhatsApp-Image-2023-09-19-at-14.44.41-122x122.jpeg\",\"contentUrl\":\"https:\\\/\\\/macite.tg\\\/wp-content\\\/uploads\\\/2023\\\/09\\\/WhatsApp-Image-2023-09-19-at-14.44.41-122x122.jpeg\",\"caption\":\"Jean Pierre BAWELA\"},\"url\":\"https:\\\/\\\/macite.tg\\\/?author=2\"}]}<\/script>\n<!-- \/ Yoast SEO plugin. -->","yoast_head_json":{"title":"PREPARATIFS DES ELECTIONS MUNICIPALES : Le d\u00e9p\u00f4t de dossiers de candidature et le renouvellement de la CENI \u00e0 l\u2019ordre du jour -","robots":{"index":"index","follow":"follow","max-snippet":"max-snippet:-1","max-image-preview":"max-image-preview:large","max-video-preview":"max-video-preview:-1"},"canonical":"https:\/\/macite.tg\/?p=22417","og_locale":"fr_FR","og_type":"article","og_title":"PREPARATIFS DES ELECTIONS MUNICIPALES : Le d\u00e9p\u00f4t de dossiers de candidature et le renouvellement de la CENI \u00e0 l\u2019ordre du jour -","og_description":"Les acteurs politiques togolais, r\u00e9unis au sein du Cadre permanent de concertation (CPC) ont tenu, le lundi 26 mai dernier, un nouveau round des discussions portant sur les pr\u00e9paratifs des prochaines \u00e9lections municipales. Au menu de ce 21\u00e8me acte, le report de la date de [&hellip;]","og_url":"https:\/\/macite.tg\/?p=22417","article_published_time":"2025-05-28T15:43:05+00:00","article_modified_time":"2025-05-28T15:44:26+00:00","og_image":[{"width":500,"height":281,"url":"https:\/\/macite.tg\/wp-content\/uploads\/2025\/05\/01_CPC.jpg","type":"image\/jpeg"}],"author":"Jean Pierre BAWELA","twitter_card":"summary_large_image","twitter_misc":{"\u00c9crit par":"Jean Pierre BAWELA","Dur\u00e9e de lecture estim\u00e9e":"3 minutes"},"schema":{"@context":"https:\/\/schema.org","@graph":[{"@type":"Article","@id":"https:\/\/macite.tg\/?p=22417#article","isPartOf":{"@id":"https:\/\/macite.tg\/?p=22417"},"author":{"name":"Jean Pierre BAWELA","@id":"https:\/\/macite.tg\/#\/schema\/person\/e9f2de7e5dbbe7770a9402c7ce82f5c2"},"headline":"PREPARATIFS DES ELECTIONS MUNICIPALES : Le d\u00e9p\u00f4t de dossiers de candidature et le renouvellement de la CENI \u00e0 l\u2019ordre du jour","datePublished":"2025-05-28T15:43:05+00:00","dateModified":"2025-05-28T15:44:26+00:00","mainEntityOfPage":{"@id":"https:\/\/macite.tg\/?p=22417"},"wordCount":499,"commentCount":0,"image":{"@id":"https:\/\/macite.tg\/?p=22417#primaryimage"},"thumbnailUrl":"https:\/\/macite.tg\/wp-content\/uploads\/2025\/05\/01_CPC.jpg","articleSection":["ACTUALITE","POLITIQUE"],"inLanguage":"fr-FR","potentialAction":[{"@type":"CommentAction","name":"Comment","target":["https:\/\/macite.tg\/?p=22417#respond"]}]},{"@type":"WebPage","@id":"https:\/\/macite.tg\/?p=22417","url":"https:\/\/macite.tg\/?p=22417","name":"PREPARATIFS DES ELECTIONS MUNICIPALES : Le d\u00e9p\u00f4t de dossiers de candidature et le renouvellement de la CENI \u00e0 l\u2019ordre du jour -","isPartOf":{"@id":"https:\/\/macite.tg\/#website"},"primaryImageOfPage":{"@id":"https:\/\/macite.tg\/?p=22417#primaryimage"},"image":{"@id":"https:\/\/macite.tg\/?p=22417#primaryimage"},"thumbnailUrl":"https:\/\/macite.tg\/wp-content\/uploads\/2025\/05\/01_CPC.jpg","datePublished":"2025-05-28T15:43:05+00:00","dateModified":"2025-05-28T15:44:26+00:00","author":{"@id":"https:\/\/macite.tg\/#\/schema\/person\/e9f2de7e5dbbe7770a9402c7ce82f5c2"},"breadcrumb":{"@id":"https:\/\/macite.tg\/?p=22417#breadcrumb"},"inLanguage":"fr-FR","potentialAction":[{"@type":"ReadAction","target":["https:\/\/macite.tg\/?p=22417"]}]},{"@type":"ImageObject","inLanguage":"fr-FR","@id":"https:\/\/macite.tg\/?p=22417#primaryimage","url":"https:\/\/macite.tg\/wp-content\/uploads\/2025\/05\/01_CPC.jpg","contentUrl":"https:\/\/macite.tg\/wp-content\/uploads\/2025\/05\/01_CPC.jpg","width":500,"height":281},{"@type":"BreadcrumbList","@id":"https:\/\/macite.tg\/?p=22417#breadcrumb","itemListElement":[{"@type":"ListItem","position":1,"name":"Accueil","item":"https:\/\/macite.tg\/"},{"@type":"ListItem","position":2,"name":"PREPARATIFS DES ELECTIONS MUNICIPALES : Le d\u00e9p\u00f4t de dossiers de candidature et le renouvellement de la CENI \u00e0 l\u2019ordre du jour"}]},{"@type":"WebSite","@id":"https:\/\/macite.tg\/#website","url":"https:\/\/macite.tg\/","name":"","description":"L&#039;information, la bonne!!!","potentialAction":[{"@type":"SearchAction","target":{"@type":"EntryPoint","urlTemplate":"https:\/\/macite.tg\/?s={search_term_string}"},"query-input":{"@type":"PropertyValueSpecification","valueRequired":true,"valueName":"search_term_string"}}],"inLanguage":"fr-FR"},{"@type":"Person","@id":"https:\/\/macite.tg\/#\/schema\/person\/e9f2de7e5dbbe7770a9402c7ce82f5c2","name":"Jean Pierre BAWELA","image":{"@type":"ImageObject","inLanguage":"fr-FR","@id":"https:\/\/macite.tg\/wp-content\/uploads\/2023\/09\/WhatsApp-Image-2023-09-19-at-14.44.41-122x122.jpeg","url":"https:\/\/macite.tg\/wp-content\/uploads\/2023\/09\/WhatsApp-Image-2023-09-19-at-14.44.41-122x122.jpeg","contentUrl":"https:\/\/macite.tg\/wp-content\/uploads\/2023\/09\/WhatsApp-Image-2023-09-19-at-14.44.41-122x122.jpeg","caption":"Jean Pierre BAWELA"},"url":"https:\/\/macite.tg\/?author=2"}]}},"_links":{"self":[{"href":"https:\/\/macite.tg\/index.php?rest_route=\/wp\/v2\/posts\/22417","targetHints":{"allow":["GET"]}}],"collection":[{"href":"https:\/\/macite.tg\/index.php?rest_route=\/wp\/v2\/posts"}],"about":[{"href":"https:\/\/macite.tg\/index.php?rest_route=\/wp\/v2\/types\/post"}],"author":[{"embeddable":true,"href":"https:\/\/macite.tg\/index.php?rest_route=\/wp\/v2\/users\/2"}],"replies":[{"embeddable":true,"href":"https:\/\/macite.tg\/index.php?rest_route=%2Fwp%2Fv2%2Fcomments&post=22417"}],"version-history":[{"count":0,"href":"https:\/\/macite.tg\/index.php?rest_route=\/wp\/v2\/posts\/22417\/revisions"}],"wp:featuredmedia":[{"embeddable":true,"href":"https:\/\/macite.tg\/index.php?rest_route=\/wp\/v2\/media\/22418"}],"wp:attachment":[{"href":"https:\/\/macite.tg\/index.php?rest_route=%2Fwp%2Fv2%2Fmedia&parent=22417"}],"wp:term":[{"taxonomy":"category","embeddable":true,"href":"https:\/\/macite.tg\/index.php?rest_route=%2Fwp%2Fv2%2Fcategories&post=22417"},{"taxonomy":"post_tag","embeddable":true,"href":"https:\/\/macite.tg\/index.php?rest_route=%2Fwp%2Fv2%2Ftags&post=22417"}],"curies":[{"name":"wp","href":"https:\/\/api.w.org\/{rel}","templated":true}]}}