{"id":22414,"date":"2025-05-28T15:36:31","date_gmt":"2025-05-28T15:36:31","guid":{"rendered":"https:\/\/macite.tg\/?p=22414"},"modified":"2025-05-28T15:36:34","modified_gmt":"2025-05-28T15:36:34","slug":"veme-republique-democratie-droit-de-lhomme-et-developpement-le-ndh-togo-en-parle-face-aux-medias","status":"publish","type":"post","link":"https:\/\/macite.tg\/?p=22414","title":{"rendered":"VEME REPUBLIQUE, DEMOCRATIE, DROIT DE L\u2019HOMME ET DEVELOPPEMENT\u00a0: Le NDH-Togo en parle face aux m\u00e9dias"},"content":{"rendered":"\n<p class=\"wp-block-paragraph\"><strong><em>L\u2019association Nouveaux Droits de l\u2019Homme (NDH-Togo) a tenu, le lundi 26 mai dernier \u00e0 son si\u00e8ge \u00e0 Lom\u00e9, une conf\u00e9rence de presse sur le th\u00e8me \u00ab&nbsp;D\u00e9mocratie, droits de l\u2019homme et d\u00e9veloppement, leviers du changement constitutionnel&nbsp;\u00bb.<\/em><\/strong><\/p>\n\n\n\n<p class=\"wp-block-paragraph\"><strong><em>Anim\u00e9e par son Pr\u00e9sident, Me Bertin Kossivi Am\u00e9gah-Atsyon, cette conf\u00e9rence a permis aux professionnels des m\u00e9dias et aux membres de l\u2019association de s\u2019approprier les contours de la cinqui\u00e8me R\u00e9publique avec un accent particulier sur les notions de d\u00e9mocratie, droits de l\u2019homme et d\u00e9veloppement.<\/em><\/strong><\/p>\n\n\n\n<p class=\"wp-block-paragraph\"><em>\u00ab&nbsp;Aujourd\u2019hui, nous assistons \u00e0 un moment historique pour le Togo avec la mise en place officielle de la Cinqui\u00e8me R\u00e9publique. Ce moment solennel, marqu\u00e9 par la prestation de serment du Pr\u00e9sident du Conseil et du Pr\u00e9sident de la R\u00e9publique, incarne la volont\u00e9 profonde de notre nation de b\u00e2tir un avenir meilleur, fond\u00e9 sur des principes forts : la d\u00e9mocratie, le respect des droits de l\u2019homme et un d\u00e9veloppement durable et inclusif&nbsp;\u00bb<\/em>&nbsp;a plant\u00e9 le d\u00e9cor Me Amegah-Atsyon \u00e0 l\u2019entame de la conf\u00e9rence.<\/p>\n\n\n\n<p class=\"wp-block-paragraph\"><strong>Pour le conf\u00e9rencier, le passage \u00e0 la Cinqui\u00e8me R\u00e9publique consacre une ambition claire :\u00a0renforcer la d\u00e9mocratie au Togo.<\/strong><\/p>\n\n\n\n<p class=\"wp-block-paragraph\"><em>\u00ab&nbsp;Ce nouveau cadre constitutionnel vise \u00e0 garantir une gouvernance plus transparente, inclusive et participative. En instituant un pouvoir l\u00e9gislatif bicam\u00e9ral compos\u00e9 de l\u2019Assembl\u00e9e nationale et du S\u00e9nat, la nouvelle Constitution offre un \u00e9quilibre des pouvoirs in\u00e9dit. Ce syst\u00e8me permet un contr\u00f4le plus efficace de l\u2019ex\u00e9cutif, une meilleure repr\u00e9sentation des territoires et des diff\u00e9rentes couches de la soci\u00e9t\u00e9, ainsi qu\u2019une qualit\u00e9 accrue du travail l\u00e9gislatif&nbsp;\u00bb,<\/em>&nbsp;a-t-il pr\u00e9cis\u00e9.<\/p>\n\n\n<div class=\"wp-block-image\">\n<figure class=\"aligncenter size-large is-resized\"><img loading=\"lazy\" decoding=\"async\" width=\"1024\" height=\"1024\" src=\"https:\/\/macite.tg\/wp-content\/uploads\/2025\/05\/Geo-ref-1024x1024.png\" alt=\"\" class=\"wp-image-22358\" style=\"width:658px;height:auto\" srcset=\"https:\/\/macite.tg\/wp-content\/uploads\/2025\/05\/Geo-ref-1024x1024.png 1024w, https:\/\/macite.tg\/wp-content\/uploads\/2025\/05\/Geo-ref-300x300.png 300w, https:\/\/macite.tg\/wp-content\/uploads\/2025\/05\/Geo-ref-150x150.png 150w, https:\/\/macite.tg\/wp-content\/uploads\/2025\/05\/Geo-ref-768x768.png 768w, https:\/\/macite.tg\/wp-content\/uploads\/2025\/05\/Geo-ref-122x122.png 122w, https:\/\/macite.tg\/wp-content\/uploads\/2025\/05\/Geo-ref.png 1080w\" sizes=\"auto, (max-width: 1024px) 100vw, 1024px\" \/><\/figure>\n<\/div>\n\n\n<p class=\"wp-block-paragraph\"><strong>Les droits de l\u2019homme comme socle in\u00e9branlable<\/strong><\/p>\n\n\n\n<p class=\"wp-block-paragraph\">Pour NDH-Togo, la Cinqui\u00e8me R\u00e9publique engage le Togo \u00e0 respecter et prot\u00e9ger les droits fondamentaux de chaque citoyen. Cela inclut non seulement les libert\u00e9s politiques, comme la libert\u00e9 d\u2019expression, d\u2019association et de participation politique, mais aussi les droits sociaux essentiels : acc\u00e8s \u00e0 l\u2019\u00e9ducation, \u00e0 la sant\u00e9, \u00e0 un travail d\u00e9cent et \u00e0 une vie digne.<\/p>\n\n\n\n<p class=\"wp-block-paragraph\">Comme l\u2019affirmait Eleanor Roosevelt, une des grandes figures des droits humains : <em>\u00ab Les droits de l\u2019homme commencent l\u00e0 o\u00f9 commence la dignit\u00e9 humaine. \u00bb <\/em>Le respect de ces droits est indispensable pour assurer la paix et la coh\u00e9sion sociale.<\/p>\n\n\n\n<p class=\"wp-block-paragraph\"><strong>Le d\u00e9veloppement, finalit\u00e9 supr\u00eame de la R\u00e9publique<\/strong><\/p>\n\n\n\n<p class=\"wp-block-paragraph\">Ce changement constitutionnel, selon le Pr\u00e9sident de NDH-Togo, ne serait qu\u2019un simple exercice politique sans la finalit\u00e9 essentielle du d\u00e9veloppement.<\/p>\n\n\n\n<p class=\"wp-block-paragraph\"><em>\u00ab&nbsp;La Cinqui\u00e8me R\u00e9publique se veut un moteur pour un d\u00e9veloppement \u00e9conomique, social et humain durable. Le nouveau cadre l\u00e9gislatif permettra d\u2019adopter des politiques publiques plus adapt\u00e9es aux besoins des populations, notamment en mati\u00e8re d\u2019emploi, d\u2019infrastructures, d\u2019\u00e9ducation et de sant\u00e9&nbsp;\u00bb,<\/em>&nbsp;a ajout\u00e9 Me Bertin Kossivi Am\u00e9gah-Atsyon.<\/p>\n\n\n<div class=\"wp-block-image\">\n<figure class=\"aligncenter size-full\"><img loading=\"lazy\" decoding=\"async\" width=\"851\" height=\"315\" src=\"https:\/\/macite.tg\/wp-content\/uploads\/2025\/05\/OTR_Ferer-pour-batir-1-2.jpg\" alt=\"\" class=\"wp-image-22346\" srcset=\"https:\/\/macite.tg\/wp-content\/uploads\/2025\/05\/OTR_Ferer-pour-batir-1-2.jpg 851w, https:\/\/macite.tg\/wp-content\/uploads\/2025\/05\/OTR_Ferer-pour-batir-1-2-300x111.jpg 300w, https:\/\/macite.tg\/wp-content\/uploads\/2025\/05\/OTR_Ferer-pour-batir-1-2-768x284.jpg 768w\" sizes=\"auto, (max-width: 851px) 100vw, 851px\" \/><\/figure>\n<\/div>\n\n\n<p class=\"wp-block-paragraph\">En rappelant l\u2019importance de la durabilit\u00e9, Gro Harlem Brundtland, pionni\u00e8re du concept, disait : <em>\u00ab Le d\u00e9veloppement durable est celui qui r\u00e9pond aux besoins du pr\u00e9sent sans compromettre la capacit\u00e9 des g\u00e9n\u00e9rations futures \u00e0 r\u00e9pondre aux leurs. \u00bb<\/em><\/p>\n\n\n\n<p class=\"wp-block-paragraph\"><strong>Les avantages concrets du nouveau pouvoir l\u00e9gislatif bicam\u00e9ral<\/strong><\/p>\n\n\n\n<p class=\"wp-block-paragraph\">Pr\u00e9cisant les avantages concrets du nouveau pouvoir l\u00e9gislatif bicam\u00e9ral, le pr\u00e9sident de Nouveaux Droits de l\u2019Homme (NDH-Togo) a \u00e9num\u00e9r\u00e9 les axes primordiaux.<\/p>\n\n\n\n<p class=\"wp-block-paragraph\">Meilleure repr\u00e9sentation : Le S\u00e9nat garantit la prise en compte des r\u00e9gions et des collectivit\u00e9s locales, permettant une repr\u00e9sentation plus \u00e9quilibr\u00e9e et plus proche des r\u00e9alit\u00e9s du terrain.<\/p>\n\n\n\n<p class=\"wp-block-paragraph\">\u00c9quilibre des pouvoirs : La pr\u00e9sence de deux chambres l\u00e9gislatives favorise un contr\u00f4le mutuel, limitant les risques d\u2019abus de pouvoir et renfor\u00e7ant la d\u00e9mocratie.<\/p>\n\n\n\n<p class=\"wp-block-paragraph\">Qualit\u00e9 l\u00e9gislative accrue : Les projets de loi sont analys\u00e9s \u00e0 deux niveaux, ce qui am\u00e9liore leur qualit\u00e9 et leur pertinence.<\/p>\n\n\n\n<p class=\"wp-block-paragraph\">Dialogue renforc\u00e9 entre institutions : Cette organisation facilite la coop\u00e9ration entre les diff\u00e9rentes institutions politiques et sociales.<\/p>\n\n\n<div class=\"wp-block-image\">\n<figure class=\"aligncenter size-full is-resized\"><img loading=\"lazy\" decoding=\"async\" width=\"500\" height=\"304\" src=\"https:\/\/macite.tg\/wp-content\/uploads\/2025\/05\/OTR_SAM-2.jpg\" alt=\"\" class=\"wp-image-22378\" style=\"width:630px;height:auto\" srcset=\"https:\/\/macite.tg\/wp-content\/uploads\/2025\/05\/OTR_SAM-2.jpg 500w, https:\/\/macite.tg\/wp-content\/uploads\/2025\/05\/OTR_SAM-2-300x182.jpg 300w\" sizes=\"auto, (max-width: 500px) 100vw, 500px\" \/><\/figure>\n<\/div>\n\n\n<p class=\"wp-block-paragraph\">Somme toute, pour le conf\u00e9rencier Me Bertin Kossivi Am\u00e9gah-Atsyon, ce passage de notre pays \u00e0 la Cinqui\u00e8me R\u00e9publique est donc bien plus qu\u2019un simple changement institutionnel.&nbsp;<em>\u00ab&nbsp;Il s\u2019agit d\u2019un v\u00e9ritable projet de soci\u00e9t\u00e9 visant \u00e0 consolider la d\u00e9mocratie, \u00e0 prot\u00e9ger les droits humains et \u00e0 promouvoir un d\u00e9veloppement harmonieux et durable. C\u2019est ensemble, dans l\u2019unit\u00e9 et la responsabilit\u00e9, que nous construirons ce Togo nouveau, pour le bien-\u00eatre de tous nos concitoyens&nbsp;\u00bb<\/em>&nbsp;a-t-il brillamment conclu ses propos.<\/p>\n\n\n\n<p class=\"wp-block-paragraph\"><strong><u>Source:<\/u><\/strong><strong> journal-lemedium.com<\/strong><\/p>\n\n\n\n<p class=\"wp-block-paragraph\"><a><strong><em>@macite.tg&nbsp;&nbsp;&nbsp;&nbsp;&nbsp;&nbsp;&nbsp;&nbsp;<\/em><\/strong><\/a><\/p>\n\n\n\n<p class=\"wp-block-paragraph\"><strong><em>E-mail&nbsp;: <\/em><\/strong><a href=\"mailto:maciteinfo@gmail.com\"><strong><em>maciteinfo@gmail.com<\/em><\/strong><\/a><strong><em>; <\/em><\/strong><a href=\"mailto:bawela1@gmail.com\"><strong><em>bawela1@gmail.com<\/em><\/strong><\/a><strong><em><\/em><\/strong><\/p>\n\n\n\n<p class=\"wp-block-paragraph\"><strong><em>Pour vos annonces, (publi)reportages, etc., joignez-nous au (00228)91515309\/<strong>79872224 <\/strong>www.macite.tg, L\u2019information, la bonne&nbsp;!<\/em><\/strong><\/p>\n\n\n\n<p class=\"wp-block-paragraph\"><\/p>\n","protected":false},"excerpt":{"rendered":"<p class=\"text-justify mb-2\" >L\u2019association Nouveaux Droits de l\u2019Homme (NDH-Togo) a tenu, le lundi 26 mai dernier \u00e0 son si\u00e8ge \u00e0 Lom\u00e9, une conf\u00e9rence de presse sur le th\u00e8me \u00ab&nbsp;D\u00e9mocratie, droits de l\u2019homme et d\u00e9veloppement, leviers du changement constitutionnel&nbsp;\u00bb. Anim\u00e9e par son Pr\u00e9sident, Me Bertin Kossivi Am\u00e9gah-Atsyon, cette conf\u00e9rence [&hellip;]<\/p>\n","protected":false},"author":2,"featured_media":22415,"comment_status":"open","ping_status":"open","sticky":false,"template":"","format":"standard","meta":{"footnotes":""},"categories":[20,1],"tags":[],"class_list":["post-22414","post","type-post","status-publish","format-standard","has-post-thumbnail","hentry","category-actualite","category-politique"],"yoast_head":"<!-- This site is optimized with the Yoast SEO plugin v28.4 - https:\/\/yoast.com\/product\/yoast-seo-wordpress\/ -->\n<title>VEME REPUBLIQUE, DEMOCRATIE, DROIT DE L\u2019HOMME ET DEVELOPPEMENT\u00a0: Le NDH-Togo en parle face aux m\u00e9dias -<\/title>\n<meta name=\"robots\" content=\"index, follow, max-snippet:-1, max-image-preview:large, max-video-preview:-1\" \/>\n<link rel=\"canonical\" href=\"https:\/\/macite.tg\/?p=22414\" \/>\n<meta property=\"og:locale\" content=\"fr_FR\" \/>\n<meta property=\"og:type\" content=\"article\" \/>\n<meta property=\"og:title\" content=\"VEME REPUBLIQUE, DEMOCRATIE, DROIT DE L\u2019HOMME ET DEVELOPPEMENT\u00a0: Le NDH-Togo en parle face aux m\u00e9dias -\" \/>\n<meta property=\"og:description\" content=\"L\u2019association Nouveaux Droits de l\u2019Homme (NDH-Togo) a tenu, le lundi 26 mai dernier \u00e0 son si\u00e8ge \u00e0 Lom\u00e9, une conf\u00e9rence de presse sur le th\u00e8me \u00ab&nbsp;D\u00e9mocratie, droits de l\u2019homme et d\u00e9veloppement, leviers du changement constitutionnel&nbsp;\u00bb. Anim\u00e9e par son Pr\u00e9sident, Me Bertin Kossivi Am\u00e9gah-Atsyon, cette conf\u00e9rence [&hellip;]\" \/>\n<meta property=\"og:url\" content=\"https:\/\/macite.tg\/?p=22414\" \/>\n<meta property=\"article:published_time\" content=\"2025-05-28T15:36:31+00:00\" \/>\n<meta property=\"article:modified_time\" content=\"2025-05-28T15:36:34+00:00\" \/>\n<meta property=\"og:image\" content=\"https:\/\/macite.tg\/wp-content\/uploads\/2025\/05\/NDH.jpg\" \/>\n\t<meta property=\"og:image:width\" content=\"500\" \/>\n\t<meta property=\"og:image:height\" content=\"366\" \/>\n\t<meta property=\"og:image:type\" content=\"image\/jpeg\" \/>\n<meta name=\"author\" content=\"Jean Pierre BAWELA\" \/>\n<meta name=\"twitter:card\" content=\"summary_large_image\" \/>\n<meta name=\"twitter:label1\" content=\"\u00c9crit par\" \/>\n\t<meta name=\"twitter:data1\" content=\"Jean Pierre BAWELA\" \/>\n\t<meta name=\"twitter:label2\" content=\"Dur\u00e9e de lecture estim\u00e9e\" \/>\n\t<meta name=\"twitter:data2\" content=\"5 minutes\" \/>\n<script type=\"application\/ld+json\" class=\"yoast-schema-graph\">{\"@context\":\"https:\\\/\\\/schema.org\",\"@graph\":[{\"@type\":\"Article\",\"@id\":\"https:\\\/\\\/macite.tg\\\/?p=22414#article\",\"isPartOf\":{\"@id\":\"https:\\\/\\\/macite.tg\\\/?p=22414\"},\"author\":{\"name\":\"Jean Pierre BAWELA\",\"@id\":\"https:\\\/\\\/macite.tg\\\/#\\\/schema\\\/person\\\/e9f2de7e5dbbe7770a9402c7ce82f5c2\"},\"headline\":\"VEME REPUBLIQUE, DEMOCRATIE, DROIT DE L\u2019HOMME ET DEVELOPPEMENT\u00a0: Le NDH-Togo en parle face aux m\u00e9dias\",\"datePublished\":\"2025-05-28T15:36:31+00:00\",\"dateModified\":\"2025-05-28T15:36:34+00:00\",\"mainEntityOfPage\":{\"@id\":\"https:\\\/\\\/macite.tg\\\/?p=22414\"},\"wordCount\":826,\"commentCount\":0,\"image\":{\"@id\":\"https:\\\/\\\/macite.tg\\\/?p=22414#primaryimage\"},\"thumbnailUrl\":\"https:\\\/\\\/macite.tg\\\/wp-content\\\/uploads\\\/2025\\\/05\\\/NDH.jpg\",\"articleSection\":[\"ACTUALITE\",\"POLITIQUE\"],\"inLanguage\":\"fr-FR\",\"potentialAction\":[{\"@type\":\"CommentAction\",\"name\":\"Comment\",\"target\":[\"https:\\\/\\\/macite.tg\\\/?p=22414#respond\"]}]},{\"@type\":\"WebPage\",\"@id\":\"https:\\\/\\\/macite.tg\\\/?p=22414\",\"url\":\"https:\\\/\\\/macite.tg\\\/?p=22414\",\"name\":\"VEME REPUBLIQUE, DEMOCRATIE, DROIT DE L\u2019HOMME ET DEVELOPPEMENT\u00a0: Le NDH-Togo en parle face aux m\u00e9dias -\",\"isPartOf\":{\"@id\":\"https:\\\/\\\/macite.tg\\\/#website\"},\"primaryImageOfPage\":{\"@id\":\"https:\\\/\\\/macite.tg\\\/?p=22414#primaryimage\"},\"image\":{\"@id\":\"https:\\\/\\\/macite.tg\\\/?p=22414#primaryimage\"},\"thumbnailUrl\":\"https:\\\/\\\/macite.tg\\\/wp-content\\\/uploads\\\/2025\\\/05\\\/NDH.jpg\",\"datePublished\":\"2025-05-28T15:36:31+00:00\",\"dateModified\":\"2025-05-28T15:36:34+00:00\",\"author\":{\"@id\":\"https:\\\/\\\/macite.tg\\\/#\\\/schema\\\/person\\\/e9f2de7e5dbbe7770a9402c7ce82f5c2\"},\"breadcrumb\":{\"@id\":\"https:\\\/\\\/macite.tg\\\/?p=22414#breadcrumb\"},\"inLanguage\":\"fr-FR\",\"potentialAction\":[{\"@type\":\"ReadAction\",\"target\":[\"https:\\\/\\\/macite.tg\\\/?p=22414\"]}]},{\"@type\":\"ImageObject\",\"inLanguage\":\"fr-FR\",\"@id\":\"https:\\\/\\\/macite.tg\\\/?p=22414#primaryimage\",\"url\":\"https:\\\/\\\/macite.tg\\\/wp-content\\\/uploads\\\/2025\\\/05\\\/NDH.jpg\",\"contentUrl\":\"https:\\\/\\\/macite.tg\\\/wp-content\\\/uploads\\\/2025\\\/05\\\/NDH.jpg\",\"width\":500,\"height\":366},{\"@type\":\"BreadcrumbList\",\"@id\":\"https:\\\/\\\/macite.tg\\\/?p=22414#breadcrumb\",\"itemListElement\":[{\"@type\":\"ListItem\",\"position\":1,\"name\":\"Accueil\",\"item\":\"https:\\\/\\\/macite.tg\\\/\"},{\"@type\":\"ListItem\",\"position\":2,\"name\":\"VEME REPUBLIQUE, DEMOCRATIE, DROIT DE L\u2019HOMME ET DEVELOPPEMENT\u00a0: Le NDH-Togo en parle face aux m\u00e9dias\"}]},{\"@type\":\"WebSite\",\"@id\":\"https:\\\/\\\/macite.tg\\\/#website\",\"url\":\"https:\\\/\\\/macite.tg\\\/\",\"name\":\"\",\"description\":\"L&#039;information, la bonne!!!\",\"potentialAction\":[{\"@type\":\"SearchAction\",\"target\":{\"@type\":\"EntryPoint\",\"urlTemplate\":\"https:\\\/\\\/macite.tg\\\/?s={search_term_string}\"},\"query-input\":{\"@type\":\"PropertyValueSpecification\",\"valueRequired\":true,\"valueName\":\"search_term_string\"}}],\"inLanguage\":\"fr-FR\"},{\"@type\":\"Person\",\"@id\":\"https:\\\/\\\/macite.tg\\\/#\\\/schema\\\/person\\\/e9f2de7e5dbbe7770a9402c7ce82f5c2\",\"name\":\"Jean Pierre BAWELA\",\"image\":{\"@type\":\"ImageObject\",\"inLanguage\":\"fr-FR\",\"@id\":\"https:\\\/\\\/macite.tg\\\/wp-content\\\/uploads\\\/2023\\\/09\\\/WhatsApp-Image-2023-09-19-at-14.44.41-122x122.jpeg\",\"url\":\"https:\\\/\\\/macite.tg\\\/wp-content\\\/uploads\\\/2023\\\/09\\\/WhatsApp-Image-2023-09-19-at-14.44.41-122x122.jpeg\",\"contentUrl\":\"https:\\\/\\\/macite.tg\\\/wp-content\\\/uploads\\\/2023\\\/09\\\/WhatsApp-Image-2023-09-19-at-14.44.41-122x122.jpeg\",\"caption\":\"Jean Pierre BAWELA\"},\"url\":\"https:\\\/\\\/macite.tg\\\/?author=2\"}]}<\/script>\n<!-- \/ Yoast SEO plugin. -->","yoast_head_json":{"title":"VEME REPUBLIQUE, DEMOCRATIE, DROIT DE L\u2019HOMME ET DEVELOPPEMENT\u00a0: Le NDH-Togo en parle face aux m\u00e9dias -","robots":{"index":"index","follow":"follow","max-snippet":"max-snippet:-1","max-image-preview":"max-image-preview:large","max-video-preview":"max-video-preview:-1"},"canonical":"https:\/\/macite.tg\/?p=22414","og_locale":"fr_FR","og_type":"article","og_title":"VEME REPUBLIQUE, DEMOCRATIE, DROIT DE L\u2019HOMME ET DEVELOPPEMENT\u00a0: Le NDH-Togo en parle face aux m\u00e9dias -","og_description":"L\u2019association Nouveaux Droits de l\u2019Homme (NDH-Togo) a tenu, le lundi 26 mai dernier \u00e0 son si\u00e8ge \u00e0 Lom\u00e9, une conf\u00e9rence de presse sur le th\u00e8me \u00ab&nbsp;D\u00e9mocratie, droits de l\u2019homme et d\u00e9veloppement, leviers du changement constitutionnel&nbsp;\u00bb. Anim\u00e9e par son Pr\u00e9sident, Me Bertin Kossivi Am\u00e9gah-Atsyon, cette conf\u00e9rence [&hellip;]","og_url":"https:\/\/macite.tg\/?p=22414","article_published_time":"2025-05-28T15:36:31+00:00","article_modified_time":"2025-05-28T15:36:34+00:00","og_image":[{"width":500,"height":366,"url":"https:\/\/macite.tg\/wp-content\/uploads\/2025\/05\/NDH.jpg","type":"image\/jpeg"}],"author":"Jean Pierre BAWELA","twitter_card":"summary_large_image","twitter_misc":{"\u00c9crit par":"Jean Pierre BAWELA","Dur\u00e9e de lecture estim\u00e9e":"5 minutes"},"schema":{"@context":"https:\/\/schema.org","@graph":[{"@type":"Article","@id":"https:\/\/macite.tg\/?p=22414#article","isPartOf":{"@id":"https:\/\/macite.tg\/?p=22414"},"author":{"name":"Jean Pierre BAWELA","@id":"https:\/\/macite.tg\/#\/schema\/person\/e9f2de7e5dbbe7770a9402c7ce82f5c2"},"headline":"VEME REPUBLIQUE, DEMOCRATIE, DROIT DE L\u2019HOMME ET DEVELOPPEMENT\u00a0: Le NDH-Togo en parle face aux m\u00e9dias","datePublished":"2025-05-28T15:36:31+00:00","dateModified":"2025-05-28T15:36:34+00:00","mainEntityOfPage":{"@id":"https:\/\/macite.tg\/?p=22414"},"wordCount":826,"commentCount":0,"image":{"@id":"https:\/\/macite.tg\/?p=22414#primaryimage"},"thumbnailUrl":"https:\/\/macite.tg\/wp-content\/uploads\/2025\/05\/NDH.jpg","articleSection":["ACTUALITE","POLITIQUE"],"inLanguage":"fr-FR","potentialAction":[{"@type":"CommentAction","name":"Comment","target":["https:\/\/macite.tg\/?p=22414#respond"]}]},{"@type":"WebPage","@id":"https:\/\/macite.tg\/?p=22414","url":"https:\/\/macite.tg\/?p=22414","name":"VEME REPUBLIQUE, DEMOCRATIE, DROIT DE L\u2019HOMME ET DEVELOPPEMENT\u00a0: Le NDH-Togo en parle face aux m\u00e9dias -","isPartOf":{"@id":"https:\/\/macite.tg\/#website"},"primaryImageOfPage":{"@id":"https:\/\/macite.tg\/?p=22414#primaryimage"},"image":{"@id":"https:\/\/macite.tg\/?p=22414#primaryimage"},"thumbnailUrl":"https:\/\/macite.tg\/wp-content\/uploads\/2025\/05\/NDH.jpg","datePublished":"2025-05-28T15:36:31+00:00","dateModified":"2025-05-28T15:36:34+00:00","author":{"@id":"https:\/\/macite.tg\/#\/schema\/person\/e9f2de7e5dbbe7770a9402c7ce82f5c2"},"breadcrumb":{"@id":"https:\/\/macite.tg\/?p=22414#breadcrumb"},"inLanguage":"fr-FR","potentialAction":[{"@type":"ReadAction","target":["https:\/\/macite.tg\/?p=22414"]}]},{"@type":"ImageObject","inLanguage":"fr-FR","@id":"https:\/\/macite.tg\/?p=22414#primaryimage","url":"https:\/\/macite.tg\/wp-content\/uploads\/2025\/05\/NDH.jpg","contentUrl":"https:\/\/macite.tg\/wp-content\/uploads\/2025\/05\/NDH.jpg","width":500,"height":366},{"@type":"BreadcrumbList","@id":"https:\/\/macite.tg\/?p=22414#breadcrumb","itemListElement":[{"@type":"ListItem","position":1,"name":"Accueil","item":"https:\/\/macite.tg\/"},{"@type":"ListItem","position":2,"name":"VEME REPUBLIQUE, DEMOCRATIE, DROIT DE L\u2019HOMME ET DEVELOPPEMENT\u00a0: Le NDH-Togo en parle face aux m\u00e9dias"}]},{"@type":"WebSite","@id":"https:\/\/macite.tg\/#website","url":"https:\/\/macite.tg\/","name":"","description":"L&#039;information, la bonne!!!","potentialAction":[{"@type":"SearchAction","target":{"@type":"EntryPoint","urlTemplate":"https:\/\/macite.tg\/?s={search_term_string}"},"query-input":{"@type":"PropertyValueSpecification","valueRequired":true,"valueName":"search_term_string"}}],"inLanguage":"fr-FR"},{"@type":"Person","@id":"https:\/\/macite.tg\/#\/schema\/person\/e9f2de7e5dbbe7770a9402c7ce82f5c2","name":"Jean Pierre BAWELA","image":{"@type":"ImageObject","inLanguage":"fr-FR","@id":"https:\/\/macite.tg\/wp-content\/uploads\/2023\/09\/WhatsApp-Image-2023-09-19-at-14.44.41-122x122.jpeg","url":"https:\/\/macite.tg\/wp-content\/uploads\/2023\/09\/WhatsApp-Image-2023-09-19-at-14.44.41-122x122.jpeg","contentUrl":"https:\/\/macite.tg\/wp-content\/uploads\/2023\/09\/WhatsApp-Image-2023-09-19-at-14.44.41-122x122.jpeg","caption":"Jean Pierre BAWELA"},"url":"https:\/\/macite.tg\/?author=2"}]}},"_links":{"self":[{"href":"https:\/\/macite.tg\/index.php?rest_route=\/wp\/v2\/posts\/22414","targetHints":{"allow":["GET"]}}],"collection":[{"href":"https:\/\/macite.tg\/index.php?rest_route=\/wp\/v2\/posts"}],"about":[{"href":"https:\/\/macite.tg\/index.php?rest_route=\/wp\/v2\/types\/post"}],"author":[{"embeddable":true,"href":"https:\/\/macite.tg\/index.php?rest_route=\/wp\/v2\/users\/2"}],"replies":[{"embeddable":true,"href":"https:\/\/macite.tg\/index.php?rest_route=%2Fwp%2Fv2%2Fcomments&post=22414"}],"version-history":[{"count":0,"href":"https:\/\/macite.tg\/index.php?rest_route=\/wp\/v2\/posts\/22414\/revisions"}],"wp:featuredmedia":[{"embeddable":true,"href":"https:\/\/macite.tg\/index.php?rest_route=\/wp\/v2\/media\/22415"}],"wp:attachment":[{"href":"https:\/\/macite.tg\/index.php?rest_route=%2Fwp%2Fv2%2Fmedia&parent=22414"}],"wp:term":[{"taxonomy":"category","embeddable":true,"href":"https:\/\/macite.tg\/index.php?rest_route=%2Fwp%2Fv2%2Fcategories&post=22414"},{"taxonomy":"post_tag","embeddable":true,"href":"https:\/\/macite.tg\/index.php?rest_route=%2Fwp%2Fv2%2Ftags&post=22414"}],"curies":[{"name":"wp","href":"https:\/\/api.w.org\/{rel}","templated":true}]}}