{"id":22333,"date":"2025-05-26T12:15:56","date_gmt":"2025-05-26T12:15:56","guid":{"rendered":"https:\/\/macite.tg\/?p=22333"},"modified":"2025-05-26T12:16:00","modified_gmt":"2025-05-26T12:16:00","slug":"gouvernance-des-telecoms-le-mali-a-lecole-du-modele-togolais","status":"publish","type":"post","link":"https:\/\/macite.tg\/?p=22333","title":{"rendered":"GOUVERNANCE DES TELECOMS : Le Mali \u00e0 l\u2019\u00e9cole du mod\u00e8le togolais"},"content":{"rendered":"\n<p class=\"wp-block-paragraph\"><strong><em>La gestion du secteur des t\u00e9l\u00e9coms au Togo suscite admiration au-del\u00e0 des fronti\u00e8res. Une d\u00e9l\u00e9gation de l\u2019Autorit\u00e9 malienne de r\u00e9gulation des t\u00e9l\u00e9communications, des technologies de l\u2019information et de la communication et des postes (AMRTP) a effectu\u00e9, du 12 au 13 mai dernier, une visite de travail \u00e0 Lom\u00e9.<\/em><\/strong><\/p>\n\n\n\n<p class=\"wp-block-paragraph\">Dans le cadre d\u2019un partage d\u2019exp\u00e9rience autour du Syst\u00e8me de Management de la Qualit\u00e9 (SMQ), une d\u00e9l\u00e9gation de l\u2019Autorit\u00e9 malienne de r\u00e9gulation des t\u00e9l\u00e9communications (AMRTP) \u00e9tait en visite de travail \u00e0 Lom\u00e9. Conduite par Secr\u00e9taire ex\u00e9cutif de l\u2019institution, Abdoulaye Coulibaly, la d\u00e9l\u00e9gation est venue s\u2019informer sur les m\u00e9canismes d\u00e9ploy\u00e9s par l\u2019Autorit\u00e9 de R\u00e9gulation des Communications \u00c9lectroniques et des Postes (ARCEP) du Togo, pour l\u2019instauration, la certification et le maintien d\u2019un SMQ.<\/p>\n\n\n<div class=\"wp-block-image\">\n<figure class=\"aligncenter size-full\"><img loading=\"lazy\" decoding=\"async\" width=\"851\" height=\"315\" src=\"https:\/\/macite.tg\/wp-content\/uploads\/2025\/05\/OTR_Ferer-pour-batir.jpg\" alt=\"\" class=\"wp-image-22094\" srcset=\"https:\/\/macite.tg\/wp-content\/uploads\/2025\/05\/OTR_Ferer-pour-batir.jpg 851w, https:\/\/macite.tg\/wp-content\/uploads\/2025\/05\/OTR_Ferer-pour-batir-300x111.jpg 300w, https:\/\/macite.tg\/wp-content\/uploads\/2025\/05\/OTR_Ferer-pour-batir-768x284.jpg 768w\" sizes=\"auto, (max-width: 851px) 100vw, 851px\" \/><\/figure>\n<\/div>\n\n\n<p class=\"wp-block-paragraph\">Le Syst\u00e8me de Management de la Qualit\u00e9 (SMQ), qui a \u00e9t\u00e9 d\u00e9ploy\u00e9 avec succ\u00e8s au Togo, a fait l\u2019objet d\u2019une certification en septembre 2023. Une ann\u00e9e plus tard, en septembre 2024 pr\u00e9cis\u00e9ment, l\u2019audit r\u00e9alis\u00e9 sur le SMQ a \u00e9t\u00e9 concluant, ce qui t\u00e9moigne de la gestion efficace dudit Syst\u00e8me. &nbsp;<\/p>\n\n\n<div class=\"wp-block-image\">\n<figure class=\"aligncenter size-large is-resized\"><img loading=\"lazy\" decoding=\"async\" width=\"1024\" height=\"1024\" src=\"https:\/\/macite.tg\/wp-content\/uploads\/2025\/05\/d4c3a8a5-b555-493c-b116-93e62f3746c8-1-1024x1024.jpg\" alt=\"\" class=\"wp-image-22330\" style=\"width:592px;height:auto\" srcset=\"https:\/\/macite.tg\/wp-content\/uploads\/2025\/05\/d4c3a8a5-b555-493c-b116-93e62f3746c8-1-1024x1024.jpg 1024w, https:\/\/macite.tg\/wp-content\/uploads\/2025\/05\/d4c3a8a5-b555-493c-b116-93e62f3746c8-1-300x300.jpg 300w, https:\/\/macite.tg\/wp-content\/uploads\/2025\/05\/d4c3a8a5-b555-493c-b116-93e62f3746c8-1-150x150.jpg 150w, https:\/\/macite.tg\/wp-content\/uploads\/2025\/05\/d4c3a8a5-b555-493c-b116-93e62f3746c8-1-768x768.jpg 768w, https:\/\/macite.tg\/wp-content\/uploads\/2025\/05\/d4c3a8a5-b555-493c-b116-93e62f3746c8-1-122x122.jpg 122w, https:\/\/macite.tg\/wp-content\/uploads\/2025\/05\/d4c3a8a5-b555-493c-b116-93e62f3746c8-1.jpg 1080w\" sizes=\"auto, (max-width: 1024px) 100vw, 1024px\" \/><\/figure>\n<\/div>\n\n\n<p class=\"wp-block-paragraph\">Notons qu\u2019un accord bilat\u00e9ral existe entre le Togo et le Mali, permet de faciliter les \u00e9changes entre Lom\u00e9 et Bamako. Et cette visite de travail t\u00e9moigne l\u2019engagement des deux pays \u00e0 faire \u00e9voluer cet accord bilat\u00e9ral.<\/p>\n\n\n\n<p class=\"wp-block-paragraph\"><strong>Mab\u00e9 B.<\/strong><\/p>\n\n\n\n<p class=\"wp-block-paragraph\"><a><strong><em>@macite.tg&nbsp;&nbsp;&nbsp;&nbsp;&nbsp;&nbsp;&nbsp;&nbsp;<\/em><\/strong><\/a><\/p>\n\n\n\n<p class=\"wp-block-paragraph\"><strong><em>E-mail&nbsp;: <\/em><\/strong><a href=\"mailto:maciteinfo@gmail.com\"><strong><em>maciteinfo@gmail.com<\/em><\/strong><\/a><strong><em>; <\/em><\/strong><a href=\"mailto:bawela1@gmail.com\"><strong><em>bawela1@gmail.com<\/em><\/strong><\/a><strong><em><\/em><\/strong><\/p>\n\n\n\n<p class=\"wp-block-paragraph\"><strong><em>Pour vos annonces, (publi)reportages, etc., joignez-nous au (00228)91515309\/<strong>79872224 <\/strong>www.macite.tg, L\u2019information, la bonne&nbsp;!<\/em><\/strong><\/p>\n\n\n\n<p class=\"wp-block-paragraph\"><\/p>\n","protected":false},"excerpt":{"rendered":"<p class=\"text-justify mb-2\" >La gestion du secteur des t\u00e9l\u00e9coms au Togo suscite admiration au-del\u00e0 des fronti\u00e8res. Une d\u00e9l\u00e9gation de l\u2019Autorit\u00e9 malienne de r\u00e9gulation des t\u00e9l\u00e9communications, des technologies de l\u2019information et de la communication et des postes (AMRTP) a effectu\u00e9, du 12 au 13 mai dernier, une visite de [&hellip;]<\/p>\n","protected":false},"author":2,"featured_media":22334,"comment_status":"open","ping_status":"open","sticky":false,"template":"","format":"standard","meta":{"footnotes":""},"categories":[20,33],"tags":[],"class_list":["post-22333","post","type-post","status-publish","format-standard","has-post-thumbnail","hentry","category-actualite","category-telecom"],"yoast_head":"<!-- This site is optimized with the Yoast SEO plugin v28.4 - https:\/\/yoast.com\/product\/yoast-seo-wordpress\/ -->\n<title>GOUVERNANCE DES TELECOMS : Le Mali \u00e0 l\u2019\u00e9cole du mod\u00e8le togolais -<\/title>\n<meta name=\"robots\" content=\"index, follow, max-snippet:-1, max-image-preview:large, max-video-preview:-1\" \/>\n<link rel=\"canonical\" href=\"https:\/\/macite.tg\/?p=22333\" \/>\n<meta property=\"og:locale\" content=\"fr_FR\" \/>\n<meta property=\"og:type\" content=\"article\" \/>\n<meta property=\"og:title\" content=\"GOUVERNANCE DES TELECOMS : Le Mali \u00e0 l\u2019\u00e9cole du mod\u00e8le togolais -\" \/>\n<meta property=\"og:description\" content=\"La gestion du secteur des t\u00e9l\u00e9coms au Togo suscite admiration au-del\u00e0 des fronti\u00e8res. Une d\u00e9l\u00e9gation de l\u2019Autorit\u00e9 malienne de r\u00e9gulation des t\u00e9l\u00e9communications, des technologies de l\u2019information et de la communication et des postes (AMRTP) a effectu\u00e9, du 12 au 13 mai dernier, une visite de [&hellip;]\" \/>\n<meta property=\"og:url\" content=\"https:\/\/macite.tg\/?p=22333\" \/>\n<meta property=\"article:published_time\" content=\"2025-05-26T12:15:56+00:00\" \/>\n<meta property=\"article:modified_time\" content=\"2025-05-26T12:16:00+00:00\" \/>\n<meta property=\"og:image\" content=\"https:\/\/macite.tg\/wp-content\/uploads\/2025\/05\/ARCEP-togo-et-mali.jpg\" \/>\n\t<meta property=\"og:image:width\" content=\"500\" \/>\n\t<meta property=\"og:image:height\" content=\"324\" \/>\n\t<meta property=\"og:image:type\" content=\"image\/jpeg\" \/>\n<meta name=\"author\" content=\"Jean Pierre BAWELA\" \/>\n<meta name=\"twitter:card\" content=\"summary_large_image\" \/>\n<meta name=\"twitter:label1\" content=\"\u00c9crit par\" \/>\n\t<meta name=\"twitter:data1\" content=\"Jean Pierre BAWELA\" \/>\n\t<meta name=\"twitter:label2\" content=\"Dur\u00e9e de lecture estim\u00e9e\" \/>\n\t<meta name=\"twitter:data2\" content=\"2 minutes\" \/>\n<script type=\"application\/ld+json\" class=\"yoast-schema-graph\">{\"@context\":\"https:\\\/\\\/schema.org\",\"@graph\":[{\"@type\":\"Article\",\"@id\":\"https:\\\/\\\/macite.tg\\\/?p=22333#article\",\"isPartOf\":{\"@id\":\"https:\\\/\\\/macite.tg\\\/?p=22333\"},\"author\":{\"name\":\"Jean Pierre BAWELA\",\"@id\":\"https:\\\/\\\/macite.tg\\\/#\\\/schema\\\/person\\\/e9f2de7e5dbbe7770a9402c7ce82f5c2\"},\"headline\":\"GOUVERNANCE DES TELECOMS : Le Mali \u00e0 l\u2019\u00e9cole du mod\u00e8le togolais\",\"datePublished\":\"2025-05-26T12:15:56+00:00\",\"dateModified\":\"2025-05-26T12:16:00+00:00\",\"mainEntityOfPage\":{\"@id\":\"https:\\\/\\\/macite.tg\\\/?p=22333\"},\"wordCount\":295,\"commentCount\":0,\"image\":{\"@id\":\"https:\\\/\\\/macite.tg\\\/?p=22333#primaryimage\"},\"thumbnailUrl\":\"https:\\\/\\\/macite.tg\\\/wp-content\\\/uploads\\\/2025\\\/05\\\/ARCEP-togo-et-mali.jpg\",\"articleSection\":[\"ACTUALITE\",\"TELECOM\"],\"inLanguage\":\"fr-FR\",\"potentialAction\":[{\"@type\":\"CommentAction\",\"name\":\"Comment\",\"target\":[\"https:\\\/\\\/macite.tg\\\/?p=22333#respond\"]}]},{\"@type\":\"WebPage\",\"@id\":\"https:\\\/\\\/macite.tg\\\/?p=22333\",\"url\":\"https:\\\/\\\/macite.tg\\\/?p=22333\",\"name\":\"GOUVERNANCE DES TELECOMS : Le Mali \u00e0 l\u2019\u00e9cole du mod\u00e8le togolais -\",\"isPartOf\":{\"@id\":\"https:\\\/\\\/macite.tg\\\/#website\"},\"primaryImageOfPage\":{\"@id\":\"https:\\\/\\\/macite.tg\\\/?p=22333#primaryimage\"},\"image\":{\"@id\":\"https:\\\/\\\/macite.tg\\\/?p=22333#primaryimage\"},\"thumbnailUrl\":\"https:\\\/\\\/macite.tg\\\/wp-content\\\/uploads\\\/2025\\\/05\\\/ARCEP-togo-et-mali.jpg\",\"datePublished\":\"2025-05-26T12:15:56+00:00\",\"dateModified\":\"2025-05-26T12:16:00+00:00\",\"author\":{\"@id\":\"https:\\\/\\\/macite.tg\\\/#\\\/schema\\\/person\\\/e9f2de7e5dbbe7770a9402c7ce82f5c2\"},\"breadcrumb\":{\"@id\":\"https:\\\/\\\/macite.tg\\\/?p=22333#breadcrumb\"},\"inLanguage\":\"fr-FR\",\"potentialAction\":[{\"@type\":\"ReadAction\",\"target\":[\"https:\\\/\\\/macite.tg\\\/?p=22333\"]}]},{\"@type\":\"ImageObject\",\"inLanguage\":\"fr-FR\",\"@id\":\"https:\\\/\\\/macite.tg\\\/?p=22333#primaryimage\",\"url\":\"https:\\\/\\\/macite.tg\\\/wp-content\\\/uploads\\\/2025\\\/05\\\/ARCEP-togo-et-mali.jpg\",\"contentUrl\":\"https:\\\/\\\/macite.tg\\\/wp-content\\\/uploads\\\/2025\\\/05\\\/ARCEP-togo-et-mali.jpg\",\"width\":500,\"height\":324,\"caption\":\"Photo de famille\"},{\"@type\":\"BreadcrumbList\",\"@id\":\"https:\\\/\\\/macite.tg\\\/?p=22333#breadcrumb\",\"itemListElement\":[{\"@type\":\"ListItem\",\"position\":1,\"name\":\"Accueil\",\"item\":\"https:\\\/\\\/macite.tg\\\/\"},{\"@type\":\"ListItem\",\"position\":2,\"name\":\"GOUVERNANCE DES TELECOMS : Le Mali \u00e0 l\u2019\u00e9cole du mod\u00e8le togolais\"}]},{\"@type\":\"WebSite\",\"@id\":\"https:\\\/\\\/macite.tg\\\/#website\",\"url\":\"https:\\\/\\\/macite.tg\\\/\",\"name\":\"\",\"description\":\"L&#039;information, la bonne!!!\",\"potentialAction\":[{\"@type\":\"SearchAction\",\"target\":{\"@type\":\"EntryPoint\",\"urlTemplate\":\"https:\\\/\\\/macite.tg\\\/?s={search_term_string}\"},\"query-input\":{\"@type\":\"PropertyValueSpecification\",\"valueRequired\":true,\"valueName\":\"search_term_string\"}}],\"inLanguage\":\"fr-FR\"},{\"@type\":\"Person\",\"@id\":\"https:\\\/\\\/macite.tg\\\/#\\\/schema\\\/person\\\/e9f2de7e5dbbe7770a9402c7ce82f5c2\",\"name\":\"Jean Pierre BAWELA\",\"image\":{\"@type\":\"ImageObject\",\"inLanguage\":\"fr-FR\",\"@id\":\"https:\\\/\\\/macite.tg\\\/wp-content\\\/uploads\\\/2023\\\/09\\\/WhatsApp-Image-2023-09-19-at-14.44.41-122x122.jpeg\",\"url\":\"https:\\\/\\\/macite.tg\\\/wp-content\\\/uploads\\\/2023\\\/09\\\/WhatsApp-Image-2023-09-19-at-14.44.41-122x122.jpeg\",\"contentUrl\":\"https:\\\/\\\/macite.tg\\\/wp-content\\\/uploads\\\/2023\\\/09\\\/WhatsApp-Image-2023-09-19-at-14.44.41-122x122.jpeg\",\"caption\":\"Jean Pierre BAWELA\"},\"url\":\"https:\\\/\\\/macite.tg\\\/?author=2\"}]}<\/script>\n<!-- \/ Yoast SEO plugin. -->","yoast_head_json":{"title":"GOUVERNANCE DES TELECOMS : Le Mali \u00e0 l\u2019\u00e9cole du mod\u00e8le togolais -","robots":{"index":"index","follow":"follow","max-snippet":"max-snippet:-1","max-image-preview":"max-image-preview:large","max-video-preview":"max-video-preview:-1"},"canonical":"https:\/\/macite.tg\/?p=22333","og_locale":"fr_FR","og_type":"article","og_title":"GOUVERNANCE DES TELECOMS : Le Mali \u00e0 l\u2019\u00e9cole du mod\u00e8le togolais -","og_description":"La gestion du secteur des t\u00e9l\u00e9coms au Togo suscite admiration au-del\u00e0 des fronti\u00e8res. Une d\u00e9l\u00e9gation de l\u2019Autorit\u00e9 malienne de r\u00e9gulation des t\u00e9l\u00e9communications, des technologies de l\u2019information et de la communication et des postes (AMRTP) a effectu\u00e9, du 12 au 13 mai dernier, une visite de [&hellip;]","og_url":"https:\/\/macite.tg\/?p=22333","article_published_time":"2025-05-26T12:15:56+00:00","article_modified_time":"2025-05-26T12:16:00+00:00","og_image":[{"width":500,"height":324,"url":"https:\/\/macite.tg\/wp-content\/uploads\/2025\/05\/ARCEP-togo-et-mali.jpg","type":"image\/jpeg"}],"author":"Jean Pierre BAWELA","twitter_card":"summary_large_image","twitter_misc":{"\u00c9crit par":"Jean Pierre BAWELA","Dur\u00e9e de lecture estim\u00e9e":"2 minutes"},"schema":{"@context":"https:\/\/schema.org","@graph":[{"@type":"Article","@id":"https:\/\/macite.tg\/?p=22333#article","isPartOf":{"@id":"https:\/\/macite.tg\/?p=22333"},"author":{"name":"Jean Pierre BAWELA","@id":"https:\/\/macite.tg\/#\/schema\/person\/e9f2de7e5dbbe7770a9402c7ce82f5c2"},"headline":"GOUVERNANCE DES TELECOMS : Le Mali \u00e0 l\u2019\u00e9cole du mod\u00e8le togolais","datePublished":"2025-05-26T12:15:56+00:00","dateModified":"2025-05-26T12:16:00+00:00","mainEntityOfPage":{"@id":"https:\/\/macite.tg\/?p=22333"},"wordCount":295,"commentCount":0,"image":{"@id":"https:\/\/macite.tg\/?p=22333#primaryimage"},"thumbnailUrl":"https:\/\/macite.tg\/wp-content\/uploads\/2025\/05\/ARCEP-togo-et-mali.jpg","articleSection":["ACTUALITE","TELECOM"],"inLanguage":"fr-FR","potentialAction":[{"@type":"CommentAction","name":"Comment","target":["https:\/\/macite.tg\/?p=22333#respond"]}]},{"@type":"WebPage","@id":"https:\/\/macite.tg\/?p=22333","url":"https:\/\/macite.tg\/?p=22333","name":"GOUVERNANCE DES TELECOMS : Le Mali \u00e0 l\u2019\u00e9cole du mod\u00e8le togolais -","isPartOf":{"@id":"https:\/\/macite.tg\/#website"},"primaryImageOfPage":{"@id":"https:\/\/macite.tg\/?p=22333#primaryimage"},"image":{"@id":"https:\/\/macite.tg\/?p=22333#primaryimage"},"thumbnailUrl":"https:\/\/macite.tg\/wp-content\/uploads\/2025\/05\/ARCEP-togo-et-mali.jpg","datePublished":"2025-05-26T12:15:56+00:00","dateModified":"2025-05-26T12:16:00+00:00","author":{"@id":"https:\/\/macite.tg\/#\/schema\/person\/e9f2de7e5dbbe7770a9402c7ce82f5c2"},"breadcrumb":{"@id":"https:\/\/macite.tg\/?p=22333#breadcrumb"},"inLanguage":"fr-FR","potentialAction":[{"@type":"ReadAction","target":["https:\/\/macite.tg\/?p=22333"]}]},{"@type":"ImageObject","inLanguage":"fr-FR","@id":"https:\/\/macite.tg\/?p=22333#primaryimage","url":"https:\/\/macite.tg\/wp-content\/uploads\/2025\/05\/ARCEP-togo-et-mali.jpg","contentUrl":"https:\/\/macite.tg\/wp-content\/uploads\/2025\/05\/ARCEP-togo-et-mali.jpg","width":500,"height":324,"caption":"Photo de famille"},{"@type":"BreadcrumbList","@id":"https:\/\/macite.tg\/?p=22333#breadcrumb","itemListElement":[{"@type":"ListItem","position":1,"name":"Accueil","item":"https:\/\/macite.tg\/"},{"@type":"ListItem","position":2,"name":"GOUVERNANCE DES TELECOMS : Le Mali \u00e0 l\u2019\u00e9cole du mod\u00e8le togolais"}]},{"@type":"WebSite","@id":"https:\/\/macite.tg\/#website","url":"https:\/\/macite.tg\/","name":"","description":"L&#039;information, la bonne!!!","potentialAction":[{"@type":"SearchAction","target":{"@type":"EntryPoint","urlTemplate":"https:\/\/macite.tg\/?s={search_term_string}"},"query-input":{"@type":"PropertyValueSpecification","valueRequired":true,"valueName":"search_term_string"}}],"inLanguage":"fr-FR"},{"@type":"Person","@id":"https:\/\/macite.tg\/#\/schema\/person\/e9f2de7e5dbbe7770a9402c7ce82f5c2","name":"Jean Pierre BAWELA","image":{"@type":"ImageObject","inLanguage":"fr-FR","@id":"https:\/\/macite.tg\/wp-content\/uploads\/2023\/09\/WhatsApp-Image-2023-09-19-at-14.44.41-122x122.jpeg","url":"https:\/\/macite.tg\/wp-content\/uploads\/2023\/09\/WhatsApp-Image-2023-09-19-at-14.44.41-122x122.jpeg","contentUrl":"https:\/\/macite.tg\/wp-content\/uploads\/2023\/09\/WhatsApp-Image-2023-09-19-at-14.44.41-122x122.jpeg","caption":"Jean Pierre BAWELA"},"url":"https:\/\/macite.tg\/?author=2"}]}},"_links":{"self":[{"href":"https:\/\/macite.tg\/index.php?rest_route=\/wp\/v2\/posts\/22333","targetHints":{"allow":["GET"]}}],"collection":[{"href":"https:\/\/macite.tg\/index.php?rest_route=\/wp\/v2\/posts"}],"about":[{"href":"https:\/\/macite.tg\/index.php?rest_route=\/wp\/v2\/types\/post"}],"author":[{"embeddable":true,"href":"https:\/\/macite.tg\/index.php?rest_route=\/wp\/v2\/users\/2"}],"replies":[{"embeddable":true,"href":"https:\/\/macite.tg\/index.php?rest_route=%2Fwp%2Fv2%2Fcomments&post=22333"}],"version-history":[{"count":0,"href":"https:\/\/macite.tg\/index.php?rest_route=\/wp\/v2\/posts\/22333\/revisions"}],"wp:featuredmedia":[{"embeddable":true,"href":"https:\/\/macite.tg\/index.php?rest_route=\/wp\/v2\/media\/22334"}],"wp:attachment":[{"href":"https:\/\/macite.tg\/index.php?rest_route=%2Fwp%2Fv2%2Fmedia&parent=22333"}],"wp:term":[{"taxonomy":"category","embeddable":true,"href":"https:\/\/macite.tg\/index.php?rest_route=%2Fwp%2Fv2%2Fcategories&post=22333"},{"taxonomy":"post_tag","embeddable":true,"href":"https:\/\/macite.tg\/index.php?rest_route=%2Fwp%2Fv2%2Ftags&post=22333"}],"curies":[{"name":"wp","href":"https:\/\/api.w.org\/{rel}","templated":true}]}}