{"id":22332,"date":"2025-05-26T12:57:02","date_gmt":"2025-05-26T12:57:02","guid":{"rendered":"https:\/\/macite.tg\/?p=22332"},"modified":"2025-05-26T13:09:13","modified_gmt":"2025-05-26T13:09:13","slug":"journee-de-larbre-2025-sokode-accueille-une-conference-publique-sur-la-revolution-verte-le-31-mai-prochain","status":"publish","type":"post","link":"https:\/\/macite.tg\/?p=22332","title":{"rendered":"JOURNEE DE L\u2019ARBRE 2025\u00a0: Sokod\u00e9 accueille une conf\u00e9rence publique sur la \u2018\u2019R\u00e9volution verte\u2019\u2019\u2026 le 31 mai prochain"},"content":{"rendered":"\n<p class=\"wp-block-paragraph\"><strong><em>En pr\u00e9lude \u00e0 l\u2019\u00e9dition 2025 de la Journ\u00e9e de l\u2019arbre et dans le cadre des activit\u00e9s comm\u00e9moratives des 20 ans du rappel \u00e0 Dieu du P\u00e8re de la Nation, le Pr\u00e9sident Gnassingb\u00e9 Eyad\u00e9ma, une conf\u00e9rence publique est organis\u00e9e, le 31 mai prochain \u00e0 Nassam\u2019S H\u00f4tel \u00e0 Sokod\u00e9, dans la pr\u00e9fecture de Tchaoudjo.<\/em><\/strong><\/p>\n\n\n\n<p class=\"wp-block-paragraph\"><em>\u00ab\u00a0Togo\u00a0: impact de la r\u00e9volution verte initi\u00e9e par le Pr\u00e9sident Gnassingb\u00e9 Eyad\u00e9ma\u00a0\u00bb,<\/em> tel est le th\u00e8me de cette conf\u00e9rence publique, plac\u00e9e sous le patronage du Pr\u00e9sident du Conseil de la R\u00e9publique Togolaise, Faure Essozimna Gnassingb\u00e9.<\/p>\n\n\n<div class=\"wp-block-image\">\n<figure class=\"aligncenter size-full is-resized\"><img loading=\"lazy\" decoding=\"async\" width=\"690\" height=\"170\" src=\"https:\/\/macite.tg\/wp-content\/uploads\/2025\/05\/OTR_TVM-2.jpg\" alt=\"\" class=\"wp-image-22300\" style=\"width:840px;height:auto\" srcset=\"https:\/\/macite.tg\/wp-content\/uploads\/2025\/05\/OTR_TVM-2.jpg 690w, https:\/\/macite.tg\/wp-content\/uploads\/2025\/05\/OTR_TVM-2-300x74.jpg 300w\" sizes=\"auto, (max-width: 690px) 100vw, 690px\" \/><\/figure>\n<\/div>\n\n\n<p class=\"wp-block-paragraph\">Cette rencontre devra aborder le contexte ayant pr\u00e9sid\u00e9 l\u2019instauration de ce vaste projet socio-\u00e9conomique. Elle passera ainsi en revue les impacts de la r\u00e9volution verte initi\u00e9e par l\u2019illustre d\u00e9funt. &nbsp;<\/p>\n\n\n\n<p class=\"wp-block-paragraph\">Selon les organisateurs, cette conf\u00e9rence devra \u00e9galement jeter un faisceau lumineux sur les retomb\u00e9es de cette r\u00e9volution, notamment en termes de mutations \u00e9conomiques, sociales et environnementales.\u00a0<\/p>\n\n\n<div class=\"wp-block-image\">\n<figure class=\"aligncenter size-full is-resized\"><img loading=\"lazy\" decoding=\"async\" width=\"500\" height=\"304\" src=\"https:\/\/macite.tg\/wp-content\/uploads\/2025\/05\/OTR_SAM-1.jpg\" alt=\"\" class=\"wp-image-22096\" style=\"width:630px;height:auto\" srcset=\"https:\/\/macite.tg\/wp-content\/uploads\/2025\/05\/OTR_SAM-1.jpg 500w, https:\/\/macite.tg\/wp-content\/uploads\/2025\/05\/OTR_SAM-1-300x182.jpg 300w\" sizes=\"auto, (max-width: 500px) 100vw, 500px\" \/><\/figure>\n<\/div>\n\n\n<p class=\"wp-block-paragraph\">Dans une note officielle, le ministre de l\u2019Administration territoriale, le Col Hodabalo Awat\u00e9, invite les populations de la r\u00e9gion Centrale \u00e0 se mobiliser pour le succ\u00e8s de cette <em><em>\u00ab<\/em><\/em> <em>rencontre scientifique qui retrace les sacrifices consentis par le Pr\u00e9sident GGnassingb\u00e9 Eyad\u00e9ma sur la voie de l&rsquo;autosuffisance alimentaire, fondement essentiel de toute ind\u00e9pendance \u00e9conomique<em>\u00bb<\/em> <\/em>.<\/p>\n\n\n\n<p class=\"wp-block-paragraph\"><strong>Mab\u00e9 B.<\/strong><\/p>\n\n\n\n<p class=\"wp-block-paragraph\">&nbsp;<a><strong><em>@macite.tg&nbsp;&nbsp;&nbsp;&nbsp;&nbsp;&nbsp;&nbsp;<\/em><\/strong><\/a><\/p>\n\n\n\n<p class=\"wp-block-paragraph\"><strong><em>E-mail&nbsp;: <\/em><\/strong><a href=\"mailto:maciteinfo@gmail.com\"><strong><em>maciteinfo@gmail.com<\/em><\/strong><\/a><strong><em>; <\/em><\/strong><a href=\"mailto:bawela1@gmail.com\"><strong><em>bawela1@gmail.com<\/em><\/strong><\/a><strong><em><\/em><\/strong><\/p>\n\n\n\n<p class=\"wp-block-paragraph\"><strong><em>Pour vos annonces, (publi)reportages, etc., joignez-nous au (00228)91515309\/<strong>79872224 <\/strong>www.macite.tg, L\u2019information, la bonne&nbsp;!<\/em><\/strong><\/p>\n\n\n\n<p class=\"wp-block-paragraph\"><\/p>\n","protected":false},"excerpt":{"rendered":"<p class=\"text-justify mb-2\" >En pr\u00e9lude \u00e0 l\u2019\u00e9dition 2025 de la Journ\u00e9e de l\u2019arbre et dans le cadre des activit\u00e9s comm\u00e9moratives des 20 ans du rappel \u00e0 Dieu du P\u00e8re de la Nation, le Pr\u00e9sident Gnassingb\u00e9 Eyad\u00e9ma, une conf\u00e9rence publique est organis\u00e9e, le 31 mai prochain \u00e0 Nassam\u2019S H\u00f4tel [&hellip;]<\/p>\n","protected":false},"author":2,"featured_media":22336,"comment_status":"open","ping_status":"open","sticky":false,"template":"","format":"standard","meta":{"footnotes":""},"categories":[20,19],"tags":[],"class_list":["post-22332","post","type-post","status-publish","format-standard","has-post-thumbnail","hentry","category-actualite","category-environnement"],"yoast_head":"<!-- This site is optimized with the Yoast SEO plugin v28.4 - https:\/\/yoast.com\/product\/yoast-seo-wordpress\/ -->\n<title>JOURNEE DE L\u2019ARBRE 2025\u00a0: Sokod\u00e9 accueille une conf\u00e9rence publique sur la \u2018\u2019R\u00e9volution verte\u2019\u2019\u2026 le 31 mai prochain -<\/title>\n<meta name=\"robots\" content=\"index, follow, max-snippet:-1, max-image-preview:large, max-video-preview:-1\" \/>\n<link rel=\"canonical\" href=\"https:\/\/macite.tg\/?p=22332\" \/>\n<meta property=\"og:locale\" content=\"fr_FR\" \/>\n<meta property=\"og:type\" content=\"article\" \/>\n<meta property=\"og:title\" content=\"JOURNEE DE L\u2019ARBRE 2025\u00a0: Sokod\u00e9 accueille une conf\u00e9rence publique sur la \u2018\u2019R\u00e9volution verte\u2019\u2019\u2026 le 31 mai prochain -\" \/>\n<meta property=\"og:description\" content=\"En pr\u00e9lude \u00e0 l\u2019\u00e9dition 2025 de la Journ\u00e9e de l\u2019arbre et dans le cadre des activit\u00e9s comm\u00e9moratives des 20 ans du rappel \u00e0 Dieu du P\u00e8re de la Nation, le Pr\u00e9sident Gnassingb\u00e9 Eyad\u00e9ma, une conf\u00e9rence publique est organis\u00e9e, le 31 mai prochain \u00e0 Nassam\u2019S H\u00f4tel [&hellip;]\" \/>\n<meta property=\"og:url\" content=\"https:\/\/macite.tg\/?p=22332\" \/>\n<meta property=\"article:published_time\" content=\"2025-05-26T12:57:02+00:00\" \/>\n<meta property=\"article:modified_time\" content=\"2025-05-26T13:09:13+00:00\" \/>\n<meta property=\"og:image\" content=\"https:\/\/macite.tg\/wp-content\/uploads\/2025\/05\/image-85.png\" \/>\n\t<meta property=\"og:image:width\" content=\"474\" \/>\n\t<meta property=\"og:image:height\" content=\"266\" \/>\n\t<meta property=\"og:image:type\" content=\"image\/png\" \/>\n<meta name=\"author\" content=\"Jean Pierre BAWELA\" \/>\n<meta name=\"twitter:card\" content=\"summary_large_image\" \/>\n<meta name=\"twitter:label1\" content=\"\u00c9crit par\" \/>\n\t<meta name=\"twitter:data1\" content=\"Jean Pierre BAWELA\" \/>\n\t<meta name=\"twitter:label2\" content=\"Dur\u00e9e de lecture estim\u00e9e\" \/>\n\t<meta name=\"twitter:data2\" content=\"2 minutes\" \/>\n<script type=\"application\/ld+json\" class=\"yoast-schema-graph\">{\"@context\":\"https:\\\/\\\/schema.org\",\"@graph\":[{\"@type\":\"Article\",\"@id\":\"https:\\\/\\\/macite.tg\\\/?p=22332#article\",\"isPartOf\":{\"@id\":\"https:\\\/\\\/macite.tg\\\/?p=22332\"},\"author\":{\"name\":\"Jean Pierre BAWELA\",\"@id\":\"https:\\\/\\\/macite.tg\\\/#\\\/schema\\\/person\\\/e9f2de7e5dbbe7770a9402c7ce82f5c2\"},\"headline\":\"JOURNEE DE L\u2019ARBRE 2025\u00a0: Sokod\u00e9 accueille une conf\u00e9rence publique sur la \u2018\u2019R\u00e9volution verte\u2019\u2019\u2026 le 31 mai prochain\",\"datePublished\":\"2025-05-26T12:57:02+00:00\",\"dateModified\":\"2025-05-26T13:09:13+00:00\",\"mainEntityOfPage\":{\"@id\":\"https:\\\/\\\/macite.tg\\\/?p=22332\"},\"wordCount\":281,\"commentCount\":0,\"image\":{\"@id\":\"https:\\\/\\\/macite.tg\\\/?p=22332#primaryimage\"},\"thumbnailUrl\":\"https:\\\/\\\/macite.tg\\\/wp-content\\\/uploads\\\/2025\\\/05\\\/image-85.png\",\"articleSection\":[\"ACTUALITE\",\"ENVIRONNEMENT\"],\"inLanguage\":\"fr-FR\",\"potentialAction\":[{\"@type\":\"CommentAction\",\"name\":\"Comment\",\"target\":[\"https:\\\/\\\/macite.tg\\\/?p=22332#respond\"]}]},{\"@type\":\"WebPage\",\"@id\":\"https:\\\/\\\/macite.tg\\\/?p=22332\",\"url\":\"https:\\\/\\\/macite.tg\\\/?p=22332\",\"name\":\"JOURNEE DE L\u2019ARBRE 2025\u00a0: Sokod\u00e9 accueille une conf\u00e9rence publique sur la \u2018\u2019R\u00e9volution verte\u2019\u2019\u2026 le 31 mai prochain -\",\"isPartOf\":{\"@id\":\"https:\\\/\\\/macite.tg\\\/#website\"},\"primaryImageOfPage\":{\"@id\":\"https:\\\/\\\/macite.tg\\\/?p=22332#primaryimage\"},\"image\":{\"@id\":\"https:\\\/\\\/macite.tg\\\/?p=22332#primaryimage\"},\"thumbnailUrl\":\"https:\\\/\\\/macite.tg\\\/wp-content\\\/uploads\\\/2025\\\/05\\\/image-85.png\",\"datePublished\":\"2025-05-26T12:57:02+00:00\",\"dateModified\":\"2025-05-26T13:09:13+00:00\",\"author\":{\"@id\":\"https:\\\/\\\/macite.tg\\\/#\\\/schema\\\/person\\\/e9f2de7e5dbbe7770a9402c7ce82f5c2\"},\"breadcrumb\":{\"@id\":\"https:\\\/\\\/macite.tg\\\/?p=22332#breadcrumb\"},\"inLanguage\":\"fr-FR\",\"potentialAction\":[{\"@type\":\"ReadAction\",\"target\":[\"https:\\\/\\\/macite.tg\\\/?p=22332\"]}]},{\"@type\":\"ImageObject\",\"inLanguage\":\"fr-FR\",\"@id\":\"https:\\\/\\\/macite.tg\\\/?p=22332#primaryimage\",\"url\":\"https:\\\/\\\/macite.tg\\\/wp-content\\\/uploads\\\/2025\\\/05\\\/image-85.png\",\"contentUrl\":\"https:\\\/\\\/macite.tg\\\/wp-content\\\/uploads\\\/2025\\\/05\\\/image-85.png\",\"width\":474,\"height\":266},{\"@type\":\"BreadcrumbList\",\"@id\":\"https:\\\/\\\/macite.tg\\\/?p=22332#breadcrumb\",\"itemListElement\":[{\"@type\":\"ListItem\",\"position\":1,\"name\":\"Accueil\",\"item\":\"https:\\\/\\\/macite.tg\\\/\"},{\"@type\":\"ListItem\",\"position\":2,\"name\":\"JOURNEE DE L\u2019ARBRE 2025\u00a0: Sokod\u00e9 accueille une conf\u00e9rence publique sur la \u2018\u2019R\u00e9volution verte\u2019\u2019\u2026 le 31 mai prochain\"}]},{\"@type\":\"WebSite\",\"@id\":\"https:\\\/\\\/macite.tg\\\/#website\",\"url\":\"https:\\\/\\\/macite.tg\\\/\",\"name\":\"\",\"description\":\"L&#039;information, la bonne!!!\",\"potentialAction\":[{\"@type\":\"SearchAction\",\"target\":{\"@type\":\"EntryPoint\",\"urlTemplate\":\"https:\\\/\\\/macite.tg\\\/?s={search_term_string}\"},\"query-input\":{\"@type\":\"PropertyValueSpecification\",\"valueRequired\":true,\"valueName\":\"search_term_string\"}}],\"inLanguage\":\"fr-FR\"},{\"@type\":\"Person\",\"@id\":\"https:\\\/\\\/macite.tg\\\/#\\\/schema\\\/person\\\/e9f2de7e5dbbe7770a9402c7ce82f5c2\",\"name\":\"Jean Pierre BAWELA\",\"image\":{\"@type\":\"ImageObject\",\"inLanguage\":\"fr-FR\",\"@id\":\"https:\\\/\\\/macite.tg\\\/wp-content\\\/uploads\\\/2023\\\/09\\\/WhatsApp-Image-2023-09-19-at-14.44.41-122x122.jpeg\",\"url\":\"https:\\\/\\\/macite.tg\\\/wp-content\\\/uploads\\\/2023\\\/09\\\/WhatsApp-Image-2023-09-19-at-14.44.41-122x122.jpeg\",\"contentUrl\":\"https:\\\/\\\/macite.tg\\\/wp-content\\\/uploads\\\/2023\\\/09\\\/WhatsApp-Image-2023-09-19-at-14.44.41-122x122.jpeg\",\"caption\":\"Jean Pierre BAWELA\"},\"url\":\"https:\\\/\\\/macite.tg\\\/?author=2\"}]}<\/script>\n<!-- \/ Yoast SEO plugin. -->","yoast_head_json":{"title":"JOURNEE DE L\u2019ARBRE 2025\u00a0: Sokod\u00e9 accueille une conf\u00e9rence publique sur la \u2018\u2019R\u00e9volution verte\u2019\u2019\u2026 le 31 mai prochain -","robots":{"index":"index","follow":"follow","max-snippet":"max-snippet:-1","max-image-preview":"max-image-preview:large","max-video-preview":"max-video-preview:-1"},"canonical":"https:\/\/macite.tg\/?p=22332","og_locale":"fr_FR","og_type":"article","og_title":"JOURNEE DE L\u2019ARBRE 2025\u00a0: Sokod\u00e9 accueille une conf\u00e9rence publique sur la \u2018\u2019R\u00e9volution verte\u2019\u2019\u2026 le 31 mai prochain -","og_description":"En pr\u00e9lude \u00e0 l\u2019\u00e9dition 2025 de la Journ\u00e9e de l\u2019arbre et dans le cadre des activit\u00e9s comm\u00e9moratives des 20 ans du rappel \u00e0 Dieu du P\u00e8re de la Nation, le Pr\u00e9sident Gnassingb\u00e9 Eyad\u00e9ma, une conf\u00e9rence publique est organis\u00e9e, le 31 mai prochain \u00e0 Nassam\u2019S H\u00f4tel [&hellip;]","og_url":"https:\/\/macite.tg\/?p=22332","article_published_time":"2025-05-26T12:57:02+00:00","article_modified_time":"2025-05-26T13:09:13+00:00","og_image":[{"width":474,"height":266,"url":"https:\/\/macite.tg\/wp-content\/uploads\/2025\/05\/image-85.png","type":"image\/png"}],"author":"Jean Pierre BAWELA","twitter_card":"summary_large_image","twitter_misc":{"\u00c9crit par":"Jean Pierre BAWELA","Dur\u00e9e de lecture estim\u00e9e":"2 minutes"},"schema":{"@context":"https:\/\/schema.org","@graph":[{"@type":"Article","@id":"https:\/\/macite.tg\/?p=22332#article","isPartOf":{"@id":"https:\/\/macite.tg\/?p=22332"},"author":{"name":"Jean Pierre BAWELA","@id":"https:\/\/macite.tg\/#\/schema\/person\/e9f2de7e5dbbe7770a9402c7ce82f5c2"},"headline":"JOURNEE DE L\u2019ARBRE 2025\u00a0: Sokod\u00e9 accueille une conf\u00e9rence publique sur la \u2018\u2019R\u00e9volution verte\u2019\u2019\u2026 le 31 mai prochain","datePublished":"2025-05-26T12:57:02+00:00","dateModified":"2025-05-26T13:09:13+00:00","mainEntityOfPage":{"@id":"https:\/\/macite.tg\/?p=22332"},"wordCount":281,"commentCount":0,"image":{"@id":"https:\/\/macite.tg\/?p=22332#primaryimage"},"thumbnailUrl":"https:\/\/macite.tg\/wp-content\/uploads\/2025\/05\/image-85.png","articleSection":["ACTUALITE","ENVIRONNEMENT"],"inLanguage":"fr-FR","potentialAction":[{"@type":"CommentAction","name":"Comment","target":["https:\/\/macite.tg\/?p=22332#respond"]}]},{"@type":"WebPage","@id":"https:\/\/macite.tg\/?p=22332","url":"https:\/\/macite.tg\/?p=22332","name":"JOURNEE DE L\u2019ARBRE 2025\u00a0: Sokod\u00e9 accueille une conf\u00e9rence publique sur la \u2018\u2019R\u00e9volution verte\u2019\u2019\u2026 le 31 mai prochain -","isPartOf":{"@id":"https:\/\/macite.tg\/#website"},"primaryImageOfPage":{"@id":"https:\/\/macite.tg\/?p=22332#primaryimage"},"image":{"@id":"https:\/\/macite.tg\/?p=22332#primaryimage"},"thumbnailUrl":"https:\/\/macite.tg\/wp-content\/uploads\/2025\/05\/image-85.png","datePublished":"2025-05-26T12:57:02+00:00","dateModified":"2025-05-26T13:09:13+00:00","author":{"@id":"https:\/\/macite.tg\/#\/schema\/person\/e9f2de7e5dbbe7770a9402c7ce82f5c2"},"breadcrumb":{"@id":"https:\/\/macite.tg\/?p=22332#breadcrumb"},"inLanguage":"fr-FR","potentialAction":[{"@type":"ReadAction","target":["https:\/\/macite.tg\/?p=22332"]}]},{"@type":"ImageObject","inLanguage":"fr-FR","@id":"https:\/\/macite.tg\/?p=22332#primaryimage","url":"https:\/\/macite.tg\/wp-content\/uploads\/2025\/05\/image-85.png","contentUrl":"https:\/\/macite.tg\/wp-content\/uploads\/2025\/05\/image-85.png","width":474,"height":266},{"@type":"BreadcrumbList","@id":"https:\/\/macite.tg\/?p=22332#breadcrumb","itemListElement":[{"@type":"ListItem","position":1,"name":"Accueil","item":"https:\/\/macite.tg\/"},{"@type":"ListItem","position":2,"name":"JOURNEE DE L\u2019ARBRE 2025\u00a0: Sokod\u00e9 accueille une conf\u00e9rence publique sur la \u2018\u2019R\u00e9volution verte\u2019\u2019\u2026 le 31 mai prochain"}]},{"@type":"WebSite","@id":"https:\/\/macite.tg\/#website","url":"https:\/\/macite.tg\/","name":"","description":"L&#039;information, la bonne!!!","potentialAction":[{"@type":"SearchAction","target":{"@type":"EntryPoint","urlTemplate":"https:\/\/macite.tg\/?s={search_term_string}"},"query-input":{"@type":"PropertyValueSpecification","valueRequired":true,"valueName":"search_term_string"}}],"inLanguage":"fr-FR"},{"@type":"Person","@id":"https:\/\/macite.tg\/#\/schema\/person\/e9f2de7e5dbbe7770a9402c7ce82f5c2","name":"Jean Pierre BAWELA","image":{"@type":"ImageObject","inLanguage":"fr-FR","@id":"https:\/\/macite.tg\/wp-content\/uploads\/2023\/09\/WhatsApp-Image-2023-09-19-at-14.44.41-122x122.jpeg","url":"https:\/\/macite.tg\/wp-content\/uploads\/2023\/09\/WhatsApp-Image-2023-09-19-at-14.44.41-122x122.jpeg","contentUrl":"https:\/\/macite.tg\/wp-content\/uploads\/2023\/09\/WhatsApp-Image-2023-09-19-at-14.44.41-122x122.jpeg","caption":"Jean Pierre BAWELA"},"url":"https:\/\/macite.tg\/?author=2"}]}},"_links":{"self":[{"href":"https:\/\/macite.tg\/index.php?rest_route=\/wp\/v2\/posts\/22332","targetHints":{"allow":["GET"]}}],"collection":[{"href":"https:\/\/macite.tg\/index.php?rest_route=\/wp\/v2\/posts"}],"about":[{"href":"https:\/\/macite.tg\/index.php?rest_route=\/wp\/v2\/types\/post"}],"author":[{"embeddable":true,"href":"https:\/\/macite.tg\/index.php?rest_route=\/wp\/v2\/users\/2"}],"replies":[{"embeddable":true,"href":"https:\/\/macite.tg\/index.php?rest_route=%2Fwp%2Fv2%2Fcomments&post=22332"}],"version-history":[{"count":0,"href":"https:\/\/macite.tg\/index.php?rest_route=\/wp\/v2\/posts\/22332\/revisions"}],"wp:featuredmedia":[{"embeddable":true,"href":"https:\/\/macite.tg\/index.php?rest_route=\/wp\/v2\/media\/22336"}],"wp:attachment":[{"href":"https:\/\/macite.tg\/index.php?rest_route=%2Fwp%2Fv2%2Fmedia&parent=22332"}],"wp:term":[{"taxonomy":"category","embeddable":true,"href":"https:\/\/macite.tg\/index.php?rest_route=%2Fwp%2Fv2%2Fcategories&post=22332"},{"taxonomy":"post_tag","embeddable":true,"href":"https:\/\/macite.tg\/index.php?rest_route=%2Fwp%2Fv2%2Ftags&post=22332"}],"curies":[{"name":"wp","href":"https:\/\/api.w.org\/{rel}","templated":true}]}}