{"id":22328,"date":"2025-05-26T11:37:45","date_gmt":"2025-05-26T11:37:45","guid":{"rendered":"https:\/\/macite.tg\/?p=22328"},"modified":"2025-05-26T11:37:50","modified_gmt":"2025-05-26T11:37:50","slug":"hadj-2025-les-premiers-pelerins-togolais-ont-pris-les-airs","status":"publish","type":"post","link":"https:\/\/macite.tg\/?p=22328","title":{"rendered":"HADJ 2025 : Les premiers p\u00e8lerins togolais ont pris les airs"},"content":{"rendered":"\n<p class=\"wp-block-paragraph\"><strong><em>Dans le cadre du traditionnel p\u00e8lerinage annuel \u00e0 la Mecque, en Arabie Saoudite, la premi\u00e8re vague de p\u00e8lerins togolais ont quitt\u00e9 Lom\u00e9, le vendredi 23 mai dernier. Ces p\u00e8lerins vont rejoindre la Terre sainte via des vols sp\u00e9ciaux affr\u00e9t\u00e9s par l\u2019Etat togolais.<\/em><\/strong><\/p>\n\n\n\n<p class=\"wp-block-paragraph\">Comme de coutume, pour assurer un bon d\u00e9roulement du p\u00e8lerinage \u00e0 la Mecque, le gouvernement togolais, en collaboration avec ses partenaires, le Comit\u00e9 d\u2019organisation, ont pris des mesures pour non seulement faciliter les formalit\u00e9s administratives, mais aussi renforcer l\u2019encadrement logistique et garantir ainsi un accompagnement adapt\u00e9 aux p\u00e8lerins togolais.<\/p>\n\n\n<div class=\"wp-block-image\">\n<figure class=\"aligncenter size-full is-resized\"><img loading=\"lazy\" decoding=\"async\" width=\"690\" height=\"170\" src=\"https:\/\/macite.tg\/wp-content\/uploads\/2025\/05\/OTR_TVM-2.jpg\" alt=\"\" class=\"wp-image-22300\" style=\"width:840px;height:auto\" srcset=\"https:\/\/macite.tg\/wp-content\/uploads\/2025\/05\/OTR_TVM-2.jpg 690w, https:\/\/macite.tg\/wp-content\/uploads\/2025\/05\/OTR_TVM-2-300x74.jpg 300w\" sizes=\"auto, (max-width: 690px) 100vw, 690px\" \/><\/figure>\n<\/div>\n\n\n<p class=\"wp-block-paragraph\">\u00ab&nbsp;<em>Respectez les consignes des encadreurs, restez unis et faites honneur \u00e0 notre pays par votre comportement exemplaire tout au long du p\u00e8lerinage<\/em>&nbsp;\u00bb, a conseill\u00e9 le ministre de l\u2019Administration territoriale, Hodabalo Awat\u00e9, aux p\u00e8lerins au moment de quitter Lom\u00e9.<\/p>\n\n\n<div class=\"wp-block-image\">\n<figure class=\"aligncenter size-large is-resized\"><img loading=\"lazy\" decoding=\"async\" width=\"1024\" height=\"1024\" src=\"https:\/\/macite.tg\/wp-content\/uploads\/2025\/05\/d4c3a8a5-b555-493c-b116-93e62f3746c8-1-1024x1024.jpg\" alt=\"\" class=\"wp-image-22330\" style=\"width:478px;height:auto\" srcset=\"https:\/\/macite.tg\/wp-content\/uploads\/2025\/05\/d4c3a8a5-b555-493c-b116-93e62f3746c8-1-1024x1024.jpg 1024w, https:\/\/macite.tg\/wp-content\/uploads\/2025\/05\/d4c3a8a5-b555-493c-b116-93e62f3746c8-1-300x300.jpg 300w, https:\/\/macite.tg\/wp-content\/uploads\/2025\/05\/d4c3a8a5-b555-493c-b116-93e62f3746c8-1-150x150.jpg 150w, https:\/\/macite.tg\/wp-content\/uploads\/2025\/05\/d4c3a8a5-b555-493c-b116-93e62f3746c8-1-768x768.jpg 768w, https:\/\/macite.tg\/wp-content\/uploads\/2025\/05\/d4c3a8a5-b555-493c-b116-93e62f3746c8-1-122x122.jpg 122w, https:\/\/macite.tg\/wp-content\/uploads\/2025\/05\/d4c3a8a5-b555-493c-b116-93e62f3746c8-1.jpg 1080w\" sizes=\"auto, (max-width: 1024px) 100vw, 1024px\" \/><\/figure>\n<\/div>\n\n\n<p class=\"wp-block-paragraph\">Notons que quelque 2.500 fid\u00e8le togolais auront l\u2019opportunit\u00e9 d\u2019effectuer ce voyage spirituel dont les retours sont attendus entre le 15 et le 23 juin. Chaque p\u00e8lerin aurait d\u00e9bours\u00e9 environ 3.350.000 FCFA pour s\u2019offrir ce voyage \u00e0 la Mecque.<\/p>\n\n\n\n<p class=\"wp-block-paragraph\"><strong>&nbsp;Samir<\/strong><\/p>\n\n\n\n<p class=\"wp-block-paragraph\"><a><strong><em>@macite.tg&nbsp;&nbsp;&nbsp;&nbsp;&nbsp;&nbsp;&nbsp;&nbsp;<\/em><\/strong><\/a><\/p>\n\n\n\n<p class=\"wp-block-paragraph\"><strong><em>E-mail&nbsp;: <\/em><\/strong><a href=\"mailto:maciteinfo@gmail.com\"><strong><em>maciteinfo@gmail.com<\/em><\/strong><\/a><strong><em>; <\/em><\/strong><a href=\"mailto:bawela1@gmail.com\"><strong><em>bawela1@gmail.com<\/em><\/strong><\/a><strong><em><\/em><\/strong><\/p>\n\n\n\n<p class=\"wp-block-paragraph\"><strong><em>Pour vos annonces, (publi)reportages, etc., joignez-nous au (00228)91515309\/<strong>79872224 <\/strong>www.macite.tg, L\u2019information, la bonne&nbsp;!<\/em><\/strong><\/p>\n\n\n\n<p class=\"wp-block-paragraph\"><\/p>\n","protected":false},"excerpt":{"rendered":"<p class=\"text-justify mb-2\" >Dans le cadre du traditionnel p\u00e8lerinage annuel \u00e0 la Mecque, en Arabie Saoudite, la premi\u00e8re vague de p\u00e8lerins togolais ont quitt\u00e9 Lom\u00e9, le vendredi 23 mai dernier. Ces p\u00e8lerins vont rejoindre la Terre sainte via des vols sp\u00e9ciaux affr\u00e9t\u00e9s par l\u2019Etat togolais. Comme de coutume, [&hellip;]<\/p>\n","protected":false},"author":2,"featured_media":22329,"comment_status":"open","ping_status":"open","sticky":false,"template":"","format":"standard","meta":{"footnotes":""},"categories":[20,40],"tags":[],"class_list":["post-22328","post","type-post","status-publish","format-standard","has-post-thumbnail","hentry","category-actualite","category-religion"],"yoast_head":"<!-- This site is optimized with the Yoast SEO plugin v28.4 - https:\/\/yoast.com\/product\/yoast-seo-wordpress\/ -->\n<title>HADJ 2025 : Les premiers p\u00e8lerins togolais ont pris les airs -<\/title>\n<meta name=\"robots\" content=\"index, follow, max-snippet:-1, max-image-preview:large, max-video-preview:-1\" \/>\n<link rel=\"canonical\" href=\"https:\/\/macite.tg\/?p=22328\" \/>\n<meta property=\"og:locale\" content=\"fr_FR\" \/>\n<meta property=\"og:type\" content=\"article\" \/>\n<meta property=\"og:title\" content=\"HADJ 2025 : Les premiers p\u00e8lerins togolais ont pris les airs -\" \/>\n<meta property=\"og:description\" content=\"Dans le cadre du traditionnel p\u00e8lerinage annuel \u00e0 la Mecque, en Arabie Saoudite, la premi\u00e8re vague de p\u00e8lerins togolais ont quitt\u00e9 Lom\u00e9, le vendredi 23 mai dernier. Ces p\u00e8lerins vont rejoindre la Terre sainte via des vols sp\u00e9ciaux affr\u00e9t\u00e9s par l\u2019Etat togolais. Comme de coutume, [&hellip;]\" \/>\n<meta property=\"og:url\" content=\"https:\/\/macite.tg\/?p=22328\" \/>\n<meta property=\"article:published_time\" content=\"2025-05-26T11:37:45+00:00\" \/>\n<meta property=\"article:modified_time\" content=\"2025-05-26T11:37:50+00:00\" \/>\n<meta property=\"og:image\" content=\"https:\/\/macite.tg\/wp-content\/uploads\/2025\/05\/image-84.png\" \/>\n\t<meta property=\"og:image:width\" content=\"420\" \/>\n\t<meta property=\"og:image:height\" content=\"270\" \/>\n\t<meta property=\"og:image:type\" content=\"image\/png\" \/>\n<meta name=\"author\" content=\"Jean Pierre BAWELA\" \/>\n<meta name=\"twitter:card\" content=\"summary_large_image\" \/>\n<meta name=\"twitter:label1\" content=\"\u00c9crit par\" \/>\n\t<meta name=\"twitter:data1\" content=\"Jean Pierre BAWELA\" \/>\n\t<meta name=\"twitter:label2\" content=\"Dur\u00e9e de lecture estim\u00e9e\" \/>\n\t<meta name=\"twitter:data2\" content=\"2 minutes\" \/>\n<script type=\"application\/ld+json\" class=\"yoast-schema-graph\">{\"@context\":\"https:\\\/\\\/schema.org\",\"@graph\":[{\"@type\":\"Article\",\"@id\":\"https:\\\/\\\/macite.tg\\\/?p=22328#article\",\"isPartOf\":{\"@id\":\"https:\\\/\\\/macite.tg\\\/?p=22328\"},\"author\":{\"name\":\"Jean Pierre BAWELA\",\"@id\":\"https:\\\/\\\/macite.tg\\\/#\\\/schema\\\/person\\\/e9f2de7e5dbbe7770a9402c7ce82f5c2\"},\"headline\":\"HADJ 2025 : Les premiers p\u00e8lerins togolais ont pris les airs\",\"datePublished\":\"2025-05-26T11:37:45+00:00\",\"dateModified\":\"2025-05-26T11:37:50+00:00\",\"mainEntityOfPage\":{\"@id\":\"https:\\\/\\\/macite.tg\\\/?p=22328\"},\"wordCount\":229,\"commentCount\":0,\"image\":{\"@id\":\"https:\\\/\\\/macite.tg\\\/?p=22328#primaryimage\"},\"thumbnailUrl\":\"https:\\\/\\\/macite.tg\\\/wp-content\\\/uploads\\\/2025\\\/05\\\/image-84.png\",\"articleSection\":[\"ACTUALITE\",\"RELIGION\"],\"inLanguage\":\"fr-FR\",\"potentialAction\":[{\"@type\":\"CommentAction\",\"name\":\"Comment\",\"target\":[\"https:\\\/\\\/macite.tg\\\/?p=22328#respond\"]}]},{\"@type\":\"WebPage\",\"@id\":\"https:\\\/\\\/macite.tg\\\/?p=22328\",\"url\":\"https:\\\/\\\/macite.tg\\\/?p=22328\",\"name\":\"HADJ 2025 : Les premiers p\u00e8lerins togolais ont pris les airs -\",\"isPartOf\":{\"@id\":\"https:\\\/\\\/macite.tg\\\/#website\"},\"primaryImageOfPage\":{\"@id\":\"https:\\\/\\\/macite.tg\\\/?p=22328#primaryimage\"},\"image\":{\"@id\":\"https:\\\/\\\/macite.tg\\\/?p=22328#primaryimage\"},\"thumbnailUrl\":\"https:\\\/\\\/macite.tg\\\/wp-content\\\/uploads\\\/2025\\\/05\\\/image-84.png\",\"datePublished\":\"2025-05-26T11:37:45+00:00\",\"dateModified\":\"2025-05-26T11:37:50+00:00\",\"author\":{\"@id\":\"https:\\\/\\\/macite.tg\\\/#\\\/schema\\\/person\\\/e9f2de7e5dbbe7770a9402c7ce82f5c2\"},\"breadcrumb\":{\"@id\":\"https:\\\/\\\/macite.tg\\\/?p=22328#breadcrumb\"},\"inLanguage\":\"fr-FR\",\"potentialAction\":[{\"@type\":\"ReadAction\",\"target\":[\"https:\\\/\\\/macite.tg\\\/?p=22328\"]}]},{\"@type\":\"ImageObject\",\"inLanguage\":\"fr-FR\",\"@id\":\"https:\\\/\\\/macite.tg\\\/?p=22328#primaryimage\",\"url\":\"https:\\\/\\\/macite.tg\\\/wp-content\\\/uploads\\\/2025\\\/05\\\/image-84.png\",\"contentUrl\":\"https:\\\/\\\/macite.tg\\\/wp-content\\\/uploads\\\/2025\\\/05\\\/image-84.png\",\"width\":420,\"height\":270,\"caption\":\"La premi\u00e8re vague de p\u00e8lerins togolais ont quitt\u00e9 Lom\u00e9 vendredi 23 mai dernier, pour la M\u00e8cque\"},{\"@type\":\"BreadcrumbList\",\"@id\":\"https:\\\/\\\/macite.tg\\\/?p=22328#breadcrumb\",\"itemListElement\":[{\"@type\":\"ListItem\",\"position\":1,\"name\":\"Accueil\",\"item\":\"https:\\\/\\\/macite.tg\\\/\"},{\"@type\":\"ListItem\",\"position\":2,\"name\":\"HADJ 2025 : Les premiers p\u00e8lerins togolais ont pris les airs\"}]},{\"@type\":\"WebSite\",\"@id\":\"https:\\\/\\\/macite.tg\\\/#website\",\"url\":\"https:\\\/\\\/macite.tg\\\/\",\"name\":\"\",\"description\":\"L&#039;information, la bonne!!!\",\"potentialAction\":[{\"@type\":\"SearchAction\",\"target\":{\"@type\":\"EntryPoint\",\"urlTemplate\":\"https:\\\/\\\/macite.tg\\\/?s={search_term_string}\"},\"query-input\":{\"@type\":\"PropertyValueSpecification\",\"valueRequired\":true,\"valueName\":\"search_term_string\"}}],\"inLanguage\":\"fr-FR\"},{\"@type\":\"Person\",\"@id\":\"https:\\\/\\\/macite.tg\\\/#\\\/schema\\\/person\\\/e9f2de7e5dbbe7770a9402c7ce82f5c2\",\"name\":\"Jean Pierre BAWELA\",\"image\":{\"@type\":\"ImageObject\",\"inLanguage\":\"fr-FR\",\"@id\":\"https:\\\/\\\/macite.tg\\\/wp-content\\\/uploads\\\/2023\\\/09\\\/WhatsApp-Image-2023-09-19-at-14.44.41-122x122.jpeg\",\"url\":\"https:\\\/\\\/macite.tg\\\/wp-content\\\/uploads\\\/2023\\\/09\\\/WhatsApp-Image-2023-09-19-at-14.44.41-122x122.jpeg\",\"contentUrl\":\"https:\\\/\\\/macite.tg\\\/wp-content\\\/uploads\\\/2023\\\/09\\\/WhatsApp-Image-2023-09-19-at-14.44.41-122x122.jpeg\",\"caption\":\"Jean Pierre BAWELA\"},\"url\":\"https:\\\/\\\/macite.tg\\\/?author=2\"}]}<\/script>\n<!-- \/ Yoast SEO plugin. -->","yoast_head_json":{"title":"HADJ 2025 : Les premiers p\u00e8lerins togolais ont pris les airs -","robots":{"index":"index","follow":"follow","max-snippet":"max-snippet:-1","max-image-preview":"max-image-preview:large","max-video-preview":"max-video-preview:-1"},"canonical":"https:\/\/macite.tg\/?p=22328","og_locale":"fr_FR","og_type":"article","og_title":"HADJ 2025 : Les premiers p\u00e8lerins togolais ont pris les airs -","og_description":"Dans le cadre du traditionnel p\u00e8lerinage annuel \u00e0 la Mecque, en Arabie Saoudite, la premi\u00e8re vague de p\u00e8lerins togolais ont quitt\u00e9 Lom\u00e9, le vendredi 23 mai dernier. Ces p\u00e8lerins vont rejoindre la Terre sainte via des vols sp\u00e9ciaux affr\u00e9t\u00e9s par l\u2019Etat togolais. Comme de coutume, [&hellip;]","og_url":"https:\/\/macite.tg\/?p=22328","article_published_time":"2025-05-26T11:37:45+00:00","article_modified_time":"2025-05-26T11:37:50+00:00","og_image":[{"width":420,"height":270,"url":"https:\/\/macite.tg\/wp-content\/uploads\/2025\/05\/image-84.png","type":"image\/png"}],"author":"Jean Pierre BAWELA","twitter_card":"summary_large_image","twitter_misc":{"\u00c9crit par":"Jean Pierre BAWELA","Dur\u00e9e de lecture estim\u00e9e":"2 minutes"},"schema":{"@context":"https:\/\/schema.org","@graph":[{"@type":"Article","@id":"https:\/\/macite.tg\/?p=22328#article","isPartOf":{"@id":"https:\/\/macite.tg\/?p=22328"},"author":{"name":"Jean Pierre BAWELA","@id":"https:\/\/macite.tg\/#\/schema\/person\/e9f2de7e5dbbe7770a9402c7ce82f5c2"},"headline":"HADJ 2025 : Les premiers p\u00e8lerins togolais ont pris les airs","datePublished":"2025-05-26T11:37:45+00:00","dateModified":"2025-05-26T11:37:50+00:00","mainEntityOfPage":{"@id":"https:\/\/macite.tg\/?p=22328"},"wordCount":229,"commentCount":0,"image":{"@id":"https:\/\/macite.tg\/?p=22328#primaryimage"},"thumbnailUrl":"https:\/\/macite.tg\/wp-content\/uploads\/2025\/05\/image-84.png","articleSection":["ACTUALITE","RELIGION"],"inLanguage":"fr-FR","potentialAction":[{"@type":"CommentAction","name":"Comment","target":["https:\/\/macite.tg\/?p=22328#respond"]}]},{"@type":"WebPage","@id":"https:\/\/macite.tg\/?p=22328","url":"https:\/\/macite.tg\/?p=22328","name":"HADJ 2025 : Les premiers p\u00e8lerins togolais ont pris les airs -","isPartOf":{"@id":"https:\/\/macite.tg\/#website"},"primaryImageOfPage":{"@id":"https:\/\/macite.tg\/?p=22328#primaryimage"},"image":{"@id":"https:\/\/macite.tg\/?p=22328#primaryimage"},"thumbnailUrl":"https:\/\/macite.tg\/wp-content\/uploads\/2025\/05\/image-84.png","datePublished":"2025-05-26T11:37:45+00:00","dateModified":"2025-05-26T11:37:50+00:00","author":{"@id":"https:\/\/macite.tg\/#\/schema\/person\/e9f2de7e5dbbe7770a9402c7ce82f5c2"},"breadcrumb":{"@id":"https:\/\/macite.tg\/?p=22328#breadcrumb"},"inLanguage":"fr-FR","potentialAction":[{"@type":"ReadAction","target":["https:\/\/macite.tg\/?p=22328"]}]},{"@type":"ImageObject","inLanguage":"fr-FR","@id":"https:\/\/macite.tg\/?p=22328#primaryimage","url":"https:\/\/macite.tg\/wp-content\/uploads\/2025\/05\/image-84.png","contentUrl":"https:\/\/macite.tg\/wp-content\/uploads\/2025\/05\/image-84.png","width":420,"height":270,"caption":"La premi\u00e8re vague de p\u00e8lerins togolais ont quitt\u00e9 Lom\u00e9 vendredi 23 mai dernier, pour la M\u00e8cque"},{"@type":"BreadcrumbList","@id":"https:\/\/macite.tg\/?p=22328#breadcrumb","itemListElement":[{"@type":"ListItem","position":1,"name":"Accueil","item":"https:\/\/macite.tg\/"},{"@type":"ListItem","position":2,"name":"HADJ 2025 : Les premiers p\u00e8lerins togolais ont pris les airs"}]},{"@type":"WebSite","@id":"https:\/\/macite.tg\/#website","url":"https:\/\/macite.tg\/","name":"","description":"L&#039;information, la bonne!!!","potentialAction":[{"@type":"SearchAction","target":{"@type":"EntryPoint","urlTemplate":"https:\/\/macite.tg\/?s={search_term_string}"},"query-input":{"@type":"PropertyValueSpecification","valueRequired":true,"valueName":"search_term_string"}}],"inLanguage":"fr-FR"},{"@type":"Person","@id":"https:\/\/macite.tg\/#\/schema\/person\/e9f2de7e5dbbe7770a9402c7ce82f5c2","name":"Jean Pierre BAWELA","image":{"@type":"ImageObject","inLanguage":"fr-FR","@id":"https:\/\/macite.tg\/wp-content\/uploads\/2023\/09\/WhatsApp-Image-2023-09-19-at-14.44.41-122x122.jpeg","url":"https:\/\/macite.tg\/wp-content\/uploads\/2023\/09\/WhatsApp-Image-2023-09-19-at-14.44.41-122x122.jpeg","contentUrl":"https:\/\/macite.tg\/wp-content\/uploads\/2023\/09\/WhatsApp-Image-2023-09-19-at-14.44.41-122x122.jpeg","caption":"Jean Pierre BAWELA"},"url":"https:\/\/macite.tg\/?author=2"}]}},"_links":{"self":[{"href":"https:\/\/macite.tg\/index.php?rest_route=\/wp\/v2\/posts\/22328","targetHints":{"allow":["GET"]}}],"collection":[{"href":"https:\/\/macite.tg\/index.php?rest_route=\/wp\/v2\/posts"}],"about":[{"href":"https:\/\/macite.tg\/index.php?rest_route=\/wp\/v2\/types\/post"}],"author":[{"embeddable":true,"href":"https:\/\/macite.tg\/index.php?rest_route=\/wp\/v2\/users\/2"}],"replies":[{"embeddable":true,"href":"https:\/\/macite.tg\/index.php?rest_route=%2Fwp%2Fv2%2Fcomments&post=22328"}],"version-history":[{"count":0,"href":"https:\/\/macite.tg\/index.php?rest_route=\/wp\/v2\/posts\/22328\/revisions"}],"wp:featuredmedia":[{"embeddable":true,"href":"https:\/\/macite.tg\/index.php?rest_route=\/wp\/v2\/media\/22329"}],"wp:attachment":[{"href":"https:\/\/macite.tg\/index.php?rest_route=%2Fwp%2Fv2%2Fmedia&parent=22328"}],"wp:term":[{"taxonomy":"category","embeddable":true,"href":"https:\/\/macite.tg\/index.php?rest_route=%2Fwp%2Fv2%2Fcategories&post=22328"},{"taxonomy":"post_tag","embeddable":true,"href":"https:\/\/macite.tg\/index.php?rest_route=%2Fwp%2Fv2%2Ftags&post=22328"}],"curies":[{"name":"wp","href":"https:\/\/api.w.org\/{rel}","templated":true}]}}