{"id":22305,"date":"2025-05-23T15:49:27","date_gmt":"2025-05-23T15:49:27","guid":{"rendered":"https:\/\/macite.tg\/?p=22305"},"modified":"2025-05-23T15:51:44","modified_gmt":"2025-05-23T15:51:44","slug":"femua-2025-la-gratitude-de-bebi-philip-au-grand-freere-asalfo","status":"publish","type":"post","link":"https:\/\/macite.tg\/?p=22305","title":{"rendered":"FEMUA 2025\u00a0: La gratitude de Bebi Philip au \u2018\u2019grand fr\u00e8re\u2019\u2019 A\u2019Salfo"},"content":{"rendered":"\n<p class=\"wp-block-paragraph\"><strong><em>\u00ab\u00a0Le vieux p\u00e8re A&rsquo;Salfo est pr\u00eat pour moi. Il me l\u2019a d\u00e9montr\u00e9 \u00e0 toutes les occasions. Il m\u2019a encore surpris en me proposant comme seul artiste ivoirien \u00e0 jouer \u00e0 la c\u00e9r\u00e9monie d\u2019ouverture du Femua. Cela a \u00e9t\u00e9 un honneur pour moi. C\u2019est pourquoi je suis venu avec mon staff lui t\u00e9moigner ma reconnaissance. Merci le vieux, merci pour tout\u00a0\u00bb. Ces propos ont \u00e9t\u00e9 dits le 21 mai 2025, par Bebi Philip, \u00e0 la Fondation Magic System situ\u00e9e aux Deux-Plateaux.<\/em><\/strong><\/p>\n\n\n\n<p class=\"wp-block-paragraph\">Le musicien-chanteur-arrangeur du coup\u00e9-d\u00e9cal\u00e9 y \u00e9tait avec son staff pour t\u00e9moigner sa reconnaissance \u00e0 son <em>\u00ab\u00a0grand fr\u00e8re<\/em>\u00a0\u00bb A&rsquo;Salfo pour l\u2019opportunit\u00e9 qu\u2019il lui a donn\u00e9e de prester le 20 avril 2025, \u00e0 la c\u00e9r\u00e9monie d\u2019ouverture de la 17e \u00e9dition du Femua, en pr\u00e9sence du vice-Pr\u00e9sident de la R\u00e9publique, Ti\u00e9moko Meyliet Kon\u00e9.<\/p>\n\n\n<div class=\"wp-block-image\">\n<figure class=\"aligncenter size-full\"><img loading=\"lazy\" decoding=\"async\" width=\"851\" height=\"315\" src=\"https:\/\/macite.tg\/wp-content\/uploads\/2025\/05\/OTR_Ferer-pour-batir-1-1.jpg\" alt=\"\" class=\"wp-image-22093\" srcset=\"https:\/\/macite.tg\/wp-content\/uploads\/2025\/05\/OTR_Ferer-pour-batir-1-1.jpg 851w, https:\/\/macite.tg\/wp-content\/uploads\/2025\/05\/OTR_Ferer-pour-batir-1-1-300x111.jpg 300w, https:\/\/macite.tg\/wp-content\/uploads\/2025\/05\/OTR_Ferer-pour-batir-1-1-768x284.jpg 768w\" sizes=\"auto, (max-width: 851px) 100vw, 851px\" \/><\/figure>\n<\/div>\n\n\n<p class=\"wp-block-paragraph\">Les \u00e9changes se sont termin\u00e9s avec la bonne nouvelle que A&rsquo;Salfo a annonc\u00e9e \u00e0 Bebi Philip, \u00e0 savoir l&rsquo;ouverture de son home studio \u00e0 sa r\u00e9sidence, avec la promesse de lui permettre d\u2019arranger deux titres du prochain album de Magic System.<\/p>\n\n\n\n<p class=\"wp-block-paragraph\">Le lead vocal du groupe Magic System n\u2019a pas tari d\u2019\u00e9loges sur Bebi Philip, qu\u2019il a qualifi\u00e9 d\u2019artiste de <em>\u00ab talentueux et brillant compositeur de musique. C\u2019est un artiste qui s\u2019adapte \u00e0 tous les styles de prestation : acoustique, classique \u00bb.<\/em> Avant de saluer de cette d\u00e9marche in\u00e9dite.<\/p>\n\n\n<div class=\"wp-block-image\">\n<figure class=\"aligncenter size-large is-resized\"><img loading=\"lazy\" decoding=\"async\" width=\"1024\" height=\"1024\" src=\"https:\/\/macite.tg\/wp-content\/uploads\/2025\/05\/d4c3a8a5-b555-493c-b116-93e62f3746c8-1024x1024.jpg\" alt=\"\" class=\"wp-image-22085\" style=\"width:576px;height:auto\" srcset=\"https:\/\/macite.tg\/wp-content\/uploads\/2025\/05\/d4c3a8a5-b555-493c-b116-93e62f3746c8-1024x1024.jpg 1024w, https:\/\/macite.tg\/wp-content\/uploads\/2025\/05\/d4c3a8a5-b555-493c-b116-93e62f3746c8-300x300.jpg 300w, https:\/\/macite.tg\/wp-content\/uploads\/2025\/05\/d4c3a8a5-b555-493c-b116-93e62f3746c8-150x150.jpg 150w, https:\/\/macite.tg\/wp-content\/uploads\/2025\/05\/d4c3a8a5-b555-493c-b116-93e62f3746c8-768x768.jpg 768w, https:\/\/macite.tg\/wp-content\/uploads\/2025\/05\/d4c3a8a5-b555-493c-b116-93e62f3746c8-122x122.jpg 122w, https:\/\/macite.tg\/wp-content\/uploads\/2025\/05\/d4c3a8a5-b555-493c-b116-93e62f3746c8.jpg 1080w\" sizes=\"auto, (max-width: 1024px) 100vw, 1024px\" \/><\/figure>\n<\/div>\n\n\n<p class=\"wp-block-paragraph\"><em>\u00ab Apr\u00e8s le Femua, ce n\u2019est pas \u00e9vident de revoir des artistes \u00e0 mon bureau pour me t\u00e9moigner leur gratitude. D\u2019ailleurs, ce n\u2019est pas \u00e7a mon objectif. Mon aide est comme un coup de main pour prester sur les sc\u00e8nes du Femua \u00bb,<\/em> a-t-il conclu.<\/p>\n\n\n\n<p class=\"wp-block-paragraph\"><a><strong><em>@macite.tg&nbsp;&nbsp;&nbsp;&nbsp;&nbsp;&nbsp;&nbsp;&nbsp;<\/em><\/strong><\/a><\/p>\n\n\n\n<p class=\"wp-block-paragraph\"><strong><em>E-mail&nbsp;: <\/em><\/strong><a href=\"mailto:maciteinfo@gmail.com\"><strong><em>maciteinfo@gmail.com<\/em><\/strong><\/a><strong><em>; <\/em><\/strong><a href=\"mailto:bawela1@gmail.com\"><strong><em>bawela1@gmail.com<\/em><\/strong><\/a><strong><em><\/em><\/strong><\/p>\n\n\n\n<p class=\"wp-block-paragraph\"><strong><em>Pour vos annonces, (publi)reportages, etc., joignez-nous au (00228)91515309\/<strong>79872224 <\/strong>www.macite.tg, L\u2019information, la bonne&nbsp;!<\/em><\/strong><\/p>\n\n\n\n<p class=\"wp-block-paragraph\"><\/p>\n","protected":false},"excerpt":{"rendered":"<p class=\"text-justify mb-2\" >\u00ab\u00a0Le vieux p\u00e8re A&rsquo;Salfo est pr\u00eat pour moi. Il me l\u2019a d\u00e9montr\u00e9 \u00e0 toutes les occasions. Il m\u2019a encore surpris en me proposant comme seul artiste ivoirien \u00e0 jouer \u00e0 la c\u00e9r\u00e9monie d\u2019ouverture du Femua. Cela a \u00e9t\u00e9 un honneur pour moi. C\u2019est pourquoi je [&hellip;]<\/p>\n","protected":false},"author":2,"featured_media":22306,"comment_status":"open","ping_status":"open","sticky":false,"template":"","format":"standard","meta":{"footnotes":""},"categories":[20,51],"tags":[],"class_list":["post-22305","post","type-post","status-publish","format-standard","has-post-thumbnail","hentry","category-actualite","category-musique"],"yoast_head":"<!-- This site is optimized with the Yoast SEO plugin v28.4 - https:\/\/yoast.com\/product\/yoast-seo-wordpress\/ -->\n<title>FEMUA 2025\u00a0: La gratitude de Bebi Philip au \u2018\u2019grand fr\u00e8re\u2019\u2019 A\u2019Salfo -<\/title>\n<meta name=\"robots\" content=\"index, follow, max-snippet:-1, max-image-preview:large, max-video-preview:-1\" \/>\n<link rel=\"canonical\" href=\"https:\/\/macite.tg\/?p=22305\" \/>\n<meta property=\"og:locale\" content=\"fr_FR\" \/>\n<meta property=\"og:type\" content=\"article\" \/>\n<meta property=\"og:title\" content=\"FEMUA 2025\u00a0: La gratitude de Bebi Philip au \u2018\u2019grand fr\u00e8re\u2019\u2019 A\u2019Salfo -\" \/>\n<meta property=\"og:description\" content=\"\u00ab\u00a0Le vieux p\u00e8re A&rsquo;Salfo est pr\u00eat pour moi. Il me l\u2019a d\u00e9montr\u00e9 \u00e0 toutes les occasions. Il m\u2019a encore surpris en me proposant comme seul artiste ivoirien \u00e0 jouer \u00e0 la c\u00e9r\u00e9monie d\u2019ouverture du Femua. Cela a \u00e9t\u00e9 un honneur pour moi. C\u2019est pourquoi je [&hellip;]\" \/>\n<meta property=\"og:url\" content=\"https:\/\/macite.tg\/?p=22305\" \/>\n<meta property=\"article:published_time\" content=\"2025-05-23T15:49:27+00:00\" \/>\n<meta property=\"article:modified_time\" content=\"2025-05-23T15:51:44+00:00\" \/>\n<meta property=\"og:image\" content=\"https:\/\/macite.tg\/wp-content\/uploads\/2025\/05\/image-81.png\" \/>\n\t<meta property=\"og:image:width\" content=\"534\" \/>\n\t<meta property=\"og:image:height\" content=\"374\" \/>\n\t<meta property=\"og:image:type\" content=\"image\/png\" \/>\n<meta name=\"author\" content=\"Jean Pierre BAWELA\" \/>\n<meta name=\"twitter:card\" content=\"summary_large_image\" \/>\n<meta name=\"twitter:label1\" content=\"\u00c9crit par\" \/>\n\t<meta name=\"twitter:data1\" content=\"Jean Pierre BAWELA\" \/>\n\t<meta name=\"twitter:label2\" content=\"Dur\u00e9e de lecture estim\u00e9e\" \/>\n\t<meta name=\"twitter:data2\" content=\"3 minutes\" \/>\n<script type=\"application\/ld+json\" class=\"yoast-schema-graph\">{\"@context\":\"https:\\\/\\\/schema.org\",\"@graph\":[{\"@type\":\"Article\",\"@id\":\"https:\\\/\\\/macite.tg\\\/?p=22305#article\",\"isPartOf\":{\"@id\":\"https:\\\/\\\/macite.tg\\\/?p=22305\"},\"author\":{\"name\":\"Jean Pierre BAWELA\",\"@id\":\"https:\\\/\\\/macite.tg\\\/#\\\/schema\\\/person\\\/e9f2de7e5dbbe7770a9402c7ce82f5c2\"},\"headline\":\"FEMUA 2025\u00a0: La gratitude de Bebi Philip au \u2018\u2019grand fr\u00e8re\u2019\u2019 A\u2019Salfo\",\"datePublished\":\"2025-05-23T15:49:27+00:00\",\"dateModified\":\"2025-05-23T15:51:44+00:00\",\"mainEntityOfPage\":{\"@id\":\"https:\\\/\\\/macite.tg\\\/?p=22305\"},\"wordCount\":337,\"commentCount\":0,\"image\":{\"@id\":\"https:\\\/\\\/macite.tg\\\/?p=22305#primaryimage\"},\"thumbnailUrl\":\"https:\\\/\\\/macite.tg\\\/wp-content\\\/uploads\\\/2025\\\/05\\\/image-81.png\",\"articleSection\":[\"ACTUALITE\",\"MUSIQUE\"],\"inLanguage\":\"fr-FR\",\"potentialAction\":[{\"@type\":\"CommentAction\",\"name\":\"Comment\",\"target\":[\"https:\\\/\\\/macite.tg\\\/?p=22305#respond\"]}]},{\"@type\":\"WebPage\",\"@id\":\"https:\\\/\\\/macite.tg\\\/?p=22305\",\"url\":\"https:\\\/\\\/macite.tg\\\/?p=22305\",\"name\":\"FEMUA 2025\u00a0: La gratitude de Bebi Philip au \u2018\u2019grand fr\u00e8re\u2019\u2019 A\u2019Salfo -\",\"isPartOf\":{\"@id\":\"https:\\\/\\\/macite.tg\\\/#website\"},\"primaryImageOfPage\":{\"@id\":\"https:\\\/\\\/macite.tg\\\/?p=22305#primaryimage\"},\"image\":{\"@id\":\"https:\\\/\\\/macite.tg\\\/?p=22305#primaryimage\"},\"thumbnailUrl\":\"https:\\\/\\\/macite.tg\\\/wp-content\\\/uploads\\\/2025\\\/05\\\/image-81.png\",\"datePublished\":\"2025-05-23T15:49:27+00:00\",\"dateModified\":\"2025-05-23T15:51:44+00:00\",\"author\":{\"@id\":\"https:\\\/\\\/macite.tg\\\/#\\\/schema\\\/person\\\/e9f2de7e5dbbe7770a9402c7ce82f5c2\"},\"breadcrumb\":{\"@id\":\"https:\\\/\\\/macite.tg\\\/?p=22305#breadcrumb\"},\"inLanguage\":\"fr-FR\",\"potentialAction\":[{\"@type\":\"ReadAction\",\"target\":[\"https:\\\/\\\/macite.tg\\\/?p=22305\"]}]},{\"@type\":\"ImageObject\",\"inLanguage\":\"fr-FR\",\"@id\":\"https:\\\/\\\/macite.tg\\\/?p=22305#primaryimage\",\"url\":\"https:\\\/\\\/macite.tg\\\/wp-content\\\/uploads\\\/2025\\\/05\\\/image-81.png\",\"contentUrl\":\"https:\\\/\\\/macite.tg\\\/wp-content\\\/uploads\\\/2025\\\/05\\\/image-81.png\",\"width\":534,\"height\":374,\"caption\":\"Photo de famille\"},{\"@type\":\"BreadcrumbList\",\"@id\":\"https:\\\/\\\/macite.tg\\\/?p=22305#breadcrumb\",\"itemListElement\":[{\"@type\":\"ListItem\",\"position\":1,\"name\":\"Accueil\",\"item\":\"https:\\\/\\\/macite.tg\\\/\"},{\"@type\":\"ListItem\",\"position\":2,\"name\":\"FEMUA 2025\u00a0: La gratitude de Bebi Philip au \u2018\u2019grand fr\u00e8re\u2019\u2019 A\u2019Salfo\"}]},{\"@type\":\"WebSite\",\"@id\":\"https:\\\/\\\/macite.tg\\\/#website\",\"url\":\"https:\\\/\\\/macite.tg\\\/\",\"name\":\"\",\"description\":\"L&#039;information, la bonne!!!\",\"potentialAction\":[{\"@type\":\"SearchAction\",\"target\":{\"@type\":\"EntryPoint\",\"urlTemplate\":\"https:\\\/\\\/macite.tg\\\/?s={search_term_string}\"},\"query-input\":{\"@type\":\"PropertyValueSpecification\",\"valueRequired\":true,\"valueName\":\"search_term_string\"}}],\"inLanguage\":\"fr-FR\"},{\"@type\":\"Person\",\"@id\":\"https:\\\/\\\/macite.tg\\\/#\\\/schema\\\/person\\\/e9f2de7e5dbbe7770a9402c7ce82f5c2\",\"name\":\"Jean Pierre BAWELA\",\"image\":{\"@type\":\"ImageObject\",\"inLanguage\":\"fr-FR\",\"@id\":\"https:\\\/\\\/macite.tg\\\/wp-content\\\/uploads\\\/2023\\\/09\\\/WhatsApp-Image-2023-09-19-at-14.44.41-122x122.jpeg\",\"url\":\"https:\\\/\\\/macite.tg\\\/wp-content\\\/uploads\\\/2023\\\/09\\\/WhatsApp-Image-2023-09-19-at-14.44.41-122x122.jpeg\",\"contentUrl\":\"https:\\\/\\\/macite.tg\\\/wp-content\\\/uploads\\\/2023\\\/09\\\/WhatsApp-Image-2023-09-19-at-14.44.41-122x122.jpeg\",\"caption\":\"Jean Pierre BAWELA\"},\"url\":\"https:\\\/\\\/macite.tg\\\/?author=2\"}]}<\/script>\n<!-- \/ Yoast SEO plugin. -->","yoast_head_json":{"title":"FEMUA 2025\u00a0: La gratitude de Bebi Philip au \u2018\u2019grand fr\u00e8re\u2019\u2019 A\u2019Salfo -","robots":{"index":"index","follow":"follow","max-snippet":"max-snippet:-1","max-image-preview":"max-image-preview:large","max-video-preview":"max-video-preview:-1"},"canonical":"https:\/\/macite.tg\/?p=22305","og_locale":"fr_FR","og_type":"article","og_title":"FEMUA 2025\u00a0: La gratitude de Bebi Philip au \u2018\u2019grand fr\u00e8re\u2019\u2019 A\u2019Salfo -","og_description":"\u00ab\u00a0Le vieux p\u00e8re A&rsquo;Salfo est pr\u00eat pour moi. Il me l\u2019a d\u00e9montr\u00e9 \u00e0 toutes les occasions. Il m\u2019a encore surpris en me proposant comme seul artiste ivoirien \u00e0 jouer \u00e0 la c\u00e9r\u00e9monie d\u2019ouverture du Femua. Cela a \u00e9t\u00e9 un honneur pour moi. C\u2019est pourquoi je [&hellip;]","og_url":"https:\/\/macite.tg\/?p=22305","article_published_time":"2025-05-23T15:49:27+00:00","article_modified_time":"2025-05-23T15:51:44+00:00","og_image":[{"width":534,"height":374,"url":"https:\/\/macite.tg\/wp-content\/uploads\/2025\/05\/image-81.png","type":"image\/png"}],"author":"Jean Pierre BAWELA","twitter_card":"summary_large_image","twitter_misc":{"\u00c9crit par":"Jean Pierre BAWELA","Dur\u00e9e de lecture estim\u00e9e":"3 minutes"},"schema":{"@context":"https:\/\/schema.org","@graph":[{"@type":"Article","@id":"https:\/\/macite.tg\/?p=22305#article","isPartOf":{"@id":"https:\/\/macite.tg\/?p=22305"},"author":{"name":"Jean Pierre BAWELA","@id":"https:\/\/macite.tg\/#\/schema\/person\/e9f2de7e5dbbe7770a9402c7ce82f5c2"},"headline":"FEMUA 2025\u00a0: La gratitude de Bebi Philip au \u2018\u2019grand fr\u00e8re\u2019\u2019 A\u2019Salfo","datePublished":"2025-05-23T15:49:27+00:00","dateModified":"2025-05-23T15:51:44+00:00","mainEntityOfPage":{"@id":"https:\/\/macite.tg\/?p=22305"},"wordCount":337,"commentCount":0,"image":{"@id":"https:\/\/macite.tg\/?p=22305#primaryimage"},"thumbnailUrl":"https:\/\/macite.tg\/wp-content\/uploads\/2025\/05\/image-81.png","articleSection":["ACTUALITE","MUSIQUE"],"inLanguage":"fr-FR","potentialAction":[{"@type":"CommentAction","name":"Comment","target":["https:\/\/macite.tg\/?p=22305#respond"]}]},{"@type":"WebPage","@id":"https:\/\/macite.tg\/?p=22305","url":"https:\/\/macite.tg\/?p=22305","name":"FEMUA 2025\u00a0: La gratitude de Bebi Philip au \u2018\u2019grand fr\u00e8re\u2019\u2019 A\u2019Salfo -","isPartOf":{"@id":"https:\/\/macite.tg\/#website"},"primaryImageOfPage":{"@id":"https:\/\/macite.tg\/?p=22305#primaryimage"},"image":{"@id":"https:\/\/macite.tg\/?p=22305#primaryimage"},"thumbnailUrl":"https:\/\/macite.tg\/wp-content\/uploads\/2025\/05\/image-81.png","datePublished":"2025-05-23T15:49:27+00:00","dateModified":"2025-05-23T15:51:44+00:00","author":{"@id":"https:\/\/macite.tg\/#\/schema\/person\/e9f2de7e5dbbe7770a9402c7ce82f5c2"},"breadcrumb":{"@id":"https:\/\/macite.tg\/?p=22305#breadcrumb"},"inLanguage":"fr-FR","potentialAction":[{"@type":"ReadAction","target":["https:\/\/macite.tg\/?p=22305"]}]},{"@type":"ImageObject","inLanguage":"fr-FR","@id":"https:\/\/macite.tg\/?p=22305#primaryimage","url":"https:\/\/macite.tg\/wp-content\/uploads\/2025\/05\/image-81.png","contentUrl":"https:\/\/macite.tg\/wp-content\/uploads\/2025\/05\/image-81.png","width":534,"height":374,"caption":"Photo de famille"},{"@type":"BreadcrumbList","@id":"https:\/\/macite.tg\/?p=22305#breadcrumb","itemListElement":[{"@type":"ListItem","position":1,"name":"Accueil","item":"https:\/\/macite.tg\/"},{"@type":"ListItem","position":2,"name":"FEMUA 2025\u00a0: La gratitude de Bebi Philip au \u2018\u2019grand fr\u00e8re\u2019\u2019 A\u2019Salfo"}]},{"@type":"WebSite","@id":"https:\/\/macite.tg\/#website","url":"https:\/\/macite.tg\/","name":"","description":"L&#039;information, la bonne!!!","potentialAction":[{"@type":"SearchAction","target":{"@type":"EntryPoint","urlTemplate":"https:\/\/macite.tg\/?s={search_term_string}"},"query-input":{"@type":"PropertyValueSpecification","valueRequired":true,"valueName":"search_term_string"}}],"inLanguage":"fr-FR"},{"@type":"Person","@id":"https:\/\/macite.tg\/#\/schema\/person\/e9f2de7e5dbbe7770a9402c7ce82f5c2","name":"Jean Pierre BAWELA","image":{"@type":"ImageObject","inLanguage":"fr-FR","@id":"https:\/\/macite.tg\/wp-content\/uploads\/2023\/09\/WhatsApp-Image-2023-09-19-at-14.44.41-122x122.jpeg","url":"https:\/\/macite.tg\/wp-content\/uploads\/2023\/09\/WhatsApp-Image-2023-09-19-at-14.44.41-122x122.jpeg","contentUrl":"https:\/\/macite.tg\/wp-content\/uploads\/2023\/09\/WhatsApp-Image-2023-09-19-at-14.44.41-122x122.jpeg","caption":"Jean Pierre BAWELA"},"url":"https:\/\/macite.tg\/?author=2"}]}},"_links":{"self":[{"href":"https:\/\/macite.tg\/index.php?rest_route=\/wp\/v2\/posts\/22305","targetHints":{"allow":["GET"]}}],"collection":[{"href":"https:\/\/macite.tg\/index.php?rest_route=\/wp\/v2\/posts"}],"about":[{"href":"https:\/\/macite.tg\/index.php?rest_route=\/wp\/v2\/types\/post"}],"author":[{"embeddable":true,"href":"https:\/\/macite.tg\/index.php?rest_route=\/wp\/v2\/users\/2"}],"replies":[{"embeddable":true,"href":"https:\/\/macite.tg\/index.php?rest_route=%2Fwp%2Fv2%2Fcomments&post=22305"}],"version-history":[{"count":0,"href":"https:\/\/macite.tg\/index.php?rest_route=\/wp\/v2\/posts\/22305\/revisions"}],"wp:featuredmedia":[{"embeddable":true,"href":"https:\/\/macite.tg\/index.php?rest_route=\/wp\/v2\/media\/22306"}],"wp:attachment":[{"href":"https:\/\/macite.tg\/index.php?rest_route=%2Fwp%2Fv2%2Fmedia&parent=22305"}],"wp:term":[{"taxonomy":"category","embeddable":true,"href":"https:\/\/macite.tg\/index.php?rest_route=%2Fwp%2Fv2%2Fcategories&post=22305"},{"taxonomy":"post_tag","embeddable":true,"href":"https:\/\/macite.tg\/index.php?rest_route=%2Fwp%2Fv2%2Ftags&post=22305"}],"curies":[{"name":"wp","href":"https:\/\/api.w.org\/{rel}","templated":true}]}}