{"id":22302,"date":"2025-05-23T15:08:42","date_gmt":"2025-05-23T15:08:42","guid":{"rendered":"https:\/\/macite.tg\/?p=22302"},"modified":"2025-05-23T15:08:49","modified_gmt":"2025-05-23T15:08:49","slug":"sahara-marocain-la-slovaquie-reaffirme-son-soutien-au-plan-dautonomie-comme-base-pour-une-solution-definitive-sous-legide-des-nations-unies","status":"publish","type":"post","link":"https:\/\/macite.tg\/?p=22302","title":{"rendered":"SAHARA MAROCAIN : La Slovaquie r\u00e9affirme son soutien au Plan d\u2019autonomie comme\u00a0\u00ab\u00a0base pour une solution d\u00e9finitive\u00a0\u00bb, sous l\u2019\u00e9gide des Nations Unies"},"content":{"rendered":"\n<p class=\"wp-block-paragraph\"><strong><em>La nouvelle d\u00e9claration de la Slovaquie est intervenue hier jeudi 22 mai \u00e0 Rabat, au Maroc, lors d\u2019 une s\u00e9ance de travail entre le ministre des Affaires \u00e9trang\u00e8res, de la Coop\u00e9ration africaine et des Marocains r\u00e9sidant \u00e0 l\u2019\u00e9tranger, Nasser Bourita, et son homologue slovaque, Juraj Blan\u00e1r, ministre des Affaires \u00e9trang\u00e8res et europ\u00e9ennes.<\/em><\/strong><\/p>\n\n\n\n<p class=\"wp-block-paragraph\">En effet, dans la D\u00e9claration conjointe rendue public \u00e0 l\u2019issue de cette rencontre, la R\u00e9publique de Slovaquie a exprim\u00e9 sa position vis-\u00e0-vis de la question de la marocanit\u00e9 du Sahara. <em>\u00ab&nbsp;La Slovaquie reconna\u00eet l&rsquo;initiative marocaine, pr\u00e9sent\u00e9e au Secr\u00e9taire G\u00e9n\u00e9ral des Nations Unies le 11 avril 2007, comme base pour une solution d\u00e9finitive, sous l\u2019\u00e9gide des Nations Unies&nbsp;\u00bb,<\/em> de la question du Sahara marocain, souligne la D\u00e9claration.<\/p>\n\n\n<div class=\"wp-block-image\">\n<figure class=\"aligncenter size-full is-resized\"><img loading=\"lazy\" decoding=\"async\" width=\"690\" height=\"170\" src=\"https:\/\/macite.tg\/wp-content\/uploads\/2025\/05\/OTR_TVM-2.jpg\" alt=\"\" class=\"wp-image-22300\" style=\"width:840px;height:auto\" srcset=\"https:\/\/macite.tg\/wp-content\/uploads\/2025\/05\/OTR_TVM-2.jpg 690w, https:\/\/macite.tg\/wp-content\/uploads\/2025\/05\/OTR_TVM-2-300x74.jpg 300w\" sizes=\"auto, (max-width: 690px) 100vw, 690px\" \/><\/figure>\n<\/div>\n\n\n<p class=\"wp-block-paragraph\">Dans cette D\u00e9claration conjointe, la Slovaquie salue <em>\u00ab&nbsp;les efforts s\u00e9rieux et cr\u00e9dibles du Maroc pour faire avancer le processus politique vers une r\u00e9solution, et soutient une solution politique juste, durable et mutuellement acceptable, fond\u00e9e sur le compromis, en conformit\u00e9 avec les principes et buts de la Charte des Nations Unies, dans le cadre des r\u00e9solutions pertinentes du Conseil de s\u00e9curit\u00e9, y compris la r\u00e9solution S\/RES\/2756 du 31 octobre 2024&nbsp;\u00bb.<\/em><\/p>\n\n\n\n<p class=\"wp-block-paragraph\">Cette position r\u00e9affirm\u00e9e de la Slovaquie, s\u2019inscrit dans le cadre d\u2019une dynamique internationale cr\u00e9\u00e9e sous l\u2019impulsion de SM le Roi Mohammed VI, que Dieu Le glorifie, ceci en soutien \u00e0 la souverainet\u00e9 du Royaume du Maroc sur l\u2019ensemble de ses Provinces du Sud, et en appui au Plan marocain d&rsquo;autonomie pr\u00e9sent\u00e9e aux Nations Unies, en avril 2007.<\/p>\n\n\n<div class=\"wp-block-image\">\n<figure class=\"aligncenter size-full is-resized\"><img loading=\"lazy\" decoding=\"async\" width=\"500\" height=\"304\" src=\"https:\/\/macite.tg\/wp-content\/uploads\/2025\/05\/OTR_SAM-1.jpg\" alt=\"\" class=\"wp-image-22096\" style=\"width:679px;height:auto\" srcset=\"https:\/\/macite.tg\/wp-content\/uploads\/2025\/05\/OTR_SAM-1.jpg 500w, https:\/\/macite.tg\/wp-content\/uploads\/2025\/05\/OTR_SAM-1-300x182.jpg 300w\" sizes=\"auto, (max-width: 500px) 100vw, 500px\" \/><\/figure>\n<\/div>\n\n\n<p class=\"wp-block-paragraph\">Cette position slov\u00e8ne conforte ainsi le <em>\u00ab&nbsp;momentum croissant en faveur de la marocanit\u00e9 du Sahara et de l\u2019Initiative d\u2019autonomie, salu\u00e9e par la communaut\u00e9 internationale&nbsp;\u00bb.<\/em><\/p>\n\n\n\n<p class=\"wp-block-paragraph\"><strong>MC<\/strong><\/p>\n\n\n\n<p class=\"wp-block-paragraph\"><a><strong><em>@macite.tg&nbsp;&nbsp;&nbsp;&nbsp;&nbsp;&nbsp;&nbsp;&nbsp;<\/em><\/strong><\/a><\/p>\n\n\n\n<p class=\"wp-block-paragraph\"><strong><em>E-mail&nbsp;: <\/em><\/strong><a href=\"mailto:maciteinfo@gmail.com\"><strong><em>maciteinfo@gmail.com<\/em><\/strong><\/a><strong><em>; <\/em><\/strong><a href=\"mailto:bawela1@gmail.com\"><strong><em>bawela1@gmail.com<\/em><\/strong><\/a><strong><em><\/em><\/strong><\/p>\n\n\n\n<p class=\"wp-block-paragraph\"><strong><em>Pour vos annonces, (publi)reportages, etc., joignez-nous au (00228)91515309\/<strong>79872224 <\/strong>www.macite.tg, L\u2019information, la bonne&nbsp;!<\/em><\/strong><\/p>\n\n\n\n<p class=\"wp-block-paragraph\"><\/p>\n","protected":false},"excerpt":{"rendered":"<p class=\"text-justify mb-2\" >La nouvelle d\u00e9claration de la Slovaquie est intervenue hier jeudi 22 mai \u00e0 Rabat, au Maroc, lors d\u2019 une s\u00e9ance de travail entre le ministre des Affaires \u00e9trang\u00e8res, de la Coop\u00e9ration africaine et des Marocains r\u00e9sidant \u00e0 l\u2019\u00e9tranger, Nasser Bourita, et son homologue slovaque, Juraj [&hellip;]<\/p>\n","protected":false},"author":2,"featured_media":22303,"comment_status":"open","ping_status":"open","sticky":false,"template":"","format":"standard","meta":{"footnotes":""},"categories":[20,8],"tags":[],"class_list":["post-22302","post","type-post","status-publish","format-standard","has-post-thumbnail","hentry","category-actualite","category-diplomatie"],"yoast_head":"<!-- This site is optimized with the Yoast SEO plugin v28.4 - https:\/\/yoast.com\/product\/yoast-seo-wordpress\/ -->\n<title>SAHARA MAROCAIN : La Slovaquie r\u00e9affirme son soutien au Plan d\u2019autonomie comme\u00a0\u00ab\u00a0base pour une solution d\u00e9finitive\u00a0\u00bb, sous l\u2019\u00e9gide des Nations Unies -<\/title>\n<meta name=\"robots\" content=\"index, follow, max-snippet:-1, max-image-preview:large, max-video-preview:-1\" \/>\n<link rel=\"canonical\" href=\"https:\/\/macite.tg\/?p=22302\" \/>\n<meta property=\"og:locale\" content=\"fr_FR\" \/>\n<meta property=\"og:type\" content=\"article\" \/>\n<meta property=\"og:title\" content=\"SAHARA MAROCAIN : La Slovaquie r\u00e9affirme son soutien au Plan d\u2019autonomie comme\u00a0\u00ab\u00a0base pour une solution d\u00e9finitive\u00a0\u00bb, sous l\u2019\u00e9gide des Nations Unies -\" \/>\n<meta property=\"og:description\" content=\"La nouvelle d\u00e9claration de la Slovaquie est intervenue hier jeudi 22 mai \u00e0 Rabat, au Maroc, lors d\u2019 une s\u00e9ance de travail entre le ministre des Affaires \u00e9trang\u00e8res, de la Coop\u00e9ration africaine et des Marocains r\u00e9sidant \u00e0 l\u2019\u00e9tranger, Nasser Bourita, et son homologue slovaque, Juraj [&hellip;]\" \/>\n<meta property=\"og:url\" content=\"https:\/\/macite.tg\/?p=22302\" \/>\n<meta property=\"article:published_time\" content=\"2025-05-23T15:08:42+00:00\" \/>\n<meta property=\"article:modified_time\" content=\"2025-05-23T15:08:49+00:00\" \/>\n<meta property=\"og:image\" content=\"https:\/\/macite.tg\/wp-content\/uploads\/2025\/05\/image-80.png\" \/>\n\t<meta property=\"og:image:width\" content=\"450\" \/>\n\t<meta property=\"og:image:height\" content=\"266\" \/>\n\t<meta property=\"og:image:type\" content=\"image\/png\" \/>\n<meta name=\"author\" content=\"Jean Pierre BAWELA\" \/>\n<meta name=\"twitter:card\" content=\"summary_large_image\" \/>\n<meta name=\"twitter:label1\" content=\"\u00c9crit par\" \/>\n\t<meta name=\"twitter:data1\" content=\"Jean Pierre BAWELA\" \/>\n\t<meta name=\"twitter:label2\" content=\"Dur\u00e9e de lecture estim\u00e9e\" \/>\n\t<meta name=\"twitter:data2\" content=\"3 minutes\" \/>\n<script type=\"application\/ld+json\" class=\"yoast-schema-graph\">{\"@context\":\"https:\\\/\\\/schema.org\",\"@graph\":[{\"@type\":\"Article\",\"@id\":\"https:\\\/\\\/macite.tg\\\/?p=22302#article\",\"isPartOf\":{\"@id\":\"https:\\\/\\\/macite.tg\\\/?p=22302\"},\"author\":{\"name\":\"Jean Pierre BAWELA\",\"@id\":\"https:\\\/\\\/macite.tg\\\/#\\\/schema\\\/person\\\/e9f2de7e5dbbe7770a9402c7ce82f5c2\"},\"headline\":\"SAHARA MAROCAIN : La Slovaquie r\u00e9affirme son soutien au Plan d\u2019autonomie comme\u00a0\u00ab\u00a0base pour une solution d\u00e9finitive\u00a0\u00bb, sous l\u2019\u00e9gide des Nations Unies\",\"datePublished\":\"2025-05-23T15:08:42+00:00\",\"dateModified\":\"2025-05-23T15:08:49+00:00\",\"mainEntityOfPage\":{\"@id\":\"https:\\\/\\\/macite.tg\\\/?p=22302\"},\"wordCount\":370,\"commentCount\":0,\"image\":{\"@id\":\"https:\\\/\\\/macite.tg\\\/?p=22302#primaryimage\"},\"thumbnailUrl\":\"https:\\\/\\\/macite.tg\\\/wp-content\\\/uploads\\\/2025\\\/05\\\/image-80.png\",\"articleSection\":[\"ACTUALITE\",\"DIPLOMATIE\"],\"inLanguage\":\"fr-FR\",\"potentialAction\":[{\"@type\":\"CommentAction\",\"name\":\"Comment\",\"target\":[\"https:\\\/\\\/macite.tg\\\/?p=22302#respond\"]}]},{\"@type\":\"WebPage\",\"@id\":\"https:\\\/\\\/macite.tg\\\/?p=22302\",\"url\":\"https:\\\/\\\/macite.tg\\\/?p=22302\",\"name\":\"SAHARA MAROCAIN : La Slovaquie r\u00e9affirme son soutien au Plan d\u2019autonomie comme\u00a0\u00ab\u00a0base pour une solution d\u00e9finitive\u00a0\u00bb, sous l\u2019\u00e9gide des Nations Unies -\",\"isPartOf\":{\"@id\":\"https:\\\/\\\/macite.tg\\\/#website\"},\"primaryImageOfPage\":{\"@id\":\"https:\\\/\\\/macite.tg\\\/?p=22302#primaryimage\"},\"image\":{\"@id\":\"https:\\\/\\\/macite.tg\\\/?p=22302#primaryimage\"},\"thumbnailUrl\":\"https:\\\/\\\/macite.tg\\\/wp-content\\\/uploads\\\/2025\\\/05\\\/image-80.png\",\"datePublished\":\"2025-05-23T15:08:42+00:00\",\"dateModified\":\"2025-05-23T15:08:49+00:00\",\"author\":{\"@id\":\"https:\\\/\\\/macite.tg\\\/#\\\/schema\\\/person\\\/e9f2de7e5dbbe7770a9402c7ce82f5c2\"},\"breadcrumb\":{\"@id\":\"https:\\\/\\\/macite.tg\\\/?p=22302#breadcrumb\"},\"inLanguage\":\"fr-FR\",\"potentialAction\":[{\"@type\":\"ReadAction\",\"target\":[\"https:\\\/\\\/macite.tg\\\/?p=22302\"]}]},{\"@type\":\"ImageObject\",\"inLanguage\":\"fr-FR\",\"@id\":\"https:\\\/\\\/macite.tg\\\/?p=22302#primaryimage\",\"url\":\"https:\\\/\\\/macite.tg\\\/wp-content\\\/uploads\\\/2025\\\/05\\\/image-80.png\",\"contentUrl\":\"https:\\\/\\\/macite.tg\\\/wp-content\\\/uploads\\\/2025\\\/05\\\/image-80.png\",\"width\":450,\"height\":266},{\"@type\":\"BreadcrumbList\",\"@id\":\"https:\\\/\\\/macite.tg\\\/?p=22302#breadcrumb\",\"itemListElement\":[{\"@type\":\"ListItem\",\"position\":1,\"name\":\"Accueil\",\"item\":\"https:\\\/\\\/macite.tg\\\/\"},{\"@type\":\"ListItem\",\"position\":2,\"name\":\"SAHARA MAROCAIN : La Slovaquie r\u00e9affirme son soutien au Plan d\u2019autonomie comme\u00a0\u00ab\u00a0base pour une solution d\u00e9finitive\u00a0\u00bb, sous l\u2019\u00e9gide des Nations Unies\"}]},{\"@type\":\"WebSite\",\"@id\":\"https:\\\/\\\/macite.tg\\\/#website\",\"url\":\"https:\\\/\\\/macite.tg\\\/\",\"name\":\"\",\"description\":\"L&#039;information, la bonne!!!\",\"potentialAction\":[{\"@type\":\"SearchAction\",\"target\":{\"@type\":\"EntryPoint\",\"urlTemplate\":\"https:\\\/\\\/macite.tg\\\/?s={search_term_string}\"},\"query-input\":{\"@type\":\"PropertyValueSpecification\",\"valueRequired\":true,\"valueName\":\"search_term_string\"}}],\"inLanguage\":\"fr-FR\"},{\"@type\":\"Person\",\"@id\":\"https:\\\/\\\/macite.tg\\\/#\\\/schema\\\/person\\\/e9f2de7e5dbbe7770a9402c7ce82f5c2\",\"name\":\"Jean Pierre BAWELA\",\"image\":{\"@type\":\"ImageObject\",\"inLanguage\":\"fr-FR\",\"@id\":\"https:\\\/\\\/macite.tg\\\/wp-content\\\/uploads\\\/2023\\\/09\\\/WhatsApp-Image-2023-09-19-at-14.44.41-122x122.jpeg\",\"url\":\"https:\\\/\\\/macite.tg\\\/wp-content\\\/uploads\\\/2023\\\/09\\\/WhatsApp-Image-2023-09-19-at-14.44.41-122x122.jpeg\",\"contentUrl\":\"https:\\\/\\\/macite.tg\\\/wp-content\\\/uploads\\\/2023\\\/09\\\/WhatsApp-Image-2023-09-19-at-14.44.41-122x122.jpeg\",\"caption\":\"Jean Pierre BAWELA\"},\"url\":\"https:\\\/\\\/macite.tg\\\/?author=2\"}]}<\/script>\n<!-- \/ Yoast SEO plugin. -->","yoast_head_json":{"title":"SAHARA MAROCAIN : La Slovaquie r\u00e9affirme son soutien au Plan d\u2019autonomie comme\u00a0\u00ab\u00a0base pour une solution d\u00e9finitive\u00a0\u00bb, sous l\u2019\u00e9gide des Nations Unies -","robots":{"index":"index","follow":"follow","max-snippet":"max-snippet:-1","max-image-preview":"max-image-preview:large","max-video-preview":"max-video-preview:-1"},"canonical":"https:\/\/macite.tg\/?p=22302","og_locale":"fr_FR","og_type":"article","og_title":"SAHARA MAROCAIN : La Slovaquie r\u00e9affirme son soutien au Plan d\u2019autonomie comme\u00a0\u00ab\u00a0base pour une solution d\u00e9finitive\u00a0\u00bb, sous l\u2019\u00e9gide des Nations Unies -","og_description":"La nouvelle d\u00e9claration de la Slovaquie est intervenue hier jeudi 22 mai \u00e0 Rabat, au Maroc, lors d\u2019 une s\u00e9ance de travail entre le ministre des Affaires \u00e9trang\u00e8res, de la Coop\u00e9ration africaine et des Marocains r\u00e9sidant \u00e0 l\u2019\u00e9tranger, Nasser Bourita, et son homologue slovaque, Juraj [&hellip;]","og_url":"https:\/\/macite.tg\/?p=22302","article_published_time":"2025-05-23T15:08:42+00:00","article_modified_time":"2025-05-23T15:08:49+00:00","og_image":[{"width":450,"height":266,"url":"https:\/\/macite.tg\/wp-content\/uploads\/2025\/05\/image-80.png","type":"image\/png"}],"author":"Jean Pierre BAWELA","twitter_card":"summary_large_image","twitter_misc":{"\u00c9crit par":"Jean Pierre BAWELA","Dur\u00e9e de lecture estim\u00e9e":"3 minutes"},"schema":{"@context":"https:\/\/schema.org","@graph":[{"@type":"Article","@id":"https:\/\/macite.tg\/?p=22302#article","isPartOf":{"@id":"https:\/\/macite.tg\/?p=22302"},"author":{"name":"Jean Pierre BAWELA","@id":"https:\/\/macite.tg\/#\/schema\/person\/e9f2de7e5dbbe7770a9402c7ce82f5c2"},"headline":"SAHARA MAROCAIN : La Slovaquie r\u00e9affirme son soutien au Plan d\u2019autonomie comme\u00a0\u00ab\u00a0base pour une solution d\u00e9finitive\u00a0\u00bb, sous l\u2019\u00e9gide des Nations Unies","datePublished":"2025-05-23T15:08:42+00:00","dateModified":"2025-05-23T15:08:49+00:00","mainEntityOfPage":{"@id":"https:\/\/macite.tg\/?p=22302"},"wordCount":370,"commentCount":0,"image":{"@id":"https:\/\/macite.tg\/?p=22302#primaryimage"},"thumbnailUrl":"https:\/\/macite.tg\/wp-content\/uploads\/2025\/05\/image-80.png","articleSection":["ACTUALITE","DIPLOMATIE"],"inLanguage":"fr-FR","potentialAction":[{"@type":"CommentAction","name":"Comment","target":["https:\/\/macite.tg\/?p=22302#respond"]}]},{"@type":"WebPage","@id":"https:\/\/macite.tg\/?p=22302","url":"https:\/\/macite.tg\/?p=22302","name":"SAHARA MAROCAIN : La Slovaquie r\u00e9affirme son soutien au Plan d\u2019autonomie comme\u00a0\u00ab\u00a0base pour une solution d\u00e9finitive\u00a0\u00bb, sous l\u2019\u00e9gide des Nations Unies -","isPartOf":{"@id":"https:\/\/macite.tg\/#website"},"primaryImageOfPage":{"@id":"https:\/\/macite.tg\/?p=22302#primaryimage"},"image":{"@id":"https:\/\/macite.tg\/?p=22302#primaryimage"},"thumbnailUrl":"https:\/\/macite.tg\/wp-content\/uploads\/2025\/05\/image-80.png","datePublished":"2025-05-23T15:08:42+00:00","dateModified":"2025-05-23T15:08:49+00:00","author":{"@id":"https:\/\/macite.tg\/#\/schema\/person\/e9f2de7e5dbbe7770a9402c7ce82f5c2"},"breadcrumb":{"@id":"https:\/\/macite.tg\/?p=22302#breadcrumb"},"inLanguage":"fr-FR","potentialAction":[{"@type":"ReadAction","target":["https:\/\/macite.tg\/?p=22302"]}]},{"@type":"ImageObject","inLanguage":"fr-FR","@id":"https:\/\/macite.tg\/?p=22302#primaryimage","url":"https:\/\/macite.tg\/wp-content\/uploads\/2025\/05\/image-80.png","contentUrl":"https:\/\/macite.tg\/wp-content\/uploads\/2025\/05\/image-80.png","width":450,"height":266},{"@type":"BreadcrumbList","@id":"https:\/\/macite.tg\/?p=22302#breadcrumb","itemListElement":[{"@type":"ListItem","position":1,"name":"Accueil","item":"https:\/\/macite.tg\/"},{"@type":"ListItem","position":2,"name":"SAHARA MAROCAIN : La Slovaquie r\u00e9affirme son soutien au Plan d\u2019autonomie comme\u00a0\u00ab\u00a0base pour une solution d\u00e9finitive\u00a0\u00bb, sous l\u2019\u00e9gide des Nations Unies"}]},{"@type":"WebSite","@id":"https:\/\/macite.tg\/#website","url":"https:\/\/macite.tg\/","name":"","description":"L&#039;information, la bonne!!!","potentialAction":[{"@type":"SearchAction","target":{"@type":"EntryPoint","urlTemplate":"https:\/\/macite.tg\/?s={search_term_string}"},"query-input":{"@type":"PropertyValueSpecification","valueRequired":true,"valueName":"search_term_string"}}],"inLanguage":"fr-FR"},{"@type":"Person","@id":"https:\/\/macite.tg\/#\/schema\/person\/e9f2de7e5dbbe7770a9402c7ce82f5c2","name":"Jean Pierre BAWELA","image":{"@type":"ImageObject","inLanguage":"fr-FR","@id":"https:\/\/macite.tg\/wp-content\/uploads\/2023\/09\/WhatsApp-Image-2023-09-19-at-14.44.41-122x122.jpeg","url":"https:\/\/macite.tg\/wp-content\/uploads\/2023\/09\/WhatsApp-Image-2023-09-19-at-14.44.41-122x122.jpeg","contentUrl":"https:\/\/macite.tg\/wp-content\/uploads\/2023\/09\/WhatsApp-Image-2023-09-19-at-14.44.41-122x122.jpeg","caption":"Jean Pierre BAWELA"},"url":"https:\/\/macite.tg\/?author=2"}]}},"_links":{"self":[{"href":"https:\/\/macite.tg\/index.php?rest_route=\/wp\/v2\/posts\/22302","targetHints":{"allow":["GET"]}}],"collection":[{"href":"https:\/\/macite.tg\/index.php?rest_route=\/wp\/v2\/posts"}],"about":[{"href":"https:\/\/macite.tg\/index.php?rest_route=\/wp\/v2\/types\/post"}],"author":[{"embeddable":true,"href":"https:\/\/macite.tg\/index.php?rest_route=\/wp\/v2\/users\/2"}],"replies":[{"embeddable":true,"href":"https:\/\/macite.tg\/index.php?rest_route=%2Fwp%2Fv2%2Fcomments&post=22302"}],"version-history":[{"count":0,"href":"https:\/\/macite.tg\/index.php?rest_route=\/wp\/v2\/posts\/22302\/revisions"}],"wp:featuredmedia":[{"embeddable":true,"href":"https:\/\/macite.tg\/index.php?rest_route=\/wp\/v2\/media\/22303"}],"wp:attachment":[{"href":"https:\/\/macite.tg\/index.php?rest_route=%2Fwp%2Fv2%2Fmedia&parent=22302"}],"wp:term":[{"taxonomy":"category","embeddable":true,"href":"https:\/\/macite.tg\/index.php?rest_route=%2Fwp%2Fv2%2Fcategories&post=22302"},{"taxonomy":"post_tag","embeddable":true,"href":"https:\/\/macite.tg\/index.php?rest_route=%2Fwp%2Fv2%2Ftags&post=22302"}],"curies":[{"name":"wp","href":"https:\/\/api.w.org\/{rel}","templated":true}]}}