{"id":22160,"date":"2025-05-20T10:06:56","date_gmt":"2025-05-20T10:06:56","guid":{"rendered":"https:\/\/macite.tg\/?p=22160"},"modified":"2025-05-20T11:17:24","modified_gmt":"2025-05-20T11:17:24","slug":"rentree-scolaire-2025-2026-au-college-militaire-eyadema-recrutement-de-nouveau-eleves-pour-les-classes-de-6eme-et-2nd","status":"publish","type":"post","link":"https:\/\/macite.tg\/?p=22160","title":{"rendered":"RENTREE SCOLAIRE 2025-2026 AU COLLEGE MILITAIRE EYADEMA : Recrutement de nouveaux \u00e9l\u00e8ves pour les classes de 6\u00e8me et 2nd (Lire communiqu\u00e9)"},"content":{"rendered":"\n<p class=\"wp-block-paragraph\"><strong><em>Dans le cadre de la rentr\u00e9e scolaire 2025-2026, le minist\u00e8re des Arm\u00e9es vient de lancer un concours de recrutement de nouveaux \u00e9l\u00e8ves (de 6\u00e8me et Seconde), pour le compte du Coll\u00e8ge militaire Eyad\u00e9ma (CME).<\/em><\/strong><\/p>\n\n\n\n<p class=\"wp-block-paragraph\">Ledit concours est pr\u00e9vu se d\u00e9rouler, le mardi 15 juin prochain, simultan\u00e9ment dans les secteurs militaires (Lom\u00e9, T\u00e9m\u00e9dja, Sokod\u00e9, Kara, Dapaong) et au Groupement de Gendarmerie de Ts\u00e9vi\u00e9. Selon le minist\u00e8re des Arm\u00e9es, le concours est r\u00e9serv\u00e9 aux \u00ab&nbsp;<em>enfants de troupe de sexe masculin pour les classes de sixi\u00e8me (6\u00e8me) et de seconde (A, S, F2, F3)<\/em>&nbsp;\u00bb.<\/p>\n\n\n<div class=\"wp-block-image\">\n<figure class=\"aligncenter size-full\"><img loading=\"lazy\" decoding=\"async\" width=\"851\" height=\"315\" src=\"https:\/\/macite.tg\/wp-content\/uploads\/2025\/05\/OTR_Ferer-pour-batir-1-1.jpg\" alt=\"\" class=\"wp-image-22093\" srcset=\"https:\/\/macite.tg\/wp-content\/uploads\/2025\/05\/OTR_Ferer-pour-batir-1-1.jpg 851w, https:\/\/macite.tg\/wp-content\/uploads\/2025\/05\/OTR_Ferer-pour-batir-1-1-300x111.jpg 300w, https:\/\/macite.tg\/wp-content\/uploads\/2025\/05\/OTR_Ferer-pour-batir-1-1-768x284.jpg 768w\" sizes=\"auto, (max-width: 851px) 100vw, 851px\" \/><\/figure>\n<\/div>\n\n\n<p class=\"wp-block-paragraph\">Pour les classes de 6<sup>\u00e8me<\/sup>, les candidats doivent avoir entre 11 et 13 ans et avoir le CEPD avec au moins 112 points. Pour ce qui est de leurs a\u00een\u00e9s de la seconde, les candidats, \u00e2g\u00e9s de 16 ans au plus, doivent avoir le BEPC avec une moyenne minimale de 16\/20, et n\u2019avoir jamais fait l\u2019objet d\u2019une quelconque exclusion du Coll\u00e8ge militaire Eyadema (CME).<\/p>\n\n\n<div class=\"wp-block-image\">\n<figure class=\"aligncenter size-full is-resized\"><img loading=\"lazy\" decoding=\"async\" width=\"500\" height=\"304\" src=\"https:\/\/macite.tg\/wp-content\/uploads\/2025\/05\/OTR_SAM-1.jpg\" alt=\"\" class=\"wp-image-22096\" style=\"width:674px;height:auto\" srcset=\"https:\/\/macite.tg\/wp-content\/uploads\/2025\/05\/OTR_SAM-1.jpg 500w, https:\/\/macite.tg\/wp-content\/uploads\/2025\/05\/OTR_SAM-1-300x182.jpg 300w\" sizes=\"auto, (max-width: 500px) 100vw, 500px\" \/><\/figure>\n<\/div>\n\n\n<p class=\"wp-block-paragraph\">Les dossiers de candidatures (ici annex\u00e9) sont \u00e0 d\u00e9poser, du lundi 19 mai au vendredi 20 juin 2025, au Secr\u00e9tariat de la division formation de l\u2019Etat-major g\u00e9n\u00e9ral des Forces arm\u00e9es togolaises (FAT) \u00e0 Ago\u00e8-Nyiv\u00e9 (pour les candidats de Lom\u00e9), et dans les Gendarmerie des chefs-lieux des r\u00e9gions (pour les candidats de l\u2019int\u00e9rieur du pays).<\/p>\n\n\n\n<p class=\"wp-block-paragraph\">Voici le communiqu\u00e9 du minist\u00e8re des Arm\u00e9es:<\/p>\n\n\n\n<div data-wp-interactive=\"core\/file\" class=\"wp-block-file\"><object data-wp-bind--hidden=\"!state.hasPdfPreview\" hidden class=\"wp-block-file__embed\" data=\"https:\/\/macite.tg\/wp-content\/uploads\/2025\/05\/Communique-CME.pdf\" type=\"application\/pdf\" style=\"width:100%;height:600px\" aria-label=\"Contenu embarqu\u00e9 Communique\u0301-CME.\"><\/object><a id=\"wp-block-file--media-b1395350-50ad-4a10-9840-da2a8024b5e2\" href=\"https:\/\/macite.tg\/wp-content\/uploads\/2025\/05\/Communique-CME.pdf\">Communique\u0301-CME<\/a><a href=\"https:\/\/macite.tg\/wp-content\/uploads\/2025\/05\/Communique-CME.pdf\" class=\"wp-block-file__button wp-element-button\" download aria-describedby=\"wp-block-file--media-b1395350-50ad-4a10-9840-da2a8024b5e2\">T\u00e9l\u00e9charger<\/a><\/div>\n\n\n\n<p class=\"wp-block-paragraph\"><strong>Mab\u00e9 B.<\/strong><\/p>\n\n\n\n<p class=\"wp-block-paragraph\"><a><strong><em>@macite.tg&nbsp;&nbsp;&nbsp;&nbsp;&nbsp;&nbsp;&nbsp;&nbsp;<\/em><\/strong><\/a><\/p>\n\n\n\n<p class=\"wp-block-paragraph\"><strong><em>E-mail&nbsp;: <\/em><\/strong><a href=\"mailto:maciteinfo@gmail.com\"><strong><em>maciteinfo@gmail.com<\/em><\/strong><\/a><strong><em>; <\/em><\/strong><a href=\"mailto:bawela1@gmail.com\"><strong><em>bawela1@gmail.com<\/em><\/strong><\/a><strong><em><\/em><\/strong><\/p>\n\n\n\n<p class=\"wp-block-paragraph\"><strong><em>Pour vos annonces, (publi)reportages, etc., joignez-nous au (00228)91515309\/<\/em><\/strong><strong><em>79872224 <\/em><\/strong><strong><em>www.macite.tg, L\u2019information, la bonne&nbsp;!<\/em><\/strong><\/p>\n\n\n\n<p class=\"wp-block-paragraph\"><\/p>\n","protected":false},"excerpt":{"rendered":"<p class=\"text-justify mb-2\" >Dans le cadre de la rentr\u00e9e scolaire 2025-2026, le minist\u00e8re des Arm\u00e9es vient de lancer un concours de recrutement de nouveaux \u00e9l\u00e8ves (de 6\u00e8me et Seconde), pour le compte du Coll\u00e8ge militaire Eyad\u00e9ma (CME). Ledit concours est pr\u00e9vu se d\u00e9rouler, le mardi 15 juin prochain, [&hellip;]<\/p>\n","protected":false},"author":2,"featured_media":22161,"comment_status":"open","ping_status":"open","sticky":false,"template":"","format":"standard","meta":{"footnotes":""},"categories":[20,48],"tags":[],"class_list":["post-22160","post","type-post","status-publish","format-standard","has-post-thumbnail","hentry","category-actualite","category-formation"],"yoast_head":"<!-- This site is optimized with the Yoast SEO plugin v28.4 - https:\/\/yoast.com\/product\/yoast-seo-wordpress\/ -->\n<title>RENTREE SCOLAIRE 2025-2026 AU COLLEGE MILITAIRE EYADEMA : Recrutement de nouveaux \u00e9l\u00e8ves pour les classes de 6\u00e8me et 2nd (Lire communiqu\u00e9) -<\/title>\n<meta name=\"robots\" content=\"index, follow, max-snippet:-1, max-image-preview:large, max-video-preview:-1\" \/>\n<link rel=\"canonical\" href=\"https:\/\/macite.tg\/?p=22160\" \/>\n<meta property=\"og:locale\" content=\"fr_FR\" \/>\n<meta property=\"og:type\" content=\"article\" \/>\n<meta property=\"og:title\" content=\"RENTREE SCOLAIRE 2025-2026 AU COLLEGE MILITAIRE EYADEMA : Recrutement de nouveaux \u00e9l\u00e8ves pour les classes de 6\u00e8me et 2nd (Lire communiqu\u00e9) -\" \/>\n<meta property=\"og:description\" content=\"Dans le cadre de la rentr\u00e9e scolaire 2025-2026, le minist\u00e8re des Arm\u00e9es vient de lancer un concours de recrutement de nouveaux \u00e9l\u00e8ves (de 6\u00e8me et Seconde), pour le compte du Coll\u00e8ge militaire Eyad\u00e9ma (CME). Ledit concours est pr\u00e9vu se d\u00e9rouler, le mardi 15 juin prochain, [&hellip;]\" \/>\n<meta property=\"og:url\" content=\"https:\/\/macite.tg\/?p=22160\" \/>\n<meta property=\"article:published_time\" content=\"2025-05-20T10:06:56+00:00\" \/>\n<meta property=\"article:modified_time\" content=\"2025-05-20T11:17:24+00:00\" \/>\n<meta property=\"og:image\" content=\"https:\/\/macite.tg\/wp-content\/uploads\/2025\/05\/CME.jpg\" \/>\n\t<meta property=\"og:image:width\" content=\"500\" \/>\n\t<meta property=\"og:image:height\" content=\"333\" \/>\n\t<meta property=\"og:image:type\" content=\"image\/jpeg\" \/>\n<meta name=\"author\" content=\"Jean Pierre BAWELA\" \/>\n<meta name=\"twitter:card\" content=\"summary_large_image\" \/>\n<meta name=\"twitter:label1\" content=\"\u00c9crit par\" \/>\n\t<meta name=\"twitter:data1\" content=\"Jean Pierre BAWELA\" \/>\n\t<meta name=\"twitter:label2\" content=\"Dur\u00e9e de lecture estim\u00e9e\" \/>\n\t<meta name=\"twitter:data2\" content=\"2 minutes\" \/>\n<script type=\"application\/ld+json\" class=\"yoast-schema-graph\">{\"@context\":\"https:\\\/\\\/schema.org\",\"@graph\":[{\"@type\":\"Article\",\"@id\":\"https:\\\/\\\/macite.tg\\\/?p=22160#article\",\"isPartOf\":{\"@id\":\"https:\\\/\\\/macite.tg\\\/?p=22160\"},\"author\":{\"name\":\"Jean Pierre BAWELA\",\"@id\":\"https:\\\/\\\/macite.tg\\\/#\\\/schema\\\/person\\\/e9f2de7e5dbbe7770a9402c7ce82f5c2\"},\"headline\":\"RENTREE SCOLAIRE 2025-2026 AU COLLEGE MILITAIRE EYADEMA : Recrutement de nouveaux \u00e9l\u00e8ves pour les classes de 6\u00e8me et 2nd (Lire communiqu\u00e9)\",\"datePublished\":\"2025-05-20T10:06:56+00:00\",\"dateModified\":\"2025-05-20T11:17:24+00:00\",\"mainEntityOfPage\":{\"@id\":\"https:\\\/\\\/macite.tg\\\/?p=22160\"},\"wordCount\":304,\"commentCount\":0,\"image\":{\"@id\":\"https:\\\/\\\/macite.tg\\\/?p=22160#primaryimage\"},\"thumbnailUrl\":\"https:\\\/\\\/macite.tg\\\/wp-content\\\/uploads\\\/2025\\\/05\\\/CME.jpg\",\"articleSection\":[\"ACTUALITE\",\"FORMATION\"],\"inLanguage\":\"fr-FR\",\"potentialAction\":[{\"@type\":\"CommentAction\",\"name\":\"Comment\",\"target\":[\"https:\\\/\\\/macite.tg\\\/?p=22160#respond\"]}]},{\"@type\":\"WebPage\",\"@id\":\"https:\\\/\\\/macite.tg\\\/?p=22160\",\"url\":\"https:\\\/\\\/macite.tg\\\/?p=22160\",\"name\":\"RENTREE SCOLAIRE 2025-2026 AU COLLEGE MILITAIRE EYADEMA : Recrutement de nouveaux \u00e9l\u00e8ves pour les classes de 6\u00e8me et 2nd (Lire communiqu\u00e9) -\",\"isPartOf\":{\"@id\":\"https:\\\/\\\/macite.tg\\\/#website\"},\"primaryImageOfPage\":{\"@id\":\"https:\\\/\\\/macite.tg\\\/?p=22160#primaryimage\"},\"image\":{\"@id\":\"https:\\\/\\\/macite.tg\\\/?p=22160#primaryimage\"},\"thumbnailUrl\":\"https:\\\/\\\/macite.tg\\\/wp-content\\\/uploads\\\/2025\\\/05\\\/CME.jpg\",\"datePublished\":\"2025-05-20T10:06:56+00:00\",\"dateModified\":\"2025-05-20T11:17:24+00:00\",\"author\":{\"@id\":\"https:\\\/\\\/macite.tg\\\/#\\\/schema\\\/person\\\/e9f2de7e5dbbe7770a9402c7ce82f5c2\"},\"breadcrumb\":{\"@id\":\"https:\\\/\\\/macite.tg\\\/?p=22160#breadcrumb\"},\"inLanguage\":\"fr-FR\",\"potentialAction\":[{\"@type\":\"ReadAction\",\"target\":[\"https:\\\/\\\/macite.tg\\\/?p=22160\"]}]},{\"@type\":\"ImageObject\",\"inLanguage\":\"fr-FR\",\"@id\":\"https:\\\/\\\/macite.tg\\\/?p=22160#primaryimage\",\"url\":\"https:\\\/\\\/macite.tg\\\/wp-content\\\/uploads\\\/2025\\\/05\\\/CME.jpg\",\"contentUrl\":\"https:\\\/\\\/macite.tg\\\/wp-content\\\/uploads\\\/2025\\\/05\\\/CME.jpg\",\"width\":500,\"height\":333,\"caption\":\"Les enfants de troupes du CME\"},{\"@type\":\"BreadcrumbList\",\"@id\":\"https:\\\/\\\/macite.tg\\\/?p=22160#breadcrumb\",\"itemListElement\":[{\"@type\":\"ListItem\",\"position\":1,\"name\":\"Accueil\",\"item\":\"https:\\\/\\\/macite.tg\\\/\"},{\"@type\":\"ListItem\",\"position\":2,\"name\":\"RENTREE SCOLAIRE 2025-2026 AU COLLEGE MILITAIRE EYADEMA : Recrutement de nouveaux \u00e9l\u00e8ves pour les classes de 6\u00e8me et 2nd (Lire communiqu\u00e9)\"}]},{\"@type\":\"WebSite\",\"@id\":\"https:\\\/\\\/macite.tg\\\/#website\",\"url\":\"https:\\\/\\\/macite.tg\\\/\",\"name\":\"\",\"description\":\"L&#039;information, la bonne!!!\",\"potentialAction\":[{\"@type\":\"SearchAction\",\"target\":{\"@type\":\"EntryPoint\",\"urlTemplate\":\"https:\\\/\\\/macite.tg\\\/?s={search_term_string}\"},\"query-input\":{\"@type\":\"PropertyValueSpecification\",\"valueRequired\":true,\"valueName\":\"search_term_string\"}}],\"inLanguage\":\"fr-FR\"},{\"@type\":\"Person\",\"@id\":\"https:\\\/\\\/macite.tg\\\/#\\\/schema\\\/person\\\/e9f2de7e5dbbe7770a9402c7ce82f5c2\",\"name\":\"Jean Pierre BAWELA\",\"image\":{\"@type\":\"ImageObject\",\"inLanguage\":\"fr-FR\",\"@id\":\"https:\\\/\\\/macite.tg\\\/wp-content\\\/uploads\\\/2023\\\/09\\\/WhatsApp-Image-2023-09-19-at-14.44.41-122x122.jpeg\",\"url\":\"https:\\\/\\\/macite.tg\\\/wp-content\\\/uploads\\\/2023\\\/09\\\/WhatsApp-Image-2023-09-19-at-14.44.41-122x122.jpeg\",\"contentUrl\":\"https:\\\/\\\/macite.tg\\\/wp-content\\\/uploads\\\/2023\\\/09\\\/WhatsApp-Image-2023-09-19-at-14.44.41-122x122.jpeg\",\"caption\":\"Jean Pierre BAWELA\"},\"url\":\"https:\\\/\\\/macite.tg\\\/?author=2\"}]}<\/script>\n<!-- \/ Yoast SEO plugin. -->","yoast_head_json":{"title":"RENTREE SCOLAIRE 2025-2026 AU COLLEGE MILITAIRE EYADEMA : Recrutement de nouveaux \u00e9l\u00e8ves pour les classes de 6\u00e8me et 2nd (Lire communiqu\u00e9) -","robots":{"index":"index","follow":"follow","max-snippet":"max-snippet:-1","max-image-preview":"max-image-preview:large","max-video-preview":"max-video-preview:-1"},"canonical":"https:\/\/macite.tg\/?p=22160","og_locale":"fr_FR","og_type":"article","og_title":"RENTREE SCOLAIRE 2025-2026 AU COLLEGE MILITAIRE EYADEMA : Recrutement de nouveaux \u00e9l\u00e8ves pour les classes de 6\u00e8me et 2nd (Lire communiqu\u00e9) -","og_description":"Dans le cadre de la rentr\u00e9e scolaire 2025-2026, le minist\u00e8re des Arm\u00e9es vient de lancer un concours de recrutement de nouveaux \u00e9l\u00e8ves (de 6\u00e8me et Seconde), pour le compte du Coll\u00e8ge militaire Eyad\u00e9ma (CME). Ledit concours est pr\u00e9vu se d\u00e9rouler, le mardi 15 juin prochain, [&hellip;]","og_url":"https:\/\/macite.tg\/?p=22160","article_published_time":"2025-05-20T10:06:56+00:00","article_modified_time":"2025-05-20T11:17:24+00:00","og_image":[{"width":500,"height":333,"url":"https:\/\/macite.tg\/wp-content\/uploads\/2025\/05\/CME.jpg","type":"image\/jpeg"}],"author":"Jean Pierre BAWELA","twitter_card":"summary_large_image","twitter_misc":{"\u00c9crit par":"Jean Pierre BAWELA","Dur\u00e9e de lecture estim\u00e9e":"2 minutes"},"schema":{"@context":"https:\/\/schema.org","@graph":[{"@type":"Article","@id":"https:\/\/macite.tg\/?p=22160#article","isPartOf":{"@id":"https:\/\/macite.tg\/?p=22160"},"author":{"name":"Jean Pierre BAWELA","@id":"https:\/\/macite.tg\/#\/schema\/person\/e9f2de7e5dbbe7770a9402c7ce82f5c2"},"headline":"RENTREE SCOLAIRE 2025-2026 AU COLLEGE MILITAIRE EYADEMA : Recrutement de nouveaux \u00e9l\u00e8ves pour les classes de 6\u00e8me et 2nd (Lire communiqu\u00e9)","datePublished":"2025-05-20T10:06:56+00:00","dateModified":"2025-05-20T11:17:24+00:00","mainEntityOfPage":{"@id":"https:\/\/macite.tg\/?p=22160"},"wordCount":304,"commentCount":0,"image":{"@id":"https:\/\/macite.tg\/?p=22160#primaryimage"},"thumbnailUrl":"https:\/\/macite.tg\/wp-content\/uploads\/2025\/05\/CME.jpg","articleSection":["ACTUALITE","FORMATION"],"inLanguage":"fr-FR","potentialAction":[{"@type":"CommentAction","name":"Comment","target":["https:\/\/macite.tg\/?p=22160#respond"]}]},{"@type":"WebPage","@id":"https:\/\/macite.tg\/?p=22160","url":"https:\/\/macite.tg\/?p=22160","name":"RENTREE SCOLAIRE 2025-2026 AU COLLEGE MILITAIRE EYADEMA : Recrutement de nouveaux \u00e9l\u00e8ves pour les classes de 6\u00e8me et 2nd (Lire communiqu\u00e9) -","isPartOf":{"@id":"https:\/\/macite.tg\/#website"},"primaryImageOfPage":{"@id":"https:\/\/macite.tg\/?p=22160#primaryimage"},"image":{"@id":"https:\/\/macite.tg\/?p=22160#primaryimage"},"thumbnailUrl":"https:\/\/macite.tg\/wp-content\/uploads\/2025\/05\/CME.jpg","datePublished":"2025-05-20T10:06:56+00:00","dateModified":"2025-05-20T11:17:24+00:00","author":{"@id":"https:\/\/macite.tg\/#\/schema\/person\/e9f2de7e5dbbe7770a9402c7ce82f5c2"},"breadcrumb":{"@id":"https:\/\/macite.tg\/?p=22160#breadcrumb"},"inLanguage":"fr-FR","potentialAction":[{"@type":"ReadAction","target":["https:\/\/macite.tg\/?p=22160"]}]},{"@type":"ImageObject","inLanguage":"fr-FR","@id":"https:\/\/macite.tg\/?p=22160#primaryimage","url":"https:\/\/macite.tg\/wp-content\/uploads\/2025\/05\/CME.jpg","contentUrl":"https:\/\/macite.tg\/wp-content\/uploads\/2025\/05\/CME.jpg","width":500,"height":333,"caption":"Les enfants de troupes du CME"},{"@type":"BreadcrumbList","@id":"https:\/\/macite.tg\/?p=22160#breadcrumb","itemListElement":[{"@type":"ListItem","position":1,"name":"Accueil","item":"https:\/\/macite.tg\/"},{"@type":"ListItem","position":2,"name":"RENTREE SCOLAIRE 2025-2026 AU COLLEGE MILITAIRE EYADEMA : Recrutement de nouveaux \u00e9l\u00e8ves pour les classes de 6\u00e8me et 2nd (Lire communiqu\u00e9)"}]},{"@type":"WebSite","@id":"https:\/\/macite.tg\/#website","url":"https:\/\/macite.tg\/","name":"","description":"L&#039;information, la bonne!!!","potentialAction":[{"@type":"SearchAction","target":{"@type":"EntryPoint","urlTemplate":"https:\/\/macite.tg\/?s={search_term_string}"},"query-input":{"@type":"PropertyValueSpecification","valueRequired":true,"valueName":"search_term_string"}}],"inLanguage":"fr-FR"},{"@type":"Person","@id":"https:\/\/macite.tg\/#\/schema\/person\/e9f2de7e5dbbe7770a9402c7ce82f5c2","name":"Jean Pierre BAWELA","image":{"@type":"ImageObject","inLanguage":"fr-FR","@id":"https:\/\/macite.tg\/wp-content\/uploads\/2023\/09\/WhatsApp-Image-2023-09-19-at-14.44.41-122x122.jpeg","url":"https:\/\/macite.tg\/wp-content\/uploads\/2023\/09\/WhatsApp-Image-2023-09-19-at-14.44.41-122x122.jpeg","contentUrl":"https:\/\/macite.tg\/wp-content\/uploads\/2023\/09\/WhatsApp-Image-2023-09-19-at-14.44.41-122x122.jpeg","caption":"Jean Pierre BAWELA"},"url":"https:\/\/macite.tg\/?author=2"}]}},"_links":{"self":[{"href":"https:\/\/macite.tg\/index.php?rest_route=\/wp\/v2\/posts\/22160","targetHints":{"allow":["GET"]}}],"collection":[{"href":"https:\/\/macite.tg\/index.php?rest_route=\/wp\/v2\/posts"}],"about":[{"href":"https:\/\/macite.tg\/index.php?rest_route=\/wp\/v2\/types\/post"}],"author":[{"embeddable":true,"href":"https:\/\/macite.tg\/index.php?rest_route=\/wp\/v2\/users\/2"}],"replies":[{"embeddable":true,"href":"https:\/\/macite.tg\/index.php?rest_route=%2Fwp%2Fv2%2Fcomments&post=22160"}],"version-history":[{"count":0,"href":"https:\/\/macite.tg\/index.php?rest_route=\/wp\/v2\/posts\/22160\/revisions"}],"wp:featuredmedia":[{"embeddable":true,"href":"https:\/\/macite.tg\/index.php?rest_route=\/wp\/v2\/media\/22161"}],"wp:attachment":[{"href":"https:\/\/macite.tg\/index.php?rest_route=%2Fwp%2Fv2%2Fmedia&parent=22160"}],"wp:term":[{"taxonomy":"category","embeddable":true,"href":"https:\/\/macite.tg\/index.php?rest_route=%2Fwp%2Fv2%2Fcategories&post=22160"},{"taxonomy":"post_tag","embeddable":true,"href":"https:\/\/macite.tg\/index.php?rest_route=%2Fwp%2Fv2%2Ftags&post=22160"}],"curies":[{"name":"wp","href":"https:\/\/api.w.org\/{rel}","templated":true}]}}